{"id":135567,"date":"2021-02-19T21:13:08","date_gmt":"2021-02-20T00:13:08","guid":{"rendered":"https:\/\/experienciadevida.com.ar\/portalurbano\/?p=135567"},"modified":"2021-02-19T21:13:39","modified_gmt":"2021-02-20T00:13:39","slug":"a-raiz-de-la-rotura-involuntaria-de-un-cano-piden-hacer-uso-racional-del-agua","status":"publish","type":"post","link":"https:\/\/experienciadevida.com.ar\/portalurbano\/a-raiz-de-la-rotura-involuntaria-de-un-cano-piden-hacer-uso-racional-del-agua\/","title":{"rendered":"A ra\u00edz de la rotura involuntaria de un ca\u00f1o piden hacer uso racional del agua"},"content":{"rendered":"<p>A ra\u00edz de la rotura involuntaria de un ca\u00f1o piden hacer uso racional del agua. Trabajadores ajenos a Coopelectric que realizaban tareas en Av. Del Valle al 5200 da\u00f1aron de forma involuntaria una ca\u00f1er\u00eda de 200 mm perteneciente al Servicio de Obras Sanitarias, generando una p\u00e9rdida de gran caudal de agua en la v\u00eda p\u00fablica.<\/p>\n<p>Ante esta situaci\u00f3n, para poder realizar la reparaci\u00f3n correspondiente el personal de Coopelectric debi\u00f3 interrumpir el suministro de agua en Avda. Del Valle desde Santa Cruz hasta La Rioja.<\/p>\n<p>Por tal motivo, recomendamos a los vecinos del sector mencionado hacer un uso racional del agua para poder abastecerse con la reserva de su tanque domiciliario.<\/p>\n","protected":false},"excerpt":{"rendered":"<p>A ra\u00edz de la rotura involuntaria de un ca\u00f1o piden hacer uso racional del agua&#8230;.<\/p>\n","protected":false},"author":1,"featured_media":135568,"comment_status":"closed","ping_status":"closed","sticky":false,"template":"","format":"standard","meta":{"content-type":""},"categories":[27,51],"tags":[],"nelio_content":{"isAutoShareEnabled":false,"autoShareEndMode":"default","automationSources":{"useContentSentences":true,"useSocialTemplates":true,"useCustomSentences":false,"customSentences":[]},"followers":[1],"suggestedReferences":[],"includedReferences":[],"efiUrl":"","efiAlt":"","highlights":[]},"yoast_head":"<!-- This site is optimized with the Yoast SEO plugin v20.7 - https:\/\/yoast.com\/wordpress\/plugins\/seo\/ -->\n<title>A ra\u00edz de la rotura involuntaria de un ca\u00f1o piden hacer uso racional<\/title>\n<meta name=\"description\" content=\"A ra\u00edz de la rotura involuntaria de un ca\u00f1o piden hacer uso racional del agua, fue en la Avenida Del Valle al 5200 donde est\u00e1 el da\u00f1o.\" \/>\n<meta name=\"robots\" content=\"index, follow, max-snippet:-1, max-image-preview:large, max-video-preview:-1\" \/>\n<link rel=\"canonical\" href=\"https:\/\/experienciadevida.com.ar\/portalurbano\/a-raiz-de-la-rotura-involuntaria-de-un-cano-piden-hacer-uso-racional-del-agua\/\" \/>\n<meta property=\"og:locale\" content=\"es_ES\" \/>\n<meta property=\"og:type\" content=\"article\" \/>\n<meta property=\"og:title\" content=\"A ra\u00edz de la rotura involuntaria de un ca\u00f1o piden hacer uso racional\" \/>\n<meta property=\"og:description\" content=\"A ra\u00edz de la rotura involuntaria de un ca\u00f1o piden hacer uso racional del agua, fue en la Avenida Del Valle al 5200 donde est\u00e1 el da\u00f1o.\" \/>\n<meta property=\"og:url\" content=\"https:\/\/experienciadevida.com.ar\/portalurbano\/a-raiz-de-la-rotura-involuntaria-de-un-cano-piden-hacer-uso-racional-del-agua\/\" \/>\n<meta property=\"article:publisher\" content=\"https:\/\/www.facebook.com\/Portal-Urbano-171542830093757\/\" \/>\n<meta property=\"article:published_time\" content=\"2021-02-20T00:13:08+00:00\" \/>\n<meta property=\"article:modified_time\" content=\"2021-02-20T00:13:39+00:00\" \/>\n<meta property=\"og:image\" content=\"https:\/\/experienciadevida.com.ar\/portalurbano\/wp-content\/uploads\/2021\/02\/A-raiz-de-la-rotura.jpeg\" \/>\n\t<meta property=\"og:image:width\" content=\"765\" \/>\n\t<meta property=\"og:image:height\" content=\"546\" \/>\n\t<meta property=\"og:image:type\" content=\"image\/jpeg\" \/>\n<meta name=\"author\" content=\"admpu17wp\" \/>\n<meta name=\"twitter:card\" content=\"summary_large_image\" \/>\n<meta name=\"twitter:creator\" content=\"@portalurbanook\" \/>\n<meta name=\"twitter:site\" content=\"@portalurbanook\" \/>\n<meta name=\"twitter:label1\" content=\"Escrito por\" \/>\n\t<meta name=\"twitter:data1\" content=\"admpu17wp\" \/>\n\t<meta name=\"twitter:label2\" content=\"Tiempo de lectura\" \/>\n\t<meta name=\"twitter:data2\" content=\"1 minuto\" \/>\n<script type=\"application\/ld+json\" class=\"yoast-schema-graph\">{\"@context\":\"https:\/\/schema.org\",\"@graph\":[{\"@type\":\"Article\",\"@id\":\"https:\/\/experienciadevida.com.ar\/portalurbano\/a-raiz-de-la-rotura-involuntaria-de-un-cano-piden-hacer-uso-racional-del-agua\/#article\",\"isPartOf\":{\"@id\":\"https:\/\/experienciadevida.com.ar\/portalurbano\/a-raiz-de-la-rotura-involuntaria-de-un-cano-piden-hacer-uso-racional-del-agua\/\"},\"author\":{\"name\":\"admpu17wp\",\"@id\":\"https:\/\/experienciadevida.com.ar\/portalurbano\/#\/schema\/person\/02dd326b1c4b056e9cc972486934a3a7\"},\"headline\":\"A ra\u00edz de la rotura involuntaria de un ca\u00f1o piden hacer uso racional del agua\",\"datePublished\":\"2021-02-20T00:13:08+00:00\",\"dateModified\":\"2021-02-20T00:13:39+00:00\",\"mainEntityOfPage\":{\"@id\":\"https:\/\/experienciadevida.com.ar\/portalurbano\/a-raiz-de-la-rotura-involuntaria-de-un-cano-piden-hacer-uso-racional-del-agua\/\"},\"wordCount\":135,\"publisher\":{\"@id\":\"https:\/\/experienciadevida.com.ar\/portalurbano\/#organization\"},\"articleSection\":[\"Ciudad\",\"Destacadas\"],\"inLanguage\":\"es\"},{\"@type\":\"WebPage\",\"@id\":\"https:\/\/experienciadevida.com.ar\/portalurbano\/a-raiz-de-la-rotura-involuntaria-de-un-cano-piden-hacer-uso-racional-del-agua\/\",\"url\":\"https:\/\/experienciadevida.com.ar\/portalurbano\/a-raiz-de-la-rotura-involuntaria-de-un-cano-piden-hacer-uso-racional-del-agua\/\",\"name\":\"A ra\u00edz de la rotura involuntaria de un ca\u00f1o piden hacer uso racional\",\"isPartOf\":{\"@id\":\"https:\/\/experienciadevida.com.ar\/portalurbano\/#website\"},\"datePublished\":\"2021-02-20T00:13:08+00:00\",\"dateModified\":\"2021-02-20T00:13:39+00:00\",\"description\":\"A ra\u00edz de la rotura involuntaria de un ca\u00f1o piden hacer uso racional del agua, fue en la Avenida Del Valle al 5200 donde est\u00e1 el da\u00f1o.\",\"breadcrumb\":{\"@id\":\"https:\/\/experienciadevida.com.ar\/portalurbano\/a-raiz-de-la-rotura-involuntaria-de-un-cano-piden-hacer-uso-racional-del-agua\/#breadcrumb\"},\"inLanguage\":\"es\",\"potentialAction\":[{\"@type\":\"ReadAction\",\"target\":[\"https:\/\/experienciadevida.com.ar\/portalurbano\/a-raiz-de-la-rotura-involuntaria-de-un-cano-piden-hacer-uso-racional-del-agua\/\"]}]},{\"@type\":\"BreadcrumbList\",\"@id\":\"https:\/\/experienciadevida.com.ar\/portalurbano\/a-raiz-de-la-rotura-involuntaria-de-un-cano-piden-hacer-uso-racional-del-agua\/#breadcrumb\",\"itemListElement\":[{\"@type\":\"ListItem\",\"position\":1,\"name\":\"Portada\",\"item\":\"https:\/\/experienciadevida.com.ar\/portalurbano\/\"},{\"@type\":\"ListItem\",\"position\":2,\"name\":\"A ra\u00edz de la rotura involuntaria de un ca\u00f1o piden hacer uso racional del agua\"}]},{\"@type\":\"WebSite\",\"@id\":\"https:\/\/experienciadevida.com.ar\/portalurbano\/#website\",\"url\":\"https:\/\/experienciadevida.com.ar\/portalurbano\/\",\"name\":\"\",\"description\":\"\",\"publisher\":{\"@id\":\"https:\/\/experienciadevida.com.ar\/portalurbano\/#organization\"},\"potentialAction\":[{\"@type\":\"SearchAction\",\"target\":{\"@type\":\"EntryPoint\",\"urlTemplate\":\"https:\/\/experienciadevida.com.ar\/portalurbano\/?s={search_term_string}\"},\"query-input\":\"required name=search_term_string\"}],\"inLanguage\":\"es\"},{\"@type\":\"Organization\",\"@id\":\"https:\/\/experienciadevida.com.ar\/portalurbano\/#organization\",\"name\":\"Portal Urbano\",\"url\":\"https:\/\/experienciadevida.com.ar\/portalurbano\/\",\"logo\":{\"@type\":\"ImageObject\",\"inLanguage\":\"es\",\"@id\":\"https:\/\/experienciadevida.com.ar\/portalurbano\/#\/schema\/logo\/image\/\",\"url\":\"https:\/\/experienciadevida.com.ar\/portalurbano\/wp-content\/uploads\/2019\/09\/Logo-Original.png\",\"contentUrl\":\"https:\/\/experienciadevida.com.ar\/portalurbano\/wp-content\/uploads\/2019\/09\/Logo-Original.png\",\"width\":2236,\"height\":1216,\"caption\":\"Portal Urbano\"},\"image\":{\"@id\":\"https:\/\/experienciadevida.com.ar\/portalurbano\/#\/schema\/logo\/image\/\"},\"sameAs\":[\"https:\/\/www.facebook.com\/Portal-Urbano-171542830093757\/\",\"https:\/\/twitter.com\/portalurbanook\",\"https:\/\/www.instagram.com\/_portalurbano\/\",\"https:\/\/www.youtube.com\/channel\/UCXhagIfszH8KxFiOok79zbA?view_as=subscriber\"]},{\"@type\":\"Person\",\"@id\":\"https:\/\/experienciadevida.com.ar\/portalurbano\/#\/schema\/person\/02dd326b1c4b056e9cc972486934a3a7\",\"name\":\"admpu17wp\",\"image\":{\"@type\":\"ImageObject\",\"inLanguage\":\"es\",\"@id\":\"https:\/\/experienciadevida.com.ar\/portalurbano\/#\/schema\/person\/image\/\",\"url\":\"https:\/\/secure.gravatar.com\/avatar\/830d4c57adaae6630765e449a6908047?s=96&d=mm&r=g\",\"contentUrl\":\"https:\/\/secure.gravatar.com\/avatar\/830d4c57adaae6630765e449a6908047?s=96&d=mm&r=g\",\"caption\":\"admpu17wp\"}}]}<\/script>\n<!-- \/ Yoast SEO plugin. -->","yoast_head_json":{"title":"A ra\u00edz de la rotura involuntaria de un ca\u00f1o piden hacer uso racional","description":"A ra\u00edz de la rotura involuntaria de un ca\u00f1o piden hacer uso racional del agua, fue en la Avenida Del Valle al 5200 donde est\u00e1 el da\u00f1o.","robots":{"index":"index","follow":"follow","max-snippet":"max-snippet:-1","max-image-preview":"max-image-preview:large","max-video-preview":"max-video-preview:-1"},"canonical":"https:\/\/experienciadevida.com.ar\/portalurbano\/a-raiz-de-la-rotura-involuntaria-de-un-cano-piden-hacer-uso-racional-del-agua\/","og_locale":"es_ES","og_type":"article","og_title":"A ra\u00edz de la rotura involuntaria de un ca\u00f1o piden hacer uso racional","og_description":"A ra\u00edz de la rotura involuntaria de un ca\u00f1o piden hacer uso racional del agua, fue en la Avenida Del Valle al 5200 donde est\u00e1 el da\u00f1o.","og_url":"https:\/\/experienciadevida.com.ar\/portalurbano\/a-raiz-de-la-rotura-involuntaria-de-un-cano-piden-hacer-uso-racional-del-agua\/","article_publisher":"https:\/\/www.facebook.com\/Portal-Urbano-171542830093757\/","article_published_time":"2021-02-20T00:13:08+00:00","article_modified_time":"2021-02-20T00:13:39+00:00","og_image":[{"width":765,"height":546,"url":"https:\/\/experienciadevida.com.ar\/portalurbano\/wp-content\/uploads\/2021\/02\/A-raiz-de-la-rotura.jpeg","type":"image\/jpeg"}],"author":"admpu17wp","twitter_card":"summary_large_image","twitter_creator":"@portalurbanook","twitter_site":"@portalurbanook","twitter_misc":{"Escrito por":"admpu17wp","Tiempo de lectura":"1 minuto"},"schema":{"@context":"https:\/\/schema.org","@graph":[{"@type":"Article","@id":"https:\/\/experienciadevida.com.ar\/portalurbano\/a-raiz-de-la-rotura-involuntaria-de-un-cano-piden-hacer-uso-racional-del-agua\/#article","isPartOf":{"@id":"https:\/\/experienciadevida.com.ar\/portalurbano\/a-raiz-de-la-rotura-involuntaria-de-un-cano-piden-hacer-uso-racional-del-agua\/"},"author":{"name":"admpu17wp","@id":"https:\/\/experienciadevida.com.ar\/portalurbano\/#\/schema\/person\/02dd326b1c4b056e9cc972486934a3a7"},"headline":"A ra\u00edz de la rotura involuntaria de un ca\u00f1o piden hacer uso racional del agua","datePublished":"2021-02-20T00:13:08+00:00","dateModified":"2021-02-20T00:13:39+00:00","mainEntityOfPage":{"@id":"https:\/\/experienciadevida.com.ar\/portalurbano\/a-raiz-de-la-rotura-involuntaria-de-un-cano-piden-hacer-uso-racional-del-agua\/"},"wordCount":135,"publisher":{"@id":"https:\/\/experienciadevida.com.ar\/portalurbano\/#organization"},"articleSection":["Ciudad","Destacadas"],"inLanguage":"es"},{"@type":"WebPage","@id":"https:\/\/experienciadevida.com.ar\/portalurbano\/a-raiz-de-la-rotura-involuntaria-de-un-cano-piden-hacer-uso-racional-del-agua\/","url":"https:\/\/experienciadevida.com.ar\/portalurbano\/a-raiz-de-la-rotura-involuntaria-de-un-cano-piden-hacer-uso-racional-del-agua\/","name":"A ra\u00edz de la rotura involuntaria de un ca\u00f1o piden hacer uso racional","isPartOf":{"@id":"https:\/\/experienciadevida.com.ar\/portalurbano\/#website"},"datePublished":"2021-02-20T00:13:08+00:00","dateModified":"2021-02-20T00:13:39+00:00","description":"A ra\u00edz de la rotura involuntaria de un ca\u00f1o piden hacer uso racional del agua, fue en la Avenida Del Valle al 5200 donde est\u00e1 el da\u00f1o.","breadcrumb":{"@id":"https:\/\/experienciadevida.com.ar\/portalurbano\/a-raiz-de-la-rotura-involuntaria-de-un-cano-piden-hacer-uso-racional-del-agua\/#breadcrumb"},"inLanguage":"es","potentialAction":[{"@type":"ReadAction","target":["https:\/\/experienciadevida.com.ar\/portalurbano\/a-raiz-de-la-rotura-involuntaria-de-un-cano-piden-hacer-uso-racional-del-agua\/"]}]},{"@type":"BreadcrumbList","@id":"https:\/\/experienciadevida.com.ar\/portalurbano\/a-raiz-de-la-rotura-involuntaria-de-un-cano-piden-hacer-uso-racional-del-agua\/#breadcrumb","itemListElement":[{"@type":"ListItem","position":1,"name":"Portada","item":"https:\/\/experienciadevida.com.ar\/portalurbano\/"},{"@type":"ListItem","position":2,"name":"A ra\u00edz de la rotura involuntaria de un ca\u00f1o piden hacer uso racional del agua"}]},{"@type":"WebSite","@id":"https:\/\/experienciadevida.com.ar\/portalurbano\/#website","url":"https:\/\/experienciadevida.com.ar\/portalurbano\/","name":"","description":"","publisher":{"@id":"https:\/\/experienciadevida.com.ar\/portalurbano\/#organization"},"potentialAction":[{"@type":"SearchAction","target":{"@type":"EntryPoint","urlTemplate":"https:\/\/experienciadevida.com.ar\/portalurbano\/?s={search_term_string}"},"query-input":"required name=search_term_string"}],"inLanguage":"es"},{"@type":"Organization","@id":"https:\/\/experienciadevida.com.ar\/portalurbano\/#organization","name":"Portal Urbano","url":"https:\/\/experienciadevida.com.ar\/portalurbano\/","logo":{"@type":"ImageObject","inLanguage":"es","@id":"https:\/\/experienciadevida.com.ar\/portalurbano\/#\/schema\/logo\/image\/","url":"https:\/\/experienciadevida.com.ar\/portalurbano\/wp-content\/uploads\/2019\/09\/Logo-Original.png","contentUrl":"https:\/\/experienciadevida.com.ar\/portalurbano\/wp-content\/uploads\/2019\/09\/Logo-Original.png","width":2236,"height":1216,"caption":"Portal Urbano"},"image":{"@id":"https:\/\/experienciadevida.com.ar\/portalurbano\/#\/schema\/logo\/image\/"},"sameAs":["https:\/\/www.facebook.com\/Portal-Urbano-171542830093757\/","https:\/\/twitter.com\/portalurbanook","https:\/\/www.instagram.com\/_portalurbano\/","https:\/\/www.youtube.com\/channel\/UCXhagIfszH8KxFiOok79zbA?view_as=subscriber"]},{"@type":"Person","@id":"https:\/\/experienciadevida.com.ar\/portalurbano\/#\/schema\/person\/02dd326b1c4b056e9cc972486934a3a7","name":"admpu17wp","image":{"@type":"ImageObject","inLanguage":"es","@id":"https:\/\/experienciadevida.com.ar\/portalurbano\/#\/schema\/person\/image\/","url":"https:\/\/secure.gravatar.com\/avatar\/830d4c57adaae6630765e449a6908047?s=96&d=mm&r=g","contentUrl":"https:\/\/secure.gravatar.com\/avatar\/830d4c57adaae6630765e449a6908047?s=96&d=mm&r=g","caption":"admpu17wp"}}]}},"featured_image_urls":{"full":["https:\/\/experienciadevida.com.ar\/portalurbano\/wp-content\/uploads\/2021\/02\/A-raiz-de-la-rotura.jpeg",765,546,false],"thumbnail":["https:\/\/experienciadevida.com.ar\/portalurbano\/wp-content\/uploads\/2021\/02\/A-raiz-de-la-rotura-150x150.jpeg",150,150,true],"medium":["https:\/\/experienciadevida.com.ar\/portalurbano\/wp-content\/uploads\/2021\/02\/A-raiz-de-la-rotura-300x214.jpeg",300,214,true],"medium_large":["https:\/\/experienciadevida.com.ar\/portalurbano\/wp-content\/uploads\/2021\/02\/A-raiz-de-la-rotura.jpeg",640,457,false],"large":["https:\/\/experienciadevida.com.ar\/portalurbano\/wp-content\/uploads\/2021\/02\/A-raiz-de-la-rotura.jpeg",640,457,false],"ug_big":["https:\/\/experienciadevida.com.ar\/portalurbano\/wp-content\/uploads\/2021\/02\/A-raiz-de-la-rotura.jpeg",765,546,false],"1536x1536":["https:\/\/experienciadevida.com.ar\/portalurbano\/wp-content\/uploads\/2021\/02\/A-raiz-de-la-rotura.jpeg",765,546,false],"2048x2048":["https:\/\/experienciadevida.com.ar\/portalurbano\/wp-content\/uploads\/2021\/02\/A-raiz-de-la-rotura.jpeg",765,546,false],"newsever-slider-full":["https:\/\/experienciadevida.com.ar\/portalurbano\/wp-content\/uploads\/2021\/02\/A-raiz-de-la-rotura.jpeg",765,546,false],"newsever-featured":["https:\/\/experienciadevida.com.ar\/portalurbano\/wp-content\/uploads\/2021\/02\/A-raiz-de-la-rotura.jpeg",765,546,false],"newsever-medium":["https:\/\/experienciadevida.com.ar\/portalurbano\/wp-content\/uploads\/2021\/02\/A-raiz-de-la-rotura.jpeg",666,475,false],"web-stories-poster-portrait":["https:\/\/experienciadevida.com.ar\/portalurbano\/wp-content\/uploads\/2021\/02\/A-raiz-de-la-rotura.jpeg",640,457,false],"web-stories-publisher-logo":["https:\/\/experienciadevida.com.ar\/portalurbano\/wp-content\/uploads\/2021\/02\/A-raiz-de-la-rotura.jpeg",96,69,false],"web-stories-thumbnail":["https:\/\/experienciadevida.com.ar\/portalurbano\/wp-content\/uploads\/2021\/02\/A-raiz-de-la-rotura.jpeg",150,107,false]},"author_info":{"display_name":"admpu17wp","author_link":"https:\/\/experienciadevida.com.ar\/portalurbano\/author\/admpu17wp\/"},"category_info":"<a href=\"https:\/\/experienciadevida.com.ar\/portalurbano\/category\/ciudad\/\" rel=\"category tag\">Ciudad<\/a> <a href=\"https:\/\/experienciadevida.com.ar\/portalurbano\/category\/destacadas\/\" rel=\"category tag\">Destacadas<\/a>","tag_info":"Destacadas","comment_count":"0","amp_enabled":true,"_links":{"self":[{"href":"https:\/\/experienciadevida.com.ar\/portalurbano\/wp-json\/wp\/v2\/posts\/135567"}],"collection":[{"href":"https:\/\/experienciadevida.com.ar\/portalurbano\/wp-json\/wp\/v2\/posts"}],"about":[{"href":"https:\/\/experienciadevida.com.ar\/portalurbano\/wp-json\/wp\/v2\/types\/post"}],"author":[{"embeddable":true,"href":"https:\/\/experienciadevida.com.ar\/portalurbano\/wp-json\/wp\/v2\/users\/1"}],"replies":[{"embeddable":true,"href":"https:\/\/experienciadevida.com.ar\/portalurbano\/wp-json\/wp\/v2\/comments?post=135567"}],"version-history":[{"count":2,"href":"https:\/\/experienciadevida.com.ar\/portalurbano\/wp-json\/wp\/v2\/posts\/135567\/revisions"}],"predecessor-version":[{"id":135570,"href":"https:\/\/experienciadevida.com.ar\/portalurbano\/wp-json\/wp\/v2\/posts\/135567\/revisions\/135570"}],"wp:featuredmedia":[{"embeddable":true,"href":"https:\/\/experienciadevida.com.ar\/portalurbano\/wp-json\/wp\/v2\/media\/135568"}],"wp:attachment":[{"href":"https:\/\/experienciadevida.com.ar\/portalurbano\/wp-json\/wp\/v2\/media?parent=135567"}],"wp:term":[{"taxonomy":"category","embeddable":true,"href":"https:\/\/experienciadevida.com.ar\/portalurbano\/wp-json\/wp\/v2\/categories?post=135567"},{"taxonomy":"post_tag","embeddable":true,"href":"https:\/\/experienciadevida.com.ar\/portalurbano\/wp-json\/wp\/v2\/tags?post=135567"}],"curies":[{"name":"wp","href":"https:\/\/api.w.org\/{rel}","templated":true}]}}