{"id":135541,"date":"2021-02-19T16:19:29","date_gmt":"2021-02-19T19:19:29","guid":{"rendered":"https:\/\/experienciadevida.com.ar\/portalurbano\/?p=135541"},"modified":"2021-02-19T16:20:08","modified_gmt":"2021-02-19T19:20:08","slug":"alquileres-agentes-inmobiliarios-advierten-que-subiran-los-precios-por-registrar-los-contratos","status":"publish","type":"post","link":"https:\/\/experienciadevida.com.ar\/portalurbano\/alquileres-agentes-inmobiliarios-advierten-que-subiran-los-precios-por-registrar-los-contratos\/","title":{"rendered":"Alquileres: agentes inmobiliarios advierten que subir\u00e1n los precios por registrar los contratos"},"content":{"rendered":"<p>Alquileres: agentes inmobiliarios advierten que subir\u00e1n los precios por registrar los contratos. Sostienen que aumentar\u00e1n los costos y que eso impactar\u00e1 en el bolsillo de los inquilinos, al tiempo que consideran en las localidades costeras terminar\u00e1 por afectar al turismo.<\/p>\n<p>La implementaci\u00f3n del nuevo registro para los alquileres que reglament\u00f3 la AFIP impactar\u00e1 en los precios, seg\u00fan advierten los empresarios del rubro inmobiliario, disconformes con la medida.<\/p>\n<p>Si bien la obligatoriedad de registrar los contratos ya exist\u00eda desde hace unos a\u00f1os, la nueva reglamentaci\u00f3n que surgi\u00f3 a partir de la sanci\u00f3n de la Ley de Alquileres (27.551) en julio del a\u00f1o pasado, puso de relieve nuevamente esta pol\u00e9mica.<\/p>\n<p>Agentes inmobiliarios advierten que subir\u00e1n los precios de los alquileres, aseguran que la rentabilidad que obtienen los propietarios \u201ces la m\u00e1s baja de la historia\u201d y que los nuevos requisitos terminar\u00e1n por desincentivar que mantengan sus inmuebles en el mercado del alquiler por lo que habr\u00e1 tambi\u00e9n una ca\u00edda de la oferta.<\/p>\n<p>\u201cVan a aumentar los alquileres por el traslado del costo al precio\u201d, asegur\u00f3 por su parte el presidente del Colegio de Martilleros de Mar del Plata, Miguel Angel Donsini, y record\u00f3 que \u201csiempre hubo que declarar los contratos\u201d.<\/p>\n<p>Cabe se\u00f1alar que el r\u00e9gimen de registraci\u00f3n de contratos de locaci\u00f3n de inmuebles entrar\u00e1 en vigencia a partir del 1 de marzo pr\u00f3ximo. Y que con la nueva disposici\u00f3n tambi\u00e9n quedaron incluidos los registros de los contratos por alquileres temporarios.<\/p>\n<p>Agentes inmobiliarios mencionan que &#8220;Ah\u00ed se afecta a la zona tur\u00edstica\u201d, se\u00f1al\u00f3 Donsini y adelant\u00f3 que existe \u201cincertidumbre\u201d sobre lo que puede llegar a ocurrir en Semana Santa, que comienza el pr\u00f3ximo 1 de abril, un mes despu\u00e9s del comienzo de la nueva disposici\u00f3n gubernamental.<\/p>\n<p>\u201cSi la oferta es amplia no pasa nada, pero si es escasa como est\u00e1 pasando ahora, en parte por el DNU que propone pr\u00f3rrogas desde marzo y suspende desalojos, afectar\u00e1 el marcado\u201d, explic\u00f3 Donsini.<\/p>\n<p>Pese a la preocupaci\u00f3n de los operadores inmobiliarios, algunos economistas consideran que el aumento ya fue traslado a los alquileres \u201cpor reacci\u00f3n anticipada\u201d tras la aprobaci\u00f3n de la Ley, cuando terminaron subiendo el doble que la inflaci\u00f3n. Seg\u00fan Zonaprop, los alquileres subieron 62% durante el 2020.<\/p>\n<p>\u00bfQu\u00e9 pasa con el congelamiento?<\/p>\n<p>El Colegio de Martilleros y Corredores P\u00fablicos bonaerense dio a conocer en los \u00faltimos d\u00edas un plan para \u201cnormalizar\u201d el precio de los alquileres, que incluye un \u201cdescongelamiento con aumentos escalonados y negociaciones caso por caso con los inquilinos\u201d.<\/p>\n<p>La propuesta est\u00e1 vinculada a la extensi\u00f3n del decreto que congel\u00f3 los precios de los alquileres y proh\u00edbe los desalojos. La \u00faltima pr\u00f3rroga de estas medidas fue pautada para el pr\u00f3ximo 31 de marzo.<\/p>\n<p>Seg\u00fan inform\u00f3 la entidad colegiada, la iniciativa denominada \u201cPropuesta de Convergencia Locativa\u201d propone que excepcionalmente se fijen pautas a fin de acordar una posible adecuaci\u00f3n contractual, convenida previamente sobre la base de las condiciones que han impactado particularmente por la pandemia de coronavirus.<\/p>\n<p>Agentes inmobiliarios advierten que la propuesta basada en el principio del esfuerzo compartido, destaca que \u201cno significa necesariamente porcentajes iguales, sino, reparto de cargas de acuerdo con las posibilidades de cada una de las partes\u201d.<\/p>\n<p>Los martilleros bonaerenses propusieron que, por \u00fanica vez, \u201clas partes podr\u00e1n acordar escalonar el aumento en dos tramos, el primero al formalizar el contrato y el segundo a los seis meses\u201d.<\/p>\n<p>Por otra parte, en el caso de que existieran divergencias en la determinaci\u00f3n del valor del alquiler en las renovaciones de contratos, los martilleros propusieron requerir una tasaci\u00f3n practicada por un matriculado, elegido en com\u00fan acuerdo por ambas partes.<\/p>\n<p>Asimismo, la entidad advirti\u00f3 que \u201ccuanto m\u00e1s se extiende la pr\u00f3rroga de los contratos, m\u00e1s se ajustar\u00e1 para lograr una correcci\u00f3n de precios: ya hay alquileres en lo que, con s\u00f3lo aplicar los \u00edndices, el ajuste ser\u00eda por encima del 70 por ciento\u201d, consignaron en un comunicado.<\/p>\n<p>Fuente: DIB<\/p>\n","protected":false},"excerpt":{"rendered":"<p>Alquileres: agentes inmobiliarios advierten que subir\u00e1n los precios por registrar los contratos. Sostienen que aumentar\u00e1n&#8230;<\/p>\n","protected":false},"author":1,"featured_media":135542,"comment_status":"closed","ping_status":"closed","sticky":false,"template":"","format":"standard","meta":{"content-type":""},"categories":[39],"tags":[],"nelio_content":{"isAutoShareEnabled":false,"autoShareEndMode":"default","automationSources":{"useContentSentences":true,"useSocialTemplates":true,"useCustomSentences":false,"customSentences":[]},"followers":[1],"suggestedReferences":[],"includedReferences":[],"efiUrl":"","efiAlt":"","highlights":[]},"yoast_head":"<!-- This site is optimized with the Yoast SEO plugin v20.7 - https:\/\/yoast.com\/wordpress\/plugins\/seo\/ -->\n<title>Alquileres: agentes inmobiliarios advierten que subir\u00e1n los precios<\/title>\n<meta name=\"description\" content=\"Alquileres: agentes inmobiliarios advierten que subir\u00e1n los precios por registrar los contratos. Sostienen que aumentar\u00e1n los costos.\" \/>\n<meta name=\"robots\" content=\"index, follow, max-snippet:-1, max-image-preview:large, max-video-preview:-1\" \/>\n<link rel=\"canonical\" href=\"https:\/\/experienciadevida.com.ar\/portalurbano\/alquileres-agentes-inmobiliarios-advierten-que-subiran-los-precios-por-registrar-los-contratos\/\" \/>\n<meta property=\"og:locale\" content=\"es_ES\" \/>\n<meta property=\"og:type\" content=\"article\" \/>\n<meta property=\"og:title\" content=\"Alquileres: agentes inmobiliarios advierten que subir\u00e1n los precios\" \/>\n<meta property=\"og:description\" content=\"Alquileres: agentes inmobiliarios advierten que subir\u00e1n los precios por registrar los contratos. Sostienen que aumentar\u00e1n los costos.\" \/>\n<meta property=\"og:url\" content=\"https:\/\/experienciadevida.com.ar\/portalurbano\/alquileres-agentes-inmobiliarios-advierten-que-subiran-los-precios-por-registrar-los-contratos\/\" \/>\n<meta property=\"article:publisher\" content=\"https:\/\/www.facebook.com\/Portal-Urbano-171542830093757\/\" \/>\n<meta property=\"article:published_time\" content=\"2021-02-19T19:19:29+00:00\" \/>\n<meta property=\"article:modified_time\" content=\"2021-02-19T19:20:08+00:00\" \/>\n<meta property=\"og:image\" content=\"https:\/\/experienciadevida.com.ar\/portalurbano\/wp-content\/uploads\/2021\/02\/agentes-inmobiliarios.jpg\" \/>\n\t<meta property=\"og:image:width\" content=\"696\" \/>\n\t<meta property=\"og:image:height\" content=\"522\" \/>\n\t<meta property=\"og:image:type\" content=\"image\/jpeg\" \/>\n<meta name=\"author\" content=\"admpu17wp\" \/>\n<meta name=\"twitter:card\" content=\"summary_large_image\" \/>\n<meta name=\"twitter:creator\" content=\"@portalurbanook\" \/>\n<meta name=\"twitter:site\" content=\"@portalurbanook\" \/>\n<meta name=\"twitter:label1\" content=\"Escrito por\" \/>\n\t<meta name=\"twitter:data1\" content=\"admpu17wp\" \/>\n\t<meta name=\"twitter:label2\" content=\"Tiempo de lectura\" \/>\n\t<meta name=\"twitter:data2\" content=\"3 minutos\" \/>\n<script type=\"application\/ld+json\" class=\"yoast-schema-graph\">{\"@context\":\"https:\/\/schema.org\",\"@graph\":[{\"@type\":\"Article\",\"@id\":\"https:\/\/experienciadevida.com.ar\/portalurbano\/alquileres-agentes-inmobiliarios-advierten-que-subiran-los-precios-por-registrar-los-contratos\/#article\",\"isPartOf\":{\"@id\":\"https:\/\/experienciadevida.com.ar\/portalurbano\/alquileres-agentes-inmobiliarios-advierten-que-subiran-los-precios-por-registrar-los-contratos\/\"},\"author\":{\"name\":\"admpu17wp\",\"@id\":\"https:\/\/experienciadevida.com.ar\/portalurbano\/#\/schema\/person\/02dd326b1c4b056e9cc972486934a3a7\"},\"headline\":\"Alquileres: agentes inmobiliarios advierten que subir\u00e1n los precios por registrar los contratos\",\"datePublished\":\"2021-02-19T19:19:29+00:00\",\"dateModified\":\"2021-02-19T19:20:08+00:00\",\"mainEntityOfPage\":{\"@id\":\"https:\/\/experienciadevida.com.ar\/portalurbano\/alquileres-agentes-inmobiliarios-advierten-que-subiran-los-precios-por-registrar-los-contratos\/\"},\"wordCount\":695,\"publisher\":{\"@id\":\"https:\/\/experienciadevida.com.ar\/portalurbano\/#organization\"},\"articleSection\":[\"Naci\u00f3n\"],\"inLanguage\":\"es\"},{\"@type\":\"WebPage\",\"@id\":\"https:\/\/experienciadevida.com.ar\/portalurbano\/alquileres-agentes-inmobiliarios-advierten-que-subiran-los-precios-por-registrar-los-contratos\/\",\"url\":\"https:\/\/experienciadevida.com.ar\/portalurbano\/alquileres-agentes-inmobiliarios-advierten-que-subiran-los-precios-por-registrar-los-contratos\/\",\"name\":\"Alquileres: agentes inmobiliarios advierten que subir\u00e1n los precios\",\"isPartOf\":{\"@id\":\"https:\/\/experienciadevida.com.ar\/portalurbano\/#website\"},\"datePublished\":\"2021-02-19T19:19:29+00:00\",\"dateModified\":\"2021-02-19T19:20:08+00:00\",\"description\":\"Alquileres: agentes inmobiliarios advierten que subir\u00e1n los precios por registrar los contratos. Sostienen que aumentar\u00e1n los costos.\",\"breadcrumb\":{\"@id\":\"https:\/\/experienciadevida.com.ar\/portalurbano\/alquileres-agentes-inmobiliarios-advierten-que-subiran-los-precios-por-registrar-los-contratos\/#breadcrumb\"},\"inLanguage\":\"es\",\"potentialAction\":[{\"@type\":\"ReadAction\",\"target\":[\"https:\/\/experienciadevida.com.ar\/portalurbano\/alquileres-agentes-inmobiliarios-advierten-que-subiran-los-precios-por-registrar-los-contratos\/\"]}]},{\"@type\":\"BreadcrumbList\",\"@id\":\"https:\/\/experienciadevida.com.ar\/portalurbano\/alquileres-agentes-inmobiliarios-advierten-que-subiran-los-precios-por-registrar-los-contratos\/#breadcrumb\",\"itemListElement\":[{\"@type\":\"ListItem\",\"position\":1,\"name\":\"Portada\",\"item\":\"https:\/\/experienciadevida.com.ar\/portalurbano\/\"},{\"@type\":\"ListItem\",\"position\":2,\"name\":\"Alquileres: agentes inmobiliarios advierten que subir\u00e1n los precios por registrar los contratos\"}]},{\"@type\":\"WebSite\",\"@id\":\"https:\/\/experienciadevida.com.ar\/portalurbano\/#website\",\"url\":\"https:\/\/experienciadevida.com.ar\/portalurbano\/\",\"name\":\"\",\"description\":\"\",\"publisher\":{\"@id\":\"https:\/\/experienciadevida.com.ar\/portalurbano\/#organization\"},\"potentialAction\":[{\"@type\":\"SearchAction\",\"target\":{\"@type\":\"EntryPoint\",\"urlTemplate\":\"https:\/\/experienciadevida.com.ar\/portalurbano\/?s={search_term_string}\"},\"query-input\":\"required name=search_term_string\"}],\"inLanguage\":\"es\"},{\"@type\":\"Organization\",\"@id\":\"https:\/\/experienciadevida.com.ar\/portalurbano\/#organization\",\"name\":\"Portal Urbano\",\"url\":\"https:\/\/experienciadevida.com.ar\/portalurbano\/\",\"logo\":{\"@type\":\"ImageObject\",\"inLanguage\":\"es\",\"@id\":\"https:\/\/experienciadevida.com.ar\/portalurbano\/#\/schema\/logo\/image\/\",\"url\":\"https:\/\/experienciadevida.com.ar\/portalurbano\/wp-content\/uploads\/2019\/09\/Logo-Original.png\",\"contentUrl\":\"https:\/\/experienciadevida.com.ar\/portalurbano\/wp-content\/uploads\/2019\/09\/Logo-Original.png\",\"width\":2236,\"height\":1216,\"caption\":\"Portal Urbano\"},\"image\":{\"@id\":\"https:\/\/experienciadevida.com.ar\/portalurbano\/#\/schema\/logo\/image\/\"},\"sameAs\":[\"https:\/\/www.facebook.com\/Portal-Urbano-171542830093757\/\",\"https:\/\/twitter.com\/portalurbanook\",\"https:\/\/www.instagram.com\/_portalurbano\/\",\"https:\/\/www.youtube.com\/channel\/UCXhagIfszH8KxFiOok79zbA?view_as=subscriber\"]},{\"@type\":\"Person\",\"@id\":\"https:\/\/experienciadevida.com.ar\/portalurbano\/#\/schema\/person\/02dd326b1c4b056e9cc972486934a3a7\",\"name\":\"admpu17wp\",\"image\":{\"@type\":\"ImageObject\",\"inLanguage\":\"es\",\"@id\":\"https:\/\/experienciadevida.com.ar\/portalurbano\/#\/schema\/person\/image\/\",\"url\":\"https:\/\/secure.gravatar.com\/avatar\/830d4c57adaae6630765e449a6908047?s=96&d=mm&r=g\",\"contentUrl\":\"https:\/\/secure.gravatar.com\/avatar\/830d4c57adaae6630765e449a6908047?s=96&d=mm&r=g\",\"caption\":\"admpu17wp\"}}]}<\/script>\n<!-- \/ Yoast SEO plugin. -->","yoast_head_json":{"title":"Alquileres: agentes inmobiliarios advierten que subir\u00e1n los precios","description":"Alquileres: agentes inmobiliarios advierten que subir\u00e1n los precios por registrar los contratos. Sostienen que aumentar\u00e1n los costos.","robots":{"index":"index","follow":"follow","max-snippet":"max-snippet:-1","max-image-preview":"max-image-preview:large","max-video-preview":"max-video-preview:-1"},"canonical":"https:\/\/experienciadevida.com.ar\/portalurbano\/alquileres-agentes-inmobiliarios-advierten-que-subiran-los-precios-por-registrar-los-contratos\/","og_locale":"es_ES","og_type":"article","og_title":"Alquileres: agentes inmobiliarios advierten que subir\u00e1n los precios","og_description":"Alquileres: agentes inmobiliarios advierten que subir\u00e1n los precios por registrar los contratos. Sostienen que aumentar\u00e1n los costos.","og_url":"https:\/\/experienciadevida.com.ar\/portalurbano\/alquileres-agentes-inmobiliarios-advierten-que-subiran-los-precios-por-registrar-los-contratos\/","article_publisher":"https:\/\/www.facebook.com\/Portal-Urbano-171542830093757\/","article_published_time":"2021-02-19T19:19:29+00:00","article_modified_time":"2021-02-19T19:20:08+00:00","og_image":[{"width":696,"height":522,"url":"https:\/\/experienciadevida.com.ar\/portalurbano\/wp-content\/uploads\/2021\/02\/agentes-inmobiliarios.jpg","type":"image\/jpeg"}],"author":"admpu17wp","twitter_card":"summary_large_image","twitter_creator":"@portalurbanook","twitter_site":"@portalurbanook","twitter_misc":{"Escrito por":"admpu17wp","Tiempo de lectura":"3 minutos"},"schema":{"@context":"https:\/\/schema.org","@graph":[{"@type":"Article","@id":"https:\/\/experienciadevida.com.ar\/portalurbano\/alquileres-agentes-inmobiliarios-advierten-que-subiran-los-precios-por-registrar-los-contratos\/#article","isPartOf":{"@id":"https:\/\/experienciadevida.com.ar\/portalurbano\/alquileres-agentes-inmobiliarios-advierten-que-subiran-los-precios-por-registrar-los-contratos\/"},"author":{"name":"admpu17wp","@id":"https:\/\/experienciadevida.com.ar\/portalurbano\/#\/schema\/person\/02dd326b1c4b056e9cc972486934a3a7"},"headline":"Alquileres: agentes inmobiliarios advierten que subir\u00e1n los precios por registrar los contratos","datePublished":"2021-02-19T19:19:29+00:00","dateModified":"2021-02-19T19:20:08+00:00","mainEntityOfPage":{"@id":"https:\/\/experienciadevida.com.ar\/portalurbano\/alquileres-agentes-inmobiliarios-advierten-que-subiran-los-precios-por-registrar-los-contratos\/"},"wordCount":695,"publisher":{"@id":"https:\/\/experienciadevida.com.ar\/portalurbano\/#organization"},"articleSection":["Naci\u00f3n"],"inLanguage":"es"},{"@type":"WebPage","@id":"https:\/\/experienciadevida.com.ar\/portalurbano\/alquileres-agentes-inmobiliarios-advierten-que-subiran-los-precios-por-registrar-los-contratos\/","url":"https:\/\/experienciadevida.com.ar\/portalurbano\/alquileres-agentes-inmobiliarios-advierten-que-subiran-los-precios-por-registrar-los-contratos\/","name":"Alquileres: agentes inmobiliarios advierten que subir\u00e1n los precios","isPartOf":{"@id":"https:\/\/experienciadevida.com.ar\/portalurbano\/#website"},"datePublished":"2021-02-19T19:19:29+00:00","dateModified":"2021-02-19T19:20:08+00:00","description":"Alquileres: agentes inmobiliarios advierten que subir\u00e1n los precios por registrar los contratos. Sostienen que aumentar\u00e1n los costos.","breadcrumb":{"@id":"https:\/\/experienciadevida.com.ar\/portalurbano\/alquileres-agentes-inmobiliarios-advierten-que-subiran-los-precios-por-registrar-los-contratos\/#breadcrumb"},"inLanguage":"es","potentialAction":[{"@type":"ReadAction","target":["https:\/\/experienciadevida.com.ar\/portalurbano\/alquileres-agentes-inmobiliarios-advierten-que-subiran-los-precios-por-registrar-los-contratos\/"]}]},{"@type":"BreadcrumbList","@id":"https:\/\/experienciadevida.com.ar\/portalurbano\/alquileres-agentes-inmobiliarios-advierten-que-subiran-los-precios-por-registrar-los-contratos\/#breadcrumb","itemListElement":[{"@type":"ListItem","position":1,"name":"Portada","item":"https:\/\/experienciadevida.com.ar\/portalurbano\/"},{"@type":"ListItem","position":2,"name":"Alquileres: agentes inmobiliarios advierten que subir\u00e1n los precios por registrar los contratos"}]},{"@type":"WebSite","@id":"https:\/\/experienciadevida.com.ar\/portalurbano\/#website","url":"https:\/\/experienciadevida.com.ar\/portalurbano\/","name":"","description":"","publisher":{"@id":"https:\/\/experienciadevida.com.ar\/portalurbano\/#organization"},"potentialAction":[{"@type":"SearchAction","target":{"@type":"EntryPoint","urlTemplate":"https:\/\/experienciadevida.com.ar\/portalurbano\/?s={search_term_string}"},"query-input":"required name=search_term_string"}],"inLanguage":"es"},{"@type":"Organization","@id":"https:\/\/experienciadevida.com.ar\/portalurbano\/#organization","name":"Portal Urbano","url":"https:\/\/experienciadevida.com.ar\/portalurbano\/","logo":{"@type":"ImageObject","inLanguage":"es","@id":"https:\/\/experienciadevida.com.ar\/portalurbano\/#\/schema\/logo\/image\/","url":"https:\/\/experienciadevida.com.ar\/portalurbano\/wp-content\/uploads\/2019\/09\/Logo-Original.png","contentUrl":"https:\/\/experienciadevida.com.ar\/portalurbano\/wp-content\/uploads\/2019\/09\/Logo-Original.png","width":2236,"height":1216,"caption":"Portal Urbano"},"image":{"@id":"https:\/\/experienciadevida.com.ar\/portalurbano\/#\/schema\/logo\/image\/"},"sameAs":["https:\/\/www.facebook.com\/Portal-Urbano-171542830093757\/","https:\/\/twitter.com\/portalurbanook","https:\/\/www.instagram.com\/_portalurbano\/","https:\/\/www.youtube.com\/channel\/UCXhagIfszH8KxFiOok79zbA?view_as=subscriber"]},{"@type":"Person","@id":"https:\/\/experienciadevida.com.ar\/portalurbano\/#\/schema\/person\/02dd326b1c4b056e9cc972486934a3a7","name":"admpu17wp","image":{"@type":"ImageObject","inLanguage":"es","@id":"https:\/\/experienciadevida.com.ar\/portalurbano\/#\/schema\/person\/image\/","url":"https:\/\/secure.gravatar.com\/avatar\/830d4c57adaae6630765e449a6908047?s=96&d=mm&r=g","contentUrl":"https:\/\/secure.gravatar.com\/avatar\/830d4c57adaae6630765e449a6908047?s=96&d=mm&r=g","caption":"admpu17wp"}}]}},"featured_image_urls":{"full":["https:\/\/experienciadevida.com.ar\/portalurbano\/wp-content\/uploads\/2021\/02\/agentes-inmobiliarios.jpg",696,522,false],"thumbnail":["https:\/\/experienciadevida.com.ar\/portalurbano\/wp-content\/uploads\/2021\/02\/agentes-inmobiliarios-150x150.jpg",150,150,true],"medium":["https:\/\/experienciadevida.com.ar\/portalurbano\/wp-content\/uploads\/2021\/02\/agentes-inmobiliarios-300x225.jpg",300,225,true],"medium_large":["https:\/\/experienciadevida.com.ar\/portalurbano\/wp-content\/uploads\/2021\/02\/agentes-inmobiliarios.jpg",640,480,false],"large":["https:\/\/experienciadevida.com.ar\/portalurbano\/wp-content\/uploads\/2021\/02\/agentes-inmobiliarios.jpg",640,480,false],"ug_big":["https:\/\/experienciadevida.com.ar\/portalurbano\/wp-content\/uploads\/2021\/02\/agentes-inmobiliarios.jpg",696,522,false],"1536x1536":["https:\/\/experienciadevida.com.ar\/portalurbano\/wp-content\/uploads\/2021\/02\/agentes-inmobiliarios.jpg",696,522,false],"2048x2048":["https:\/\/experienciadevida.com.ar\/portalurbano\/wp-content\/uploads\/2021\/02\/agentes-inmobiliarios.jpg",696,522,false],"newsever-slider-full":["https:\/\/experienciadevida.com.ar\/portalurbano\/wp-content\/uploads\/2021\/02\/agentes-inmobiliarios.jpg",696,522,false],"newsever-featured":["https:\/\/experienciadevida.com.ar\/portalurbano\/wp-content\/uploads\/2021\/02\/agentes-inmobiliarios.jpg",696,522,false],"newsever-medium":["https:\/\/experienciadevida.com.ar\/portalurbano\/wp-content\/uploads\/2021\/02\/agentes-inmobiliarios.jpg",633,475,false],"web-stories-poster-portrait":["https:\/\/experienciadevida.com.ar\/portalurbano\/wp-content\/uploads\/2021\/02\/agentes-inmobiliarios.jpg",640,480,false],"web-stories-publisher-logo":["https:\/\/experienciadevida.com.ar\/portalurbano\/wp-content\/uploads\/2021\/02\/agentes-inmobiliarios.jpg",96,72,false],"web-stories-thumbnail":["https:\/\/experienciadevida.com.ar\/portalurbano\/wp-content\/uploads\/2021\/02\/agentes-inmobiliarios.jpg",150,113,false]},"author_info":{"display_name":"admpu17wp","author_link":"https:\/\/experienciadevida.com.ar\/portalurbano\/author\/admpu17wp\/"},"category_info":"<a href=\"https:\/\/experienciadevida.com.ar\/portalurbano\/category\/nacion\/\" rel=\"category tag\">Naci\u00f3n<\/a>","tag_info":"Naci\u00f3n","comment_count":"0","amp_enabled":true,"_links":{"self":[{"href":"https:\/\/experienciadevida.com.ar\/portalurbano\/wp-json\/wp\/v2\/posts\/135541"}],"collection":[{"href":"https:\/\/experienciadevida.com.ar\/portalurbano\/wp-json\/wp\/v2\/posts"}],"about":[{"href":"https:\/\/experienciadevida.com.ar\/portalurbano\/wp-json\/wp\/v2\/types\/post"}],"author":[{"embeddable":true,"href":"https:\/\/experienciadevida.com.ar\/portalurbano\/wp-json\/wp\/v2\/users\/1"}],"replies":[{"embeddable":true,"href":"https:\/\/experienciadevida.com.ar\/portalurbano\/wp-json\/wp\/v2\/comments?post=135541"}],"version-history":[{"count":1,"href":"https:\/\/experienciadevida.com.ar\/portalurbano\/wp-json\/wp\/v2\/posts\/135541\/revisions"}],"predecessor-version":[{"id":135543,"href":"https:\/\/experienciadevida.com.ar\/portalurbano\/wp-json\/wp\/v2\/posts\/135541\/revisions\/135543"}],"wp:featuredmedia":[{"embeddable":true,"href":"https:\/\/experienciadevida.com.ar\/portalurbano\/wp-json\/wp\/v2\/media\/135542"}],"wp:attachment":[{"href":"https:\/\/experienciadevida.com.ar\/portalurbano\/wp-json\/wp\/v2\/media?parent=135541"}],"wp:term":[{"taxonomy":"category","embeddable":true,"href":"https:\/\/experienciadevida.com.ar\/portalurbano\/wp-json\/wp\/v2\/categories?post=135541"},{"taxonomy":"post_tag","embeddable":true,"href":"https:\/\/experienciadevida.com.ar\/portalurbano\/wp-json\/wp\/v2\/tags?post=135541"}],"curies":[{"name":"wp","href":"https:\/\/api.w.org\/{rel}","templated":true}]}}