{"id":135533,"date":"2021-02-19T15:37:50","date_gmt":"2021-02-19T18:37:50","guid":{"rendered":"https:\/\/experienciadevida.com.ar\/portalurbano\/?p=135533"},"modified":"2021-02-19T15:38:38","modified_gmt":"2021-02-19T18:38:38","slug":"a-raiz-de-sufrir-varios-hechos-delictivos-coopelectric-se-reunio-con-integrantes-de-fiscalia-general","status":"publish","type":"post","link":"https:\/\/experienciadevida.com.ar\/portalurbano\/a-raiz-de-sufrir-varios-hechos-delictivos-coopelectric-se-reunio-con-integrantes-de-fiscalia-general\/","title":{"rendered":"A ra\u00edz de sufrir varios hechos delictivos Coopelectric se reuni\u00f3 con integrantes de Fiscal\u00eda General"},"content":{"rendered":"<p>A ra\u00edz de sufrir varios hechos delictivos Coopelectric se reuni\u00f3 con integrantes de Fiscal\u00eda General. Desde coopelectric emitieron un comunicado en el que mencionan que mantuvieron\u00a0 un encuentro con integrantes de la Fiscal\u00eda General dependiente del Departamento Judicial de Azul motivado por los sucesivos hechos delictivos que han afectado las instalaciones en el \u00faltimo tiempo.<\/p>\n<p>El mismo, tuvo lugar en la vecina ciudad de Azul y cont\u00f3 con la participaci\u00f3n del Fiscal General Dr. Marcelo Sobrino, la Auxiliar Letrada Mar\u00eda Jorgelina Sabalua, el gerente de Distribuci\u00f3n El\u00e9ctrica Ing. Claudio Napoli y el Asesor Legal de Coopelectric Dr. Adolfo Rocha Alonso.<\/p>\n<p>A ra\u00edz de sufrir varios hechos delictivos, Coopelectric brind\u00f3 informaci\u00f3n sobre el robo de transformadores y cables ocurridos durante los \u00faltimos meses, los cuales no s\u00f3lo generan perjuicios econ\u00f3micos porque se trata de un patrimonio de todos los olavarrienses, sino que adem\u00e1s afectan la calidad de servicio ocasionando interrupciones de suministro tanto a usuarios residenciales como en zonas no residenciales.<\/p>\n<p>En este \u00faltimo punto se mencionaron los sectores donde se ubican los pozos de extracci\u00f3n del Servicio Sanitario, que en m\u00e1s de una ocasi\u00f3n han visto interrumpido su funcionamiento como consecuencia de hechos delictivos.<\/p>\n<p>En tal sentido, se plante\u00f3 la problem\u00e1tica destacando la magnitud econ\u00f3mica y social que reviste, la Cooperativa manifest\u00f3 su preocupaci\u00f3n ante este tipo de il\u00edcitos y al mismo tiempo solicit\u00f3 la colaboraci\u00f3n de la Fiscal\u00eda para que se tomen medidas en consecuencia.<\/p>\n<p>Las autoridades del organismo judicial se mostraron interesados y ocupados en la tem\u00e1tica, informando que<br \/>\neste tipo de delitos recibir\u00e1n atenci\u00f3n prioritaria debido a los da\u00f1os y dificultades que ocasionan a los servicios y a sus asociados, por lo que se instruir\u00e1 a las fiscal\u00edas locales respecto de las medidas pertinentes para trabajar ante ellos.<\/p>\n","protected":false},"excerpt":{"rendered":"<p>A ra\u00edz de sufrir varios hechos delictivos Coopelectric se reuni\u00f3 con integrantes de Fiscal\u00eda General&#8230;.<\/p>\n","protected":false},"author":1,"featured_media":135534,"comment_status":"closed","ping_status":"closed","sticky":false,"template":"","format":"standard","meta":{"content-type":""},"categories":[27,64],"tags":[],"nelio_content":{"isAutoShareEnabled":false,"autoShareEndMode":"default","automationSources":{"useContentSentences":true,"useSocialTemplates":true,"useCustomSentences":false,"customSentences":[]},"followers":[1],"suggestedReferences":[],"includedReferences":[],"efiUrl":"","efiAlt":"","highlights":[]},"yoast_head":"<!-- This site is optimized with the Yoast SEO plugin v20.7 - https:\/\/yoast.com\/wordpress\/plugins\/seo\/ -->\n<title>A ra\u00edz de sufrir varios hechos delictivos Coopelectric se reuni\u00f3<\/title>\n<meta name=\"description\" content=\"A ra\u00edz de sufrir varios hechos delictivos Coopelectric se reuni\u00f3 con integrantes de Fiscal\u00eda General, que han afectado las instalaciones.\" \/>\n<meta name=\"robots\" content=\"index, follow, max-snippet:-1, max-image-preview:large, max-video-preview:-1\" \/>\n<link rel=\"canonical\" href=\"https:\/\/experienciadevida.com.ar\/portalurbano\/a-raiz-de-sufrir-varios-hechos-delictivos-coopelectric-se-reunio-con-integrantes-de-fiscalia-general\/\" \/>\n<meta property=\"og:locale\" content=\"es_ES\" \/>\n<meta property=\"og:type\" content=\"article\" \/>\n<meta property=\"og:title\" content=\"A ra\u00edz de sufrir varios hechos delictivos Coopelectric se reuni\u00f3\" \/>\n<meta property=\"og:description\" content=\"A ra\u00edz de sufrir varios hechos delictivos Coopelectric se reuni\u00f3 con integrantes de Fiscal\u00eda General, que han afectado las instalaciones.\" \/>\n<meta property=\"og:url\" content=\"https:\/\/experienciadevida.com.ar\/portalurbano\/a-raiz-de-sufrir-varios-hechos-delictivos-coopelectric-se-reunio-con-integrantes-de-fiscalia-general\/\" \/>\n<meta property=\"article:publisher\" content=\"https:\/\/www.facebook.com\/Portal-Urbano-171542830093757\/\" \/>\n<meta property=\"article:published_time\" content=\"2021-02-19T18:37:50+00:00\" \/>\n<meta property=\"article:modified_time\" content=\"2021-02-19T18:38:38+00:00\" \/>\n<meta property=\"og:image\" content=\"https:\/\/experienciadevida.com.ar\/portalurbano\/wp-content\/uploads\/2021\/02\/A-raiz-de-varios-hechos.jpeg\" \/>\n\t<meta property=\"og:image:width\" content=\"765\" \/>\n\t<meta property=\"og:image:height\" content=\"510\" \/>\n\t<meta property=\"og:image:type\" content=\"image\/jpeg\" \/>\n<meta name=\"author\" content=\"admpu17wp\" \/>\n<meta name=\"twitter:card\" content=\"summary_large_image\" \/>\n<meta name=\"twitter:creator\" content=\"@portalurbanook\" \/>\n<meta name=\"twitter:site\" content=\"@portalurbanook\" \/>\n<meta name=\"twitter:label1\" content=\"Escrito por\" \/>\n\t<meta name=\"twitter:data1\" content=\"admpu17wp\" \/>\n\t<meta name=\"twitter:label2\" content=\"Tiempo de lectura\" \/>\n\t<meta name=\"twitter:data2\" content=\"2 minutos\" \/>\n<script type=\"application\/ld+json\" class=\"yoast-schema-graph\">{\"@context\":\"https:\/\/schema.org\",\"@graph\":[{\"@type\":\"Article\",\"@id\":\"https:\/\/experienciadevida.com.ar\/portalurbano\/a-raiz-de-sufrir-varios-hechos-delictivos-coopelectric-se-reunio-con-integrantes-de-fiscalia-general\/#article\",\"isPartOf\":{\"@id\":\"https:\/\/experienciadevida.com.ar\/portalurbano\/a-raiz-de-sufrir-varios-hechos-delictivos-coopelectric-se-reunio-con-integrantes-de-fiscalia-general\/\"},\"author\":{\"name\":\"admpu17wp\",\"@id\":\"https:\/\/experienciadevida.com.ar\/portalurbano\/#\/schema\/person\/02dd326b1c4b056e9cc972486934a3a7\"},\"headline\":\"A ra\u00edz de sufrir varios hechos delictivos Coopelectric se reuni\u00f3 con integrantes de Fiscal\u00eda General\",\"datePublished\":\"2021-02-19T18:37:50+00:00\",\"dateModified\":\"2021-02-19T18:38:38+00:00\",\"mainEntityOfPage\":{\"@id\":\"https:\/\/experienciadevida.com.ar\/portalurbano\/a-raiz-de-sufrir-varios-hechos-delictivos-coopelectric-se-reunio-con-integrantes-de-fiscalia-general\/\"},\"wordCount\":334,\"publisher\":{\"@id\":\"https:\/\/experienciadevida.com.ar\/portalurbano\/#organization\"},\"articleSection\":[\"Ciudad\",\"Destacadas 2\"],\"inLanguage\":\"es\"},{\"@type\":\"WebPage\",\"@id\":\"https:\/\/experienciadevida.com.ar\/portalurbano\/a-raiz-de-sufrir-varios-hechos-delictivos-coopelectric-se-reunio-con-integrantes-de-fiscalia-general\/\",\"url\":\"https:\/\/experienciadevida.com.ar\/portalurbano\/a-raiz-de-sufrir-varios-hechos-delictivos-coopelectric-se-reunio-con-integrantes-de-fiscalia-general\/\",\"name\":\"A ra\u00edz de sufrir varios hechos delictivos Coopelectric se reuni\u00f3\",\"isPartOf\":{\"@id\":\"https:\/\/experienciadevida.com.ar\/portalurbano\/#website\"},\"datePublished\":\"2021-02-19T18:37:50+00:00\",\"dateModified\":\"2021-02-19T18:38:38+00:00\",\"description\":\"A ra\u00edz de sufrir varios hechos delictivos Coopelectric se reuni\u00f3 con integrantes de Fiscal\u00eda General, que han afectado las instalaciones.\",\"breadcrumb\":{\"@id\":\"https:\/\/experienciadevida.com.ar\/portalurbano\/a-raiz-de-sufrir-varios-hechos-delictivos-coopelectric-se-reunio-con-integrantes-de-fiscalia-general\/#breadcrumb\"},\"inLanguage\":\"es\",\"potentialAction\":[{\"@type\":\"ReadAction\",\"target\":[\"https:\/\/experienciadevida.com.ar\/portalurbano\/a-raiz-de-sufrir-varios-hechos-delictivos-coopelectric-se-reunio-con-integrantes-de-fiscalia-general\/\"]}]},{\"@type\":\"BreadcrumbList\",\"@id\":\"https:\/\/experienciadevida.com.ar\/portalurbano\/a-raiz-de-sufrir-varios-hechos-delictivos-coopelectric-se-reunio-con-integrantes-de-fiscalia-general\/#breadcrumb\",\"itemListElement\":[{\"@type\":\"ListItem\",\"position\":1,\"name\":\"Portada\",\"item\":\"https:\/\/experienciadevida.com.ar\/portalurbano\/\"},{\"@type\":\"ListItem\",\"position\":2,\"name\":\"A ra\u00edz de sufrir varios hechos delictivos Coopelectric se reuni\u00f3 con integrantes de Fiscal\u00eda General\"}]},{\"@type\":\"WebSite\",\"@id\":\"https:\/\/experienciadevida.com.ar\/portalurbano\/#website\",\"url\":\"https:\/\/experienciadevida.com.ar\/portalurbano\/\",\"name\":\"\",\"description\":\"\",\"publisher\":{\"@id\":\"https:\/\/experienciadevida.com.ar\/portalurbano\/#organization\"},\"potentialAction\":[{\"@type\":\"SearchAction\",\"target\":{\"@type\":\"EntryPoint\",\"urlTemplate\":\"https:\/\/experienciadevida.com.ar\/portalurbano\/?s={search_term_string}\"},\"query-input\":\"required name=search_term_string\"}],\"inLanguage\":\"es\"},{\"@type\":\"Organization\",\"@id\":\"https:\/\/experienciadevida.com.ar\/portalurbano\/#organization\",\"name\":\"Portal Urbano\",\"url\":\"https:\/\/experienciadevida.com.ar\/portalurbano\/\",\"logo\":{\"@type\":\"ImageObject\",\"inLanguage\":\"es\",\"@id\":\"https:\/\/experienciadevida.com.ar\/portalurbano\/#\/schema\/logo\/image\/\",\"url\":\"https:\/\/experienciadevida.com.ar\/portalurbano\/wp-content\/uploads\/2019\/09\/Logo-Original.png\",\"contentUrl\":\"https:\/\/experienciadevida.com.ar\/portalurbano\/wp-content\/uploads\/2019\/09\/Logo-Original.png\",\"width\":2236,\"height\":1216,\"caption\":\"Portal Urbano\"},\"image\":{\"@id\":\"https:\/\/experienciadevida.com.ar\/portalurbano\/#\/schema\/logo\/image\/\"},\"sameAs\":[\"https:\/\/www.facebook.com\/Portal-Urbano-171542830093757\/\",\"https:\/\/twitter.com\/portalurbanook\",\"https:\/\/www.instagram.com\/_portalurbano\/\",\"https:\/\/www.youtube.com\/channel\/UCXhagIfszH8KxFiOok79zbA?view_as=subscriber\"]},{\"@type\":\"Person\",\"@id\":\"https:\/\/experienciadevida.com.ar\/portalurbano\/#\/schema\/person\/02dd326b1c4b056e9cc972486934a3a7\",\"name\":\"admpu17wp\",\"image\":{\"@type\":\"ImageObject\",\"inLanguage\":\"es\",\"@id\":\"https:\/\/experienciadevida.com.ar\/portalurbano\/#\/schema\/person\/image\/\",\"url\":\"https:\/\/secure.gravatar.com\/avatar\/830d4c57adaae6630765e449a6908047?s=96&d=mm&r=g\",\"contentUrl\":\"https:\/\/secure.gravatar.com\/avatar\/830d4c57adaae6630765e449a6908047?s=96&d=mm&r=g\",\"caption\":\"admpu17wp\"}}]}<\/script>\n<!-- \/ Yoast SEO plugin. -->","yoast_head_json":{"title":"A ra\u00edz de sufrir varios hechos delictivos Coopelectric se reuni\u00f3","description":"A ra\u00edz de sufrir varios hechos delictivos Coopelectric se reuni\u00f3 con integrantes de Fiscal\u00eda General, que han afectado las instalaciones.","robots":{"index":"index","follow":"follow","max-snippet":"max-snippet:-1","max-image-preview":"max-image-preview:large","max-video-preview":"max-video-preview:-1"},"canonical":"https:\/\/experienciadevida.com.ar\/portalurbano\/a-raiz-de-sufrir-varios-hechos-delictivos-coopelectric-se-reunio-con-integrantes-de-fiscalia-general\/","og_locale":"es_ES","og_type":"article","og_title":"A ra\u00edz de sufrir varios hechos delictivos Coopelectric se reuni\u00f3","og_description":"A ra\u00edz de sufrir varios hechos delictivos Coopelectric se reuni\u00f3 con integrantes de Fiscal\u00eda General, que han afectado las instalaciones.","og_url":"https:\/\/experienciadevida.com.ar\/portalurbano\/a-raiz-de-sufrir-varios-hechos-delictivos-coopelectric-se-reunio-con-integrantes-de-fiscalia-general\/","article_publisher":"https:\/\/www.facebook.com\/Portal-Urbano-171542830093757\/","article_published_time":"2021-02-19T18:37:50+00:00","article_modified_time":"2021-02-19T18:38:38+00:00","og_image":[{"width":765,"height":510,"url":"https:\/\/experienciadevida.com.ar\/portalurbano\/wp-content\/uploads\/2021\/02\/A-raiz-de-varios-hechos.jpeg","type":"image\/jpeg"}],"author":"admpu17wp","twitter_card":"summary_large_image","twitter_creator":"@portalurbanook","twitter_site":"@portalurbanook","twitter_misc":{"Escrito por":"admpu17wp","Tiempo de lectura":"2 minutos"},"schema":{"@context":"https:\/\/schema.org","@graph":[{"@type":"Article","@id":"https:\/\/experienciadevida.com.ar\/portalurbano\/a-raiz-de-sufrir-varios-hechos-delictivos-coopelectric-se-reunio-con-integrantes-de-fiscalia-general\/#article","isPartOf":{"@id":"https:\/\/experienciadevida.com.ar\/portalurbano\/a-raiz-de-sufrir-varios-hechos-delictivos-coopelectric-se-reunio-con-integrantes-de-fiscalia-general\/"},"author":{"name":"admpu17wp","@id":"https:\/\/experienciadevida.com.ar\/portalurbano\/#\/schema\/person\/02dd326b1c4b056e9cc972486934a3a7"},"headline":"A ra\u00edz de sufrir varios hechos delictivos Coopelectric se reuni\u00f3 con integrantes de Fiscal\u00eda General","datePublished":"2021-02-19T18:37:50+00:00","dateModified":"2021-02-19T18:38:38+00:00","mainEntityOfPage":{"@id":"https:\/\/experienciadevida.com.ar\/portalurbano\/a-raiz-de-sufrir-varios-hechos-delictivos-coopelectric-se-reunio-con-integrantes-de-fiscalia-general\/"},"wordCount":334,"publisher":{"@id":"https:\/\/experienciadevida.com.ar\/portalurbano\/#organization"},"articleSection":["Ciudad","Destacadas 2"],"inLanguage":"es"},{"@type":"WebPage","@id":"https:\/\/experienciadevida.com.ar\/portalurbano\/a-raiz-de-sufrir-varios-hechos-delictivos-coopelectric-se-reunio-con-integrantes-de-fiscalia-general\/","url":"https:\/\/experienciadevida.com.ar\/portalurbano\/a-raiz-de-sufrir-varios-hechos-delictivos-coopelectric-se-reunio-con-integrantes-de-fiscalia-general\/","name":"A ra\u00edz de sufrir varios hechos delictivos Coopelectric se reuni\u00f3","isPartOf":{"@id":"https:\/\/experienciadevida.com.ar\/portalurbano\/#website"},"datePublished":"2021-02-19T18:37:50+00:00","dateModified":"2021-02-19T18:38:38+00:00","description":"A ra\u00edz de sufrir varios hechos delictivos Coopelectric se reuni\u00f3 con integrantes de Fiscal\u00eda General, que han afectado las instalaciones.","breadcrumb":{"@id":"https:\/\/experienciadevida.com.ar\/portalurbano\/a-raiz-de-sufrir-varios-hechos-delictivos-coopelectric-se-reunio-con-integrantes-de-fiscalia-general\/#breadcrumb"},"inLanguage":"es","potentialAction":[{"@type":"ReadAction","target":["https:\/\/experienciadevida.com.ar\/portalurbano\/a-raiz-de-sufrir-varios-hechos-delictivos-coopelectric-se-reunio-con-integrantes-de-fiscalia-general\/"]}]},{"@type":"BreadcrumbList","@id":"https:\/\/experienciadevida.com.ar\/portalurbano\/a-raiz-de-sufrir-varios-hechos-delictivos-coopelectric-se-reunio-con-integrantes-de-fiscalia-general\/#breadcrumb","itemListElement":[{"@type":"ListItem","position":1,"name":"Portada","item":"https:\/\/experienciadevida.com.ar\/portalurbano\/"},{"@type":"ListItem","position":2,"name":"A ra\u00edz de sufrir varios hechos delictivos Coopelectric se reuni\u00f3 con integrantes de Fiscal\u00eda General"}]},{"@type":"WebSite","@id":"https:\/\/experienciadevida.com.ar\/portalurbano\/#website","url":"https:\/\/experienciadevida.com.ar\/portalurbano\/","name":"","description":"","publisher":{"@id":"https:\/\/experienciadevida.com.ar\/portalurbano\/#organization"},"potentialAction":[{"@type":"SearchAction","target":{"@type":"EntryPoint","urlTemplate":"https:\/\/experienciadevida.com.ar\/portalurbano\/?s={search_term_string}"},"query-input":"required name=search_term_string"}],"inLanguage":"es"},{"@type":"Organization","@id":"https:\/\/experienciadevida.com.ar\/portalurbano\/#organization","name":"Portal Urbano","url":"https:\/\/experienciadevida.com.ar\/portalurbano\/","logo":{"@type":"ImageObject","inLanguage":"es","@id":"https:\/\/experienciadevida.com.ar\/portalurbano\/#\/schema\/logo\/image\/","url":"https:\/\/experienciadevida.com.ar\/portalurbano\/wp-content\/uploads\/2019\/09\/Logo-Original.png","contentUrl":"https:\/\/experienciadevida.com.ar\/portalurbano\/wp-content\/uploads\/2019\/09\/Logo-Original.png","width":2236,"height":1216,"caption":"Portal Urbano"},"image":{"@id":"https:\/\/experienciadevida.com.ar\/portalurbano\/#\/schema\/logo\/image\/"},"sameAs":["https:\/\/www.facebook.com\/Portal-Urbano-171542830093757\/","https:\/\/twitter.com\/portalurbanook","https:\/\/www.instagram.com\/_portalurbano\/","https:\/\/www.youtube.com\/channel\/UCXhagIfszH8KxFiOok79zbA?view_as=subscriber"]},{"@type":"Person","@id":"https:\/\/experienciadevida.com.ar\/portalurbano\/#\/schema\/person\/02dd326b1c4b056e9cc972486934a3a7","name":"admpu17wp","image":{"@type":"ImageObject","inLanguage":"es","@id":"https:\/\/experienciadevida.com.ar\/portalurbano\/#\/schema\/person\/image\/","url":"https:\/\/secure.gravatar.com\/avatar\/830d4c57adaae6630765e449a6908047?s=96&d=mm&r=g","contentUrl":"https:\/\/secure.gravatar.com\/avatar\/830d4c57adaae6630765e449a6908047?s=96&d=mm&r=g","caption":"admpu17wp"}}]}},"featured_image_urls":{"full":["https:\/\/experienciadevida.com.ar\/portalurbano\/wp-content\/uploads\/2021\/02\/A-raiz-de-varios-hechos.jpeg",765,510,false],"thumbnail":["https:\/\/experienciadevida.com.ar\/portalurbano\/wp-content\/uploads\/2021\/02\/A-raiz-de-varios-hechos-150x150.jpeg",150,150,true],"medium":["https:\/\/experienciadevida.com.ar\/portalurbano\/wp-content\/uploads\/2021\/02\/A-raiz-de-varios-hechos-300x200.jpeg",300,200,true],"medium_large":["https:\/\/experienciadevida.com.ar\/portalurbano\/wp-content\/uploads\/2021\/02\/A-raiz-de-varios-hechos.jpeg",640,427,false],"large":["https:\/\/experienciadevida.com.ar\/portalurbano\/wp-content\/uploads\/2021\/02\/A-raiz-de-varios-hechos.jpeg",640,427,false],"ug_big":["https:\/\/experienciadevida.com.ar\/portalurbano\/wp-content\/uploads\/2021\/02\/A-raiz-de-varios-hechos.jpeg",765,510,false],"1536x1536":["https:\/\/experienciadevida.com.ar\/portalurbano\/wp-content\/uploads\/2021\/02\/A-raiz-de-varios-hechos.jpeg",765,510,false],"2048x2048":["https:\/\/experienciadevida.com.ar\/portalurbano\/wp-content\/uploads\/2021\/02\/A-raiz-de-varios-hechos.jpeg",765,510,false],"newsever-slider-full":["https:\/\/experienciadevida.com.ar\/portalurbano\/wp-content\/uploads\/2021\/02\/A-raiz-de-varios-hechos.jpeg",765,510,false],"newsever-featured":["https:\/\/experienciadevida.com.ar\/portalurbano\/wp-content\/uploads\/2021\/02\/A-raiz-de-varios-hechos.jpeg",765,510,false],"newsever-medium":["https:\/\/experienciadevida.com.ar\/portalurbano\/wp-content\/uploads\/2021\/02\/A-raiz-de-varios-hechos.jpeg",713,475,false],"web-stories-poster-portrait":["https:\/\/experienciadevida.com.ar\/portalurbano\/wp-content\/uploads\/2021\/02\/A-raiz-de-varios-hechos.jpeg",640,427,false],"web-stories-publisher-logo":["https:\/\/experienciadevida.com.ar\/portalurbano\/wp-content\/uploads\/2021\/02\/A-raiz-de-varios-hechos.jpeg",96,64,false],"web-stories-thumbnail":["https:\/\/experienciadevida.com.ar\/portalurbano\/wp-content\/uploads\/2021\/02\/A-raiz-de-varios-hechos.jpeg",150,100,false]},"author_info":{"display_name":"admpu17wp","author_link":"https:\/\/experienciadevida.com.ar\/portalurbano\/author\/admpu17wp\/"},"category_info":"<a href=\"https:\/\/experienciadevida.com.ar\/portalurbano\/category\/ciudad\/\" rel=\"category tag\">Ciudad<\/a> <a href=\"https:\/\/experienciadevida.com.ar\/portalurbano\/category\/destacadas-2\/\" rel=\"category tag\">Destacadas 2<\/a>","tag_info":"Destacadas 2","comment_count":"0","amp_enabled":true,"_links":{"self":[{"href":"https:\/\/experienciadevida.com.ar\/portalurbano\/wp-json\/wp\/v2\/posts\/135533"}],"collection":[{"href":"https:\/\/experienciadevida.com.ar\/portalurbano\/wp-json\/wp\/v2\/posts"}],"about":[{"href":"https:\/\/experienciadevida.com.ar\/portalurbano\/wp-json\/wp\/v2\/types\/post"}],"author":[{"embeddable":true,"href":"https:\/\/experienciadevida.com.ar\/portalurbano\/wp-json\/wp\/v2\/users\/1"}],"replies":[{"embeddable":true,"href":"https:\/\/experienciadevida.com.ar\/portalurbano\/wp-json\/wp\/v2\/comments?post=135533"}],"version-history":[{"count":2,"href":"https:\/\/experienciadevida.com.ar\/portalurbano\/wp-json\/wp\/v2\/posts\/135533\/revisions"}],"predecessor-version":[{"id":135536,"href":"https:\/\/experienciadevida.com.ar\/portalurbano\/wp-json\/wp\/v2\/posts\/135533\/revisions\/135536"}],"wp:featuredmedia":[{"embeddable":true,"href":"https:\/\/experienciadevida.com.ar\/portalurbano\/wp-json\/wp\/v2\/media\/135534"}],"wp:attachment":[{"href":"https:\/\/experienciadevida.com.ar\/portalurbano\/wp-json\/wp\/v2\/media?parent=135533"}],"wp:term":[{"taxonomy":"category","embeddable":true,"href":"https:\/\/experienciadevida.com.ar\/portalurbano\/wp-json\/wp\/v2\/categories?post=135533"},{"taxonomy":"post_tag","embeddable":true,"href":"https:\/\/experienciadevida.com.ar\/portalurbano\/wp-json\/wp\/v2\/tags?post=135533"}],"curies":[{"name":"wp","href":"https:\/\/api.w.org\/{rel}","templated":true}]}}