{"id":135516,"date":"2021-02-19T15:09:36","date_gmt":"2021-02-19T18:09:36","guid":{"rendered":"https:\/\/experienciadevida.com.ar\/portalurbano\/?p=135516"},"modified":"2021-02-19T15:10:52","modified_gmt":"2021-02-19T18:10:52","slug":"alberto-fernandez-lanzo-el-consejo-economico-y-social-quienes-son-sus-miembros","status":"publish","type":"post","link":"https:\/\/experienciadevida.com.ar\/portalurbano\/alberto-fernandez-lanzo-el-consejo-economico-y-social-quienes-son-sus-miembros\/","title":{"rendered":"Alberto Fern\u00e1ndez lanz\u00f3 el Consejo Econ\u00f3mico y Social: qui\u00e9nes son sus miembros"},"content":{"rendered":"<p style=\"text-align: left;\">Alberto Fern\u00e1ndez lanz\u00f3 el Consejo Econ\u00f3mico y Social: qui\u00e9nes son sus miembros. El organismo, que ser\u00e1 encabezado por el secretario de Asuntos Estrat\u00e9gicos, Gustavo B\u00e9liz, era una promesa de campa\u00f1a del Presidente.<\/p>\n<p>El presidente Alberto Fern\u00e1ndez lanz\u00f3 el Consejo Econ\u00f3mico y Social, que ser\u00e1 presidido por el secretario de Asuntos Estrat\u00e9gicos, Gustavo B\u00e9liz, y estar\u00e1 integrado por 30 miembros de distintos sectores del empresariado, los sindicatos, los movimientos sociales y la academia.<\/p>\n<p>\u201cEntendamos que de ac\u00e1 puede nacer otro pa\u00eds \u201c, resalt\u00f3 el m\u00e1ximo mandatario al encabezar el acto de lanzamiento del Consejo Econ\u00f3mico y Social este mediod\u00eda, que hab\u00eda sido una de sus promesas de campa\u00f1a, y que trabajar\u00e1 en pol\u00edticas de Estado a largo plazo en materias como productividad e integraci\u00f3n social; medio ambiente y cambio clim\u00e1tico; trabajo; seguridad alimentaria; y democracia innovadora.<\/p>\n<p>El mandatario remarc\u00f3 la importancia de apostar por el di\u00e1logo para dejar de una vez de lado \u201clas frustraciones\u201d que hist\u00f3ricamente despertaron este tipo de experiencias truncas, que en definitiva buscan \u201cconstruir una econom\u00eda m\u00e1s igual\u201d. \u201cEsto no es una mesa para ver qu\u00e9 inter\u00e9s predomina sino para ver qu\u00e9 intereses confluyen en favor del desarrollo com\u00fan\u201d, enfatiz\u00f3.<\/p>\n<p>El Presidente Alberto Fern\u00e1ndez lanz\u00f3 el Consejo Econ\u00f3mico\u00a0 y Social, el nuevo organismo, cuya funci\u00f3n ser\u00e1 elaborar una agenda institucional que supere la coyuntura y marque pol\u00edticas de Estado para los pr\u00f3ximos 30 a\u00f1os, ser\u00e1 creado por decreto. Estar\u00e1 presidido por B\u00e9liz, quien acompa\u00f1\u00f3 al Presidente en su lanzamiento.<\/p>\n<p>\u201cIngenuidad es pensar que podemos pensar un pa\u00eds con desarrollo caminando divididos y pensando fracturados\u201d, puntualiz\u00f3 el secretario de la Presidencia y hombre de extrema confianza de Fern\u00e1ndez, al abogar por \u201cla cultura del encuentro y la amistad social\u201d.<\/p>\n<p>\u201cEste Consejo fue largamente reclamado, dise\u00f1ado y so\u00f1ado por diversos sectores de la vida institucional y social del pa\u00eds. Tiene que ser la voz de los olvidados, los que integran el basurero de la historia que no tienen lugar en la mesa de los argentinos\u201d, agreg\u00f3 Beliz.<\/p>\n<p>El Consejo ser\u00e1 conformado por 30 miembros surgidos del di\u00e1logo con los sectores empresariales, gremiales, acad\u00e9micos y de la sociedad civil. Para su constituci\u00f3n, la Secretar\u00eda de Asuntos Estrat\u00e9gicos analiz\u00f3 diferentes experiencias a nivel nacional e internacional, entre ellas las de B\u00e9lgica, Espa\u00f1a, Francia, Irlanda, Italia y Pa\u00edses Bajos. Asimismo, se tom\u00f3 como referencia el Consejo Econ\u00f3mico y Social de las Naciones Unidas.<\/p>\n<p>Alberto Fern\u00e1ndez lanz\u00f3 el Consejo Econ\u00f3mico y social, y antes del acto el presidente Alberto Fern\u00e1ndez mantuvo una reuni\u00f3n de trabajo junto al secretario Beliz, a ministros del gabinete nacional, a gobernadores y a los 30 flamantes consejeros.<\/p>\n<p>Todos los integrantes del Consejo:<\/p>\n<p>Los miembros del Consejo Econ\u00f3mico y Social son los representantes de la Universidad de Misiones, Alicia Bohren; la Bolsa de Cereales, Jos\u00e9 Martins; la Uni\u00f3n Industrial Argentina (UIA), Carolina Castro; la C\u00e1mara Argentina de la Construcci\u00f3n (Camarco), Iv\u00e1n Szech; la C\u00e1mara de Comercio, Natalio Grinman; la Central de Trabajadores de la Argentina (CTA), Hugo Yasky; la Junta Federal de Cortes y Superiores Tribunales de Justicia de Argentina (JUFEJUS), Maria del Carmen Battaini; CGERA, Marcelo Fern\u00e1ndez; la CGT, H\u00e9ctor Daer y Antonio Cal\u00f3; la Uni\u00f3n Obrera de la Construcci\u00f3n (UOCRA), Gerardo Mart\u00ednez y de ACCENTURE, Sergio Kaufman.<\/p>\n<p>Tambi\u00e9n habr\u00e1 representantes de la Uni\u00f3n de Trabajadores de la Econom\u00eda Popular (CTEP), Esteban \u201cGringo\u201d Castro; CONAM, Edith Encinas; el CONICET, Carolina Carrillo y Ana Mar\u00eda Llois; la Academia Nacional de Ciencias Morales y Pol\u00edticas, Marita Carballo; el Consejo Interuniversitario Nacional, Delfina Veirav\u00e9; la UPCN, Andr\u00e9s Rodr\u00edguez; CAME-Mujeres, Beatriz Tourn; la Federaci\u00f3n Agraria Argentina, Carlos Achetoni; SMATA, Ricardo Pignanelli; la Universidad de Buenos Aires (UBA), Alberto Barbieri; La Bancaria, Sergio Palazzo y la Uni\u00f3n Industrial de Salta, Paula Bibini.<\/p>\n<p>Fuente: DIB<\/p>\n","protected":false},"excerpt":{"rendered":"<p>Alberto Fern\u00e1ndez lanz\u00f3 el Consejo Econ\u00f3mico y Social: qui\u00e9nes son sus miembros. El organismo, que&#8230;<\/p>\n","protected":false},"author":1,"featured_media":135517,"comment_status":"closed","ping_status":"closed","sticky":false,"template":"","format":"standard","meta":{"content-type":""},"categories":[39],"tags":[],"nelio_content":{"isAutoShareEnabled":false,"autoShareEndMode":"default","automationSources":{"useContentSentences":true,"useSocialTemplates":true,"useCustomSentences":false,"customSentences":[]},"followers":[1],"suggestedReferences":[],"includedReferences":[],"efiUrl":"","efiAlt":"","highlights":[]},"yoast_head":"<!-- This site is optimized with the Yoast SEO plugin v20.7 - https:\/\/yoast.com\/wordpress\/plugins\/seo\/ -->\n<title>Alberto Fern\u00e1ndez lanz\u00f3 el Consejo Econ\u00f3mico y social<\/title>\n<meta name=\"description\" content=\"Alberto Fern\u00e1ndez lanz\u00f3 el Consejo Econ\u00f3mico y Social: qui\u00e9nes son sus miembros, er\u00e1 encabezado por el secretario Gustavo B\u00e9liz.\" \/>\n<meta name=\"robots\" content=\"index, follow, max-snippet:-1, max-image-preview:large, max-video-preview:-1\" \/>\n<link rel=\"canonical\" href=\"https:\/\/experienciadevida.com.ar\/portalurbano\/alberto-fernandez-lanzo-el-consejo-economico-y-social-quienes-son-sus-miembros\/\" \/>\n<meta property=\"og:locale\" content=\"es_ES\" \/>\n<meta property=\"og:type\" content=\"article\" \/>\n<meta property=\"og:title\" content=\"Alberto Fern\u00e1ndez lanz\u00f3 el Consejo Econ\u00f3mico y social\" \/>\n<meta property=\"og:description\" content=\"Alberto Fern\u00e1ndez lanz\u00f3 el Consejo Econ\u00f3mico y Social: qui\u00e9nes son sus miembros, er\u00e1 encabezado por el secretario Gustavo B\u00e9liz.\" \/>\n<meta property=\"og:url\" content=\"https:\/\/experienciadevida.com.ar\/portalurbano\/alberto-fernandez-lanzo-el-consejo-economico-y-social-quienes-son-sus-miembros\/\" \/>\n<meta property=\"article:publisher\" content=\"https:\/\/www.facebook.com\/Portal-Urbano-171542830093757\/\" \/>\n<meta property=\"article:published_time\" content=\"2021-02-19T18:09:36+00:00\" \/>\n<meta property=\"article:modified_time\" content=\"2021-02-19T18:10:52+00:00\" \/>\n<meta property=\"og:image\" content=\"https:\/\/experienciadevida.com.ar\/portalurbano\/wp-content\/uploads\/2021\/02\/Alberto-Fernandez-lanzo-el-Consejo.jpg\" \/>\n\t<meta property=\"og:image:width\" content=\"611\" \/>\n\t<meta property=\"og:image:height\" content=\"338\" \/>\n\t<meta property=\"og:image:type\" content=\"image\/jpeg\" \/>\n<meta name=\"author\" content=\"admpu17wp\" \/>\n<meta name=\"twitter:card\" content=\"summary_large_image\" \/>\n<meta name=\"twitter:creator\" content=\"@portalurbanook\" \/>\n<meta name=\"twitter:site\" content=\"@portalurbanook\" \/>\n<meta name=\"twitter:label1\" content=\"Escrito por\" \/>\n\t<meta name=\"twitter:data1\" content=\"admpu17wp\" \/>\n\t<meta name=\"twitter:label2\" content=\"Tiempo de lectura\" \/>\n\t<meta name=\"twitter:data2\" content=\"3 minutos\" \/>\n<script type=\"application\/ld+json\" class=\"yoast-schema-graph\">{\"@context\":\"https:\/\/schema.org\",\"@graph\":[{\"@type\":\"Article\",\"@id\":\"https:\/\/experienciadevida.com.ar\/portalurbano\/alberto-fernandez-lanzo-el-consejo-economico-y-social-quienes-son-sus-miembros\/#article\",\"isPartOf\":{\"@id\":\"https:\/\/experienciadevida.com.ar\/portalurbano\/alberto-fernandez-lanzo-el-consejo-economico-y-social-quienes-son-sus-miembros\/\"},\"author\":{\"name\":\"admpu17wp\",\"@id\":\"https:\/\/experienciadevida.com.ar\/portalurbano\/#\/schema\/person\/02dd326b1c4b056e9cc972486934a3a7\"},\"headline\":\"Alberto Fern\u00e1ndez lanz\u00f3 el Consejo Econ\u00f3mico y Social: qui\u00e9nes son sus miembros\",\"datePublished\":\"2021-02-19T18:09:36+00:00\",\"dateModified\":\"2021-02-19T18:10:52+00:00\",\"mainEntityOfPage\":{\"@id\":\"https:\/\/experienciadevida.com.ar\/portalurbano\/alberto-fernandez-lanzo-el-consejo-economico-y-social-quienes-son-sus-miembros\/\"},\"wordCount\":691,\"publisher\":{\"@id\":\"https:\/\/experienciadevida.com.ar\/portalurbano\/#organization\"},\"articleSection\":[\"Naci\u00f3n\"],\"inLanguage\":\"es\"},{\"@type\":\"WebPage\",\"@id\":\"https:\/\/experienciadevida.com.ar\/portalurbano\/alberto-fernandez-lanzo-el-consejo-economico-y-social-quienes-son-sus-miembros\/\",\"url\":\"https:\/\/experienciadevida.com.ar\/portalurbano\/alberto-fernandez-lanzo-el-consejo-economico-y-social-quienes-son-sus-miembros\/\",\"name\":\"Alberto Fern\u00e1ndez lanz\u00f3 el Consejo Econ\u00f3mico y social\",\"isPartOf\":{\"@id\":\"https:\/\/experienciadevida.com.ar\/portalurbano\/#website\"},\"datePublished\":\"2021-02-19T18:09:36+00:00\",\"dateModified\":\"2021-02-19T18:10:52+00:00\",\"description\":\"Alberto Fern\u00e1ndez lanz\u00f3 el Consejo Econ\u00f3mico y Social: qui\u00e9nes son sus miembros, er\u00e1 encabezado por el secretario Gustavo B\u00e9liz.\",\"breadcrumb\":{\"@id\":\"https:\/\/experienciadevida.com.ar\/portalurbano\/alberto-fernandez-lanzo-el-consejo-economico-y-social-quienes-son-sus-miembros\/#breadcrumb\"},\"inLanguage\":\"es\",\"potentialAction\":[{\"@type\":\"ReadAction\",\"target\":[\"https:\/\/experienciadevida.com.ar\/portalurbano\/alberto-fernandez-lanzo-el-consejo-economico-y-social-quienes-son-sus-miembros\/\"]}]},{\"@type\":\"BreadcrumbList\",\"@id\":\"https:\/\/experienciadevida.com.ar\/portalurbano\/alberto-fernandez-lanzo-el-consejo-economico-y-social-quienes-son-sus-miembros\/#breadcrumb\",\"itemListElement\":[{\"@type\":\"ListItem\",\"position\":1,\"name\":\"Portada\",\"item\":\"https:\/\/experienciadevida.com.ar\/portalurbano\/\"},{\"@type\":\"ListItem\",\"position\":2,\"name\":\"Alberto Fern\u00e1ndez lanz\u00f3 el Consejo Econ\u00f3mico y Social: qui\u00e9nes son sus miembros\"}]},{\"@type\":\"WebSite\",\"@id\":\"https:\/\/experienciadevida.com.ar\/portalurbano\/#website\",\"url\":\"https:\/\/experienciadevida.com.ar\/portalurbano\/\",\"name\":\"\",\"description\":\"\",\"publisher\":{\"@id\":\"https:\/\/experienciadevida.com.ar\/portalurbano\/#organization\"},\"potentialAction\":[{\"@type\":\"SearchAction\",\"target\":{\"@type\":\"EntryPoint\",\"urlTemplate\":\"https:\/\/experienciadevida.com.ar\/portalurbano\/?s={search_term_string}\"},\"query-input\":\"required name=search_term_string\"}],\"inLanguage\":\"es\"},{\"@type\":\"Organization\",\"@id\":\"https:\/\/experienciadevida.com.ar\/portalurbano\/#organization\",\"name\":\"Portal Urbano\",\"url\":\"https:\/\/experienciadevida.com.ar\/portalurbano\/\",\"logo\":{\"@type\":\"ImageObject\",\"inLanguage\":\"es\",\"@id\":\"https:\/\/experienciadevida.com.ar\/portalurbano\/#\/schema\/logo\/image\/\",\"url\":\"https:\/\/experienciadevida.com.ar\/portalurbano\/wp-content\/uploads\/2019\/09\/Logo-Original.png\",\"contentUrl\":\"https:\/\/experienciadevida.com.ar\/portalurbano\/wp-content\/uploads\/2019\/09\/Logo-Original.png\",\"width\":2236,\"height\":1216,\"caption\":\"Portal Urbano\"},\"image\":{\"@id\":\"https:\/\/experienciadevida.com.ar\/portalurbano\/#\/schema\/logo\/image\/\"},\"sameAs\":[\"https:\/\/www.facebook.com\/Portal-Urbano-171542830093757\/\",\"https:\/\/twitter.com\/portalurbanook\",\"https:\/\/www.instagram.com\/_portalurbano\/\",\"https:\/\/www.youtube.com\/channel\/UCXhagIfszH8KxFiOok79zbA?view_as=subscriber\"]},{\"@type\":\"Person\",\"@id\":\"https:\/\/experienciadevida.com.ar\/portalurbano\/#\/schema\/person\/02dd326b1c4b056e9cc972486934a3a7\",\"name\":\"admpu17wp\",\"image\":{\"@type\":\"ImageObject\",\"inLanguage\":\"es\",\"@id\":\"https:\/\/experienciadevida.com.ar\/portalurbano\/#\/schema\/person\/image\/\",\"url\":\"https:\/\/secure.gravatar.com\/avatar\/830d4c57adaae6630765e449a6908047?s=96&d=mm&r=g\",\"contentUrl\":\"https:\/\/secure.gravatar.com\/avatar\/830d4c57adaae6630765e449a6908047?s=96&d=mm&r=g\",\"caption\":\"admpu17wp\"}}]}<\/script>\n<!-- \/ Yoast SEO plugin. -->","yoast_head_json":{"title":"Alberto Fern\u00e1ndez lanz\u00f3 el Consejo Econ\u00f3mico y social","description":"Alberto Fern\u00e1ndez lanz\u00f3 el Consejo Econ\u00f3mico y Social: qui\u00e9nes son sus miembros, er\u00e1 encabezado por el secretario Gustavo B\u00e9liz.","robots":{"index":"index","follow":"follow","max-snippet":"max-snippet:-1","max-image-preview":"max-image-preview:large","max-video-preview":"max-video-preview:-1"},"canonical":"https:\/\/experienciadevida.com.ar\/portalurbano\/alberto-fernandez-lanzo-el-consejo-economico-y-social-quienes-son-sus-miembros\/","og_locale":"es_ES","og_type":"article","og_title":"Alberto Fern\u00e1ndez lanz\u00f3 el Consejo Econ\u00f3mico y social","og_description":"Alberto Fern\u00e1ndez lanz\u00f3 el Consejo Econ\u00f3mico y Social: qui\u00e9nes son sus miembros, er\u00e1 encabezado por el secretario Gustavo B\u00e9liz.","og_url":"https:\/\/experienciadevida.com.ar\/portalurbano\/alberto-fernandez-lanzo-el-consejo-economico-y-social-quienes-son-sus-miembros\/","article_publisher":"https:\/\/www.facebook.com\/Portal-Urbano-171542830093757\/","article_published_time":"2021-02-19T18:09:36+00:00","article_modified_time":"2021-02-19T18:10:52+00:00","og_image":[{"width":611,"height":338,"url":"https:\/\/experienciadevida.com.ar\/portalurbano\/wp-content\/uploads\/2021\/02\/Alberto-Fernandez-lanzo-el-Consejo.jpg","type":"image\/jpeg"}],"author":"admpu17wp","twitter_card":"summary_large_image","twitter_creator":"@portalurbanook","twitter_site":"@portalurbanook","twitter_misc":{"Escrito por":"admpu17wp","Tiempo de lectura":"3 minutos"},"schema":{"@context":"https:\/\/schema.org","@graph":[{"@type":"Article","@id":"https:\/\/experienciadevida.com.ar\/portalurbano\/alberto-fernandez-lanzo-el-consejo-economico-y-social-quienes-son-sus-miembros\/#article","isPartOf":{"@id":"https:\/\/experienciadevida.com.ar\/portalurbano\/alberto-fernandez-lanzo-el-consejo-economico-y-social-quienes-son-sus-miembros\/"},"author":{"name":"admpu17wp","@id":"https:\/\/experienciadevida.com.ar\/portalurbano\/#\/schema\/person\/02dd326b1c4b056e9cc972486934a3a7"},"headline":"Alberto Fern\u00e1ndez lanz\u00f3 el Consejo Econ\u00f3mico y Social: qui\u00e9nes son sus miembros","datePublished":"2021-02-19T18:09:36+00:00","dateModified":"2021-02-19T18:10:52+00:00","mainEntityOfPage":{"@id":"https:\/\/experienciadevida.com.ar\/portalurbano\/alberto-fernandez-lanzo-el-consejo-economico-y-social-quienes-son-sus-miembros\/"},"wordCount":691,"publisher":{"@id":"https:\/\/experienciadevida.com.ar\/portalurbano\/#organization"},"articleSection":["Naci\u00f3n"],"inLanguage":"es"},{"@type":"WebPage","@id":"https:\/\/experienciadevida.com.ar\/portalurbano\/alberto-fernandez-lanzo-el-consejo-economico-y-social-quienes-son-sus-miembros\/","url":"https:\/\/experienciadevida.com.ar\/portalurbano\/alberto-fernandez-lanzo-el-consejo-economico-y-social-quienes-son-sus-miembros\/","name":"Alberto Fern\u00e1ndez lanz\u00f3 el Consejo Econ\u00f3mico y social","isPartOf":{"@id":"https:\/\/experienciadevida.com.ar\/portalurbano\/#website"},"datePublished":"2021-02-19T18:09:36+00:00","dateModified":"2021-02-19T18:10:52+00:00","description":"Alberto Fern\u00e1ndez lanz\u00f3 el Consejo Econ\u00f3mico y Social: qui\u00e9nes son sus miembros, er\u00e1 encabezado por el secretario Gustavo B\u00e9liz.","breadcrumb":{"@id":"https:\/\/experienciadevida.com.ar\/portalurbano\/alberto-fernandez-lanzo-el-consejo-economico-y-social-quienes-son-sus-miembros\/#breadcrumb"},"inLanguage":"es","potentialAction":[{"@type":"ReadAction","target":["https:\/\/experienciadevida.com.ar\/portalurbano\/alberto-fernandez-lanzo-el-consejo-economico-y-social-quienes-son-sus-miembros\/"]}]},{"@type":"BreadcrumbList","@id":"https:\/\/experienciadevida.com.ar\/portalurbano\/alberto-fernandez-lanzo-el-consejo-economico-y-social-quienes-son-sus-miembros\/#breadcrumb","itemListElement":[{"@type":"ListItem","position":1,"name":"Portada","item":"https:\/\/experienciadevida.com.ar\/portalurbano\/"},{"@type":"ListItem","position":2,"name":"Alberto Fern\u00e1ndez lanz\u00f3 el Consejo Econ\u00f3mico y Social: qui\u00e9nes son sus miembros"}]},{"@type":"WebSite","@id":"https:\/\/experienciadevida.com.ar\/portalurbano\/#website","url":"https:\/\/experienciadevida.com.ar\/portalurbano\/","name":"","description":"","publisher":{"@id":"https:\/\/experienciadevida.com.ar\/portalurbano\/#organization"},"potentialAction":[{"@type":"SearchAction","target":{"@type":"EntryPoint","urlTemplate":"https:\/\/experienciadevida.com.ar\/portalurbano\/?s={search_term_string}"},"query-input":"required name=search_term_string"}],"inLanguage":"es"},{"@type":"Organization","@id":"https:\/\/experienciadevida.com.ar\/portalurbano\/#organization","name":"Portal Urbano","url":"https:\/\/experienciadevida.com.ar\/portalurbano\/","logo":{"@type":"ImageObject","inLanguage":"es","@id":"https:\/\/experienciadevida.com.ar\/portalurbano\/#\/schema\/logo\/image\/","url":"https:\/\/experienciadevida.com.ar\/portalurbano\/wp-content\/uploads\/2019\/09\/Logo-Original.png","contentUrl":"https:\/\/experienciadevida.com.ar\/portalurbano\/wp-content\/uploads\/2019\/09\/Logo-Original.png","width":2236,"height":1216,"caption":"Portal Urbano"},"image":{"@id":"https:\/\/experienciadevida.com.ar\/portalurbano\/#\/schema\/logo\/image\/"},"sameAs":["https:\/\/www.facebook.com\/Portal-Urbano-171542830093757\/","https:\/\/twitter.com\/portalurbanook","https:\/\/www.instagram.com\/_portalurbano\/","https:\/\/www.youtube.com\/channel\/UCXhagIfszH8KxFiOok79zbA?view_as=subscriber"]},{"@type":"Person","@id":"https:\/\/experienciadevida.com.ar\/portalurbano\/#\/schema\/person\/02dd326b1c4b056e9cc972486934a3a7","name":"admpu17wp","image":{"@type":"ImageObject","inLanguage":"es","@id":"https:\/\/experienciadevida.com.ar\/portalurbano\/#\/schema\/person\/image\/","url":"https:\/\/secure.gravatar.com\/avatar\/830d4c57adaae6630765e449a6908047?s=96&d=mm&r=g","contentUrl":"https:\/\/secure.gravatar.com\/avatar\/830d4c57adaae6630765e449a6908047?s=96&d=mm&r=g","caption":"admpu17wp"}}]}},"featured_image_urls":{"full":["https:\/\/experienciadevida.com.ar\/portalurbano\/wp-content\/uploads\/2021\/02\/Alberto-Fernandez-lanzo-el-Consejo.jpg",611,338,false],"thumbnail":["https:\/\/experienciadevida.com.ar\/portalurbano\/wp-content\/uploads\/2021\/02\/Alberto-Fernandez-lanzo-el-Consejo-150x150.jpg",150,150,true],"medium":["https:\/\/experienciadevida.com.ar\/portalurbano\/wp-content\/uploads\/2021\/02\/Alberto-Fernandez-lanzo-el-Consejo-300x166.jpg",300,166,true],"medium_large":["https:\/\/experienciadevida.com.ar\/portalurbano\/wp-content\/uploads\/2021\/02\/Alberto-Fernandez-lanzo-el-Consejo.jpg",611,338,false],"large":["https:\/\/experienciadevida.com.ar\/portalurbano\/wp-content\/uploads\/2021\/02\/Alberto-Fernandez-lanzo-el-Consejo.jpg",611,338,false],"ug_big":["https:\/\/experienciadevida.com.ar\/portalurbano\/wp-content\/uploads\/2021\/02\/Alberto-Fernandez-lanzo-el-Consejo.jpg",611,338,false],"1536x1536":["https:\/\/experienciadevida.com.ar\/portalurbano\/wp-content\/uploads\/2021\/02\/Alberto-Fernandez-lanzo-el-Consejo.jpg",611,338,false],"2048x2048":["https:\/\/experienciadevida.com.ar\/portalurbano\/wp-content\/uploads\/2021\/02\/Alberto-Fernandez-lanzo-el-Consejo.jpg",611,338,false],"newsever-slider-full":["https:\/\/experienciadevida.com.ar\/portalurbano\/wp-content\/uploads\/2021\/02\/Alberto-Fernandez-lanzo-el-Consejo.jpg",611,338,false],"newsever-featured":["https:\/\/experienciadevida.com.ar\/portalurbano\/wp-content\/uploads\/2021\/02\/Alberto-Fernandez-lanzo-el-Consejo.jpg",611,338,false],"newsever-medium":["https:\/\/experienciadevida.com.ar\/portalurbano\/wp-content\/uploads\/2021\/02\/Alberto-Fernandez-lanzo-el-Consejo.jpg",611,338,false],"web-stories-poster-portrait":["https:\/\/experienciadevida.com.ar\/portalurbano\/wp-content\/uploads\/2021\/02\/Alberto-Fernandez-lanzo-el-Consejo.jpg",611,338,false],"web-stories-publisher-logo":["https:\/\/experienciadevida.com.ar\/portalurbano\/wp-content\/uploads\/2021\/02\/Alberto-Fernandez-lanzo-el-Consejo.jpg",96,53,false],"web-stories-thumbnail":["https:\/\/experienciadevida.com.ar\/portalurbano\/wp-content\/uploads\/2021\/02\/Alberto-Fernandez-lanzo-el-Consejo.jpg",150,83,false]},"author_info":{"display_name":"admpu17wp","author_link":"https:\/\/experienciadevida.com.ar\/portalurbano\/author\/admpu17wp\/"},"category_info":"<a href=\"https:\/\/experienciadevida.com.ar\/portalurbano\/category\/nacion\/\" rel=\"category tag\">Naci\u00f3n<\/a>","tag_info":"Naci\u00f3n","comment_count":"0","amp_enabled":true,"_links":{"self":[{"href":"https:\/\/experienciadevida.com.ar\/portalurbano\/wp-json\/wp\/v2\/posts\/135516"}],"collection":[{"href":"https:\/\/experienciadevida.com.ar\/portalurbano\/wp-json\/wp\/v2\/posts"}],"about":[{"href":"https:\/\/experienciadevida.com.ar\/portalurbano\/wp-json\/wp\/v2\/types\/post"}],"author":[{"embeddable":true,"href":"https:\/\/experienciadevida.com.ar\/portalurbano\/wp-json\/wp\/v2\/users\/1"}],"replies":[{"embeddable":true,"href":"https:\/\/experienciadevida.com.ar\/portalurbano\/wp-json\/wp\/v2\/comments?post=135516"}],"version-history":[{"count":2,"href":"https:\/\/experienciadevida.com.ar\/portalurbano\/wp-json\/wp\/v2\/posts\/135516\/revisions"}],"predecessor-version":[{"id":135519,"href":"https:\/\/experienciadevida.com.ar\/portalurbano\/wp-json\/wp\/v2\/posts\/135516\/revisions\/135519"}],"wp:featuredmedia":[{"embeddable":true,"href":"https:\/\/experienciadevida.com.ar\/portalurbano\/wp-json\/wp\/v2\/media\/135517"}],"wp:attachment":[{"href":"https:\/\/experienciadevida.com.ar\/portalurbano\/wp-json\/wp\/v2\/media?parent=135516"}],"wp:term":[{"taxonomy":"category","embeddable":true,"href":"https:\/\/experienciadevida.com.ar\/portalurbano\/wp-json\/wp\/v2\/categories?post=135516"},{"taxonomy":"post_tag","embeddable":true,"href":"https:\/\/experienciadevida.com.ar\/portalurbano\/wp-json\/wp\/v2\/tags?post=135516"}],"curies":[{"name":"wp","href":"https:\/\/api.w.org\/{rel}","templated":true}]}}