{"id":135509,"date":"2021-02-19T14:48:28","date_gmt":"2021-02-19T17:48:28","guid":{"rendered":"https:\/\/experienciadevida.com.ar\/portalurbano\/?p=135509"},"modified":"2021-02-19T15:02:05","modified_gmt":"2021-02-19T18:02:05","slug":"este-viernes-el-ministro-de-justicia-julio-alak-visito-el-polo-judicial","status":"publish","type":"post","link":"https:\/\/experienciadevida.com.ar\/portalurbano\/este-viernes-el-ministro-de-justicia-julio-alak-visito-el-polo-judicial\/","title":{"rendered":"Este viernes el Ministro de Justicia, Julio Alak visit\u00f3 el Polo Judicial"},"content":{"rendered":"<p>Este viernes el Ministro de Justicia, Julio Alak visit\u00f3 el Polo Judicial. La recorrida tuvo lugar en la ma\u00f1ana de este viernes, junto al Subsecretario de Miner\u00eda <a href=\"https:\/\/www.facebook.com\/FedericoAguile5\">Federico Aguilera<\/a> y el Diputado C\u00e9sar Valicenti.<\/p>\n<p>Como ya se hab\u00eda anunciado anteriormente, la continuidad de la obra del polo judicial fue incluida en el presupuesto 2021 con una inversi\u00f3n de m\u00e1s de $235 millones.<\/p>\n<p>Este viernes el Ministro de Justicia, Julio Alak visit\u00f3 el Polo Judicial y explicaron que desde el Ministerio de Justicia est\u00e1n trabajando para reanudar la construcci\u00f3n lo antes posible, a la par que se investigan sobreprecios y pagos por obras no realizadas durante el gobierno anterior.<\/p>\n<p>Por otro lado, mencionaron que &#8220;es muy importante esta obra para generar empleo y ampliar y mejorar sistema judicial&#8221;.<\/p>\n<p>Alak pidi\u00f3 un informe al Colegio de Ingenieros Distrito III para poder reactivar la obra, ya que la misma se encuentra parada por una investigaci\u00f3n penal.<\/p>\n<p><a href=\"https:\/\/experienciadevida.com.ar\/portalurbano\/este-viernes-el-ministro-de-justicia-julio-alak-visito-el-polo-judicial\/este-viernes\/\" rel=\"attachment wp-att-135514\"><img decoding=\"async\" class=\"alignnone size-full wp-image-135514\" src=\"https:\/\/experienciadevida.com.ar\/portalurbano\/wp-content\/uploads\/2021\/02\/Este-viernes.jpg\" alt=\"Este viernes\" width=\"1232\" height=\"816\" srcset=\"https:\/\/experienciadevida.com.ar\/portalurbano\/wp-content\/uploads\/2021\/02\/Este-viernes.jpg 1232w, https:\/\/experienciadevida.com.ar\/portalurbano\/wp-content\/uploads\/2021\/02\/Este-viernes-300x199.jpg 300w, https:\/\/experienciadevida.com.ar\/portalurbano\/wp-content\/uploads\/2021\/02\/Este-viernes-1024x678.jpg 1024w, https:\/\/experienciadevida.com.ar\/portalurbano\/wp-content\/uploads\/2021\/02\/Este-viernes-768x509.jpg 768w\" sizes=\"(max-width: 1232px) 100vw, 1232px\" \/><\/a><\/p>\n","protected":false},"excerpt":{"rendered":"<p>Este viernes el Ministro de Justicia, Julio Alak visit\u00f3 el Polo Judicial. La recorrida tuvo&#8230;<\/p>\n","protected":false},"author":1,"featured_media":135510,"comment_status":"closed","ping_status":"closed","sticky":false,"template":"","format":"standard","meta":{"content-type":""},"categories":[27,51],"tags":[],"nelio_content":{"isAutoShareEnabled":false,"autoShareEndMode":"default","automationSources":{"useContentSentences":true,"useSocialTemplates":true,"useCustomSentences":false,"customSentences":[]},"followers":[1],"suggestedReferences":[],"includedReferences":[],"efiUrl":"","efiAlt":"","highlights":[]},"yoast_head":"<!-- This site is optimized with the Yoast SEO plugin v20.7 - https:\/\/yoast.com\/wordpress\/plugins\/seo\/ -->\n<title>Este viernes el Ministro de Justicia, Julio Alak visit\u00f3 el polo judicial<\/title>\n<meta name=\"description\" content=\"Este viernes el Ministro de Justicia, Julio Alak visit\u00f3 el Polo Judicial, junto al Subsecretario de Miner\u00eda Federico Aguilera y Valicenti.\" \/>\n<meta name=\"robots\" content=\"index, follow, max-snippet:-1, max-image-preview:large, max-video-preview:-1\" \/>\n<link rel=\"canonical\" href=\"https:\/\/experienciadevida.com.ar\/portalurbano\/este-viernes-el-ministro-de-justicia-julio-alak-visito-el-polo-judicial\/\" \/>\n<meta property=\"og:locale\" content=\"es_ES\" \/>\n<meta property=\"og:type\" content=\"article\" \/>\n<meta property=\"og:title\" content=\"Este viernes el Ministro de Justicia, Julio Alak visit\u00f3 el polo judicial\" \/>\n<meta property=\"og:description\" content=\"Este viernes el Ministro de Justicia, Julio Alak visit\u00f3 el Polo Judicial, junto al Subsecretario de Miner\u00eda Federico Aguilera y Valicenti.\" \/>\n<meta property=\"og:url\" content=\"https:\/\/experienciadevida.com.ar\/portalurbano\/este-viernes-el-ministro-de-justicia-julio-alak-visito-el-polo-judicial\/\" \/>\n<meta property=\"article:publisher\" content=\"https:\/\/www.facebook.com\/Portal-Urbano-171542830093757\/\" \/>\n<meta property=\"article:published_time\" content=\"2021-02-19T17:48:28+00:00\" \/>\n<meta property=\"article:modified_time\" content=\"2021-02-19T18:02:05+00:00\" \/>\n<meta property=\"og:image\" content=\"https:\/\/experienciadevida.com.ar\/portalurbano\/wp-content\/uploads\/2021\/02\/Este-viernes-el-Ministro-de-Justicia.jpg\" \/>\n\t<meta property=\"og:image:width\" content=\"1232\" \/>\n\t<meta property=\"og:image:height\" content=\"816\" \/>\n\t<meta property=\"og:image:type\" content=\"image\/jpeg\" \/>\n<meta name=\"author\" content=\"admpu17wp\" \/>\n<meta name=\"twitter:card\" content=\"summary_large_image\" \/>\n<meta name=\"twitter:creator\" content=\"@portalurbanook\" \/>\n<meta name=\"twitter:site\" content=\"@portalurbanook\" \/>\n<meta name=\"twitter:label1\" content=\"Escrito por\" \/>\n\t<meta name=\"twitter:data1\" content=\"admpu17wp\" \/>\n\t<meta name=\"twitter:label2\" content=\"Tiempo de lectura\" \/>\n\t<meta name=\"twitter:data2\" content=\"1 minuto\" \/>\n<script type=\"application\/ld+json\" class=\"yoast-schema-graph\">{\"@context\":\"https:\/\/schema.org\",\"@graph\":[{\"@type\":\"Article\",\"@id\":\"https:\/\/experienciadevida.com.ar\/portalurbano\/este-viernes-el-ministro-de-justicia-julio-alak-visito-el-polo-judicial\/#article\",\"isPartOf\":{\"@id\":\"https:\/\/experienciadevida.com.ar\/portalurbano\/este-viernes-el-ministro-de-justicia-julio-alak-visito-el-polo-judicial\/\"},\"author\":{\"name\":\"admpu17wp\",\"@id\":\"https:\/\/experienciadevida.com.ar\/portalurbano\/#\/schema\/person\/02dd326b1c4b056e9cc972486934a3a7\"},\"headline\":\"Este viernes el Ministro de Justicia, Julio Alak visit\u00f3 el Polo Judicial\",\"datePublished\":\"2021-02-19T17:48:28+00:00\",\"dateModified\":\"2021-02-19T18:02:05+00:00\",\"mainEntityOfPage\":{\"@id\":\"https:\/\/experienciadevida.com.ar\/portalurbano\/este-viernes-el-ministro-de-justicia-julio-alak-visito-el-polo-judicial\/\"},\"wordCount\":172,\"publisher\":{\"@id\":\"https:\/\/experienciadevida.com.ar\/portalurbano\/#organization\"},\"articleSection\":[\"Ciudad\",\"Destacadas\"],\"inLanguage\":\"es\"},{\"@type\":\"WebPage\",\"@id\":\"https:\/\/experienciadevida.com.ar\/portalurbano\/este-viernes-el-ministro-de-justicia-julio-alak-visito-el-polo-judicial\/\",\"url\":\"https:\/\/experienciadevida.com.ar\/portalurbano\/este-viernes-el-ministro-de-justicia-julio-alak-visito-el-polo-judicial\/\",\"name\":\"Este viernes el Ministro de Justicia, Julio Alak visit\u00f3 el polo judicial\",\"isPartOf\":{\"@id\":\"https:\/\/experienciadevida.com.ar\/portalurbano\/#website\"},\"datePublished\":\"2021-02-19T17:48:28+00:00\",\"dateModified\":\"2021-02-19T18:02:05+00:00\",\"description\":\"Este viernes el Ministro de Justicia, Julio Alak visit\u00f3 el Polo Judicial, junto al Subsecretario de Miner\u00eda Federico Aguilera y Valicenti.\",\"breadcrumb\":{\"@id\":\"https:\/\/experienciadevida.com.ar\/portalurbano\/este-viernes-el-ministro-de-justicia-julio-alak-visito-el-polo-judicial\/#breadcrumb\"},\"inLanguage\":\"es\",\"potentialAction\":[{\"@type\":\"ReadAction\",\"target\":[\"https:\/\/experienciadevida.com.ar\/portalurbano\/este-viernes-el-ministro-de-justicia-julio-alak-visito-el-polo-judicial\/\"]}]},{\"@type\":\"BreadcrumbList\",\"@id\":\"https:\/\/experienciadevida.com.ar\/portalurbano\/este-viernes-el-ministro-de-justicia-julio-alak-visito-el-polo-judicial\/#breadcrumb\",\"itemListElement\":[{\"@type\":\"ListItem\",\"position\":1,\"name\":\"Portada\",\"item\":\"https:\/\/experienciadevida.com.ar\/portalurbano\/\"},{\"@type\":\"ListItem\",\"position\":2,\"name\":\"Este viernes el Ministro de Justicia, Julio Alak visit\u00f3 el Polo Judicial\"}]},{\"@type\":\"WebSite\",\"@id\":\"https:\/\/experienciadevida.com.ar\/portalurbano\/#website\",\"url\":\"https:\/\/experienciadevida.com.ar\/portalurbano\/\",\"name\":\"\",\"description\":\"\",\"publisher\":{\"@id\":\"https:\/\/experienciadevida.com.ar\/portalurbano\/#organization\"},\"potentialAction\":[{\"@type\":\"SearchAction\",\"target\":{\"@type\":\"EntryPoint\",\"urlTemplate\":\"https:\/\/experienciadevida.com.ar\/portalurbano\/?s={search_term_string}\"},\"query-input\":\"required name=search_term_string\"}],\"inLanguage\":\"es\"},{\"@type\":\"Organization\",\"@id\":\"https:\/\/experienciadevida.com.ar\/portalurbano\/#organization\",\"name\":\"Portal Urbano\",\"url\":\"https:\/\/experienciadevida.com.ar\/portalurbano\/\",\"logo\":{\"@type\":\"ImageObject\",\"inLanguage\":\"es\",\"@id\":\"https:\/\/experienciadevida.com.ar\/portalurbano\/#\/schema\/logo\/image\/\",\"url\":\"https:\/\/experienciadevida.com.ar\/portalurbano\/wp-content\/uploads\/2019\/09\/Logo-Original.png\",\"contentUrl\":\"https:\/\/experienciadevida.com.ar\/portalurbano\/wp-content\/uploads\/2019\/09\/Logo-Original.png\",\"width\":2236,\"height\":1216,\"caption\":\"Portal Urbano\"},\"image\":{\"@id\":\"https:\/\/experienciadevida.com.ar\/portalurbano\/#\/schema\/logo\/image\/\"},\"sameAs\":[\"https:\/\/www.facebook.com\/Portal-Urbano-171542830093757\/\",\"https:\/\/twitter.com\/portalurbanook\",\"https:\/\/www.instagram.com\/_portalurbano\/\",\"https:\/\/www.youtube.com\/channel\/UCXhagIfszH8KxFiOok79zbA?view_as=subscriber\"]},{\"@type\":\"Person\",\"@id\":\"https:\/\/experienciadevida.com.ar\/portalurbano\/#\/schema\/person\/02dd326b1c4b056e9cc972486934a3a7\",\"name\":\"admpu17wp\",\"image\":{\"@type\":\"ImageObject\",\"inLanguage\":\"es\",\"@id\":\"https:\/\/experienciadevida.com.ar\/portalurbano\/#\/schema\/person\/image\/\",\"url\":\"https:\/\/secure.gravatar.com\/avatar\/830d4c57adaae6630765e449a6908047?s=96&d=mm&r=g\",\"contentUrl\":\"https:\/\/secure.gravatar.com\/avatar\/830d4c57adaae6630765e449a6908047?s=96&d=mm&r=g\",\"caption\":\"admpu17wp\"}}]}<\/script>\n<!-- \/ Yoast SEO plugin. -->","yoast_head_json":{"title":"Este viernes el Ministro de Justicia, Julio Alak visit\u00f3 el polo judicial","description":"Este viernes el Ministro de Justicia, Julio Alak visit\u00f3 el Polo Judicial, junto al Subsecretario de Miner\u00eda Federico Aguilera y Valicenti.","robots":{"index":"index","follow":"follow","max-snippet":"max-snippet:-1","max-image-preview":"max-image-preview:large","max-video-preview":"max-video-preview:-1"},"canonical":"https:\/\/experienciadevida.com.ar\/portalurbano\/este-viernes-el-ministro-de-justicia-julio-alak-visito-el-polo-judicial\/","og_locale":"es_ES","og_type":"article","og_title":"Este viernes el Ministro de Justicia, Julio Alak visit\u00f3 el polo judicial","og_description":"Este viernes el Ministro de Justicia, Julio Alak visit\u00f3 el Polo Judicial, junto al Subsecretario de Miner\u00eda Federico Aguilera y Valicenti.","og_url":"https:\/\/experienciadevida.com.ar\/portalurbano\/este-viernes-el-ministro-de-justicia-julio-alak-visito-el-polo-judicial\/","article_publisher":"https:\/\/www.facebook.com\/Portal-Urbano-171542830093757\/","article_published_time":"2021-02-19T17:48:28+00:00","article_modified_time":"2021-02-19T18:02:05+00:00","og_image":[{"width":1232,"height":816,"url":"https:\/\/experienciadevida.com.ar\/portalurbano\/wp-content\/uploads\/2021\/02\/Este-viernes-el-Ministro-de-Justicia.jpg","type":"image\/jpeg"}],"author":"admpu17wp","twitter_card":"summary_large_image","twitter_creator":"@portalurbanook","twitter_site":"@portalurbanook","twitter_misc":{"Escrito por":"admpu17wp","Tiempo de lectura":"1 minuto"},"schema":{"@context":"https:\/\/schema.org","@graph":[{"@type":"Article","@id":"https:\/\/experienciadevida.com.ar\/portalurbano\/este-viernes-el-ministro-de-justicia-julio-alak-visito-el-polo-judicial\/#article","isPartOf":{"@id":"https:\/\/experienciadevida.com.ar\/portalurbano\/este-viernes-el-ministro-de-justicia-julio-alak-visito-el-polo-judicial\/"},"author":{"name":"admpu17wp","@id":"https:\/\/experienciadevida.com.ar\/portalurbano\/#\/schema\/person\/02dd326b1c4b056e9cc972486934a3a7"},"headline":"Este viernes el Ministro de Justicia, Julio Alak visit\u00f3 el Polo Judicial","datePublished":"2021-02-19T17:48:28+00:00","dateModified":"2021-02-19T18:02:05+00:00","mainEntityOfPage":{"@id":"https:\/\/experienciadevida.com.ar\/portalurbano\/este-viernes-el-ministro-de-justicia-julio-alak-visito-el-polo-judicial\/"},"wordCount":172,"publisher":{"@id":"https:\/\/experienciadevida.com.ar\/portalurbano\/#organization"},"articleSection":["Ciudad","Destacadas"],"inLanguage":"es"},{"@type":"WebPage","@id":"https:\/\/experienciadevida.com.ar\/portalurbano\/este-viernes-el-ministro-de-justicia-julio-alak-visito-el-polo-judicial\/","url":"https:\/\/experienciadevida.com.ar\/portalurbano\/este-viernes-el-ministro-de-justicia-julio-alak-visito-el-polo-judicial\/","name":"Este viernes el Ministro de Justicia, Julio Alak visit\u00f3 el polo judicial","isPartOf":{"@id":"https:\/\/experienciadevida.com.ar\/portalurbano\/#website"},"datePublished":"2021-02-19T17:48:28+00:00","dateModified":"2021-02-19T18:02:05+00:00","description":"Este viernes el Ministro de Justicia, Julio Alak visit\u00f3 el Polo Judicial, junto al Subsecretario de Miner\u00eda Federico Aguilera y Valicenti.","breadcrumb":{"@id":"https:\/\/experienciadevida.com.ar\/portalurbano\/este-viernes-el-ministro-de-justicia-julio-alak-visito-el-polo-judicial\/#breadcrumb"},"inLanguage":"es","potentialAction":[{"@type":"ReadAction","target":["https:\/\/experienciadevida.com.ar\/portalurbano\/este-viernes-el-ministro-de-justicia-julio-alak-visito-el-polo-judicial\/"]}]},{"@type":"BreadcrumbList","@id":"https:\/\/experienciadevida.com.ar\/portalurbano\/este-viernes-el-ministro-de-justicia-julio-alak-visito-el-polo-judicial\/#breadcrumb","itemListElement":[{"@type":"ListItem","position":1,"name":"Portada","item":"https:\/\/experienciadevida.com.ar\/portalurbano\/"},{"@type":"ListItem","position":2,"name":"Este viernes el Ministro de Justicia, Julio Alak visit\u00f3 el Polo Judicial"}]},{"@type":"WebSite","@id":"https:\/\/experienciadevida.com.ar\/portalurbano\/#website","url":"https:\/\/experienciadevida.com.ar\/portalurbano\/","name":"","description":"","publisher":{"@id":"https:\/\/experienciadevida.com.ar\/portalurbano\/#organization"},"potentialAction":[{"@type":"SearchAction","target":{"@type":"EntryPoint","urlTemplate":"https:\/\/experienciadevida.com.ar\/portalurbano\/?s={search_term_string}"},"query-input":"required name=search_term_string"}],"inLanguage":"es"},{"@type":"Organization","@id":"https:\/\/experienciadevida.com.ar\/portalurbano\/#organization","name":"Portal Urbano","url":"https:\/\/experienciadevida.com.ar\/portalurbano\/","logo":{"@type":"ImageObject","inLanguage":"es","@id":"https:\/\/experienciadevida.com.ar\/portalurbano\/#\/schema\/logo\/image\/","url":"https:\/\/experienciadevida.com.ar\/portalurbano\/wp-content\/uploads\/2019\/09\/Logo-Original.png","contentUrl":"https:\/\/experienciadevida.com.ar\/portalurbano\/wp-content\/uploads\/2019\/09\/Logo-Original.png","width":2236,"height":1216,"caption":"Portal Urbano"},"image":{"@id":"https:\/\/experienciadevida.com.ar\/portalurbano\/#\/schema\/logo\/image\/"},"sameAs":["https:\/\/www.facebook.com\/Portal-Urbano-171542830093757\/","https:\/\/twitter.com\/portalurbanook","https:\/\/www.instagram.com\/_portalurbano\/","https:\/\/www.youtube.com\/channel\/UCXhagIfszH8KxFiOok79zbA?view_as=subscriber"]},{"@type":"Person","@id":"https:\/\/experienciadevida.com.ar\/portalurbano\/#\/schema\/person\/02dd326b1c4b056e9cc972486934a3a7","name":"admpu17wp","image":{"@type":"ImageObject","inLanguage":"es","@id":"https:\/\/experienciadevida.com.ar\/portalurbano\/#\/schema\/person\/image\/","url":"https:\/\/secure.gravatar.com\/avatar\/830d4c57adaae6630765e449a6908047?s=96&d=mm&r=g","contentUrl":"https:\/\/secure.gravatar.com\/avatar\/830d4c57adaae6630765e449a6908047?s=96&d=mm&r=g","caption":"admpu17wp"}}]}},"featured_image_urls":{"full":["https:\/\/experienciadevida.com.ar\/portalurbano\/wp-content\/uploads\/2021\/02\/Este-viernes-el-Ministro-de-Justicia.jpg",1232,816,false],"thumbnail":["https:\/\/experienciadevida.com.ar\/portalurbano\/wp-content\/uploads\/2021\/02\/Este-viernes-el-Ministro-de-Justicia-150x150.jpg",150,150,true],"medium":["https:\/\/experienciadevida.com.ar\/portalurbano\/wp-content\/uploads\/2021\/02\/Este-viernes-el-Ministro-de-Justicia-300x199.jpg",300,199,true],"medium_large":["https:\/\/experienciadevida.com.ar\/portalurbano\/wp-content\/uploads\/2021\/02\/Este-viernes-el-Ministro-de-Justicia-768x509.jpg",640,424,true],"large":["https:\/\/experienciadevida.com.ar\/portalurbano\/wp-content\/uploads\/2021\/02\/Este-viernes-el-Ministro-de-Justicia-1024x678.jpg",640,424,true],"ug_big":["https:\/\/experienciadevida.com.ar\/portalurbano\/wp-content\/uploads\/2021\/02\/Este-viernes-el-Ministro-de-Justicia-768x509.jpg",768,509,true],"1536x1536":["https:\/\/experienciadevida.com.ar\/portalurbano\/wp-content\/uploads\/2021\/02\/Este-viernes-el-Ministro-de-Justicia.jpg",1232,816,false],"2048x2048":["https:\/\/experienciadevida.com.ar\/portalurbano\/wp-content\/uploads\/2021\/02\/Este-viernes-el-Ministro-de-Justicia.jpg",1232,816,false],"newsever-slider-full":["https:\/\/experienciadevida.com.ar\/portalurbano\/wp-content\/uploads\/2021\/02\/Este-viernes-el-Ministro-de-Justicia.jpg",1232,816,false],"newsever-featured":["https:\/\/experienciadevida.com.ar\/portalurbano\/wp-content\/uploads\/2021\/02\/Este-viernes-el-Ministro-de-Justicia.jpg",1024,678,false],"newsever-medium":["https:\/\/experienciadevida.com.ar\/portalurbano\/wp-content\/uploads\/2021\/02\/Este-viernes-el-Ministro-de-Justicia.jpg",717,475,false],"web-stories-poster-portrait":["https:\/\/experienciadevida.com.ar\/portalurbano\/wp-content\/uploads\/2021\/02\/Este-viernes-el-Ministro-de-Justicia.jpg",640,424,false],"web-stories-publisher-logo":["https:\/\/experienciadevida.com.ar\/portalurbano\/wp-content\/uploads\/2021\/02\/Este-viernes-el-Ministro-de-Justicia.jpg",96,64,false],"web-stories-thumbnail":["https:\/\/experienciadevida.com.ar\/portalurbano\/wp-content\/uploads\/2021\/02\/Este-viernes-el-Ministro-de-Justicia.jpg",150,99,false]},"author_info":{"display_name":"admpu17wp","author_link":"https:\/\/experienciadevida.com.ar\/portalurbano\/author\/admpu17wp\/"},"category_info":"<a href=\"https:\/\/experienciadevida.com.ar\/portalurbano\/category\/ciudad\/\" rel=\"category tag\">Ciudad<\/a> <a href=\"https:\/\/experienciadevida.com.ar\/portalurbano\/category\/destacadas\/\" rel=\"category tag\">Destacadas<\/a>","tag_info":"Destacadas","comment_count":"0","amp_enabled":true,"_links":{"self":[{"href":"https:\/\/experienciadevida.com.ar\/portalurbano\/wp-json\/wp\/v2\/posts\/135509"}],"collection":[{"href":"https:\/\/experienciadevida.com.ar\/portalurbano\/wp-json\/wp\/v2\/posts"}],"about":[{"href":"https:\/\/experienciadevida.com.ar\/portalurbano\/wp-json\/wp\/v2\/types\/post"}],"author":[{"embeddable":true,"href":"https:\/\/experienciadevida.com.ar\/portalurbano\/wp-json\/wp\/v2\/users\/1"}],"replies":[{"embeddable":true,"href":"https:\/\/experienciadevida.com.ar\/portalurbano\/wp-json\/wp\/v2\/comments?post=135509"}],"version-history":[{"count":4,"href":"https:\/\/experienciadevida.com.ar\/portalurbano\/wp-json\/wp\/v2\/posts\/135509\/revisions"}],"predecessor-version":[{"id":135515,"href":"https:\/\/experienciadevida.com.ar\/portalurbano\/wp-json\/wp\/v2\/posts\/135509\/revisions\/135515"}],"wp:featuredmedia":[{"embeddable":true,"href":"https:\/\/experienciadevida.com.ar\/portalurbano\/wp-json\/wp\/v2\/media\/135510"}],"wp:attachment":[{"href":"https:\/\/experienciadevida.com.ar\/portalurbano\/wp-json\/wp\/v2\/media?parent=135509"}],"wp:term":[{"taxonomy":"category","embeddable":true,"href":"https:\/\/experienciadevida.com.ar\/portalurbano\/wp-json\/wp\/v2\/categories?post=135509"},{"taxonomy":"post_tag","embeddable":true,"href":"https:\/\/experienciadevida.com.ar\/portalurbano\/wp-json\/wp\/v2\/tags?post=135509"}],"curies":[{"name":"wp","href":"https:\/\/api.w.org\/{rel}","templated":true}]}}