{"id":135504,"date":"2021-02-19T14:41:29","date_gmt":"2021-02-19T17:41:29","guid":{"rendered":"https:\/\/experienciadevida.com.ar\/portalurbano\/?p=135504"},"modified":"2021-02-19T14:42:56","modified_gmt":"2021-02-19T17:42:56","slug":"el-domingo-habra-una-nueva-feria-con-precios-populares","status":"publish","type":"post","link":"https:\/\/experienciadevida.com.ar\/portalurbano\/el-domingo-habra-una-nueva-feria-con-precios-populares\/","title":{"rendered":"El domingo habr\u00e1 una nueva feria con precios populares"},"content":{"rendered":"<p>El domingo habr\u00e1 una nueva feria con precios populares. A partir de este fin de semana, s\u00f3lo har\u00e1n la feria los d\u00edas domingo de 9:30 a las 13:30hs en diferentes puntos de nuestra ciudad.<\/p>\n<p>Este domingo 21 estar\u00e1n en la Sociedad de Fomento Independencia, que se encuentra ubicada en la calle Tacuari 2150 casi Avenida Del Valle. Por otro lado, estar\u00e1n en la Sociedad de Fomento Provincias Unidas ubicada en Santa Cruz y Azopardo.<\/p>\n<p>El domingo habr\u00e1 una nueva feria e invitan a toda la comunidad a conocer la calidad y frescura de las verduras de producci\u00f3n local, a ver la relaci\u00f3n precio- calidad y a conocer a las familias que producen los alimentos.<\/p>\n<p>Por otro lado, mencionan que aquellos que deseen asistir deber\u00e1n cumplir con los protocolos de bioseguridad tales como el barbijo, mantener el distanciamiento social y llevar bolsa.<\/p>\n<p>A su vez es importante mencionar que se suspender\u00e1 por lluvia.<\/p>\n<p>El domingo habr\u00e1 una<a href=\"https:\/\/experienciadevida.com.ar\/portalurbano\/se-viene-una-nueva-feria-de-verduras-con-precios-populares\/\"> nueva feria con precios populares<\/a> y los precios que se podr\u00e1n encontrar son los siguientes:<\/p>\n<p>Los precios:<\/p>\n<p>Acelga $50 (2 atados x $90)<\/p>\n<p>pepino $60 (2 kg por $100)<\/p>\n<p>Berenjena $60<\/p>\n<p>Cebolla $70<\/p>\n<p>Cherry $100<\/p>\n<p>Choclo $60<\/p>\n<p>Tomate $50<\/p>\n<p>Morron 2da $80<\/p>\n<p>Zuchinni $80<\/p>\n<p>Tambi\u00e9n otras de las verduras que se pueden encontrar en la feria son las siguientes: brocoli, chaucha, verdeo, puerro, morr\u00f3n rojo y verde, lechuga, perejil.<\/p>\n","protected":false},"excerpt":{"rendered":"<p>El domingo habr\u00e1 una nueva feria con precios populares. A partir de este fin de&#8230;<\/p>\n","protected":false},"author":1,"featured_media":135505,"comment_status":"closed","ping_status":"closed","sticky":false,"template":"","format":"standard","meta":{"content-type":""},"categories":[27,64],"tags":[],"nelio_content":{"isAutoShareEnabled":false,"autoShareEndMode":"default","automationSources":{"useContentSentences":true,"useSocialTemplates":true,"useCustomSentences":false,"customSentences":[]},"followers":[1],"suggestedReferences":[],"includedReferences":[],"efiUrl":"","efiAlt":"","highlights":[]},"yoast_head":"<!-- This site is optimized with the Yoast SEO plugin v20.7 - https:\/\/yoast.com\/wordpress\/plugins\/seo\/ -->\n<title>El domingo har\u00e1 una nueva feria con precios populares<\/title>\n<meta name=\"description\" content=\"El domingo habr\u00e1 una nueva feria con precios populares. A partir de este fin de semana, s\u00f3lo har\u00e1n la feria los d\u00edas domingo.\" \/>\n<meta name=\"robots\" content=\"index, follow, max-snippet:-1, max-image-preview:large, max-video-preview:-1\" \/>\n<link rel=\"canonical\" href=\"https:\/\/experienciadevida.com.ar\/portalurbano\/el-domingo-habra-una-nueva-feria-con-precios-populares\/\" \/>\n<meta property=\"og:locale\" content=\"es_ES\" \/>\n<meta property=\"og:type\" content=\"article\" \/>\n<meta property=\"og:title\" content=\"El domingo har\u00e1 una nueva feria con precios populares\" \/>\n<meta property=\"og:description\" content=\"El domingo habr\u00e1 una nueva feria con precios populares. A partir de este fin de semana, s\u00f3lo har\u00e1n la feria los d\u00edas domingo.\" \/>\n<meta property=\"og:url\" content=\"https:\/\/experienciadevida.com.ar\/portalurbano\/el-domingo-habra-una-nueva-feria-con-precios-populares\/\" \/>\n<meta property=\"article:publisher\" content=\"https:\/\/www.facebook.com\/Portal-Urbano-171542830093757\/\" \/>\n<meta property=\"article:published_time\" content=\"2021-02-19T17:41:29+00:00\" \/>\n<meta property=\"article:modified_time\" content=\"2021-02-19T17:42:56+00:00\" \/>\n<meta property=\"og:image\" content=\"https:\/\/experienciadevida.com.ar\/portalurbano\/wp-content\/uploads\/2021\/02\/El-domingo-habra-una-nueva-scaled-e1613756444715.jpg\" \/>\n\t<meta property=\"og:image:width\" content=\"765\" \/>\n\t<meta property=\"og:image:height\" content=\"574\" \/>\n\t<meta property=\"og:image:type\" content=\"image\/jpeg\" \/>\n<meta name=\"author\" content=\"admpu17wp\" \/>\n<meta name=\"twitter:card\" content=\"summary_large_image\" \/>\n<meta name=\"twitter:creator\" content=\"@portalurbanook\" \/>\n<meta name=\"twitter:site\" content=\"@portalurbanook\" \/>\n<meta name=\"twitter:label1\" content=\"Escrito por\" \/>\n\t<meta name=\"twitter:data1\" content=\"admpu17wp\" \/>\n\t<meta name=\"twitter:label2\" content=\"Tiempo de lectura\" \/>\n\t<meta name=\"twitter:data2\" content=\"1 minuto\" \/>\n<script type=\"application\/ld+json\" class=\"yoast-schema-graph\">{\"@context\":\"https:\/\/schema.org\",\"@graph\":[{\"@type\":\"Article\",\"@id\":\"https:\/\/experienciadevida.com.ar\/portalurbano\/el-domingo-habra-una-nueva-feria-con-precios-populares\/#article\",\"isPartOf\":{\"@id\":\"https:\/\/experienciadevida.com.ar\/portalurbano\/el-domingo-habra-una-nueva-feria-con-precios-populares\/\"},\"author\":{\"name\":\"admpu17wp\",\"@id\":\"https:\/\/experienciadevida.com.ar\/portalurbano\/#\/schema\/person\/02dd326b1c4b056e9cc972486934a3a7\"},\"headline\":\"El domingo habr\u00e1 una nueva feria con precios populares\",\"datePublished\":\"2021-02-19T17:41:29+00:00\",\"dateModified\":\"2021-02-19T17:42:56+00:00\",\"mainEntityOfPage\":{\"@id\":\"https:\/\/experienciadevida.com.ar\/portalurbano\/el-domingo-habra-una-nueva-feria-con-precios-populares\/\"},\"wordCount\":229,\"publisher\":{\"@id\":\"https:\/\/experienciadevida.com.ar\/portalurbano\/#organization\"},\"articleSection\":[\"Ciudad\",\"Destacadas 2\"],\"inLanguage\":\"es\"},{\"@type\":\"WebPage\",\"@id\":\"https:\/\/experienciadevida.com.ar\/portalurbano\/el-domingo-habra-una-nueva-feria-con-precios-populares\/\",\"url\":\"https:\/\/experienciadevida.com.ar\/portalurbano\/el-domingo-habra-una-nueva-feria-con-precios-populares\/\",\"name\":\"El domingo har\u00e1 una nueva feria con precios populares\",\"isPartOf\":{\"@id\":\"https:\/\/experienciadevida.com.ar\/portalurbano\/#website\"},\"datePublished\":\"2021-02-19T17:41:29+00:00\",\"dateModified\":\"2021-02-19T17:42:56+00:00\",\"description\":\"El domingo habr\u00e1 una nueva feria con precios populares. A partir de este fin de semana, s\u00f3lo har\u00e1n la feria los d\u00edas domingo.\",\"breadcrumb\":{\"@id\":\"https:\/\/experienciadevida.com.ar\/portalurbano\/el-domingo-habra-una-nueva-feria-con-precios-populares\/#breadcrumb\"},\"inLanguage\":\"es\",\"potentialAction\":[{\"@type\":\"ReadAction\",\"target\":[\"https:\/\/experienciadevida.com.ar\/portalurbano\/el-domingo-habra-una-nueva-feria-con-precios-populares\/\"]}]},{\"@type\":\"BreadcrumbList\",\"@id\":\"https:\/\/experienciadevida.com.ar\/portalurbano\/el-domingo-habra-una-nueva-feria-con-precios-populares\/#breadcrumb\",\"itemListElement\":[{\"@type\":\"ListItem\",\"position\":1,\"name\":\"Portada\",\"item\":\"https:\/\/experienciadevida.com.ar\/portalurbano\/\"},{\"@type\":\"ListItem\",\"position\":2,\"name\":\"El domingo habr\u00e1 una nueva feria con precios populares\"}]},{\"@type\":\"WebSite\",\"@id\":\"https:\/\/experienciadevida.com.ar\/portalurbano\/#website\",\"url\":\"https:\/\/experienciadevida.com.ar\/portalurbano\/\",\"name\":\"\",\"description\":\"\",\"publisher\":{\"@id\":\"https:\/\/experienciadevida.com.ar\/portalurbano\/#organization\"},\"potentialAction\":[{\"@type\":\"SearchAction\",\"target\":{\"@type\":\"EntryPoint\",\"urlTemplate\":\"https:\/\/experienciadevida.com.ar\/portalurbano\/?s={search_term_string}\"},\"query-input\":\"required name=search_term_string\"}],\"inLanguage\":\"es\"},{\"@type\":\"Organization\",\"@id\":\"https:\/\/experienciadevida.com.ar\/portalurbano\/#organization\",\"name\":\"Portal Urbano\",\"url\":\"https:\/\/experienciadevida.com.ar\/portalurbano\/\",\"logo\":{\"@type\":\"ImageObject\",\"inLanguage\":\"es\",\"@id\":\"https:\/\/experienciadevida.com.ar\/portalurbano\/#\/schema\/logo\/image\/\",\"url\":\"https:\/\/experienciadevida.com.ar\/portalurbano\/wp-content\/uploads\/2019\/09\/Logo-Original.png\",\"contentUrl\":\"https:\/\/experienciadevida.com.ar\/portalurbano\/wp-content\/uploads\/2019\/09\/Logo-Original.png\",\"width\":2236,\"height\":1216,\"caption\":\"Portal Urbano\"},\"image\":{\"@id\":\"https:\/\/experienciadevida.com.ar\/portalurbano\/#\/schema\/logo\/image\/\"},\"sameAs\":[\"https:\/\/www.facebook.com\/Portal-Urbano-171542830093757\/\",\"https:\/\/twitter.com\/portalurbanook\",\"https:\/\/www.instagram.com\/_portalurbano\/\",\"https:\/\/www.youtube.com\/channel\/UCXhagIfszH8KxFiOok79zbA?view_as=subscriber\"]},{\"@type\":\"Person\",\"@id\":\"https:\/\/experienciadevida.com.ar\/portalurbano\/#\/schema\/person\/02dd326b1c4b056e9cc972486934a3a7\",\"name\":\"admpu17wp\",\"image\":{\"@type\":\"ImageObject\",\"inLanguage\":\"es\",\"@id\":\"https:\/\/experienciadevida.com.ar\/portalurbano\/#\/schema\/person\/image\/\",\"url\":\"https:\/\/secure.gravatar.com\/avatar\/830d4c57adaae6630765e449a6908047?s=96&d=mm&r=g\",\"contentUrl\":\"https:\/\/secure.gravatar.com\/avatar\/830d4c57adaae6630765e449a6908047?s=96&d=mm&r=g\",\"caption\":\"admpu17wp\"}}]}<\/script>\n<!-- \/ Yoast SEO plugin. -->","yoast_head_json":{"title":"El domingo har\u00e1 una nueva feria con precios populares","description":"El domingo habr\u00e1 una nueva feria con precios populares. A partir de este fin de semana, s\u00f3lo har\u00e1n la feria los d\u00edas domingo.","robots":{"index":"index","follow":"follow","max-snippet":"max-snippet:-1","max-image-preview":"max-image-preview:large","max-video-preview":"max-video-preview:-1"},"canonical":"https:\/\/experienciadevida.com.ar\/portalurbano\/el-domingo-habra-una-nueva-feria-con-precios-populares\/","og_locale":"es_ES","og_type":"article","og_title":"El domingo har\u00e1 una nueva feria con precios populares","og_description":"El domingo habr\u00e1 una nueva feria con precios populares. A partir de este fin de semana, s\u00f3lo har\u00e1n la feria los d\u00edas domingo.","og_url":"https:\/\/experienciadevida.com.ar\/portalurbano\/el-domingo-habra-una-nueva-feria-con-precios-populares\/","article_publisher":"https:\/\/www.facebook.com\/Portal-Urbano-171542830093757\/","article_published_time":"2021-02-19T17:41:29+00:00","article_modified_time":"2021-02-19T17:42:56+00:00","og_image":[{"width":765,"height":574,"url":"https:\/\/experienciadevida.com.ar\/portalurbano\/wp-content\/uploads\/2021\/02\/El-domingo-habra-una-nueva-scaled-e1613756444715.jpg","type":"image\/jpeg"}],"author":"admpu17wp","twitter_card":"summary_large_image","twitter_creator":"@portalurbanook","twitter_site":"@portalurbanook","twitter_misc":{"Escrito por":"admpu17wp","Tiempo de lectura":"1 minuto"},"schema":{"@context":"https:\/\/schema.org","@graph":[{"@type":"Article","@id":"https:\/\/experienciadevida.com.ar\/portalurbano\/el-domingo-habra-una-nueva-feria-con-precios-populares\/#article","isPartOf":{"@id":"https:\/\/experienciadevida.com.ar\/portalurbano\/el-domingo-habra-una-nueva-feria-con-precios-populares\/"},"author":{"name":"admpu17wp","@id":"https:\/\/experienciadevida.com.ar\/portalurbano\/#\/schema\/person\/02dd326b1c4b056e9cc972486934a3a7"},"headline":"El domingo habr\u00e1 una nueva feria con precios populares","datePublished":"2021-02-19T17:41:29+00:00","dateModified":"2021-02-19T17:42:56+00:00","mainEntityOfPage":{"@id":"https:\/\/experienciadevida.com.ar\/portalurbano\/el-domingo-habra-una-nueva-feria-con-precios-populares\/"},"wordCount":229,"publisher":{"@id":"https:\/\/experienciadevida.com.ar\/portalurbano\/#organization"},"articleSection":["Ciudad","Destacadas 2"],"inLanguage":"es"},{"@type":"WebPage","@id":"https:\/\/experienciadevida.com.ar\/portalurbano\/el-domingo-habra-una-nueva-feria-con-precios-populares\/","url":"https:\/\/experienciadevida.com.ar\/portalurbano\/el-domingo-habra-una-nueva-feria-con-precios-populares\/","name":"El domingo har\u00e1 una nueva feria con precios populares","isPartOf":{"@id":"https:\/\/experienciadevida.com.ar\/portalurbano\/#website"},"datePublished":"2021-02-19T17:41:29+00:00","dateModified":"2021-02-19T17:42:56+00:00","description":"El domingo habr\u00e1 una nueva feria con precios populares. A partir de este fin de semana, s\u00f3lo har\u00e1n la feria los d\u00edas domingo.","breadcrumb":{"@id":"https:\/\/experienciadevida.com.ar\/portalurbano\/el-domingo-habra-una-nueva-feria-con-precios-populares\/#breadcrumb"},"inLanguage":"es","potentialAction":[{"@type":"ReadAction","target":["https:\/\/experienciadevida.com.ar\/portalurbano\/el-domingo-habra-una-nueva-feria-con-precios-populares\/"]}]},{"@type":"BreadcrumbList","@id":"https:\/\/experienciadevida.com.ar\/portalurbano\/el-domingo-habra-una-nueva-feria-con-precios-populares\/#breadcrumb","itemListElement":[{"@type":"ListItem","position":1,"name":"Portada","item":"https:\/\/experienciadevida.com.ar\/portalurbano\/"},{"@type":"ListItem","position":2,"name":"El domingo habr\u00e1 una nueva feria con precios populares"}]},{"@type":"WebSite","@id":"https:\/\/experienciadevida.com.ar\/portalurbano\/#website","url":"https:\/\/experienciadevida.com.ar\/portalurbano\/","name":"","description":"","publisher":{"@id":"https:\/\/experienciadevida.com.ar\/portalurbano\/#organization"},"potentialAction":[{"@type":"SearchAction","target":{"@type":"EntryPoint","urlTemplate":"https:\/\/experienciadevida.com.ar\/portalurbano\/?s={search_term_string}"},"query-input":"required name=search_term_string"}],"inLanguage":"es"},{"@type":"Organization","@id":"https:\/\/experienciadevida.com.ar\/portalurbano\/#organization","name":"Portal Urbano","url":"https:\/\/experienciadevida.com.ar\/portalurbano\/","logo":{"@type":"ImageObject","inLanguage":"es","@id":"https:\/\/experienciadevida.com.ar\/portalurbano\/#\/schema\/logo\/image\/","url":"https:\/\/experienciadevida.com.ar\/portalurbano\/wp-content\/uploads\/2019\/09\/Logo-Original.png","contentUrl":"https:\/\/experienciadevida.com.ar\/portalurbano\/wp-content\/uploads\/2019\/09\/Logo-Original.png","width":2236,"height":1216,"caption":"Portal Urbano"},"image":{"@id":"https:\/\/experienciadevida.com.ar\/portalurbano\/#\/schema\/logo\/image\/"},"sameAs":["https:\/\/www.facebook.com\/Portal-Urbano-171542830093757\/","https:\/\/twitter.com\/portalurbanook","https:\/\/www.instagram.com\/_portalurbano\/","https:\/\/www.youtube.com\/channel\/UCXhagIfszH8KxFiOok79zbA?view_as=subscriber"]},{"@type":"Person","@id":"https:\/\/experienciadevida.com.ar\/portalurbano\/#\/schema\/person\/02dd326b1c4b056e9cc972486934a3a7","name":"admpu17wp","image":{"@type":"ImageObject","inLanguage":"es","@id":"https:\/\/experienciadevida.com.ar\/portalurbano\/#\/schema\/person\/image\/","url":"https:\/\/secure.gravatar.com\/avatar\/830d4c57adaae6630765e449a6908047?s=96&d=mm&r=g","contentUrl":"https:\/\/secure.gravatar.com\/avatar\/830d4c57adaae6630765e449a6908047?s=96&d=mm&r=g","caption":"admpu17wp"}}]}},"featured_image_urls":{"full":["https:\/\/experienciadevida.com.ar\/portalurbano\/wp-content\/uploads\/2021\/02\/El-domingo-habra-una-nueva-scaled-e1613756444715.jpg",765,574,false],"thumbnail":["https:\/\/experienciadevida.com.ar\/portalurbano\/wp-content\/uploads\/2021\/02\/El-domingo-habra-una-nueva-150x150.jpg",150,150,true],"medium":["https:\/\/experienciadevida.com.ar\/portalurbano\/wp-content\/uploads\/2021\/02\/El-domingo-habra-una-nueva-300x225.jpg",300,225,true],"medium_large":["https:\/\/experienciadevida.com.ar\/portalurbano\/wp-content\/uploads\/2021\/02\/El-domingo-habra-una-nueva-768x576.jpg",640,480,true],"large":["https:\/\/experienciadevida.com.ar\/portalurbano\/wp-content\/uploads\/2021\/02\/El-domingo-habra-una-nueva-1024x768.jpg",640,480,true],"ug_big":["https:\/\/experienciadevida.com.ar\/portalurbano\/wp-content\/uploads\/2021\/02\/El-domingo-habra-una-nueva-768x576.jpg",768,576,true],"1536x1536":["https:\/\/experienciadevida.com.ar\/portalurbano\/wp-content\/uploads\/2021\/02\/El-domingo-habra-una-nueva-1536x1152.jpg",1536,1152,true],"2048x2048":["https:\/\/experienciadevida.com.ar\/portalurbano\/wp-content\/uploads\/2021\/02\/El-domingo-habra-una-nueva-2048x1536.jpg",2048,1536,true],"newsever-slider-full":["https:\/\/experienciadevida.com.ar\/portalurbano\/wp-content\/uploads\/2021\/02\/El-domingo-habra-una-nueva-scaled-e1613756444715.jpg",765,574,false],"newsever-featured":["https:\/\/experienciadevida.com.ar\/portalurbano\/wp-content\/uploads\/2021\/02\/El-domingo-habra-una-nueva-scaled-e1613756444715.jpg",765,574,false],"newsever-medium":["https:\/\/experienciadevida.com.ar\/portalurbano\/wp-content\/uploads\/2021\/02\/El-domingo-habra-una-nueva-scaled-e1613756444715.jpg",633,475,false],"web-stories-poster-portrait":["https:\/\/experienciadevida.com.ar\/portalurbano\/wp-content\/uploads\/2021\/02\/El-domingo-habra-una-nueva-scaled-e1613756444715.jpg",640,480,false],"web-stories-publisher-logo":["https:\/\/experienciadevida.com.ar\/portalurbano\/wp-content\/uploads\/2021\/02\/El-domingo-habra-una-nueva-scaled-e1613756444715.jpg",96,72,false],"web-stories-thumbnail":["https:\/\/experienciadevida.com.ar\/portalurbano\/wp-content\/uploads\/2021\/02\/El-domingo-habra-una-nueva-scaled-e1613756444715.jpg",150,113,false]},"author_info":{"display_name":"admpu17wp","author_link":"https:\/\/experienciadevida.com.ar\/portalurbano\/author\/admpu17wp\/"},"category_info":"<a href=\"https:\/\/experienciadevida.com.ar\/portalurbano\/category\/ciudad\/\" rel=\"category tag\">Ciudad<\/a> <a href=\"https:\/\/experienciadevida.com.ar\/portalurbano\/category\/destacadas-2\/\" rel=\"category tag\">Destacadas 2<\/a>","tag_info":"Destacadas 2","comment_count":"0","amp_enabled":true,"_links":{"self":[{"href":"https:\/\/experienciadevida.com.ar\/portalurbano\/wp-json\/wp\/v2\/posts\/135504"}],"collection":[{"href":"https:\/\/experienciadevida.com.ar\/portalurbano\/wp-json\/wp\/v2\/posts"}],"about":[{"href":"https:\/\/experienciadevida.com.ar\/portalurbano\/wp-json\/wp\/v2\/types\/post"}],"author":[{"embeddable":true,"href":"https:\/\/experienciadevida.com.ar\/portalurbano\/wp-json\/wp\/v2\/users\/1"}],"replies":[{"embeddable":true,"href":"https:\/\/experienciadevida.com.ar\/portalurbano\/wp-json\/wp\/v2\/comments?post=135504"}],"version-history":[{"count":3,"href":"https:\/\/experienciadevida.com.ar\/portalurbano\/wp-json\/wp\/v2\/posts\/135504\/revisions"}],"predecessor-version":[{"id":135508,"href":"https:\/\/experienciadevida.com.ar\/portalurbano\/wp-json\/wp\/v2\/posts\/135504\/revisions\/135508"}],"wp:featuredmedia":[{"embeddable":true,"href":"https:\/\/experienciadevida.com.ar\/portalurbano\/wp-json\/wp\/v2\/media\/135505"}],"wp:attachment":[{"href":"https:\/\/experienciadevida.com.ar\/portalurbano\/wp-json\/wp\/v2\/media?parent=135504"}],"wp:term":[{"taxonomy":"category","embeddable":true,"href":"https:\/\/experienciadevida.com.ar\/portalurbano\/wp-json\/wp\/v2\/categories?post=135504"},{"taxonomy":"post_tag","embeddable":true,"href":"https:\/\/experienciadevida.com.ar\/portalurbano\/wp-json\/wp\/v2\/tags?post=135504"}],"curies":[{"name":"wp","href":"https:\/\/api.w.org\/{rel}","templated":true}]}}