{"id":135474,"date":"2021-02-19T11:51:11","date_gmt":"2021-02-19T14:51:11","guid":{"rendered":"https:\/\/experienciadevida.com.ar\/portalurbano\/?p=135474"},"modified":"2021-02-19T11:57:00","modified_gmt":"2021-02-19T14:57:00","slug":"120-familias-recibieron-sus-titulos-de-propiedad-este-viernes","status":"publish","type":"post","link":"https:\/\/experienciadevida.com.ar\/portalurbano\/120-familias-recibieron-sus-titulos-de-propiedad-este-viernes\/","title":{"rendered":"120 familias recibieron sus t\u00edtulos de propiedad este viernes"},"content":{"rendered":"<p>120 familias recibieron sus t\u00edtulos de propiedad este viernes. En la ma\u00f1ana de este viernes, en instalaciones del Centro Cultural Municipal \u201cSan Jos\u00e9\u201d, se desarroll\u00f3 un acto de entrega de 120 t\u00edtulos de propiedad correspondientes al Programa Mi Escritura, Mi Casa.<\/p>\n<p>El acto fue encabezado por el intendente interino de la Municipalidad de Olavarr\u00eda Juan Mujica, el ministro de Justicia y Derechos Humanos de la Provincia de Buenos Aires Julio Alak y la escribana General de Gobierno Paula Sidoti.<\/p>\n<p><a href=\"https:\/\/experienciadevida.com.ar\/portalurbano\/120-familias-recibieron-sus-titulos-de-propiedad-este-viernes\/120-familias\/\" rel=\"attachment wp-att-135478\"><img decoding=\"async\" class=\"alignnone size-full wp-image-135478\" src=\"https:\/\/experienciadevida.com.ar\/portalurbano\/wp-content\/uploads\/2021\/02\/120-familias.jpg\" alt=\"120 familias\" width=\"1280\" height=\"853\" srcset=\"https:\/\/experienciadevida.com.ar\/portalurbano\/wp-content\/uploads\/2021\/02\/120-familias.jpg 1280w, https:\/\/experienciadevida.com.ar\/portalurbano\/wp-content\/uploads\/2021\/02\/120-familias-300x200.jpg 300w, https:\/\/experienciadevida.com.ar\/portalurbano\/wp-content\/uploads\/2021\/02\/120-familias-1024x682.jpg 1024w, https:\/\/experienciadevida.com.ar\/portalurbano\/wp-content\/uploads\/2021\/02\/120-familias-768x512.jpg 768w\" sizes=\"(max-width: 1280px) 100vw, 1280px\" \/><\/a><\/p>\n<p>120 familias recibieron sus t\u00edtulos de propiedad, all\u00ed estuvieron presentes el presidente del HCD Bruno Cenizo, los secretarios de Gobierno Hilario Galli, Desarrollo Humano y Calidad de Vida Diego Robbiani y Desarrollo Econ\u00f3mico Julio Valetutto, el subsecretario de Miner\u00eda Bonaerense Federico Aguilera, el diputado Provincial C\u00e9sar Valicenti, el director de Fortalecimiento de la Escrituraci\u00f3n Social de la Escriban\u00eda General de Gobierno Sebasti\u00e1n Tangorra, el subsecretario de Legal y T\u00e9cnica Marcelo Fabbi, la directora de Casa de Tierras y Regularizaci\u00f3n Dominial Carolina Espinosa, concejales\/as y vecinos\/as.<\/p>\n<p>En primer lugar se comparti\u00f3 un saludo -a trav\u00e9s de video\u2013 del gobernador de la Provincia de Buenos Aires Axel Kicillof, quien remarc\u00f3 que \u201cestamos haciendo un acto muy especial e importante para nosotros, como es la entrega de escrituras totalmente gratuitas\u201d.<\/p>\n<p>\u201cEl tr\u00e1mite les permite a ustedes, con el t\u00edtulo, acceder a cuestiones muy importantes despu\u00e9s del gran esfuerzo que hicieron para tener la casa propia\u201d, concluy\u00f3 el Gobernador.<\/p>\n<p><a href=\"https:\/\/experienciadevida.com.ar\/portalurbano\/120-familias-recibieron-sus-titulos-de-propiedad-este-viernes\/recibieron\/\" rel=\"attachment wp-att-135479\"><img decoding=\"async\" class=\"alignnone size-full wp-image-135479\" src=\"https:\/\/experienciadevida.com.ar\/portalurbano\/wp-content\/uploads\/2021\/02\/recibieron.jpg\" alt=\"recibieron\" width=\"1280\" height=\"853\" srcset=\"https:\/\/experienciadevida.com.ar\/portalurbano\/wp-content\/uploads\/2021\/02\/recibieron.jpg 1280w, https:\/\/experienciadevida.com.ar\/portalurbano\/wp-content\/uploads\/2021\/02\/recibieron-300x200.jpg 300w, https:\/\/experienciadevida.com.ar\/portalurbano\/wp-content\/uploads\/2021\/02\/recibieron-1024x682.jpg 1024w, https:\/\/experienciadevida.com.ar\/portalurbano\/wp-content\/uploads\/2021\/02\/recibieron-768x512.jpg 768w\" sizes=\"(max-width: 1280px) 100vw, 1280px\" \/><\/a><\/p>\n<p>Seguidamente tom\u00f3 la palabra el intendente interino de la Municipalidad del Partido de Olavarr\u00eda Juan Mujica, quien agradeci\u00f3 la presencia del ministro Julio Alak, funcionarios provinciales y locales, como tambi\u00e9n de los propietarios que se encontraban presentes para recibir sus escrituras.<\/p>\n<p>\u201cComo siempre dice Ezequiel Galli en oportunidades como las de hoy, este es uno de los actos m\u00e1s importantes de gesti\u00f3n. Hoy unas 120 familias van a tener sus escrituras, de las cuales 100 de ellas corresponden al Instituto de la Vivienda y 20 a la ley de Escrituraci\u00f3n social\u201d, manifest\u00f3 Mujica.<\/p>\n<p>En este sentido agradeci\u00f3 \u201ctanto a la Escriban\u00eda General de la Naci\u00f3n como al Instituto de la Vivienda, por el trabajo realizado en forma conjunta con nuestro equipo de Regularizaci\u00f3n Dominial, que nos permite hoy hacer este acto de entrega de escrituras a muchos vecinos de Olavarr\u00eda\u201d.<\/p>\n<p>\u201cVemos presente a familias como las del barrio Amesya con las que venimos trabajando desde hace tiempo para regularizar la situaci\u00f3n de sus viviendas y que han estado d\u00e9cadas esperando este documento tan importante que hoy, los hace due\u00f1os de su propio hogar. Tambi\u00e9n quiero felicitar a los vecinos de los barrios Uocra, CECO II, Municipal, Acupo II y III, Facundo Quiroga II, Bancario II, Educadores, entre otros, que hoy reciben sus escrituras\u201d, agreg\u00f3.<\/p>\n<p>Por \u00faltimo, invit\u00f3 \u201ca otros vecinos de Olavarr\u00eda para que se acerquen al Municipio, a recibir asesoramiento y acompa\u00f1amiento en todo lo necesario para que puedan regularizar su situaci\u00f3n y tener el t\u00edtulo de propiedad de sus viviendas\u201d.<\/p>\n<p>Luego del Intendente Interino, el ministro Alak se dirigi\u00f3 a los presentes: \u201ces una gran satisfacci\u00f3n poder estar hoy aqu\u00ed. Axel nos encarg\u00f3 especialmente que estuvi\u00e9ramos aqu\u00ed. Le ha dado una importancia superlativa a la entrega de escrituras d\u00e1ndole un rol social a la Escriban\u00eda de Gobierno. El Gobernador quiso darle un perfil social y profundizar la entrega de escrituras a los vecinos de la provincia de Buenos Aires\u201d.<\/p>\n<p>\u201cLa provincia tiene 17 millones de habitantes, casi el 40% de la poblaci\u00f3n de la Argentina y tiene 5.200.000 viviendas, y de ese total hay 800.000 familias que no tienen escrituras. Es un n\u00famero muy alto, es casi el 20%, de cada 10 familias 2 no tienen la escritura\u201d, indic\u00f3.<\/p>\n<p>Alak dijo que \u201cel esfuerzo de la familia en tener una vivienda no se vio correspondido con la acci\u00f3n del Estado que ayude a tramitar la escritura. No tener la escritura genera incertidumbre y angustia, que se ha ido acumulando en casi un mill\u00f3n de familias\u201d.<\/p>\n<p>El Ministro Julio Alak \u201cEn Olavarr\u00eda estamos entregando hoy 120 escrituras pero todav\u00eda tenemos 700 familias que necesitan su t\u00edtulo de propiedad y lo vamos a ir haciendo progresivamente\u201d.<\/p>\n<p>De forma simult\u00e1nea, adem\u00e1s del acto en nuestra ciudad, este viernes se realizaron entrega de escrituras en las ciudades de Azul, Bol\u00edvar, Tapalqu\u00e9, Saladillo, 25 de Mayo y Alvear. Mientras que durante el d\u00eda de ayer el gobernador particip\u00f3 de la entrega de m\u00e1s de 100 t\u00edtulos de propiedad en Roque P\u00e9rez, en el marco del programa \u201cMi escritura, mi casa\u201d.<\/p>\n<p>Luego de la palabra de los funcionarios, se procedi\u00f3 a la entrega de las 120 escrituras, de las cuales 100 corresponden a la operatoria del Instituto de la Vivienda y 20 de la operatoria Ley 10.830.<\/p>\n<p><a href=\"https:\/\/experienciadevida.com.ar\/portalurbano\/120-familias-recibieron-sus-titulos-de-propiedad-este-viernes\/general-entrega-escrituras-1\/\" rel=\"attachment wp-att-135481\"><img decoding=\"async\" class=\"alignnone size-full wp-image-135481\" src=\"https:\/\/experienciadevida.com.ar\/portalurbano\/wp-content\/uploads\/2021\/02\/General-Entrega-escrituras-1.jpg\" alt=\"\" width=\"1280\" height=\"853\" srcset=\"https:\/\/experienciadevida.com.ar\/portalurbano\/wp-content\/uploads\/2021\/02\/General-Entrega-escrituras-1.jpg 1280w, https:\/\/experienciadevida.com.ar\/portalurbano\/wp-content\/uploads\/2021\/02\/General-Entrega-escrituras-1-300x200.jpg 300w, https:\/\/experienciadevida.com.ar\/portalurbano\/wp-content\/uploads\/2021\/02\/General-Entrega-escrituras-1-1024x682.jpg 1024w, https:\/\/experienciadevida.com.ar\/portalurbano\/wp-content\/uploads\/2021\/02\/General-Entrega-escrituras-1-768x512.jpg 768w\" sizes=\"(max-width: 1280px) 100vw, 1280px\" \/><\/a><\/p>\n<p><a href=\"https:\/\/experienciadevida.com.ar\/portalurbano\/120-familias-recibieron-sus-titulos-de-propiedad-este-viernes\/general-entrega-escrituras-3\/\" rel=\"attachment wp-att-135482\"><img decoding=\"async\" class=\"alignnone size-full wp-image-135482\" src=\"https:\/\/experienciadevida.com.ar\/portalurbano\/wp-content\/uploads\/2021\/02\/General-Entrega-escrituras-3.jpg\" alt=\"\" width=\"1280\" height=\"853\" srcset=\"https:\/\/experienciadevida.com.ar\/portalurbano\/wp-content\/uploads\/2021\/02\/General-Entrega-escrituras-3.jpg 1280w, https:\/\/experienciadevida.com.ar\/portalurbano\/wp-content\/uploads\/2021\/02\/General-Entrega-escrituras-3-300x200.jpg 300w, https:\/\/experienciadevida.com.ar\/portalurbano\/wp-content\/uploads\/2021\/02\/General-Entrega-escrituras-3-1024x682.jpg 1024w, https:\/\/experienciadevida.com.ar\/portalurbano\/wp-content\/uploads\/2021\/02\/General-Entrega-escrituras-3-768x512.jpg 768w\" sizes=\"(max-width: 1280px) 100vw, 1280px\" \/><\/a><\/p>\n<p><a href=\"https:\/\/experienciadevida.com.ar\/portalurbano\/120-familias-recibieron-sus-titulos-de-propiedad-este-viernes\/general-entrega-escrituras-2\/\" rel=\"attachment wp-att-135483\"><img decoding=\"async\" class=\"alignnone size-full wp-image-135483\" src=\"https:\/\/experienciadevida.com.ar\/portalurbano\/wp-content\/uploads\/2021\/02\/General-Entrega-escrituras-2.jpg\" alt=\"\" width=\"1280\" height=\"853\" srcset=\"https:\/\/experienciadevida.com.ar\/portalurbano\/wp-content\/uploads\/2021\/02\/General-Entrega-escrituras-2.jpg 1280w, https:\/\/experienciadevida.com.ar\/portalurbano\/wp-content\/uploads\/2021\/02\/General-Entrega-escrituras-2-300x200.jpg 300w, https:\/\/experienciadevida.com.ar\/portalurbano\/wp-content\/uploads\/2021\/02\/General-Entrega-escrituras-2-1024x682.jpg 1024w, https:\/\/experienciadevida.com.ar\/portalurbano\/wp-content\/uploads\/2021\/02\/General-Entrega-escrituras-2-768x512.jpg 768w\" sizes=\"(max-width: 1280px) 100vw, 1280px\" \/><\/a><\/p>\n","protected":false},"excerpt":{"rendered":"<p>120 familias recibieron sus t\u00edtulos de propiedad este viernes. En la ma\u00f1ana de este viernes,&#8230;<\/p>\n","protected":false},"author":1,"featured_media":135475,"comment_status":"closed","ping_status":"closed","sticky":false,"template":"","format":"standard","meta":{"content-type":""},"categories":[27,51],"tags":[],"nelio_content":{"isAutoShareEnabled":false,"autoShareEndMode":"default","automationSources":{"useContentSentences":true,"useSocialTemplates":true,"useCustomSentences":false,"customSentences":[]},"followers":[1],"suggestedReferences":[],"includedReferences":[],"efiUrl":"","efiAlt":"","highlights":[]},"yoast_head":"<!-- This site is optimized with the Yoast SEO plugin v20.7 - https:\/\/yoast.com\/wordpress\/plugins\/seo\/ -->\n<title>120 familias recibieron sus t\u00edtulos de propiedad este viernes<\/title>\n<meta name=\"description\" content=\"120 familias recibieron sus t\u00edtulos de propiedad este viernes, el acto se hizo en instalaciones del Centro Cultural San Jos\u00e9 Municipal.\" \/>\n<meta name=\"robots\" content=\"index, follow, max-snippet:-1, max-image-preview:large, max-video-preview:-1\" \/>\n<link rel=\"canonical\" href=\"https:\/\/experienciadevida.com.ar\/portalurbano\/120-familias-recibieron-sus-titulos-de-propiedad-este-viernes\/\" \/>\n<meta property=\"og:locale\" content=\"es_ES\" \/>\n<meta property=\"og:type\" content=\"article\" \/>\n<meta property=\"og:title\" content=\"120 familias recibieron sus t\u00edtulos de propiedad este viernes\" \/>\n<meta property=\"og:description\" content=\"120 familias recibieron sus t\u00edtulos de propiedad este viernes, el acto se hizo en instalaciones del Centro Cultural San Jos\u00e9 Municipal.\" \/>\n<meta property=\"og:url\" content=\"https:\/\/experienciadevida.com.ar\/portalurbano\/120-familias-recibieron-sus-titulos-de-propiedad-este-viernes\/\" \/>\n<meta property=\"article:publisher\" content=\"https:\/\/www.facebook.com\/Portal-Urbano-171542830093757\/\" \/>\n<meta property=\"article:published_time\" content=\"2021-02-19T14:51:11+00:00\" \/>\n<meta property=\"article:modified_time\" content=\"2021-02-19T14:57:00+00:00\" \/>\n<meta property=\"og:image\" content=\"https:\/\/experienciadevida.com.ar\/portalurbano\/wp-content\/uploads\/2021\/02\/120-familias-recibieron-sus-titulos.jpg\" \/>\n\t<meta property=\"og:image:width\" content=\"1280\" \/>\n\t<meta property=\"og:image:height\" content=\"853\" \/>\n\t<meta property=\"og:image:type\" content=\"image\/jpeg\" \/>\n<meta name=\"author\" content=\"admpu17wp\" \/>\n<meta name=\"twitter:card\" content=\"summary_large_image\" \/>\n<meta name=\"twitter:creator\" content=\"@portalurbanook\" \/>\n<meta name=\"twitter:site\" content=\"@portalurbanook\" \/>\n<meta name=\"twitter:label1\" content=\"Escrito por\" \/>\n\t<meta name=\"twitter:data1\" content=\"admpu17wp\" \/>\n\t<meta name=\"twitter:label2\" content=\"Tiempo de lectura\" \/>\n\t<meta name=\"twitter:data2\" content=\"5 minutos\" \/>\n<script type=\"application\/ld+json\" class=\"yoast-schema-graph\">{\"@context\":\"https:\/\/schema.org\",\"@graph\":[{\"@type\":\"Article\",\"@id\":\"https:\/\/experienciadevida.com.ar\/portalurbano\/120-familias-recibieron-sus-titulos-de-propiedad-este-viernes\/#article\",\"isPartOf\":{\"@id\":\"https:\/\/experienciadevida.com.ar\/portalurbano\/120-familias-recibieron-sus-titulos-de-propiedad-este-viernes\/\"},\"author\":{\"name\":\"admpu17wp\",\"@id\":\"https:\/\/experienciadevida.com.ar\/portalurbano\/#\/schema\/person\/02dd326b1c4b056e9cc972486934a3a7\"},\"headline\":\"120 familias recibieron sus t\u00edtulos de propiedad este viernes\",\"datePublished\":\"2021-02-19T14:51:11+00:00\",\"dateModified\":\"2021-02-19T14:57:00+00:00\",\"mainEntityOfPage\":{\"@id\":\"https:\/\/experienciadevida.com.ar\/portalurbano\/120-familias-recibieron-sus-titulos-de-propiedad-este-viernes\/\"},\"wordCount\":819,\"publisher\":{\"@id\":\"https:\/\/experienciadevida.com.ar\/portalurbano\/#organization\"},\"articleSection\":[\"Ciudad\",\"Destacadas\"],\"inLanguage\":\"es\"},{\"@type\":\"WebPage\",\"@id\":\"https:\/\/experienciadevida.com.ar\/portalurbano\/120-familias-recibieron-sus-titulos-de-propiedad-este-viernes\/\",\"url\":\"https:\/\/experienciadevida.com.ar\/portalurbano\/120-familias-recibieron-sus-titulos-de-propiedad-este-viernes\/\",\"name\":\"120 familias recibieron sus t\u00edtulos de propiedad este viernes\",\"isPartOf\":{\"@id\":\"https:\/\/experienciadevida.com.ar\/portalurbano\/#website\"},\"datePublished\":\"2021-02-19T14:51:11+00:00\",\"dateModified\":\"2021-02-19T14:57:00+00:00\",\"description\":\"120 familias recibieron sus t\u00edtulos de propiedad este viernes, el acto se hizo en instalaciones del Centro Cultural San Jos\u00e9 Municipal.\",\"breadcrumb\":{\"@id\":\"https:\/\/experienciadevida.com.ar\/portalurbano\/120-familias-recibieron-sus-titulos-de-propiedad-este-viernes\/#breadcrumb\"},\"inLanguage\":\"es\",\"potentialAction\":[{\"@type\":\"ReadAction\",\"target\":[\"https:\/\/experienciadevida.com.ar\/portalurbano\/120-familias-recibieron-sus-titulos-de-propiedad-este-viernes\/\"]}]},{\"@type\":\"BreadcrumbList\",\"@id\":\"https:\/\/experienciadevida.com.ar\/portalurbano\/120-familias-recibieron-sus-titulos-de-propiedad-este-viernes\/#breadcrumb\",\"itemListElement\":[{\"@type\":\"ListItem\",\"position\":1,\"name\":\"Portada\",\"item\":\"https:\/\/experienciadevida.com.ar\/portalurbano\/\"},{\"@type\":\"ListItem\",\"position\":2,\"name\":\"120 familias recibieron sus t\u00edtulos de propiedad este viernes\"}]},{\"@type\":\"WebSite\",\"@id\":\"https:\/\/experienciadevida.com.ar\/portalurbano\/#website\",\"url\":\"https:\/\/experienciadevida.com.ar\/portalurbano\/\",\"name\":\"\",\"description\":\"\",\"publisher\":{\"@id\":\"https:\/\/experienciadevida.com.ar\/portalurbano\/#organization\"},\"potentialAction\":[{\"@type\":\"SearchAction\",\"target\":{\"@type\":\"EntryPoint\",\"urlTemplate\":\"https:\/\/experienciadevida.com.ar\/portalurbano\/?s={search_term_string}\"},\"query-input\":\"required name=search_term_string\"}],\"inLanguage\":\"es\"},{\"@type\":\"Organization\",\"@id\":\"https:\/\/experienciadevida.com.ar\/portalurbano\/#organization\",\"name\":\"Portal Urbano\",\"url\":\"https:\/\/experienciadevida.com.ar\/portalurbano\/\",\"logo\":{\"@type\":\"ImageObject\",\"inLanguage\":\"es\",\"@id\":\"https:\/\/experienciadevida.com.ar\/portalurbano\/#\/schema\/logo\/image\/\",\"url\":\"https:\/\/experienciadevida.com.ar\/portalurbano\/wp-content\/uploads\/2019\/09\/Logo-Original.png\",\"contentUrl\":\"https:\/\/experienciadevida.com.ar\/portalurbano\/wp-content\/uploads\/2019\/09\/Logo-Original.png\",\"width\":2236,\"height\":1216,\"caption\":\"Portal Urbano\"},\"image\":{\"@id\":\"https:\/\/experienciadevida.com.ar\/portalurbano\/#\/schema\/logo\/image\/\"},\"sameAs\":[\"https:\/\/www.facebook.com\/Portal-Urbano-171542830093757\/\",\"https:\/\/twitter.com\/portalurbanook\",\"https:\/\/www.instagram.com\/_portalurbano\/\",\"https:\/\/www.youtube.com\/channel\/UCXhagIfszH8KxFiOok79zbA?view_as=subscriber\"]},{\"@type\":\"Person\",\"@id\":\"https:\/\/experienciadevida.com.ar\/portalurbano\/#\/schema\/person\/02dd326b1c4b056e9cc972486934a3a7\",\"name\":\"admpu17wp\",\"image\":{\"@type\":\"ImageObject\",\"inLanguage\":\"es\",\"@id\":\"https:\/\/experienciadevida.com.ar\/portalurbano\/#\/schema\/person\/image\/\",\"url\":\"https:\/\/secure.gravatar.com\/avatar\/830d4c57adaae6630765e449a6908047?s=96&d=mm&r=g\",\"contentUrl\":\"https:\/\/secure.gravatar.com\/avatar\/830d4c57adaae6630765e449a6908047?s=96&d=mm&r=g\",\"caption\":\"admpu17wp\"}}]}<\/script>\n<!-- \/ Yoast SEO plugin. -->","yoast_head_json":{"title":"120 familias recibieron sus t\u00edtulos de propiedad este viernes","description":"120 familias recibieron sus t\u00edtulos de propiedad este viernes, el acto se hizo en instalaciones del Centro Cultural San Jos\u00e9 Municipal.","robots":{"index":"index","follow":"follow","max-snippet":"max-snippet:-1","max-image-preview":"max-image-preview:large","max-video-preview":"max-video-preview:-1"},"canonical":"https:\/\/experienciadevida.com.ar\/portalurbano\/120-familias-recibieron-sus-titulos-de-propiedad-este-viernes\/","og_locale":"es_ES","og_type":"article","og_title":"120 familias recibieron sus t\u00edtulos de propiedad este viernes","og_description":"120 familias recibieron sus t\u00edtulos de propiedad este viernes, el acto se hizo en instalaciones del Centro Cultural San Jos\u00e9 Municipal.","og_url":"https:\/\/experienciadevida.com.ar\/portalurbano\/120-familias-recibieron-sus-titulos-de-propiedad-este-viernes\/","article_publisher":"https:\/\/www.facebook.com\/Portal-Urbano-171542830093757\/","article_published_time":"2021-02-19T14:51:11+00:00","article_modified_time":"2021-02-19T14:57:00+00:00","og_image":[{"width":1280,"height":853,"url":"https:\/\/experienciadevida.com.ar\/portalurbano\/wp-content\/uploads\/2021\/02\/120-familias-recibieron-sus-titulos.jpg","type":"image\/jpeg"}],"author":"admpu17wp","twitter_card":"summary_large_image","twitter_creator":"@portalurbanook","twitter_site":"@portalurbanook","twitter_misc":{"Escrito por":"admpu17wp","Tiempo de lectura":"5 minutos"},"schema":{"@context":"https:\/\/schema.org","@graph":[{"@type":"Article","@id":"https:\/\/experienciadevida.com.ar\/portalurbano\/120-familias-recibieron-sus-titulos-de-propiedad-este-viernes\/#article","isPartOf":{"@id":"https:\/\/experienciadevida.com.ar\/portalurbano\/120-familias-recibieron-sus-titulos-de-propiedad-este-viernes\/"},"author":{"name":"admpu17wp","@id":"https:\/\/experienciadevida.com.ar\/portalurbano\/#\/schema\/person\/02dd326b1c4b056e9cc972486934a3a7"},"headline":"120 familias recibieron sus t\u00edtulos de propiedad este viernes","datePublished":"2021-02-19T14:51:11+00:00","dateModified":"2021-02-19T14:57:00+00:00","mainEntityOfPage":{"@id":"https:\/\/experienciadevida.com.ar\/portalurbano\/120-familias-recibieron-sus-titulos-de-propiedad-este-viernes\/"},"wordCount":819,"publisher":{"@id":"https:\/\/experienciadevida.com.ar\/portalurbano\/#organization"},"articleSection":["Ciudad","Destacadas"],"inLanguage":"es"},{"@type":"WebPage","@id":"https:\/\/experienciadevida.com.ar\/portalurbano\/120-familias-recibieron-sus-titulos-de-propiedad-este-viernes\/","url":"https:\/\/experienciadevida.com.ar\/portalurbano\/120-familias-recibieron-sus-titulos-de-propiedad-este-viernes\/","name":"120 familias recibieron sus t\u00edtulos de propiedad este viernes","isPartOf":{"@id":"https:\/\/experienciadevida.com.ar\/portalurbano\/#website"},"datePublished":"2021-02-19T14:51:11+00:00","dateModified":"2021-02-19T14:57:00+00:00","description":"120 familias recibieron sus t\u00edtulos de propiedad este viernes, el acto se hizo en instalaciones del Centro Cultural San Jos\u00e9 Municipal.","breadcrumb":{"@id":"https:\/\/experienciadevida.com.ar\/portalurbano\/120-familias-recibieron-sus-titulos-de-propiedad-este-viernes\/#breadcrumb"},"inLanguage":"es","potentialAction":[{"@type":"ReadAction","target":["https:\/\/experienciadevida.com.ar\/portalurbano\/120-familias-recibieron-sus-titulos-de-propiedad-este-viernes\/"]}]},{"@type":"BreadcrumbList","@id":"https:\/\/experienciadevida.com.ar\/portalurbano\/120-familias-recibieron-sus-titulos-de-propiedad-este-viernes\/#breadcrumb","itemListElement":[{"@type":"ListItem","position":1,"name":"Portada","item":"https:\/\/experienciadevida.com.ar\/portalurbano\/"},{"@type":"ListItem","position":2,"name":"120 familias recibieron sus t\u00edtulos de propiedad este viernes"}]},{"@type":"WebSite","@id":"https:\/\/experienciadevida.com.ar\/portalurbano\/#website","url":"https:\/\/experienciadevida.com.ar\/portalurbano\/","name":"","description":"","publisher":{"@id":"https:\/\/experienciadevida.com.ar\/portalurbano\/#organization"},"potentialAction":[{"@type":"SearchAction","target":{"@type":"EntryPoint","urlTemplate":"https:\/\/experienciadevida.com.ar\/portalurbano\/?s={search_term_string}"},"query-input":"required name=search_term_string"}],"inLanguage":"es"},{"@type":"Organization","@id":"https:\/\/experienciadevida.com.ar\/portalurbano\/#organization","name":"Portal Urbano","url":"https:\/\/experienciadevida.com.ar\/portalurbano\/","logo":{"@type":"ImageObject","inLanguage":"es","@id":"https:\/\/experienciadevida.com.ar\/portalurbano\/#\/schema\/logo\/image\/","url":"https:\/\/experienciadevida.com.ar\/portalurbano\/wp-content\/uploads\/2019\/09\/Logo-Original.png","contentUrl":"https:\/\/experienciadevida.com.ar\/portalurbano\/wp-content\/uploads\/2019\/09\/Logo-Original.png","width":2236,"height":1216,"caption":"Portal Urbano"},"image":{"@id":"https:\/\/experienciadevida.com.ar\/portalurbano\/#\/schema\/logo\/image\/"},"sameAs":["https:\/\/www.facebook.com\/Portal-Urbano-171542830093757\/","https:\/\/twitter.com\/portalurbanook","https:\/\/www.instagram.com\/_portalurbano\/","https:\/\/www.youtube.com\/channel\/UCXhagIfszH8KxFiOok79zbA?view_as=subscriber"]},{"@type":"Person","@id":"https:\/\/experienciadevida.com.ar\/portalurbano\/#\/schema\/person\/02dd326b1c4b056e9cc972486934a3a7","name":"admpu17wp","image":{"@type":"ImageObject","inLanguage":"es","@id":"https:\/\/experienciadevida.com.ar\/portalurbano\/#\/schema\/person\/image\/","url":"https:\/\/secure.gravatar.com\/avatar\/830d4c57adaae6630765e449a6908047?s=96&d=mm&r=g","contentUrl":"https:\/\/secure.gravatar.com\/avatar\/830d4c57adaae6630765e449a6908047?s=96&d=mm&r=g","caption":"admpu17wp"}}]}},"featured_image_urls":{"full":["https:\/\/experienciadevida.com.ar\/portalurbano\/wp-content\/uploads\/2021\/02\/120-familias-recibieron-sus-titulos.jpg",1280,853,false],"thumbnail":["https:\/\/experienciadevida.com.ar\/portalurbano\/wp-content\/uploads\/2021\/02\/120-familias-recibieron-sus-titulos-150x150.jpg",150,150,true],"medium":["https:\/\/experienciadevida.com.ar\/portalurbano\/wp-content\/uploads\/2021\/02\/120-familias-recibieron-sus-titulos-300x200.jpg",300,200,true],"medium_large":["https:\/\/experienciadevida.com.ar\/portalurbano\/wp-content\/uploads\/2021\/02\/120-familias-recibieron-sus-titulos-768x512.jpg",640,427,true],"large":["https:\/\/experienciadevida.com.ar\/portalurbano\/wp-content\/uploads\/2021\/02\/120-familias-recibieron-sus-titulos-1024x682.jpg",640,426,true],"ug_big":["https:\/\/experienciadevida.com.ar\/portalurbano\/wp-content\/uploads\/2021\/02\/120-familias-recibieron-sus-titulos-768x512.jpg",768,512,true],"1536x1536":["https:\/\/experienciadevida.com.ar\/portalurbano\/wp-content\/uploads\/2021\/02\/120-familias-recibieron-sus-titulos.jpg",1280,853,false],"2048x2048":["https:\/\/experienciadevida.com.ar\/portalurbano\/wp-content\/uploads\/2021\/02\/120-familias-recibieron-sus-titulos.jpg",1280,853,false],"newsever-slider-full":["https:\/\/experienciadevida.com.ar\/portalurbano\/wp-content\/uploads\/2021\/02\/120-familias-recibieron-sus-titulos.jpg",1268,845,false],"newsever-featured":["https:\/\/experienciadevida.com.ar\/portalurbano\/wp-content\/uploads\/2021\/02\/120-familias-recibieron-sus-titulos.jpg",1024,682,false],"newsever-medium":["https:\/\/experienciadevida.com.ar\/portalurbano\/wp-content\/uploads\/2021\/02\/120-familias-recibieron-sus-titulos.jpg",713,475,false],"web-stories-poster-portrait":["https:\/\/experienciadevida.com.ar\/portalurbano\/wp-content\/uploads\/2021\/02\/120-familias-recibieron-sus-titulos.jpg",640,427,false],"web-stories-publisher-logo":["https:\/\/experienciadevida.com.ar\/portalurbano\/wp-content\/uploads\/2021\/02\/120-familias-recibieron-sus-titulos.jpg",96,64,false],"web-stories-thumbnail":["https:\/\/experienciadevida.com.ar\/portalurbano\/wp-content\/uploads\/2021\/02\/120-familias-recibieron-sus-titulos.jpg",150,100,false]},"author_info":{"display_name":"admpu17wp","author_link":"https:\/\/experienciadevida.com.ar\/portalurbano\/author\/admpu17wp\/"},"category_info":"<a href=\"https:\/\/experienciadevida.com.ar\/portalurbano\/category\/ciudad\/\" rel=\"category tag\">Ciudad<\/a> <a href=\"https:\/\/experienciadevida.com.ar\/portalurbano\/category\/destacadas\/\" rel=\"category tag\">Destacadas<\/a>","tag_info":"Destacadas","comment_count":"0","amp_enabled":true,"_links":{"self":[{"href":"https:\/\/experienciadevida.com.ar\/portalurbano\/wp-json\/wp\/v2\/posts\/135474"}],"collection":[{"href":"https:\/\/experienciadevida.com.ar\/portalurbano\/wp-json\/wp\/v2\/posts"}],"about":[{"href":"https:\/\/experienciadevida.com.ar\/portalurbano\/wp-json\/wp\/v2\/types\/post"}],"author":[{"embeddable":true,"href":"https:\/\/experienciadevida.com.ar\/portalurbano\/wp-json\/wp\/v2\/users\/1"}],"replies":[{"embeddable":true,"href":"https:\/\/experienciadevida.com.ar\/portalurbano\/wp-json\/wp\/v2\/comments?post=135474"}],"version-history":[{"count":4,"href":"https:\/\/experienciadevida.com.ar\/portalurbano\/wp-json\/wp\/v2\/posts\/135474\/revisions"}],"predecessor-version":[{"id":135480,"href":"https:\/\/experienciadevida.com.ar\/portalurbano\/wp-json\/wp\/v2\/posts\/135474\/revisions\/135480"}],"wp:featuredmedia":[{"embeddable":true,"href":"https:\/\/experienciadevida.com.ar\/portalurbano\/wp-json\/wp\/v2\/media\/135475"}],"wp:attachment":[{"href":"https:\/\/experienciadevida.com.ar\/portalurbano\/wp-json\/wp\/v2\/media?parent=135474"}],"wp:term":[{"taxonomy":"category","embeddable":true,"href":"https:\/\/experienciadevida.com.ar\/portalurbano\/wp-json\/wp\/v2\/categories?post=135474"},{"taxonomy":"post_tag","embeddable":true,"href":"https:\/\/experienciadevida.com.ar\/portalurbano\/wp-json\/wp\/v2\/tags?post=135474"}],"curies":[{"name":"wp","href":"https:\/\/api.w.org\/{rel}","templated":true}]}}