{"id":135467,"date":"2021-02-19T10:52:16","date_gmt":"2021-02-19T13:52:16","guid":{"rendered":"https:\/\/experienciadevida.com.ar\/portalurbano\/?p=135467"},"modified":"2021-02-19T10:55:52","modified_gmt":"2021-02-19T13:55:52","slug":"mara-ruiz-el-trabajo-es-la-columna-vertebral-de-nuestro-movimiento","status":"publish","type":"post","link":"https:\/\/experienciadevida.com.ar\/portalurbano\/mara-ruiz-el-trabajo-es-la-columna-vertebral-de-nuestro-movimiento\/","title":{"rendered":"Mara Ruiz: &#8220;el trabajo es la columna vertebral de nuestro movimiento&#8221;"},"content":{"rendered":"<p>Mara Ruiz: &#8220;el trabajo es la columna vertebral de nuestro movimiento&#8221;. En el d\u00eda de ayer se realiz\u00f3 un emotivo homenaje al abogado laboralista Carlos Moreno en la delegaci\u00f3n del Ministerio de Trabajo, all\u00ed participaron diferentes Funcionarios, as\u00ed como tambi\u00e9n Mara Ruiz Malec Ministra de Trabajo de la Naci\u00f3n.<\/p>\n<p>Mara Ruiz mencion\u00f3 <em>&#8220;nos hubiese gustado hacer este acto el mismo d\u00eda que sali\u00f3 el decreto pero la pandemia no nos permiti\u00f3 hacerlo, pero todo el equipo del Ministerio de Trabajo est\u00e1 muy contento de poder compartir con ustedes el descubrimiento de esta placa. Para nosotros no es un mero homenaje, no es un solo acto es una placa que queda d\u00eda a d\u00eda para que cada uno de los trabajadores de este Ministerio cuando ingrese a su delegaci\u00f3n, vea cu\u00e1l es el legado que queremos que sigan, es el legado de defensa de los trabajadores de poner en lo m\u00e1s alto nuestros derechos laborales, de poner en lo m\u00e1s alto el cuidado de la salud y seguridad&#8221;.<\/em><\/p>\n<p><em>&#8220;Estamos reforzando la delegaci\u00f3n para que eso sea adem\u00e1s una realidad, en breve tendremos tambi\u00e9n m\u00e1s equipo para ello, pero es el compromiso diario que asumimos, que asume el Gobernador, que asume esta gesti\u00f3n y este Gobierno y que va a ejecutar cada uno de los d\u00edas que nos toque Gobernar y defender a los trabajadores de Olavarr\u00eda y toda la Provincia. Esa placa ah\u00ed en la entrada, nos dice que no podemos hacer otra cosa, que no hay ning\u00fan d\u00eda y que no podemos dudar un instante en cu\u00e1l es nuestra tarea, es una tarea enorme, es una carga grande, pero que asumimos con alegr\u00eda y con much\u00edsima convicci\u00f3n&#8221;.<\/em><\/p>\n<p>Por otro lado, Mara Ruiz coment\u00f3 <em>&#8220;es un orgullo estar ac\u00e1\u00a0 y que el Gobernador me haya dado la oportunidad de liderar este Ministerio <strong>porque el trabajo es la columna vertebral de nuestro movimiento<\/strong>, me siento protagonista de los tiempos que corren pero no va a ver ni Ministra ni Ministerio ni Gobierno que pueda solo, porque tambi\u00e9n la columna vertebral de nuestro movimiento es el movimiento obrero organizado. En realidad este Ministerio va a poder cumplir sus funciones y defender a los trabajadores siempre y cuando nos encuentre unidos, organizados, en actividad, en defensa de los derechos laborales reivindicando lo que ya tenemos y yendo siempre por m\u00e1s&#8221;.<\/em><\/p>\n<p><em>&#8220;Sin trabajadores que nos acompa\u00f1an, que tambi\u00e9n hagan suya esta placa, que tambi\u00e9n hagan suyo el legado, del negro Moreno no va a ser posible cumplir con nuestra misi\u00f3n en esta haza\u00f1a de Gobierno que es mejorar la vida de todos los Bonaerenses,el desaf\u00edo es mutuo, es colectivo, el desaf\u00edo de que los trabajadores est\u00e9n cada d\u00eda mejor es de todos, les comparto un poquito la responsabilidad porque somos un movimiento que vino a cambiar\u00a0 y a mejorar la vida de la gente, y eso lo vamos a hacer todos juntos&#8221;,<\/em> dijo Mara Ruiz.<\/p>\n","protected":false},"excerpt":{"rendered":"<p>Mara Ruiz: &#8220;el trabajo es la columna vertebral de nuestro movimiento&#8221;. En el d\u00eda de&#8230;<\/p>\n","protected":false},"author":1,"featured_media":135468,"comment_status":"closed","ping_status":"closed","sticky":false,"template":"","format":"standard","meta":{"content-type":""},"categories":[27,64],"tags":[],"nelio_content":{"isAutoShareEnabled":false,"autoShareEndMode":"default","automationSources":{"useContentSentences":true,"useSocialTemplates":true,"useCustomSentences":false,"customSentences":[]},"followers":[1],"suggestedReferences":[],"includedReferences":[],"efiUrl":"","efiAlt":"","highlights":[]},"yoast_head":"<!-- This site is optimized with the Yoast SEO plugin v20.7 - https:\/\/yoast.com\/wordpress\/plugins\/seo\/ -->\n<title>Mara Ruiz: &quot;El trabajo es la columna vertebral de nuestro movimiento&quot;<\/title>\n<meta name=\"description\" content=\"Mara Ruiz: &quot;el trabajo es la columna vertebral de nuestro movimieto&quot;, as\u00ed lo mencion\u00f3 la Ministra en el acto homenaje a Carlos Moreno.\" \/>\n<meta name=\"robots\" content=\"index, follow, max-snippet:-1, max-image-preview:large, max-video-preview:-1\" \/>\n<link rel=\"canonical\" href=\"https:\/\/experienciadevida.com.ar\/portalurbano\/mara-ruiz-el-trabajo-es-la-columna-vertebral-de-nuestro-movimiento\/\" \/>\n<meta property=\"og:locale\" content=\"es_ES\" \/>\n<meta property=\"og:type\" content=\"article\" \/>\n<meta property=\"og:title\" content=\"Mara Ruiz: &quot;El trabajo es la columna vertebral de nuestro movimiento&quot;\" \/>\n<meta property=\"og:description\" content=\"Mara Ruiz: &quot;el trabajo es la columna vertebral de nuestro movimieto&quot;, as\u00ed lo mencion\u00f3 la Ministra en el acto homenaje a Carlos Moreno.\" \/>\n<meta property=\"og:url\" content=\"https:\/\/experienciadevida.com.ar\/portalurbano\/mara-ruiz-el-trabajo-es-la-columna-vertebral-de-nuestro-movimiento\/\" \/>\n<meta property=\"article:publisher\" content=\"https:\/\/www.facebook.com\/Portal-Urbano-171542830093757\/\" \/>\n<meta property=\"article:published_time\" content=\"2021-02-19T13:52:16+00:00\" \/>\n<meta property=\"article:modified_time\" content=\"2021-02-19T13:55:52+00:00\" \/>\n<meta property=\"og:image\" content=\"https:\/\/experienciadevida.com.ar\/portalurbano\/wp-content\/uploads\/2021\/02\/Descubrimiento30.jpg\" \/>\n\t<meta property=\"og:image:width\" content=\"765\" \/>\n\t<meta property=\"og:image:height\" content=\"483\" \/>\n\t<meta property=\"og:image:type\" content=\"image\/jpeg\" \/>\n<meta name=\"author\" content=\"admpu17wp\" \/>\n<meta name=\"twitter:card\" content=\"summary_large_image\" \/>\n<meta name=\"twitter:creator\" content=\"@portalurbanook\" \/>\n<meta name=\"twitter:site\" content=\"@portalurbanook\" \/>\n<meta name=\"twitter:label1\" content=\"Escrito por\" \/>\n\t<meta name=\"twitter:data1\" content=\"admpu17wp\" \/>\n\t<meta name=\"twitter:label2\" content=\"Tiempo de lectura\" \/>\n\t<meta name=\"twitter:data2\" content=\"3 minutos\" \/>\n<script type=\"application\/ld+json\" class=\"yoast-schema-graph\">{\"@context\":\"https:\/\/schema.org\",\"@graph\":[{\"@type\":\"Article\",\"@id\":\"https:\/\/experienciadevida.com.ar\/portalurbano\/mara-ruiz-el-trabajo-es-la-columna-vertebral-de-nuestro-movimiento\/#article\",\"isPartOf\":{\"@id\":\"https:\/\/experienciadevida.com.ar\/portalurbano\/mara-ruiz-el-trabajo-es-la-columna-vertebral-de-nuestro-movimiento\/\"},\"author\":{\"name\":\"admpu17wp\",\"@id\":\"https:\/\/experienciadevida.com.ar\/portalurbano\/#\/schema\/person\/02dd326b1c4b056e9cc972486934a3a7\"},\"headline\":\"Mara Ruiz: &#8220;el trabajo es la columna vertebral de nuestro movimiento&#8221;\",\"datePublished\":\"2021-02-19T13:52:16+00:00\",\"dateModified\":\"2021-02-19T13:55:52+00:00\",\"mainEntityOfPage\":{\"@id\":\"https:\/\/experienciadevida.com.ar\/portalurbano\/mara-ruiz-el-trabajo-es-la-columna-vertebral-de-nuestro-movimiento\/\"},\"wordCount\":527,\"publisher\":{\"@id\":\"https:\/\/experienciadevida.com.ar\/portalurbano\/#organization\"},\"articleSection\":[\"Ciudad\",\"Destacadas 2\"],\"inLanguage\":\"es\"},{\"@type\":\"WebPage\",\"@id\":\"https:\/\/experienciadevida.com.ar\/portalurbano\/mara-ruiz-el-trabajo-es-la-columna-vertebral-de-nuestro-movimiento\/\",\"url\":\"https:\/\/experienciadevida.com.ar\/portalurbano\/mara-ruiz-el-trabajo-es-la-columna-vertebral-de-nuestro-movimiento\/\",\"name\":\"Mara Ruiz: \\\"El trabajo es la columna vertebral de nuestro movimiento\\\"\",\"isPartOf\":{\"@id\":\"https:\/\/experienciadevida.com.ar\/portalurbano\/#website\"},\"datePublished\":\"2021-02-19T13:52:16+00:00\",\"dateModified\":\"2021-02-19T13:55:52+00:00\",\"description\":\"Mara Ruiz: \\\"el trabajo es la columna vertebral de nuestro movimieto\\\", as\u00ed lo mencion\u00f3 la Ministra en el acto homenaje a Carlos Moreno.\",\"breadcrumb\":{\"@id\":\"https:\/\/experienciadevida.com.ar\/portalurbano\/mara-ruiz-el-trabajo-es-la-columna-vertebral-de-nuestro-movimiento\/#breadcrumb\"},\"inLanguage\":\"es\",\"potentialAction\":[{\"@type\":\"ReadAction\",\"target\":[\"https:\/\/experienciadevida.com.ar\/portalurbano\/mara-ruiz-el-trabajo-es-la-columna-vertebral-de-nuestro-movimiento\/\"]}]},{\"@type\":\"BreadcrumbList\",\"@id\":\"https:\/\/experienciadevida.com.ar\/portalurbano\/mara-ruiz-el-trabajo-es-la-columna-vertebral-de-nuestro-movimiento\/#breadcrumb\",\"itemListElement\":[{\"@type\":\"ListItem\",\"position\":1,\"name\":\"Portada\",\"item\":\"https:\/\/experienciadevida.com.ar\/portalurbano\/\"},{\"@type\":\"ListItem\",\"position\":2,\"name\":\"Mara Ruiz: \u00abel trabajo es la columna vertebral de nuestro movimiento\u00bb\"}]},{\"@type\":\"WebSite\",\"@id\":\"https:\/\/experienciadevida.com.ar\/portalurbano\/#website\",\"url\":\"https:\/\/experienciadevida.com.ar\/portalurbano\/\",\"name\":\"\",\"description\":\"\",\"publisher\":{\"@id\":\"https:\/\/experienciadevida.com.ar\/portalurbano\/#organization\"},\"potentialAction\":[{\"@type\":\"SearchAction\",\"target\":{\"@type\":\"EntryPoint\",\"urlTemplate\":\"https:\/\/experienciadevida.com.ar\/portalurbano\/?s={search_term_string}\"},\"query-input\":\"required name=search_term_string\"}],\"inLanguage\":\"es\"},{\"@type\":\"Organization\",\"@id\":\"https:\/\/experienciadevida.com.ar\/portalurbano\/#organization\",\"name\":\"Portal Urbano\",\"url\":\"https:\/\/experienciadevida.com.ar\/portalurbano\/\",\"logo\":{\"@type\":\"ImageObject\",\"inLanguage\":\"es\",\"@id\":\"https:\/\/experienciadevida.com.ar\/portalurbano\/#\/schema\/logo\/image\/\",\"url\":\"https:\/\/experienciadevida.com.ar\/portalurbano\/wp-content\/uploads\/2019\/09\/Logo-Original.png\",\"contentUrl\":\"https:\/\/experienciadevida.com.ar\/portalurbano\/wp-content\/uploads\/2019\/09\/Logo-Original.png\",\"width\":2236,\"height\":1216,\"caption\":\"Portal Urbano\"},\"image\":{\"@id\":\"https:\/\/experienciadevida.com.ar\/portalurbano\/#\/schema\/logo\/image\/\"},\"sameAs\":[\"https:\/\/www.facebook.com\/Portal-Urbano-171542830093757\/\",\"https:\/\/twitter.com\/portalurbanook\",\"https:\/\/www.instagram.com\/_portalurbano\/\",\"https:\/\/www.youtube.com\/channel\/UCXhagIfszH8KxFiOok79zbA?view_as=subscriber\"]},{\"@type\":\"Person\",\"@id\":\"https:\/\/experienciadevida.com.ar\/portalurbano\/#\/schema\/person\/02dd326b1c4b056e9cc972486934a3a7\",\"name\":\"admpu17wp\",\"image\":{\"@type\":\"ImageObject\",\"inLanguage\":\"es\",\"@id\":\"https:\/\/experienciadevida.com.ar\/portalurbano\/#\/schema\/person\/image\/\",\"url\":\"https:\/\/secure.gravatar.com\/avatar\/830d4c57adaae6630765e449a6908047?s=96&d=mm&r=g\",\"contentUrl\":\"https:\/\/secure.gravatar.com\/avatar\/830d4c57adaae6630765e449a6908047?s=96&d=mm&r=g\",\"caption\":\"admpu17wp\"}}]}<\/script>\n<!-- \/ Yoast SEO plugin. -->","yoast_head_json":{"title":"Mara Ruiz: \"El trabajo es la columna vertebral de nuestro movimiento\"","description":"Mara Ruiz: \"el trabajo es la columna vertebral de nuestro movimieto\", as\u00ed lo mencion\u00f3 la Ministra en el acto homenaje a Carlos Moreno.","robots":{"index":"index","follow":"follow","max-snippet":"max-snippet:-1","max-image-preview":"max-image-preview:large","max-video-preview":"max-video-preview:-1"},"canonical":"https:\/\/experienciadevida.com.ar\/portalurbano\/mara-ruiz-el-trabajo-es-la-columna-vertebral-de-nuestro-movimiento\/","og_locale":"es_ES","og_type":"article","og_title":"Mara Ruiz: \"El trabajo es la columna vertebral de nuestro movimiento\"","og_description":"Mara Ruiz: \"el trabajo es la columna vertebral de nuestro movimieto\", as\u00ed lo mencion\u00f3 la Ministra en el acto homenaje a Carlos Moreno.","og_url":"https:\/\/experienciadevida.com.ar\/portalurbano\/mara-ruiz-el-trabajo-es-la-columna-vertebral-de-nuestro-movimiento\/","article_publisher":"https:\/\/www.facebook.com\/Portal-Urbano-171542830093757\/","article_published_time":"2021-02-19T13:52:16+00:00","article_modified_time":"2021-02-19T13:55:52+00:00","og_image":[{"width":765,"height":483,"url":"https:\/\/experienciadevida.com.ar\/portalurbano\/wp-content\/uploads\/2021\/02\/Descubrimiento30.jpg","type":"image\/jpeg"}],"author":"admpu17wp","twitter_card":"summary_large_image","twitter_creator":"@portalurbanook","twitter_site":"@portalurbanook","twitter_misc":{"Escrito por":"admpu17wp","Tiempo de lectura":"3 minutos"},"schema":{"@context":"https:\/\/schema.org","@graph":[{"@type":"Article","@id":"https:\/\/experienciadevida.com.ar\/portalurbano\/mara-ruiz-el-trabajo-es-la-columna-vertebral-de-nuestro-movimiento\/#article","isPartOf":{"@id":"https:\/\/experienciadevida.com.ar\/portalurbano\/mara-ruiz-el-trabajo-es-la-columna-vertebral-de-nuestro-movimiento\/"},"author":{"name":"admpu17wp","@id":"https:\/\/experienciadevida.com.ar\/portalurbano\/#\/schema\/person\/02dd326b1c4b056e9cc972486934a3a7"},"headline":"Mara Ruiz: &#8220;el trabajo es la columna vertebral de nuestro movimiento&#8221;","datePublished":"2021-02-19T13:52:16+00:00","dateModified":"2021-02-19T13:55:52+00:00","mainEntityOfPage":{"@id":"https:\/\/experienciadevida.com.ar\/portalurbano\/mara-ruiz-el-trabajo-es-la-columna-vertebral-de-nuestro-movimiento\/"},"wordCount":527,"publisher":{"@id":"https:\/\/experienciadevida.com.ar\/portalurbano\/#organization"},"articleSection":["Ciudad","Destacadas 2"],"inLanguage":"es"},{"@type":"WebPage","@id":"https:\/\/experienciadevida.com.ar\/portalurbano\/mara-ruiz-el-trabajo-es-la-columna-vertebral-de-nuestro-movimiento\/","url":"https:\/\/experienciadevida.com.ar\/portalurbano\/mara-ruiz-el-trabajo-es-la-columna-vertebral-de-nuestro-movimiento\/","name":"Mara Ruiz: \"El trabajo es la columna vertebral de nuestro movimiento\"","isPartOf":{"@id":"https:\/\/experienciadevida.com.ar\/portalurbano\/#website"},"datePublished":"2021-02-19T13:52:16+00:00","dateModified":"2021-02-19T13:55:52+00:00","description":"Mara Ruiz: \"el trabajo es la columna vertebral de nuestro movimieto\", as\u00ed lo mencion\u00f3 la Ministra en el acto homenaje a Carlos Moreno.","breadcrumb":{"@id":"https:\/\/experienciadevida.com.ar\/portalurbano\/mara-ruiz-el-trabajo-es-la-columna-vertebral-de-nuestro-movimiento\/#breadcrumb"},"inLanguage":"es","potentialAction":[{"@type":"ReadAction","target":["https:\/\/experienciadevida.com.ar\/portalurbano\/mara-ruiz-el-trabajo-es-la-columna-vertebral-de-nuestro-movimiento\/"]}]},{"@type":"BreadcrumbList","@id":"https:\/\/experienciadevida.com.ar\/portalurbano\/mara-ruiz-el-trabajo-es-la-columna-vertebral-de-nuestro-movimiento\/#breadcrumb","itemListElement":[{"@type":"ListItem","position":1,"name":"Portada","item":"https:\/\/experienciadevida.com.ar\/portalurbano\/"},{"@type":"ListItem","position":2,"name":"Mara Ruiz: \u00abel trabajo es la columna vertebral de nuestro movimiento\u00bb"}]},{"@type":"WebSite","@id":"https:\/\/experienciadevida.com.ar\/portalurbano\/#website","url":"https:\/\/experienciadevida.com.ar\/portalurbano\/","name":"","description":"","publisher":{"@id":"https:\/\/experienciadevida.com.ar\/portalurbano\/#organization"},"potentialAction":[{"@type":"SearchAction","target":{"@type":"EntryPoint","urlTemplate":"https:\/\/experienciadevida.com.ar\/portalurbano\/?s={search_term_string}"},"query-input":"required name=search_term_string"}],"inLanguage":"es"},{"@type":"Organization","@id":"https:\/\/experienciadevida.com.ar\/portalurbano\/#organization","name":"Portal Urbano","url":"https:\/\/experienciadevida.com.ar\/portalurbano\/","logo":{"@type":"ImageObject","inLanguage":"es","@id":"https:\/\/experienciadevida.com.ar\/portalurbano\/#\/schema\/logo\/image\/","url":"https:\/\/experienciadevida.com.ar\/portalurbano\/wp-content\/uploads\/2019\/09\/Logo-Original.png","contentUrl":"https:\/\/experienciadevida.com.ar\/portalurbano\/wp-content\/uploads\/2019\/09\/Logo-Original.png","width":2236,"height":1216,"caption":"Portal Urbano"},"image":{"@id":"https:\/\/experienciadevida.com.ar\/portalurbano\/#\/schema\/logo\/image\/"},"sameAs":["https:\/\/www.facebook.com\/Portal-Urbano-171542830093757\/","https:\/\/twitter.com\/portalurbanook","https:\/\/www.instagram.com\/_portalurbano\/","https:\/\/www.youtube.com\/channel\/UCXhagIfszH8KxFiOok79zbA?view_as=subscriber"]},{"@type":"Person","@id":"https:\/\/experienciadevida.com.ar\/portalurbano\/#\/schema\/person\/02dd326b1c4b056e9cc972486934a3a7","name":"admpu17wp","image":{"@type":"ImageObject","inLanguage":"es","@id":"https:\/\/experienciadevida.com.ar\/portalurbano\/#\/schema\/person\/image\/","url":"https:\/\/secure.gravatar.com\/avatar\/830d4c57adaae6630765e449a6908047?s=96&d=mm&r=g","contentUrl":"https:\/\/secure.gravatar.com\/avatar\/830d4c57adaae6630765e449a6908047?s=96&d=mm&r=g","caption":"admpu17wp"}}]}},"featured_image_urls":{"full":["https:\/\/experienciadevida.com.ar\/portalurbano\/wp-content\/uploads\/2021\/02\/Descubrimiento30.jpg",765,483,false],"thumbnail":["https:\/\/experienciadevida.com.ar\/portalurbano\/wp-content\/uploads\/2021\/02\/Descubrimiento30-150x150.jpg",150,150,true],"medium":["https:\/\/experienciadevida.com.ar\/portalurbano\/wp-content\/uploads\/2021\/02\/Descubrimiento30-300x189.jpg",300,189,true],"medium_large":["https:\/\/experienciadevida.com.ar\/portalurbano\/wp-content\/uploads\/2021\/02\/Descubrimiento30.jpg",640,404,false],"large":["https:\/\/experienciadevida.com.ar\/portalurbano\/wp-content\/uploads\/2021\/02\/Descubrimiento30.jpg",640,404,false],"ug_big":["https:\/\/experienciadevida.com.ar\/portalurbano\/wp-content\/uploads\/2021\/02\/Descubrimiento30.jpg",765,483,false],"1536x1536":["https:\/\/experienciadevida.com.ar\/portalurbano\/wp-content\/uploads\/2021\/02\/Descubrimiento30.jpg",765,483,false],"2048x2048":["https:\/\/experienciadevida.com.ar\/portalurbano\/wp-content\/uploads\/2021\/02\/Descubrimiento30.jpg",765,483,false],"newsever-slider-full":["https:\/\/experienciadevida.com.ar\/portalurbano\/wp-content\/uploads\/2021\/02\/Descubrimiento30.jpg",765,483,false],"newsever-featured":["https:\/\/experienciadevida.com.ar\/portalurbano\/wp-content\/uploads\/2021\/02\/Descubrimiento30.jpg",765,483,false],"newsever-medium":["https:\/\/experienciadevida.com.ar\/portalurbano\/wp-content\/uploads\/2021\/02\/Descubrimiento30.jpg",720,455,false],"web-stories-poster-portrait":["https:\/\/experienciadevida.com.ar\/portalurbano\/wp-content\/uploads\/2021\/02\/Descubrimiento30.jpg",640,404,false],"web-stories-publisher-logo":["https:\/\/experienciadevida.com.ar\/portalurbano\/wp-content\/uploads\/2021\/02\/Descubrimiento30.jpg",96,61,false],"web-stories-thumbnail":["https:\/\/experienciadevida.com.ar\/portalurbano\/wp-content\/uploads\/2021\/02\/Descubrimiento30.jpg",150,95,false]},"author_info":{"display_name":"admpu17wp","author_link":"https:\/\/experienciadevida.com.ar\/portalurbano\/author\/admpu17wp\/"},"category_info":"<a href=\"https:\/\/experienciadevida.com.ar\/portalurbano\/category\/ciudad\/\" rel=\"category tag\">Ciudad<\/a> <a href=\"https:\/\/experienciadevida.com.ar\/portalurbano\/category\/destacadas-2\/\" rel=\"category tag\">Destacadas 2<\/a>","tag_info":"Destacadas 2","comment_count":"0","amp_enabled":true,"_links":{"self":[{"href":"https:\/\/experienciadevida.com.ar\/portalurbano\/wp-json\/wp\/v2\/posts\/135467"}],"collection":[{"href":"https:\/\/experienciadevida.com.ar\/portalurbano\/wp-json\/wp\/v2\/posts"}],"about":[{"href":"https:\/\/experienciadevida.com.ar\/portalurbano\/wp-json\/wp\/v2\/types\/post"}],"author":[{"embeddable":true,"href":"https:\/\/experienciadevida.com.ar\/portalurbano\/wp-json\/wp\/v2\/users\/1"}],"replies":[{"embeddable":true,"href":"https:\/\/experienciadevida.com.ar\/portalurbano\/wp-json\/wp\/v2\/comments?post=135467"}],"version-history":[{"count":4,"href":"https:\/\/experienciadevida.com.ar\/portalurbano\/wp-json\/wp\/v2\/posts\/135467\/revisions"}],"predecessor-version":[{"id":135472,"href":"https:\/\/experienciadevida.com.ar\/portalurbano\/wp-json\/wp\/v2\/posts\/135467\/revisions\/135472"}],"wp:featuredmedia":[{"embeddable":true,"href":"https:\/\/experienciadevida.com.ar\/portalurbano\/wp-json\/wp\/v2\/media\/135468"}],"wp:attachment":[{"href":"https:\/\/experienciadevida.com.ar\/portalurbano\/wp-json\/wp\/v2\/media?parent=135467"}],"wp:term":[{"taxonomy":"category","embeddable":true,"href":"https:\/\/experienciadevida.com.ar\/portalurbano\/wp-json\/wp\/v2\/categories?post=135467"},{"taxonomy":"post_tag","embeddable":true,"href":"https:\/\/experienciadevida.com.ar\/portalurbano\/wp-json\/wp\/v2\/tags?post=135467"}],"curies":[{"name":"wp","href":"https:\/\/api.w.org\/{rel}","templated":true}]}}