{"id":135461,"date":"2021-02-19T10:25:50","date_gmt":"2021-02-19T13:25:50","guid":{"rendered":"https:\/\/experienciadevida.com.ar\/portalurbano\/?p=135461"},"modified":"2021-02-19T11:04:05","modified_gmt":"2021-02-19T14:04:05","slug":"matias-moreno-el-gobernador-pone-a-los-derechos-humanos-como-bandera-inclaudicable","status":"publish","type":"post","link":"https:\/\/experienciadevida.com.ar\/portalurbano\/matias-moreno-el-gobernador-pone-a-los-derechos-humanos-como-bandera-inclaudicable\/","title":{"rendered":"Mat\u00edas Moreno: &#8220;El Gobernador pone a los derechos humanos como  bandera inclaudicable&#8221;"},"content":{"rendered":"<p>Mat\u00edas Moreno: &#8220;<em>El Gobernador pone a los derechos humanos como bandera inclaudicable&#8221;<\/em>. As\u00ed lo dijo Mat\u00edas Moreno hijo del abogado laboralista Carlos Moreno, quien fue una de las v\u00edctimas de la \u00faltima dictadura c\u00edvico-militar en nuestro pa\u00eds en un <a href=\"https:\/\/experienciadevida.com.ar\/portalurbano\/se-realizo-un-acto-y-se-descubrio-una-placa-en-el-ministerio-de-trabajo\/\">emotivo acto que se realiz\u00f3 en la delegaci\u00f3n de trabajo en nuestra ciudad.\u00a0<\/a><\/p>\n<p>El emotivo acto se realiz\u00f3 en la delegaci\u00f3n del Ministerio de trabajo que ahora lleva el nombre de Carlos Moreno y descubrieron una placa, all\u00ed dio un discurso Mat\u00edas Moreno, hijo de Carlos Moreno.<\/p>\n<p><em>&#8220;Gracias a todos los presentes por estar ac\u00e1 con los cuidados pertinentes, quiero agradecer a nuestro Gobernador que el d\u00eda 7 de julio pasado firm\u00f3 el decreto de la propuesta de nuestra Ministra de Trabajo de colocar el nombre de mi padre en la delegaci\u00f3n de trabajo en la ciudad de Olavarr\u00eda como as\u00ed tambi\u00e9n el nombre de otro recordado abogado laboralista como Norberto Centeno en la delegaci\u00f3n de Mar del Plata&#8221;.<\/em><\/p>\n<p>Por otro lado Mat\u00edas Moreno dijo &#8220;<em>quiero hablar de nuestro Gobernador y de esas decisiones pol\u00edticas y sobre todo de haberme convocado no s\u00f3lo en t\u00e9rminos personales sino en t\u00e9rminos de la representaci\u00f3n de un sector, habla\u00a0 de cu\u00e1l es la idea de nuestro Gobernador acerca de la materia de derechos humanos, y tambi\u00e9n es importante decir que el Gobernador pertenece\u00a0 a un proyecto que pone a los derechos humanos como bandera incaudicable en la funci\u00f3n de la construcci\u00f3n de una Naci\u00f3n y una Provincia que merezca ser vivida&#8221;.<\/em><\/p>\n<p><em>&#8220;Venir a Olavarr\u00eda es venir a nuestra casa, habl\u00e1bamos con mi hermano que pap\u00e1 amaba tres cosas, su familia, sobre todo su madre que fue la que nos ense\u00f1\u00f3 a nosotros de c\u00f3mo salir a pelear justicia por pap\u00e1, uno se emociona muy pocas veces pero hablar de la abuela siempre nos lleva a un lugar muy lindo. En el interior de la Provincia sobre todo en las ciudades los silencios aturd\u00edan\u00a0 y el estereotipo y la estigmatizaci\u00f3n eran muy fuertes&#8221;.<\/em><\/p>\n<p>Mat\u00edas Moreno mencion\u00f3 <em>&#8220;mi pap\u00e1 amaba a su familia, a los trabajadores mineros\u00a0 y a esta ciudad, por eso es a la que hab\u00edan elegido junto a mi madre que era de la Plata para desarrollar su vida social, familiar y profesional. El hecho de que nosotros nos hayamos criado en la ciudad de la Plata fue porque tuvimos que salir r\u00e1pidamente a los dos d\u00edas del secuestro, no fue una decisi\u00f3n propia sino de la situaci\u00f3n del momento\u00a0 y con la casa allanada&#8221;.<\/em><\/p>\n<p><em>&#8220;Pap\u00e1 era un militante que formaba parte de una generaci\u00f3n, que es esa generaci\u00f3n la que hoy nos convoca d\u00eda a d\u00eda a afrontar las dificultades e incomodidades que implica la pol\u00edtica, gesti\u00f3n p\u00fablica pero sabiendo siempre que cuando uno vuelve cansado piensa en esos 30 mil desaparecidos y son ellos los que nos dan todos los d\u00edas el insumo necesario para seguir trabajando para una provincia y un pa\u00eds mucho m\u00e1s justo&#8221;.<\/em><\/p>\n<p>A su vez Mat\u00edas Moreno coment\u00f3<em> &#8220;esa noche a mi pap\u00e1 lo secuestran en Lamadrid y Dorrego en la puerta del estudio jur\u00eddico y es trasladado al centro clandestino de detenci\u00f3n en la quinta de los hermanos M\u00e9ndez, logra escapar pero el 4 de mayo fue fusilado.\u00a0 Todo eso lo supimos gracias a que el 9 de marzo del 2012 se pudo llevar a cabo un juicio hist\u00f3rico,\u00a0 que se debe a la lucha de los derechos humanos, cuando vinimos a nuestra ciudad si no hubiera habido una base hubiese sido todo dif\u00edcil&#8221;.<\/em><\/p>\n<p>Para finalizar Mat\u00edas Moreno dijo &#8220;<em>La historia de pap\u00e1 atraviesa tambi\u00e9n un poco la historia de esta ciudad, porque en el juicio se pudo ver la autoridad material, pero tambi\u00e9n la historia de la \u00faltima dictadura c\u00edvico militar&#8221;.<\/em><\/p>\n","protected":false},"excerpt":{"rendered":"<p>Mat\u00edas Moreno: &#8220;El Gobernador pone a los derechos humanos como bandera inclaudicable&#8221;. As\u00ed lo dijo&#8230;<\/p>\n","protected":false},"author":1,"featured_media":135462,"comment_status":"closed","ping_status":"closed","sticky":false,"template":"","format":"standard","meta":{"content-type":""},"categories":[27,51],"tags":[],"nelio_content":{"isAutoShareEnabled":false,"autoShareEndMode":"default","automationSources":{"useContentSentences":true,"useSocialTemplates":true,"useCustomSentences":false,"customSentences":[]},"followers":[1],"suggestedReferences":[],"includedReferences":[],"efiUrl":"","efiAlt":"","highlights":[]},"yoast_head":"<!-- This site is optimized with the Yoast SEO plugin v20.7 - https:\/\/yoast.com\/wordpress\/plugins\/seo\/ -->\n<title>Mat\u00edas Moreno: &quot;El Gobernador pone a los derechos humanos&quot;<\/title>\n<meta name=\"description\" content=\"Mat\u00edas Moreno: &quot;El Gobernador pone a los derechos humanos como bandera incaudicable&quot;, lo dijo en un acto en homenaje a su padre.\" \/>\n<meta name=\"robots\" content=\"index, follow, max-snippet:-1, max-image-preview:large, max-video-preview:-1\" \/>\n<link rel=\"canonical\" href=\"https:\/\/experienciadevida.com.ar\/portalurbano\/matias-moreno-el-gobernador-pone-a-los-derechos-humanos-como-bandera-inclaudicable\/\" \/>\n<meta property=\"og:locale\" content=\"es_ES\" \/>\n<meta property=\"og:type\" content=\"article\" \/>\n<meta property=\"og:title\" content=\"Mat\u00edas Moreno: &quot;El Gobernador pone a los derechos humanos&quot;\" \/>\n<meta property=\"og:description\" content=\"Mat\u00edas Moreno: &quot;El Gobernador pone a los derechos humanos como bandera incaudicable&quot;, lo dijo en un acto en homenaje a su padre.\" \/>\n<meta property=\"og:url\" content=\"https:\/\/experienciadevida.com.ar\/portalurbano\/matias-moreno-el-gobernador-pone-a-los-derechos-humanos-como-bandera-inclaudicable\/\" \/>\n<meta property=\"article:publisher\" content=\"https:\/\/www.facebook.com\/Portal-Urbano-171542830093757\/\" \/>\n<meta property=\"article:published_time\" content=\"2021-02-19T13:25:50+00:00\" \/>\n<meta property=\"article:modified_time\" content=\"2021-02-19T14:04:05+00:00\" \/>\n<meta property=\"og:image\" content=\"https:\/\/experienciadevida.com.ar\/portalurbano\/wp-content\/uploads\/2021\/02\/Descubrimiento33.jpg\" \/>\n\t<meta property=\"og:image:width\" content=\"765\" \/>\n\t<meta property=\"og:image:height\" content=\"485\" \/>\n\t<meta property=\"og:image:type\" content=\"image\/jpeg\" \/>\n<meta name=\"author\" content=\"admpu17wp\" \/>\n<meta name=\"twitter:card\" content=\"summary_large_image\" \/>\n<meta name=\"twitter:creator\" content=\"@portalurbanook\" \/>\n<meta name=\"twitter:site\" content=\"@portalurbanook\" \/>\n<meta name=\"twitter:label1\" content=\"Escrito por\" \/>\n\t<meta name=\"twitter:data1\" content=\"admpu17wp\" \/>\n\t<meta name=\"twitter:label2\" content=\"Tiempo de lectura\" \/>\n\t<meta name=\"twitter:data2\" content=\"3 minutos\" \/>\n<script type=\"application\/ld+json\" class=\"yoast-schema-graph\">{\"@context\":\"https:\/\/schema.org\",\"@graph\":[{\"@type\":\"Article\",\"@id\":\"https:\/\/experienciadevida.com.ar\/portalurbano\/matias-moreno-el-gobernador-pone-a-los-derechos-humanos-como-bandera-inclaudicable\/#article\",\"isPartOf\":{\"@id\":\"https:\/\/experienciadevida.com.ar\/portalurbano\/matias-moreno-el-gobernador-pone-a-los-derechos-humanos-como-bandera-inclaudicable\/\"},\"author\":{\"name\":\"admpu17wp\",\"@id\":\"https:\/\/experienciadevida.com.ar\/portalurbano\/#\/schema\/person\/02dd326b1c4b056e9cc972486934a3a7\"},\"headline\":\"Mat\u00edas Moreno: &#8220;El Gobernador pone a los derechos humanos como bandera inclaudicable&#8221;\",\"datePublished\":\"2021-02-19T13:25:50+00:00\",\"dateModified\":\"2021-02-19T14:04:05+00:00\",\"mainEntityOfPage\":{\"@id\":\"https:\/\/experienciadevida.com.ar\/portalurbano\/matias-moreno-el-gobernador-pone-a-los-derechos-humanos-como-bandera-inclaudicable\/\"},\"wordCount\":679,\"publisher\":{\"@id\":\"https:\/\/experienciadevida.com.ar\/portalurbano\/#organization\"},\"articleSection\":[\"Ciudad\",\"Destacadas\"],\"inLanguage\":\"es\"},{\"@type\":\"WebPage\",\"@id\":\"https:\/\/experienciadevida.com.ar\/portalurbano\/matias-moreno-el-gobernador-pone-a-los-derechos-humanos-como-bandera-inclaudicable\/\",\"url\":\"https:\/\/experienciadevida.com.ar\/portalurbano\/matias-moreno-el-gobernador-pone-a-los-derechos-humanos-como-bandera-inclaudicable\/\",\"name\":\"Mat\u00edas Moreno: \\\"El Gobernador pone a los derechos humanos\\\"\",\"isPartOf\":{\"@id\":\"https:\/\/experienciadevida.com.ar\/portalurbano\/#website\"},\"datePublished\":\"2021-02-19T13:25:50+00:00\",\"dateModified\":\"2021-02-19T14:04:05+00:00\",\"description\":\"Mat\u00edas Moreno: \\\"El Gobernador pone a los derechos humanos como bandera incaudicable\\\", lo dijo en un acto en homenaje a su padre.\",\"breadcrumb\":{\"@id\":\"https:\/\/experienciadevida.com.ar\/portalurbano\/matias-moreno-el-gobernador-pone-a-los-derechos-humanos-como-bandera-inclaudicable\/#breadcrumb\"},\"inLanguage\":\"es\",\"potentialAction\":[{\"@type\":\"ReadAction\",\"target\":[\"https:\/\/experienciadevida.com.ar\/portalurbano\/matias-moreno-el-gobernador-pone-a-los-derechos-humanos-como-bandera-inclaudicable\/\"]}]},{\"@type\":\"BreadcrumbList\",\"@id\":\"https:\/\/experienciadevida.com.ar\/portalurbano\/matias-moreno-el-gobernador-pone-a-los-derechos-humanos-como-bandera-inclaudicable\/#breadcrumb\",\"itemListElement\":[{\"@type\":\"ListItem\",\"position\":1,\"name\":\"Portada\",\"item\":\"https:\/\/experienciadevida.com.ar\/portalurbano\/\"},{\"@type\":\"ListItem\",\"position\":2,\"name\":\"Mat\u00edas Moreno: \u00abEl Gobernador pone a los derechos humanos como bandera inclaudicable\u00bb\"}]},{\"@type\":\"WebSite\",\"@id\":\"https:\/\/experienciadevida.com.ar\/portalurbano\/#website\",\"url\":\"https:\/\/experienciadevida.com.ar\/portalurbano\/\",\"name\":\"\",\"description\":\"\",\"publisher\":{\"@id\":\"https:\/\/experienciadevida.com.ar\/portalurbano\/#organization\"},\"potentialAction\":[{\"@type\":\"SearchAction\",\"target\":{\"@type\":\"EntryPoint\",\"urlTemplate\":\"https:\/\/experienciadevida.com.ar\/portalurbano\/?s={search_term_string}\"},\"query-input\":\"required name=search_term_string\"}],\"inLanguage\":\"es\"},{\"@type\":\"Organization\",\"@id\":\"https:\/\/experienciadevida.com.ar\/portalurbano\/#organization\",\"name\":\"Portal Urbano\",\"url\":\"https:\/\/experienciadevida.com.ar\/portalurbano\/\",\"logo\":{\"@type\":\"ImageObject\",\"inLanguage\":\"es\",\"@id\":\"https:\/\/experienciadevida.com.ar\/portalurbano\/#\/schema\/logo\/image\/\",\"url\":\"https:\/\/experienciadevida.com.ar\/portalurbano\/wp-content\/uploads\/2019\/09\/Logo-Original.png\",\"contentUrl\":\"https:\/\/experienciadevida.com.ar\/portalurbano\/wp-content\/uploads\/2019\/09\/Logo-Original.png\",\"width\":2236,\"height\":1216,\"caption\":\"Portal Urbano\"},\"image\":{\"@id\":\"https:\/\/experienciadevida.com.ar\/portalurbano\/#\/schema\/logo\/image\/\"},\"sameAs\":[\"https:\/\/www.facebook.com\/Portal-Urbano-171542830093757\/\",\"https:\/\/twitter.com\/portalurbanook\",\"https:\/\/www.instagram.com\/_portalurbano\/\",\"https:\/\/www.youtube.com\/channel\/UCXhagIfszH8KxFiOok79zbA?view_as=subscriber\"]},{\"@type\":\"Person\",\"@id\":\"https:\/\/experienciadevida.com.ar\/portalurbano\/#\/schema\/person\/02dd326b1c4b056e9cc972486934a3a7\",\"name\":\"admpu17wp\",\"image\":{\"@type\":\"ImageObject\",\"inLanguage\":\"es\",\"@id\":\"https:\/\/experienciadevida.com.ar\/portalurbano\/#\/schema\/person\/image\/\",\"url\":\"https:\/\/secure.gravatar.com\/avatar\/830d4c57adaae6630765e449a6908047?s=96&d=mm&r=g\",\"contentUrl\":\"https:\/\/secure.gravatar.com\/avatar\/830d4c57adaae6630765e449a6908047?s=96&d=mm&r=g\",\"caption\":\"admpu17wp\"}}]}<\/script>\n<!-- \/ Yoast SEO plugin. -->","yoast_head_json":{"title":"Mat\u00edas Moreno: \"El Gobernador pone a los derechos humanos\"","description":"Mat\u00edas Moreno: \"El Gobernador pone a los derechos humanos como bandera incaudicable\", lo dijo en un acto en homenaje a su padre.","robots":{"index":"index","follow":"follow","max-snippet":"max-snippet:-1","max-image-preview":"max-image-preview:large","max-video-preview":"max-video-preview:-1"},"canonical":"https:\/\/experienciadevida.com.ar\/portalurbano\/matias-moreno-el-gobernador-pone-a-los-derechos-humanos-como-bandera-inclaudicable\/","og_locale":"es_ES","og_type":"article","og_title":"Mat\u00edas Moreno: \"El Gobernador pone a los derechos humanos\"","og_description":"Mat\u00edas Moreno: \"El Gobernador pone a los derechos humanos como bandera incaudicable\", lo dijo en un acto en homenaje a su padre.","og_url":"https:\/\/experienciadevida.com.ar\/portalurbano\/matias-moreno-el-gobernador-pone-a-los-derechos-humanos-como-bandera-inclaudicable\/","article_publisher":"https:\/\/www.facebook.com\/Portal-Urbano-171542830093757\/","article_published_time":"2021-02-19T13:25:50+00:00","article_modified_time":"2021-02-19T14:04:05+00:00","og_image":[{"width":765,"height":485,"url":"https:\/\/experienciadevida.com.ar\/portalurbano\/wp-content\/uploads\/2021\/02\/Descubrimiento33.jpg","type":"image\/jpeg"}],"author":"admpu17wp","twitter_card":"summary_large_image","twitter_creator":"@portalurbanook","twitter_site":"@portalurbanook","twitter_misc":{"Escrito por":"admpu17wp","Tiempo de lectura":"3 minutos"},"schema":{"@context":"https:\/\/schema.org","@graph":[{"@type":"Article","@id":"https:\/\/experienciadevida.com.ar\/portalurbano\/matias-moreno-el-gobernador-pone-a-los-derechos-humanos-como-bandera-inclaudicable\/#article","isPartOf":{"@id":"https:\/\/experienciadevida.com.ar\/portalurbano\/matias-moreno-el-gobernador-pone-a-los-derechos-humanos-como-bandera-inclaudicable\/"},"author":{"name":"admpu17wp","@id":"https:\/\/experienciadevida.com.ar\/portalurbano\/#\/schema\/person\/02dd326b1c4b056e9cc972486934a3a7"},"headline":"Mat\u00edas Moreno: &#8220;El Gobernador pone a los derechos humanos como bandera inclaudicable&#8221;","datePublished":"2021-02-19T13:25:50+00:00","dateModified":"2021-02-19T14:04:05+00:00","mainEntityOfPage":{"@id":"https:\/\/experienciadevida.com.ar\/portalurbano\/matias-moreno-el-gobernador-pone-a-los-derechos-humanos-como-bandera-inclaudicable\/"},"wordCount":679,"publisher":{"@id":"https:\/\/experienciadevida.com.ar\/portalurbano\/#organization"},"articleSection":["Ciudad","Destacadas"],"inLanguage":"es"},{"@type":"WebPage","@id":"https:\/\/experienciadevida.com.ar\/portalurbano\/matias-moreno-el-gobernador-pone-a-los-derechos-humanos-como-bandera-inclaudicable\/","url":"https:\/\/experienciadevida.com.ar\/portalurbano\/matias-moreno-el-gobernador-pone-a-los-derechos-humanos-como-bandera-inclaudicable\/","name":"Mat\u00edas Moreno: \"El Gobernador pone a los derechos humanos\"","isPartOf":{"@id":"https:\/\/experienciadevida.com.ar\/portalurbano\/#website"},"datePublished":"2021-02-19T13:25:50+00:00","dateModified":"2021-02-19T14:04:05+00:00","description":"Mat\u00edas Moreno: \"El Gobernador pone a los derechos humanos como bandera incaudicable\", lo dijo en un acto en homenaje a su padre.","breadcrumb":{"@id":"https:\/\/experienciadevida.com.ar\/portalurbano\/matias-moreno-el-gobernador-pone-a-los-derechos-humanos-como-bandera-inclaudicable\/#breadcrumb"},"inLanguage":"es","potentialAction":[{"@type":"ReadAction","target":["https:\/\/experienciadevida.com.ar\/portalurbano\/matias-moreno-el-gobernador-pone-a-los-derechos-humanos-como-bandera-inclaudicable\/"]}]},{"@type":"BreadcrumbList","@id":"https:\/\/experienciadevida.com.ar\/portalurbano\/matias-moreno-el-gobernador-pone-a-los-derechos-humanos-como-bandera-inclaudicable\/#breadcrumb","itemListElement":[{"@type":"ListItem","position":1,"name":"Portada","item":"https:\/\/experienciadevida.com.ar\/portalurbano\/"},{"@type":"ListItem","position":2,"name":"Mat\u00edas Moreno: \u00abEl Gobernador pone a los derechos humanos como bandera inclaudicable\u00bb"}]},{"@type":"WebSite","@id":"https:\/\/experienciadevida.com.ar\/portalurbano\/#website","url":"https:\/\/experienciadevida.com.ar\/portalurbano\/","name":"","description":"","publisher":{"@id":"https:\/\/experienciadevida.com.ar\/portalurbano\/#organization"},"potentialAction":[{"@type":"SearchAction","target":{"@type":"EntryPoint","urlTemplate":"https:\/\/experienciadevida.com.ar\/portalurbano\/?s={search_term_string}"},"query-input":"required name=search_term_string"}],"inLanguage":"es"},{"@type":"Organization","@id":"https:\/\/experienciadevida.com.ar\/portalurbano\/#organization","name":"Portal Urbano","url":"https:\/\/experienciadevida.com.ar\/portalurbano\/","logo":{"@type":"ImageObject","inLanguage":"es","@id":"https:\/\/experienciadevida.com.ar\/portalurbano\/#\/schema\/logo\/image\/","url":"https:\/\/experienciadevida.com.ar\/portalurbano\/wp-content\/uploads\/2019\/09\/Logo-Original.png","contentUrl":"https:\/\/experienciadevida.com.ar\/portalurbano\/wp-content\/uploads\/2019\/09\/Logo-Original.png","width":2236,"height":1216,"caption":"Portal Urbano"},"image":{"@id":"https:\/\/experienciadevida.com.ar\/portalurbano\/#\/schema\/logo\/image\/"},"sameAs":["https:\/\/www.facebook.com\/Portal-Urbano-171542830093757\/","https:\/\/twitter.com\/portalurbanook","https:\/\/www.instagram.com\/_portalurbano\/","https:\/\/www.youtube.com\/channel\/UCXhagIfszH8KxFiOok79zbA?view_as=subscriber"]},{"@type":"Person","@id":"https:\/\/experienciadevida.com.ar\/portalurbano\/#\/schema\/person\/02dd326b1c4b056e9cc972486934a3a7","name":"admpu17wp","image":{"@type":"ImageObject","inLanguage":"es","@id":"https:\/\/experienciadevida.com.ar\/portalurbano\/#\/schema\/person\/image\/","url":"https:\/\/secure.gravatar.com\/avatar\/830d4c57adaae6630765e449a6908047?s=96&d=mm&r=g","contentUrl":"https:\/\/secure.gravatar.com\/avatar\/830d4c57adaae6630765e449a6908047?s=96&d=mm&r=g","caption":"admpu17wp"}}]}},"featured_image_urls":{"full":["https:\/\/experienciadevida.com.ar\/portalurbano\/wp-content\/uploads\/2021\/02\/Descubrimiento33.jpg",765,485,false],"thumbnail":["https:\/\/experienciadevida.com.ar\/portalurbano\/wp-content\/uploads\/2021\/02\/Descubrimiento33-150x150.jpg",150,150,true],"medium":["https:\/\/experienciadevida.com.ar\/portalurbano\/wp-content\/uploads\/2021\/02\/Descubrimiento33-300x190.jpg",300,190,true],"medium_large":["https:\/\/experienciadevida.com.ar\/portalurbano\/wp-content\/uploads\/2021\/02\/Descubrimiento33.jpg",640,406,false],"large":["https:\/\/experienciadevida.com.ar\/portalurbano\/wp-content\/uploads\/2021\/02\/Descubrimiento33.jpg",640,406,false],"ug_big":["https:\/\/experienciadevida.com.ar\/portalurbano\/wp-content\/uploads\/2021\/02\/Descubrimiento33.jpg",765,485,false],"1536x1536":["https:\/\/experienciadevida.com.ar\/portalurbano\/wp-content\/uploads\/2021\/02\/Descubrimiento33.jpg",765,485,false],"2048x2048":["https:\/\/experienciadevida.com.ar\/portalurbano\/wp-content\/uploads\/2021\/02\/Descubrimiento33.jpg",765,485,false],"newsever-slider-full":["https:\/\/experienciadevida.com.ar\/portalurbano\/wp-content\/uploads\/2021\/02\/Descubrimiento33.jpg",765,485,false],"newsever-featured":["https:\/\/experienciadevida.com.ar\/portalurbano\/wp-content\/uploads\/2021\/02\/Descubrimiento33.jpg",765,485,false],"newsever-medium":["https:\/\/experienciadevida.com.ar\/portalurbano\/wp-content\/uploads\/2021\/02\/Descubrimiento33.jpg",720,456,false],"web-stories-poster-portrait":["https:\/\/experienciadevida.com.ar\/portalurbano\/wp-content\/uploads\/2021\/02\/Descubrimiento33.jpg",640,406,false],"web-stories-publisher-logo":["https:\/\/experienciadevida.com.ar\/portalurbano\/wp-content\/uploads\/2021\/02\/Descubrimiento33.jpg",96,61,false],"web-stories-thumbnail":["https:\/\/experienciadevida.com.ar\/portalurbano\/wp-content\/uploads\/2021\/02\/Descubrimiento33.jpg",150,95,false]},"author_info":{"display_name":"admpu17wp","author_link":"https:\/\/experienciadevida.com.ar\/portalurbano\/author\/admpu17wp\/"},"category_info":"<a href=\"https:\/\/experienciadevida.com.ar\/portalurbano\/category\/ciudad\/\" rel=\"category tag\">Ciudad<\/a> <a href=\"https:\/\/experienciadevida.com.ar\/portalurbano\/category\/destacadas\/\" rel=\"category tag\">Destacadas<\/a>","tag_info":"Destacadas","comment_count":"0","amp_enabled":true,"_links":{"self":[{"href":"https:\/\/experienciadevida.com.ar\/portalurbano\/wp-json\/wp\/v2\/posts\/135461"}],"collection":[{"href":"https:\/\/experienciadevida.com.ar\/portalurbano\/wp-json\/wp\/v2\/posts"}],"about":[{"href":"https:\/\/experienciadevida.com.ar\/portalurbano\/wp-json\/wp\/v2\/types\/post"}],"author":[{"embeddable":true,"href":"https:\/\/experienciadevida.com.ar\/portalurbano\/wp-json\/wp\/v2\/users\/1"}],"replies":[{"embeddable":true,"href":"https:\/\/experienciadevida.com.ar\/portalurbano\/wp-json\/wp\/v2\/comments?post=135461"}],"version-history":[{"count":5,"href":"https:\/\/experienciadevida.com.ar\/portalurbano\/wp-json\/wp\/v2\/posts\/135461\/revisions"}],"predecessor-version":[{"id":135473,"href":"https:\/\/experienciadevida.com.ar\/portalurbano\/wp-json\/wp\/v2\/posts\/135461\/revisions\/135473"}],"wp:featuredmedia":[{"embeddable":true,"href":"https:\/\/experienciadevida.com.ar\/portalurbano\/wp-json\/wp\/v2\/media\/135462"}],"wp:attachment":[{"href":"https:\/\/experienciadevida.com.ar\/portalurbano\/wp-json\/wp\/v2\/media?parent=135461"}],"wp:term":[{"taxonomy":"category","embeddable":true,"href":"https:\/\/experienciadevida.com.ar\/portalurbano\/wp-json\/wp\/v2\/categories?post=135461"},{"taxonomy":"post_tag","embeddable":true,"href":"https:\/\/experienciadevida.com.ar\/portalurbano\/wp-json\/wp\/v2\/tags?post=135461"}],"curies":[{"name":"wp","href":"https:\/\/api.w.org\/{rel}","templated":true}]}}