{"id":135456,"date":"2021-02-18T22:31:02","date_gmt":"2021-02-19T01:31:02","guid":{"rendered":"https:\/\/experienciadevida.com.ar\/portalurbano\/?p=135456"},"modified":"2021-02-18T22:31:49","modified_gmt":"2021-02-19T01:31:49","slug":"autoridades-provinciales-mantuvieron-una-reunion-en-la-asociacion-de-abogados","status":"publish","type":"post","link":"https:\/\/experienciadevida.com.ar\/portalurbano\/autoridades-provinciales-mantuvieron-una-reunion-en-la-asociacion-de-abogados\/","title":{"rendered":"Autoridades provinciales mantuvieron una reuni\u00f3n en la Asociaci\u00f3n de Abogados"},"content":{"rendered":"<p>Autoridades provinciales mantuvieron una reuni\u00f3n en la Asociaci\u00f3n de Abogados. Esta tarde el ministro de Justicia y DDHH, Julio Alak y el secretario general de la gobernaci\u00f3n, Federico Thea, se reunieron con autoridades e integrantes de la Asociaci\u00f3n de Abogados con el fin de conocer la situaci\u00f3n actual del departamento Judicial de Azul.<\/p>\n<p>Los asistentes resaltaron y destacaron la amabilidad tanto de Alak como de Thea, quienes se mostraron muy interesados en conocer las necesidades y dificultades del departamento judicial y se pusieron a disposici\u00f3n para seguir trabajando en conjunto.<\/p>\n<p>Del encuentro participaron adem\u00e1s el presidente del Colegio de magistrados del Departamento Judicial de Azul y juez en lo contencioso administrativo, Pablo Quaranta, el presidente del colegio de abogados de Azul, Gast\u00f3n Argeri, la presidenta de la Asociaci\u00f3n de abogados Elda Donatelli, el diputado provincial C\u00e9sar Valicenti y la concejala por el Frente de Todos Mercedes Landivar.<\/p>\n","protected":false},"excerpt":{"rendered":"<p>Autoridades provinciales mantuvieron una reuni\u00f3n en la Asociaci\u00f3n de Abogados. Esta tarde el ministro de&#8230;<\/p>\n","protected":false},"author":1,"featured_media":135457,"comment_status":"closed","ping_status":"closed","sticky":false,"template":"","format":"standard","meta":{"content-type":""},"categories":[27,64],"tags":[],"nelio_content":{"isAutoShareEnabled":false,"autoShareEndMode":"default","automationSources":{"useContentSentences":true,"useSocialTemplates":true,"useCustomSentences":false,"customSentences":[]},"followers":[1],"suggestedReferences":[],"includedReferences":[],"efiUrl":"","efiAlt":"","highlights":[]},"yoast_head":"<!-- This site is optimized with the Yoast SEO plugin v20.7 - https:\/\/yoast.com\/wordpress\/plugins\/seo\/ -->\n<title>Autoridades provinciales mantuvieron una reuni\u00f3n en la Asociaci\u00f3n de Abogados -<\/title>\n<meta name=\"robots\" content=\"index, follow, max-snippet:-1, max-image-preview:large, max-video-preview:-1\" \/>\n<link rel=\"canonical\" href=\"https:\/\/experienciadevida.com.ar\/portalurbano\/autoridades-provinciales-mantuvieron-una-reunion-en-la-asociacion-de-abogados\/\" \/>\n<meta property=\"og:locale\" content=\"es_ES\" \/>\n<meta property=\"og:type\" content=\"article\" \/>\n<meta property=\"og:title\" content=\"Autoridades provinciales mantuvieron una reuni\u00f3n en la Asociaci\u00f3n de Abogados -\" \/>\n<meta property=\"og:description\" content=\"Autoridades provinciales mantuvieron una reuni\u00f3n en la Asociaci\u00f3n de Abogados. Esta tarde el ministro de...\" \/>\n<meta property=\"og:url\" content=\"https:\/\/experienciadevida.com.ar\/portalurbano\/autoridades-provinciales-mantuvieron-una-reunion-en-la-asociacion-de-abogados\/\" \/>\n<meta property=\"article:publisher\" content=\"https:\/\/www.facebook.com\/Portal-Urbano-171542830093757\/\" \/>\n<meta property=\"article:published_time\" content=\"2021-02-19T01:31:02+00:00\" \/>\n<meta property=\"article:modified_time\" content=\"2021-02-19T01:31:49+00:00\" \/>\n<meta property=\"og:image\" content=\"https:\/\/experienciadevida.com.ar\/portalurbano\/wp-content\/uploads\/2021\/02\/Autoridades-provinciales-mantuvieron-una-reunion.jpg\" \/>\n\t<meta property=\"og:image:width\" content=\"1280\" \/>\n\t<meta property=\"og:image:height\" content=\"776\" \/>\n\t<meta property=\"og:image:type\" content=\"image\/jpeg\" \/>\n<meta name=\"author\" content=\"admpu17wp\" \/>\n<meta name=\"twitter:card\" content=\"summary_large_image\" \/>\n<meta name=\"twitter:creator\" content=\"@portalurbanook\" \/>\n<meta name=\"twitter:site\" content=\"@portalurbanook\" \/>\n<meta name=\"twitter:label1\" content=\"Escrito por\" \/>\n\t<meta name=\"twitter:data1\" content=\"admpu17wp\" \/>\n\t<meta name=\"twitter:label2\" content=\"Tiempo de lectura\" \/>\n\t<meta name=\"twitter:data2\" content=\"1 minuto\" \/>\n<script type=\"application\/ld+json\" class=\"yoast-schema-graph\">{\"@context\":\"https:\/\/schema.org\",\"@graph\":[{\"@type\":\"Article\",\"@id\":\"https:\/\/experienciadevida.com.ar\/portalurbano\/autoridades-provinciales-mantuvieron-una-reunion-en-la-asociacion-de-abogados\/#article\",\"isPartOf\":{\"@id\":\"https:\/\/experienciadevida.com.ar\/portalurbano\/autoridades-provinciales-mantuvieron-una-reunion-en-la-asociacion-de-abogados\/\"},\"author\":{\"name\":\"admpu17wp\",\"@id\":\"https:\/\/experienciadevida.com.ar\/portalurbano\/#\/schema\/person\/02dd326b1c4b056e9cc972486934a3a7\"},\"headline\":\"Autoridades provinciales mantuvieron una reuni\u00f3n en la Asociaci\u00f3n de Abogados\",\"datePublished\":\"2021-02-19T01:31:02+00:00\",\"dateModified\":\"2021-02-19T01:31:49+00:00\",\"mainEntityOfPage\":{\"@id\":\"https:\/\/experienciadevida.com.ar\/portalurbano\/autoridades-provinciales-mantuvieron-una-reunion-en-la-asociacion-de-abogados\/\"},\"wordCount\":169,\"publisher\":{\"@id\":\"https:\/\/experienciadevida.com.ar\/portalurbano\/#organization\"},\"articleSection\":[\"Ciudad\",\"Destacadas 2\"],\"inLanguage\":\"es\"},{\"@type\":\"WebPage\",\"@id\":\"https:\/\/experienciadevida.com.ar\/portalurbano\/autoridades-provinciales-mantuvieron-una-reunion-en-la-asociacion-de-abogados\/\",\"url\":\"https:\/\/experienciadevida.com.ar\/portalurbano\/autoridades-provinciales-mantuvieron-una-reunion-en-la-asociacion-de-abogados\/\",\"name\":\"Autoridades provinciales mantuvieron una reuni\u00f3n en la Asociaci\u00f3n de Abogados -\",\"isPartOf\":{\"@id\":\"https:\/\/experienciadevida.com.ar\/portalurbano\/#website\"},\"datePublished\":\"2021-02-19T01:31:02+00:00\",\"dateModified\":\"2021-02-19T01:31:49+00:00\",\"breadcrumb\":{\"@id\":\"https:\/\/experienciadevida.com.ar\/portalurbano\/autoridades-provinciales-mantuvieron-una-reunion-en-la-asociacion-de-abogados\/#breadcrumb\"},\"inLanguage\":\"es\",\"potentialAction\":[{\"@type\":\"ReadAction\",\"target\":[\"https:\/\/experienciadevida.com.ar\/portalurbano\/autoridades-provinciales-mantuvieron-una-reunion-en-la-asociacion-de-abogados\/\"]}]},{\"@type\":\"BreadcrumbList\",\"@id\":\"https:\/\/experienciadevida.com.ar\/portalurbano\/autoridades-provinciales-mantuvieron-una-reunion-en-la-asociacion-de-abogados\/#breadcrumb\",\"itemListElement\":[{\"@type\":\"ListItem\",\"position\":1,\"name\":\"Portada\",\"item\":\"https:\/\/experienciadevida.com.ar\/portalurbano\/\"},{\"@type\":\"ListItem\",\"position\":2,\"name\":\"Autoridades provinciales mantuvieron una reuni\u00f3n en la Asociaci\u00f3n de Abogados\"}]},{\"@type\":\"WebSite\",\"@id\":\"https:\/\/experienciadevida.com.ar\/portalurbano\/#website\",\"url\":\"https:\/\/experienciadevida.com.ar\/portalurbano\/\",\"name\":\"\",\"description\":\"\",\"publisher\":{\"@id\":\"https:\/\/experienciadevida.com.ar\/portalurbano\/#organization\"},\"potentialAction\":[{\"@type\":\"SearchAction\",\"target\":{\"@type\":\"EntryPoint\",\"urlTemplate\":\"https:\/\/experienciadevida.com.ar\/portalurbano\/?s={search_term_string}\"},\"query-input\":\"required name=search_term_string\"}],\"inLanguage\":\"es\"},{\"@type\":\"Organization\",\"@id\":\"https:\/\/experienciadevida.com.ar\/portalurbano\/#organization\",\"name\":\"Portal Urbano\",\"url\":\"https:\/\/experienciadevida.com.ar\/portalurbano\/\",\"logo\":{\"@type\":\"ImageObject\",\"inLanguage\":\"es\",\"@id\":\"https:\/\/experienciadevida.com.ar\/portalurbano\/#\/schema\/logo\/image\/\",\"url\":\"https:\/\/experienciadevida.com.ar\/portalurbano\/wp-content\/uploads\/2019\/09\/Logo-Original.png\",\"contentUrl\":\"https:\/\/experienciadevida.com.ar\/portalurbano\/wp-content\/uploads\/2019\/09\/Logo-Original.png\",\"width\":2236,\"height\":1216,\"caption\":\"Portal Urbano\"},\"image\":{\"@id\":\"https:\/\/experienciadevida.com.ar\/portalurbano\/#\/schema\/logo\/image\/\"},\"sameAs\":[\"https:\/\/www.facebook.com\/Portal-Urbano-171542830093757\/\",\"https:\/\/twitter.com\/portalurbanook\",\"https:\/\/www.instagram.com\/_portalurbano\/\",\"https:\/\/www.youtube.com\/channel\/UCXhagIfszH8KxFiOok79zbA?view_as=subscriber\"]},{\"@type\":\"Person\",\"@id\":\"https:\/\/experienciadevida.com.ar\/portalurbano\/#\/schema\/person\/02dd326b1c4b056e9cc972486934a3a7\",\"name\":\"admpu17wp\",\"image\":{\"@type\":\"ImageObject\",\"inLanguage\":\"es\",\"@id\":\"https:\/\/experienciadevida.com.ar\/portalurbano\/#\/schema\/person\/image\/\",\"url\":\"https:\/\/secure.gravatar.com\/avatar\/830d4c57adaae6630765e449a6908047?s=96&d=mm&r=g\",\"contentUrl\":\"https:\/\/secure.gravatar.com\/avatar\/830d4c57adaae6630765e449a6908047?s=96&d=mm&r=g\",\"caption\":\"admpu17wp\"}}]}<\/script>\n<!-- \/ Yoast SEO plugin. -->","yoast_head_json":{"title":"Autoridades provinciales mantuvieron una reuni\u00f3n en la Asociaci\u00f3n de Abogados -","robots":{"index":"index","follow":"follow","max-snippet":"max-snippet:-1","max-image-preview":"max-image-preview:large","max-video-preview":"max-video-preview:-1"},"canonical":"https:\/\/experienciadevida.com.ar\/portalurbano\/autoridades-provinciales-mantuvieron-una-reunion-en-la-asociacion-de-abogados\/","og_locale":"es_ES","og_type":"article","og_title":"Autoridades provinciales mantuvieron una reuni\u00f3n en la Asociaci\u00f3n de Abogados -","og_description":"Autoridades provinciales mantuvieron una reuni\u00f3n en la Asociaci\u00f3n de Abogados. Esta tarde el ministro de...","og_url":"https:\/\/experienciadevida.com.ar\/portalurbano\/autoridades-provinciales-mantuvieron-una-reunion-en-la-asociacion-de-abogados\/","article_publisher":"https:\/\/www.facebook.com\/Portal-Urbano-171542830093757\/","article_published_time":"2021-02-19T01:31:02+00:00","article_modified_time":"2021-02-19T01:31:49+00:00","og_image":[{"width":1280,"height":776,"url":"https:\/\/experienciadevida.com.ar\/portalurbano\/wp-content\/uploads\/2021\/02\/Autoridades-provinciales-mantuvieron-una-reunion.jpg","type":"image\/jpeg"}],"author":"admpu17wp","twitter_card":"summary_large_image","twitter_creator":"@portalurbanook","twitter_site":"@portalurbanook","twitter_misc":{"Escrito por":"admpu17wp","Tiempo de lectura":"1 minuto"},"schema":{"@context":"https:\/\/schema.org","@graph":[{"@type":"Article","@id":"https:\/\/experienciadevida.com.ar\/portalurbano\/autoridades-provinciales-mantuvieron-una-reunion-en-la-asociacion-de-abogados\/#article","isPartOf":{"@id":"https:\/\/experienciadevida.com.ar\/portalurbano\/autoridades-provinciales-mantuvieron-una-reunion-en-la-asociacion-de-abogados\/"},"author":{"name":"admpu17wp","@id":"https:\/\/experienciadevida.com.ar\/portalurbano\/#\/schema\/person\/02dd326b1c4b056e9cc972486934a3a7"},"headline":"Autoridades provinciales mantuvieron una reuni\u00f3n en la Asociaci\u00f3n de Abogados","datePublished":"2021-02-19T01:31:02+00:00","dateModified":"2021-02-19T01:31:49+00:00","mainEntityOfPage":{"@id":"https:\/\/experienciadevida.com.ar\/portalurbano\/autoridades-provinciales-mantuvieron-una-reunion-en-la-asociacion-de-abogados\/"},"wordCount":169,"publisher":{"@id":"https:\/\/experienciadevida.com.ar\/portalurbano\/#organization"},"articleSection":["Ciudad","Destacadas 2"],"inLanguage":"es"},{"@type":"WebPage","@id":"https:\/\/experienciadevida.com.ar\/portalurbano\/autoridades-provinciales-mantuvieron-una-reunion-en-la-asociacion-de-abogados\/","url":"https:\/\/experienciadevida.com.ar\/portalurbano\/autoridades-provinciales-mantuvieron-una-reunion-en-la-asociacion-de-abogados\/","name":"Autoridades provinciales mantuvieron una reuni\u00f3n en la Asociaci\u00f3n de Abogados -","isPartOf":{"@id":"https:\/\/experienciadevida.com.ar\/portalurbano\/#website"},"datePublished":"2021-02-19T01:31:02+00:00","dateModified":"2021-02-19T01:31:49+00:00","breadcrumb":{"@id":"https:\/\/experienciadevida.com.ar\/portalurbano\/autoridades-provinciales-mantuvieron-una-reunion-en-la-asociacion-de-abogados\/#breadcrumb"},"inLanguage":"es","potentialAction":[{"@type":"ReadAction","target":["https:\/\/experienciadevida.com.ar\/portalurbano\/autoridades-provinciales-mantuvieron-una-reunion-en-la-asociacion-de-abogados\/"]}]},{"@type":"BreadcrumbList","@id":"https:\/\/experienciadevida.com.ar\/portalurbano\/autoridades-provinciales-mantuvieron-una-reunion-en-la-asociacion-de-abogados\/#breadcrumb","itemListElement":[{"@type":"ListItem","position":1,"name":"Portada","item":"https:\/\/experienciadevida.com.ar\/portalurbano\/"},{"@type":"ListItem","position":2,"name":"Autoridades provinciales mantuvieron una reuni\u00f3n en la Asociaci\u00f3n de Abogados"}]},{"@type":"WebSite","@id":"https:\/\/experienciadevida.com.ar\/portalurbano\/#website","url":"https:\/\/experienciadevida.com.ar\/portalurbano\/","name":"","description":"","publisher":{"@id":"https:\/\/experienciadevida.com.ar\/portalurbano\/#organization"},"potentialAction":[{"@type":"SearchAction","target":{"@type":"EntryPoint","urlTemplate":"https:\/\/experienciadevida.com.ar\/portalurbano\/?s={search_term_string}"},"query-input":"required name=search_term_string"}],"inLanguage":"es"},{"@type":"Organization","@id":"https:\/\/experienciadevida.com.ar\/portalurbano\/#organization","name":"Portal Urbano","url":"https:\/\/experienciadevida.com.ar\/portalurbano\/","logo":{"@type":"ImageObject","inLanguage":"es","@id":"https:\/\/experienciadevida.com.ar\/portalurbano\/#\/schema\/logo\/image\/","url":"https:\/\/experienciadevida.com.ar\/portalurbano\/wp-content\/uploads\/2019\/09\/Logo-Original.png","contentUrl":"https:\/\/experienciadevida.com.ar\/portalurbano\/wp-content\/uploads\/2019\/09\/Logo-Original.png","width":2236,"height":1216,"caption":"Portal Urbano"},"image":{"@id":"https:\/\/experienciadevida.com.ar\/portalurbano\/#\/schema\/logo\/image\/"},"sameAs":["https:\/\/www.facebook.com\/Portal-Urbano-171542830093757\/","https:\/\/twitter.com\/portalurbanook","https:\/\/www.instagram.com\/_portalurbano\/","https:\/\/www.youtube.com\/channel\/UCXhagIfszH8KxFiOok79zbA?view_as=subscriber"]},{"@type":"Person","@id":"https:\/\/experienciadevida.com.ar\/portalurbano\/#\/schema\/person\/02dd326b1c4b056e9cc972486934a3a7","name":"admpu17wp","image":{"@type":"ImageObject","inLanguage":"es","@id":"https:\/\/experienciadevida.com.ar\/portalurbano\/#\/schema\/person\/image\/","url":"https:\/\/secure.gravatar.com\/avatar\/830d4c57adaae6630765e449a6908047?s=96&d=mm&r=g","contentUrl":"https:\/\/secure.gravatar.com\/avatar\/830d4c57adaae6630765e449a6908047?s=96&d=mm&r=g","caption":"admpu17wp"}}]}},"featured_image_urls":{"full":["https:\/\/experienciadevida.com.ar\/portalurbano\/wp-content\/uploads\/2021\/02\/Autoridades-provinciales-mantuvieron-una-reunion.jpg",1280,776,false],"thumbnail":["https:\/\/experienciadevida.com.ar\/portalurbano\/wp-content\/uploads\/2021\/02\/Autoridades-provinciales-mantuvieron-una-reunion-150x150.jpg",150,150,true],"medium":["https:\/\/experienciadevida.com.ar\/portalurbano\/wp-content\/uploads\/2021\/02\/Autoridades-provinciales-mantuvieron-una-reunion-300x182.jpg",300,182,true],"medium_large":["https:\/\/experienciadevida.com.ar\/portalurbano\/wp-content\/uploads\/2021\/02\/Autoridades-provinciales-mantuvieron-una-reunion-768x466.jpg",640,388,true],"large":["https:\/\/experienciadevida.com.ar\/portalurbano\/wp-content\/uploads\/2021\/02\/Autoridades-provinciales-mantuvieron-una-reunion-1024x621.jpg",640,388,true],"ug_big":["https:\/\/experienciadevida.com.ar\/portalurbano\/wp-content\/uploads\/2021\/02\/Autoridades-provinciales-mantuvieron-una-reunion-768x466.jpg",768,466,true],"1536x1536":["https:\/\/experienciadevida.com.ar\/portalurbano\/wp-content\/uploads\/2021\/02\/Autoridades-provinciales-mantuvieron-una-reunion.jpg",1280,776,false],"2048x2048":["https:\/\/experienciadevida.com.ar\/portalurbano\/wp-content\/uploads\/2021\/02\/Autoridades-provinciales-mantuvieron-una-reunion.jpg",1280,776,false],"newsever-slider-full":["https:\/\/experienciadevida.com.ar\/portalurbano\/wp-content\/uploads\/2021\/02\/Autoridades-provinciales-mantuvieron-una-reunion.jpg",1280,776,false],"newsever-featured":["https:\/\/experienciadevida.com.ar\/portalurbano\/wp-content\/uploads\/2021\/02\/Autoridades-provinciales-mantuvieron-una-reunion.jpg",1024,621,false],"newsever-medium":["https:\/\/experienciadevida.com.ar\/portalurbano\/wp-content\/uploads\/2021\/02\/Autoridades-provinciales-mantuvieron-una-reunion.jpg",720,437,false],"web-stories-poster-portrait":["https:\/\/experienciadevida.com.ar\/portalurbano\/wp-content\/uploads\/2021\/02\/Autoridades-provinciales-mantuvieron-una-reunion.jpg",640,388,false],"web-stories-publisher-logo":["https:\/\/experienciadevida.com.ar\/portalurbano\/wp-content\/uploads\/2021\/02\/Autoridades-provinciales-mantuvieron-una-reunion.jpg",96,58,false],"web-stories-thumbnail":["https:\/\/experienciadevida.com.ar\/portalurbano\/wp-content\/uploads\/2021\/02\/Autoridades-provinciales-mantuvieron-una-reunion.jpg",150,91,false]},"author_info":{"display_name":"admpu17wp","author_link":"https:\/\/experienciadevida.com.ar\/portalurbano\/author\/admpu17wp\/"},"category_info":"<a href=\"https:\/\/experienciadevida.com.ar\/portalurbano\/category\/ciudad\/\" rel=\"category tag\">Ciudad<\/a> <a href=\"https:\/\/experienciadevida.com.ar\/portalurbano\/category\/destacadas-2\/\" rel=\"category tag\">Destacadas 2<\/a>","tag_info":"Destacadas 2","comment_count":"0","amp_enabled":true,"_links":{"self":[{"href":"https:\/\/experienciadevida.com.ar\/portalurbano\/wp-json\/wp\/v2\/posts\/135456"}],"collection":[{"href":"https:\/\/experienciadevida.com.ar\/portalurbano\/wp-json\/wp\/v2\/posts"}],"about":[{"href":"https:\/\/experienciadevida.com.ar\/portalurbano\/wp-json\/wp\/v2\/types\/post"}],"author":[{"embeddable":true,"href":"https:\/\/experienciadevida.com.ar\/portalurbano\/wp-json\/wp\/v2\/users\/1"}],"replies":[{"embeddable":true,"href":"https:\/\/experienciadevida.com.ar\/portalurbano\/wp-json\/wp\/v2\/comments?post=135456"}],"version-history":[{"count":1,"href":"https:\/\/experienciadevida.com.ar\/portalurbano\/wp-json\/wp\/v2\/posts\/135456\/revisions"}],"predecessor-version":[{"id":135458,"href":"https:\/\/experienciadevida.com.ar\/portalurbano\/wp-json\/wp\/v2\/posts\/135456\/revisions\/135458"}],"wp:featuredmedia":[{"embeddable":true,"href":"https:\/\/experienciadevida.com.ar\/portalurbano\/wp-json\/wp\/v2\/media\/135457"}],"wp:attachment":[{"href":"https:\/\/experienciadevida.com.ar\/portalurbano\/wp-json\/wp\/v2\/media?parent=135456"}],"wp:term":[{"taxonomy":"category","embeddable":true,"href":"https:\/\/experienciadevida.com.ar\/portalurbano\/wp-json\/wp\/v2\/categories?post=135456"},{"taxonomy":"post_tag","embeddable":true,"href":"https:\/\/experienciadevida.com.ar\/portalurbano\/wp-json\/wp\/v2\/tags?post=135456"}],"curies":[{"name":"wp","href":"https:\/\/api.w.org\/{rel}","templated":true}]}}