{"id":135414,"date":"2021-02-18T15:09:31","date_gmt":"2021-02-18T18:09:31","guid":{"rendered":"https:\/\/experienciadevida.com.ar\/portalurbano\/?p=135414"},"modified":"2021-02-18T15:11:18","modified_gmt":"2021-02-18T18:11:18","slug":"la-concrecion-de-este-proyecto-significara-un-sueno-hecho-realidad","status":"publish","type":"post","link":"https:\/\/experienciadevida.com.ar\/portalurbano\/la-concrecion-de-este-proyecto-significara-un-sueno-hecho-realidad\/","title":{"rendered":"\u201cLa concreci\u00f3n de este proyecto significar\u00e1 un sue\u00f1o hecho realidad\u201d"},"content":{"rendered":"<p>\u201cLa concreci\u00f3n de este proyecto significar\u00e1 un sue\u00f1o hecho realidad\u201d. Este jueves por la ma\u00f1ana se realiz\u00f3 el acto de apertura de la licitaci\u00f3n p\u00fablica que permitir\u00e1 llevar adelante importantes obras de infraestructura en la Escuela Secundaria N\u00ba 14, con una inversi\u00f3n superior a los $20.000.000.<\/p>\n<p>El acto licitatorio tuvo lugar en el Palacio San Mart\u00edn con la presencia de funcionarios municipales: el secretario de Mantenimiento y Obras P\u00fablicas Julio Ferraro y la directora de Licitaciones Pilar Ciardelli, junto a las autoridades educativas, la directora de la Escuela N\u00ba 14 Yamila Aguirre Zabala y el vicedirector Gustavo And\u00eda, junto a los representantes de las empresas oferentes.<\/p>\n<p>En la oportunidad, se presentaron dos ofertas econ\u00f3micas, en primer lugar Pecma SRL cotiz\u00f3 la suma de $21.479.968 y en segundo lugar, Capitanich Construcciones calcul\u00f3 un presupuesto de $36.781.351,75, &#8220;la concreci\u00f3n de este proyecto significar\u00e1 un sue\u00f1o hecho realidad&#8221;, mencionaron.<\/p>\n<p>\u201cEstas obras son absolutamente importantes desde que la escuela se cre\u00f3\u201d, afirm\u00f3 la directora del establecimiento Yamila Aguirre Zabala, tras participar del acto de apertura de la licitaci\u00f3n en la Municipalidad.<\/p>\n<p>\u201cNosotros funcionamos en sede y anexo, ese es el gran inconveniente, es el gran obstaculizador: tener la misma cantidad de personal divido en dos edificios diferentes\u201d, remarc\u00f3.<\/p>\n<p>La Escuela Secundaria N\u00ba 14 cuenta con una matr\u00edcula total de 250 estudiantes y funciona en dos sedes: en la Escuela Primaria N\u00ba 52 (Piedras 2167) y el Anexo en la Escuela Primaria N\u00ba 30 (Belgrano 1030), donde se ejecutaron importantes refacciones en el a\u00f1o 2017.<\/p>\n<p>La directora de la instituci\u00f3n expres\u00f3 que \u201cvenimos luchando por las v\u00edas jer\u00e1rquicas correspondientes: inspectores, Consejo Escolar. Hace mucho tiempo que venimos pidiendo estas obras, tuvimos una reuni\u00f3n hace con Diego Robbiani donde le presentamos nuestra propuesta\u201d.<\/p>\n<p>Adem\u00e1s se refiri\u00f3 a las dificultades que se enfrentan como equipo de gesti\u00f3n al funcionar en dos sedes separadas. \u201cEn la Escuela N\u00ba 60 solamente nos han quedado tres grupos, pero implica que como equipo tengamos que funcionar separados. Un equipo de gesti\u00f3n separado realmente no funciona, no es posible levar adelante un trabajo en equipo. Mientras que el equipo orientador tambi\u00e9n alterna, porque va un d\u00eda al Anexo y el resto de los d\u00edas a la sede. Entonces no hay un sentido de pertenencia, hacer un acto en conjunto es toda una odisea, tenemos que movilizar a los chicos\u201d, relat\u00f3.<\/p>\n<p>\u201cEs una escuela de caracter\u00edsticas especiales, reci\u00e9n hace dos a\u00f1os los venimos entusiasmados con la presentaci\u00f3n del distintivo y lo que significa ser estudiante de una escuela. Para ellos es simplemente ir a la Escuela 52 o la 60 para ellos no existe este sentido de pertenencia, esta identidad, que es lo que nosotros queremos lograr\u201d, agreg\u00f3.<\/p>\n<p>\u201cPara nosotros la concreci\u00f3n de este proyecto significar\u00e1 un sue\u00f1o hecho realidad\u201d, sostuvo Yamila Aguirre Zabala.<\/p>\n<p>Por su parte, el vicedirector de la instituci\u00f3n Gustavo And\u00eda, puntualiz\u00f3 en las dificultades que representa para los alumnos al momento de tener que decidir su orientaci\u00f3n.<\/p>\n<p>\u201cTodos los chicos empiezan en Educaci\u00f3n Secundaria B\u00e1sica, de primero a tercero en una sede y en tercero tienen que elegir una orientaci\u00f3n, entonces lo que eligen Arte tienen que cambiar de sede, a otro espacio escolar, que les resulta muy dif\u00edcil y muchos eligen otra orientaci\u00f3n para no irse de su escuela, en vez de poder elegir lo que realmente les gusta\u201d, manifest\u00f3.<\/p>\n<p>And\u00eda explic\u00f3 que \u201ctener a todos los chicos dentro de la misma instituci\u00f3n es beneficioso para el alumno y la familia y para los equipos de gesti\u00f3n, porque el alumno adem\u00e1s puede desarrollar todo el trayecto escolar en una sede y puede elegir cualquiera de las dos orientaciones, sin necesidad de irse a otro edificio\u201d.<\/p>\n<p>El proyecto se basa en la ampliaci\u00f3n del edificio actual en una superficie cubierta de 345 metros cuadrados, con seis nuevas aulas, preceptor\u00eda y gabinete, dep\u00f3sito y comedor.<\/p>\n<p>La obra permitir\u00e1 contar con un aula para cada curso, porque actualmente tres divisiones de los a\u00f1os superiores cursan en otro edificio, con las problem\u00e1ticas que implica tanto para los docentes, alumnos y familias.<\/p>\n<p>&nbsp;<\/p>\n","protected":false},"excerpt":{"rendered":"<p>\u201cLa concreci\u00f3n de este proyecto significar\u00e1 un sue\u00f1o hecho realidad\u201d. Este jueves por la ma\u00f1ana&#8230;<\/p>\n","protected":false},"author":1,"featured_media":135415,"comment_status":"closed","ping_status":"closed","sticky":false,"template":"","format":"standard","meta":{"content-type":""},"categories":[27,64],"tags":[],"nelio_content":{"isAutoShareEnabled":false,"autoShareEndMode":"default","automationSources":{"useContentSentences":true,"useSocialTemplates":true,"useCustomSentences":false,"customSentences":[]},"followers":[1],"suggestedReferences":[],"includedReferences":[],"efiUrl":"","efiAlt":"","highlights":[]},"yoast_head":"<!-- This site is optimized with the Yoast SEO plugin v20.7 - https:\/\/yoast.com\/wordpress\/plugins\/seo\/ -->\n<title>&quot;La concreci\u00f3n de este proyecto significar\u00e1 un sue\u00f1o hecho realidad&quot;<\/title>\n<meta name=\"description\" content=\"\u201cLa concreci\u00f3n de este proyecto significar\u00e1 un sue\u00f1o hecho realidad\u201d. Este jueves por la ma\u00f1ana se realiz\u00f3 el acto de apertura de licitaci\u00f3n\" \/>\n<meta name=\"robots\" content=\"index, follow, max-snippet:-1, max-image-preview:large, max-video-preview:-1\" \/>\n<link rel=\"canonical\" href=\"https:\/\/experienciadevida.com.ar\/portalurbano\/la-concrecion-de-este-proyecto-significara-un-sueno-hecho-realidad\/\" \/>\n<meta property=\"og:locale\" content=\"es_ES\" \/>\n<meta property=\"og:type\" content=\"article\" \/>\n<meta property=\"og:title\" content=\"&quot;La concreci\u00f3n de este proyecto significar\u00e1 un sue\u00f1o hecho realidad&quot;\" \/>\n<meta property=\"og:description\" content=\"\u201cLa concreci\u00f3n de este proyecto significar\u00e1 un sue\u00f1o hecho realidad\u201d. Este jueves por la ma\u00f1ana se realiz\u00f3 el acto de apertura de licitaci\u00f3n\" \/>\n<meta property=\"og:url\" content=\"https:\/\/experienciadevida.com.ar\/portalurbano\/la-concrecion-de-este-proyecto-significara-un-sueno-hecho-realidad\/\" \/>\n<meta property=\"article:publisher\" content=\"https:\/\/www.facebook.com\/Portal-Urbano-171542830093757\/\" \/>\n<meta property=\"article:published_time\" content=\"2021-02-18T18:09:31+00:00\" \/>\n<meta property=\"article:modified_time\" content=\"2021-02-18T18:11:18+00:00\" \/>\n<meta property=\"og:image\" content=\"https:\/\/experienciadevida.com.ar\/portalurbano\/wp-content\/uploads\/2021\/02\/La-concrecion-de-este-proyecto.jpg\" \/>\n\t<meta property=\"og:image:width\" content=\"1024\" \/>\n\t<meta property=\"og:image:height\" content=\"551\" \/>\n\t<meta property=\"og:image:type\" content=\"image\/jpeg\" \/>\n<meta name=\"author\" content=\"admpu17wp\" \/>\n<meta name=\"twitter:card\" content=\"summary_large_image\" \/>\n<meta name=\"twitter:creator\" content=\"@portalurbanook\" \/>\n<meta name=\"twitter:site\" content=\"@portalurbanook\" \/>\n<meta name=\"twitter:label1\" content=\"Escrito por\" \/>\n\t<meta name=\"twitter:data1\" content=\"admpu17wp\" \/>\n\t<meta name=\"twitter:label2\" content=\"Tiempo de lectura\" \/>\n\t<meta name=\"twitter:data2\" content=\"3 minutos\" \/>\n<script type=\"application\/ld+json\" class=\"yoast-schema-graph\">{\"@context\":\"https:\/\/schema.org\",\"@graph\":[{\"@type\":\"Article\",\"@id\":\"https:\/\/experienciadevida.com.ar\/portalurbano\/la-concrecion-de-este-proyecto-significara-un-sueno-hecho-realidad\/#article\",\"isPartOf\":{\"@id\":\"https:\/\/experienciadevida.com.ar\/portalurbano\/la-concrecion-de-este-proyecto-significara-un-sueno-hecho-realidad\/\"},\"author\":{\"name\":\"admpu17wp\",\"@id\":\"https:\/\/experienciadevida.com.ar\/portalurbano\/#\/schema\/person\/02dd326b1c4b056e9cc972486934a3a7\"},\"headline\":\"\u201cLa concreci\u00f3n de este proyecto significar\u00e1 un sue\u00f1o hecho realidad\u201d\",\"datePublished\":\"2021-02-18T18:09:31+00:00\",\"dateModified\":\"2021-02-18T18:11:18+00:00\",\"mainEntityOfPage\":{\"@id\":\"https:\/\/experienciadevida.com.ar\/portalurbano\/la-concrecion-de-este-proyecto-significara-un-sueno-hecho-realidad\/\"},\"wordCount\":714,\"publisher\":{\"@id\":\"https:\/\/experienciadevida.com.ar\/portalurbano\/#organization\"},\"articleSection\":[\"Ciudad\",\"Destacadas 2\"],\"inLanguage\":\"es\"},{\"@type\":\"WebPage\",\"@id\":\"https:\/\/experienciadevida.com.ar\/portalurbano\/la-concrecion-de-este-proyecto-significara-un-sueno-hecho-realidad\/\",\"url\":\"https:\/\/experienciadevida.com.ar\/portalurbano\/la-concrecion-de-este-proyecto-significara-un-sueno-hecho-realidad\/\",\"name\":\"\\\"La concreci\u00f3n de este proyecto significar\u00e1 un sue\u00f1o hecho realidad\\\"\",\"isPartOf\":{\"@id\":\"https:\/\/experienciadevida.com.ar\/portalurbano\/#website\"},\"datePublished\":\"2021-02-18T18:09:31+00:00\",\"dateModified\":\"2021-02-18T18:11:18+00:00\",\"description\":\"\u201cLa concreci\u00f3n de este proyecto significar\u00e1 un sue\u00f1o hecho realidad\u201d. Este jueves por la ma\u00f1ana se realiz\u00f3 el acto de apertura de licitaci\u00f3n\",\"breadcrumb\":{\"@id\":\"https:\/\/experienciadevida.com.ar\/portalurbano\/la-concrecion-de-este-proyecto-significara-un-sueno-hecho-realidad\/#breadcrumb\"},\"inLanguage\":\"es\",\"potentialAction\":[{\"@type\":\"ReadAction\",\"target\":[\"https:\/\/experienciadevida.com.ar\/portalurbano\/la-concrecion-de-este-proyecto-significara-un-sueno-hecho-realidad\/\"]}]},{\"@type\":\"BreadcrumbList\",\"@id\":\"https:\/\/experienciadevida.com.ar\/portalurbano\/la-concrecion-de-este-proyecto-significara-un-sueno-hecho-realidad\/#breadcrumb\",\"itemListElement\":[{\"@type\":\"ListItem\",\"position\":1,\"name\":\"Portada\",\"item\":\"https:\/\/experienciadevida.com.ar\/portalurbano\/\"},{\"@type\":\"ListItem\",\"position\":2,\"name\":\"\u201cLa concreci\u00f3n de este proyecto significar\u00e1 un sue\u00f1o hecho realidad\u201d\"}]},{\"@type\":\"WebSite\",\"@id\":\"https:\/\/experienciadevida.com.ar\/portalurbano\/#website\",\"url\":\"https:\/\/experienciadevida.com.ar\/portalurbano\/\",\"name\":\"\",\"description\":\"\",\"publisher\":{\"@id\":\"https:\/\/experienciadevida.com.ar\/portalurbano\/#organization\"},\"potentialAction\":[{\"@type\":\"SearchAction\",\"target\":{\"@type\":\"EntryPoint\",\"urlTemplate\":\"https:\/\/experienciadevida.com.ar\/portalurbano\/?s={search_term_string}\"},\"query-input\":\"required name=search_term_string\"}],\"inLanguage\":\"es\"},{\"@type\":\"Organization\",\"@id\":\"https:\/\/experienciadevida.com.ar\/portalurbano\/#organization\",\"name\":\"Portal Urbano\",\"url\":\"https:\/\/experienciadevida.com.ar\/portalurbano\/\",\"logo\":{\"@type\":\"ImageObject\",\"inLanguage\":\"es\",\"@id\":\"https:\/\/experienciadevida.com.ar\/portalurbano\/#\/schema\/logo\/image\/\",\"url\":\"https:\/\/experienciadevida.com.ar\/portalurbano\/wp-content\/uploads\/2019\/09\/Logo-Original.png\",\"contentUrl\":\"https:\/\/experienciadevida.com.ar\/portalurbano\/wp-content\/uploads\/2019\/09\/Logo-Original.png\",\"width\":2236,\"height\":1216,\"caption\":\"Portal Urbano\"},\"image\":{\"@id\":\"https:\/\/experienciadevida.com.ar\/portalurbano\/#\/schema\/logo\/image\/\"},\"sameAs\":[\"https:\/\/www.facebook.com\/Portal-Urbano-171542830093757\/\",\"https:\/\/twitter.com\/portalurbanook\",\"https:\/\/www.instagram.com\/_portalurbano\/\",\"https:\/\/www.youtube.com\/channel\/UCXhagIfszH8KxFiOok79zbA?view_as=subscriber\"]},{\"@type\":\"Person\",\"@id\":\"https:\/\/experienciadevida.com.ar\/portalurbano\/#\/schema\/person\/02dd326b1c4b056e9cc972486934a3a7\",\"name\":\"admpu17wp\",\"image\":{\"@type\":\"ImageObject\",\"inLanguage\":\"es\",\"@id\":\"https:\/\/experienciadevida.com.ar\/portalurbano\/#\/schema\/person\/image\/\",\"url\":\"https:\/\/secure.gravatar.com\/avatar\/830d4c57adaae6630765e449a6908047?s=96&d=mm&r=g\",\"contentUrl\":\"https:\/\/secure.gravatar.com\/avatar\/830d4c57adaae6630765e449a6908047?s=96&d=mm&r=g\",\"caption\":\"admpu17wp\"}}]}<\/script>\n<!-- \/ Yoast SEO plugin. -->","yoast_head_json":{"title":"\"La concreci\u00f3n de este proyecto significar\u00e1 un sue\u00f1o hecho realidad\"","description":"\u201cLa concreci\u00f3n de este proyecto significar\u00e1 un sue\u00f1o hecho realidad\u201d. Este jueves por la ma\u00f1ana se realiz\u00f3 el acto de apertura de licitaci\u00f3n","robots":{"index":"index","follow":"follow","max-snippet":"max-snippet:-1","max-image-preview":"max-image-preview:large","max-video-preview":"max-video-preview:-1"},"canonical":"https:\/\/experienciadevida.com.ar\/portalurbano\/la-concrecion-de-este-proyecto-significara-un-sueno-hecho-realidad\/","og_locale":"es_ES","og_type":"article","og_title":"\"La concreci\u00f3n de este proyecto significar\u00e1 un sue\u00f1o hecho realidad\"","og_description":"\u201cLa concreci\u00f3n de este proyecto significar\u00e1 un sue\u00f1o hecho realidad\u201d. Este jueves por la ma\u00f1ana se realiz\u00f3 el acto de apertura de licitaci\u00f3n","og_url":"https:\/\/experienciadevida.com.ar\/portalurbano\/la-concrecion-de-este-proyecto-significara-un-sueno-hecho-realidad\/","article_publisher":"https:\/\/www.facebook.com\/Portal-Urbano-171542830093757\/","article_published_time":"2021-02-18T18:09:31+00:00","article_modified_time":"2021-02-18T18:11:18+00:00","og_image":[{"width":1024,"height":551,"url":"https:\/\/experienciadevida.com.ar\/portalurbano\/wp-content\/uploads\/2021\/02\/La-concrecion-de-este-proyecto.jpg","type":"image\/jpeg"}],"author":"admpu17wp","twitter_card":"summary_large_image","twitter_creator":"@portalurbanook","twitter_site":"@portalurbanook","twitter_misc":{"Escrito por":"admpu17wp","Tiempo de lectura":"3 minutos"},"schema":{"@context":"https:\/\/schema.org","@graph":[{"@type":"Article","@id":"https:\/\/experienciadevida.com.ar\/portalurbano\/la-concrecion-de-este-proyecto-significara-un-sueno-hecho-realidad\/#article","isPartOf":{"@id":"https:\/\/experienciadevida.com.ar\/portalurbano\/la-concrecion-de-este-proyecto-significara-un-sueno-hecho-realidad\/"},"author":{"name":"admpu17wp","@id":"https:\/\/experienciadevida.com.ar\/portalurbano\/#\/schema\/person\/02dd326b1c4b056e9cc972486934a3a7"},"headline":"\u201cLa concreci\u00f3n de este proyecto significar\u00e1 un sue\u00f1o hecho realidad\u201d","datePublished":"2021-02-18T18:09:31+00:00","dateModified":"2021-02-18T18:11:18+00:00","mainEntityOfPage":{"@id":"https:\/\/experienciadevida.com.ar\/portalurbano\/la-concrecion-de-este-proyecto-significara-un-sueno-hecho-realidad\/"},"wordCount":714,"publisher":{"@id":"https:\/\/experienciadevida.com.ar\/portalurbano\/#organization"},"articleSection":["Ciudad","Destacadas 2"],"inLanguage":"es"},{"@type":"WebPage","@id":"https:\/\/experienciadevida.com.ar\/portalurbano\/la-concrecion-de-este-proyecto-significara-un-sueno-hecho-realidad\/","url":"https:\/\/experienciadevida.com.ar\/portalurbano\/la-concrecion-de-este-proyecto-significara-un-sueno-hecho-realidad\/","name":"\"La concreci\u00f3n de este proyecto significar\u00e1 un sue\u00f1o hecho realidad\"","isPartOf":{"@id":"https:\/\/experienciadevida.com.ar\/portalurbano\/#website"},"datePublished":"2021-02-18T18:09:31+00:00","dateModified":"2021-02-18T18:11:18+00:00","description":"\u201cLa concreci\u00f3n de este proyecto significar\u00e1 un sue\u00f1o hecho realidad\u201d. Este jueves por la ma\u00f1ana se realiz\u00f3 el acto de apertura de licitaci\u00f3n","breadcrumb":{"@id":"https:\/\/experienciadevida.com.ar\/portalurbano\/la-concrecion-de-este-proyecto-significara-un-sueno-hecho-realidad\/#breadcrumb"},"inLanguage":"es","potentialAction":[{"@type":"ReadAction","target":["https:\/\/experienciadevida.com.ar\/portalurbano\/la-concrecion-de-este-proyecto-significara-un-sueno-hecho-realidad\/"]}]},{"@type":"BreadcrumbList","@id":"https:\/\/experienciadevida.com.ar\/portalurbano\/la-concrecion-de-este-proyecto-significara-un-sueno-hecho-realidad\/#breadcrumb","itemListElement":[{"@type":"ListItem","position":1,"name":"Portada","item":"https:\/\/experienciadevida.com.ar\/portalurbano\/"},{"@type":"ListItem","position":2,"name":"\u201cLa concreci\u00f3n de este proyecto significar\u00e1 un sue\u00f1o hecho realidad\u201d"}]},{"@type":"WebSite","@id":"https:\/\/experienciadevida.com.ar\/portalurbano\/#website","url":"https:\/\/experienciadevida.com.ar\/portalurbano\/","name":"","description":"","publisher":{"@id":"https:\/\/experienciadevida.com.ar\/portalurbano\/#organization"},"potentialAction":[{"@type":"SearchAction","target":{"@type":"EntryPoint","urlTemplate":"https:\/\/experienciadevida.com.ar\/portalurbano\/?s={search_term_string}"},"query-input":"required name=search_term_string"}],"inLanguage":"es"},{"@type":"Organization","@id":"https:\/\/experienciadevida.com.ar\/portalurbano\/#organization","name":"Portal Urbano","url":"https:\/\/experienciadevida.com.ar\/portalurbano\/","logo":{"@type":"ImageObject","inLanguage":"es","@id":"https:\/\/experienciadevida.com.ar\/portalurbano\/#\/schema\/logo\/image\/","url":"https:\/\/experienciadevida.com.ar\/portalurbano\/wp-content\/uploads\/2019\/09\/Logo-Original.png","contentUrl":"https:\/\/experienciadevida.com.ar\/portalurbano\/wp-content\/uploads\/2019\/09\/Logo-Original.png","width":2236,"height":1216,"caption":"Portal Urbano"},"image":{"@id":"https:\/\/experienciadevida.com.ar\/portalurbano\/#\/schema\/logo\/image\/"},"sameAs":["https:\/\/www.facebook.com\/Portal-Urbano-171542830093757\/","https:\/\/twitter.com\/portalurbanook","https:\/\/www.instagram.com\/_portalurbano\/","https:\/\/www.youtube.com\/channel\/UCXhagIfszH8KxFiOok79zbA?view_as=subscriber"]},{"@type":"Person","@id":"https:\/\/experienciadevida.com.ar\/portalurbano\/#\/schema\/person\/02dd326b1c4b056e9cc972486934a3a7","name":"admpu17wp","image":{"@type":"ImageObject","inLanguage":"es","@id":"https:\/\/experienciadevida.com.ar\/portalurbano\/#\/schema\/person\/image\/","url":"https:\/\/secure.gravatar.com\/avatar\/830d4c57adaae6630765e449a6908047?s=96&d=mm&r=g","contentUrl":"https:\/\/secure.gravatar.com\/avatar\/830d4c57adaae6630765e449a6908047?s=96&d=mm&r=g","caption":"admpu17wp"}}]}},"featured_image_urls":{"full":["https:\/\/experienciadevida.com.ar\/portalurbano\/wp-content\/uploads\/2021\/02\/La-concrecion-de-este-proyecto.jpg",1024,551,false],"thumbnail":["https:\/\/experienciadevida.com.ar\/portalurbano\/wp-content\/uploads\/2021\/02\/La-concrecion-de-este-proyecto-150x150.jpg",150,150,true],"medium":["https:\/\/experienciadevida.com.ar\/portalurbano\/wp-content\/uploads\/2021\/02\/La-concrecion-de-este-proyecto-300x161.jpg",300,161,true],"medium_large":["https:\/\/experienciadevida.com.ar\/portalurbano\/wp-content\/uploads\/2021\/02\/La-concrecion-de-este-proyecto-768x413.jpg",640,344,true],"large":["https:\/\/experienciadevida.com.ar\/portalurbano\/wp-content\/uploads\/2021\/02\/La-concrecion-de-este-proyecto.jpg",640,344,false],"ug_big":["https:\/\/experienciadevida.com.ar\/portalurbano\/wp-content\/uploads\/2021\/02\/La-concrecion-de-este-proyecto-768x413.jpg",768,413,true],"1536x1536":["https:\/\/experienciadevida.com.ar\/portalurbano\/wp-content\/uploads\/2021\/02\/La-concrecion-de-este-proyecto.jpg",1024,551,false],"2048x2048":["https:\/\/experienciadevida.com.ar\/portalurbano\/wp-content\/uploads\/2021\/02\/La-concrecion-de-este-proyecto.jpg",1024,551,false],"newsever-slider-full":["https:\/\/experienciadevida.com.ar\/portalurbano\/wp-content\/uploads\/2021\/02\/La-concrecion-de-este-proyecto.jpg",1024,551,false],"newsever-featured":["https:\/\/experienciadevida.com.ar\/portalurbano\/wp-content\/uploads\/2021\/02\/La-concrecion-de-este-proyecto.jpg",1024,551,false],"newsever-medium":["https:\/\/experienciadevida.com.ar\/portalurbano\/wp-content\/uploads\/2021\/02\/La-concrecion-de-este-proyecto.jpg",720,387,false],"web-stories-poster-portrait":["https:\/\/experienciadevida.com.ar\/portalurbano\/wp-content\/uploads\/2021\/02\/La-concrecion-de-este-proyecto.jpg",640,344,false],"web-stories-publisher-logo":["https:\/\/experienciadevida.com.ar\/portalurbano\/wp-content\/uploads\/2021\/02\/La-concrecion-de-este-proyecto.jpg",96,52,false],"web-stories-thumbnail":["https:\/\/experienciadevida.com.ar\/portalurbano\/wp-content\/uploads\/2021\/02\/La-concrecion-de-este-proyecto.jpg",150,81,false]},"author_info":{"display_name":"admpu17wp","author_link":"https:\/\/experienciadevida.com.ar\/portalurbano\/author\/admpu17wp\/"},"category_info":"<a href=\"https:\/\/experienciadevida.com.ar\/portalurbano\/category\/ciudad\/\" rel=\"category tag\">Ciudad<\/a> <a href=\"https:\/\/experienciadevida.com.ar\/portalurbano\/category\/destacadas-2\/\" rel=\"category tag\">Destacadas 2<\/a>","tag_info":"Destacadas 2","comment_count":"0","amp_enabled":true,"_links":{"self":[{"href":"https:\/\/experienciadevida.com.ar\/portalurbano\/wp-json\/wp\/v2\/posts\/135414"}],"collection":[{"href":"https:\/\/experienciadevida.com.ar\/portalurbano\/wp-json\/wp\/v2\/posts"}],"about":[{"href":"https:\/\/experienciadevida.com.ar\/portalurbano\/wp-json\/wp\/v2\/types\/post"}],"author":[{"embeddable":true,"href":"https:\/\/experienciadevida.com.ar\/portalurbano\/wp-json\/wp\/v2\/users\/1"}],"replies":[{"embeddable":true,"href":"https:\/\/experienciadevida.com.ar\/portalurbano\/wp-json\/wp\/v2\/comments?post=135414"}],"version-history":[{"count":3,"href":"https:\/\/experienciadevida.com.ar\/portalurbano\/wp-json\/wp\/v2\/posts\/135414\/revisions"}],"predecessor-version":[{"id":135418,"href":"https:\/\/experienciadevida.com.ar\/portalurbano\/wp-json\/wp\/v2\/posts\/135414\/revisions\/135418"}],"wp:featuredmedia":[{"embeddable":true,"href":"https:\/\/experienciadevida.com.ar\/portalurbano\/wp-json\/wp\/v2\/media\/135415"}],"wp:attachment":[{"href":"https:\/\/experienciadevida.com.ar\/portalurbano\/wp-json\/wp\/v2\/media?parent=135414"}],"wp:term":[{"taxonomy":"category","embeddable":true,"href":"https:\/\/experienciadevida.com.ar\/portalurbano\/wp-json\/wp\/v2\/categories?post=135414"},{"taxonomy":"post_tag","embeddable":true,"href":"https:\/\/experienciadevida.com.ar\/portalurbano\/wp-json\/wp\/v2\/tags?post=135414"}],"curies":[{"name":"wp","href":"https:\/\/api.w.org\/{rel}","templated":true}]}}