{"id":135397,"date":"2021-02-18T12:23:30","date_gmt":"2021-02-18T15:23:30","guid":{"rendered":"https:\/\/experienciadevida.com.ar\/portalurbano\/?p=135397"},"modified":"2021-02-18T12:24:38","modified_gmt":"2021-02-18T15:24:38","slug":"arranco-la-vacunacion-en-la-escuela-de-educacion-secundaria-n-1-jorge-luis-borges-y-la-mutual-carlos-alberto-moreno-de-suteba","status":"publish","type":"post","link":"https:\/\/experienciadevida.com.ar\/portalurbano\/arranco-la-vacunacion-en-la-escuela-de-educacion-secundaria-n-1-jorge-luis-borges-y-la-mutual-carlos-alberto-moreno-de-suteba\/","title":{"rendered":"Arranc\u00f3 la vacunaci\u00f3n en la Escuela de Educaci\u00f3n Secundaria N\u00b0 1 \u201cJorge Luis Borges\u201d  y la mutual Carlos Alberto Moreno de Suteba"},"content":{"rendered":"<p>Arranc\u00f3 la vacunaci\u00f3n en la Escuela de Educaci\u00f3n Secundaria N\u00b0 1 \u201cJorge Luis Borges\u201d y la mutual Carlos Alberto Moreno del Suteba.<\/p>\n<p>Desde las 9 Hs se aplica la vacuna a Sputnik al personal sanitario, en ambas sedes, a partir de las 11 Hs en la Escuela Secundaria <a href=\"https:\/\/experienciadevida.com.ar\/portalurbano\/comienza-la-vacunacion-a-mayores-de-70-anos-en-olavarria\/\">comenz\u00f3 la vacunaci\u00f3n a mayores de 70 a\u00f1os,<\/a> en la sede de SUTEBA, donde la vacunaci\u00f3n est\u00e1 a cargo de IOMA, se les est\u00e1n aplicando las dosis tambi\u00e9n al personal docente.<\/p>\n<p>Adem\u00e1s, hubo 35 vacunados del personal sanitario en el Hospital Oncol\u00f3gico con la segunda dosis.<\/p>\n<p>Reiteramos que toda la vacunaci\u00f3n es con turnos y se solicita que est\u00e9n atentos a la confirmaci\u00f3n, que revisen bandeja de entrada y correo no deseado y tambi\u00e9n los mensajes de texto.<\/p>\n<p><a href=\"https:\/\/experienciadevida.com.ar\/portalurbano\/arranco-la-vacunacion-en-la-escuela-de-educacion-secundaria-n-1-jorge-luis-borges-y-la-mutual-carlos-alberto-moreno-del-suteba\/arranco\/\" rel=\"attachment wp-att-135399\"><img decoding=\"async\" class=\"alignnone size-full wp-image-135399\" src=\"https:\/\/experienciadevida.com.ar\/portalurbano\/wp-content\/uploads\/2021\/02\/Arranco.jpg\" alt=\"Arranc\u00f3\" width=\"1232\" height=\"816\" srcset=\"https:\/\/experienciadevida.com.ar\/portalurbano\/wp-content\/uploads\/2021\/02\/Arranco.jpg 1232w, https:\/\/experienciadevida.com.ar\/portalurbano\/wp-content\/uploads\/2021\/02\/Arranco-300x199.jpg 300w, https:\/\/experienciadevida.com.ar\/portalurbano\/wp-content\/uploads\/2021\/02\/Arranco-1024x678.jpg 1024w, https:\/\/experienciadevida.com.ar\/portalurbano\/wp-content\/uploads\/2021\/02\/Arranco-768x509.jpg 768w\" sizes=\"(max-width: 1232px) 100vw, 1232px\" \/><\/a><\/p>\n<p><a href=\"https:\/\/experienciadevida.com.ar\/portalurbano\/arranco-la-vacunacion-en-la-escuela-de-educacion-secundaria-n-1-jorge-luis-borges-y-la-mutual-carlos-alberto-moreno-del-suteba\/vacunacion-37\/\" rel=\"attachment wp-att-135400\"><img decoding=\"async\" class=\"alignnone size-full wp-image-135400\" src=\"https:\/\/experienciadevida.com.ar\/portalurbano\/wp-content\/uploads\/2021\/02\/vacunacion.jpg\" alt=\"vacunaci\u00f3n\" width=\"1232\" height=\"816\" srcset=\"https:\/\/experienciadevida.com.ar\/portalurbano\/wp-content\/uploads\/2021\/02\/vacunacion.jpg 1232w, https:\/\/experienciadevida.com.ar\/portalurbano\/wp-content\/uploads\/2021\/02\/vacunacion-300x199.jpg 300w, https:\/\/experienciadevida.com.ar\/portalurbano\/wp-content\/uploads\/2021\/02\/vacunacion-1024x678.jpg 1024w, https:\/\/experienciadevida.com.ar\/portalurbano\/wp-content\/uploads\/2021\/02\/vacunacion-768x509.jpg 768w\" sizes=\"(max-width: 1232px) 100vw, 1232px\" \/><\/a><\/p>\n<p><a href=\"https:\/\/experienciadevida.com.ar\/portalurbano\/arranco-la-vacunacion-en-la-escuela-de-educacion-secundaria-n-1-jorge-luis-borges-y-la-mutual-carlos-alberto-moreno-del-suteba\/f6fb4799-b358-4311-9cdf-302d7cddeea5\/\" rel=\"attachment wp-att-135401\"><img decoding=\"async\" class=\"alignnone size-full wp-image-135401\" src=\"https:\/\/experienciadevida.com.ar\/portalurbano\/wp-content\/uploads\/2021\/02\/f6fb4799-b358-4311-9cdf-302d7cddeea5.jpg\" alt=\"\" width=\"1040\" height=\"691\" srcset=\"https:\/\/experienciadevida.com.ar\/portalurbano\/wp-content\/uploads\/2021\/02\/f6fb4799-b358-4311-9cdf-302d7cddeea5.jpg 1040w, https:\/\/experienciadevida.com.ar\/portalurbano\/wp-content\/uploads\/2021\/02\/f6fb4799-b358-4311-9cdf-302d7cddeea5-300x199.jpg 300w, https:\/\/experienciadevida.com.ar\/portalurbano\/wp-content\/uploads\/2021\/02\/f6fb4799-b358-4311-9cdf-302d7cddeea5-1024x680.jpg 1024w, https:\/\/experienciadevida.com.ar\/portalurbano\/wp-content\/uploads\/2021\/02\/f6fb4799-b358-4311-9cdf-302d7cddeea5-768x510.jpg 768w\" sizes=\"(max-width: 1040px) 100vw, 1040px\" \/><\/a><\/p>\n<p><a href=\"https:\/\/experienciadevida.com.ar\/portalurbano\/arranco-la-vacunacion-en-la-escuela-de-educacion-secundaria-n-1-jorge-luis-borges-y-la-mutual-carlos-alberto-moreno-del-suteba\/3440ffce-b5c9-472a-9665-1e57773643d9\/\" rel=\"attachment wp-att-135402\"><img decoding=\"async\" class=\"alignnone size-full wp-image-135402\" src=\"https:\/\/experienciadevida.com.ar\/portalurbano\/wp-content\/uploads\/2021\/02\/3440ffce-b5c9-472a-9665-1e57773643d9.jpg\" alt=\"\" width=\"1232\" height=\"816\" srcset=\"https:\/\/experienciadevida.com.ar\/portalurbano\/wp-content\/uploads\/2021\/02\/3440ffce-b5c9-472a-9665-1e57773643d9.jpg 1232w, https:\/\/experienciadevida.com.ar\/portalurbano\/wp-content\/uploads\/2021\/02\/3440ffce-b5c9-472a-9665-1e57773643d9-300x199.jpg 300w, https:\/\/experienciadevida.com.ar\/portalurbano\/wp-content\/uploads\/2021\/02\/3440ffce-b5c9-472a-9665-1e57773643d9-1024x678.jpg 1024w, https:\/\/experienciadevida.com.ar\/portalurbano\/wp-content\/uploads\/2021\/02\/3440ffce-b5c9-472a-9665-1e57773643d9-768x509.jpg 768w\" sizes=\"(max-width: 1232px) 100vw, 1232px\" \/><\/a><\/p>\n<p><a href=\"https:\/\/experienciadevida.com.ar\/portalurbano\/arranco-la-vacunacion-en-la-escuela-de-educacion-secundaria-n-1-jorge-luis-borges-y-la-mutual-carlos-alberto-moreno-del-suteba\/cef06c59-4cfe-43f8-a768-e3fa562320a7\/\" rel=\"attachment wp-att-135403\"><img decoding=\"async\" class=\"alignnone size-full wp-image-135403\" src=\"https:\/\/experienciadevida.com.ar\/portalurbano\/wp-content\/uploads\/2021\/02\/cef06c59-4cfe-43f8-a768-e3fa562320a7.jpg\" alt=\"\" width=\"1280\" height=\"960\" srcset=\"https:\/\/experienciadevida.com.ar\/portalurbano\/wp-content\/uploads\/2021\/02\/cef06c59-4cfe-43f8-a768-e3fa562320a7.jpg 1280w, https:\/\/experienciadevida.com.ar\/portalurbano\/wp-content\/uploads\/2021\/02\/cef06c59-4cfe-43f8-a768-e3fa562320a7-300x225.jpg 300w, https:\/\/experienciadevida.com.ar\/portalurbano\/wp-content\/uploads\/2021\/02\/cef06c59-4cfe-43f8-a768-e3fa562320a7-1024x768.jpg 1024w, https:\/\/experienciadevida.com.ar\/portalurbano\/wp-content\/uploads\/2021\/02\/cef06c59-4cfe-43f8-a768-e3fa562320a7-768x576.jpg 768w\" sizes=\"(max-width: 1280px) 100vw, 1280px\" \/><\/a><\/p>\n","protected":false},"excerpt":{"rendered":"<p>Arranc\u00f3 la vacunaci\u00f3n en la Escuela de Educaci\u00f3n Secundaria N\u00b0 1 \u201cJorge Luis Borges\u201d y&#8230;<\/p>\n","protected":false},"author":1,"featured_media":135398,"comment_status":"closed","ping_status":"closed","sticky":false,"template":"","format":"standard","meta":{"content-type":""},"categories":[51,45],"tags":[],"nelio_content":{"isAutoShareEnabled":false,"autoShareEndMode":"default","automationSources":{"useContentSentences":true,"useSocialTemplates":true,"useCustomSentences":false,"customSentences":[]},"followers":[1],"suggestedReferences":[],"includedReferences":[],"efiUrl":"","efiAlt":"","highlights":[]},"yoast_head":"<!-- This site is optimized with the Yoast SEO plugin v20.7 - https:\/\/yoast.com\/wordpress\/plugins\/seo\/ -->\n<title>Arranc\u00f3 la vacunaci\u00f3n en la escuela de educaci\u00f3n secundaria n\u00b01<\/title>\n<meta name=\"description\" content=\"Arranc\u00f3 la vacunaci\u00f3n en la Escuela de Educaci\u00f3n Secundaria N\u00b0 1 \u201cJorge Luis Borges\u201d y la mutual Carlos Alberto Moreno del Suteba.\u00a0\" \/>\n<meta name=\"robots\" content=\"index, follow, max-snippet:-1, max-image-preview:large, max-video-preview:-1\" \/>\n<link rel=\"canonical\" href=\"https:\/\/experienciadevida.com.ar\/portalurbano\/arranco-la-vacunacion-en-la-escuela-de-educacion-secundaria-n-1-jorge-luis-borges-y-la-mutual-carlos-alberto-moreno-de-suteba\/\" \/>\n<meta property=\"og:locale\" content=\"es_ES\" \/>\n<meta property=\"og:type\" content=\"article\" \/>\n<meta property=\"og:title\" content=\"Arranc\u00f3 la vacunaci\u00f3n en la escuela de educaci\u00f3n secundaria n\u00b01\" \/>\n<meta property=\"og:description\" content=\"Arranc\u00f3 la vacunaci\u00f3n en la Escuela de Educaci\u00f3n Secundaria N\u00b0 1 \u201cJorge Luis Borges\u201d y la mutual Carlos Alberto Moreno del Suteba.\u00a0\" \/>\n<meta property=\"og:url\" content=\"https:\/\/experienciadevida.com.ar\/portalurbano\/arranco-la-vacunacion-en-la-escuela-de-educacion-secundaria-n-1-jorge-luis-borges-y-la-mutual-carlos-alberto-moreno-de-suteba\/\" \/>\n<meta property=\"article:publisher\" content=\"https:\/\/www.facebook.com\/Portal-Urbano-171542830093757\/\" \/>\n<meta property=\"article:published_time\" content=\"2021-02-18T15:23:30+00:00\" \/>\n<meta property=\"article:modified_time\" content=\"2021-02-18T15:24:38+00:00\" \/>\n<meta property=\"og:image\" content=\"https:\/\/experienciadevida.com.ar\/portalurbano\/wp-content\/uploads\/2021\/02\/Arranco-la-vacunacion-en-la.jpg\" \/>\n\t<meta property=\"og:image:width\" content=\"1232\" \/>\n\t<meta property=\"og:image:height\" content=\"816\" \/>\n\t<meta property=\"og:image:type\" content=\"image\/jpeg\" \/>\n<meta name=\"author\" content=\"admpu17wp\" \/>\n<meta name=\"twitter:card\" content=\"summary_large_image\" \/>\n<meta name=\"twitter:creator\" content=\"@portalurbanook\" \/>\n<meta name=\"twitter:site\" content=\"@portalurbanook\" \/>\n<meta name=\"twitter:label1\" content=\"Escrito por\" \/>\n\t<meta name=\"twitter:data1\" content=\"admpu17wp\" \/>\n\t<meta name=\"twitter:label2\" content=\"Tiempo de lectura\" \/>\n\t<meta name=\"twitter:data2\" content=\"2 minutos\" \/>\n<script type=\"application\/ld+json\" class=\"yoast-schema-graph\">{\"@context\":\"https:\/\/schema.org\",\"@graph\":[{\"@type\":\"Article\",\"@id\":\"https:\/\/experienciadevida.com.ar\/portalurbano\/arranco-la-vacunacion-en-la-escuela-de-educacion-secundaria-n-1-jorge-luis-borges-y-la-mutual-carlos-alberto-moreno-de-suteba\/#article\",\"isPartOf\":{\"@id\":\"https:\/\/experienciadevida.com.ar\/portalurbano\/arranco-la-vacunacion-en-la-escuela-de-educacion-secundaria-n-1-jorge-luis-borges-y-la-mutual-carlos-alberto-moreno-de-suteba\/\"},\"author\":{\"name\":\"admpu17wp\",\"@id\":\"https:\/\/experienciadevida.com.ar\/portalurbano\/#\/schema\/person\/02dd326b1c4b056e9cc972486934a3a7\"},\"headline\":\"Arranc\u00f3 la vacunaci\u00f3n en la Escuela de Educaci\u00f3n Secundaria N\u00b0 1 \u201cJorge Luis Borges\u201d y la mutual Carlos Alberto Moreno de Suteba\",\"datePublished\":\"2021-02-18T15:23:30+00:00\",\"dateModified\":\"2021-02-18T15:24:38+00:00\",\"mainEntityOfPage\":{\"@id\":\"https:\/\/experienciadevida.com.ar\/portalurbano\/arranco-la-vacunacion-en-la-escuela-de-educacion-secundaria-n-1-jorge-luis-borges-y-la-mutual-carlos-alberto-moreno-de-suteba\/\"},\"wordCount\":157,\"publisher\":{\"@id\":\"https:\/\/experienciadevida.com.ar\/portalurbano\/#organization\"},\"articleSection\":[\"Destacadas\",\"Salud\"],\"inLanguage\":\"es\"},{\"@type\":\"WebPage\",\"@id\":\"https:\/\/experienciadevida.com.ar\/portalurbano\/arranco-la-vacunacion-en-la-escuela-de-educacion-secundaria-n-1-jorge-luis-borges-y-la-mutual-carlos-alberto-moreno-de-suteba\/\",\"url\":\"https:\/\/experienciadevida.com.ar\/portalurbano\/arranco-la-vacunacion-en-la-escuela-de-educacion-secundaria-n-1-jorge-luis-borges-y-la-mutual-carlos-alberto-moreno-de-suteba\/\",\"name\":\"Arranc\u00f3 la vacunaci\u00f3n en la escuela de educaci\u00f3n secundaria n\u00b01\",\"isPartOf\":{\"@id\":\"https:\/\/experienciadevida.com.ar\/portalurbano\/#website\"},\"datePublished\":\"2021-02-18T15:23:30+00:00\",\"dateModified\":\"2021-02-18T15:24:38+00:00\",\"description\":\"Arranc\u00f3 la vacunaci\u00f3n en la Escuela de Educaci\u00f3n Secundaria N\u00b0 1 \u201cJorge Luis Borges\u201d y la mutual Carlos Alberto Moreno del Suteba.\u00a0\",\"breadcrumb\":{\"@id\":\"https:\/\/experienciadevida.com.ar\/portalurbano\/arranco-la-vacunacion-en-la-escuela-de-educacion-secundaria-n-1-jorge-luis-borges-y-la-mutual-carlos-alberto-moreno-de-suteba\/#breadcrumb\"},\"inLanguage\":\"es\",\"potentialAction\":[{\"@type\":\"ReadAction\",\"target\":[\"https:\/\/experienciadevida.com.ar\/portalurbano\/arranco-la-vacunacion-en-la-escuela-de-educacion-secundaria-n-1-jorge-luis-borges-y-la-mutual-carlos-alberto-moreno-de-suteba\/\"]}]},{\"@type\":\"BreadcrumbList\",\"@id\":\"https:\/\/experienciadevida.com.ar\/portalurbano\/arranco-la-vacunacion-en-la-escuela-de-educacion-secundaria-n-1-jorge-luis-borges-y-la-mutual-carlos-alberto-moreno-de-suteba\/#breadcrumb\",\"itemListElement\":[{\"@type\":\"ListItem\",\"position\":1,\"name\":\"Portada\",\"item\":\"https:\/\/experienciadevida.com.ar\/portalurbano\/\"},{\"@type\":\"ListItem\",\"position\":2,\"name\":\"Arranc\u00f3 la vacunaci\u00f3n en la Escuela de Educaci\u00f3n Secundaria N\u00b0 1 \u201cJorge Luis Borges\u201d y la mutual Carlos Alberto Moreno de Suteba\"}]},{\"@type\":\"WebSite\",\"@id\":\"https:\/\/experienciadevida.com.ar\/portalurbano\/#website\",\"url\":\"https:\/\/experienciadevida.com.ar\/portalurbano\/\",\"name\":\"\",\"description\":\"\",\"publisher\":{\"@id\":\"https:\/\/experienciadevida.com.ar\/portalurbano\/#organization\"},\"potentialAction\":[{\"@type\":\"SearchAction\",\"target\":{\"@type\":\"EntryPoint\",\"urlTemplate\":\"https:\/\/experienciadevida.com.ar\/portalurbano\/?s={search_term_string}\"},\"query-input\":\"required name=search_term_string\"}],\"inLanguage\":\"es\"},{\"@type\":\"Organization\",\"@id\":\"https:\/\/experienciadevida.com.ar\/portalurbano\/#organization\",\"name\":\"Portal Urbano\",\"url\":\"https:\/\/experienciadevida.com.ar\/portalurbano\/\",\"logo\":{\"@type\":\"ImageObject\",\"inLanguage\":\"es\",\"@id\":\"https:\/\/experienciadevida.com.ar\/portalurbano\/#\/schema\/logo\/image\/\",\"url\":\"https:\/\/experienciadevida.com.ar\/portalurbano\/wp-content\/uploads\/2019\/09\/Logo-Original.png\",\"contentUrl\":\"https:\/\/experienciadevida.com.ar\/portalurbano\/wp-content\/uploads\/2019\/09\/Logo-Original.png\",\"width\":2236,\"height\":1216,\"caption\":\"Portal Urbano\"},\"image\":{\"@id\":\"https:\/\/experienciadevida.com.ar\/portalurbano\/#\/schema\/logo\/image\/\"},\"sameAs\":[\"https:\/\/www.facebook.com\/Portal-Urbano-171542830093757\/\",\"https:\/\/twitter.com\/portalurbanook\",\"https:\/\/www.instagram.com\/_portalurbano\/\",\"https:\/\/www.youtube.com\/channel\/UCXhagIfszH8KxFiOok79zbA?view_as=subscriber\"]},{\"@type\":\"Person\",\"@id\":\"https:\/\/experienciadevida.com.ar\/portalurbano\/#\/schema\/person\/02dd326b1c4b056e9cc972486934a3a7\",\"name\":\"admpu17wp\",\"image\":{\"@type\":\"ImageObject\",\"inLanguage\":\"es\",\"@id\":\"https:\/\/experienciadevida.com.ar\/portalurbano\/#\/schema\/person\/image\/\",\"url\":\"https:\/\/secure.gravatar.com\/avatar\/830d4c57adaae6630765e449a6908047?s=96&d=mm&r=g\",\"contentUrl\":\"https:\/\/secure.gravatar.com\/avatar\/830d4c57adaae6630765e449a6908047?s=96&d=mm&r=g\",\"caption\":\"admpu17wp\"}}]}<\/script>\n<!-- \/ Yoast SEO plugin. -->","yoast_head_json":{"title":"Arranc\u00f3 la vacunaci\u00f3n en la escuela de educaci\u00f3n secundaria n\u00b01","description":"Arranc\u00f3 la vacunaci\u00f3n en la Escuela de Educaci\u00f3n Secundaria N\u00b0 1 \u201cJorge Luis Borges\u201d y la mutual Carlos Alberto Moreno del Suteba.\u00a0","robots":{"index":"index","follow":"follow","max-snippet":"max-snippet:-1","max-image-preview":"max-image-preview:large","max-video-preview":"max-video-preview:-1"},"canonical":"https:\/\/experienciadevida.com.ar\/portalurbano\/arranco-la-vacunacion-en-la-escuela-de-educacion-secundaria-n-1-jorge-luis-borges-y-la-mutual-carlos-alberto-moreno-de-suteba\/","og_locale":"es_ES","og_type":"article","og_title":"Arranc\u00f3 la vacunaci\u00f3n en la escuela de educaci\u00f3n secundaria n\u00b01","og_description":"Arranc\u00f3 la vacunaci\u00f3n en la Escuela de Educaci\u00f3n Secundaria N\u00b0 1 \u201cJorge Luis Borges\u201d y la mutual Carlos Alberto Moreno del Suteba.\u00a0","og_url":"https:\/\/experienciadevida.com.ar\/portalurbano\/arranco-la-vacunacion-en-la-escuela-de-educacion-secundaria-n-1-jorge-luis-borges-y-la-mutual-carlos-alberto-moreno-de-suteba\/","article_publisher":"https:\/\/www.facebook.com\/Portal-Urbano-171542830093757\/","article_published_time":"2021-02-18T15:23:30+00:00","article_modified_time":"2021-02-18T15:24:38+00:00","og_image":[{"width":1232,"height":816,"url":"https:\/\/experienciadevida.com.ar\/portalurbano\/wp-content\/uploads\/2021\/02\/Arranco-la-vacunacion-en-la.jpg","type":"image\/jpeg"}],"author":"admpu17wp","twitter_card":"summary_large_image","twitter_creator":"@portalurbanook","twitter_site":"@portalurbanook","twitter_misc":{"Escrito por":"admpu17wp","Tiempo de lectura":"2 minutos"},"schema":{"@context":"https:\/\/schema.org","@graph":[{"@type":"Article","@id":"https:\/\/experienciadevida.com.ar\/portalurbano\/arranco-la-vacunacion-en-la-escuela-de-educacion-secundaria-n-1-jorge-luis-borges-y-la-mutual-carlos-alberto-moreno-de-suteba\/#article","isPartOf":{"@id":"https:\/\/experienciadevida.com.ar\/portalurbano\/arranco-la-vacunacion-en-la-escuela-de-educacion-secundaria-n-1-jorge-luis-borges-y-la-mutual-carlos-alberto-moreno-de-suteba\/"},"author":{"name":"admpu17wp","@id":"https:\/\/experienciadevida.com.ar\/portalurbano\/#\/schema\/person\/02dd326b1c4b056e9cc972486934a3a7"},"headline":"Arranc\u00f3 la vacunaci\u00f3n en la Escuela de Educaci\u00f3n Secundaria N\u00b0 1 \u201cJorge Luis Borges\u201d y la mutual Carlos Alberto Moreno de Suteba","datePublished":"2021-02-18T15:23:30+00:00","dateModified":"2021-02-18T15:24:38+00:00","mainEntityOfPage":{"@id":"https:\/\/experienciadevida.com.ar\/portalurbano\/arranco-la-vacunacion-en-la-escuela-de-educacion-secundaria-n-1-jorge-luis-borges-y-la-mutual-carlos-alberto-moreno-de-suteba\/"},"wordCount":157,"publisher":{"@id":"https:\/\/experienciadevida.com.ar\/portalurbano\/#organization"},"articleSection":["Destacadas","Salud"],"inLanguage":"es"},{"@type":"WebPage","@id":"https:\/\/experienciadevida.com.ar\/portalurbano\/arranco-la-vacunacion-en-la-escuela-de-educacion-secundaria-n-1-jorge-luis-borges-y-la-mutual-carlos-alberto-moreno-de-suteba\/","url":"https:\/\/experienciadevida.com.ar\/portalurbano\/arranco-la-vacunacion-en-la-escuela-de-educacion-secundaria-n-1-jorge-luis-borges-y-la-mutual-carlos-alberto-moreno-de-suteba\/","name":"Arranc\u00f3 la vacunaci\u00f3n en la escuela de educaci\u00f3n secundaria n\u00b01","isPartOf":{"@id":"https:\/\/experienciadevida.com.ar\/portalurbano\/#website"},"datePublished":"2021-02-18T15:23:30+00:00","dateModified":"2021-02-18T15:24:38+00:00","description":"Arranc\u00f3 la vacunaci\u00f3n en la Escuela de Educaci\u00f3n Secundaria N\u00b0 1 \u201cJorge Luis Borges\u201d y la mutual Carlos Alberto Moreno del Suteba.\u00a0","breadcrumb":{"@id":"https:\/\/experienciadevida.com.ar\/portalurbano\/arranco-la-vacunacion-en-la-escuela-de-educacion-secundaria-n-1-jorge-luis-borges-y-la-mutual-carlos-alberto-moreno-de-suteba\/#breadcrumb"},"inLanguage":"es","potentialAction":[{"@type":"ReadAction","target":["https:\/\/experienciadevida.com.ar\/portalurbano\/arranco-la-vacunacion-en-la-escuela-de-educacion-secundaria-n-1-jorge-luis-borges-y-la-mutual-carlos-alberto-moreno-de-suteba\/"]}]},{"@type":"BreadcrumbList","@id":"https:\/\/experienciadevida.com.ar\/portalurbano\/arranco-la-vacunacion-en-la-escuela-de-educacion-secundaria-n-1-jorge-luis-borges-y-la-mutual-carlos-alberto-moreno-de-suteba\/#breadcrumb","itemListElement":[{"@type":"ListItem","position":1,"name":"Portada","item":"https:\/\/experienciadevida.com.ar\/portalurbano\/"},{"@type":"ListItem","position":2,"name":"Arranc\u00f3 la vacunaci\u00f3n en la Escuela de Educaci\u00f3n Secundaria N\u00b0 1 \u201cJorge Luis Borges\u201d y la mutual Carlos Alberto Moreno de Suteba"}]},{"@type":"WebSite","@id":"https:\/\/experienciadevida.com.ar\/portalurbano\/#website","url":"https:\/\/experienciadevida.com.ar\/portalurbano\/","name":"","description":"","publisher":{"@id":"https:\/\/experienciadevida.com.ar\/portalurbano\/#organization"},"potentialAction":[{"@type":"SearchAction","target":{"@type":"EntryPoint","urlTemplate":"https:\/\/experienciadevida.com.ar\/portalurbano\/?s={search_term_string}"},"query-input":"required name=search_term_string"}],"inLanguage":"es"},{"@type":"Organization","@id":"https:\/\/experienciadevida.com.ar\/portalurbano\/#organization","name":"Portal Urbano","url":"https:\/\/experienciadevida.com.ar\/portalurbano\/","logo":{"@type":"ImageObject","inLanguage":"es","@id":"https:\/\/experienciadevida.com.ar\/portalurbano\/#\/schema\/logo\/image\/","url":"https:\/\/experienciadevida.com.ar\/portalurbano\/wp-content\/uploads\/2019\/09\/Logo-Original.png","contentUrl":"https:\/\/experienciadevida.com.ar\/portalurbano\/wp-content\/uploads\/2019\/09\/Logo-Original.png","width":2236,"height":1216,"caption":"Portal Urbano"},"image":{"@id":"https:\/\/experienciadevida.com.ar\/portalurbano\/#\/schema\/logo\/image\/"},"sameAs":["https:\/\/www.facebook.com\/Portal-Urbano-171542830093757\/","https:\/\/twitter.com\/portalurbanook","https:\/\/www.instagram.com\/_portalurbano\/","https:\/\/www.youtube.com\/channel\/UCXhagIfszH8KxFiOok79zbA?view_as=subscriber"]},{"@type":"Person","@id":"https:\/\/experienciadevida.com.ar\/portalurbano\/#\/schema\/person\/02dd326b1c4b056e9cc972486934a3a7","name":"admpu17wp","image":{"@type":"ImageObject","inLanguage":"es","@id":"https:\/\/experienciadevida.com.ar\/portalurbano\/#\/schema\/person\/image\/","url":"https:\/\/secure.gravatar.com\/avatar\/830d4c57adaae6630765e449a6908047?s=96&d=mm&r=g","contentUrl":"https:\/\/secure.gravatar.com\/avatar\/830d4c57adaae6630765e449a6908047?s=96&d=mm&r=g","caption":"admpu17wp"}}]}},"featured_image_urls":{"full":["https:\/\/experienciadevida.com.ar\/portalurbano\/wp-content\/uploads\/2021\/02\/Arranco-la-vacunacion-en-la.jpg",1232,816,false],"thumbnail":["https:\/\/experienciadevida.com.ar\/portalurbano\/wp-content\/uploads\/2021\/02\/Arranco-la-vacunacion-en-la-150x150.jpg",150,150,true],"medium":["https:\/\/experienciadevida.com.ar\/portalurbano\/wp-content\/uploads\/2021\/02\/Arranco-la-vacunacion-en-la-300x199.jpg",300,199,true],"medium_large":["https:\/\/experienciadevida.com.ar\/portalurbano\/wp-content\/uploads\/2021\/02\/Arranco-la-vacunacion-en-la-768x509.jpg",640,424,true],"large":["https:\/\/experienciadevida.com.ar\/portalurbano\/wp-content\/uploads\/2021\/02\/Arranco-la-vacunacion-en-la-1024x678.jpg",640,424,true],"ug_big":["https:\/\/experienciadevida.com.ar\/portalurbano\/wp-content\/uploads\/2021\/02\/Arranco-la-vacunacion-en-la-768x509.jpg",768,509,true],"1536x1536":["https:\/\/experienciadevida.com.ar\/portalurbano\/wp-content\/uploads\/2021\/02\/Arranco-la-vacunacion-en-la.jpg",1232,816,false],"2048x2048":["https:\/\/experienciadevida.com.ar\/portalurbano\/wp-content\/uploads\/2021\/02\/Arranco-la-vacunacion-en-la.jpg",1232,816,false],"newsever-slider-full":["https:\/\/experienciadevida.com.ar\/portalurbano\/wp-content\/uploads\/2021\/02\/Arranco-la-vacunacion-en-la.jpg",1232,816,false],"newsever-featured":["https:\/\/experienciadevida.com.ar\/portalurbano\/wp-content\/uploads\/2021\/02\/Arranco-la-vacunacion-en-la.jpg",1024,678,false],"newsever-medium":["https:\/\/experienciadevida.com.ar\/portalurbano\/wp-content\/uploads\/2021\/02\/Arranco-la-vacunacion-en-la.jpg",717,475,false],"web-stories-poster-portrait":["https:\/\/experienciadevida.com.ar\/portalurbano\/wp-content\/uploads\/2021\/02\/Arranco-la-vacunacion-en-la.jpg",640,424,false],"web-stories-publisher-logo":["https:\/\/experienciadevida.com.ar\/portalurbano\/wp-content\/uploads\/2021\/02\/Arranco-la-vacunacion-en-la.jpg",96,64,false],"web-stories-thumbnail":["https:\/\/experienciadevida.com.ar\/portalurbano\/wp-content\/uploads\/2021\/02\/Arranco-la-vacunacion-en-la.jpg",150,99,false]},"author_info":{"display_name":"admpu17wp","author_link":"https:\/\/experienciadevida.com.ar\/portalurbano\/author\/admpu17wp\/"},"category_info":"<a href=\"https:\/\/experienciadevida.com.ar\/portalurbano\/category\/destacadas\/\" rel=\"category tag\">Destacadas<\/a> <a href=\"https:\/\/experienciadevida.com.ar\/portalurbano\/category\/ciudad\/salud\/\" rel=\"category tag\">Salud<\/a>","tag_info":"Salud","comment_count":"0","amp_enabled":true,"_links":{"self":[{"href":"https:\/\/experienciadevida.com.ar\/portalurbano\/wp-json\/wp\/v2\/posts\/135397"}],"collection":[{"href":"https:\/\/experienciadevida.com.ar\/portalurbano\/wp-json\/wp\/v2\/posts"}],"about":[{"href":"https:\/\/experienciadevida.com.ar\/portalurbano\/wp-json\/wp\/v2\/types\/post"}],"author":[{"embeddable":true,"href":"https:\/\/experienciadevida.com.ar\/portalurbano\/wp-json\/wp\/v2\/users\/1"}],"replies":[{"embeddable":true,"href":"https:\/\/experienciadevida.com.ar\/portalurbano\/wp-json\/wp\/v2\/comments?post=135397"}],"version-history":[{"count":3,"href":"https:\/\/experienciadevida.com.ar\/portalurbano\/wp-json\/wp\/v2\/posts\/135397\/revisions"}],"predecessor-version":[{"id":135406,"href":"https:\/\/experienciadevida.com.ar\/portalurbano\/wp-json\/wp\/v2\/posts\/135397\/revisions\/135406"}],"wp:featuredmedia":[{"embeddable":true,"href":"https:\/\/experienciadevida.com.ar\/portalurbano\/wp-json\/wp\/v2\/media\/135398"}],"wp:attachment":[{"href":"https:\/\/experienciadevida.com.ar\/portalurbano\/wp-json\/wp\/v2\/media?parent=135397"}],"wp:term":[{"taxonomy":"category","embeddable":true,"href":"https:\/\/experienciadevida.com.ar\/portalurbano\/wp-json\/wp\/v2\/categories?post=135397"},{"taxonomy":"post_tag","embeddable":true,"href":"https:\/\/experienciadevida.com.ar\/portalurbano\/wp-json\/wp\/v2\/tags?post=135397"}],"curies":[{"name":"wp","href":"https:\/\/api.w.org\/{rel}","templated":true}]}}