{"id":135386,"date":"2021-02-18T12:08:00","date_gmt":"2021-02-18T15:08:00","guid":{"rendered":"https:\/\/experienciadevida.com.ar\/portalurbano\/?p=135386"},"modified":"2021-02-18T12:08:32","modified_gmt":"2021-02-18T15:08:32","slug":"trotta-sobre-la-vuelta-a-clases-hubo-un-90-de-asistencia","status":"publish","type":"post","link":"https:\/\/experienciadevida.com.ar\/portalurbano\/trotta-sobre-la-vuelta-a-clases-hubo-un-90-de-asistencia\/","title":{"rendered":"Trotta sobre la vuelta a clases: &#8220;Hubo un 90% de asistencia&#8221;"},"content":{"rendered":"<p>Trotta sobre la vuelta a clases: &#8220;Hubo un 90% de asistencia&#8221;. As\u00ed lo afirm\u00f3 el ministro de Educaci\u00f3n Nicol\u00e1s Trotta al realizar un balance de los resultados que dej\u00f3 la jornada de vuelta a clases en cuatro distritos.<\/p>\n<p>Luego de casi un a\u00f1o donde la pandemia oblig\u00f3 a miles de alumnos a trasladar el aula a sus domicilios para tomar clasesde manera virtual, el inicio del ciclo lectivo en cuatro distritos dej\u00f3 como resultado una asistencia del 90%.<\/p>\n<p>Trotta sobre la vuelta a clases: luego de casi un a\u00f1o donde la pandemia oblig\u00f3 a miles de alumnos a trasladar el aula a sus domicilios para tomar clasesde manera virtual, el inicio del ciclo lectivo en cuatro distritos dej\u00f3 como resultado una asistencia del 90%.<\/p>\n<p>La cifra fue revelada por el el ministro de Educaci\u00f3n, Nicol\u00e1s Trotta, quien adem\u00e1s afirm\u00f3 que afirm\u00f3 en la primera jornada de vuelta a las clases presenciales las escuelas\u201cse abrieron masivamente\u201d.<\/p>\n<p>Trotta, adem\u00e1s destac\u00f3 que \u201ceste es un proceso escalonado, para el 1 de marzo ser\u00e1n 14 las provincias con regreso a la presencialidad y del 8 al 15 de marzo el resto de las provincias\u201d.<\/p>\n<p>&#8220;Los estados provinciales garantizan el proceso de reorganizaci\u00f3n de las escuelas, para ello hemos hecho una inversi\u00f3n en elementos de higiene y limpieza\u201d, dijo Trotta, aunque se\u00f1al\u00f3 que \u201calgunas escuelas no pudieron abrir\u201d.<\/p>\n<p>El ministro asegur\u00f3 que \u201ceste es un proceso en reconstrucci\u00f3n constante\u201d para lo cual \u201chay un compromiso de toda la comunidad educativa para mejorar la articulaci\u00f3n en cada establecimiento, con un protocolo en cada escuela y en cada aula y en un sistema mixto\u201d.<\/p>\n<p>Explic\u00f3 que en el Gobierno nacional \u201cnunca hubo dudas en volver al ciclo lectivo\u201d y refiri\u00f3 que en noviembre pasado \u201cubicamos a los docentes como grupo prioritario para las vacunas y presentamos un documento con una hoja de ruta\u201d.<\/p>\n<p>&#8220;M\u00e1s de la mitad de las provincias el a\u00f1o pasado tuvieron experiencias de clases presenciales, no hay lugar para los mensajes extremos\u201d, asegur\u00f3 el ministro.<\/p>\n<p>Por su parte, la ministra de Educaci\u00f3n del gobierno porte\u00f1o, Soledad Acu\u00f1a, manifest\u00f3 que \u201cel 89% de los alumnos concurri\u00f3 a las clases y que en las escuelas de educaci\u00f3n especial fue del 85%\u201d la asistencia.<\/p>\n<p>&#8220;Seguramente va a pasar que tengamos un caso de coronavirus en las escuelas, en ese caso se aislar\u00e1 al grupo 10 d\u00edas\u201d, explic\u00f3 la ministra porte\u00f1a que adem\u00e1s dijo que en caso de una nueva ola de contagios \u201clas escuelas ser\u00e1n lo \u00faltimo que se cierren\u201d.<\/p>\n","protected":false},"excerpt":{"rendered":"<p>Trotta sobre la vuelta a clases: &#8220;Hubo un 90% de asistencia&#8221;. As\u00ed lo afirm\u00f3 el&#8230;<\/p>\n","protected":false},"author":1,"featured_media":135387,"comment_status":"closed","ping_status":"closed","sticky":false,"template":"","format":"standard","meta":{"content-type":""},"categories":[39],"tags":[],"nelio_content":{"isAutoShareEnabled":false,"autoShareEndMode":"default","automationSources":{"useContentSentences":true,"useSocialTemplates":true,"useCustomSentences":false,"customSentences":[]},"followers":[1],"suggestedReferences":[],"includedReferences":[],"efiUrl":"","efiAlt":"","highlights":[]},"yoast_head":"<!-- This site is optimized with the Yoast SEO plugin v20.7 - https:\/\/yoast.com\/wordpress\/plugins\/seo\/ -->\n<title>Trotta sobre la vuelta a clases: &quot;Hubo un 90% de asistencia&quot;<\/title>\n<meta name=\"description\" content=\"Trotta sobre la vuelta a clases: &quot;Hubo un 90% de asistencia&quot;. As\u00ed lo afirm\u00f3 el ministro de Educaci\u00f3n, al realizar un balance de resultados.\" \/>\n<meta name=\"robots\" content=\"index, follow, max-snippet:-1, max-image-preview:large, max-video-preview:-1\" \/>\n<link rel=\"canonical\" href=\"https:\/\/experienciadevida.com.ar\/portalurbano\/trotta-sobre-la-vuelta-a-clases-hubo-un-90-de-asistencia\/\" \/>\n<meta property=\"og:locale\" content=\"es_ES\" \/>\n<meta property=\"og:type\" content=\"article\" \/>\n<meta property=\"og:title\" content=\"Trotta sobre la vuelta a clases: &quot;Hubo un 90% de asistencia&quot;\" \/>\n<meta property=\"og:description\" content=\"Trotta sobre la vuelta a clases: &quot;Hubo un 90% de asistencia&quot;. As\u00ed lo afirm\u00f3 el ministro de Educaci\u00f3n, al realizar un balance de resultados.\" \/>\n<meta property=\"og:url\" content=\"https:\/\/experienciadevida.com.ar\/portalurbano\/trotta-sobre-la-vuelta-a-clases-hubo-un-90-de-asistencia\/\" \/>\n<meta property=\"article:publisher\" content=\"https:\/\/www.facebook.com\/Portal-Urbano-171542830093757\/\" \/>\n<meta property=\"article:published_time\" content=\"2021-02-18T15:08:00+00:00\" \/>\n<meta property=\"article:modified_time\" content=\"2021-02-18T15:08:32+00:00\" \/>\n<meta property=\"og:image\" content=\"https:\/\/experienciadevida.com.ar\/portalurbano\/wp-content\/uploads\/2021\/02\/vuelta-a-clases.jpg\" \/>\n\t<meta property=\"og:image:width\" content=\"1140\" \/>\n\t<meta property=\"og:image:height\" content=\"703\" \/>\n\t<meta property=\"og:image:type\" content=\"image\/jpeg\" \/>\n<meta name=\"author\" content=\"admpu17wp\" \/>\n<meta name=\"twitter:card\" content=\"summary_large_image\" \/>\n<meta name=\"twitter:creator\" content=\"@portalurbanook\" \/>\n<meta name=\"twitter:site\" content=\"@portalurbanook\" \/>\n<meta name=\"twitter:label1\" content=\"Escrito por\" \/>\n\t<meta name=\"twitter:data1\" content=\"admpu17wp\" \/>\n\t<meta name=\"twitter:label2\" content=\"Tiempo de lectura\" \/>\n\t<meta name=\"twitter:data2\" content=\"2 minutos\" \/>\n<script type=\"application\/ld+json\" class=\"yoast-schema-graph\">{\"@context\":\"https:\/\/schema.org\",\"@graph\":[{\"@type\":\"Article\",\"@id\":\"https:\/\/experienciadevida.com.ar\/portalurbano\/trotta-sobre-la-vuelta-a-clases-hubo-un-90-de-asistencia\/#article\",\"isPartOf\":{\"@id\":\"https:\/\/experienciadevida.com.ar\/portalurbano\/trotta-sobre-la-vuelta-a-clases-hubo-un-90-de-asistencia\/\"},\"author\":{\"name\":\"admpu17wp\",\"@id\":\"https:\/\/experienciadevida.com.ar\/portalurbano\/#\/schema\/person\/02dd326b1c4b056e9cc972486934a3a7\"},\"headline\":\"Trotta sobre la vuelta a clases: &#8220;Hubo un 90% de asistencia&#8221;\",\"datePublished\":\"2021-02-18T15:08:00+00:00\",\"dateModified\":\"2021-02-18T15:08:32+00:00\",\"mainEntityOfPage\":{\"@id\":\"https:\/\/experienciadevida.com.ar\/portalurbano\/trotta-sobre-la-vuelta-a-clases-hubo-un-90-de-asistencia\/\"},\"wordCount\":438,\"publisher\":{\"@id\":\"https:\/\/experienciadevida.com.ar\/portalurbano\/#organization\"},\"articleSection\":[\"Naci\u00f3n\"],\"inLanguage\":\"es\"},{\"@type\":\"WebPage\",\"@id\":\"https:\/\/experienciadevida.com.ar\/portalurbano\/trotta-sobre-la-vuelta-a-clases-hubo-un-90-de-asistencia\/\",\"url\":\"https:\/\/experienciadevida.com.ar\/portalurbano\/trotta-sobre-la-vuelta-a-clases-hubo-un-90-de-asistencia\/\",\"name\":\"Trotta sobre la vuelta a clases: \\\"Hubo un 90% de asistencia\\\"\",\"isPartOf\":{\"@id\":\"https:\/\/experienciadevida.com.ar\/portalurbano\/#website\"},\"datePublished\":\"2021-02-18T15:08:00+00:00\",\"dateModified\":\"2021-02-18T15:08:32+00:00\",\"description\":\"Trotta sobre la vuelta a clases: \\\"Hubo un 90% de asistencia\\\". As\u00ed lo afirm\u00f3 el ministro de Educaci\u00f3n, al realizar un balance de resultados.\",\"breadcrumb\":{\"@id\":\"https:\/\/experienciadevida.com.ar\/portalurbano\/trotta-sobre-la-vuelta-a-clases-hubo-un-90-de-asistencia\/#breadcrumb\"},\"inLanguage\":\"es\",\"potentialAction\":[{\"@type\":\"ReadAction\",\"target\":[\"https:\/\/experienciadevida.com.ar\/portalurbano\/trotta-sobre-la-vuelta-a-clases-hubo-un-90-de-asistencia\/\"]}]},{\"@type\":\"BreadcrumbList\",\"@id\":\"https:\/\/experienciadevida.com.ar\/portalurbano\/trotta-sobre-la-vuelta-a-clases-hubo-un-90-de-asistencia\/#breadcrumb\",\"itemListElement\":[{\"@type\":\"ListItem\",\"position\":1,\"name\":\"Portada\",\"item\":\"https:\/\/experienciadevida.com.ar\/portalurbano\/\"},{\"@type\":\"ListItem\",\"position\":2,\"name\":\"Trotta sobre la vuelta a clases: \u00abHubo un 90% de asistencia\u00bb\"}]},{\"@type\":\"WebSite\",\"@id\":\"https:\/\/experienciadevida.com.ar\/portalurbano\/#website\",\"url\":\"https:\/\/experienciadevida.com.ar\/portalurbano\/\",\"name\":\"\",\"description\":\"\",\"publisher\":{\"@id\":\"https:\/\/experienciadevida.com.ar\/portalurbano\/#organization\"},\"potentialAction\":[{\"@type\":\"SearchAction\",\"target\":{\"@type\":\"EntryPoint\",\"urlTemplate\":\"https:\/\/experienciadevida.com.ar\/portalurbano\/?s={search_term_string}\"},\"query-input\":\"required name=search_term_string\"}],\"inLanguage\":\"es\"},{\"@type\":\"Organization\",\"@id\":\"https:\/\/experienciadevida.com.ar\/portalurbano\/#organization\",\"name\":\"Portal Urbano\",\"url\":\"https:\/\/experienciadevida.com.ar\/portalurbano\/\",\"logo\":{\"@type\":\"ImageObject\",\"inLanguage\":\"es\",\"@id\":\"https:\/\/experienciadevida.com.ar\/portalurbano\/#\/schema\/logo\/image\/\",\"url\":\"https:\/\/experienciadevida.com.ar\/portalurbano\/wp-content\/uploads\/2019\/09\/Logo-Original.png\",\"contentUrl\":\"https:\/\/experienciadevida.com.ar\/portalurbano\/wp-content\/uploads\/2019\/09\/Logo-Original.png\",\"width\":2236,\"height\":1216,\"caption\":\"Portal Urbano\"},\"image\":{\"@id\":\"https:\/\/experienciadevida.com.ar\/portalurbano\/#\/schema\/logo\/image\/\"},\"sameAs\":[\"https:\/\/www.facebook.com\/Portal-Urbano-171542830093757\/\",\"https:\/\/twitter.com\/portalurbanook\",\"https:\/\/www.instagram.com\/_portalurbano\/\",\"https:\/\/www.youtube.com\/channel\/UCXhagIfszH8KxFiOok79zbA?view_as=subscriber\"]},{\"@type\":\"Person\",\"@id\":\"https:\/\/experienciadevida.com.ar\/portalurbano\/#\/schema\/person\/02dd326b1c4b056e9cc972486934a3a7\",\"name\":\"admpu17wp\",\"image\":{\"@type\":\"ImageObject\",\"inLanguage\":\"es\",\"@id\":\"https:\/\/experienciadevida.com.ar\/portalurbano\/#\/schema\/person\/image\/\",\"url\":\"https:\/\/secure.gravatar.com\/avatar\/830d4c57adaae6630765e449a6908047?s=96&d=mm&r=g\",\"contentUrl\":\"https:\/\/secure.gravatar.com\/avatar\/830d4c57adaae6630765e449a6908047?s=96&d=mm&r=g\",\"caption\":\"admpu17wp\"}}]}<\/script>\n<!-- \/ Yoast SEO plugin. -->","yoast_head_json":{"title":"Trotta sobre la vuelta a clases: \"Hubo un 90% de asistencia\"","description":"Trotta sobre la vuelta a clases: \"Hubo un 90% de asistencia\". As\u00ed lo afirm\u00f3 el ministro de Educaci\u00f3n, al realizar un balance de resultados.","robots":{"index":"index","follow":"follow","max-snippet":"max-snippet:-1","max-image-preview":"max-image-preview:large","max-video-preview":"max-video-preview:-1"},"canonical":"https:\/\/experienciadevida.com.ar\/portalurbano\/trotta-sobre-la-vuelta-a-clases-hubo-un-90-de-asistencia\/","og_locale":"es_ES","og_type":"article","og_title":"Trotta sobre la vuelta a clases: \"Hubo un 90% de asistencia\"","og_description":"Trotta sobre la vuelta a clases: \"Hubo un 90% de asistencia\". As\u00ed lo afirm\u00f3 el ministro de Educaci\u00f3n, al realizar un balance de resultados.","og_url":"https:\/\/experienciadevida.com.ar\/portalurbano\/trotta-sobre-la-vuelta-a-clases-hubo-un-90-de-asistencia\/","article_publisher":"https:\/\/www.facebook.com\/Portal-Urbano-171542830093757\/","article_published_time":"2021-02-18T15:08:00+00:00","article_modified_time":"2021-02-18T15:08:32+00:00","og_image":[{"width":1140,"height":703,"url":"https:\/\/experienciadevida.com.ar\/portalurbano\/wp-content\/uploads\/2021\/02\/vuelta-a-clases.jpg","type":"image\/jpeg"}],"author":"admpu17wp","twitter_card":"summary_large_image","twitter_creator":"@portalurbanook","twitter_site":"@portalurbanook","twitter_misc":{"Escrito por":"admpu17wp","Tiempo de lectura":"2 minutos"},"schema":{"@context":"https:\/\/schema.org","@graph":[{"@type":"Article","@id":"https:\/\/experienciadevida.com.ar\/portalurbano\/trotta-sobre-la-vuelta-a-clases-hubo-un-90-de-asistencia\/#article","isPartOf":{"@id":"https:\/\/experienciadevida.com.ar\/portalurbano\/trotta-sobre-la-vuelta-a-clases-hubo-un-90-de-asistencia\/"},"author":{"name":"admpu17wp","@id":"https:\/\/experienciadevida.com.ar\/portalurbano\/#\/schema\/person\/02dd326b1c4b056e9cc972486934a3a7"},"headline":"Trotta sobre la vuelta a clases: &#8220;Hubo un 90% de asistencia&#8221;","datePublished":"2021-02-18T15:08:00+00:00","dateModified":"2021-02-18T15:08:32+00:00","mainEntityOfPage":{"@id":"https:\/\/experienciadevida.com.ar\/portalurbano\/trotta-sobre-la-vuelta-a-clases-hubo-un-90-de-asistencia\/"},"wordCount":438,"publisher":{"@id":"https:\/\/experienciadevida.com.ar\/portalurbano\/#organization"},"articleSection":["Naci\u00f3n"],"inLanguage":"es"},{"@type":"WebPage","@id":"https:\/\/experienciadevida.com.ar\/portalurbano\/trotta-sobre-la-vuelta-a-clases-hubo-un-90-de-asistencia\/","url":"https:\/\/experienciadevida.com.ar\/portalurbano\/trotta-sobre-la-vuelta-a-clases-hubo-un-90-de-asistencia\/","name":"Trotta sobre la vuelta a clases: \"Hubo un 90% de asistencia\"","isPartOf":{"@id":"https:\/\/experienciadevida.com.ar\/portalurbano\/#website"},"datePublished":"2021-02-18T15:08:00+00:00","dateModified":"2021-02-18T15:08:32+00:00","description":"Trotta sobre la vuelta a clases: \"Hubo un 90% de asistencia\". As\u00ed lo afirm\u00f3 el ministro de Educaci\u00f3n, al realizar un balance de resultados.","breadcrumb":{"@id":"https:\/\/experienciadevida.com.ar\/portalurbano\/trotta-sobre-la-vuelta-a-clases-hubo-un-90-de-asistencia\/#breadcrumb"},"inLanguage":"es","potentialAction":[{"@type":"ReadAction","target":["https:\/\/experienciadevida.com.ar\/portalurbano\/trotta-sobre-la-vuelta-a-clases-hubo-un-90-de-asistencia\/"]}]},{"@type":"BreadcrumbList","@id":"https:\/\/experienciadevida.com.ar\/portalurbano\/trotta-sobre-la-vuelta-a-clases-hubo-un-90-de-asistencia\/#breadcrumb","itemListElement":[{"@type":"ListItem","position":1,"name":"Portada","item":"https:\/\/experienciadevida.com.ar\/portalurbano\/"},{"@type":"ListItem","position":2,"name":"Trotta sobre la vuelta a clases: \u00abHubo un 90% de asistencia\u00bb"}]},{"@type":"WebSite","@id":"https:\/\/experienciadevida.com.ar\/portalurbano\/#website","url":"https:\/\/experienciadevida.com.ar\/portalurbano\/","name":"","description":"","publisher":{"@id":"https:\/\/experienciadevida.com.ar\/portalurbano\/#organization"},"potentialAction":[{"@type":"SearchAction","target":{"@type":"EntryPoint","urlTemplate":"https:\/\/experienciadevida.com.ar\/portalurbano\/?s={search_term_string}"},"query-input":"required name=search_term_string"}],"inLanguage":"es"},{"@type":"Organization","@id":"https:\/\/experienciadevida.com.ar\/portalurbano\/#organization","name":"Portal Urbano","url":"https:\/\/experienciadevida.com.ar\/portalurbano\/","logo":{"@type":"ImageObject","inLanguage":"es","@id":"https:\/\/experienciadevida.com.ar\/portalurbano\/#\/schema\/logo\/image\/","url":"https:\/\/experienciadevida.com.ar\/portalurbano\/wp-content\/uploads\/2019\/09\/Logo-Original.png","contentUrl":"https:\/\/experienciadevida.com.ar\/portalurbano\/wp-content\/uploads\/2019\/09\/Logo-Original.png","width":2236,"height":1216,"caption":"Portal Urbano"},"image":{"@id":"https:\/\/experienciadevida.com.ar\/portalurbano\/#\/schema\/logo\/image\/"},"sameAs":["https:\/\/www.facebook.com\/Portal-Urbano-171542830093757\/","https:\/\/twitter.com\/portalurbanook","https:\/\/www.instagram.com\/_portalurbano\/","https:\/\/www.youtube.com\/channel\/UCXhagIfszH8KxFiOok79zbA?view_as=subscriber"]},{"@type":"Person","@id":"https:\/\/experienciadevida.com.ar\/portalurbano\/#\/schema\/person\/02dd326b1c4b056e9cc972486934a3a7","name":"admpu17wp","image":{"@type":"ImageObject","inLanguage":"es","@id":"https:\/\/experienciadevida.com.ar\/portalurbano\/#\/schema\/person\/image\/","url":"https:\/\/secure.gravatar.com\/avatar\/830d4c57adaae6630765e449a6908047?s=96&d=mm&r=g","contentUrl":"https:\/\/secure.gravatar.com\/avatar\/830d4c57adaae6630765e449a6908047?s=96&d=mm&r=g","caption":"admpu17wp"}}]}},"featured_image_urls":{"full":["https:\/\/experienciadevida.com.ar\/portalurbano\/wp-content\/uploads\/2021\/02\/vuelta-a-clases.jpg",1140,703,false],"thumbnail":["https:\/\/experienciadevida.com.ar\/portalurbano\/wp-content\/uploads\/2021\/02\/vuelta-a-clases-150x150.jpg",150,150,true],"medium":["https:\/\/experienciadevida.com.ar\/portalurbano\/wp-content\/uploads\/2021\/02\/vuelta-a-clases-300x185.jpg",300,185,true],"medium_large":["https:\/\/experienciadevida.com.ar\/portalurbano\/wp-content\/uploads\/2021\/02\/vuelta-a-clases-768x474.jpg",640,395,true],"large":["https:\/\/experienciadevida.com.ar\/portalurbano\/wp-content\/uploads\/2021\/02\/vuelta-a-clases-1024x631.jpg",640,394,true],"ug_big":["https:\/\/experienciadevida.com.ar\/portalurbano\/wp-content\/uploads\/2021\/02\/vuelta-a-clases-768x474.jpg",768,474,true],"1536x1536":["https:\/\/experienciadevida.com.ar\/portalurbano\/wp-content\/uploads\/2021\/02\/vuelta-a-clases.jpg",1140,703,false],"2048x2048":["https:\/\/experienciadevida.com.ar\/portalurbano\/wp-content\/uploads\/2021\/02\/vuelta-a-clases.jpg",1140,703,false],"newsever-slider-full":["https:\/\/experienciadevida.com.ar\/portalurbano\/wp-content\/uploads\/2021\/02\/vuelta-a-clases.jpg",1140,703,false],"newsever-featured":["https:\/\/experienciadevida.com.ar\/portalurbano\/wp-content\/uploads\/2021\/02\/vuelta-a-clases.jpg",1024,631,false],"newsever-medium":["https:\/\/experienciadevida.com.ar\/portalurbano\/wp-content\/uploads\/2021\/02\/vuelta-a-clases.jpg",720,444,false],"web-stories-poster-portrait":["https:\/\/experienciadevida.com.ar\/portalurbano\/wp-content\/uploads\/2021\/02\/vuelta-a-clases.jpg",640,395,false],"web-stories-publisher-logo":["https:\/\/experienciadevida.com.ar\/portalurbano\/wp-content\/uploads\/2021\/02\/vuelta-a-clases.jpg",96,59,false],"web-stories-thumbnail":["https:\/\/experienciadevida.com.ar\/portalurbano\/wp-content\/uploads\/2021\/02\/vuelta-a-clases.jpg",150,93,false]},"author_info":{"display_name":"admpu17wp","author_link":"https:\/\/experienciadevida.com.ar\/portalurbano\/author\/admpu17wp\/"},"category_info":"<a href=\"https:\/\/experienciadevida.com.ar\/portalurbano\/category\/nacion\/\" rel=\"category tag\">Naci\u00f3n<\/a>","tag_info":"Naci\u00f3n","comment_count":"0","amp_enabled":true,"_links":{"self":[{"href":"https:\/\/experienciadevida.com.ar\/portalurbano\/wp-json\/wp\/v2\/posts\/135386"}],"collection":[{"href":"https:\/\/experienciadevida.com.ar\/portalurbano\/wp-json\/wp\/v2\/posts"}],"about":[{"href":"https:\/\/experienciadevida.com.ar\/portalurbano\/wp-json\/wp\/v2\/types\/post"}],"author":[{"embeddable":true,"href":"https:\/\/experienciadevida.com.ar\/portalurbano\/wp-json\/wp\/v2\/users\/1"}],"replies":[{"embeddable":true,"href":"https:\/\/experienciadevida.com.ar\/portalurbano\/wp-json\/wp\/v2\/comments?post=135386"}],"version-history":[{"count":1,"href":"https:\/\/experienciadevida.com.ar\/portalurbano\/wp-json\/wp\/v2\/posts\/135386\/revisions"}],"predecessor-version":[{"id":135388,"href":"https:\/\/experienciadevida.com.ar\/portalurbano\/wp-json\/wp\/v2\/posts\/135386\/revisions\/135388"}],"wp:featuredmedia":[{"embeddable":true,"href":"https:\/\/experienciadevida.com.ar\/portalurbano\/wp-json\/wp\/v2\/media\/135387"}],"wp:attachment":[{"href":"https:\/\/experienciadevida.com.ar\/portalurbano\/wp-json\/wp\/v2\/media?parent=135386"}],"wp:term":[{"taxonomy":"category","embeddable":true,"href":"https:\/\/experienciadevida.com.ar\/portalurbano\/wp-json\/wp\/v2\/categories?post=135386"},{"taxonomy":"post_tag","embeddable":true,"href":"https:\/\/experienciadevida.com.ar\/portalurbano\/wp-json\/wp\/v2\/tags?post=135386"}],"curies":[{"name":"wp","href":"https:\/\/api.w.org\/{rel}","templated":true}]}}