{"id":135383,"date":"2021-02-18T11:56:50","date_gmt":"2021-02-18T14:56:50","guid":{"rendered":"https:\/\/experienciadevida.com.ar\/portalurbano\/?p=135383"},"modified":"2021-02-18T11:56:50","modified_gmt":"2021-02-18T14:56:50","slug":"fernandez-habilito-por-decreto-que-se-trate-proyecto-de-ganancias-en-extraordinarias","status":"publish","type":"post","link":"https:\/\/experienciadevida.com.ar\/portalurbano\/fernandez-habilito-por-decreto-que-se-trate-proyecto-de-ganancias-en-extraordinarias\/","title":{"rendered":"Fern\u00e1ndez habilit\u00f3 por decreto que se trate proyecto de Ganancias en extraordinarias"},"content":{"rendered":"<p>Fern\u00e1ndez habilit\u00f3 por decreto que se trate proyecto de Ganancias en extraordinarias. La norma, que lleva la firma del Presidente y del jefe de Gabinete, Santiago Cafiero, en su art\u00edculo 1\u00ba que se incluya en el temario del Congreso.<\/p>\n<p>El presidente Alberto Fern\u00e1ndez habilit\u00f3 este jueves la incorporaci\u00f3n al temario de las sesiones extraordinarias del proyecto de reforma del Impuesto a las Ganancias a partir de la publicaci\u00f3n de un decreto en el Bolet\u00edn Oficial.<\/p>\n<p>La norma, que lleva la firma de Fern\u00e1ndez y del jefe de Gabinete Santiago Cafiero, dispone en su art\u00edculo 1\u00ba que se incluya en el temario del Congreso, durante el per\u00edodo de sesiones extraordinarias, \u201cla consideraci\u00f3n del proyecto de ley tendiente a sustituir el inciso \u2018c\u2019 del primer p\u00e1rrafo y el cuarto p\u00e1rrafo del art\u00edculo 30 de la ley de Impuesto a las Ganancias\u201d.<\/p>\n<p>La iniciativa tambi\u00e9n establece la exenci\u00f3n del pago del tributo para los jubilados que reciban mensualmente un ingreso que signifique hasta ocho jubilaciones m\u00ednimas.<\/p>\n<p>De acuerdo a las estimaciones de quienes dise\u00f1aron el proyecto, esta suba del piso de Ganancias beneficiar\u00e1 a 1.267.000 personas de la poblaci\u00f3n total de asalariados registrados del pa\u00eds.<\/p>\n<p>De ese total, unos 569 mil residen dejar\u00e1n de pagar el impuesto en la provincia de Buenos Aires, lo que representa el 66,9% de los contribuyentes que lo afrontan actualmente.<\/p>\n<p>Con la publicaci\u00f3n del decreto 106\/2021, y la consecuente ampliaci\u00f3n del temario de las sesiones extraordinarias para tratar el proyecto sobre Ganancias, el oficialismo podr\u00e1 avanzar en la convocatoria a una reuni\u00f3n informativa de la comisi\u00f3n de Presupuesto y Hacienda, que encabeza Carlos Heller.<\/p>\n<p>Sin embargo, las sesiones extraordinarias finalizar\u00e1n el \u00faltimo d\u00eda h\u00e1bil de febrero, por lo que a pesar de iniciarse el tratamiento en comisi\u00f3n se descuenta que el debate en el recinto se concretar\u00e1 una vez que arranquen las sesiones ordinarias, cuya apertura se realizar\u00e1 el 1\u00ba de marzo, con el discurso del Presidente ante la Asamblea Legislativa.<\/p>\n<p>En lo inmediato, la intenci\u00f3n oficial es que funcionarios de la cartera de Econom\u00eda y tambi\u00e9n integrantes de la Agencia Federal de Ingresos P\u00fablicos (AFIP) asistan a la reuni\u00f3n de comisi\u00f3n para exponer sobre los alcances de la propuesta y los efectos fiscales que acarrear\u00e1 en caso de ser aprobada.<\/p>\n<p>Fuente: DIB<\/p>\n","protected":false},"excerpt":{"rendered":"<p>Fern\u00e1ndez habilit\u00f3 por decreto que se trate proyecto de Ganancias en extraordinarias. La norma, que&#8230;<\/p>\n","protected":false},"author":1,"featured_media":135384,"comment_status":"closed","ping_status":"closed","sticky":false,"template":"","format":"standard","meta":{"content-type":""},"categories":[39],"tags":[],"nelio_content":{"isAutoShareEnabled":false,"autoShareEndMode":"default","automationSources":{"useContentSentences":true,"useSocialTemplates":true,"useCustomSentences":false,"customSentences":[]},"followers":[1],"suggestedReferences":[],"includedReferences":[],"efiUrl":"","efiAlt":"","highlights":[]},"yoast_head":"<!-- This site is optimized with the Yoast SEO plugin v20.7 - https:\/\/yoast.com\/wordpress\/plugins\/seo\/ -->\n<title>Fern\u00e1ndez habilit\u00f3 por decreto que se trate el proyecto de ganancias<\/title>\n<meta name=\"description\" content=\"Fern\u00e1ndez habilit\u00f3 por decreto que se trate proyecto de Ganancias en extraordinarias. La norma, dispone que se incluya en el temario.\" \/>\n<meta name=\"robots\" content=\"index, follow, max-snippet:-1, max-image-preview:large, max-video-preview:-1\" \/>\n<link rel=\"canonical\" href=\"https:\/\/experienciadevida.com.ar\/portalurbano\/fernandez-habilito-por-decreto-que-se-trate-proyecto-de-ganancias-en-extraordinarias\/\" \/>\n<meta property=\"og:locale\" content=\"es_ES\" \/>\n<meta property=\"og:type\" content=\"article\" \/>\n<meta property=\"og:title\" content=\"Fern\u00e1ndez habilit\u00f3 por decreto que se trate el proyecto de ganancias\" \/>\n<meta property=\"og:description\" content=\"Fern\u00e1ndez habilit\u00f3 por decreto que se trate proyecto de Ganancias en extraordinarias. La norma, dispone que se incluya en el temario.\" \/>\n<meta property=\"og:url\" content=\"https:\/\/experienciadevida.com.ar\/portalurbano\/fernandez-habilito-por-decreto-que-se-trate-proyecto-de-ganancias-en-extraordinarias\/\" \/>\n<meta property=\"article:publisher\" content=\"https:\/\/www.facebook.com\/Portal-Urbano-171542830093757\/\" \/>\n<meta property=\"article:published_time\" content=\"2021-02-18T14:56:50+00:00\" \/>\n<meta property=\"og:image\" content=\"https:\/\/experienciadevida.com.ar\/portalurbano\/wp-content\/uploads\/2021\/02\/Fernandez-habilito-por-decreto.jpg\" \/>\n\t<meta property=\"og:image:width\" content=\"696\" \/>\n\t<meta property=\"og:image:height\" content=\"464\" \/>\n\t<meta property=\"og:image:type\" content=\"image\/jpeg\" \/>\n<meta name=\"author\" content=\"admpu17wp\" \/>\n<meta name=\"twitter:card\" content=\"summary_large_image\" \/>\n<meta name=\"twitter:creator\" content=\"@portalurbanook\" \/>\n<meta name=\"twitter:site\" content=\"@portalurbanook\" \/>\n<meta name=\"twitter:label1\" content=\"Escrito por\" \/>\n\t<meta name=\"twitter:data1\" content=\"admpu17wp\" \/>\n\t<meta name=\"twitter:label2\" content=\"Tiempo de lectura\" \/>\n\t<meta name=\"twitter:data2\" content=\"2 minutos\" \/>\n<script type=\"application\/ld+json\" class=\"yoast-schema-graph\">{\"@context\":\"https:\/\/schema.org\",\"@graph\":[{\"@type\":\"Article\",\"@id\":\"https:\/\/experienciadevida.com.ar\/portalurbano\/fernandez-habilito-por-decreto-que-se-trate-proyecto-de-ganancias-en-extraordinarias\/#article\",\"isPartOf\":{\"@id\":\"https:\/\/experienciadevida.com.ar\/portalurbano\/fernandez-habilito-por-decreto-que-se-trate-proyecto-de-ganancias-en-extraordinarias\/\"},\"author\":{\"name\":\"admpu17wp\",\"@id\":\"https:\/\/experienciadevida.com.ar\/portalurbano\/#\/schema\/person\/02dd326b1c4b056e9cc972486934a3a7\"},\"headline\":\"Fern\u00e1ndez habilit\u00f3 por decreto que se trate proyecto de Ganancias en extraordinarias\",\"datePublished\":\"2021-02-18T14:56:50+00:00\",\"dateModified\":\"2021-02-18T14:56:50+00:00\",\"mainEntityOfPage\":{\"@id\":\"https:\/\/experienciadevida.com.ar\/portalurbano\/fernandez-habilito-por-decreto-que-se-trate-proyecto-de-ganancias-en-extraordinarias\/\"},\"wordCount\":414,\"publisher\":{\"@id\":\"https:\/\/experienciadevida.com.ar\/portalurbano\/#organization\"},\"articleSection\":[\"Naci\u00f3n\"],\"inLanguage\":\"es\"},{\"@type\":\"WebPage\",\"@id\":\"https:\/\/experienciadevida.com.ar\/portalurbano\/fernandez-habilito-por-decreto-que-se-trate-proyecto-de-ganancias-en-extraordinarias\/\",\"url\":\"https:\/\/experienciadevida.com.ar\/portalurbano\/fernandez-habilito-por-decreto-que-se-trate-proyecto-de-ganancias-en-extraordinarias\/\",\"name\":\"Fern\u00e1ndez habilit\u00f3 por decreto que se trate el proyecto de ganancias\",\"isPartOf\":{\"@id\":\"https:\/\/experienciadevida.com.ar\/portalurbano\/#website\"},\"datePublished\":\"2021-02-18T14:56:50+00:00\",\"dateModified\":\"2021-02-18T14:56:50+00:00\",\"description\":\"Fern\u00e1ndez habilit\u00f3 por decreto que se trate proyecto de Ganancias en extraordinarias. La norma, dispone que se incluya en el temario.\",\"breadcrumb\":{\"@id\":\"https:\/\/experienciadevida.com.ar\/portalurbano\/fernandez-habilito-por-decreto-que-se-trate-proyecto-de-ganancias-en-extraordinarias\/#breadcrumb\"},\"inLanguage\":\"es\",\"potentialAction\":[{\"@type\":\"ReadAction\",\"target\":[\"https:\/\/experienciadevida.com.ar\/portalurbano\/fernandez-habilito-por-decreto-que-se-trate-proyecto-de-ganancias-en-extraordinarias\/\"]}]},{\"@type\":\"BreadcrumbList\",\"@id\":\"https:\/\/experienciadevida.com.ar\/portalurbano\/fernandez-habilito-por-decreto-que-se-trate-proyecto-de-ganancias-en-extraordinarias\/#breadcrumb\",\"itemListElement\":[{\"@type\":\"ListItem\",\"position\":1,\"name\":\"Portada\",\"item\":\"https:\/\/experienciadevida.com.ar\/portalurbano\/\"},{\"@type\":\"ListItem\",\"position\":2,\"name\":\"Fern\u00e1ndez habilit\u00f3 por decreto que se trate proyecto de Ganancias en extraordinarias\"}]},{\"@type\":\"WebSite\",\"@id\":\"https:\/\/experienciadevida.com.ar\/portalurbano\/#website\",\"url\":\"https:\/\/experienciadevida.com.ar\/portalurbano\/\",\"name\":\"\",\"description\":\"\",\"publisher\":{\"@id\":\"https:\/\/experienciadevida.com.ar\/portalurbano\/#organization\"},\"potentialAction\":[{\"@type\":\"SearchAction\",\"target\":{\"@type\":\"EntryPoint\",\"urlTemplate\":\"https:\/\/experienciadevida.com.ar\/portalurbano\/?s={search_term_string}\"},\"query-input\":\"required name=search_term_string\"}],\"inLanguage\":\"es\"},{\"@type\":\"Organization\",\"@id\":\"https:\/\/experienciadevida.com.ar\/portalurbano\/#organization\",\"name\":\"Portal Urbano\",\"url\":\"https:\/\/experienciadevida.com.ar\/portalurbano\/\",\"logo\":{\"@type\":\"ImageObject\",\"inLanguage\":\"es\",\"@id\":\"https:\/\/experienciadevida.com.ar\/portalurbano\/#\/schema\/logo\/image\/\",\"url\":\"https:\/\/experienciadevida.com.ar\/portalurbano\/wp-content\/uploads\/2019\/09\/Logo-Original.png\",\"contentUrl\":\"https:\/\/experienciadevida.com.ar\/portalurbano\/wp-content\/uploads\/2019\/09\/Logo-Original.png\",\"width\":2236,\"height\":1216,\"caption\":\"Portal Urbano\"},\"image\":{\"@id\":\"https:\/\/experienciadevida.com.ar\/portalurbano\/#\/schema\/logo\/image\/\"},\"sameAs\":[\"https:\/\/www.facebook.com\/Portal-Urbano-171542830093757\/\",\"https:\/\/twitter.com\/portalurbanook\",\"https:\/\/www.instagram.com\/_portalurbano\/\",\"https:\/\/www.youtube.com\/channel\/UCXhagIfszH8KxFiOok79zbA?view_as=subscriber\"]},{\"@type\":\"Person\",\"@id\":\"https:\/\/experienciadevida.com.ar\/portalurbano\/#\/schema\/person\/02dd326b1c4b056e9cc972486934a3a7\",\"name\":\"admpu17wp\",\"image\":{\"@type\":\"ImageObject\",\"inLanguage\":\"es\",\"@id\":\"https:\/\/experienciadevida.com.ar\/portalurbano\/#\/schema\/person\/image\/\",\"url\":\"https:\/\/secure.gravatar.com\/avatar\/830d4c57adaae6630765e449a6908047?s=96&d=mm&r=g\",\"contentUrl\":\"https:\/\/secure.gravatar.com\/avatar\/830d4c57adaae6630765e449a6908047?s=96&d=mm&r=g\",\"caption\":\"admpu17wp\"}}]}<\/script>\n<!-- \/ Yoast SEO plugin. -->","yoast_head_json":{"title":"Fern\u00e1ndez habilit\u00f3 por decreto que se trate el proyecto de ganancias","description":"Fern\u00e1ndez habilit\u00f3 por decreto que se trate proyecto de Ganancias en extraordinarias. La norma, dispone que se incluya en el temario.","robots":{"index":"index","follow":"follow","max-snippet":"max-snippet:-1","max-image-preview":"max-image-preview:large","max-video-preview":"max-video-preview:-1"},"canonical":"https:\/\/experienciadevida.com.ar\/portalurbano\/fernandez-habilito-por-decreto-que-se-trate-proyecto-de-ganancias-en-extraordinarias\/","og_locale":"es_ES","og_type":"article","og_title":"Fern\u00e1ndez habilit\u00f3 por decreto que se trate el proyecto de ganancias","og_description":"Fern\u00e1ndez habilit\u00f3 por decreto que se trate proyecto de Ganancias en extraordinarias. La norma, dispone que se incluya en el temario.","og_url":"https:\/\/experienciadevida.com.ar\/portalurbano\/fernandez-habilito-por-decreto-que-se-trate-proyecto-de-ganancias-en-extraordinarias\/","article_publisher":"https:\/\/www.facebook.com\/Portal-Urbano-171542830093757\/","article_published_time":"2021-02-18T14:56:50+00:00","og_image":[{"width":696,"height":464,"url":"https:\/\/experienciadevida.com.ar\/portalurbano\/wp-content\/uploads\/2021\/02\/Fernandez-habilito-por-decreto.jpg","type":"image\/jpeg"}],"author":"admpu17wp","twitter_card":"summary_large_image","twitter_creator":"@portalurbanook","twitter_site":"@portalurbanook","twitter_misc":{"Escrito por":"admpu17wp","Tiempo de lectura":"2 minutos"},"schema":{"@context":"https:\/\/schema.org","@graph":[{"@type":"Article","@id":"https:\/\/experienciadevida.com.ar\/portalurbano\/fernandez-habilito-por-decreto-que-se-trate-proyecto-de-ganancias-en-extraordinarias\/#article","isPartOf":{"@id":"https:\/\/experienciadevida.com.ar\/portalurbano\/fernandez-habilito-por-decreto-que-se-trate-proyecto-de-ganancias-en-extraordinarias\/"},"author":{"name":"admpu17wp","@id":"https:\/\/experienciadevida.com.ar\/portalurbano\/#\/schema\/person\/02dd326b1c4b056e9cc972486934a3a7"},"headline":"Fern\u00e1ndez habilit\u00f3 por decreto que se trate proyecto de Ganancias en extraordinarias","datePublished":"2021-02-18T14:56:50+00:00","dateModified":"2021-02-18T14:56:50+00:00","mainEntityOfPage":{"@id":"https:\/\/experienciadevida.com.ar\/portalurbano\/fernandez-habilito-por-decreto-que-se-trate-proyecto-de-ganancias-en-extraordinarias\/"},"wordCount":414,"publisher":{"@id":"https:\/\/experienciadevida.com.ar\/portalurbano\/#organization"},"articleSection":["Naci\u00f3n"],"inLanguage":"es"},{"@type":"WebPage","@id":"https:\/\/experienciadevida.com.ar\/portalurbano\/fernandez-habilito-por-decreto-que-se-trate-proyecto-de-ganancias-en-extraordinarias\/","url":"https:\/\/experienciadevida.com.ar\/portalurbano\/fernandez-habilito-por-decreto-que-se-trate-proyecto-de-ganancias-en-extraordinarias\/","name":"Fern\u00e1ndez habilit\u00f3 por decreto que se trate el proyecto de ganancias","isPartOf":{"@id":"https:\/\/experienciadevida.com.ar\/portalurbano\/#website"},"datePublished":"2021-02-18T14:56:50+00:00","dateModified":"2021-02-18T14:56:50+00:00","description":"Fern\u00e1ndez habilit\u00f3 por decreto que se trate proyecto de Ganancias en extraordinarias. La norma, dispone que se incluya en el temario.","breadcrumb":{"@id":"https:\/\/experienciadevida.com.ar\/portalurbano\/fernandez-habilito-por-decreto-que-se-trate-proyecto-de-ganancias-en-extraordinarias\/#breadcrumb"},"inLanguage":"es","potentialAction":[{"@type":"ReadAction","target":["https:\/\/experienciadevida.com.ar\/portalurbano\/fernandez-habilito-por-decreto-que-se-trate-proyecto-de-ganancias-en-extraordinarias\/"]}]},{"@type":"BreadcrumbList","@id":"https:\/\/experienciadevida.com.ar\/portalurbano\/fernandez-habilito-por-decreto-que-se-trate-proyecto-de-ganancias-en-extraordinarias\/#breadcrumb","itemListElement":[{"@type":"ListItem","position":1,"name":"Portada","item":"https:\/\/experienciadevida.com.ar\/portalurbano\/"},{"@type":"ListItem","position":2,"name":"Fern\u00e1ndez habilit\u00f3 por decreto que se trate proyecto de Ganancias en extraordinarias"}]},{"@type":"WebSite","@id":"https:\/\/experienciadevida.com.ar\/portalurbano\/#website","url":"https:\/\/experienciadevida.com.ar\/portalurbano\/","name":"","description":"","publisher":{"@id":"https:\/\/experienciadevida.com.ar\/portalurbano\/#organization"},"potentialAction":[{"@type":"SearchAction","target":{"@type":"EntryPoint","urlTemplate":"https:\/\/experienciadevida.com.ar\/portalurbano\/?s={search_term_string}"},"query-input":"required name=search_term_string"}],"inLanguage":"es"},{"@type":"Organization","@id":"https:\/\/experienciadevida.com.ar\/portalurbano\/#organization","name":"Portal Urbano","url":"https:\/\/experienciadevida.com.ar\/portalurbano\/","logo":{"@type":"ImageObject","inLanguage":"es","@id":"https:\/\/experienciadevida.com.ar\/portalurbano\/#\/schema\/logo\/image\/","url":"https:\/\/experienciadevida.com.ar\/portalurbano\/wp-content\/uploads\/2019\/09\/Logo-Original.png","contentUrl":"https:\/\/experienciadevida.com.ar\/portalurbano\/wp-content\/uploads\/2019\/09\/Logo-Original.png","width":2236,"height":1216,"caption":"Portal Urbano"},"image":{"@id":"https:\/\/experienciadevida.com.ar\/portalurbano\/#\/schema\/logo\/image\/"},"sameAs":["https:\/\/www.facebook.com\/Portal-Urbano-171542830093757\/","https:\/\/twitter.com\/portalurbanook","https:\/\/www.instagram.com\/_portalurbano\/","https:\/\/www.youtube.com\/channel\/UCXhagIfszH8KxFiOok79zbA?view_as=subscriber"]},{"@type":"Person","@id":"https:\/\/experienciadevida.com.ar\/portalurbano\/#\/schema\/person\/02dd326b1c4b056e9cc972486934a3a7","name":"admpu17wp","image":{"@type":"ImageObject","inLanguage":"es","@id":"https:\/\/experienciadevida.com.ar\/portalurbano\/#\/schema\/person\/image\/","url":"https:\/\/secure.gravatar.com\/avatar\/830d4c57adaae6630765e449a6908047?s=96&d=mm&r=g","contentUrl":"https:\/\/secure.gravatar.com\/avatar\/830d4c57adaae6630765e449a6908047?s=96&d=mm&r=g","caption":"admpu17wp"}}]}},"featured_image_urls":{"full":["https:\/\/experienciadevida.com.ar\/portalurbano\/wp-content\/uploads\/2021\/02\/Fernandez-habilito-por-decreto.jpg",696,464,false],"thumbnail":["https:\/\/experienciadevida.com.ar\/portalurbano\/wp-content\/uploads\/2021\/02\/Fernandez-habilito-por-decreto-150x150.jpg",150,150,true],"medium":["https:\/\/experienciadevida.com.ar\/portalurbano\/wp-content\/uploads\/2021\/02\/Fernandez-habilito-por-decreto-300x200.jpg",300,200,true],"medium_large":["https:\/\/experienciadevida.com.ar\/portalurbano\/wp-content\/uploads\/2021\/02\/Fernandez-habilito-por-decreto.jpg",640,427,false],"large":["https:\/\/experienciadevida.com.ar\/portalurbano\/wp-content\/uploads\/2021\/02\/Fernandez-habilito-por-decreto.jpg",640,427,false],"ug_big":["https:\/\/experienciadevida.com.ar\/portalurbano\/wp-content\/uploads\/2021\/02\/Fernandez-habilito-por-decreto.jpg",696,464,false],"1536x1536":["https:\/\/experienciadevida.com.ar\/portalurbano\/wp-content\/uploads\/2021\/02\/Fernandez-habilito-por-decreto.jpg",696,464,false],"2048x2048":["https:\/\/experienciadevida.com.ar\/portalurbano\/wp-content\/uploads\/2021\/02\/Fernandez-habilito-por-decreto.jpg",696,464,false],"newsever-slider-full":["https:\/\/experienciadevida.com.ar\/portalurbano\/wp-content\/uploads\/2021\/02\/Fernandez-habilito-por-decreto.jpg",696,464,false],"newsever-featured":["https:\/\/experienciadevida.com.ar\/portalurbano\/wp-content\/uploads\/2021\/02\/Fernandez-habilito-por-decreto.jpg",696,464,false],"newsever-medium":["https:\/\/experienciadevida.com.ar\/portalurbano\/wp-content\/uploads\/2021\/02\/Fernandez-habilito-por-decreto.jpg",696,464,false],"web-stories-poster-portrait":["https:\/\/experienciadevida.com.ar\/portalurbano\/wp-content\/uploads\/2021\/02\/Fernandez-habilito-por-decreto.jpg",640,427,false],"web-stories-publisher-logo":["https:\/\/experienciadevida.com.ar\/portalurbano\/wp-content\/uploads\/2021\/02\/Fernandez-habilito-por-decreto.jpg",96,64,false],"web-stories-thumbnail":["https:\/\/experienciadevida.com.ar\/portalurbano\/wp-content\/uploads\/2021\/02\/Fernandez-habilito-por-decreto.jpg",150,100,false]},"author_info":{"display_name":"admpu17wp","author_link":"https:\/\/experienciadevida.com.ar\/portalurbano\/author\/admpu17wp\/"},"category_info":"<a href=\"https:\/\/experienciadevida.com.ar\/portalurbano\/category\/nacion\/\" rel=\"category tag\">Naci\u00f3n<\/a>","tag_info":"Naci\u00f3n","comment_count":"0","amp_enabled":true,"_links":{"self":[{"href":"https:\/\/experienciadevida.com.ar\/portalurbano\/wp-json\/wp\/v2\/posts\/135383"}],"collection":[{"href":"https:\/\/experienciadevida.com.ar\/portalurbano\/wp-json\/wp\/v2\/posts"}],"about":[{"href":"https:\/\/experienciadevida.com.ar\/portalurbano\/wp-json\/wp\/v2\/types\/post"}],"author":[{"embeddable":true,"href":"https:\/\/experienciadevida.com.ar\/portalurbano\/wp-json\/wp\/v2\/users\/1"}],"replies":[{"embeddable":true,"href":"https:\/\/experienciadevida.com.ar\/portalurbano\/wp-json\/wp\/v2\/comments?post=135383"}],"version-history":[{"count":1,"href":"https:\/\/experienciadevida.com.ar\/portalurbano\/wp-json\/wp\/v2\/posts\/135383\/revisions"}],"predecessor-version":[{"id":135385,"href":"https:\/\/experienciadevida.com.ar\/portalurbano\/wp-json\/wp\/v2\/posts\/135383\/revisions\/135385"}],"wp:featuredmedia":[{"embeddable":true,"href":"https:\/\/experienciadevida.com.ar\/portalurbano\/wp-json\/wp\/v2\/media\/135384"}],"wp:attachment":[{"href":"https:\/\/experienciadevida.com.ar\/portalurbano\/wp-json\/wp\/v2\/media?parent=135383"}],"wp:term":[{"taxonomy":"category","embeddable":true,"href":"https:\/\/experienciadevida.com.ar\/portalurbano\/wp-json\/wp\/v2\/categories?post=135383"},{"taxonomy":"post_tag","embeddable":true,"href":"https:\/\/experienciadevida.com.ar\/portalurbano\/wp-json\/wp\/v2\/tags?post=135383"}],"curies":[{"name":"wp","href":"https:\/\/api.w.org\/{rel}","templated":true}]}}