{"id":135341,"date":"2021-02-17T23:42:03","date_gmt":"2021-02-18T02:42:03","guid":{"rendered":"https:\/\/experienciadevida.com.ar\/portalurbano\/?p=135341"},"modified":"2021-02-17T23:43:01","modified_gmt":"2021-02-18T02:43:01","slug":"alberto-fernandez-recibio-a-los-padres-de-ursula-bahillo","status":"publish","type":"post","link":"https:\/\/experienciadevida.com.ar\/portalurbano\/alberto-fernandez-recibio-a-los-padres-de-ursula-bahillo\/","title":{"rendered":"Alberto Fern\u00e1ndez recibi\u00f3 a los padres de \u00darsula Bahillo"},"content":{"rendered":"<p>Alberto Fern\u00e1ndez recibi\u00f3 a los padres de \u00darsula Bahillo. El presidente Alberto Fern\u00e1ndez convoc\u00f3 a Patricia Nasutti tras el femicidio ocurrido en Rojas y Ni Una Menos organiz\u00f3 una manifestaci\u00f3n en el centro porte\u00f1o.<\/p>\n<p>Alberto Fern\u00e1ndez recibi\u00f3 a los padres de \u00darsula Bahillo, en la Casa Rosada con Patricia Nasutti y Adolfo Bahillo, padres de \u00darsula Bahillo, la joven de 18 a\u00f1os que fuera v\u00edctima de femicidio en la ciudad bonaerense de Rojas el 8 de febrero \u00faltimo, por el que se encuentra acusado su ex pareja.<\/p>\n<p>El primer mandatario estuvo acompa\u00f1ado por las ministras de Mujeres, G\u00e9neros y Diversidad, Elizabeth G\u00f3mez Alcorta; de Justicia y Derechos Humanos, Marcela Losardo, y de Seguridad, Sabina Frederic.<\/p>\n<p>Por el asesinato a pu\u00f1aladas fue imputado y est\u00e1 detenido el polic\u00eda y ex pareja de la joven Mat\u00edas Mart\u00ednez, sobre quien \u00darsula ya hab\u00eda radicado varias denuncias por amenazas y actos de violencia f\u00edsica sufridos previamente.<\/p>\n<p>Alberto Fern\u00e1ndez recibi\u00f3 a los padres de \u00darsula y anunci\u00f3 el s\u00e1bado \u00faltimo que el Gobierno avanza en la creaci\u00f3n del Consejo Federal para el Abordaje de Femicidios, Travesticidios y Transfemicidios, con el objetivo de dar respuesta ante los hechos de violencia extrema contra mujeres y LGBTI.<\/p>\n<p>Adem\u00e1s, el mandatario convoc\u00f3 este mi\u00e9rcoles, mediante una carta, a todos los gobernadores del pa\u00eds a trabajar mancomunadamente y a poner todos los esfuerzos \u201cpara llevar adelante las medidas y las transformaciones que son necesarias y a construir as\u00ed, una Argentina unida contra las violencias de g\u00e9nero&#8221;.<\/p>\n<p>La agrupaci\u00f3n Ni Una Menos realiz\u00f3 una marcha en Plaza Lavalle, frente al Palacio de Tribunales, as\u00ed como todos los \u00e1mbitos judiciales de las diferentes provincias del pa\u00eds para reclamar reformas en la Justicia, con el fin de evitar nuevos episodios como el de \u00darsula Bahillo.<\/p>\n<p>La convocatoria del colectivo feminista titul\u00f3 la protesta como \u201cPor \u00darsula, por todes\u201d e invit\u00f3 a diferentes agrupaciones e individuos de todo el pa\u00eds a sumarse al reclamo.<\/p>\n<p><a href=\"https:\/\/experienciadevida.com.ar\/portalurbano\/se-movilizaron-en-la-fiscalia-por-ursula-y-contra-la-justicia\/\">La cita comenz\u00f3 a las 17 en la puerta de todos los Tribunales del pa\u00eds<\/a> y el reclamo se basa en exigir agilizaciones y mejoras en la Justicia para evitar nuevos casos como el de \u00darsula Bahillo.<\/p>\n","protected":false},"excerpt":{"rendered":"<p>Alberto Fern\u00e1ndez recibi\u00f3 a los padres de \u00darsula Bahillo. El presidente Alberto Fern\u00e1ndez convoc\u00f3 a&#8230;<\/p>\n","protected":false},"author":1,"featured_media":135342,"comment_status":"closed","ping_status":"closed","sticky":false,"template":"","format":"standard","meta":{"content-type":""},"categories":[39],"tags":[],"nelio_content":{"isAutoShareEnabled":false,"autoShareEndMode":"default","automationSources":{"useContentSentences":true,"useSocialTemplates":true,"useCustomSentences":false,"customSentences":[]},"followers":[1],"suggestedReferences":[],"includedReferences":[],"efiUrl":"","efiAlt":"","highlights":[]},"yoast_head":"<!-- This site is optimized with the Yoast SEO plugin v20.7 - https:\/\/yoast.com\/wordpress\/plugins\/seo\/ -->\n<title>Alberto Ferrn\u00e1ndez recibi\u00f3 a los padres de \u00darsula Bahillo<\/title>\n<meta name=\"description\" content=\"Alberto Fern\u00e1ndez recibi\u00f3 a los padres de \u00darsula Bahillo, convoc\u00f3 a Patricia Nasutti tras el femicidio ocurrido en Rojas.\" \/>\n<meta name=\"robots\" content=\"index, follow, max-snippet:-1, max-image-preview:large, max-video-preview:-1\" \/>\n<link rel=\"canonical\" href=\"https:\/\/experienciadevida.com.ar\/portalurbano\/alberto-fernandez-recibio-a-los-padres-de-ursula-bahillo\/\" \/>\n<meta property=\"og:locale\" content=\"es_ES\" \/>\n<meta property=\"og:type\" content=\"article\" \/>\n<meta property=\"og:title\" content=\"Alberto Ferrn\u00e1ndez recibi\u00f3 a los padres de \u00darsula Bahillo\" \/>\n<meta property=\"og:description\" content=\"Alberto Fern\u00e1ndez recibi\u00f3 a los padres de \u00darsula Bahillo, convoc\u00f3 a Patricia Nasutti tras el femicidio ocurrido en Rojas.\" \/>\n<meta property=\"og:url\" content=\"https:\/\/experienciadevida.com.ar\/portalurbano\/alberto-fernandez-recibio-a-los-padres-de-ursula-bahillo\/\" \/>\n<meta property=\"article:publisher\" content=\"https:\/\/www.facebook.com\/Portal-Urbano-171542830093757\/\" \/>\n<meta property=\"article:published_time\" content=\"2021-02-18T02:42:03+00:00\" \/>\n<meta property=\"article:modified_time\" content=\"2021-02-18T02:43:01+00:00\" \/>\n<meta property=\"og:image\" content=\"https:\/\/experienciadevida.com.ar\/portalurbano\/wp-content\/uploads\/2021\/02\/Alberto-Fernandez-recibio-a-los.jpg\" \/>\n\t<meta property=\"og:image:width\" content=\"1140\" \/>\n\t<meta property=\"og:image:height\" content=\"640\" \/>\n\t<meta property=\"og:image:type\" content=\"image\/jpeg\" \/>\n<meta name=\"author\" content=\"admpu17wp\" \/>\n<meta name=\"twitter:card\" content=\"summary_large_image\" \/>\n<meta name=\"twitter:creator\" content=\"@portalurbanook\" \/>\n<meta name=\"twitter:site\" content=\"@portalurbanook\" \/>\n<meta name=\"twitter:label1\" content=\"Escrito por\" \/>\n\t<meta name=\"twitter:data1\" content=\"admpu17wp\" \/>\n\t<meta name=\"twitter:label2\" content=\"Tiempo de lectura\" \/>\n\t<meta name=\"twitter:data2\" content=\"2 minutos\" \/>\n<script type=\"application\/ld+json\" class=\"yoast-schema-graph\">{\"@context\":\"https:\/\/schema.org\",\"@graph\":[{\"@type\":\"Article\",\"@id\":\"https:\/\/experienciadevida.com.ar\/portalurbano\/alberto-fernandez-recibio-a-los-padres-de-ursula-bahillo\/#article\",\"isPartOf\":{\"@id\":\"https:\/\/experienciadevida.com.ar\/portalurbano\/alberto-fernandez-recibio-a-los-padres-de-ursula-bahillo\/\"},\"author\":{\"name\":\"admpu17wp\",\"@id\":\"https:\/\/experienciadevida.com.ar\/portalurbano\/#\/schema\/person\/02dd326b1c4b056e9cc972486934a3a7\"},\"headline\":\"Alberto Fern\u00e1ndez recibi\u00f3 a los padres de \u00darsula Bahillo\",\"datePublished\":\"2021-02-18T02:42:03+00:00\",\"dateModified\":\"2021-02-18T02:43:01+00:00\",\"mainEntityOfPage\":{\"@id\":\"https:\/\/experienciadevida.com.ar\/portalurbano\/alberto-fernandez-recibio-a-los-padres-de-ursula-bahillo\/\"},\"wordCount\":391,\"publisher\":{\"@id\":\"https:\/\/experienciadevida.com.ar\/portalurbano\/#organization\"},\"articleSection\":[\"Naci\u00f3n\"],\"inLanguage\":\"es\"},{\"@type\":\"WebPage\",\"@id\":\"https:\/\/experienciadevida.com.ar\/portalurbano\/alberto-fernandez-recibio-a-los-padres-de-ursula-bahillo\/\",\"url\":\"https:\/\/experienciadevida.com.ar\/portalurbano\/alberto-fernandez-recibio-a-los-padres-de-ursula-bahillo\/\",\"name\":\"Alberto Ferrn\u00e1ndez recibi\u00f3 a los padres de \u00darsula Bahillo\",\"isPartOf\":{\"@id\":\"https:\/\/experienciadevida.com.ar\/portalurbano\/#website\"},\"datePublished\":\"2021-02-18T02:42:03+00:00\",\"dateModified\":\"2021-02-18T02:43:01+00:00\",\"description\":\"Alberto Fern\u00e1ndez recibi\u00f3 a los padres de \u00darsula Bahillo, convoc\u00f3 a Patricia Nasutti tras el femicidio ocurrido en Rojas.\",\"breadcrumb\":{\"@id\":\"https:\/\/experienciadevida.com.ar\/portalurbano\/alberto-fernandez-recibio-a-los-padres-de-ursula-bahillo\/#breadcrumb\"},\"inLanguage\":\"es\",\"potentialAction\":[{\"@type\":\"ReadAction\",\"target\":[\"https:\/\/experienciadevida.com.ar\/portalurbano\/alberto-fernandez-recibio-a-los-padres-de-ursula-bahillo\/\"]}]},{\"@type\":\"BreadcrumbList\",\"@id\":\"https:\/\/experienciadevida.com.ar\/portalurbano\/alberto-fernandez-recibio-a-los-padres-de-ursula-bahillo\/#breadcrumb\",\"itemListElement\":[{\"@type\":\"ListItem\",\"position\":1,\"name\":\"Portada\",\"item\":\"https:\/\/experienciadevida.com.ar\/portalurbano\/\"},{\"@type\":\"ListItem\",\"position\":2,\"name\":\"Alberto Fern\u00e1ndez recibi\u00f3 a los padres de \u00darsula Bahillo\"}]},{\"@type\":\"WebSite\",\"@id\":\"https:\/\/experienciadevida.com.ar\/portalurbano\/#website\",\"url\":\"https:\/\/experienciadevida.com.ar\/portalurbano\/\",\"name\":\"\",\"description\":\"\",\"publisher\":{\"@id\":\"https:\/\/experienciadevida.com.ar\/portalurbano\/#organization\"},\"potentialAction\":[{\"@type\":\"SearchAction\",\"target\":{\"@type\":\"EntryPoint\",\"urlTemplate\":\"https:\/\/experienciadevida.com.ar\/portalurbano\/?s={search_term_string}\"},\"query-input\":\"required name=search_term_string\"}],\"inLanguage\":\"es\"},{\"@type\":\"Organization\",\"@id\":\"https:\/\/experienciadevida.com.ar\/portalurbano\/#organization\",\"name\":\"Portal Urbano\",\"url\":\"https:\/\/experienciadevida.com.ar\/portalurbano\/\",\"logo\":{\"@type\":\"ImageObject\",\"inLanguage\":\"es\",\"@id\":\"https:\/\/experienciadevida.com.ar\/portalurbano\/#\/schema\/logo\/image\/\",\"url\":\"https:\/\/experienciadevida.com.ar\/portalurbano\/wp-content\/uploads\/2019\/09\/Logo-Original.png\",\"contentUrl\":\"https:\/\/experienciadevida.com.ar\/portalurbano\/wp-content\/uploads\/2019\/09\/Logo-Original.png\",\"width\":2236,\"height\":1216,\"caption\":\"Portal Urbano\"},\"image\":{\"@id\":\"https:\/\/experienciadevida.com.ar\/portalurbano\/#\/schema\/logo\/image\/\"},\"sameAs\":[\"https:\/\/www.facebook.com\/Portal-Urbano-171542830093757\/\",\"https:\/\/twitter.com\/portalurbanook\",\"https:\/\/www.instagram.com\/_portalurbano\/\",\"https:\/\/www.youtube.com\/channel\/UCXhagIfszH8KxFiOok79zbA?view_as=subscriber\"]},{\"@type\":\"Person\",\"@id\":\"https:\/\/experienciadevida.com.ar\/portalurbano\/#\/schema\/person\/02dd326b1c4b056e9cc972486934a3a7\",\"name\":\"admpu17wp\",\"image\":{\"@type\":\"ImageObject\",\"inLanguage\":\"es\",\"@id\":\"https:\/\/experienciadevida.com.ar\/portalurbano\/#\/schema\/person\/image\/\",\"url\":\"https:\/\/secure.gravatar.com\/avatar\/830d4c57adaae6630765e449a6908047?s=96&d=mm&r=g\",\"contentUrl\":\"https:\/\/secure.gravatar.com\/avatar\/830d4c57adaae6630765e449a6908047?s=96&d=mm&r=g\",\"caption\":\"admpu17wp\"}}]}<\/script>\n<!-- \/ Yoast SEO plugin. -->","yoast_head_json":{"title":"Alberto Ferrn\u00e1ndez recibi\u00f3 a los padres de \u00darsula Bahillo","description":"Alberto Fern\u00e1ndez recibi\u00f3 a los padres de \u00darsula Bahillo, convoc\u00f3 a Patricia Nasutti tras el femicidio ocurrido en Rojas.","robots":{"index":"index","follow":"follow","max-snippet":"max-snippet:-1","max-image-preview":"max-image-preview:large","max-video-preview":"max-video-preview:-1"},"canonical":"https:\/\/experienciadevida.com.ar\/portalurbano\/alberto-fernandez-recibio-a-los-padres-de-ursula-bahillo\/","og_locale":"es_ES","og_type":"article","og_title":"Alberto Ferrn\u00e1ndez recibi\u00f3 a los padres de \u00darsula Bahillo","og_description":"Alberto Fern\u00e1ndez recibi\u00f3 a los padres de \u00darsula Bahillo, convoc\u00f3 a Patricia Nasutti tras el femicidio ocurrido en Rojas.","og_url":"https:\/\/experienciadevida.com.ar\/portalurbano\/alberto-fernandez-recibio-a-los-padres-de-ursula-bahillo\/","article_publisher":"https:\/\/www.facebook.com\/Portal-Urbano-171542830093757\/","article_published_time":"2021-02-18T02:42:03+00:00","article_modified_time":"2021-02-18T02:43:01+00:00","og_image":[{"width":1140,"height":640,"url":"https:\/\/experienciadevida.com.ar\/portalurbano\/wp-content\/uploads\/2021\/02\/Alberto-Fernandez-recibio-a-los.jpg","type":"image\/jpeg"}],"author":"admpu17wp","twitter_card":"summary_large_image","twitter_creator":"@portalurbanook","twitter_site":"@portalurbanook","twitter_misc":{"Escrito por":"admpu17wp","Tiempo de lectura":"2 minutos"},"schema":{"@context":"https:\/\/schema.org","@graph":[{"@type":"Article","@id":"https:\/\/experienciadevida.com.ar\/portalurbano\/alberto-fernandez-recibio-a-los-padres-de-ursula-bahillo\/#article","isPartOf":{"@id":"https:\/\/experienciadevida.com.ar\/portalurbano\/alberto-fernandez-recibio-a-los-padres-de-ursula-bahillo\/"},"author":{"name":"admpu17wp","@id":"https:\/\/experienciadevida.com.ar\/portalurbano\/#\/schema\/person\/02dd326b1c4b056e9cc972486934a3a7"},"headline":"Alberto Fern\u00e1ndez recibi\u00f3 a los padres de \u00darsula Bahillo","datePublished":"2021-02-18T02:42:03+00:00","dateModified":"2021-02-18T02:43:01+00:00","mainEntityOfPage":{"@id":"https:\/\/experienciadevida.com.ar\/portalurbano\/alberto-fernandez-recibio-a-los-padres-de-ursula-bahillo\/"},"wordCount":391,"publisher":{"@id":"https:\/\/experienciadevida.com.ar\/portalurbano\/#organization"},"articleSection":["Naci\u00f3n"],"inLanguage":"es"},{"@type":"WebPage","@id":"https:\/\/experienciadevida.com.ar\/portalurbano\/alberto-fernandez-recibio-a-los-padres-de-ursula-bahillo\/","url":"https:\/\/experienciadevida.com.ar\/portalurbano\/alberto-fernandez-recibio-a-los-padres-de-ursula-bahillo\/","name":"Alberto Ferrn\u00e1ndez recibi\u00f3 a los padres de \u00darsula Bahillo","isPartOf":{"@id":"https:\/\/experienciadevida.com.ar\/portalurbano\/#website"},"datePublished":"2021-02-18T02:42:03+00:00","dateModified":"2021-02-18T02:43:01+00:00","description":"Alberto Fern\u00e1ndez recibi\u00f3 a los padres de \u00darsula Bahillo, convoc\u00f3 a Patricia Nasutti tras el femicidio ocurrido en Rojas.","breadcrumb":{"@id":"https:\/\/experienciadevida.com.ar\/portalurbano\/alberto-fernandez-recibio-a-los-padres-de-ursula-bahillo\/#breadcrumb"},"inLanguage":"es","potentialAction":[{"@type":"ReadAction","target":["https:\/\/experienciadevida.com.ar\/portalurbano\/alberto-fernandez-recibio-a-los-padres-de-ursula-bahillo\/"]}]},{"@type":"BreadcrumbList","@id":"https:\/\/experienciadevida.com.ar\/portalurbano\/alberto-fernandez-recibio-a-los-padres-de-ursula-bahillo\/#breadcrumb","itemListElement":[{"@type":"ListItem","position":1,"name":"Portada","item":"https:\/\/experienciadevida.com.ar\/portalurbano\/"},{"@type":"ListItem","position":2,"name":"Alberto Fern\u00e1ndez recibi\u00f3 a los padres de \u00darsula Bahillo"}]},{"@type":"WebSite","@id":"https:\/\/experienciadevida.com.ar\/portalurbano\/#website","url":"https:\/\/experienciadevida.com.ar\/portalurbano\/","name":"","description":"","publisher":{"@id":"https:\/\/experienciadevida.com.ar\/portalurbano\/#organization"},"potentialAction":[{"@type":"SearchAction","target":{"@type":"EntryPoint","urlTemplate":"https:\/\/experienciadevida.com.ar\/portalurbano\/?s={search_term_string}"},"query-input":"required name=search_term_string"}],"inLanguage":"es"},{"@type":"Organization","@id":"https:\/\/experienciadevida.com.ar\/portalurbano\/#organization","name":"Portal Urbano","url":"https:\/\/experienciadevida.com.ar\/portalurbano\/","logo":{"@type":"ImageObject","inLanguage":"es","@id":"https:\/\/experienciadevida.com.ar\/portalurbano\/#\/schema\/logo\/image\/","url":"https:\/\/experienciadevida.com.ar\/portalurbano\/wp-content\/uploads\/2019\/09\/Logo-Original.png","contentUrl":"https:\/\/experienciadevida.com.ar\/portalurbano\/wp-content\/uploads\/2019\/09\/Logo-Original.png","width":2236,"height":1216,"caption":"Portal Urbano"},"image":{"@id":"https:\/\/experienciadevida.com.ar\/portalurbano\/#\/schema\/logo\/image\/"},"sameAs":["https:\/\/www.facebook.com\/Portal-Urbano-171542830093757\/","https:\/\/twitter.com\/portalurbanook","https:\/\/www.instagram.com\/_portalurbano\/","https:\/\/www.youtube.com\/channel\/UCXhagIfszH8KxFiOok79zbA?view_as=subscriber"]},{"@type":"Person","@id":"https:\/\/experienciadevida.com.ar\/portalurbano\/#\/schema\/person\/02dd326b1c4b056e9cc972486934a3a7","name":"admpu17wp","image":{"@type":"ImageObject","inLanguage":"es","@id":"https:\/\/experienciadevida.com.ar\/portalurbano\/#\/schema\/person\/image\/","url":"https:\/\/secure.gravatar.com\/avatar\/830d4c57adaae6630765e449a6908047?s=96&d=mm&r=g","contentUrl":"https:\/\/secure.gravatar.com\/avatar\/830d4c57adaae6630765e449a6908047?s=96&d=mm&r=g","caption":"admpu17wp"}}]}},"featured_image_urls":{"full":["https:\/\/experienciadevida.com.ar\/portalurbano\/wp-content\/uploads\/2021\/02\/Alberto-Fernandez-recibio-a-los.jpg",1140,640,false],"thumbnail":["https:\/\/experienciadevida.com.ar\/portalurbano\/wp-content\/uploads\/2021\/02\/Alberto-Fernandez-recibio-a-los-150x150.jpg",150,150,true],"medium":["https:\/\/experienciadevida.com.ar\/portalurbano\/wp-content\/uploads\/2021\/02\/Alberto-Fernandez-recibio-a-los-300x168.jpg",300,168,true],"medium_large":["https:\/\/experienciadevida.com.ar\/portalurbano\/wp-content\/uploads\/2021\/02\/Alberto-Fernandez-recibio-a-los-768x431.jpg",640,359,true],"large":["https:\/\/experienciadevida.com.ar\/portalurbano\/wp-content\/uploads\/2021\/02\/Alberto-Fernandez-recibio-a-los-1024x575.jpg",640,359,true],"ug_big":["https:\/\/experienciadevida.com.ar\/portalurbano\/wp-content\/uploads\/2021\/02\/Alberto-Fernandez-recibio-a-los-768x431.jpg",768,431,true],"1536x1536":["https:\/\/experienciadevida.com.ar\/portalurbano\/wp-content\/uploads\/2021\/02\/Alberto-Fernandez-recibio-a-los.jpg",1140,640,false],"2048x2048":["https:\/\/experienciadevida.com.ar\/portalurbano\/wp-content\/uploads\/2021\/02\/Alberto-Fernandez-recibio-a-los.jpg",1140,640,false],"newsever-slider-full":["https:\/\/experienciadevida.com.ar\/portalurbano\/wp-content\/uploads\/2021\/02\/Alberto-Fernandez-recibio-a-los.jpg",1140,640,false],"newsever-featured":["https:\/\/experienciadevida.com.ar\/portalurbano\/wp-content\/uploads\/2021\/02\/Alberto-Fernandez-recibio-a-los.jpg",1024,575,false],"newsever-medium":["https:\/\/experienciadevida.com.ar\/portalurbano\/wp-content\/uploads\/2021\/02\/Alberto-Fernandez-recibio-a-los.jpg",720,404,false],"web-stories-poster-portrait":["https:\/\/experienciadevida.com.ar\/portalurbano\/wp-content\/uploads\/2021\/02\/Alberto-Fernandez-recibio-a-los.jpg",640,359,false],"web-stories-publisher-logo":["https:\/\/experienciadevida.com.ar\/portalurbano\/wp-content\/uploads\/2021\/02\/Alberto-Fernandez-recibio-a-los.jpg",96,54,false],"web-stories-thumbnail":["https:\/\/experienciadevida.com.ar\/portalurbano\/wp-content\/uploads\/2021\/02\/Alberto-Fernandez-recibio-a-los.jpg",150,84,false]},"author_info":{"display_name":"admpu17wp","author_link":"https:\/\/experienciadevida.com.ar\/portalurbano\/author\/admpu17wp\/"},"category_info":"<a href=\"https:\/\/experienciadevida.com.ar\/portalurbano\/category\/nacion\/\" rel=\"category tag\">Naci\u00f3n<\/a>","tag_info":"Naci\u00f3n","comment_count":"0","amp_enabled":true,"_links":{"self":[{"href":"https:\/\/experienciadevida.com.ar\/portalurbano\/wp-json\/wp\/v2\/posts\/135341"}],"collection":[{"href":"https:\/\/experienciadevida.com.ar\/portalurbano\/wp-json\/wp\/v2\/posts"}],"about":[{"href":"https:\/\/experienciadevida.com.ar\/portalurbano\/wp-json\/wp\/v2\/types\/post"}],"author":[{"embeddable":true,"href":"https:\/\/experienciadevida.com.ar\/portalurbano\/wp-json\/wp\/v2\/users\/1"}],"replies":[{"embeddable":true,"href":"https:\/\/experienciadevida.com.ar\/portalurbano\/wp-json\/wp\/v2\/comments?post=135341"}],"version-history":[{"count":1,"href":"https:\/\/experienciadevida.com.ar\/portalurbano\/wp-json\/wp\/v2\/posts\/135341\/revisions"}],"predecessor-version":[{"id":135343,"href":"https:\/\/experienciadevida.com.ar\/portalurbano\/wp-json\/wp\/v2\/posts\/135341\/revisions\/135343"}],"wp:featuredmedia":[{"embeddable":true,"href":"https:\/\/experienciadevida.com.ar\/portalurbano\/wp-json\/wp\/v2\/media\/135342"}],"wp:attachment":[{"href":"https:\/\/experienciadevida.com.ar\/portalurbano\/wp-json\/wp\/v2\/media?parent=135341"}],"wp:term":[{"taxonomy":"category","embeddable":true,"href":"https:\/\/experienciadevida.com.ar\/portalurbano\/wp-json\/wp\/v2\/categories?post=135341"},{"taxonomy":"post_tag","embeddable":true,"href":"https:\/\/experienciadevida.com.ar\/portalurbano\/wp-json\/wp\/v2\/tags?post=135341"}],"curies":[{"name":"wp","href":"https:\/\/api.w.org\/{rel}","templated":true}]}}