{"id":135335,"date":"2021-02-17T23:30:55","date_gmt":"2021-02-18T02:30:55","guid":{"rendered":"https:\/\/experienciadevida.com.ar\/portalurbano\/?p=135335"},"modified":"2021-02-17T23:35:16","modified_gmt":"2021-02-18T02:35:16","slug":"mujeres-y-disidencias-del-frente-de-todos-debatieron-sobre-la-reforma-judicial","status":"publish","type":"post","link":"https:\/\/experienciadevida.com.ar\/portalurbano\/mujeres-y-disidencias-del-frente-de-todos-debatieron-sobre-la-reforma-judicial\/","title":{"rendered":"Mujeres y disidencias del frente de Todos debatieron sobre la reforma judicial"},"content":{"rendered":"<p>Mujeres y disidencias del frente de Todos debatieron sobre la reforma judicial. Ante los \u00faltimos femicidios en nuestro pa\u00eds, Mujeres y Disidencias del Frente de todos se reunieron para reflexionar sobre las limitaciones con<br \/>\nlas que\u00a0 se encuentran las mujeres a la hora de denunciar la violencia de g\u00e9nero. En ese sentido sostienen la importancia de una reforma judicial, que necesariamente debe ser feminista y con perspectiva de derechos.<\/p>\n<p>&#8220;Apuntamos a la creaci\u00f3n de mecanismos que permitan un abordaje integral de las violencias; lo que implica una real articulaci\u00f3n entre quienes reciben en primera instancia estas situaciones y quienes tienen el deber de garantizarnos una soluci\u00f3n, ya que es una de las principales dificultades con la que nos encontramos. Por otro lado comenzamos a generar una agenda de trabajo en com\u00fan que tiene como eje seguir sosteniendo nuestra militancia en el territorio y en la calle con las compa\u00f1eras, en los \u00e1mbitos de toma de decisiones como el Concejo Deliberante y las secretar\u00edas de los Ministerios con el objetivo de seguir fortaleciendo las redes de cuidado y acompa\u00f1amiento que hemos creado&#8221;.<\/p>\n<p>Por \u00faltimo, mujeres y disidencias del Frente de Todos mencionaron &#8220;en el \u00e1mbito local, como espacio pol\u00edtico, tenemos un rol activo en la b\u00fasqueda de justicia, igualdad y de la eliminaci\u00f3n de todo tipo de violencia hacia las mujeres y disidencias, por eso creemos en la diversidad de voces que componen este frente y en la construcci\u00f3n colectiva de estrategias que nos garanticen una mejor calidad de vida&#8221;.<\/p>\n<p>&#8220;Justicia por \u00darsula y por los 46 femicidios y travesticidios&#8221;.<\/p>\n<p>&nbsp;<\/p>\n","protected":false},"excerpt":{"rendered":"<p>Mujeres y disidencias del frente de Todos debatieron sobre la reforma judicial. Ante los \u00faltimos&#8230;<\/p>\n","protected":false},"author":1,"featured_media":135336,"comment_status":"closed","ping_status":"closed","sticky":false,"template":"","format":"standard","meta":{"content-type":""},"categories":[27,51],"tags":[],"nelio_content":{"isAutoShareEnabled":false,"autoShareEndMode":"default","automationSources":{"useContentSentences":true,"useSocialTemplates":true,"useCustomSentences":false,"customSentences":[]},"followers":[1],"suggestedReferences":[],"includedReferences":[],"efiUrl":"","efiAlt":"","highlights":[]},"yoast_head":"<!-- This site is optimized with the Yoast SEO plugin v20.7 - https:\/\/yoast.com\/wordpress\/plugins\/seo\/ -->\n<title>Mujeres y disidencias del Frente de Todos debatieron la reforma judicial<\/title>\n<meta name=\"description\" content=\"Mujeres y disidencias del frente de Todos debatieron sobre la reforma judicial. Ante los \u00faltimos femicidios en nuestro pa\u00eds.\" \/>\n<meta name=\"robots\" content=\"index, follow, max-snippet:-1, max-image-preview:large, max-video-preview:-1\" \/>\n<link rel=\"canonical\" href=\"https:\/\/experienciadevida.com.ar\/portalurbano\/mujeres-y-disidencias-del-frente-de-todos-debatieron-sobre-la-reforma-judicial\/\" \/>\n<meta property=\"og:locale\" content=\"es_ES\" \/>\n<meta property=\"og:type\" content=\"article\" \/>\n<meta property=\"og:title\" content=\"Mujeres y disidencias del Frente de Todos debatieron la reforma judicial\" \/>\n<meta property=\"og:description\" content=\"Mujeres y disidencias del frente de Todos debatieron sobre la reforma judicial. Ante los \u00faltimos femicidios en nuestro pa\u00eds.\" \/>\n<meta property=\"og:url\" content=\"https:\/\/experienciadevida.com.ar\/portalurbano\/mujeres-y-disidencias-del-frente-de-todos-debatieron-sobre-la-reforma-judicial\/\" \/>\n<meta property=\"article:publisher\" content=\"https:\/\/www.facebook.com\/Portal-Urbano-171542830093757\/\" \/>\n<meta property=\"article:published_time\" content=\"2021-02-18T02:30:55+00:00\" \/>\n<meta property=\"article:modified_time\" content=\"2021-02-18T02:35:16+00:00\" \/>\n<meta property=\"og:image\" content=\"https:\/\/experienciadevida.com.ar\/portalurbano\/wp-content\/uploads\/2021\/02\/Mujeres-y-disidencias-del-frente.jpeg\" \/>\n\t<meta property=\"og:image:width\" content=\"1032\" \/>\n\t<meta property=\"og:image:height\" content=\"774\" \/>\n\t<meta property=\"og:image:type\" content=\"image\/jpeg\" \/>\n<meta name=\"author\" content=\"admpu17wp\" \/>\n<meta name=\"twitter:card\" content=\"summary_large_image\" \/>\n<meta name=\"twitter:creator\" content=\"@portalurbanook\" \/>\n<meta name=\"twitter:site\" content=\"@portalurbanook\" \/>\n<meta name=\"twitter:label1\" content=\"Escrito por\" \/>\n\t<meta name=\"twitter:data1\" content=\"admpu17wp\" \/>\n\t<meta name=\"twitter:label2\" content=\"Tiempo de lectura\" \/>\n\t<meta name=\"twitter:data2\" content=\"2 minutos\" \/>\n<script type=\"application\/ld+json\" class=\"yoast-schema-graph\">{\"@context\":\"https:\/\/schema.org\",\"@graph\":[{\"@type\":\"Article\",\"@id\":\"https:\/\/experienciadevida.com.ar\/portalurbano\/mujeres-y-disidencias-del-frente-de-todos-debatieron-sobre-la-reforma-judicial\/#article\",\"isPartOf\":{\"@id\":\"https:\/\/experienciadevida.com.ar\/portalurbano\/mujeres-y-disidencias-del-frente-de-todos-debatieron-sobre-la-reforma-judicial\/\"},\"author\":{\"name\":\"admpu17wp\",\"@id\":\"https:\/\/experienciadevida.com.ar\/portalurbano\/#\/schema\/person\/02dd326b1c4b056e9cc972486934a3a7\"},\"headline\":\"Mujeres y disidencias del frente de Todos debatieron sobre la reforma judicial\",\"datePublished\":\"2021-02-18T02:30:55+00:00\",\"dateModified\":\"2021-02-18T02:35:16+00:00\",\"mainEntityOfPage\":{\"@id\":\"https:\/\/experienciadevida.com.ar\/portalurbano\/mujeres-y-disidencias-del-frente-de-todos-debatieron-sobre-la-reforma-judicial\/\"},\"wordCount\":284,\"publisher\":{\"@id\":\"https:\/\/experienciadevida.com.ar\/portalurbano\/#organization\"},\"articleSection\":[\"Ciudad\",\"Destacadas\"],\"inLanguage\":\"es\"},{\"@type\":\"WebPage\",\"@id\":\"https:\/\/experienciadevida.com.ar\/portalurbano\/mujeres-y-disidencias-del-frente-de-todos-debatieron-sobre-la-reforma-judicial\/\",\"url\":\"https:\/\/experienciadevida.com.ar\/portalurbano\/mujeres-y-disidencias-del-frente-de-todos-debatieron-sobre-la-reforma-judicial\/\",\"name\":\"Mujeres y disidencias del Frente de Todos debatieron la reforma judicial\",\"isPartOf\":{\"@id\":\"https:\/\/experienciadevida.com.ar\/portalurbano\/#website\"},\"datePublished\":\"2021-02-18T02:30:55+00:00\",\"dateModified\":\"2021-02-18T02:35:16+00:00\",\"description\":\"Mujeres y disidencias del frente de Todos debatieron sobre la reforma judicial. Ante los \u00faltimos femicidios en nuestro pa\u00eds.\",\"breadcrumb\":{\"@id\":\"https:\/\/experienciadevida.com.ar\/portalurbano\/mujeres-y-disidencias-del-frente-de-todos-debatieron-sobre-la-reforma-judicial\/#breadcrumb\"},\"inLanguage\":\"es\",\"potentialAction\":[{\"@type\":\"ReadAction\",\"target\":[\"https:\/\/experienciadevida.com.ar\/portalurbano\/mujeres-y-disidencias-del-frente-de-todos-debatieron-sobre-la-reforma-judicial\/\"]}]},{\"@type\":\"BreadcrumbList\",\"@id\":\"https:\/\/experienciadevida.com.ar\/portalurbano\/mujeres-y-disidencias-del-frente-de-todos-debatieron-sobre-la-reforma-judicial\/#breadcrumb\",\"itemListElement\":[{\"@type\":\"ListItem\",\"position\":1,\"name\":\"Portada\",\"item\":\"https:\/\/experienciadevida.com.ar\/portalurbano\/\"},{\"@type\":\"ListItem\",\"position\":2,\"name\":\"Mujeres y disidencias del frente de Todos debatieron sobre la reforma judicial\"}]},{\"@type\":\"WebSite\",\"@id\":\"https:\/\/experienciadevida.com.ar\/portalurbano\/#website\",\"url\":\"https:\/\/experienciadevida.com.ar\/portalurbano\/\",\"name\":\"\",\"description\":\"\",\"publisher\":{\"@id\":\"https:\/\/experienciadevida.com.ar\/portalurbano\/#organization\"},\"potentialAction\":[{\"@type\":\"SearchAction\",\"target\":{\"@type\":\"EntryPoint\",\"urlTemplate\":\"https:\/\/experienciadevida.com.ar\/portalurbano\/?s={search_term_string}\"},\"query-input\":\"required name=search_term_string\"}],\"inLanguage\":\"es\"},{\"@type\":\"Organization\",\"@id\":\"https:\/\/experienciadevida.com.ar\/portalurbano\/#organization\",\"name\":\"Portal Urbano\",\"url\":\"https:\/\/experienciadevida.com.ar\/portalurbano\/\",\"logo\":{\"@type\":\"ImageObject\",\"inLanguage\":\"es\",\"@id\":\"https:\/\/experienciadevida.com.ar\/portalurbano\/#\/schema\/logo\/image\/\",\"url\":\"https:\/\/experienciadevida.com.ar\/portalurbano\/wp-content\/uploads\/2019\/09\/Logo-Original.png\",\"contentUrl\":\"https:\/\/experienciadevida.com.ar\/portalurbano\/wp-content\/uploads\/2019\/09\/Logo-Original.png\",\"width\":2236,\"height\":1216,\"caption\":\"Portal Urbano\"},\"image\":{\"@id\":\"https:\/\/experienciadevida.com.ar\/portalurbano\/#\/schema\/logo\/image\/\"},\"sameAs\":[\"https:\/\/www.facebook.com\/Portal-Urbano-171542830093757\/\",\"https:\/\/twitter.com\/portalurbanook\",\"https:\/\/www.instagram.com\/_portalurbano\/\",\"https:\/\/www.youtube.com\/channel\/UCXhagIfszH8KxFiOok79zbA?view_as=subscriber\"]},{\"@type\":\"Person\",\"@id\":\"https:\/\/experienciadevida.com.ar\/portalurbano\/#\/schema\/person\/02dd326b1c4b056e9cc972486934a3a7\",\"name\":\"admpu17wp\",\"image\":{\"@type\":\"ImageObject\",\"inLanguage\":\"es\",\"@id\":\"https:\/\/experienciadevida.com.ar\/portalurbano\/#\/schema\/person\/image\/\",\"url\":\"https:\/\/secure.gravatar.com\/avatar\/830d4c57adaae6630765e449a6908047?s=96&d=mm&r=g\",\"contentUrl\":\"https:\/\/secure.gravatar.com\/avatar\/830d4c57adaae6630765e449a6908047?s=96&d=mm&r=g\",\"caption\":\"admpu17wp\"}}]}<\/script>\n<!-- \/ Yoast SEO plugin. -->","yoast_head_json":{"title":"Mujeres y disidencias del Frente de Todos debatieron la reforma judicial","description":"Mujeres y disidencias del frente de Todos debatieron sobre la reforma judicial. Ante los \u00faltimos femicidios en nuestro pa\u00eds.","robots":{"index":"index","follow":"follow","max-snippet":"max-snippet:-1","max-image-preview":"max-image-preview:large","max-video-preview":"max-video-preview:-1"},"canonical":"https:\/\/experienciadevida.com.ar\/portalurbano\/mujeres-y-disidencias-del-frente-de-todos-debatieron-sobre-la-reforma-judicial\/","og_locale":"es_ES","og_type":"article","og_title":"Mujeres y disidencias del Frente de Todos debatieron la reforma judicial","og_description":"Mujeres y disidencias del frente de Todos debatieron sobre la reforma judicial. Ante los \u00faltimos femicidios en nuestro pa\u00eds.","og_url":"https:\/\/experienciadevida.com.ar\/portalurbano\/mujeres-y-disidencias-del-frente-de-todos-debatieron-sobre-la-reforma-judicial\/","article_publisher":"https:\/\/www.facebook.com\/Portal-Urbano-171542830093757\/","article_published_time":"2021-02-18T02:30:55+00:00","article_modified_time":"2021-02-18T02:35:16+00:00","og_image":[{"width":1032,"height":774,"url":"https:\/\/experienciadevida.com.ar\/portalurbano\/wp-content\/uploads\/2021\/02\/Mujeres-y-disidencias-del-frente.jpeg","type":"image\/jpeg"}],"author":"admpu17wp","twitter_card":"summary_large_image","twitter_creator":"@portalurbanook","twitter_site":"@portalurbanook","twitter_misc":{"Escrito por":"admpu17wp","Tiempo de lectura":"2 minutos"},"schema":{"@context":"https:\/\/schema.org","@graph":[{"@type":"Article","@id":"https:\/\/experienciadevida.com.ar\/portalurbano\/mujeres-y-disidencias-del-frente-de-todos-debatieron-sobre-la-reforma-judicial\/#article","isPartOf":{"@id":"https:\/\/experienciadevida.com.ar\/portalurbano\/mujeres-y-disidencias-del-frente-de-todos-debatieron-sobre-la-reforma-judicial\/"},"author":{"name":"admpu17wp","@id":"https:\/\/experienciadevida.com.ar\/portalurbano\/#\/schema\/person\/02dd326b1c4b056e9cc972486934a3a7"},"headline":"Mujeres y disidencias del frente de Todos debatieron sobre la reforma judicial","datePublished":"2021-02-18T02:30:55+00:00","dateModified":"2021-02-18T02:35:16+00:00","mainEntityOfPage":{"@id":"https:\/\/experienciadevida.com.ar\/portalurbano\/mujeres-y-disidencias-del-frente-de-todos-debatieron-sobre-la-reforma-judicial\/"},"wordCount":284,"publisher":{"@id":"https:\/\/experienciadevida.com.ar\/portalurbano\/#organization"},"articleSection":["Ciudad","Destacadas"],"inLanguage":"es"},{"@type":"WebPage","@id":"https:\/\/experienciadevida.com.ar\/portalurbano\/mujeres-y-disidencias-del-frente-de-todos-debatieron-sobre-la-reforma-judicial\/","url":"https:\/\/experienciadevida.com.ar\/portalurbano\/mujeres-y-disidencias-del-frente-de-todos-debatieron-sobre-la-reforma-judicial\/","name":"Mujeres y disidencias del Frente de Todos debatieron la reforma judicial","isPartOf":{"@id":"https:\/\/experienciadevida.com.ar\/portalurbano\/#website"},"datePublished":"2021-02-18T02:30:55+00:00","dateModified":"2021-02-18T02:35:16+00:00","description":"Mujeres y disidencias del frente de Todos debatieron sobre la reforma judicial. Ante los \u00faltimos femicidios en nuestro pa\u00eds.","breadcrumb":{"@id":"https:\/\/experienciadevida.com.ar\/portalurbano\/mujeres-y-disidencias-del-frente-de-todos-debatieron-sobre-la-reforma-judicial\/#breadcrumb"},"inLanguage":"es","potentialAction":[{"@type":"ReadAction","target":["https:\/\/experienciadevida.com.ar\/portalurbano\/mujeres-y-disidencias-del-frente-de-todos-debatieron-sobre-la-reforma-judicial\/"]}]},{"@type":"BreadcrumbList","@id":"https:\/\/experienciadevida.com.ar\/portalurbano\/mujeres-y-disidencias-del-frente-de-todos-debatieron-sobre-la-reforma-judicial\/#breadcrumb","itemListElement":[{"@type":"ListItem","position":1,"name":"Portada","item":"https:\/\/experienciadevida.com.ar\/portalurbano\/"},{"@type":"ListItem","position":2,"name":"Mujeres y disidencias del frente de Todos debatieron sobre la reforma judicial"}]},{"@type":"WebSite","@id":"https:\/\/experienciadevida.com.ar\/portalurbano\/#website","url":"https:\/\/experienciadevida.com.ar\/portalurbano\/","name":"","description":"","publisher":{"@id":"https:\/\/experienciadevida.com.ar\/portalurbano\/#organization"},"potentialAction":[{"@type":"SearchAction","target":{"@type":"EntryPoint","urlTemplate":"https:\/\/experienciadevida.com.ar\/portalurbano\/?s={search_term_string}"},"query-input":"required name=search_term_string"}],"inLanguage":"es"},{"@type":"Organization","@id":"https:\/\/experienciadevida.com.ar\/portalurbano\/#organization","name":"Portal Urbano","url":"https:\/\/experienciadevida.com.ar\/portalurbano\/","logo":{"@type":"ImageObject","inLanguage":"es","@id":"https:\/\/experienciadevida.com.ar\/portalurbano\/#\/schema\/logo\/image\/","url":"https:\/\/experienciadevida.com.ar\/portalurbano\/wp-content\/uploads\/2019\/09\/Logo-Original.png","contentUrl":"https:\/\/experienciadevida.com.ar\/portalurbano\/wp-content\/uploads\/2019\/09\/Logo-Original.png","width":2236,"height":1216,"caption":"Portal Urbano"},"image":{"@id":"https:\/\/experienciadevida.com.ar\/portalurbano\/#\/schema\/logo\/image\/"},"sameAs":["https:\/\/www.facebook.com\/Portal-Urbano-171542830093757\/","https:\/\/twitter.com\/portalurbanook","https:\/\/www.instagram.com\/_portalurbano\/","https:\/\/www.youtube.com\/channel\/UCXhagIfszH8KxFiOok79zbA?view_as=subscriber"]},{"@type":"Person","@id":"https:\/\/experienciadevida.com.ar\/portalurbano\/#\/schema\/person\/02dd326b1c4b056e9cc972486934a3a7","name":"admpu17wp","image":{"@type":"ImageObject","inLanguage":"es","@id":"https:\/\/experienciadevida.com.ar\/portalurbano\/#\/schema\/person\/image\/","url":"https:\/\/secure.gravatar.com\/avatar\/830d4c57adaae6630765e449a6908047?s=96&d=mm&r=g","contentUrl":"https:\/\/secure.gravatar.com\/avatar\/830d4c57adaae6630765e449a6908047?s=96&d=mm&r=g","caption":"admpu17wp"}}]}},"featured_image_urls":{"full":["https:\/\/experienciadevida.com.ar\/portalurbano\/wp-content\/uploads\/2021\/02\/Mujeres-y-disidencias-del-frente.jpeg",1032,774,false],"thumbnail":["https:\/\/experienciadevida.com.ar\/portalurbano\/wp-content\/uploads\/2021\/02\/Mujeres-y-disidencias-del-frente-150x150.jpeg",150,150,true],"medium":["https:\/\/experienciadevida.com.ar\/portalurbano\/wp-content\/uploads\/2021\/02\/Mujeres-y-disidencias-del-frente-300x225.jpeg",300,225,true],"medium_large":["https:\/\/experienciadevida.com.ar\/portalurbano\/wp-content\/uploads\/2021\/02\/Mujeres-y-disidencias-del-frente-768x576.jpeg",640,480,true],"large":["https:\/\/experienciadevida.com.ar\/portalurbano\/wp-content\/uploads\/2021\/02\/Mujeres-y-disidencias-del-frente-1024x768.jpeg",640,480,true],"ug_big":["https:\/\/experienciadevida.com.ar\/portalurbano\/wp-content\/uploads\/2021\/02\/Mujeres-y-disidencias-del-frente-768x576.jpeg",768,576,true],"1536x1536":["https:\/\/experienciadevida.com.ar\/portalurbano\/wp-content\/uploads\/2021\/02\/Mujeres-y-disidencias-del-frente.jpeg",1032,774,false],"2048x2048":["https:\/\/experienciadevida.com.ar\/portalurbano\/wp-content\/uploads\/2021\/02\/Mujeres-y-disidencias-del-frente.jpeg",1032,774,false],"newsever-slider-full":["https:\/\/experienciadevida.com.ar\/portalurbano\/wp-content\/uploads\/2021\/02\/Mujeres-y-disidencias-del-frente.jpeg",1032,774,false],"newsever-featured":["https:\/\/experienciadevida.com.ar\/portalurbano\/wp-content\/uploads\/2021\/02\/Mujeres-y-disidencias-del-frente.jpeg",1024,768,false],"newsever-medium":["https:\/\/experienciadevida.com.ar\/portalurbano\/wp-content\/uploads\/2021\/02\/Mujeres-y-disidencias-del-frente.jpeg",633,475,false],"web-stories-poster-portrait":["https:\/\/experienciadevida.com.ar\/portalurbano\/wp-content\/uploads\/2021\/02\/Mujeres-y-disidencias-del-frente.jpeg",640,480,false],"web-stories-publisher-logo":["https:\/\/experienciadevida.com.ar\/portalurbano\/wp-content\/uploads\/2021\/02\/Mujeres-y-disidencias-del-frente.jpeg",96,72,false],"web-stories-thumbnail":["https:\/\/experienciadevida.com.ar\/portalurbano\/wp-content\/uploads\/2021\/02\/Mujeres-y-disidencias-del-frente.jpeg",150,113,false]},"author_info":{"display_name":"admpu17wp","author_link":"https:\/\/experienciadevida.com.ar\/portalurbano\/author\/admpu17wp\/"},"category_info":"<a href=\"https:\/\/experienciadevida.com.ar\/portalurbano\/category\/ciudad\/\" rel=\"category tag\">Ciudad<\/a> <a href=\"https:\/\/experienciadevida.com.ar\/portalurbano\/category\/destacadas\/\" rel=\"category tag\">Destacadas<\/a>","tag_info":"Destacadas","comment_count":"0","amp_enabled":true,"_links":{"self":[{"href":"https:\/\/experienciadevida.com.ar\/portalurbano\/wp-json\/wp\/v2\/posts\/135335"}],"collection":[{"href":"https:\/\/experienciadevida.com.ar\/portalurbano\/wp-json\/wp\/v2\/posts"}],"about":[{"href":"https:\/\/experienciadevida.com.ar\/portalurbano\/wp-json\/wp\/v2\/types\/post"}],"author":[{"embeddable":true,"href":"https:\/\/experienciadevida.com.ar\/portalurbano\/wp-json\/wp\/v2\/users\/1"}],"replies":[{"embeddable":true,"href":"https:\/\/experienciadevida.com.ar\/portalurbano\/wp-json\/wp\/v2\/comments?post=135335"}],"version-history":[{"count":2,"href":"https:\/\/experienciadevida.com.ar\/portalurbano\/wp-json\/wp\/v2\/posts\/135335\/revisions"}],"predecessor-version":[{"id":135338,"href":"https:\/\/experienciadevida.com.ar\/portalurbano\/wp-json\/wp\/v2\/posts\/135335\/revisions\/135338"}],"wp:featuredmedia":[{"embeddable":true,"href":"https:\/\/experienciadevida.com.ar\/portalurbano\/wp-json\/wp\/v2\/media\/135336"}],"wp:attachment":[{"href":"https:\/\/experienciadevida.com.ar\/portalurbano\/wp-json\/wp\/v2\/media?parent=135335"}],"wp:term":[{"taxonomy":"category","embeddable":true,"href":"https:\/\/experienciadevida.com.ar\/portalurbano\/wp-json\/wp\/v2\/categories?post=135335"},{"taxonomy":"post_tag","embeddable":true,"href":"https:\/\/experienciadevida.com.ar\/portalurbano\/wp-json\/wp\/v2\/tags?post=135335"}],"curies":[{"name":"wp","href":"https:\/\/api.w.org\/{rel}","templated":true}]}}