{"id":135272,"date":"2021-02-17T14:51:20","date_gmt":"2021-02-17T17:51:20","guid":{"rendered":"https:\/\/experienciadevida.com.ar\/portalurbano\/?p=135272"},"modified":"2021-02-17T14:56:30","modified_gmt":"2021-02-17T17:56:30","slug":"programa-de-fortalecimiento-y-asistencia-se-entregaron-subsidios-por-mas-de-1-millon-de-pesos","status":"publish","type":"post","link":"https:\/\/experienciadevida.com.ar\/portalurbano\/programa-de-fortalecimiento-y-asistencia-se-entregaron-subsidios-por-mas-de-1-millon-de-pesos\/","title":{"rendered":"Programa de Fortalecimiento y Asistencia: se entregaron subsidios por m\u00e1s de 1 mill\u00f3n de pesos"},"content":{"rendered":"<p>Programa de Fortalecimiento y Asistencia: se entregaron subsidios por m\u00e1s de 1 mill\u00f3n de pesos. En la tarde de este mi\u00e9rcoles-con sede en el Centro Cultural Municipal \u201cSan Jos\u00e9\u201d- se llev\u00f3 a cabo el acto de entrega de subsidios en el marco del Programa Municipal de Fortalecimiento y Asistencia (Covid 19), destinado a asistir financieramente a entidades y establecimientos comerciales del Partido de Olavarr\u00eda que no pudieron trabajar durante la pandemia.<\/p>\n<p>Estuvieron presentes, el intendente interino Juan Mujica, los secretarios de Desarrollo Econ\u00f3mico Julio Valetutto y de Desarrollo Humano y Calidad de Vida Diego Robbiani y funcionarios de las \u00e1reas mencionadas.<\/p>\n<p>Programa de fortalecimiento y asistencia, concretamente 48 titulares de actividades comerciales, entidades de bien p\u00fablico, instituciones culturales y deportivas sin fines de lucro recibieron cada uno 25 mil pesos, en concepto de subsidio \u00fanico no reintegrable, totalizando una suma global de 1.200.000 pesos.<\/p>\n<p>El secretario de Desarrollo Econ\u00f3mico Julio Valetutto manifest\u00f3 que \u201csabemos lo complicado que fue el a\u00f1o pasado, por eso agradecemos el esfuerzo que hicieron y hacen y nosotros tratamos de estar cerca de todos\u201d.<\/p>\n<p>\u201cTenemos la esperanza que este a\u00f1o va a ser mejor y el Municipio va a estar tambi\u00e9n para cuando lo requieran\u201d, asegur\u00f3.<\/p>\n<p>Programa de fortalecimiento y asistencia, \u201cEste fondo de Fortalecimiento y Asistencia se cre\u00f3 con el prop\u00f3sito de brindar una ayuda a emprendedores y entidades, que tuvieron un a\u00f1o muy dif\u00edcil, con mucho sacrificio para mantener en pie sus proyectos\u201d, sostuvo el Secretario de Desarrollo Humano y Calidad de Vida Diego Robbiani.<\/p>\n<p>Asimismo indic\u00f3 que \u201cquiz\u00e1 el monto no es significativo, pero es nuestra manera de acompa\u00f1ar, teniendo en cuenta la situaci\u00f3n econ\u00f3mica del contexto actual\u201d.<\/p>\n<p>Finalmente agreg\u00f3 que se trata de un trabajo articulado entre \u201clos equipos de Desarrollo Humano y Calidad de Vida, Desarrollo Econ\u00f3mico y Hacienda, para que se pueda sostener este fondo y brindarlo a quienes se vieron afectados por la Emergencia Sanitaria\u201d.<\/p>\n<p>Cabe recordar que en el mes de noviembre del a\u00f1o pasado, el intendente Ezequiel Galli dispuso la creaci\u00f3n de dicho programa, comprendiendo la dif\u00edcil situaci\u00f3n que se encontraban atravesando numerosas entidades, comercios, emprendedores de Olavarr\u00eda, producto de las medidas adoptadas en el marco de la emergencia sanitaria, para cuidar la salud de toda la poblaci\u00f3n.<\/p>\n<p>En este sentido, se habilit\u00f3 la inscripci\u00f3n al registro previo con requisitos puntuales y posteriormente se realiz\u00f3 un an\u00e1lisis pormenorizado de las entidades y establecimientos, que estuvo a cargo de los equipos de Secretar\u00eda de Desarrollo Humano y Calidad de Vida como as\u00ed tambi\u00e9n de la Secretar\u00eda de Desarrollo Econ\u00f3mico.<\/p>\n<p>Este trabajo conjunto permiti\u00f3 que titulares de diferentes rubros (fotograf\u00eda, gimnasios, ambientaci\u00f3n de eventos, sonido e iluminaci\u00f3n, peloteros, espect\u00e1culos musicales, hoteler\u00eda, dise\u00f1o y confecci\u00f3n, entre otros) pudieran contar con dicha ayuda econ\u00f3mica, considerando que durante la pandemia se vieron afectados de forma directa, peligrando sus fuentes laborales y la supervivencia de estos espacios, que se forjaron con el enorme esfuerzo de muchos olavarrienses.<\/p>\n<p>Espec\u00edficamente el decreto abarca a entidades y establecimientos comerciales que no contaban con autorizaci\u00f3n para funcionar ininterrumpidamente por m\u00e1s de dos meses, entre el 20 de marzo y el 2 de noviembre de 2020.<\/p>\n<p><a href=\"https:\/\/experienciadevida.com.ar\/portalurbano\/programa-de-fortalecimiento-y-asistencia-se-entregaron-subsidios-por-mas-de-1-millon-de-pesos\/programa-de-fortalecimiento\/\" rel=\"attachment wp-att-135276\"><img decoding=\"async\" class=\"alignnone size-full wp-image-135276\" src=\"https:\/\/experienciadevida.com.ar\/portalurbano\/wp-content\/uploads\/2021\/02\/Programa-de-fortalecimiento.jpg\" alt=\"Programa de fortalecimiento\" width=\"640\" height=\"427\" srcset=\"https:\/\/experienciadevida.com.ar\/portalurbano\/wp-content\/uploads\/2021\/02\/Programa-de-fortalecimiento.jpg 640w, https:\/\/experienciadevida.com.ar\/portalurbano\/wp-content\/uploads\/2021\/02\/Programa-de-fortalecimiento-300x200.jpg 300w\" sizes=\"(max-width: 640px) 100vw, 640px\" \/><\/a><\/p>\n<p><a href=\"https:\/\/experienciadevida.com.ar\/portalurbano\/programa-de-fortalecimiento-y-asistencia-se-entregaron-subsidios-por-mas-de-1-millon-de-pesos\/asistencia\/\" rel=\"attachment wp-att-135277\"><img decoding=\"async\" class=\"alignnone size-full wp-image-135277\" src=\"https:\/\/experienciadevida.com.ar\/portalurbano\/wp-content\/uploads\/2021\/02\/asistencia.jpg\" alt=\"asistencia \" width=\"640\" height=\"427\" srcset=\"https:\/\/experienciadevida.com.ar\/portalurbano\/wp-content\/uploads\/2021\/02\/asistencia.jpg 640w, https:\/\/experienciadevida.com.ar\/portalurbano\/wp-content\/uploads\/2021\/02\/asistencia-300x200.jpg 300w\" sizes=\"(max-width: 640px) 100vw, 640px\" \/><\/a><\/p>\n<p><a href=\"https:\/\/experienciadevida.com.ar\/portalurbano\/programa-de-fortalecimiento-y-asistencia-se-entregaron-subsidios-por-mas-de-1-millon-de-pesos\/fortalecimiento\/\" rel=\"attachment wp-att-135278\"><img decoding=\"async\" class=\"alignnone size-full wp-image-135278\" src=\"https:\/\/experienciadevida.com.ar\/portalurbano\/wp-content\/uploads\/2021\/02\/fortalecimiento.jpg\" alt=\"fortalecimiento \" width=\"640\" height=\"427\" srcset=\"https:\/\/experienciadevida.com.ar\/portalurbano\/wp-content\/uploads\/2021\/02\/fortalecimiento.jpg 640w, https:\/\/experienciadevida.com.ar\/portalurbano\/wp-content\/uploads\/2021\/02\/fortalecimiento-300x200.jpg 300w\" sizes=\"(max-width: 640px) 100vw, 640px\" \/><\/a><\/p>\n<p><a href=\"https:\/\/experienciadevida.com.ar\/portalurbano\/programa-de-fortalecimiento-y-asistencia-se-entregaron-subsidios-por-mas-de-1-millon-de-pesos\/programa-11\/\" rel=\"attachment wp-att-135280\"><img decoding=\"async\" class=\"alignnone size-full wp-image-135280\" src=\"https:\/\/experienciadevida.com.ar\/portalurbano\/wp-content\/uploads\/2021\/02\/programa-2.jpg\" alt=\"programa\" width=\"640\" height=\"427\" srcset=\"https:\/\/experienciadevida.com.ar\/portalurbano\/wp-content\/uploads\/2021\/02\/programa-2.jpg 640w, https:\/\/experienciadevida.com.ar\/portalurbano\/wp-content\/uploads\/2021\/02\/programa-2-300x200.jpg 300w\" sizes=\"(max-width: 640px) 100vw, 640px\" \/><\/a><\/p>\n","protected":false},"excerpt":{"rendered":"<p>Programa de Fortalecimiento y Asistencia: se entregaron subsidios por m\u00e1s de 1 mill\u00f3n de pesos&#8230;.<\/p>\n","protected":false},"author":1,"featured_media":135273,"comment_status":"closed","ping_status":"closed","sticky":false,"template":"","format":"standard","meta":{"content-type":""},"categories":[27,64],"tags":[],"nelio_content":{"isAutoShareEnabled":false,"autoShareEndMode":"default","automationSources":{"useContentSentences":true,"useSocialTemplates":true,"useCustomSentences":false,"customSentences":[]},"followers":[1],"suggestedReferences":[],"includedReferences":[],"efiUrl":"","efiAlt":"","highlights":[]},"yoast_head":"<!-- This site is optimized with the Yoast SEO plugin v20.7 - https:\/\/yoast.com\/wordpress\/plugins\/seo\/ -->\n<title>Programa de fortalecimiento y asistencia: Se entregaron subsidios<\/title>\n<meta name=\"description\" content=\"Programa de Fortalecimiento y Asistencia: se entregaron subsidios por m\u00e1s de 1 mill\u00f3n de pesos, fue en la tarde de este mi\u00e9rcoles.\" \/>\n<meta name=\"robots\" content=\"index, follow, max-snippet:-1, max-image-preview:large, max-video-preview:-1\" \/>\n<link rel=\"canonical\" href=\"https:\/\/experienciadevida.com.ar\/portalurbano\/programa-de-fortalecimiento-y-asistencia-se-entregaron-subsidios-por-mas-de-1-millon-de-pesos\/\" \/>\n<meta property=\"og:locale\" content=\"es_ES\" \/>\n<meta property=\"og:type\" content=\"article\" \/>\n<meta property=\"og:title\" content=\"Programa de fortalecimiento y asistencia: Se entregaron subsidios\" \/>\n<meta property=\"og:description\" content=\"Programa de Fortalecimiento y Asistencia: se entregaron subsidios por m\u00e1s de 1 mill\u00f3n de pesos, fue en la tarde de este mi\u00e9rcoles.\" \/>\n<meta property=\"og:url\" content=\"https:\/\/experienciadevida.com.ar\/portalurbano\/programa-de-fortalecimiento-y-asistencia-se-entregaron-subsidios-por-mas-de-1-millon-de-pesos\/\" \/>\n<meta property=\"article:publisher\" content=\"https:\/\/www.facebook.com\/Portal-Urbano-171542830093757\/\" \/>\n<meta property=\"article:published_time\" content=\"2021-02-17T17:51:20+00:00\" \/>\n<meta property=\"article:modified_time\" content=\"2021-02-17T17:56:30+00:00\" \/>\n<meta property=\"og:image\" content=\"https:\/\/experienciadevida.com.ar\/portalurbano\/wp-content\/uploads\/2021\/02\/Programa-de-Fortalecimiento-y-Asistencia.jpg\" \/>\n\t<meta property=\"og:image:width\" content=\"640\" \/>\n\t<meta property=\"og:image:height\" content=\"427\" \/>\n\t<meta property=\"og:image:type\" content=\"image\/jpeg\" \/>\n<meta name=\"author\" content=\"admpu17wp\" \/>\n<meta name=\"twitter:card\" content=\"summary_large_image\" \/>\n<meta name=\"twitter:creator\" content=\"@portalurbanook\" \/>\n<meta name=\"twitter:site\" content=\"@portalurbanook\" \/>\n<meta name=\"twitter:label1\" content=\"Escrito por\" \/>\n\t<meta name=\"twitter:data1\" content=\"admpu17wp\" \/>\n\t<meta name=\"twitter:label2\" content=\"Tiempo de lectura\" \/>\n\t<meta name=\"twitter:data2\" content=\"3 minutos\" \/>\n<script type=\"application\/ld+json\" class=\"yoast-schema-graph\">{\"@context\":\"https:\/\/schema.org\",\"@graph\":[{\"@type\":\"Article\",\"@id\":\"https:\/\/experienciadevida.com.ar\/portalurbano\/programa-de-fortalecimiento-y-asistencia-se-entregaron-subsidios-por-mas-de-1-millon-de-pesos\/#article\",\"isPartOf\":{\"@id\":\"https:\/\/experienciadevida.com.ar\/portalurbano\/programa-de-fortalecimiento-y-asistencia-se-entregaron-subsidios-por-mas-de-1-millon-de-pesos\/\"},\"author\":{\"name\":\"admpu17wp\",\"@id\":\"https:\/\/experienciadevida.com.ar\/portalurbano\/#\/schema\/person\/02dd326b1c4b056e9cc972486934a3a7\"},\"headline\":\"Programa de Fortalecimiento y Asistencia: se entregaron subsidios por m\u00e1s de 1 mill\u00f3n de pesos\",\"datePublished\":\"2021-02-17T17:51:20+00:00\",\"dateModified\":\"2021-02-17T17:56:30+00:00\",\"mainEntityOfPage\":{\"@id\":\"https:\/\/experienciadevida.com.ar\/portalurbano\/programa-de-fortalecimiento-y-asistencia-se-entregaron-subsidios-por-mas-de-1-millon-de-pesos\/\"},\"wordCount\":567,\"publisher\":{\"@id\":\"https:\/\/experienciadevida.com.ar\/portalurbano\/#organization\"},\"articleSection\":[\"Ciudad\",\"Destacadas 2\"],\"inLanguage\":\"es\"},{\"@type\":\"WebPage\",\"@id\":\"https:\/\/experienciadevida.com.ar\/portalurbano\/programa-de-fortalecimiento-y-asistencia-se-entregaron-subsidios-por-mas-de-1-millon-de-pesos\/\",\"url\":\"https:\/\/experienciadevida.com.ar\/portalurbano\/programa-de-fortalecimiento-y-asistencia-se-entregaron-subsidios-por-mas-de-1-millon-de-pesos\/\",\"name\":\"Programa de fortalecimiento y asistencia: Se entregaron subsidios\",\"isPartOf\":{\"@id\":\"https:\/\/experienciadevida.com.ar\/portalurbano\/#website\"},\"datePublished\":\"2021-02-17T17:51:20+00:00\",\"dateModified\":\"2021-02-17T17:56:30+00:00\",\"description\":\"Programa de Fortalecimiento y Asistencia: se entregaron subsidios por m\u00e1s de 1 mill\u00f3n de pesos, fue en la tarde de este mi\u00e9rcoles.\",\"breadcrumb\":{\"@id\":\"https:\/\/experienciadevida.com.ar\/portalurbano\/programa-de-fortalecimiento-y-asistencia-se-entregaron-subsidios-por-mas-de-1-millon-de-pesos\/#breadcrumb\"},\"inLanguage\":\"es\",\"potentialAction\":[{\"@type\":\"ReadAction\",\"target\":[\"https:\/\/experienciadevida.com.ar\/portalurbano\/programa-de-fortalecimiento-y-asistencia-se-entregaron-subsidios-por-mas-de-1-millon-de-pesos\/\"]}]},{\"@type\":\"BreadcrumbList\",\"@id\":\"https:\/\/experienciadevida.com.ar\/portalurbano\/programa-de-fortalecimiento-y-asistencia-se-entregaron-subsidios-por-mas-de-1-millon-de-pesos\/#breadcrumb\",\"itemListElement\":[{\"@type\":\"ListItem\",\"position\":1,\"name\":\"Portada\",\"item\":\"https:\/\/experienciadevida.com.ar\/portalurbano\/\"},{\"@type\":\"ListItem\",\"position\":2,\"name\":\"Programa de Fortalecimiento y Asistencia: se entregaron subsidios por m\u00e1s de 1 mill\u00f3n de pesos\"}]},{\"@type\":\"WebSite\",\"@id\":\"https:\/\/experienciadevida.com.ar\/portalurbano\/#website\",\"url\":\"https:\/\/experienciadevida.com.ar\/portalurbano\/\",\"name\":\"\",\"description\":\"\",\"publisher\":{\"@id\":\"https:\/\/experienciadevida.com.ar\/portalurbano\/#organization\"},\"potentialAction\":[{\"@type\":\"SearchAction\",\"target\":{\"@type\":\"EntryPoint\",\"urlTemplate\":\"https:\/\/experienciadevida.com.ar\/portalurbano\/?s={search_term_string}\"},\"query-input\":\"required name=search_term_string\"}],\"inLanguage\":\"es\"},{\"@type\":\"Organization\",\"@id\":\"https:\/\/experienciadevida.com.ar\/portalurbano\/#organization\",\"name\":\"Portal Urbano\",\"url\":\"https:\/\/experienciadevida.com.ar\/portalurbano\/\",\"logo\":{\"@type\":\"ImageObject\",\"inLanguage\":\"es\",\"@id\":\"https:\/\/experienciadevida.com.ar\/portalurbano\/#\/schema\/logo\/image\/\",\"url\":\"https:\/\/experienciadevida.com.ar\/portalurbano\/wp-content\/uploads\/2019\/09\/Logo-Original.png\",\"contentUrl\":\"https:\/\/experienciadevida.com.ar\/portalurbano\/wp-content\/uploads\/2019\/09\/Logo-Original.png\",\"width\":2236,\"height\":1216,\"caption\":\"Portal Urbano\"},\"image\":{\"@id\":\"https:\/\/experienciadevida.com.ar\/portalurbano\/#\/schema\/logo\/image\/\"},\"sameAs\":[\"https:\/\/www.facebook.com\/Portal-Urbano-171542830093757\/\",\"https:\/\/twitter.com\/portalurbanook\",\"https:\/\/www.instagram.com\/_portalurbano\/\",\"https:\/\/www.youtube.com\/channel\/UCXhagIfszH8KxFiOok79zbA?view_as=subscriber\"]},{\"@type\":\"Person\",\"@id\":\"https:\/\/experienciadevida.com.ar\/portalurbano\/#\/schema\/person\/02dd326b1c4b056e9cc972486934a3a7\",\"name\":\"admpu17wp\",\"image\":{\"@type\":\"ImageObject\",\"inLanguage\":\"es\",\"@id\":\"https:\/\/experienciadevida.com.ar\/portalurbano\/#\/schema\/person\/image\/\",\"url\":\"https:\/\/secure.gravatar.com\/avatar\/830d4c57adaae6630765e449a6908047?s=96&d=mm&r=g\",\"contentUrl\":\"https:\/\/secure.gravatar.com\/avatar\/830d4c57adaae6630765e449a6908047?s=96&d=mm&r=g\",\"caption\":\"admpu17wp\"}}]}<\/script>\n<!-- \/ Yoast SEO plugin. -->","yoast_head_json":{"title":"Programa de fortalecimiento y asistencia: Se entregaron subsidios","description":"Programa de Fortalecimiento y Asistencia: se entregaron subsidios por m\u00e1s de 1 mill\u00f3n de pesos, fue en la tarde de este mi\u00e9rcoles.","robots":{"index":"index","follow":"follow","max-snippet":"max-snippet:-1","max-image-preview":"max-image-preview:large","max-video-preview":"max-video-preview:-1"},"canonical":"https:\/\/experienciadevida.com.ar\/portalurbano\/programa-de-fortalecimiento-y-asistencia-se-entregaron-subsidios-por-mas-de-1-millon-de-pesos\/","og_locale":"es_ES","og_type":"article","og_title":"Programa de fortalecimiento y asistencia: Se entregaron subsidios","og_description":"Programa de Fortalecimiento y Asistencia: se entregaron subsidios por m\u00e1s de 1 mill\u00f3n de pesos, fue en la tarde de este mi\u00e9rcoles.","og_url":"https:\/\/experienciadevida.com.ar\/portalurbano\/programa-de-fortalecimiento-y-asistencia-se-entregaron-subsidios-por-mas-de-1-millon-de-pesos\/","article_publisher":"https:\/\/www.facebook.com\/Portal-Urbano-171542830093757\/","article_published_time":"2021-02-17T17:51:20+00:00","article_modified_time":"2021-02-17T17:56:30+00:00","og_image":[{"width":640,"height":427,"url":"https:\/\/experienciadevida.com.ar\/portalurbano\/wp-content\/uploads\/2021\/02\/Programa-de-Fortalecimiento-y-Asistencia.jpg","type":"image\/jpeg"}],"author":"admpu17wp","twitter_card":"summary_large_image","twitter_creator":"@portalurbanook","twitter_site":"@portalurbanook","twitter_misc":{"Escrito por":"admpu17wp","Tiempo de lectura":"3 minutos"},"schema":{"@context":"https:\/\/schema.org","@graph":[{"@type":"Article","@id":"https:\/\/experienciadevida.com.ar\/portalurbano\/programa-de-fortalecimiento-y-asistencia-se-entregaron-subsidios-por-mas-de-1-millon-de-pesos\/#article","isPartOf":{"@id":"https:\/\/experienciadevida.com.ar\/portalurbano\/programa-de-fortalecimiento-y-asistencia-se-entregaron-subsidios-por-mas-de-1-millon-de-pesos\/"},"author":{"name":"admpu17wp","@id":"https:\/\/experienciadevida.com.ar\/portalurbano\/#\/schema\/person\/02dd326b1c4b056e9cc972486934a3a7"},"headline":"Programa de Fortalecimiento y Asistencia: se entregaron subsidios por m\u00e1s de 1 mill\u00f3n de pesos","datePublished":"2021-02-17T17:51:20+00:00","dateModified":"2021-02-17T17:56:30+00:00","mainEntityOfPage":{"@id":"https:\/\/experienciadevida.com.ar\/portalurbano\/programa-de-fortalecimiento-y-asistencia-se-entregaron-subsidios-por-mas-de-1-millon-de-pesos\/"},"wordCount":567,"publisher":{"@id":"https:\/\/experienciadevida.com.ar\/portalurbano\/#organization"},"articleSection":["Ciudad","Destacadas 2"],"inLanguage":"es"},{"@type":"WebPage","@id":"https:\/\/experienciadevida.com.ar\/portalurbano\/programa-de-fortalecimiento-y-asistencia-se-entregaron-subsidios-por-mas-de-1-millon-de-pesos\/","url":"https:\/\/experienciadevida.com.ar\/portalurbano\/programa-de-fortalecimiento-y-asistencia-se-entregaron-subsidios-por-mas-de-1-millon-de-pesos\/","name":"Programa de fortalecimiento y asistencia: Se entregaron subsidios","isPartOf":{"@id":"https:\/\/experienciadevida.com.ar\/portalurbano\/#website"},"datePublished":"2021-02-17T17:51:20+00:00","dateModified":"2021-02-17T17:56:30+00:00","description":"Programa de Fortalecimiento y Asistencia: se entregaron subsidios por m\u00e1s de 1 mill\u00f3n de pesos, fue en la tarde de este mi\u00e9rcoles.","breadcrumb":{"@id":"https:\/\/experienciadevida.com.ar\/portalurbano\/programa-de-fortalecimiento-y-asistencia-se-entregaron-subsidios-por-mas-de-1-millon-de-pesos\/#breadcrumb"},"inLanguage":"es","potentialAction":[{"@type":"ReadAction","target":["https:\/\/experienciadevida.com.ar\/portalurbano\/programa-de-fortalecimiento-y-asistencia-se-entregaron-subsidios-por-mas-de-1-millon-de-pesos\/"]}]},{"@type":"BreadcrumbList","@id":"https:\/\/experienciadevida.com.ar\/portalurbano\/programa-de-fortalecimiento-y-asistencia-se-entregaron-subsidios-por-mas-de-1-millon-de-pesos\/#breadcrumb","itemListElement":[{"@type":"ListItem","position":1,"name":"Portada","item":"https:\/\/experienciadevida.com.ar\/portalurbano\/"},{"@type":"ListItem","position":2,"name":"Programa de Fortalecimiento y Asistencia: se entregaron subsidios por m\u00e1s de 1 mill\u00f3n de pesos"}]},{"@type":"WebSite","@id":"https:\/\/experienciadevida.com.ar\/portalurbano\/#website","url":"https:\/\/experienciadevida.com.ar\/portalurbano\/","name":"","description":"","publisher":{"@id":"https:\/\/experienciadevida.com.ar\/portalurbano\/#organization"},"potentialAction":[{"@type":"SearchAction","target":{"@type":"EntryPoint","urlTemplate":"https:\/\/experienciadevida.com.ar\/portalurbano\/?s={search_term_string}"},"query-input":"required name=search_term_string"}],"inLanguage":"es"},{"@type":"Organization","@id":"https:\/\/experienciadevida.com.ar\/portalurbano\/#organization","name":"Portal Urbano","url":"https:\/\/experienciadevida.com.ar\/portalurbano\/","logo":{"@type":"ImageObject","inLanguage":"es","@id":"https:\/\/experienciadevida.com.ar\/portalurbano\/#\/schema\/logo\/image\/","url":"https:\/\/experienciadevida.com.ar\/portalurbano\/wp-content\/uploads\/2019\/09\/Logo-Original.png","contentUrl":"https:\/\/experienciadevida.com.ar\/portalurbano\/wp-content\/uploads\/2019\/09\/Logo-Original.png","width":2236,"height":1216,"caption":"Portal Urbano"},"image":{"@id":"https:\/\/experienciadevida.com.ar\/portalurbano\/#\/schema\/logo\/image\/"},"sameAs":["https:\/\/www.facebook.com\/Portal-Urbano-171542830093757\/","https:\/\/twitter.com\/portalurbanook","https:\/\/www.instagram.com\/_portalurbano\/","https:\/\/www.youtube.com\/channel\/UCXhagIfszH8KxFiOok79zbA?view_as=subscriber"]},{"@type":"Person","@id":"https:\/\/experienciadevida.com.ar\/portalurbano\/#\/schema\/person\/02dd326b1c4b056e9cc972486934a3a7","name":"admpu17wp","image":{"@type":"ImageObject","inLanguage":"es","@id":"https:\/\/experienciadevida.com.ar\/portalurbano\/#\/schema\/person\/image\/","url":"https:\/\/secure.gravatar.com\/avatar\/830d4c57adaae6630765e449a6908047?s=96&d=mm&r=g","contentUrl":"https:\/\/secure.gravatar.com\/avatar\/830d4c57adaae6630765e449a6908047?s=96&d=mm&r=g","caption":"admpu17wp"}}]}},"featured_image_urls":{"full":["https:\/\/experienciadevida.com.ar\/portalurbano\/wp-content\/uploads\/2021\/02\/Programa-de-Fortalecimiento-y-Asistencia.jpg",640,427,false],"thumbnail":["https:\/\/experienciadevida.com.ar\/portalurbano\/wp-content\/uploads\/2021\/02\/Programa-de-Fortalecimiento-y-Asistencia-150x150.jpg",150,150,true],"medium":["https:\/\/experienciadevida.com.ar\/portalurbano\/wp-content\/uploads\/2021\/02\/Programa-de-Fortalecimiento-y-Asistencia-300x200.jpg",300,200,true],"medium_large":["https:\/\/experienciadevida.com.ar\/portalurbano\/wp-content\/uploads\/2021\/02\/Programa-de-Fortalecimiento-y-Asistencia.jpg",640,427,false],"large":["https:\/\/experienciadevida.com.ar\/portalurbano\/wp-content\/uploads\/2021\/02\/Programa-de-Fortalecimiento-y-Asistencia.jpg",640,427,false],"ug_big":["https:\/\/experienciadevida.com.ar\/portalurbano\/wp-content\/uploads\/2021\/02\/Programa-de-Fortalecimiento-y-Asistencia.jpg",640,427,false],"1536x1536":["https:\/\/experienciadevida.com.ar\/portalurbano\/wp-content\/uploads\/2021\/02\/Programa-de-Fortalecimiento-y-Asistencia.jpg",640,427,false],"2048x2048":["https:\/\/experienciadevida.com.ar\/portalurbano\/wp-content\/uploads\/2021\/02\/Programa-de-Fortalecimiento-y-Asistencia.jpg",640,427,false],"newsever-slider-full":["https:\/\/experienciadevida.com.ar\/portalurbano\/wp-content\/uploads\/2021\/02\/Programa-de-Fortalecimiento-y-Asistencia.jpg",640,427,false],"newsever-featured":["https:\/\/experienciadevida.com.ar\/portalurbano\/wp-content\/uploads\/2021\/02\/Programa-de-Fortalecimiento-y-Asistencia.jpg",640,427,false],"newsever-medium":["https:\/\/experienciadevida.com.ar\/portalurbano\/wp-content\/uploads\/2021\/02\/Programa-de-Fortalecimiento-y-Asistencia.jpg",640,427,false],"web-stories-poster-portrait":["https:\/\/experienciadevida.com.ar\/portalurbano\/wp-content\/uploads\/2021\/02\/Programa-de-Fortalecimiento-y-Asistencia.jpg",640,427,false],"web-stories-publisher-logo":["https:\/\/experienciadevida.com.ar\/portalurbano\/wp-content\/uploads\/2021\/02\/Programa-de-Fortalecimiento-y-Asistencia.jpg",96,64,false],"web-stories-thumbnail":["https:\/\/experienciadevida.com.ar\/portalurbano\/wp-content\/uploads\/2021\/02\/Programa-de-Fortalecimiento-y-Asistencia.jpg",150,100,false]},"author_info":{"display_name":"admpu17wp","author_link":"https:\/\/experienciadevida.com.ar\/portalurbano\/author\/admpu17wp\/"},"category_info":"<a href=\"https:\/\/experienciadevida.com.ar\/portalurbano\/category\/ciudad\/\" rel=\"category tag\">Ciudad<\/a> <a href=\"https:\/\/experienciadevida.com.ar\/portalurbano\/category\/destacadas-2\/\" rel=\"category tag\">Destacadas 2<\/a>","tag_info":"Destacadas 2","comment_count":"0","amp_enabled":true,"_links":{"self":[{"href":"https:\/\/experienciadevida.com.ar\/portalurbano\/wp-json\/wp\/v2\/posts\/135272"}],"collection":[{"href":"https:\/\/experienciadevida.com.ar\/portalurbano\/wp-json\/wp\/v2\/posts"}],"about":[{"href":"https:\/\/experienciadevida.com.ar\/portalurbano\/wp-json\/wp\/v2\/types\/post"}],"author":[{"embeddable":true,"href":"https:\/\/experienciadevida.com.ar\/portalurbano\/wp-json\/wp\/v2\/users\/1"}],"replies":[{"embeddable":true,"href":"https:\/\/experienciadevida.com.ar\/portalurbano\/wp-json\/wp\/v2\/comments?post=135272"}],"version-history":[{"count":4,"href":"https:\/\/experienciadevida.com.ar\/portalurbano\/wp-json\/wp\/v2\/posts\/135272\/revisions"}],"predecessor-version":[{"id":135281,"href":"https:\/\/experienciadevida.com.ar\/portalurbano\/wp-json\/wp\/v2\/posts\/135272\/revisions\/135281"}],"wp:featuredmedia":[{"embeddable":true,"href":"https:\/\/experienciadevida.com.ar\/portalurbano\/wp-json\/wp\/v2\/media\/135273"}],"wp:attachment":[{"href":"https:\/\/experienciadevida.com.ar\/portalurbano\/wp-json\/wp\/v2\/media?parent=135272"}],"wp:term":[{"taxonomy":"category","embeddable":true,"href":"https:\/\/experienciadevida.com.ar\/portalurbano\/wp-json\/wp\/v2\/categories?post=135272"},{"taxonomy":"post_tag","embeddable":true,"href":"https:\/\/experienciadevida.com.ar\/portalurbano\/wp-json\/wp\/v2\/tags?post=135272"}],"curies":[{"name":"wp","href":"https:\/\/api.w.org\/{rel}","templated":true}]}}