{"id":135254,"date":"2021-02-17T12:32:24","date_gmt":"2021-02-17T15:32:24","guid":{"rendered":"https:\/\/experienciadevida.com.ar\/portalurbano\/?p=135254"},"modified":"2021-02-17T12:32:50","modified_gmt":"2021-02-17T15:32:50","slug":"gines-gonzalez-garcia-si-todo-va-bien-en-agosto-o-septiembre-tendremos-a","status":"publish","type":"post","link":"https:\/\/experienciadevida.com.ar\/portalurbano\/gines-gonzalez-garcia-si-todo-va-bien-en-agosto-o-septiembre-tendremos-a\/","title":{"rendered":"Gines Gonz\u00e1lez Garc\u00eda: \u201cSi todo va bien, en agosto o septiembre tendremos a"},"content":{"rendered":"<p>Gines Gonz\u00e1lez Garc\u00eda: \u201cSi todo va bien, en agosto o septiembre tendremos vacunados a todos los argentinos\u201d. Adem\u00e1s dijo que no es conveniente realizar las PASO\u00a0 en agosto.<\/p>\n<p>Con la llegada del primer env\u00edo de las vacunas de AstraZeneca, en un contrato por 1.160.000 dosis que se prev\u00e9 completar en los pr\u00f3ximos d\u00edas con un segundo arribo, el ministro de Salud, Gin\u00e9s Gonz\u00e1lez Garc\u00eda, se mostr\u00f3 optimista de cara al futuro y dijo que \u201csi todo va a bien, en agosto, septiembre tendremos vacunados a todos los argentinos, menos los menores de 18 a\u00f1os\u201d.<\/p>\n<p>En medio de la necesidad de acelerar el esquema de vacunaci\u00f3n antes que comience el oto\u00f1o, Gines Gonz\u00e1lez Garc\u00eda estim\u00f3 que pasado mitad de a\u00f1o un universo importante de argentinos estar\u00e1 inmunizados. \u201cCon las vacunas que hemos comprometido y con las acciones que estamos haciendo, estimamos que en agosto, septiembre, tenemos vacunados a todos los argentinos que est\u00e1n en condiciones de ser vacunados\u201d. Sin embargo, aclar\u00f3: \u201cEsto cambia si dicen que a los menores de 18 a\u00f1os hay que vacunarlos, se nos ampl\u00eda la poblaci\u00f3n\u201d.<\/p>\n<p>A las 1.220.000 dosis de la vacuna Sputnik V se sum\u00f3 este mi\u00e9rcoles el nuevo cargamento de la vacuna de AstraZeneca, fabricada en India, a trav\u00e9s de un \u201ccontrato adicional\u201d al convenio inicial que el Gobierno firm\u00f3 con la farmac\u00e9utica para recibir 22,4 millones de dosis.<\/p>\n<p>Por otra parte, el ministro se sum\u00f3 a las voces del oficialismo que pretenden modificar el calendario electoral en virtud de la pandemia de coronavirus, al asegurar que no est\u00e1n dadas las condiciones para votar en agosto, mes para el cual est\u00e1n previstas las elecciones primarias.<\/p>\n<p>\u201cEs absolutamente innecesario. No puedo decir ahora c\u00f3mo va a ser la situaci\u00f3n en agosto, pero es evitable\u201d, plante\u00f3. En ese sentido, dijo que hay que abstenerse en la medida de los posible de hacer actividades que congreguen a muchas personas. \u201cEstamos tratando de vacunar a mucha gente. Cualquier agrupamiento genera ampliaci\u00f3n de la transmisi\u00f3n\u201d, agreg\u00f3 a radio La Red.<\/p>\n<p>\u201cEs muy dif\u00edcil ser categ\u00f3rico. El conocimiento (sobre el COVID-19) est\u00e1 cambiando. En India pasaron de 100 mil contagios diarios a 10 mil y no tienen ninguna explicaci\u00f3n\u201d, analiz\u00f3 el ministro, quien adem\u00e1s advirti\u00f3 que es \u201cmuy dif\u00edcil\u201d decir cu\u00e1ndo podr\u00eda haber un rebrote de la enfermedad.<\/p>\n<p>Al respecto, se mostr\u00f3 optimista y dijo que la situaci\u00f3n sanitaria actual es un poco mejor de que lo que cre\u00edan entre las fiestas del Fin de A\u00f1o y el comienzo de 2021. \u201cEstamos menos peor de lo que tuvimos miedo en la primera quince de enero. Est\u00e1 pasando el todo el pa\u00eds. Es un diagnostico nacional. No quiere decir que no podamos bajar los brazos\u201d, alert\u00f3.<\/p>\n<p>Fuente: DIB<\/p>\n","protected":false},"excerpt":{"rendered":"<p>Gines Gonz\u00e1lez Garc\u00eda: \u201cSi todo va bien, en agosto o septiembre tendremos vacunados a todos&#8230;<\/p>\n","protected":false},"author":1,"featured_media":135262,"comment_status":"closed","ping_status":"closed","sticky":false,"template":"","format":"standard","meta":{"content-type":""},"categories":[71,39],"tags":[],"nelio_content":{"isAutoShareEnabled":false,"autoShareEndMode":"default","automationSources":{"useContentSentences":true,"useSocialTemplates":true,"useCustomSentences":false,"customSentences":[]},"followers":[1],"suggestedReferences":[],"includedReferences":[],"efiUrl":"","efiAlt":"","highlights":[]},"yoast_head":"<!-- This site is optimized with the Yoast SEO plugin v20.7 - https:\/\/yoast.com\/wordpress\/plugins\/seo\/ -->\n<title>Gines Gonz\u00e1lez Garc\u00eda: &quot;Si todo va bien tendremos vacunados a todos&quot;<\/title>\n<meta name=\"description\" content=\"Gines Gonz\u00e1lez Garc\u00eda: \u201cSi todo va bien, en agosto o septiembre tendremos vacunados a todos los argentinos\u201d. No es conveniente hacer las PASO\" \/>\n<meta name=\"robots\" content=\"index, follow, max-snippet:-1, max-image-preview:large, max-video-preview:-1\" \/>\n<link rel=\"canonical\" href=\"https:\/\/experienciadevida.com.ar\/portalurbano\/gines-gonzalez-garcia-si-todo-va-bien-en-agosto-o-septiembre-tendremos-a\/\" \/>\n<meta property=\"og:locale\" content=\"es_ES\" \/>\n<meta property=\"og:type\" content=\"article\" \/>\n<meta property=\"og:title\" content=\"Gines Gonz\u00e1lez Garc\u00eda: &quot;Si todo va bien tendremos vacunados a todos&quot;\" \/>\n<meta property=\"og:description\" content=\"Gines Gonz\u00e1lez Garc\u00eda: \u201cSi todo va bien, en agosto o septiembre tendremos vacunados a todos los argentinos\u201d. No es conveniente hacer las PASO\" \/>\n<meta property=\"og:url\" content=\"https:\/\/experienciadevida.com.ar\/portalurbano\/gines-gonzalez-garcia-si-todo-va-bien-en-agosto-o-septiembre-tendremos-a\/\" \/>\n<meta property=\"article:publisher\" content=\"https:\/\/www.facebook.com\/Portal-Urbano-171542830093757\/\" \/>\n<meta property=\"article:published_time\" content=\"2021-02-17T15:32:24+00:00\" \/>\n<meta property=\"article:modified_time\" content=\"2021-02-17T15:32:50+00:00\" \/>\n<meta property=\"og:image\" content=\"https:\/\/experienciadevida.com.ar\/portalurbano\/wp-content\/uploads\/2021\/02\/Gines-Gonzalez-Garcia.jpg\" \/>\n\t<meta property=\"og:image:width\" content=\"696\" \/>\n\t<meta property=\"og:image:height\" content=\"464\" \/>\n\t<meta property=\"og:image:type\" content=\"image\/jpeg\" \/>\n<meta name=\"author\" content=\"admpu17wp\" \/>\n<meta name=\"twitter:card\" content=\"summary_large_image\" \/>\n<meta name=\"twitter:creator\" content=\"@portalurbanook\" \/>\n<meta name=\"twitter:site\" content=\"@portalurbanook\" \/>\n<meta name=\"twitter:label1\" content=\"Escrito por\" \/>\n\t<meta name=\"twitter:data1\" content=\"admpu17wp\" \/>\n\t<meta name=\"twitter:label2\" content=\"Tiempo de lectura\" \/>\n\t<meta name=\"twitter:data2\" content=\"2 minutos\" \/>\n<script type=\"application\/ld+json\" class=\"yoast-schema-graph\">{\"@context\":\"https:\/\/schema.org\",\"@graph\":[{\"@type\":\"Article\",\"@id\":\"https:\/\/experienciadevida.com.ar\/portalurbano\/gines-gonzalez-garcia-si-todo-va-bien-en-agosto-o-septiembre-tendremos-a\/#article\",\"isPartOf\":{\"@id\":\"https:\/\/experienciadevida.com.ar\/portalurbano\/gines-gonzalez-garcia-si-todo-va-bien-en-agosto-o-septiembre-tendremos-a\/\"},\"author\":{\"name\":\"admpu17wp\",\"@id\":\"https:\/\/experienciadevida.com.ar\/portalurbano\/#\/schema\/person\/02dd326b1c4b056e9cc972486934a3a7\"},\"headline\":\"Gines Gonz\u00e1lez Garc\u00eda: \u201cSi todo va bien, en agosto o septiembre tendremos a\",\"datePublished\":\"2021-02-17T15:32:24+00:00\",\"dateModified\":\"2021-02-17T15:32:50+00:00\",\"mainEntityOfPage\":{\"@id\":\"https:\/\/experienciadevida.com.ar\/portalurbano\/gines-gonzalez-garcia-si-todo-va-bien-en-agosto-o-septiembre-tendremos-a\/\"},\"wordCount\":493,\"publisher\":{\"@id\":\"https:\/\/experienciadevida.com.ar\/portalurbano\/#organization\"},\"articleSection\":[\"Coronavirus\",\"Naci\u00f3n\"],\"inLanguage\":\"es\"},{\"@type\":\"WebPage\",\"@id\":\"https:\/\/experienciadevida.com.ar\/portalurbano\/gines-gonzalez-garcia-si-todo-va-bien-en-agosto-o-septiembre-tendremos-a\/\",\"url\":\"https:\/\/experienciadevida.com.ar\/portalurbano\/gines-gonzalez-garcia-si-todo-va-bien-en-agosto-o-septiembre-tendremos-a\/\",\"name\":\"Gines Gonz\u00e1lez Garc\u00eda: \\\"Si todo va bien tendremos vacunados a todos\\\"\",\"isPartOf\":{\"@id\":\"https:\/\/experienciadevida.com.ar\/portalurbano\/#website\"},\"datePublished\":\"2021-02-17T15:32:24+00:00\",\"dateModified\":\"2021-02-17T15:32:50+00:00\",\"description\":\"Gines Gonz\u00e1lez Garc\u00eda: \u201cSi todo va bien, en agosto o septiembre tendremos vacunados a todos los argentinos\u201d. No es conveniente hacer las PASO\",\"breadcrumb\":{\"@id\":\"https:\/\/experienciadevida.com.ar\/portalurbano\/gines-gonzalez-garcia-si-todo-va-bien-en-agosto-o-septiembre-tendremos-a\/#breadcrumb\"},\"inLanguage\":\"es\",\"potentialAction\":[{\"@type\":\"ReadAction\",\"target\":[\"https:\/\/experienciadevida.com.ar\/portalurbano\/gines-gonzalez-garcia-si-todo-va-bien-en-agosto-o-septiembre-tendremos-a\/\"]}]},{\"@type\":\"BreadcrumbList\",\"@id\":\"https:\/\/experienciadevida.com.ar\/portalurbano\/gines-gonzalez-garcia-si-todo-va-bien-en-agosto-o-septiembre-tendremos-a\/#breadcrumb\",\"itemListElement\":[{\"@type\":\"ListItem\",\"position\":1,\"name\":\"Portada\",\"item\":\"https:\/\/experienciadevida.com.ar\/portalurbano\/\"},{\"@type\":\"ListItem\",\"position\":2,\"name\":\"Gines Gonz\u00e1lez Garc\u00eda: \u201cSi todo va bien, en agosto o septiembre tendremos a\"}]},{\"@type\":\"WebSite\",\"@id\":\"https:\/\/experienciadevida.com.ar\/portalurbano\/#website\",\"url\":\"https:\/\/experienciadevida.com.ar\/portalurbano\/\",\"name\":\"\",\"description\":\"\",\"publisher\":{\"@id\":\"https:\/\/experienciadevida.com.ar\/portalurbano\/#organization\"},\"potentialAction\":[{\"@type\":\"SearchAction\",\"target\":{\"@type\":\"EntryPoint\",\"urlTemplate\":\"https:\/\/experienciadevida.com.ar\/portalurbano\/?s={search_term_string}\"},\"query-input\":\"required name=search_term_string\"}],\"inLanguage\":\"es\"},{\"@type\":\"Organization\",\"@id\":\"https:\/\/experienciadevida.com.ar\/portalurbano\/#organization\",\"name\":\"Portal Urbano\",\"url\":\"https:\/\/experienciadevida.com.ar\/portalurbano\/\",\"logo\":{\"@type\":\"ImageObject\",\"inLanguage\":\"es\",\"@id\":\"https:\/\/experienciadevida.com.ar\/portalurbano\/#\/schema\/logo\/image\/\",\"url\":\"https:\/\/experienciadevida.com.ar\/portalurbano\/wp-content\/uploads\/2019\/09\/Logo-Original.png\",\"contentUrl\":\"https:\/\/experienciadevida.com.ar\/portalurbano\/wp-content\/uploads\/2019\/09\/Logo-Original.png\",\"width\":2236,\"height\":1216,\"caption\":\"Portal Urbano\"},\"image\":{\"@id\":\"https:\/\/experienciadevida.com.ar\/portalurbano\/#\/schema\/logo\/image\/\"},\"sameAs\":[\"https:\/\/www.facebook.com\/Portal-Urbano-171542830093757\/\",\"https:\/\/twitter.com\/portalurbanook\",\"https:\/\/www.instagram.com\/_portalurbano\/\",\"https:\/\/www.youtube.com\/channel\/UCXhagIfszH8KxFiOok79zbA?view_as=subscriber\"]},{\"@type\":\"Person\",\"@id\":\"https:\/\/experienciadevida.com.ar\/portalurbano\/#\/schema\/person\/02dd326b1c4b056e9cc972486934a3a7\",\"name\":\"admpu17wp\",\"image\":{\"@type\":\"ImageObject\",\"inLanguage\":\"es\",\"@id\":\"https:\/\/experienciadevida.com.ar\/portalurbano\/#\/schema\/person\/image\/\",\"url\":\"https:\/\/secure.gravatar.com\/avatar\/830d4c57adaae6630765e449a6908047?s=96&d=mm&r=g\",\"contentUrl\":\"https:\/\/secure.gravatar.com\/avatar\/830d4c57adaae6630765e449a6908047?s=96&d=mm&r=g\",\"caption\":\"admpu17wp\"}}]}<\/script>\n<!-- \/ Yoast SEO plugin. -->","yoast_head_json":{"title":"Gines Gonz\u00e1lez Garc\u00eda: \"Si todo va bien tendremos vacunados a todos\"","description":"Gines Gonz\u00e1lez Garc\u00eda: \u201cSi todo va bien, en agosto o septiembre tendremos vacunados a todos los argentinos\u201d. No es conveniente hacer las PASO","robots":{"index":"index","follow":"follow","max-snippet":"max-snippet:-1","max-image-preview":"max-image-preview:large","max-video-preview":"max-video-preview:-1"},"canonical":"https:\/\/experienciadevida.com.ar\/portalurbano\/gines-gonzalez-garcia-si-todo-va-bien-en-agosto-o-septiembre-tendremos-a\/","og_locale":"es_ES","og_type":"article","og_title":"Gines Gonz\u00e1lez Garc\u00eda: \"Si todo va bien tendremos vacunados a todos\"","og_description":"Gines Gonz\u00e1lez Garc\u00eda: \u201cSi todo va bien, en agosto o septiembre tendremos vacunados a todos los argentinos\u201d. No es conveniente hacer las PASO","og_url":"https:\/\/experienciadevida.com.ar\/portalurbano\/gines-gonzalez-garcia-si-todo-va-bien-en-agosto-o-septiembre-tendremos-a\/","article_publisher":"https:\/\/www.facebook.com\/Portal-Urbano-171542830093757\/","article_published_time":"2021-02-17T15:32:24+00:00","article_modified_time":"2021-02-17T15:32:50+00:00","og_image":[{"width":696,"height":464,"url":"https:\/\/experienciadevida.com.ar\/portalurbano\/wp-content\/uploads\/2021\/02\/Gines-Gonzalez-Garcia.jpg","type":"image\/jpeg"}],"author":"admpu17wp","twitter_card":"summary_large_image","twitter_creator":"@portalurbanook","twitter_site":"@portalurbanook","twitter_misc":{"Escrito por":"admpu17wp","Tiempo de lectura":"2 minutos"},"schema":{"@context":"https:\/\/schema.org","@graph":[{"@type":"Article","@id":"https:\/\/experienciadevida.com.ar\/portalurbano\/gines-gonzalez-garcia-si-todo-va-bien-en-agosto-o-septiembre-tendremos-a\/#article","isPartOf":{"@id":"https:\/\/experienciadevida.com.ar\/portalurbano\/gines-gonzalez-garcia-si-todo-va-bien-en-agosto-o-septiembre-tendremos-a\/"},"author":{"name":"admpu17wp","@id":"https:\/\/experienciadevida.com.ar\/portalurbano\/#\/schema\/person\/02dd326b1c4b056e9cc972486934a3a7"},"headline":"Gines Gonz\u00e1lez Garc\u00eda: \u201cSi todo va bien, en agosto o septiembre tendremos a","datePublished":"2021-02-17T15:32:24+00:00","dateModified":"2021-02-17T15:32:50+00:00","mainEntityOfPage":{"@id":"https:\/\/experienciadevida.com.ar\/portalurbano\/gines-gonzalez-garcia-si-todo-va-bien-en-agosto-o-septiembre-tendremos-a\/"},"wordCount":493,"publisher":{"@id":"https:\/\/experienciadevida.com.ar\/portalurbano\/#organization"},"articleSection":["Coronavirus","Naci\u00f3n"],"inLanguage":"es"},{"@type":"WebPage","@id":"https:\/\/experienciadevida.com.ar\/portalurbano\/gines-gonzalez-garcia-si-todo-va-bien-en-agosto-o-septiembre-tendremos-a\/","url":"https:\/\/experienciadevida.com.ar\/portalurbano\/gines-gonzalez-garcia-si-todo-va-bien-en-agosto-o-septiembre-tendremos-a\/","name":"Gines Gonz\u00e1lez Garc\u00eda: \"Si todo va bien tendremos vacunados a todos\"","isPartOf":{"@id":"https:\/\/experienciadevida.com.ar\/portalurbano\/#website"},"datePublished":"2021-02-17T15:32:24+00:00","dateModified":"2021-02-17T15:32:50+00:00","description":"Gines Gonz\u00e1lez Garc\u00eda: \u201cSi todo va bien, en agosto o septiembre tendremos vacunados a todos los argentinos\u201d. No es conveniente hacer las PASO","breadcrumb":{"@id":"https:\/\/experienciadevida.com.ar\/portalurbano\/gines-gonzalez-garcia-si-todo-va-bien-en-agosto-o-septiembre-tendremos-a\/#breadcrumb"},"inLanguage":"es","potentialAction":[{"@type":"ReadAction","target":["https:\/\/experienciadevida.com.ar\/portalurbano\/gines-gonzalez-garcia-si-todo-va-bien-en-agosto-o-septiembre-tendremos-a\/"]}]},{"@type":"BreadcrumbList","@id":"https:\/\/experienciadevida.com.ar\/portalurbano\/gines-gonzalez-garcia-si-todo-va-bien-en-agosto-o-septiembre-tendremos-a\/#breadcrumb","itemListElement":[{"@type":"ListItem","position":1,"name":"Portada","item":"https:\/\/experienciadevida.com.ar\/portalurbano\/"},{"@type":"ListItem","position":2,"name":"Gines Gonz\u00e1lez Garc\u00eda: \u201cSi todo va bien, en agosto o septiembre tendremos a"}]},{"@type":"WebSite","@id":"https:\/\/experienciadevida.com.ar\/portalurbano\/#website","url":"https:\/\/experienciadevida.com.ar\/portalurbano\/","name":"","description":"","publisher":{"@id":"https:\/\/experienciadevida.com.ar\/portalurbano\/#organization"},"potentialAction":[{"@type":"SearchAction","target":{"@type":"EntryPoint","urlTemplate":"https:\/\/experienciadevida.com.ar\/portalurbano\/?s={search_term_string}"},"query-input":"required name=search_term_string"}],"inLanguage":"es"},{"@type":"Organization","@id":"https:\/\/experienciadevida.com.ar\/portalurbano\/#organization","name":"Portal Urbano","url":"https:\/\/experienciadevida.com.ar\/portalurbano\/","logo":{"@type":"ImageObject","inLanguage":"es","@id":"https:\/\/experienciadevida.com.ar\/portalurbano\/#\/schema\/logo\/image\/","url":"https:\/\/experienciadevida.com.ar\/portalurbano\/wp-content\/uploads\/2019\/09\/Logo-Original.png","contentUrl":"https:\/\/experienciadevida.com.ar\/portalurbano\/wp-content\/uploads\/2019\/09\/Logo-Original.png","width":2236,"height":1216,"caption":"Portal Urbano"},"image":{"@id":"https:\/\/experienciadevida.com.ar\/portalurbano\/#\/schema\/logo\/image\/"},"sameAs":["https:\/\/www.facebook.com\/Portal-Urbano-171542830093757\/","https:\/\/twitter.com\/portalurbanook","https:\/\/www.instagram.com\/_portalurbano\/","https:\/\/www.youtube.com\/channel\/UCXhagIfszH8KxFiOok79zbA?view_as=subscriber"]},{"@type":"Person","@id":"https:\/\/experienciadevida.com.ar\/portalurbano\/#\/schema\/person\/02dd326b1c4b056e9cc972486934a3a7","name":"admpu17wp","image":{"@type":"ImageObject","inLanguage":"es","@id":"https:\/\/experienciadevida.com.ar\/portalurbano\/#\/schema\/person\/image\/","url":"https:\/\/secure.gravatar.com\/avatar\/830d4c57adaae6630765e449a6908047?s=96&d=mm&r=g","contentUrl":"https:\/\/secure.gravatar.com\/avatar\/830d4c57adaae6630765e449a6908047?s=96&d=mm&r=g","caption":"admpu17wp"}}]}},"featured_image_urls":{"full":["https:\/\/experienciadevida.com.ar\/portalurbano\/wp-content\/uploads\/2021\/02\/Gines-Gonzalez-Garcia.jpg",696,464,false],"thumbnail":["https:\/\/experienciadevida.com.ar\/portalurbano\/wp-content\/uploads\/2021\/02\/Gines-Gonzalez-Garcia-150x150.jpg",150,150,true],"medium":["https:\/\/experienciadevida.com.ar\/portalurbano\/wp-content\/uploads\/2021\/02\/Gines-Gonzalez-Garcia-300x200.jpg",300,200,true],"medium_large":["https:\/\/experienciadevida.com.ar\/portalurbano\/wp-content\/uploads\/2021\/02\/Gines-Gonzalez-Garcia.jpg",640,427,false],"large":["https:\/\/experienciadevida.com.ar\/portalurbano\/wp-content\/uploads\/2021\/02\/Gines-Gonzalez-Garcia.jpg",640,427,false],"ug_big":["https:\/\/experienciadevida.com.ar\/portalurbano\/wp-content\/uploads\/2021\/02\/Gines-Gonzalez-Garcia.jpg",696,464,false],"1536x1536":["https:\/\/experienciadevida.com.ar\/portalurbano\/wp-content\/uploads\/2021\/02\/Gines-Gonzalez-Garcia.jpg",696,464,false],"2048x2048":["https:\/\/experienciadevida.com.ar\/portalurbano\/wp-content\/uploads\/2021\/02\/Gines-Gonzalez-Garcia.jpg",696,464,false],"newsever-slider-full":["https:\/\/experienciadevida.com.ar\/portalurbano\/wp-content\/uploads\/2021\/02\/Gines-Gonzalez-Garcia.jpg",696,464,false],"newsever-featured":["https:\/\/experienciadevida.com.ar\/portalurbano\/wp-content\/uploads\/2021\/02\/Gines-Gonzalez-Garcia.jpg",696,464,false],"newsever-medium":["https:\/\/experienciadevida.com.ar\/portalurbano\/wp-content\/uploads\/2021\/02\/Gines-Gonzalez-Garcia.jpg",696,464,false],"web-stories-poster-portrait":["https:\/\/experienciadevida.com.ar\/portalurbano\/wp-content\/uploads\/2021\/02\/Gines-Gonzalez-Garcia.jpg",640,427,false],"web-stories-publisher-logo":["https:\/\/experienciadevida.com.ar\/portalurbano\/wp-content\/uploads\/2021\/02\/Gines-Gonzalez-Garcia.jpg",96,64,false],"web-stories-thumbnail":["https:\/\/experienciadevida.com.ar\/portalurbano\/wp-content\/uploads\/2021\/02\/Gines-Gonzalez-Garcia.jpg",150,100,false]},"author_info":{"display_name":"admpu17wp","author_link":"https:\/\/experienciadevida.com.ar\/portalurbano\/author\/admpu17wp\/"},"category_info":"<a href=\"https:\/\/experienciadevida.com.ar\/portalurbano\/category\/nacion\/coronavirus\/\" rel=\"category tag\">Coronavirus<\/a> <a href=\"https:\/\/experienciadevida.com.ar\/portalurbano\/category\/nacion\/\" rel=\"category tag\">Naci\u00f3n<\/a>","tag_info":"Naci\u00f3n","comment_count":"0","amp_enabled":true,"_links":{"self":[{"href":"https:\/\/experienciadevida.com.ar\/portalurbano\/wp-json\/wp\/v2\/posts\/135254"}],"collection":[{"href":"https:\/\/experienciadevida.com.ar\/portalurbano\/wp-json\/wp\/v2\/posts"}],"about":[{"href":"https:\/\/experienciadevida.com.ar\/portalurbano\/wp-json\/wp\/v2\/types\/post"}],"author":[{"embeddable":true,"href":"https:\/\/experienciadevida.com.ar\/portalurbano\/wp-json\/wp\/v2\/users\/1"}],"replies":[{"embeddable":true,"href":"https:\/\/experienciadevida.com.ar\/portalurbano\/wp-json\/wp\/v2\/comments?post=135254"}],"version-history":[{"count":1,"href":"https:\/\/experienciadevida.com.ar\/portalurbano\/wp-json\/wp\/v2\/posts\/135254\/revisions"}],"predecessor-version":[{"id":135263,"href":"https:\/\/experienciadevida.com.ar\/portalurbano\/wp-json\/wp\/v2\/posts\/135254\/revisions\/135263"}],"wp:featuredmedia":[{"embeddable":true,"href":"https:\/\/experienciadevida.com.ar\/portalurbano\/wp-json\/wp\/v2\/media\/135262"}],"wp:attachment":[{"href":"https:\/\/experienciadevida.com.ar\/portalurbano\/wp-json\/wp\/v2\/media?parent=135254"}],"wp:term":[{"taxonomy":"category","embeddable":true,"href":"https:\/\/experienciadevida.com.ar\/portalurbano\/wp-json\/wp\/v2\/categories?post=135254"},{"taxonomy":"post_tag","embeddable":true,"href":"https:\/\/experienciadevida.com.ar\/portalurbano\/wp-json\/wp\/v2\/tags?post=135254"}],"curies":[{"name":"wp","href":"https:\/\/api.w.org\/{rel}","templated":true}]}}