{"id":135252,"date":"2021-02-17T11:36:31","date_gmt":"2021-02-17T14:36:31","guid":{"rendered":"https:\/\/experienciadevida.com.ar\/portalurbano\/?p=135252"},"modified":"2021-02-17T11:38:40","modified_gmt":"2021-02-17T14:38:40","slug":"funcionarios-estaran-este-jueves-en-un-acto-en-la-delegacion-de-trabajo","status":"publish","type":"post","link":"https:\/\/experienciadevida.com.ar\/portalurbano\/funcionarios-estaran-este-jueves-en-un-acto-en-la-delegacion-de-trabajo\/","title":{"rendered":"Funcionarios estar\u00e1n este jueves en un acto en la delegaci\u00f3n de trabajo"},"content":{"rendered":"<p>Funcionarios estar\u00e1n este jueves en un acto en la delegaci\u00f3n de trabajo. Estar\u00e1n Los Ministros Julio Alak, Mara Ruiz Malec\u00a0 y el Subsecretario de Derechos Humanos Mat\u00edas Moreno.<\/p>\n<p>El acto ser\u00e1 en la sede local del Ministerio de trabajo en nuestra ciudad, para participar de un acto homenaje al abogado Carlos Moreno asesinado en la \u00faltima dictadura militar. La actividad est\u00e1 pautada para las 18hs.<\/p>\n<p>Funcionarios estar\u00e1n este jueves en el acto en el cual descubrir\u00e1n una placa por el abogado Carlos Moreno, secuestrado, torturado y asesinado durante la dictadura militar.<\/p>\n<p>La delegaci\u00f3n del Ministerio de trabajo local, lleva el nombre de Carlos Moreno.<\/p>\n<p>La sede se encuentra ubicada en la calle Coronel Su\u00e1rez 3064.<\/p>\n","protected":false},"excerpt":{"rendered":"<p>Funcionarios estar\u00e1n este jueves en un acto en la delegaci\u00f3n de trabajo. Estar\u00e1n Los Ministros&#8230;<\/p>\n","protected":false},"author":1,"featured_media":122499,"comment_status":"closed","ping_status":"closed","sticky":false,"template":"","format":"standard","meta":{"content-type":""},"categories":[27,64],"tags":[],"nelio_content":{"isAutoShareEnabled":false,"autoShareEndMode":"default","automationSources":{"useContentSentences":true,"useSocialTemplates":true,"useCustomSentences":false,"customSentences":[]},"followers":[1],"suggestedReferences":[],"includedReferences":[],"efiUrl":"","efiAlt":"","highlights":[]},"yoast_head":"<!-- This site is optimized with the Yoast SEO plugin v20.7 - https:\/\/yoast.com\/wordpress\/plugins\/seo\/ -->\n<title>Funcionarios estar\u00e1n este jueves en un acto en la delegaci\u00f3n de trabajo<\/title>\n<meta name=\"description\" content=\"Funcionarios estar\u00e1n este jueves en un acto en la delegaci\u00f3n de trabajo. Estar\u00e1n Los Ministros Julio Alak, Mara Ruiz Malec\u00a0 y Matias Moreno.\" \/>\n<meta name=\"robots\" content=\"index, follow, max-snippet:-1, max-image-preview:large, max-video-preview:-1\" \/>\n<link rel=\"canonical\" href=\"https:\/\/experienciadevida.com.ar\/portalurbano\/funcionarios-estaran-este-jueves-en-un-acto-en-la-delegacion-de-trabajo\/\" \/>\n<meta property=\"og:locale\" content=\"es_ES\" \/>\n<meta property=\"og:type\" content=\"article\" \/>\n<meta property=\"og:title\" content=\"Funcionarios estar\u00e1n este jueves en un acto en la delegaci\u00f3n de trabajo\" \/>\n<meta property=\"og:description\" content=\"Funcionarios estar\u00e1n este jueves en un acto en la delegaci\u00f3n de trabajo. Estar\u00e1n Los Ministros Julio Alak, Mara Ruiz Malec\u00a0 y Matias Moreno.\" \/>\n<meta property=\"og:url\" content=\"https:\/\/experienciadevida.com.ar\/portalurbano\/funcionarios-estaran-este-jueves-en-un-acto-en-la-delegacion-de-trabajo\/\" \/>\n<meta property=\"article:publisher\" content=\"https:\/\/www.facebook.com\/Portal-Urbano-171542830093757\/\" \/>\n<meta property=\"article:published_time\" content=\"2021-02-17T14:36:31+00:00\" \/>\n<meta property=\"article:modified_time\" content=\"2021-02-17T14:38:40+00:00\" \/>\n<meta property=\"og:image\" content=\"https:\/\/experienciadevida.com.ar\/portalurbano\/wp-content\/uploads\/2020\/09\/Ministerio-de-trabajo.png\" \/>\n\t<meta property=\"og:image:width\" content=\"765\" \/>\n\t<meta property=\"og:image:height\" content=\"521\" \/>\n\t<meta property=\"og:image:type\" content=\"image\/png\" \/>\n<meta name=\"author\" content=\"admpu17wp\" \/>\n<meta name=\"twitter:card\" content=\"summary_large_image\" \/>\n<meta name=\"twitter:creator\" content=\"@portalurbanook\" \/>\n<meta name=\"twitter:site\" content=\"@portalurbanook\" \/>\n<meta name=\"twitter:label1\" content=\"Escrito por\" \/>\n\t<meta name=\"twitter:data1\" content=\"admpu17wp\" \/>\n\t<meta name=\"twitter:label2\" content=\"Tiempo de lectura\" \/>\n\t<meta name=\"twitter:data2\" content=\"1 minuto\" \/>\n<script type=\"application\/ld+json\" class=\"yoast-schema-graph\">{\"@context\":\"https:\/\/schema.org\",\"@graph\":[{\"@type\":\"Article\",\"@id\":\"https:\/\/experienciadevida.com.ar\/portalurbano\/funcionarios-estaran-este-jueves-en-un-acto-en-la-delegacion-de-trabajo\/#article\",\"isPartOf\":{\"@id\":\"https:\/\/experienciadevida.com.ar\/portalurbano\/funcionarios-estaran-este-jueves-en-un-acto-en-la-delegacion-de-trabajo\/\"},\"author\":{\"name\":\"admpu17wp\",\"@id\":\"https:\/\/experienciadevida.com.ar\/portalurbano\/#\/schema\/person\/02dd326b1c4b056e9cc972486934a3a7\"},\"headline\":\"Funcionarios estar\u00e1n este jueves en un acto en la delegaci\u00f3n de trabajo\",\"datePublished\":\"2021-02-17T14:36:31+00:00\",\"dateModified\":\"2021-02-17T14:38:40+00:00\",\"mainEntityOfPage\":{\"@id\":\"https:\/\/experienciadevida.com.ar\/portalurbano\/funcionarios-estaran-este-jueves-en-un-acto-en-la-delegacion-de-trabajo\/\"},\"wordCount\":136,\"publisher\":{\"@id\":\"https:\/\/experienciadevida.com.ar\/portalurbano\/#organization\"},\"articleSection\":[\"Ciudad\",\"Destacadas 2\"],\"inLanguage\":\"es\"},{\"@type\":\"WebPage\",\"@id\":\"https:\/\/experienciadevida.com.ar\/portalurbano\/funcionarios-estaran-este-jueves-en-un-acto-en-la-delegacion-de-trabajo\/\",\"url\":\"https:\/\/experienciadevida.com.ar\/portalurbano\/funcionarios-estaran-este-jueves-en-un-acto-en-la-delegacion-de-trabajo\/\",\"name\":\"Funcionarios estar\u00e1n este jueves en un acto en la delegaci\u00f3n de trabajo\",\"isPartOf\":{\"@id\":\"https:\/\/experienciadevida.com.ar\/portalurbano\/#website\"},\"datePublished\":\"2021-02-17T14:36:31+00:00\",\"dateModified\":\"2021-02-17T14:38:40+00:00\",\"description\":\"Funcionarios estar\u00e1n este jueves en un acto en la delegaci\u00f3n de trabajo. Estar\u00e1n Los Ministros Julio Alak, Mara Ruiz Malec\u00a0 y Matias Moreno.\",\"breadcrumb\":{\"@id\":\"https:\/\/experienciadevida.com.ar\/portalurbano\/funcionarios-estaran-este-jueves-en-un-acto-en-la-delegacion-de-trabajo\/#breadcrumb\"},\"inLanguage\":\"es\",\"potentialAction\":[{\"@type\":\"ReadAction\",\"target\":[\"https:\/\/experienciadevida.com.ar\/portalurbano\/funcionarios-estaran-este-jueves-en-un-acto-en-la-delegacion-de-trabajo\/\"]}]},{\"@type\":\"BreadcrumbList\",\"@id\":\"https:\/\/experienciadevida.com.ar\/portalurbano\/funcionarios-estaran-este-jueves-en-un-acto-en-la-delegacion-de-trabajo\/#breadcrumb\",\"itemListElement\":[{\"@type\":\"ListItem\",\"position\":1,\"name\":\"Portada\",\"item\":\"https:\/\/experienciadevida.com.ar\/portalurbano\/\"},{\"@type\":\"ListItem\",\"position\":2,\"name\":\"Funcionarios estar\u00e1n este jueves en un acto en la delegaci\u00f3n de trabajo\"}]},{\"@type\":\"WebSite\",\"@id\":\"https:\/\/experienciadevida.com.ar\/portalurbano\/#website\",\"url\":\"https:\/\/experienciadevida.com.ar\/portalurbano\/\",\"name\":\"\",\"description\":\"\",\"publisher\":{\"@id\":\"https:\/\/experienciadevida.com.ar\/portalurbano\/#organization\"},\"potentialAction\":[{\"@type\":\"SearchAction\",\"target\":{\"@type\":\"EntryPoint\",\"urlTemplate\":\"https:\/\/experienciadevida.com.ar\/portalurbano\/?s={search_term_string}\"},\"query-input\":\"required name=search_term_string\"}],\"inLanguage\":\"es\"},{\"@type\":\"Organization\",\"@id\":\"https:\/\/experienciadevida.com.ar\/portalurbano\/#organization\",\"name\":\"Portal Urbano\",\"url\":\"https:\/\/experienciadevida.com.ar\/portalurbano\/\",\"logo\":{\"@type\":\"ImageObject\",\"inLanguage\":\"es\",\"@id\":\"https:\/\/experienciadevida.com.ar\/portalurbano\/#\/schema\/logo\/image\/\",\"url\":\"https:\/\/experienciadevida.com.ar\/portalurbano\/wp-content\/uploads\/2019\/09\/Logo-Original.png\",\"contentUrl\":\"https:\/\/experienciadevida.com.ar\/portalurbano\/wp-content\/uploads\/2019\/09\/Logo-Original.png\",\"width\":2236,\"height\":1216,\"caption\":\"Portal Urbano\"},\"image\":{\"@id\":\"https:\/\/experienciadevida.com.ar\/portalurbano\/#\/schema\/logo\/image\/\"},\"sameAs\":[\"https:\/\/www.facebook.com\/Portal-Urbano-171542830093757\/\",\"https:\/\/twitter.com\/portalurbanook\",\"https:\/\/www.instagram.com\/_portalurbano\/\",\"https:\/\/www.youtube.com\/channel\/UCXhagIfszH8KxFiOok79zbA?view_as=subscriber\"]},{\"@type\":\"Person\",\"@id\":\"https:\/\/experienciadevida.com.ar\/portalurbano\/#\/schema\/person\/02dd326b1c4b056e9cc972486934a3a7\",\"name\":\"admpu17wp\",\"image\":{\"@type\":\"ImageObject\",\"inLanguage\":\"es\",\"@id\":\"https:\/\/experienciadevida.com.ar\/portalurbano\/#\/schema\/person\/image\/\",\"url\":\"https:\/\/secure.gravatar.com\/avatar\/830d4c57adaae6630765e449a6908047?s=96&d=mm&r=g\",\"contentUrl\":\"https:\/\/secure.gravatar.com\/avatar\/830d4c57adaae6630765e449a6908047?s=96&d=mm&r=g\",\"caption\":\"admpu17wp\"}}]}<\/script>\n<!-- \/ Yoast SEO plugin. -->","yoast_head_json":{"title":"Funcionarios estar\u00e1n este jueves en un acto en la delegaci\u00f3n de trabajo","description":"Funcionarios estar\u00e1n este jueves en un acto en la delegaci\u00f3n de trabajo. Estar\u00e1n Los Ministros Julio Alak, Mara Ruiz Malec\u00a0 y Matias Moreno.","robots":{"index":"index","follow":"follow","max-snippet":"max-snippet:-1","max-image-preview":"max-image-preview:large","max-video-preview":"max-video-preview:-1"},"canonical":"https:\/\/experienciadevida.com.ar\/portalurbano\/funcionarios-estaran-este-jueves-en-un-acto-en-la-delegacion-de-trabajo\/","og_locale":"es_ES","og_type":"article","og_title":"Funcionarios estar\u00e1n este jueves en un acto en la delegaci\u00f3n de trabajo","og_description":"Funcionarios estar\u00e1n este jueves en un acto en la delegaci\u00f3n de trabajo. Estar\u00e1n Los Ministros Julio Alak, Mara Ruiz Malec\u00a0 y Matias Moreno.","og_url":"https:\/\/experienciadevida.com.ar\/portalurbano\/funcionarios-estaran-este-jueves-en-un-acto-en-la-delegacion-de-trabajo\/","article_publisher":"https:\/\/www.facebook.com\/Portal-Urbano-171542830093757\/","article_published_time":"2021-02-17T14:36:31+00:00","article_modified_time":"2021-02-17T14:38:40+00:00","og_image":[{"width":765,"height":521,"url":"https:\/\/experienciadevida.com.ar\/portalurbano\/wp-content\/uploads\/2020\/09\/Ministerio-de-trabajo.png","type":"image\/png"}],"author":"admpu17wp","twitter_card":"summary_large_image","twitter_creator":"@portalurbanook","twitter_site":"@portalurbanook","twitter_misc":{"Escrito por":"admpu17wp","Tiempo de lectura":"1 minuto"},"schema":{"@context":"https:\/\/schema.org","@graph":[{"@type":"Article","@id":"https:\/\/experienciadevida.com.ar\/portalurbano\/funcionarios-estaran-este-jueves-en-un-acto-en-la-delegacion-de-trabajo\/#article","isPartOf":{"@id":"https:\/\/experienciadevida.com.ar\/portalurbano\/funcionarios-estaran-este-jueves-en-un-acto-en-la-delegacion-de-trabajo\/"},"author":{"name":"admpu17wp","@id":"https:\/\/experienciadevida.com.ar\/portalurbano\/#\/schema\/person\/02dd326b1c4b056e9cc972486934a3a7"},"headline":"Funcionarios estar\u00e1n este jueves en un acto en la delegaci\u00f3n de trabajo","datePublished":"2021-02-17T14:36:31+00:00","dateModified":"2021-02-17T14:38:40+00:00","mainEntityOfPage":{"@id":"https:\/\/experienciadevida.com.ar\/portalurbano\/funcionarios-estaran-este-jueves-en-un-acto-en-la-delegacion-de-trabajo\/"},"wordCount":136,"publisher":{"@id":"https:\/\/experienciadevida.com.ar\/portalurbano\/#organization"},"articleSection":["Ciudad","Destacadas 2"],"inLanguage":"es"},{"@type":"WebPage","@id":"https:\/\/experienciadevida.com.ar\/portalurbano\/funcionarios-estaran-este-jueves-en-un-acto-en-la-delegacion-de-trabajo\/","url":"https:\/\/experienciadevida.com.ar\/portalurbano\/funcionarios-estaran-este-jueves-en-un-acto-en-la-delegacion-de-trabajo\/","name":"Funcionarios estar\u00e1n este jueves en un acto en la delegaci\u00f3n de trabajo","isPartOf":{"@id":"https:\/\/experienciadevida.com.ar\/portalurbano\/#website"},"datePublished":"2021-02-17T14:36:31+00:00","dateModified":"2021-02-17T14:38:40+00:00","description":"Funcionarios estar\u00e1n este jueves en un acto en la delegaci\u00f3n de trabajo. Estar\u00e1n Los Ministros Julio Alak, Mara Ruiz Malec\u00a0 y Matias Moreno.","breadcrumb":{"@id":"https:\/\/experienciadevida.com.ar\/portalurbano\/funcionarios-estaran-este-jueves-en-un-acto-en-la-delegacion-de-trabajo\/#breadcrumb"},"inLanguage":"es","potentialAction":[{"@type":"ReadAction","target":["https:\/\/experienciadevida.com.ar\/portalurbano\/funcionarios-estaran-este-jueves-en-un-acto-en-la-delegacion-de-trabajo\/"]}]},{"@type":"BreadcrumbList","@id":"https:\/\/experienciadevida.com.ar\/portalurbano\/funcionarios-estaran-este-jueves-en-un-acto-en-la-delegacion-de-trabajo\/#breadcrumb","itemListElement":[{"@type":"ListItem","position":1,"name":"Portada","item":"https:\/\/experienciadevida.com.ar\/portalurbano\/"},{"@type":"ListItem","position":2,"name":"Funcionarios estar\u00e1n este jueves en un acto en la delegaci\u00f3n de trabajo"}]},{"@type":"WebSite","@id":"https:\/\/experienciadevida.com.ar\/portalurbano\/#website","url":"https:\/\/experienciadevida.com.ar\/portalurbano\/","name":"","description":"","publisher":{"@id":"https:\/\/experienciadevida.com.ar\/portalurbano\/#organization"},"potentialAction":[{"@type":"SearchAction","target":{"@type":"EntryPoint","urlTemplate":"https:\/\/experienciadevida.com.ar\/portalurbano\/?s={search_term_string}"},"query-input":"required name=search_term_string"}],"inLanguage":"es"},{"@type":"Organization","@id":"https:\/\/experienciadevida.com.ar\/portalurbano\/#organization","name":"Portal Urbano","url":"https:\/\/experienciadevida.com.ar\/portalurbano\/","logo":{"@type":"ImageObject","inLanguage":"es","@id":"https:\/\/experienciadevida.com.ar\/portalurbano\/#\/schema\/logo\/image\/","url":"https:\/\/experienciadevida.com.ar\/portalurbano\/wp-content\/uploads\/2019\/09\/Logo-Original.png","contentUrl":"https:\/\/experienciadevida.com.ar\/portalurbano\/wp-content\/uploads\/2019\/09\/Logo-Original.png","width":2236,"height":1216,"caption":"Portal Urbano"},"image":{"@id":"https:\/\/experienciadevida.com.ar\/portalurbano\/#\/schema\/logo\/image\/"},"sameAs":["https:\/\/www.facebook.com\/Portal-Urbano-171542830093757\/","https:\/\/twitter.com\/portalurbanook","https:\/\/www.instagram.com\/_portalurbano\/","https:\/\/www.youtube.com\/channel\/UCXhagIfszH8KxFiOok79zbA?view_as=subscriber"]},{"@type":"Person","@id":"https:\/\/experienciadevida.com.ar\/portalurbano\/#\/schema\/person\/02dd326b1c4b056e9cc972486934a3a7","name":"admpu17wp","image":{"@type":"ImageObject","inLanguage":"es","@id":"https:\/\/experienciadevida.com.ar\/portalurbano\/#\/schema\/person\/image\/","url":"https:\/\/secure.gravatar.com\/avatar\/830d4c57adaae6630765e449a6908047?s=96&d=mm&r=g","contentUrl":"https:\/\/secure.gravatar.com\/avatar\/830d4c57adaae6630765e449a6908047?s=96&d=mm&r=g","caption":"admpu17wp"}}]}},"featured_image_urls":{"full":["https:\/\/experienciadevida.com.ar\/portalurbano\/wp-content\/uploads\/2020\/09\/Ministerio-de-trabajo.png",765,521,false],"thumbnail":["https:\/\/experienciadevida.com.ar\/portalurbano\/wp-content\/uploads\/2020\/09\/Ministerio-de-trabajo-150x150.png",150,150,true],"medium":["https:\/\/experienciadevida.com.ar\/portalurbano\/wp-content\/uploads\/2020\/09\/Ministerio-de-trabajo-300x204.png",300,204,true],"medium_large":["https:\/\/experienciadevida.com.ar\/portalurbano\/wp-content\/uploads\/2020\/09\/Ministerio-de-trabajo.png",640,436,false],"large":["https:\/\/experienciadevida.com.ar\/portalurbano\/wp-content\/uploads\/2020\/09\/Ministerio-de-trabajo.png",640,436,false],"ug_big":["https:\/\/experienciadevida.com.ar\/portalurbano\/wp-content\/uploads\/2020\/09\/Ministerio-de-trabajo.png",765,521,false],"1536x1536":["https:\/\/experienciadevida.com.ar\/portalurbano\/wp-content\/uploads\/2020\/09\/Ministerio-de-trabajo.png",765,521,false],"2048x2048":["https:\/\/experienciadevida.com.ar\/portalurbano\/wp-content\/uploads\/2020\/09\/Ministerio-de-trabajo.png",765,521,false],"newsever-slider-full":["https:\/\/experienciadevida.com.ar\/portalurbano\/wp-content\/uploads\/2020\/09\/Ministerio-de-trabajo.png",765,521,false],"newsever-featured":["https:\/\/experienciadevida.com.ar\/portalurbano\/wp-content\/uploads\/2020\/09\/Ministerio-de-trabajo.png",765,521,false],"newsever-medium":["https:\/\/experienciadevida.com.ar\/portalurbano\/wp-content\/uploads\/2020\/09\/Ministerio-de-trabajo.png",697,475,false],"web-stories-poster-portrait":["https:\/\/experienciadevida.com.ar\/portalurbano\/wp-content\/uploads\/2020\/09\/Ministerio-de-trabajo.png",640,436,false],"web-stories-publisher-logo":["https:\/\/experienciadevida.com.ar\/portalurbano\/wp-content\/uploads\/2020\/09\/Ministerio-de-trabajo.png",96,65,false],"web-stories-thumbnail":["https:\/\/experienciadevida.com.ar\/portalurbano\/wp-content\/uploads\/2020\/09\/Ministerio-de-trabajo.png",150,102,false]},"author_info":{"display_name":"admpu17wp","author_link":"https:\/\/experienciadevida.com.ar\/portalurbano\/author\/admpu17wp\/"},"category_info":"<a href=\"https:\/\/experienciadevida.com.ar\/portalurbano\/category\/ciudad\/\" rel=\"category tag\">Ciudad<\/a> <a href=\"https:\/\/experienciadevida.com.ar\/portalurbano\/category\/destacadas-2\/\" rel=\"category tag\">Destacadas 2<\/a>","tag_info":"Destacadas 2","comment_count":"0","amp_enabled":true,"_links":{"self":[{"href":"https:\/\/experienciadevida.com.ar\/portalurbano\/wp-json\/wp\/v2\/posts\/135252"}],"collection":[{"href":"https:\/\/experienciadevida.com.ar\/portalurbano\/wp-json\/wp\/v2\/posts"}],"about":[{"href":"https:\/\/experienciadevida.com.ar\/portalurbano\/wp-json\/wp\/v2\/types\/post"}],"author":[{"embeddable":true,"href":"https:\/\/experienciadevida.com.ar\/portalurbano\/wp-json\/wp\/v2\/users\/1"}],"replies":[{"embeddable":true,"href":"https:\/\/experienciadevida.com.ar\/portalurbano\/wp-json\/wp\/v2\/comments?post=135252"}],"version-history":[{"count":1,"href":"https:\/\/experienciadevida.com.ar\/portalurbano\/wp-json\/wp\/v2\/posts\/135252\/revisions"}],"predecessor-version":[{"id":135253,"href":"https:\/\/experienciadevida.com.ar\/portalurbano\/wp-json\/wp\/v2\/posts\/135252\/revisions\/135253"}],"wp:featuredmedia":[{"embeddable":true,"href":"https:\/\/experienciadevida.com.ar\/portalurbano\/wp-json\/wp\/v2\/media\/122499"}],"wp:attachment":[{"href":"https:\/\/experienciadevida.com.ar\/portalurbano\/wp-json\/wp\/v2\/media?parent=135252"}],"wp:term":[{"taxonomy":"category","embeddable":true,"href":"https:\/\/experienciadevida.com.ar\/portalurbano\/wp-json\/wp\/v2\/categories?post=135252"},{"taxonomy":"post_tag","embeddable":true,"href":"https:\/\/experienciadevida.com.ar\/portalurbano\/wp-json\/wp\/v2\/tags?post=135252"}],"curies":[{"name":"wp","href":"https:\/\/api.w.org\/{rel}","templated":true}]}}