{"id":135221,"date":"2021-02-17T10:07:57","date_gmt":"2021-02-17T13:07:57","guid":{"rendered":"https:\/\/experienciadevida.com.ar\/portalurbano\/?p=135221"},"modified":"2021-02-17T10:08:28","modified_gmt":"2021-02-17T13:08:28","slug":"liliana-schwindt-sobre-el-impuesto-a-las-ganancias-es-de-gran-importancia","status":"publish","type":"post","link":"https:\/\/experienciadevida.com.ar\/portalurbano\/liliana-schwindt-sobre-el-impuesto-a-las-ganancias-es-de-gran-importancia\/","title":{"rendered":"Liliana Schwindt sobre el impuesto a las ganancias: &#8220;Es de gran importancia&#8221;"},"content":{"rendered":"<p><a href=\"https:\/\/www.facebook.com\/liliana.schwindt.3\">Liliana Schiwndt<\/a> sobre el impuesto a las Ganancias sobre el impuesto a las ganacias: &#8220;es de gran importancia&#8221;. Ser\u00e1 primero en la C\u00e1mara de Diputados de la Naci\u00f3n, donde fue presentada por el Frente de Todos. Liliana Schwindt, legisladora nacional, dialog\u00f3 con Radio Olavarr\u00eda, y estim\u00f3 que no ser\u00e1 m\u00e1s all\u00e1 de abril.<\/p>\n<p>Tanto el Ministro de Econom\u00eda como la AFIP analizaron el impacto de que dejen de pagar trabajadores y jubilados que cobren hasta 150 mil pesos mensuales. La Diputada expres\u00f3 que \u201ces muy sencillo, es plata que no se va\u201d .Foto de archivo<\/p>\n<p>Liliana Schwindt sobre el impuesto a las ganancias mencion\u00f3 &#8220;esto es de gran importancia que haya entrado en la C\u00e1mara de Diputados de la Naci\u00f3n porque es un proyecto nuestro, del Frente de Todos, y Sergio Massa lo present\u00f3, \u00e9l tuvo siempre esta propuesta de que el salario no es ganancia, por lo tanto nosotros hemos trabajado, durante much\u00edsimo tiempo con esta idea y sin hacer ning\u00fan tipo de promesa lo vamos a cumplir. La semana pasada tuvimos una sesi\u00f3n especial extraordinaria, y en esa sesi\u00f3n no entr\u00f3 ese proyecto para tratarlo pero estimamos que el primero de marzo se abren las sesiones ordinarias y a partir de ah\u00ed ya va a comenzar el tratamiento de este proyecto no m\u00e1s all\u00e1 de marzo, para que en abril ya est\u00e9 reglamentado y los trabajadores y jubilados afectados puedan estar cobrandolo a partir de abril&#8221;.<\/p>\n<p>&#8220;El proyecto ya ingres\u00f3 a la c\u00e1mara y est\u00e1 en la comisi\u00f3n de presupuesto y hacienda, el tema es que nosotros no tenemos sesi\u00f3n, no se ha llamado a extraordinaria para tratar, se va a tratar en sesiones ordinarias y a partir de ah\u00ed ya trabajamos este proyecto en la comisi\u00f3n&#8221;.<\/p>\n<p>Por otro lado Liliana Schwindt sobre el impuesto a las ganancias dijo &#8220;en las arcas del Gobierno Nacional se analiz\u00f3 correctamente porque este proyecto ya lo trabaj\u00f3 el Ministro de econom\u00eda y dieron el visto bueno para que se trate y concrete. Es plata que no se va a ir lo va a gastar en Argentina o en Olavarr\u00eda, es plata que va a entrar en concepto de otros impuestos porque lo va a consumir, es una rueda de consumo interno, no es plata que se va, queda ac\u00e1&#8221;.<\/p>\n<p>&#8220;Ese an\u00e1lisis lo tienen hecho, no va a haber p\u00e9rdida para el estado, se va a fomentar el mercado interno. Se va a votar como est\u00e1, despu\u00e9s se har\u00e1 otra reforma impositiva para otros sectores, para que los trabajadores no paguen m\u00e1s impuestos&#8221;.<\/p>\n<p>A su vez coment\u00f3 &#8220;se necesita de mucho an\u00e1lisis, ceder algunas partes pero se va reconstruyendo toda la situaci\u00f3n, se est\u00e1 haciendo en un momento de pandemia, pero entendemos que es necesario porque el trabajo no es ganancia. Este impuesto de la ganancia lo pagan todos, trabajadores, gente que no es rica, hay que hacer una redistribuci\u00f3n para que la econom\u00eda empiece a marchar&#8221;.<\/p>\n","protected":false},"excerpt":{"rendered":"<p>Liliana Schiwndt sobre el impuesto a las Ganancias sobre el impuesto a las ganacias: &#8220;es&#8230;<\/p>\n","protected":false},"author":1,"featured_media":101321,"comment_status":"closed","ping_status":"closed","sticky":false,"template":"","format":"standard","meta":{"content-type":""},"categories":[27,51],"tags":[],"nelio_content":{"isAutoShareEnabled":false,"autoShareEndMode":"default","automationSources":{"useContentSentences":true,"useSocialTemplates":true,"useCustomSentences":false,"customSentences":[]},"followers":[1],"suggestedReferences":[],"includedReferences":[],"efiUrl":"","efiAlt":"","highlights":[]},"yoast_head":"<!-- This site is optimized with the Yoast SEO plugin v20.7 - https:\/\/yoast.com\/wordpress\/plugins\/seo\/ -->\n<title>Liliana Schwindt sobre el impuesto a las ganancias: &quot;Es importante&quot;<\/title>\n<meta name=\"description\" content=\"Liliana Schiwndt sobre el impuesto a las ganancias mencion\u00f3 que es de gran importancia y que se tratar\u00e1 primero en Diputados de la Naci\u00f3n.\" \/>\n<meta name=\"robots\" content=\"index, follow, max-snippet:-1, max-image-preview:large, max-video-preview:-1\" \/>\n<link rel=\"canonical\" href=\"https:\/\/experienciadevida.com.ar\/portalurbano\/liliana-schwindt-sobre-el-impuesto-a-las-ganancias-es-de-gran-importancia\/\" \/>\n<meta property=\"og:locale\" content=\"es_ES\" \/>\n<meta property=\"og:type\" content=\"article\" \/>\n<meta property=\"og:title\" content=\"Liliana Schwindt sobre el impuesto a las ganancias: &quot;Es importante&quot;\" \/>\n<meta property=\"og:description\" content=\"Liliana Schiwndt sobre el impuesto a las ganancias mencion\u00f3 que es de gran importancia y que se tratar\u00e1 primero en Diputados de la Naci\u00f3n.\" \/>\n<meta property=\"og:url\" content=\"https:\/\/experienciadevida.com.ar\/portalurbano\/liliana-schwindt-sobre-el-impuesto-a-las-ganancias-es-de-gran-importancia\/\" \/>\n<meta property=\"article:publisher\" content=\"https:\/\/www.facebook.com\/Portal-Urbano-171542830093757\/\" \/>\n<meta property=\"article:published_time\" content=\"2021-02-17T13:07:57+00:00\" \/>\n<meta property=\"article:modified_time\" content=\"2021-02-17T13:08:28+00:00\" \/>\n<meta property=\"og:image\" content=\"https:\/\/experienciadevida.com.ar\/portalurbano\/wp-content\/uploads\/2020\/02\/LILIANASCHINDWT.jpg\" \/>\n\t<meta property=\"og:image:width\" content=\"955\" \/>\n\t<meta property=\"og:image:height\" content=\"556\" \/>\n\t<meta property=\"og:image:type\" content=\"image\/jpeg\" \/>\n<meta name=\"author\" content=\"admpu17wp\" \/>\n<meta name=\"twitter:card\" content=\"summary_large_image\" \/>\n<meta name=\"twitter:creator\" content=\"@portalurbanook\" \/>\n<meta name=\"twitter:site\" content=\"@portalurbanook\" \/>\n<meta name=\"twitter:label1\" content=\"Escrito por\" \/>\n\t<meta name=\"twitter:data1\" content=\"admpu17wp\" \/>\n\t<meta name=\"twitter:label2\" content=\"Tiempo de lectura\" \/>\n\t<meta name=\"twitter:data2\" content=\"3 minutos\" \/>\n<script type=\"application\/ld+json\" class=\"yoast-schema-graph\">{\"@context\":\"https:\/\/schema.org\",\"@graph\":[{\"@type\":\"Article\",\"@id\":\"https:\/\/experienciadevida.com.ar\/portalurbano\/liliana-schwindt-sobre-el-impuesto-a-las-ganancias-es-de-gran-importancia\/#article\",\"isPartOf\":{\"@id\":\"https:\/\/experienciadevida.com.ar\/portalurbano\/liliana-schwindt-sobre-el-impuesto-a-las-ganancias-es-de-gran-importancia\/\"},\"author\":{\"name\":\"admpu17wp\",\"@id\":\"https:\/\/experienciadevida.com.ar\/portalurbano\/#\/schema\/person\/02dd326b1c4b056e9cc972486934a3a7\"},\"headline\":\"Liliana Schwindt sobre el impuesto a las ganancias: &#8220;Es de gran importancia&#8221;\",\"datePublished\":\"2021-02-17T13:07:57+00:00\",\"dateModified\":\"2021-02-17T13:08:28+00:00\",\"mainEntityOfPage\":{\"@id\":\"https:\/\/experienciadevida.com.ar\/portalurbano\/liliana-schwindt-sobre-el-impuesto-a-las-ganancias-es-de-gran-importancia\/\"},\"wordCount\":522,\"publisher\":{\"@id\":\"https:\/\/experienciadevida.com.ar\/portalurbano\/#organization\"},\"articleSection\":[\"Ciudad\",\"Destacadas\"],\"inLanguage\":\"es\"},{\"@type\":\"WebPage\",\"@id\":\"https:\/\/experienciadevida.com.ar\/portalurbano\/liliana-schwindt-sobre-el-impuesto-a-las-ganancias-es-de-gran-importancia\/\",\"url\":\"https:\/\/experienciadevida.com.ar\/portalurbano\/liliana-schwindt-sobre-el-impuesto-a-las-ganancias-es-de-gran-importancia\/\",\"name\":\"Liliana Schwindt sobre el impuesto a las ganancias: \\\"Es importante\\\"\",\"isPartOf\":{\"@id\":\"https:\/\/experienciadevida.com.ar\/portalurbano\/#website\"},\"datePublished\":\"2021-02-17T13:07:57+00:00\",\"dateModified\":\"2021-02-17T13:08:28+00:00\",\"description\":\"Liliana Schiwndt sobre el impuesto a las ganancias mencion\u00f3 que es de gran importancia y que se tratar\u00e1 primero en Diputados de la Naci\u00f3n.\",\"breadcrumb\":{\"@id\":\"https:\/\/experienciadevida.com.ar\/portalurbano\/liliana-schwindt-sobre-el-impuesto-a-las-ganancias-es-de-gran-importancia\/#breadcrumb\"},\"inLanguage\":\"es\",\"potentialAction\":[{\"@type\":\"ReadAction\",\"target\":[\"https:\/\/experienciadevida.com.ar\/portalurbano\/liliana-schwindt-sobre-el-impuesto-a-las-ganancias-es-de-gran-importancia\/\"]}]},{\"@type\":\"BreadcrumbList\",\"@id\":\"https:\/\/experienciadevida.com.ar\/portalurbano\/liliana-schwindt-sobre-el-impuesto-a-las-ganancias-es-de-gran-importancia\/#breadcrumb\",\"itemListElement\":[{\"@type\":\"ListItem\",\"position\":1,\"name\":\"Portada\",\"item\":\"https:\/\/experienciadevida.com.ar\/portalurbano\/\"},{\"@type\":\"ListItem\",\"position\":2,\"name\":\"Liliana Schwindt sobre el impuesto a las ganancias: \u00abEs de gran importancia\u00bb\"}]},{\"@type\":\"WebSite\",\"@id\":\"https:\/\/experienciadevida.com.ar\/portalurbano\/#website\",\"url\":\"https:\/\/experienciadevida.com.ar\/portalurbano\/\",\"name\":\"\",\"description\":\"\",\"publisher\":{\"@id\":\"https:\/\/experienciadevida.com.ar\/portalurbano\/#organization\"},\"potentialAction\":[{\"@type\":\"SearchAction\",\"target\":{\"@type\":\"EntryPoint\",\"urlTemplate\":\"https:\/\/experienciadevida.com.ar\/portalurbano\/?s={search_term_string}\"},\"query-input\":\"required name=search_term_string\"}],\"inLanguage\":\"es\"},{\"@type\":\"Organization\",\"@id\":\"https:\/\/experienciadevida.com.ar\/portalurbano\/#organization\",\"name\":\"Portal Urbano\",\"url\":\"https:\/\/experienciadevida.com.ar\/portalurbano\/\",\"logo\":{\"@type\":\"ImageObject\",\"inLanguage\":\"es\",\"@id\":\"https:\/\/experienciadevida.com.ar\/portalurbano\/#\/schema\/logo\/image\/\",\"url\":\"https:\/\/experienciadevida.com.ar\/portalurbano\/wp-content\/uploads\/2019\/09\/Logo-Original.png\",\"contentUrl\":\"https:\/\/experienciadevida.com.ar\/portalurbano\/wp-content\/uploads\/2019\/09\/Logo-Original.png\",\"width\":2236,\"height\":1216,\"caption\":\"Portal Urbano\"},\"image\":{\"@id\":\"https:\/\/experienciadevida.com.ar\/portalurbano\/#\/schema\/logo\/image\/\"},\"sameAs\":[\"https:\/\/www.facebook.com\/Portal-Urbano-171542830093757\/\",\"https:\/\/twitter.com\/portalurbanook\",\"https:\/\/www.instagram.com\/_portalurbano\/\",\"https:\/\/www.youtube.com\/channel\/UCXhagIfszH8KxFiOok79zbA?view_as=subscriber\"]},{\"@type\":\"Person\",\"@id\":\"https:\/\/experienciadevida.com.ar\/portalurbano\/#\/schema\/person\/02dd326b1c4b056e9cc972486934a3a7\",\"name\":\"admpu17wp\",\"image\":{\"@type\":\"ImageObject\",\"inLanguage\":\"es\",\"@id\":\"https:\/\/experienciadevida.com.ar\/portalurbano\/#\/schema\/person\/image\/\",\"url\":\"https:\/\/secure.gravatar.com\/avatar\/830d4c57adaae6630765e449a6908047?s=96&d=mm&r=g\",\"contentUrl\":\"https:\/\/secure.gravatar.com\/avatar\/830d4c57adaae6630765e449a6908047?s=96&d=mm&r=g\",\"caption\":\"admpu17wp\"}}]}<\/script>\n<!-- \/ Yoast SEO plugin. -->","yoast_head_json":{"title":"Liliana Schwindt sobre el impuesto a las ganancias: \"Es importante\"","description":"Liliana Schiwndt sobre el impuesto a las ganancias mencion\u00f3 que es de gran importancia y que se tratar\u00e1 primero en Diputados de la Naci\u00f3n.","robots":{"index":"index","follow":"follow","max-snippet":"max-snippet:-1","max-image-preview":"max-image-preview:large","max-video-preview":"max-video-preview:-1"},"canonical":"https:\/\/experienciadevida.com.ar\/portalurbano\/liliana-schwindt-sobre-el-impuesto-a-las-ganancias-es-de-gran-importancia\/","og_locale":"es_ES","og_type":"article","og_title":"Liliana Schwindt sobre el impuesto a las ganancias: \"Es importante\"","og_description":"Liliana Schiwndt sobre el impuesto a las ganancias mencion\u00f3 que es de gran importancia y que se tratar\u00e1 primero en Diputados de la Naci\u00f3n.","og_url":"https:\/\/experienciadevida.com.ar\/portalurbano\/liliana-schwindt-sobre-el-impuesto-a-las-ganancias-es-de-gran-importancia\/","article_publisher":"https:\/\/www.facebook.com\/Portal-Urbano-171542830093757\/","article_published_time":"2021-02-17T13:07:57+00:00","article_modified_time":"2021-02-17T13:08:28+00:00","og_image":[{"width":955,"height":556,"url":"https:\/\/experienciadevida.com.ar\/portalurbano\/wp-content\/uploads\/2020\/02\/LILIANASCHINDWT.jpg","type":"image\/jpeg"}],"author":"admpu17wp","twitter_card":"summary_large_image","twitter_creator":"@portalurbanook","twitter_site":"@portalurbanook","twitter_misc":{"Escrito por":"admpu17wp","Tiempo de lectura":"3 minutos"},"schema":{"@context":"https:\/\/schema.org","@graph":[{"@type":"Article","@id":"https:\/\/experienciadevida.com.ar\/portalurbano\/liliana-schwindt-sobre-el-impuesto-a-las-ganancias-es-de-gran-importancia\/#article","isPartOf":{"@id":"https:\/\/experienciadevida.com.ar\/portalurbano\/liliana-schwindt-sobre-el-impuesto-a-las-ganancias-es-de-gran-importancia\/"},"author":{"name":"admpu17wp","@id":"https:\/\/experienciadevida.com.ar\/portalurbano\/#\/schema\/person\/02dd326b1c4b056e9cc972486934a3a7"},"headline":"Liliana Schwindt sobre el impuesto a las ganancias: &#8220;Es de gran importancia&#8221;","datePublished":"2021-02-17T13:07:57+00:00","dateModified":"2021-02-17T13:08:28+00:00","mainEntityOfPage":{"@id":"https:\/\/experienciadevida.com.ar\/portalurbano\/liliana-schwindt-sobre-el-impuesto-a-las-ganancias-es-de-gran-importancia\/"},"wordCount":522,"publisher":{"@id":"https:\/\/experienciadevida.com.ar\/portalurbano\/#organization"},"articleSection":["Ciudad","Destacadas"],"inLanguage":"es"},{"@type":"WebPage","@id":"https:\/\/experienciadevida.com.ar\/portalurbano\/liliana-schwindt-sobre-el-impuesto-a-las-ganancias-es-de-gran-importancia\/","url":"https:\/\/experienciadevida.com.ar\/portalurbano\/liliana-schwindt-sobre-el-impuesto-a-las-ganancias-es-de-gran-importancia\/","name":"Liliana Schwindt sobre el impuesto a las ganancias: \"Es importante\"","isPartOf":{"@id":"https:\/\/experienciadevida.com.ar\/portalurbano\/#website"},"datePublished":"2021-02-17T13:07:57+00:00","dateModified":"2021-02-17T13:08:28+00:00","description":"Liliana Schiwndt sobre el impuesto a las ganancias mencion\u00f3 que es de gran importancia y que se tratar\u00e1 primero en Diputados de la Naci\u00f3n.","breadcrumb":{"@id":"https:\/\/experienciadevida.com.ar\/portalurbano\/liliana-schwindt-sobre-el-impuesto-a-las-ganancias-es-de-gran-importancia\/#breadcrumb"},"inLanguage":"es","potentialAction":[{"@type":"ReadAction","target":["https:\/\/experienciadevida.com.ar\/portalurbano\/liliana-schwindt-sobre-el-impuesto-a-las-ganancias-es-de-gran-importancia\/"]}]},{"@type":"BreadcrumbList","@id":"https:\/\/experienciadevida.com.ar\/portalurbano\/liliana-schwindt-sobre-el-impuesto-a-las-ganancias-es-de-gran-importancia\/#breadcrumb","itemListElement":[{"@type":"ListItem","position":1,"name":"Portada","item":"https:\/\/experienciadevida.com.ar\/portalurbano\/"},{"@type":"ListItem","position":2,"name":"Liliana Schwindt sobre el impuesto a las ganancias: \u00abEs de gran importancia\u00bb"}]},{"@type":"WebSite","@id":"https:\/\/experienciadevida.com.ar\/portalurbano\/#website","url":"https:\/\/experienciadevida.com.ar\/portalurbano\/","name":"","description":"","publisher":{"@id":"https:\/\/experienciadevida.com.ar\/portalurbano\/#organization"},"potentialAction":[{"@type":"SearchAction","target":{"@type":"EntryPoint","urlTemplate":"https:\/\/experienciadevida.com.ar\/portalurbano\/?s={search_term_string}"},"query-input":"required name=search_term_string"}],"inLanguage":"es"},{"@type":"Organization","@id":"https:\/\/experienciadevida.com.ar\/portalurbano\/#organization","name":"Portal Urbano","url":"https:\/\/experienciadevida.com.ar\/portalurbano\/","logo":{"@type":"ImageObject","inLanguage":"es","@id":"https:\/\/experienciadevida.com.ar\/portalurbano\/#\/schema\/logo\/image\/","url":"https:\/\/experienciadevida.com.ar\/portalurbano\/wp-content\/uploads\/2019\/09\/Logo-Original.png","contentUrl":"https:\/\/experienciadevida.com.ar\/portalurbano\/wp-content\/uploads\/2019\/09\/Logo-Original.png","width":2236,"height":1216,"caption":"Portal Urbano"},"image":{"@id":"https:\/\/experienciadevida.com.ar\/portalurbano\/#\/schema\/logo\/image\/"},"sameAs":["https:\/\/www.facebook.com\/Portal-Urbano-171542830093757\/","https:\/\/twitter.com\/portalurbanook","https:\/\/www.instagram.com\/_portalurbano\/","https:\/\/www.youtube.com\/channel\/UCXhagIfszH8KxFiOok79zbA?view_as=subscriber"]},{"@type":"Person","@id":"https:\/\/experienciadevida.com.ar\/portalurbano\/#\/schema\/person\/02dd326b1c4b056e9cc972486934a3a7","name":"admpu17wp","image":{"@type":"ImageObject","inLanguage":"es","@id":"https:\/\/experienciadevida.com.ar\/portalurbano\/#\/schema\/person\/image\/","url":"https:\/\/secure.gravatar.com\/avatar\/830d4c57adaae6630765e449a6908047?s=96&d=mm&r=g","contentUrl":"https:\/\/secure.gravatar.com\/avatar\/830d4c57adaae6630765e449a6908047?s=96&d=mm&r=g","caption":"admpu17wp"}}]}},"featured_image_urls":{"full":["https:\/\/experienciadevida.com.ar\/portalurbano\/wp-content\/uploads\/2020\/02\/LILIANASCHINDWT.jpg",955,556,false],"thumbnail":["https:\/\/experienciadevida.com.ar\/portalurbano\/wp-content\/uploads\/2020\/02\/LILIANASCHINDWT-150x150.jpg",150,150,true],"medium":["https:\/\/experienciadevida.com.ar\/portalurbano\/wp-content\/uploads\/2020\/02\/LILIANASCHINDWT-300x175.jpg",300,175,true],"medium_large":["https:\/\/experienciadevida.com.ar\/portalurbano\/wp-content\/uploads\/2020\/02\/LILIANASCHINDWT-768x447.jpg",640,373,true],"large":["https:\/\/experienciadevida.com.ar\/portalurbano\/wp-content\/uploads\/2020\/02\/LILIANASCHINDWT.jpg",640,373,false],"ug_big":["https:\/\/experienciadevida.com.ar\/portalurbano\/wp-content\/uploads\/2020\/02\/LILIANASCHINDWT-768x447.jpg",768,447,true],"1536x1536":["https:\/\/experienciadevida.com.ar\/portalurbano\/wp-content\/uploads\/2020\/02\/LILIANASCHINDWT.jpg",955,556,false],"2048x2048":["https:\/\/experienciadevida.com.ar\/portalurbano\/wp-content\/uploads\/2020\/02\/LILIANASCHINDWT.jpg",955,556,false],"newsever-slider-full":["https:\/\/experienciadevida.com.ar\/portalurbano\/wp-content\/uploads\/2020\/02\/LILIANASCHINDWT.jpg",955,556,false],"newsever-featured":["https:\/\/experienciadevida.com.ar\/portalurbano\/wp-content\/uploads\/2020\/02\/LILIANASCHINDWT.jpg",955,556,false],"newsever-medium":["https:\/\/experienciadevida.com.ar\/portalurbano\/wp-content\/uploads\/2020\/02\/LILIANASCHINDWT.jpg",720,419,false],"web-stories-poster-portrait":["https:\/\/experienciadevida.com.ar\/portalurbano\/wp-content\/uploads\/2020\/02\/LILIANASCHINDWT.jpg",640,373,false],"web-stories-publisher-logo":["https:\/\/experienciadevida.com.ar\/portalurbano\/wp-content\/uploads\/2020\/02\/LILIANASCHINDWT.jpg",96,56,false],"web-stories-thumbnail":["https:\/\/experienciadevida.com.ar\/portalurbano\/wp-content\/uploads\/2020\/02\/LILIANASCHINDWT.jpg",150,87,false]},"author_info":{"display_name":"admpu17wp","author_link":"https:\/\/experienciadevida.com.ar\/portalurbano\/author\/admpu17wp\/"},"category_info":"<a href=\"https:\/\/experienciadevida.com.ar\/portalurbano\/category\/ciudad\/\" rel=\"category tag\">Ciudad<\/a> <a href=\"https:\/\/experienciadevida.com.ar\/portalurbano\/category\/destacadas\/\" rel=\"category tag\">Destacadas<\/a>","tag_info":"Destacadas","comment_count":"0","amp_enabled":true,"_links":{"self":[{"href":"https:\/\/experienciadevida.com.ar\/portalurbano\/wp-json\/wp\/v2\/posts\/135221"}],"collection":[{"href":"https:\/\/experienciadevida.com.ar\/portalurbano\/wp-json\/wp\/v2\/posts"}],"about":[{"href":"https:\/\/experienciadevida.com.ar\/portalurbano\/wp-json\/wp\/v2\/types\/post"}],"author":[{"embeddable":true,"href":"https:\/\/experienciadevida.com.ar\/portalurbano\/wp-json\/wp\/v2\/users\/1"}],"replies":[{"embeddable":true,"href":"https:\/\/experienciadevida.com.ar\/portalurbano\/wp-json\/wp\/v2\/comments?post=135221"}],"version-history":[{"count":1,"href":"https:\/\/experienciadevida.com.ar\/portalurbano\/wp-json\/wp\/v2\/posts\/135221\/revisions"}],"predecessor-version":[{"id":135222,"href":"https:\/\/experienciadevida.com.ar\/portalurbano\/wp-json\/wp\/v2\/posts\/135221\/revisions\/135222"}],"wp:featuredmedia":[{"embeddable":true,"href":"https:\/\/experienciadevida.com.ar\/portalurbano\/wp-json\/wp\/v2\/media\/101321"}],"wp:attachment":[{"href":"https:\/\/experienciadevida.com.ar\/portalurbano\/wp-json\/wp\/v2\/media?parent=135221"}],"wp:term":[{"taxonomy":"category","embeddable":true,"href":"https:\/\/experienciadevida.com.ar\/portalurbano\/wp-json\/wp\/v2\/categories?post=135221"},{"taxonomy":"post_tag","embeddable":true,"href":"https:\/\/experienciadevida.com.ar\/portalurbano\/wp-json\/wp\/v2\/tags?post=135221"}],"curies":[{"name":"wp","href":"https:\/\/api.w.org\/{rel}","templated":true}]}}