{"id":135211,"date":"2021-02-16T20:31:10","date_gmt":"2021-02-16T23:31:10","guid":{"rendered":"https:\/\/experienciadevida.com.ar\/portalurbano\/?p=135211"},"modified":"2021-02-16T20:36:12","modified_gmt":"2021-02-16T23:36:12","slug":"el-municipio-realizara-el-programa-aulas-seguras","status":"publish","type":"post","link":"https:\/\/experienciadevida.com.ar\/portalurbano\/el-municipio-realizara-el-programa-aulas-seguras\/","title":{"rendered":"El Municipio realizar\u00e1 el programa \u201cAulas Seguras\u201d"},"content":{"rendered":"<p>Aulas Seguras. El Gobierno <a href=\"https:\/\/www.olavarria.gov.ar\/\">Municipal<\/a>, a trav\u00e9s de la Secretar\u00eda de Salud, implementar\u00e1 desde el pr\u00f3ximo 23 de febrero el Programa \u201cRTA \u2013 Aulas Seguras\u201d.<\/p>\n<p>Desde la cartera sanitaria informaron que \u201cAulas Seguras\u201d es un programa en el que se le realizar\u00e1n hisopados a todo el personal docente y no docente del Partido que presenten s\u00edntomas compatibles con Covid-19: \u00a0tos, dolor de garganta, falta de olfato, falta de gusto, mialgias, cefalea, fiebre mayor a 37.5\u00b0, falta de aire y m\u00e1s de 48 horas de diarrea.<\/p>\n<p>Los d\u00edas que se llevar\u00e1 adelante el Programa ser\u00e1n el martes 23 y jueves 25 de febrero a las 10 horas en el Paseo de la Salud, ubicado en Belgrano y Brown.<\/p>\n<p>Al respecto, el Secretario de Salud Municipal Germ\u00e1n Caputo expres\u00f3:\u00a0<em>\u201cqueremos que la vuelta a clases de los alumnos del Partido de Olavarr\u00eda sea lo m\u00e1s cuidada posible. Sabemos que la soluci\u00f3n definitiva es la vacunaci\u00f3n de toda la poblaci\u00f3n pero para eso falta todav\u00eda\u201d.<\/em><\/p>\n<p><em>\u201cPor eso\u00a0 ponemos a disposici\u00f3n los recursos sanitarios que tiene el Gobierno Municipal para que docentes, no docentes, padres, madres y alumnos tengan las mejores condiciones en el regreso a la presencialidad y confiamos en el programa RTA que nos trajo buenos resultados\u201d<\/em>, agreg\u00f3 el funcionario.<\/p>\n<p>Finalmente, el propio Caputo inform\u00f3 que los docentes y no docentes que necesiten un hisopado en otros d\u00edas de los pautados en \u201cAulas Seguras\u201d podr\u00e1n concurrir a los lugares de testeos asignados para el resto de la poblaci\u00f3n.<\/p>\n","protected":false},"excerpt":{"rendered":"<p>Aulas Seguras. El Gobierno Municipal, a trav\u00e9s de la Secretar\u00eda de Salud, implementar\u00e1 desde el&#8230;<\/p>\n","protected":false},"author":1,"featured_media":135212,"comment_status":"closed","ping_status":"closed","sticky":false,"template":"","format":"standard","meta":{"content-type":""},"categories":[27,64],"tags":[620],"nelio_content":{"isAutoShareEnabled":false,"autoShareEndMode":"default","automationSources":{"useContentSentences":true,"useSocialTemplates":true,"useCustomSentences":false,"customSentences":[]},"followers":[1],"suggestedReferences":[],"includedReferences":["https:\/\/www.olavarria.gov.ar\/"],"efiUrl":"","efiAlt":"","highlights":[]},"yoast_head":"<!-- This site is optimized with the Yoast SEO plugin v20.7 - https:\/\/yoast.com\/wordpress\/plugins\/seo\/ -->\n<title>Aulas Seguras .El Municipio realizar\u00e1 el programa a Tr\u00e1vez de la Secretaria<\/title>\n<meta name=\"description\" content=\"El Gobierno Municipal, a trav\u00e9s de la Secretar\u00eda de Salud, implementar\u00e1 desde el pr\u00f3ximo 23 de febrero el Programa \u201cRTA \u2013 Aulas Seguras\u201d.\" \/>\n<meta name=\"robots\" content=\"index, follow, max-snippet:-1, max-image-preview:large, max-video-preview:-1\" \/>\n<link rel=\"canonical\" href=\"https:\/\/experienciadevida.com.ar\/portalurbano\/el-municipio-realizara-el-programa-aulas-seguras\/\" \/>\n<meta property=\"og:locale\" content=\"es_ES\" \/>\n<meta property=\"og:type\" content=\"article\" \/>\n<meta property=\"og:title\" content=\"Aulas Seguras .El Municipio realizar\u00e1 el programa a Tr\u00e1vez de la Secretaria\" \/>\n<meta property=\"og:description\" content=\"El Gobierno Municipal, a trav\u00e9s de la Secretar\u00eda de Salud, implementar\u00e1 desde el pr\u00f3ximo 23 de febrero el Programa \u201cRTA \u2013 Aulas Seguras\u201d.\" \/>\n<meta property=\"og:url\" content=\"https:\/\/experienciadevida.com.ar\/portalurbano\/el-municipio-realizara-el-programa-aulas-seguras\/\" \/>\n<meta property=\"article:publisher\" content=\"https:\/\/www.facebook.com\/Portal-Urbano-171542830093757\/\" \/>\n<meta property=\"article:published_time\" content=\"2021-02-16T23:31:10+00:00\" \/>\n<meta property=\"article:modified_time\" content=\"2021-02-16T23:36:12+00:00\" \/>\n<meta property=\"og:image\" content=\"https:\/\/experienciadevida.com.ar\/portalurbano\/wp-content\/uploads\/2021\/02\/Salud-Rta-B\u00b0-Independencia-2-1024x683-1-e1613518258293.jpg\" \/>\n\t<meta property=\"og:image:width\" content=\"800\" \/>\n\t<meta property=\"og:image:height\" content=\"534\" \/>\n\t<meta property=\"og:image:type\" content=\"image\/jpeg\" \/>\n<meta name=\"author\" content=\"admpu17wp\" \/>\n<meta name=\"twitter:card\" content=\"summary_large_image\" \/>\n<meta name=\"twitter:creator\" content=\"@portalurbanook\" \/>\n<meta name=\"twitter:site\" content=\"@portalurbanook\" \/>\n<meta name=\"twitter:label1\" content=\"Escrito por\" \/>\n\t<meta name=\"twitter:data1\" content=\"admpu17wp\" \/>\n\t<meta name=\"twitter:label2\" content=\"Tiempo de lectura\" \/>\n\t<meta name=\"twitter:data2\" content=\"2 minutos\" \/>\n<script type=\"application\/ld+json\" class=\"yoast-schema-graph\">{\"@context\":\"https:\/\/schema.org\",\"@graph\":[{\"@type\":\"Article\",\"@id\":\"https:\/\/experienciadevida.com.ar\/portalurbano\/el-municipio-realizara-el-programa-aulas-seguras\/#article\",\"isPartOf\":{\"@id\":\"https:\/\/experienciadevida.com.ar\/portalurbano\/el-municipio-realizara-el-programa-aulas-seguras\/\"},\"author\":{\"name\":\"admpu17wp\",\"@id\":\"https:\/\/experienciadevida.com.ar\/portalurbano\/#\/schema\/person\/02dd326b1c4b056e9cc972486934a3a7\"},\"headline\":\"El Municipio realizar\u00e1 el programa \u201cAulas Seguras\u201d\",\"datePublished\":\"2021-02-16T23:31:10+00:00\",\"dateModified\":\"2021-02-16T23:36:12+00:00\",\"mainEntityOfPage\":{\"@id\":\"https:\/\/experienciadevida.com.ar\/portalurbano\/el-municipio-realizara-el-programa-aulas-seguras\/\"},\"wordCount\":265,\"publisher\":{\"@id\":\"https:\/\/experienciadevida.com.ar\/portalurbano\/#organization\"},\"keywords\":[\"AULAS SEGURAS\"],\"articleSection\":[\"Ciudad\",\"Destacadas 2\"],\"inLanguage\":\"es\"},{\"@type\":\"WebPage\",\"@id\":\"https:\/\/experienciadevida.com.ar\/portalurbano\/el-municipio-realizara-el-programa-aulas-seguras\/\",\"url\":\"https:\/\/experienciadevida.com.ar\/portalurbano\/el-municipio-realizara-el-programa-aulas-seguras\/\",\"name\":\"Aulas Seguras .El Municipio realizar\u00e1 el programa a Tr\u00e1vez de la Secretaria\",\"isPartOf\":{\"@id\":\"https:\/\/experienciadevida.com.ar\/portalurbano\/#website\"},\"datePublished\":\"2021-02-16T23:31:10+00:00\",\"dateModified\":\"2021-02-16T23:36:12+00:00\",\"description\":\"El Gobierno Municipal, a trav\u00e9s de la Secretar\u00eda de Salud, implementar\u00e1 desde el pr\u00f3ximo 23 de febrero el Programa \u201cRTA \u2013 Aulas Seguras\u201d.\",\"breadcrumb\":{\"@id\":\"https:\/\/experienciadevida.com.ar\/portalurbano\/el-municipio-realizara-el-programa-aulas-seguras\/#breadcrumb\"},\"inLanguage\":\"es\",\"potentialAction\":[{\"@type\":\"ReadAction\",\"target\":[\"https:\/\/experienciadevida.com.ar\/portalurbano\/el-municipio-realizara-el-programa-aulas-seguras\/\"]}]},{\"@type\":\"BreadcrumbList\",\"@id\":\"https:\/\/experienciadevida.com.ar\/portalurbano\/el-municipio-realizara-el-programa-aulas-seguras\/#breadcrumb\",\"itemListElement\":[{\"@type\":\"ListItem\",\"position\":1,\"name\":\"Portada\",\"item\":\"https:\/\/experienciadevida.com.ar\/portalurbano\/\"},{\"@type\":\"ListItem\",\"position\":2,\"name\":\"El Municipio realizar\u00e1 el programa \u201cAulas Seguras\u201d\"}]},{\"@type\":\"WebSite\",\"@id\":\"https:\/\/experienciadevida.com.ar\/portalurbano\/#website\",\"url\":\"https:\/\/experienciadevida.com.ar\/portalurbano\/\",\"name\":\"\",\"description\":\"\",\"publisher\":{\"@id\":\"https:\/\/experienciadevida.com.ar\/portalurbano\/#organization\"},\"potentialAction\":[{\"@type\":\"SearchAction\",\"target\":{\"@type\":\"EntryPoint\",\"urlTemplate\":\"https:\/\/experienciadevida.com.ar\/portalurbano\/?s={search_term_string}\"},\"query-input\":\"required name=search_term_string\"}],\"inLanguage\":\"es\"},{\"@type\":\"Organization\",\"@id\":\"https:\/\/experienciadevida.com.ar\/portalurbano\/#organization\",\"name\":\"Portal Urbano\",\"url\":\"https:\/\/experienciadevida.com.ar\/portalurbano\/\",\"logo\":{\"@type\":\"ImageObject\",\"inLanguage\":\"es\",\"@id\":\"https:\/\/experienciadevida.com.ar\/portalurbano\/#\/schema\/logo\/image\/\",\"url\":\"https:\/\/experienciadevida.com.ar\/portalurbano\/wp-content\/uploads\/2019\/09\/Logo-Original.png\",\"contentUrl\":\"https:\/\/experienciadevida.com.ar\/portalurbano\/wp-content\/uploads\/2019\/09\/Logo-Original.png\",\"width\":2236,\"height\":1216,\"caption\":\"Portal Urbano\"},\"image\":{\"@id\":\"https:\/\/experienciadevida.com.ar\/portalurbano\/#\/schema\/logo\/image\/\"},\"sameAs\":[\"https:\/\/www.facebook.com\/Portal-Urbano-171542830093757\/\",\"https:\/\/twitter.com\/portalurbanook\",\"https:\/\/www.instagram.com\/_portalurbano\/\",\"https:\/\/www.youtube.com\/channel\/UCXhagIfszH8KxFiOok79zbA?view_as=subscriber\"]},{\"@type\":\"Person\",\"@id\":\"https:\/\/experienciadevida.com.ar\/portalurbano\/#\/schema\/person\/02dd326b1c4b056e9cc972486934a3a7\",\"name\":\"admpu17wp\",\"image\":{\"@type\":\"ImageObject\",\"inLanguage\":\"es\",\"@id\":\"https:\/\/experienciadevida.com.ar\/portalurbano\/#\/schema\/person\/image\/\",\"url\":\"https:\/\/secure.gravatar.com\/avatar\/830d4c57adaae6630765e449a6908047?s=96&d=mm&r=g\",\"contentUrl\":\"https:\/\/secure.gravatar.com\/avatar\/830d4c57adaae6630765e449a6908047?s=96&d=mm&r=g\",\"caption\":\"admpu17wp\"}}]}<\/script>\n<!-- \/ Yoast SEO plugin. -->","yoast_head_json":{"title":"Aulas Seguras .El Municipio realizar\u00e1 el programa a Tr\u00e1vez de la Secretaria","description":"El Gobierno Municipal, a trav\u00e9s de la Secretar\u00eda de Salud, implementar\u00e1 desde el pr\u00f3ximo 23 de febrero el Programa \u201cRTA \u2013 Aulas Seguras\u201d.","robots":{"index":"index","follow":"follow","max-snippet":"max-snippet:-1","max-image-preview":"max-image-preview:large","max-video-preview":"max-video-preview:-1"},"canonical":"https:\/\/experienciadevida.com.ar\/portalurbano\/el-municipio-realizara-el-programa-aulas-seguras\/","og_locale":"es_ES","og_type":"article","og_title":"Aulas Seguras .El Municipio realizar\u00e1 el programa a Tr\u00e1vez de la Secretaria","og_description":"El Gobierno Municipal, a trav\u00e9s de la Secretar\u00eda de Salud, implementar\u00e1 desde el pr\u00f3ximo 23 de febrero el Programa \u201cRTA \u2013 Aulas Seguras\u201d.","og_url":"https:\/\/experienciadevida.com.ar\/portalurbano\/el-municipio-realizara-el-programa-aulas-seguras\/","article_publisher":"https:\/\/www.facebook.com\/Portal-Urbano-171542830093757\/","article_published_time":"2021-02-16T23:31:10+00:00","article_modified_time":"2021-02-16T23:36:12+00:00","og_image":[{"width":800,"height":534,"url":"https:\/\/experienciadevida.com.ar\/portalurbano\/wp-content\/uploads\/2021\/02\/Salud-Rta-B\u00b0-Independencia-2-1024x683-1-e1613518258293.jpg","type":"image\/jpeg"}],"author":"admpu17wp","twitter_card":"summary_large_image","twitter_creator":"@portalurbanook","twitter_site":"@portalurbanook","twitter_misc":{"Escrito por":"admpu17wp","Tiempo de lectura":"2 minutos"},"schema":{"@context":"https:\/\/schema.org","@graph":[{"@type":"Article","@id":"https:\/\/experienciadevida.com.ar\/portalurbano\/el-municipio-realizara-el-programa-aulas-seguras\/#article","isPartOf":{"@id":"https:\/\/experienciadevida.com.ar\/portalurbano\/el-municipio-realizara-el-programa-aulas-seguras\/"},"author":{"name":"admpu17wp","@id":"https:\/\/experienciadevida.com.ar\/portalurbano\/#\/schema\/person\/02dd326b1c4b056e9cc972486934a3a7"},"headline":"El Municipio realizar\u00e1 el programa \u201cAulas Seguras\u201d","datePublished":"2021-02-16T23:31:10+00:00","dateModified":"2021-02-16T23:36:12+00:00","mainEntityOfPage":{"@id":"https:\/\/experienciadevida.com.ar\/portalurbano\/el-municipio-realizara-el-programa-aulas-seguras\/"},"wordCount":265,"publisher":{"@id":"https:\/\/experienciadevida.com.ar\/portalurbano\/#organization"},"keywords":["AULAS SEGURAS"],"articleSection":["Ciudad","Destacadas 2"],"inLanguage":"es"},{"@type":"WebPage","@id":"https:\/\/experienciadevida.com.ar\/portalurbano\/el-municipio-realizara-el-programa-aulas-seguras\/","url":"https:\/\/experienciadevida.com.ar\/portalurbano\/el-municipio-realizara-el-programa-aulas-seguras\/","name":"Aulas Seguras .El Municipio realizar\u00e1 el programa a Tr\u00e1vez de la Secretaria","isPartOf":{"@id":"https:\/\/experienciadevida.com.ar\/portalurbano\/#website"},"datePublished":"2021-02-16T23:31:10+00:00","dateModified":"2021-02-16T23:36:12+00:00","description":"El Gobierno Municipal, a trav\u00e9s de la Secretar\u00eda de Salud, implementar\u00e1 desde el pr\u00f3ximo 23 de febrero el Programa \u201cRTA \u2013 Aulas Seguras\u201d.","breadcrumb":{"@id":"https:\/\/experienciadevida.com.ar\/portalurbano\/el-municipio-realizara-el-programa-aulas-seguras\/#breadcrumb"},"inLanguage":"es","potentialAction":[{"@type":"ReadAction","target":["https:\/\/experienciadevida.com.ar\/portalurbano\/el-municipio-realizara-el-programa-aulas-seguras\/"]}]},{"@type":"BreadcrumbList","@id":"https:\/\/experienciadevida.com.ar\/portalurbano\/el-municipio-realizara-el-programa-aulas-seguras\/#breadcrumb","itemListElement":[{"@type":"ListItem","position":1,"name":"Portada","item":"https:\/\/experienciadevida.com.ar\/portalurbano\/"},{"@type":"ListItem","position":2,"name":"El Municipio realizar\u00e1 el programa \u201cAulas Seguras\u201d"}]},{"@type":"WebSite","@id":"https:\/\/experienciadevida.com.ar\/portalurbano\/#website","url":"https:\/\/experienciadevida.com.ar\/portalurbano\/","name":"","description":"","publisher":{"@id":"https:\/\/experienciadevida.com.ar\/portalurbano\/#organization"},"potentialAction":[{"@type":"SearchAction","target":{"@type":"EntryPoint","urlTemplate":"https:\/\/experienciadevida.com.ar\/portalurbano\/?s={search_term_string}"},"query-input":"required name=search_term_string"}],"inLanguage":"es"},{"@type":"Organization","@id":"https:\/\/experienciadevida.com.ar\/portalurbano\/#organization","name":"Portal Urbano","url":"https:\/\/experienciadevida.com.ar\/portalurbano\/","logo":{"@type":"ImageObject","inLanguage":"es","@id":"https:\/\/experienciadevida.com.ar\/portalurbano\/#\/schema\/logo\/image\/","url":"https:\/\/experienciadevida.com.ar\/portalurbano\/wp-content\/uploads\/2019\/09\/Logo-Original.png","contentUrl":"https:\/\/experienciadevida.com.ar\/portalurbano\/wp-content\/uploads\/2019\/09\/Logo-Original.png","width":2236,"height":1216,"caption":"Portal Urbano"},"image":{"@id":"https:\/\/experienciadevida.com.ar\/portalurbano\/#\/schema\/logo\/image\/"},"sameAs":["https:\/\/www.facebook.com\/Portal-Urbano-171542830093757\/","https:\/\/twitter.com\/portalurbanook","https:\/\/www.instagram.com\/_portalurbano\/","https:\/\/www.youtube.com\/channel\/UCXhagIfszH8KxFiOok79zbA?view_as=subscriber"]},{"@type":"Person","@id":"https:\/\/experienciadevida.com.ar\/portalurbano\/#\/schema\/person\/02dd326b1c4b056e9cc972486934a3a7","name":"admpu17wp","image":{"@type":"ImageObject","inLanguage":"es","@id":"https:\/\/experienciadevida.com.ar\/portalurbano\/#\/schema\/person\/image\/","url":"https:\/\/secure.gravatar.com\/avatar\/830d4c57adaae6630765e449a6908047?s=96&d=mm&r=g","contentUrl":"https:\/\/secure.gravatar.com\/avatar\/830d4c57adaae6630765e449a6908047?s=96&d=mm&r=g","caption":"admpu17wp"}}]}},"featured_image_urls":{"full":["https:\/\/experienciadevida.com.ar\/portalurbano\/wp-content\/uploads\/2021\/02\/Salud-Rta-B\u00b0-Independencia-2-1024x683-1-e1613518258293.jpg",800,534,false],"thumbnail":["https:\/\/experienciadevida.com.ar\/portalurbano\/wp-content\/uploads\/2021\/02\/Salud-Rta-B\u00b0-Independencia-2-1024x683-1-150x150.jpg",150,150,true],"medium":["https:\/\/experienciadevida.com.ar\/portalurbano\/wp-content\/uploads\/2021\/02\/Salud-Rta-B\u00b0-Independencia-2-1024x683-1-300x200.jpg",300,200,true],"medium_large":["https:\/\/experienciadevida.com.ar\/portalurbano\/wp-content\/uploads\/2021\/02\/Salud-Rta-B\u00b0-Independencia-2-1024x683-1-768x512.jpg",640,427,true],"large":["https:\/\/experienciadevida.com.ar\/portalurbano\/wp-content\/uploads\/2021\/02\/Salud-Rta-B\u00b0-Independencia-2-1024x683-1-e1613518258293.jpg",640,427,false],"ug_big":["https:\/\/experienciadevida.com.ar\/portalurbano\/wp-content\/uploads\/2021\/02\/Salud-Rta-B\u00b0-Independencia-2-1024x683-1-768x512.jpg",768,512,true],"1536x1536":["https:\/\/experienciadevida.com.ar\/portalurbano\/wp-content\/uploads\/2021\/02\/Salud-Rta-B\u00b0-Independencia-2-1024x683-1-e1613518258293.jpg",800,534,false],"2048x2048":["https:\/\/experienciadevida.com.ar\/portalurbano\/wp-content\/uploads\/2021\/02\/Salud-Rta-B\u00b0-Independencia-2-1024x683-1-e1613518258293.jpg",800,534,false],"newsever-slider-full":["https:\/\/experienciadevida.com.ar\/portalurbano\/wp-content\/uploads\/2021\/02\/Salud-Rta-B\u00b0-Independencia-2-1024x683-1-e1613518258293.jpg",800,534,false],"newsever-featured":["https:\/\/experienciadevida.com.ar\/portalurbano\/wp-content\/uploads\/2021\/02\/Salud-Rta-B\u00b0-Independencia-2-1024x683-1-e1613518258293.jpg",800,534,false],"newsever-medium":["https:\/\/experienciadevida.com.ar\/portalurbano\/wp-content\/uploads\/2021\/02\/Salud-Rta-B\u00b0-Independencia-2-1024x683-1-e1613518258293.jpg",712,475,false],"web-stories-poster-portrait":["https:\/\/experienciadevida.com.ar\/portalurbano\/wp-content\/uploads\/2021\/02\/Salud-Rta-B\u00b0-Independencia-2-1024x683-1-e1613518258293.jpg",640,427,false],"web-stories-publisher-logo":["https:\/\/experienciadevida.com.ar\/portalurbano\/wp-content\/uploads\/2021\/02\/Salud-Rta-B\u00b0-Independencia-2-1024x683-1-e1613518258293.jpg",96,64,false],"web-stories-thumbnail":["https:\/\/experienciadevida.com.ar\/portalurbano\/wp-content\/uploads\/2021\/02\/Salud-Rta-B\u00b0-Independencia-2-1024x683-1-e1613518258293.jpg",150,100,false]},"author_info":{"display_name":"admpu17wp","author_link":"https:\/\/experienciadevida.com.ar\/portalurbano\/author\/admpu17wp\/"},"category_info":"<a href=\"https:\/\/experienciadevida.com.ar\/portalurbano\/category\/ciudad\/\" rel=\"category tag\">Ciudad<\/a> <a href=\"https:\/\/experienciadevida.com.ar\/portalurbano\/category\/destacadas-2\/\" rel=\"category tag\">Destacadas 2<\/a>","tag_info":"Destacadas 2","comment_count":"0","amp_enabled":true,"_links":{"self":[{"href":"https:\/\/experienciadevida.com.ar\/portalurbano\/wp-json\/wp\/v2\/posts\/135211"}],"collection":[{"href":"https:\/\/experienciadevida.com.ar\/portalurbano\/wp-json\/wp\/v2\/posts"}],"about":[{"href":"https:\/\/experienciadevida.com.ar\/portalurbano\/wp-json\/wp\/v2\/types\/post"}],"author":[{"embeddable":true,"href":"https:\/\/experienciadevida.com.ar\/portalurbano\/wp-json\/wp\/v2\/users\/1"}],"replies":[{"embeddable":true,"href":"https:\/\/experienciadevida.com.ar\/portalurbano\/wp-json\/wp\/v2\/comments?post=135211"}],"version-history":[{"count":4,"href":"https:\/\/experienciadevida.com.ar\/portalurbano\/wp-json\/wp\/v2\/posts\/135211\/revisions"}],"predecessor-version":[{"id":135216,"href":"https:\/\/experienciadevida.com.ar\/portalurbano\/wp-json\/wp\/v2\/posts\/135211\/revisions\/135216"}],"wp:featuredmedia":[{"embeddable":true,"href":"https:\/\/experienciadevida.com.ar\/portalurbano\/wp-json\/wp\/v2\/media\/135212"}],"wp:attachment":[{"href":"https:\/\/experienciadevida.com.ar\/portalurbano\/wp-json\/wp\/v2\/media?parent=135211"}],"wp:term":[{"taxonomy":"category","embeddable":true,"href":"https:\/\/experienciadevida.com.ar\/portalurbano\/wp-json\/wp\/v2\/categories?post=135211"},{"taxonomy":"post_tag","embeddable":true,"href":"https:\/\/experienciadevida.com.ar\/portalurbano\/wp-json\/wp\/v2\/tags?post=135211"}],"curies":[{"name":"wp","href":"https:\/\/api.w.org\/{rel}","templated":true}]}}