{"id":135165,"date":"2021-02-16T11:30:16","date_gmt":"2021-02-16T14:30:16","guid":{"rendered":"https:\/\/experienciadevida.com.ar\/portalurbano\/?p=135165"},"modified":"2021-02-16T11:39:40","modified_gmt":"2021-02-16T14:39:40","slug":"una-semana-si-una-semana-no-asi-sera-la-presencialidad-alternada-en-la-provincia","status":"publish","type":"post","link":"https:\/\/experienciadevida.com.ar\/portalurbano\/una-semana-si-una-semana-no-asi-sera-la-presencialidad-alternada-en-la-provincia\/","title":{"rendered":"&#8220;Una semana s\u00ed, una semana no&#8221;: as\u00ed ser\u00e1 la presencialidad alternada en la Provincia"},"content":{"rendered":"<p>&#8220;Una semana s\u00ed, una semana no&#8221;: as\u00ed ser\u00e1 la presencialidad alternada en la Provincia. En las escuelas que no permitan acudir todos los d\u00edas -alrededor de 12 mil-, &#8220;los chicos ir\u00e1n una semana al colegio y estudiar\u00e1n desde sus casas la semana siguiente&#8221;, precis\u00f3 el gobierno. Habr\u00e1 presencialidad completa en otras 4 mil.<\/p>\n<p>El Gobierno bonaerense defini\u00f3 que en aquellas escuelas que por su situaci\u00f3n edilicia deban dividir en grupos a los alumnos para prevenir el coronavirus, la rotaci\u00f3n presencial se har\u00e1 en forma semanal, seg\u00fan adelant\u00f3 la directora general de Cultura y Educaci\u00f3n provincial, Agustina Vila.<\/p>\n<p>&#8220;Lo que estamos promoviendo es generar bloques semanales. Es decir una semana s\u00ed, una semana no en aquellas escuelas que no permitan la presencialidad todos los d\u00edas. Los chicos ir\u00e1n una semana al colegio y estudiar\u00e1n desde sus casas la semana siguiente&#8221;, precis\u00f3.<\/p>\n<p>La titular de la cartera educativa provincial dijo en declaraciones radiales que se adoptar\u00e1 un modelo similar al que aplican Santa Fe, C\u00f3rdoba y Entre R\u00edos.<\/p>\n<p>La funcionaria estim\u00f3 que unas 4.000 escuelas podr\u00e1n cumplir con la presencialidad completa los cinco d\u00edas de la semana, mientras que otras 12.000 deber\u00e1n alternar en grupos a los alumnos.<\/p>\n<p>Vila precis\u00f3, adem\u00e1s, que en los casos de las clases presenciales &#8220;ser\u00e1n de cuatro horas por d\u00eda&#8221; y explic\u00f3 que si bien los protocolos de vuelta a la presencialidad son lineamientos generales obligatorios, &#8220;tambi\u00e9n hay particularidades de acuerdo a cada distrito&#8221;.<\/p>\n<p>&#8220;El protocolo rector es la distancia, lo que provoca que en algunas escuelas haya que subdividir a los grupos, ah\u00ed la presencialidad no ser\u00e1 todos los d\u00edas de las semanas sino alternada&#8221;, precis\u00f3.<\/p>\n<p>Vila aclar\u00f3 que en la provincia de Buenos Aires &#8220;el ciclo lectivo comienza el primero de marzo, pero el 17 de febrero empezaremos con los chicos que tienen que recuperar contenidos&#8221;.<\/p>\n<p>Si bien el Plan Jurisdiccional para el Regreso Seguro a Clases Presenciales en un principio contempl\u00f3 la posibilidad de que la rotaci\u00f3n de alumnos sea cada dos d\u00edas, ahora se estableci\u00f3 que ser\u00e1 cada semana &#8220;porque se actualizaron algunos aspectos que procuran hacer esa presencialidad a\u00fan m\u00e1s cuidada&#8221;, explic\u00f3 Vila.<\/p>\n<p>El Plan establece pautas para la organizaci\u00f3n institucional de las escuelas para posibilitar el distanciamiento social, la adecuada circulaci\u00f3n de aire, la limpieza y desinfecci\u00f3n de los establecimientos y la higiene personal.<\/p>\n<p>Por ello, los modelos de organizaci\u00f3n escolar y pedag\u00f3gica se implementar\u00e1n considerando el espacio que dispone cada establecimiento educativo para respetar el distanciamiento social obligatorio.<\/p>\n<p>Entre las pautas generales de cuidado, se encuentran el uso obligatorio de tapabocas para estudiantes, docentes y auxiliares; la distancia social entre estudiantes y docentes, de al menos de un metro y medio entre estudiantes y de dos metros del docente en el aula, y de otros dos metros en espacios los comunes.<\/p>\n<p>Tambi\u00e9n contempla la higiene frecuente de manos (al menos cada 90 minutos), el control de temperatura al ingreso del establecimiento (m\u00e1ximo 37,4\u00ba C), la ventilaci\u00f3n de los ambientes (al menos cada 90 minutos) y el mantenimiento de las puertas y ventanas siempre abiertas.<\/p>\n<p>La organizaci\u00f3n de los ingresos y egresos de las escuelas est\u00e1 prevista en horarios escalonados que eviten la concentraci\u00f3n de personas como pautar 15 minutos de diferencia entre los horarios de salida y entrada de los grupos de estudiantes.<\/p>\n<p>Adem\u00e1s de los protocolos, el Gobierno provincial prev\u00e9 iniciar -en unos d\u00edas- el proceso de vacunaci\u00f3n contra el coronavirus a docentes y auxiliares de la educaci\u00f3n.<\/p>\n<p>Fuente: T\u00e9lam<\/p>\n<p>Foto: DIB<\/p>\n","protected":false},"excerpt":{"rendered":"<p>&#8220;Una semana s\u00ed, una semana no&#8221;: as\u00ed ser\u00e1 la presencialidad alternada en la Provincia. En&#8230;<\/p>\n","protected":false},"author":1,"featured_media":135166,"comment_status":"closed","ping_status":"closed","sticky":false,"template":"","format":"standard","meta":{"content-type":""},"categories":[51,44],"tags":[],"nelio_content":{"isAutoShareEnabled":false,"autoShareEndMode":"default","automationSources":{"useContentSentences":true,"useSocialTemplates":true,"useCustomSentences":false,"customSentences":[]},"followers":[1],"suggestedReferences":[],"includedReferences":[],"efiUrl":"","efiAlt":"","highlights":[]},"yoast_head":"<!-- This site is optimized with the Yoast SEO plugin v20.7 - https:\/\/yoast.com\/wordpress\/plugins\/seo\/ -->\n<title>&quot;Una semana s\u00ed, una semana no&quot;: as\u00ed ser\u00e1 la presencialidad alternada<\/title>\n<meta name=\"description\" content=\"&quot;Una semana s\u00ed, una semana no&quot;: as\u00ed ser\u00e1 la presencialidad alternada en la Provincia, habra presencialidad completa en 4mil escuelas.\" \/>\n<meta name=\"robots\" content=\"index, follow, max-snippet:-1, max-image-preview:large, max-video-preview:-1\" \/>\n<link rel=\"canonical\" href=\"https:\/\/experienciadevida.com.ar\/portalurbano\/una-semana-si-una-semana-no-asi-sera-la-presencialidad-alternada-en-la-provincia\/\" \/>\n<meta property=\"og:locale\" content=\"es_ES\" \/>\n<meta property=\"og:type\" content=\"article\" \/>\n<meta property=\"og:title\" content=\"&quot;Una semana s\u00ed, una semana no&quot;: as\u00ed ser\u00e1 la presencialidad alternada\" \/>\n<meta property=\"og:description\" content=\"&quot;Una semana s\u00ed, una semana no&quot;: as\u00ed ser\u00e1 la presencialidad alternada en la Provincia, habra presencialidad completa en 4mil escuelas.\" \/>\n<meta property=\"og:url\" content=\"https:\/\/experienciadevida.com.ar\/portalurbano\/una-semana-si-una-semana-no-asi-sera-la-presencialidad-alternada-en-la-provincia\/\" \/>\n<meta property=\"article:publisher\" content=\"https:\/\/www.facebook.com\/Portal-Urbano-171542830093757\/\" \/>\n<meta property=\"article:published_time\" content=\"2021-02-16T14:30:16+00:00\" \/>\n<meta property=\"article:modified_time\" content=\"2021-02-16T14:39:40+00:00\" \/>\n<meta property=\"og:image\" content=\"https:\/\/experienciadevida.com.ar\/portalurbano\/wp-content\/uploads\/2021\/02\/Una-semana-si-una-semana-no.jpg\" \/>\n\t<meta property=\"og:image:width\" content=\"1068\" \/>\n\t<meta property=\"og:image:height\" content=\"712\" \/>\n\t<meta property=\"og:image:type\" content=\"image\/jpeg\" \/>\n<meta name=\"author\" content=\"admpu17wp\" \/>\n<meta name=\"twitter:card\" content=\"summary_large_image\" \/>\n<meta name=\"twitter:creator\" content=\"@portalurbanook\" \/>\n<meta name=\"twitter:site\" content=\"@portalurbanook\" \/>\n<meta name=\"twitter:label1\" content=\"Escrito por\" \/>\n\t<meta name=\"twitter:data1\" content=\"admpu17wp\" \/>\n\t<meta name=\"twitter:label2\" content=\"Tiempo de lectura\" \/>\n\t<meta name=\"twitter:data2\" content=\"3 minutos\" \/>\n<script type=\"application\/ld+json\" class=\"yoast-schema-graph\">{\"@context\":\"https:\/\/schema.org\",\"@graph\":[{\"@type\":\"Article\",\"@id\":\"https:\/\/experienciadevida.com.ar\/portalurbano\/una-semana-si-una-semana-no-asi-sera-la-presencialidad-alternada-en-la-provincia\/#article\",\"isPartOf\":{\"@id\":\"https:\/\/experienciadevida.com.ar\/portalurbano\/una-semana-si-una-semana-no-asi-sera-la-presencialidad-alternada-en-la-provincia\/\"},\"author\":{\"name\":\"admpu17wp\",\"@id\":\"https:\/\/experienciadevida.com.ar\/portalurbano\/#\/schema\/person\/02dd326b1c4b056e9cc972486934a3a7\"},\"headline\":\"&#8220;Una semana s\u00ed, una semana no&#8221;: as\u00ed ser\u00e1 la presencialidad alternada en la Provincia\",\"datePublished\":\"2021-02-16T14:30:16+00:00\",\"dateModified\":\"2021-02-16T14:39:40+00:00\",\"mainEntityOfPage\":{\"@id\":\"https:\/\/experienciadevida.com.ar\/portalurbano\/una-semana-si-una-semana-no-asi-sera-la-presencialidad-alternada-en-la-provincia\/\"},\"wordCount\":618,\"publisher\":{\"@id\":\"https:\/\/experienciadevida.com.ar\/portalurbano\/#organization\"},\"articleSection\":[\"Destacadas\",\"Provincia\"],\"inLanguage\":\"es\"},{\"@type\":\"WebPage\",\"@id\":\"https:\/\/experienciadevida.com.ar\/portalurbano\/una-semana-si-una-semana-no-asi-sera-la-presencialidad-alternada-en-la-provincia\/\",\"url\":\"https:\/\/experienciadevida.com.ar\/portalurbano\/una-semana-si-una-semana-no-asi-sera-la-presencialidad-alternada-en-la-provincia\/\",\"name\":\"\\\"Una semana s\u00ed, una semana no\\\": as\u00ed ser\u00e1 la presencialidad alternada\",\"isPartOf\":{\"@id\":\"https:\/\/experienciadevida.com.ar\/portalurbano\/#website\"},\"datePublished\":\"2021-02-16T14:30:16+00:00\",\"dateModified\":\"2021-02-16T14:39:40+00:00\",\"description\":\"\\\"Una semana s\u00ed, una semana no\\\": as\u00ed ser\u00e1 la presencialidad alternada en la Provincia, habra presencialidad completa en 4mil escuelas.\",\"breadcrumb\":{\"@id\":\"https:\/\/experienciadevida.com.ar\/portalurbano\/una-semana-si-una-semana-no-asi-sera-la-presencialidad-alternada-en-la-provincia\/#breadcrumb\"},\"inLanguage\":\"es\",\"potentialAction\":[{\"@type\":\"ReadAction\",\"target\":[\"https:\/\/experienciadevida.com.ar\/portalurbano\/una-semana-si-una-semana-no-asi-sera-la-presencialidad-alternada-en-la-provincia\/\"]}]},{\"@type\":\"BreadcrumbList\",\"@id\":\"https:\/\/experienciadevida.com.ar\/portalurbano\/una-semana-si-una-semana-no-asi-sera-la-presencialidad-alternada-en-la-provincia\/#breadcrumb\",\"itemListElement\":[{\"@type\":\"ListItem\",\"position\":1,\"name\":\"Portada\",\"item\":\"https:\/\/experienciadevida.com.ar\/portalurbano\/\"},{\"@type\":\"ListItem\",\"position\":2,\"name\":\"\u00abUna semana s\u00ed, una semana no\u00bb: as\u00ed ser\u00e1 la presencialidad alternada en la Provincia\"}]},{\"@type\":\"WebSite\",\"@id\":\"https:\/\/experienciadevida.com.ar\/portalurbano\/#website\",\"url\":\"https:\/\/experienciadevida.com.ar\/portalurbano\/\",\"name\":\"\",\"description\":\"\",\"publisher\":{\"@id\":\"https:\/\/experienciadevida.com.ar\/portalurbano\/#organization\"},\"potentialAction\":[{\"@type\":\"SearchAction\",\"target\":{\"@type\":\"EntryPoint\",\"urlTemplate\":\"https:\/\/experienciadevida.com.ar\/portalurbano\/?s={search_term_string}\"},\"query-input\":\"required name=search_term_string\"}],\"inLanguage\":\"es\"},{\"@type\":\"Organization\",\"@id\":\"https:\/\/experienciadevida.com.ar\/portalurbano\/#organization\",\"name\":\"Portal Urbano\",\"url\":\"https:\/\/experienciadevida.com.ar\/portalurbano\/\",\"logo\":{\"@type\":\"ImageObject\",\"inLanguage\":\"es\",\"@id\":\"https:\/\/experienciadevida.com.ar\/portalurbano\/#\/schema\/logo\/image\/\",\"url\":\"https:\/\/experienciadevida.com.ar\/portalurbano\/wp-content\/uploads\/2019\/09\/Logo-Original.png\",\"contentUrl\":\"https:\/\/experienciadevida.com.ar\/portalurbano\/wp-content\/uploads\/2019\/09\/Logo-Original.png\",\"width\":2236,\"height\":1216,\"caption\":\"Portal Urbano\"},\"image\":{\"@id\":\"https:\/\/experienciadevida.com.ar\/portalurbano\/#\/schema\/logo\/image\/\"},\"sameAs\":[\"https:\/\/www.facebook.com\/Portal-Urbano-171542830093757\/\",\"https:\/\/twitter.com\/portalurbanook\",\"https:\/\/www.instagram.com\/_portalurbano\/\",\"https:\/\/www.youtube.com\/channel\/UCXhagIfszH8KxFiOok79zbA?view_as=subscriber\"]},{\"@type\":\"Person\",\"@id\":\"https:\/\/experienciadevida.com.ar\/portalurbano\/#\/schema\/person\/02dd326b1c4b056e9cc972486934a3a7\",\"name\":\"admpu17wp\",\"image\":{\"@type\":\"ImageObject\",\"inLanguage\":\"es\",\"@id\":\"https:\/\/experienciadevida.com.ar\/portalurbano\/#\/schema\/person\/image\/\",\"url\":\"https:\/\/secure.gravatar.com\/avatar\/830d4c57adaae6630765e449a6908047?s=96&d=mm&r=g\",\"contentUrl\":\"https:\/\/secure.gravatar.com\/avatar\/830d4c57adaae6630765e449a6908047?s=96&d=mm&r=g\",\"caption\":\"admpu17wp\"}}]}<\/script>\n<!-- \/ Yoast SEO plugin. -->","yoast_head_json":{"title":"\"Una semana s\u00ed, una semana no\": as\u00ed ser\u00e1 la presencialidad alternada","description":"\"Una semana s\u00ed, una semana no\": as\u00ed ser\u00e1 la presencialidad alternada en la Provincia, habra presencialidad completa en 4mil escuelas.","robots":{"index":"index","follow":"follow","max-snippet":"max-snippet:-1","max-image-preview":"max-image-preview:large","max-video-preview":"max-video-preview:-1"},"canonical":"https:\/\/experienciadevida.com.ar\/portalurbano\/una-semana-si-una-semana-no-asi-sera-la-presencialidad-alternada-en-la-provincia\/","og_locale":"es_ES","og_type":"article","og_title":"\"Una semana s\u00ed, una semana no\": as\u00ed ser\u00e1 la presencialidad alternada","og_description":"\"Una semana s\u00ed, una semana no\": as\u00ed ser\u00e1 la presencialidad alternada en la Provincia, habra presencialidad completa en 4mil escuelas.","og_url":"https:\/\/experienciadevida.com.ar\/portalurbano\/una-semana-si-una-semana-no-asi-sera-la-presencialidad-alternada-en-la-provincia\/","article_publisher":"https:\/\/www.facebook.com\/Portal-Urbano-171542830093757\/","article_published_time":"2021-02-16T14:30:16+00:00","article_modified_time":"2021-02-16T14:39:40+00:00","og_image":[{"width":1068,"height":712,"url":"https:\/\/experienciadevida.com.ar\/portalurbano\/wp-content\/uploads\/2021\/02\/Una-semana-si-una-semana-no.jpg","type":"image\/jpeg"}],"author":"admpu17wp","twitter_card":"summary_large_image","twitter_creator":"@portalurbanook","twitter_site":"@portalurbanook","twitter_misc":{"Escrito por":"admpu17wp","Tiempo de lectura":"3 minutos"},"schema":{"@context":"https:\/\/schema.org","@graph":[{"@type":"Article","@id":"https:\/\/experienciadevida.com.ar\/portalurbano\/una-semana-si-una-semana-no-asi-sera-la-presencialidad-alternada-en-la-provincia\/#article","isPartOf":{"@id":"https:\/\/experienciadevida.com.ar\/portalurbano\/una-semana-si-una-semana-no-asi-sera-la-presencialidad-alternada-en-la-provincia\/"},"author":{"name":"admpu17wp","@id":"https:\/\/experienciadevida.com.ar\/portalurbano\/#\/schema\/person\/02dd326b1c4b056e9cc972486934a3a7"},"headline":"&#8220;Una semana s\u00ed, una semana no&#8221;: as\u00ed ser\u00e1 la presencialidad alternada en la Provincia","datePublished":"2021-02-16T14:30:16+00:00","dateModified":"2021-02-16T14:39:40+00:00","mainEntityOfPage":{"@id":"https:\/\/experienciadevida.com.ar\/portalurbano\/una-semana-si-una-semana-no-asi-sera-la-presencialidad-alternada-en-la-provincia\/"},"wordCount":618,"publisher":{"@id":"https:\/\/experienciadevida.com.ar\/portalurbano\/#organization"},"articleSection":["Destacadas","Provincia"],"inLanguage":"es"},{"@type":"WebPage","@id":"https:\/\/experienciadevida.com.ar\/portalurbano\/una-semana-si-una-semana-no-asi-sera-la-presencialidad-alternada-en-la-provincia\/","url":"https:\/\/experienciadevida.com.ar\/portalurbano\/una-semana-si-una-semana-no-asi-sera-la-presencialidad-alternada-en-la-provincia\/","name":"\"Una semana s\u00ed, una semana no\": as\u00ed ser\u00e1 la presencialidad alternada","isPartOf":{"@id":"https:\/\/experienciadevida.com.ar\/portalurbano\/#website"},"datePublished":"2021-02-16T14:30:16+00:00","dateModified":"2021-02-16T14:39:40+00:00","description":"\"Una semana s\u00ed, una semana no\": as\u00ed ser\u00e1 la presencialidad alternada en la Provincia, habra presencialidad completa en 4mil escuelas.","breadcrumb":{"@id":"https:\/\/experienciadevida.com.ar\/portalurbano\/una-semana-si-una-semana-no-asi-sera-la-presencialidad-alternada-en-la-provincia\/#breadcrumb"},"inLanguage":"es","potentialAction":[{"@type":"ReadAction","target":["https:\/\/experienciadevida.com.ar\/portalurbano\/una-semana-si-una-semana-no-asi-sera-la-presencialidad-alternada-en-la-provincia\/"]}]},{"@type":"BreadcrumbList","@id":"https:\/\/experienciadevida.com.ar\/portalurbano\/una-semana-si-una-semana-no-asi-sera-la-presencialidad-alternada-en-la-provincia\/#breadcrumb","itemListElement":[{"@type":"ListItem","position":1,"name":"Portada","item":"https:\/\/experienciadevida.com.ar\/portalurbano\/"},{"@type":"ListItem","position":2,"name":"\u00abUna semana s\u00ed, una semana no\u00bb: as\u00ed ser\u00e1 la presencialidad alternada en la Provincia"}]},{"@type":"WebSite","@id":"https:\/\/experienciadevida.com.ar\/portalurbano\/#website","url":"https:\/\/experienciadevida.com.ar\/portalurbano\/","name":"","description":"","publisher":{"@id":"https:\/\/experienciadevida.com.ar\/portalurbano\/#organization"},"potentialAction":[{"@type":"SearchAction","target":{"@type":"EntryPoint","urlTemplate":"https:\/\/experienciadevida.com.ar\/portalurbano\/?s={search_term_string}"},"query-input":"required name=search_term_string"}],"inLanguage":"es"},{"@type":"Organization","@id":"https:\/\/experienciadevida.com.ar\/portalurbano\/#organization","name":"Portal Urbano","url":"https:\/\/experienciadevida.com.ar\/portalurbano\/","logo":{"@type":"ImageObject","inLanguage":"es","@id":"https:\/\/experienciadevida.com.ar\/portalurbano\/#\/schema\/logo\/image\/","url":"https:\/\/experienciadevida.com.ar\/portalurbano\/wp-content\/uploads\/2019\/09\/Logo-Original.png","contentUrl":"https:\/\/experienciadevida.com.ar\/portalurbano\/wp-content\/uploads\/2019\/09\/Logo-Original.png","width":2236,"height":1216,"caption":"Portal Urbano"},"image":{"@id":"https:\/\/experienciadevida.com.ar\/portalurbano\/#\/schema\/logo\/image\/"},"sameAs":["https:\/\/www.facebook.com\/Portal-Urbano-171542830093757\/","https:\/\/twitter.com\/portalurbanook","https:\/\/www.instagram.com\/_portalurbano\/","https:\/\/www.youtube.com\/channel\/UCXhagIfszH8KxFiOok79zbA?view_as=subscriber"]},{"@type":"Person","@id":"https:\/\/experienciadevida.com.ar\/portalurbano\/#\/schema\/person\/02dd326b1c4b056e9cc972486934a3a7","name":"admpu17wp","image":{"@type":"ImageObject","inLanguage":"es","@id":"https:\/\/experienciadevida.com.ar\/portalurbano\/#\/schema\/person\/image\/","url":"https:\/\/secure.gravatar.com\/avatar\/830d4c57adaae6630765e449a6908047?s=96&d=mm&r=g","contentUrl":"https:\/\/secure.gravatar.com\/avatar\/830d4c57adaae6630765e449a6908047?s=96&d=mm&r=g","caption":"admpu17wp"}}]}},"featured_image_urls":{"full":["https:\/\/experienciadevida.com.ar\/portalurbano\/wp-content\/uploads\/2021\/02\/Una-semana-si-una-semana-no.jpg",1068,712,false],"thumbnail":["https:\/\/experienciadevida.com.ar\/portalurbano\/wp-content\/uploads\/2021\/02\/Una-semana-si-una-semana-no-150x150.jpg",150,150,true],"medium":["https:\/\/experienciadevida.com.ar\/portalurbano\/wp-content\/uploads\/2021\/02\/Una-semana-si-una-semana-no-300x200.jpg",300,200,true],"medium_large":["https:\/\/experienciadevida.com.ar\/portalurbano\/wp-content\/uploads\/2021\/02\/Una-semana-si-una-semana-no-768x512.jpg",640,427,true],"large":["https:\/\/experienciadevida.com.ar\/portalurbano\/wp-content\/uploads\/2021\/02\/Una-semana-si-una-semana-no-1024x683.jpg",640,427,true],"ug_big":["https:\/\/experienciadevida.com.ar\/portalurbano\/wp-content\/uploads\/2021\/02\/Una-semana-si-una-semana-no-768x512.jpg",768,512,true],"1536x1536":["https:\/\/experienciadevida.com.ar\/portalurbano\/wp-content\/uploads\/2021\/02\/Una-semana-si-una-semana-no.jpg",1068,712,false],"2048x2048":["https:\/\/experienciadevida.com.ar\/portalurbano\/wp-content\/uploads\/2021\/02\/Una-semana-si-una-semana-no.jpg",1068,712,false],"newsever-slider-full":["https:\/\/experienciadevida.com.ar\/portalurbano\/wp-content\/uploads\/2021\/02\/Una-semana-si-una-semana-no.jpg",1068,712,false],"newsever-featured":["https:\/\/experienciadevida.com.ar\/portalurbano\/wp-content\/uploads\/2021\/02\/Una-semana-si-una-semana-no.jpg",1024,683,false],"newsever-medium":["https:\/\/experienciadevida.com.ar\/portalurbano\/wp-content\/uploads\/2021\/02\/Una-semana-si-una-semana-no.jpg",713,475,false],"web-stories-poster-portrait":["https:\/\/experienciadevida.com.ar\/portalurbano\/wp-content\/uploads\/2021\/02\/Una-semana-si-una-semana-no.jpg",640,427,false],"web-stories-publisher-logo":["https:\/\/experienciadevida.com.ar\/portalurbano\/wp-content\/uploads\/2021\/02\/Una-semana-si-una-semana-no.jpg",96,64,false],"web-stories-thumbnail":["https:\/\/experienciadevida.com.ar\/portalurbano\/wp-content\/uploads\/2021\/02\/Una-semana-si-una-semana-no.jpg",150,100,false]},"author_info":{"display_name":"admpu17wp","author_link":"https:\/\/experienciadevida.com.ar\/portalurbano\/author\/admpu17wp\/"},"category_info":"<a href=\"https:\/\/experienciadevida.com.ar\/portalurbano\/category\/destacadas\/\" rel=\"category tag\">Destacadas<\/a> <a href=\"https:\/\/experienciadevida.com.ar\/portalurbano\/category\/provincia\/\" rel=\"category tag\">Provincia<\/a>","tag_info":"Provincia","comment_count":"0","amp_enabled":true,"_links":{"self":[{"href":"https:\/\/experienciadevida.com.ar\/portalurbano\/wp-json\/wp\/v2\/posts\/135165"}],"collection":[{"href":"https:\/\/experienciadevida.com.ar\/portalurbano\/wp-json\/wp\/v2\/posts"}],"about":[{"href":"https:\/\/experienciadevida.com.ar\/portalurbano\/wp-json\/wp\/v2\/types\/post"}],"author":[{"embeddable":true,"href":"https:\/\/experienciadevida.com.ar\/portalurbano\/wp-json\/wp\/v2\/users\/1"}],"replies":[{"embeddable":true,"href":"https:\/\/experienciadevida.com.ar\/portalurbano\/wp-json\/wp\/v2\/comments?post=135165"}],"version-history":[{"count":2,"href":"https:\/\/experienciadevida.com.ar\/portalurbano\/wp-json\/wp\/v2\/posts\/135165\/revisions"}],"predecessor-version":[{"id":135168,"href":"https:\/\/experienciadevida.com.ar\/portalurbano\/wp-json\/wp\/v2\/posts\/135165\/revisions\/135168"}],"wp:featuredmedia":[{"embeddable":true,"href":"https:\/\/experienciadevida.com.ar\/portalurbano\/wp-json\/wp\/v2\/media\/135166"}],"wp:attachment":[{"href":"https:\/\/experienciadevida.com.ar\/portalurbano\/wp-json\/wp\/v2\/media?parent=135165"}],"wp:term":[{"taxonomy":"category","embeddable":true,"href":"https:\/\/experienciadevida.com.ar\/portalurbano\/wp-json\/wp\/v2\/categories?post=135165"},{"taxonomy":"post_tag","embeddable":true,"href":"https:\/\/experienciadevida.com.ar\/portalurbano\/wp-json\/wp\/v2\/tags?post=135165"}],"curies":[{"name":"wp","href":"https:\/\/api.w.org\/{rel}","templated":true}]}}