{"id":135124,"date":"2021-02-15T11:45:43","date_gmt":"2021-02-15T14:45:43","guid":{"rendered":"https:\/\/experienciadevida.com.ar\/portalurbano\/?p=135124"},"modified":"2021-02-15T11:51:17","modified_gmt":"2021-02-15T14:51:17","slug":"volvieron-a-aumentar-los-precios-de-las-naftas-en-casi-todo-el-pais","status":"publish","type":"post","link":"https:\/\/experienciadevida.com.ar\/portalurbano\/volvieron-a-aumentar-los-precios-de-las-naftas-en-casi-todo-el-pais\/","title":{"rendered":"Volvieron a aumentar los precios de las naftas en casi todo el pa\u00eds"},"content":{"rendered":"<p>Los precios de las naftas y del gasoil subieron alrededor de 1,2% en distintos puntos del pa\u00eds durante el \u00faltimo fin de semana, confirm\u00f3 esta ma\u00f1ana el gerente de la Confederaci\u00f3n de Entidades del Comercio de Hidrocarburos de Argentina, Guillermo Lego.<\/p>\n<p>&#8220;Los precios de las naftas a\u00fan no aument\u00f3 en todos lados, por ejemplo todav\u00eda no en Capital Federal y Gran Buenos Aires. S\u00ed, en el interior. El incremento es del 1,2% aproximadamente&#8221;, se\u00f1al\u00f3 el dirigente.<\/p>\n<p>Seg\u00fan Lego, &#8220;van cinco aumentos en un a\u00f1o y hay subas programadas hasta mayo. De aqu\u00ed a ese mes, los combustibles subir\u00e1n del 5 a 6%&#8221;.<\/p>\n<p>Con el incremento del fin de semana, ya son dos los ajustes que se aplicaron s\u00f3lo en lo que va de febrero.<\/p>\n<p>En declaraciones radiales, el dirigente coment\u00f3 que las subas son consecuencia de que &#8220;las empresas dicen que tienen que recomponer sus costos, pero tambi\u00e9n aument\u00f3 el barril de crudo y ah\u00ed las petroleras aumentan&#8221;. &#8220;Al tipo de cambio oficial, un barril sal\u00eda 4.300 pesos. Ahora sale 5.400 pesos. Entonces, las petroleras dicen: aumenta la materia prima y hay que subir los precios en surtidos&#8221;.<\/p>\n<p>El incremento anterior se hab\u00eda aplicado el 2 de febrero y fue de entre 1% y 1,9%: involucr\u00f3 a todas las petroleras que operan en el mercado local.<\/p>\n<p>Ese ajuste estuvo motivado por las subas en los precios del bioetanol elaborado a partir de ca\u00f1a de az\u00facar y de ma\u00edz y del biodiesel, que autoriz\u00f3 la Secretar\u00eda de Energ\u00eda; los incrementos seguir\u00e1n durante los pr\u00f3ximos tres meses.<\/p>\n<p>Es que los biocombustibles volver\u00e1n a subir en marzo, abril y mayo. Tambi\u00e9n se aguarda -para el mes que viene- otro aumento del impuesto a los combustibles, que generar\u00eda m\u00e1s presi\u00f3n al alza de los precios.<\/p>\n<p>El Gobierno autoriz\u00f3 un incremento del impuesto a los combustibles l\u00edquidos y al di\u00f3xido de carbono el mes pasado y el anterior, y est\u00e1 oficializada otra suba para el 15 de marzo.<\/p>\n<p>El gravamen deber\u00eda actualizarse en proporci\u00f3n a la inflaci\u00f3n acumulada durante el \u00faltimo trimestre de 2020. El consumo de naftas se encuentra 12,7% por debajo de los niveles prepandemia, mientras que el de gasoil -vinculado a la actividad agropecuaria y al transporte- un 9,7%.<\/p>\n","protected":false},"excerpt":{"rendered":"<p>Los precios de las naftas y del gasoil subieron alrededor de 1,2% en distintos puntos&#8230;<\/p>\n","protected":false},"author":1,"featured_media":0,"comment_status":"closed","ping_status":"closed","sticky":false,"template":"","format":"standard","meta":{"content-type":""},"categories":[27,51],"tags":[],"nelio_content":{"isAutoShareEnabled":false,"autoShareEndMode":"default","automationSources":{"useContentSentences":true,"useSocialTemplates":true,"useCustomSentences":false,"customSentences":[]},"followers":[1],"suggestedReferences":[],"includedReferences":[],"efiUrl":"","efiAlt":"","highlights":[]},"yoast_head":"<!-- This site is optimized with the Yoast SEO plugin v20.7 - https:\/\/yoast.com\/wordpress\/plugins\/seo\/ -->\n<title>Volvieron a aumentar los precios de las naftas en casi todo el pa\u00eds<\/title>\n<meta name=\"description\" content=\"Los precios de las naftas y del gasoil subieron alrededor de 1,2% en distintos puntos del pa\u00eds durante el \u00faltimo fin de semana, confirm\u00f3 esta\" \/>\n<meta name=\"robots\" content=\"index, follow, max-snippet:-1, max-image-preview:large, max-video-preview:-1\" \/>\n<link rel=\"canonical\" href=\"https:\/\/experienciadevida.com.ar\/portalurbano\/volvieron-a-aumentar-los-precios-de-las-naftas-en-casi-todo-el-pais\/\" \/>\n<meta property=\"og:locale\" content=\"es_ES\" \/>\n<meta property=\"og:type\" content=\"article\" \/>\n<meta property=\"og:title\" content=\"Volvieron a aumentar los precios de las naftas en casi todo el pa\u00eds\" \/>\n<meta property=\"og:description\" content=\"Los precios de las naftas y del gasoil subieron alrededor de 1,2% en distintos puntos del pa\u00eds durante el \u00faltimo fin de semana, confirm\u00f3 esta\" \/>\n<meta property=\"og:url\" content=\"https:\/\/experienciadevida.com.ar\/portalurbano\/volvieron-a-aumentar-los-precios-de-las-naftas-en-casi-todo-el-pais\/\" \/>\n<meta property=\"article:publisher\" content=\"https:\/\/www.facebook.com\/Portal-Urbano-171542830093757\/\" \/>\n<meta property=\"article:published_time\" content=\"2021-02-15T14:45:43+00:00\" \/>\n<meta property=\"article:modified_time\" content=\"2021-02-15T14:51:17+00:00\" \/>\n<meta property=\"og:image\" content=\"https:\/\/experienciadevida.com.ar\/portalurbano\/wp-content\/uploads\/2018\/04\/YPF-1.png\" \/>\n\t<meta property=\"og:image:width\" content=\"624\" \/>\n\t<meta property=\"og:image:height\" content=\"430\" \/>\n\t<meta property=\"og:image:type\" content=\"image\/png\" \/>\n<meta name=\"author\" content=\"admpu17wp\" \/>\n<meta name=\"twitter:card\" content=\"summary_large_image\" \/>\n<meta name=\"twitter:creator\" content=\"@portalurbanook\" \/>\n<meta name=\"twitter:site\" content=\"@portalurbanook\" \/>\n<meta name=\"twitter:label1\" content=\"Escrito por\" \/>\n\t<meta name=\"twitter:data1\" content=\"admpu17wp\" \/>\n\t<meta name=\"twitter:label2\" content=\"Tiempo de lectura\" \/>\n\t<meta name=\"twitter:data2\" content=\"2 minutos\" \/>\n<script type=\"application\/ld+json\" class=\"yoast-schema-graph\">{\"@context\":\"https:\/\/schema.org\",\"@graph\":[{\"@type\":\"Article\",\"@id\":\"https:\/\/experienciadevida.com.ar\/portalurbano\/volvieron-a-aumentar-los-precios-de-las-naftas-en-casi-todo-el-pais\/#article\",\"isPartOf\":{\"@id\":\"https:\/\/experienciadevida.com.ar\/portalurbano\/volvieron-a-aumentar-los-precios-de-las-naftas-en-casi-todo-el-pais\/\"},\"author\":{\"name\":\"admpu17wp\",\"@id\":\"https:\/\/experienciadevida.com.ar\/portalurbano\/#\/schema\/person\/02dd326b1c4b056e9cc972486934a3a7\"},\"headline\":\"Volvieron a aumentar los precios de las naftas en casi todo el pa\u00eds\",\"datePublished\":\"2021-02-15T14:45:43+00:00\",\"dateModified\":\"2021-02-15T14:51:17+00:00\",\"mainEntityOfPage\":{\"@id\":\"https:\/\/experienciadevida.com.ar\/portalurbano\/volvieron-a-aumentar-los-precios-de-las-naftas-en-casi-todo-el-pais\/\"},\"wordCount\":398,\"publisher\":{\"@id\":\"https:\/\/experienciadevida.com.ar\/portalurbano\/#organization\"},\"articleSection\":[\"Ciudad\",\"Destacadas\"],\"inLanguage\":\"es\"},{\"@type\":\"WebPage\",\"@id\":\"https:\/\/experienciadevida.com.ar\/portalurbano\/volvieron-a-aumentar-los-precios-de-las-naftas-en-casi-todo-el-pais\/\",\"url\":\"https:\/\/experienciadevida.com.ar\/portalurbano\/volvieron-a-aumentar-los-precios-de-las-naftas-en-casi-todo-el-pais\/\",\"name\":\"Volvieron a aumentar los precios de las naftas en casi todo el pa\u00eds\",\"isPartOf\":{\"@id\":\"https:\/\/experienciadevida.com.ar\/portalurbano\/#website\"},\"datePublished\":\"2021-02-15T14:45:43+00:00\",\"dateModified\":\"2021-02-15T14:51:17+00:00\",\"description\":\"Los precios de las naftas y del gasoil subieron alrededor de 1,2% en distintos puntos del pa\u00eds durante el \u00faltimo fin de semana, confirm\u00f3 esta\",\"breadcrumb\":{\"@id\":\"https:\/\/experienciadevida.com.ar\/portalurbano\/volvieron-a-aumentar-los-precios-de-las-naftas-en-casi-todo-el-pais\/#breadcrumb\"},\"inLanguage\":\"es\",\"potentialAction\":[{\"@type\":\"ReadAction\",\"target\":[\"https:\/\/experienciadevida.com.ar\/portalurbano\/volvieron-a-aumentar-los-precios-de-las-naftas-en-casi-todo-el-pais\/\"]}]},{\"@type\":\"BreadcrumbList\",\"@id\":\"https:\/\/experienciadevida.com.ar\/portalurbano\/volvieron-a-aumentar-los-precios-de-las-naftas-en-casi-todo-el-pais\/#breadcrumb\",\"itemListElement\":[{\"@type\":\"ListItem\",\"position\":1,\"name\":\"Portada\",\"item\":\"https:\/\/experienciadevida.com.ar\/portalurbano\/\"},{\"@type\":\"ListItem\",\"position\":2,\"name\":\"Volvieron a aumentar los precios de las naftas en casi todo el pa\u00eds\"}]},{\"@type\":\"WebSite\",\"@id\":\"https:\/\/experienciadevida.com.ar\/portalurbano\/#website\",\"url\":\"https:\/\/experienciadevida.com.ar\/portalurbano\/\",\"name\":\"\",\"description\":\"\",\"publisher\":{\"@id\":\"https:\/\/experienciadevida.com.ar\/portalurbano\/#organization\"},\"potentialAction\":[{\"@type\":\"SearchAction\",\"target\":{\"@type\":\"EntryPoint\",\"urlTemplate\":\"https:\/\/experienciadevida.com.ar\/portalurbano\/?s={search_term_string}\"},\"query-input\":\"required name=search_term_string\"}],\"inLanguage\":\"es\"},{\"@type\":\"Organization\",\"@id\":\"https:\/\/experienciadevida.com.ar\/portalurbano\/#organization\",\"name\":\"Portal Urbano\",\"url\":\"https:\/\/experienciadevida.com.ar\/portalurbano\/\",\"logo\":{\"@type\":\"ImageObject\",\"inLanguage\":\"es\",\"@id\":\"https:\/\/experienciadevida.com.ar\/portalurbano\/#\/schema\/logo\/image\/\",\"url\":\"https:\/\/experienciadevida.com.ar\/portalurbano\/wp-content\/uploads\/2019\/09\/Logo-Original.png\",\"contentUrl\":\"https:\/\/experienciadevida.com.ar\/portalurbano\/wp-content\/uploads\/2019\/09\/Logo-Original.png\",\"width\":2236,\"height\":1216,\"caption\":\"Portal Urbano\"},\"image\":{\"@id\":\"https:\/\/experienciadevida.com.ar\/portalurbano\/#\/schema\/logo\/image\/\"},\"sameAs\":[\"https:\/\/www.facebook.com\/Portal-Urbano-171542830093757\/\",\"https:\/\/twitter.com\/portalurbanook\",\"https:\/\/www.instagram.com\/_portalurbano\/\",\"https:\/\/www.youtube.com\/channel\/UCXhagIfszH8KxFiOok79zbA?view_as=subscriber\"]},{\"@type\":\"Person\",\"@id\":\"https:\/\/experienciadevida.com.ar\/portalurbano\/#\/schema\/person\/02dd326b1c4b056e9cc972486934a3a7\",\"name\":\"admpu17wp\",\"image\":{\"@type\":\"ImageObject\",\"inLanguage\":\"es\",\"@id\":\"https:\/\/experienciadevida.com.ar\/portalurbano\/#\/schema\/person\/image\/\",\"url\":\"https:\/\/secure.gravatar.com\/avatar\/830d4c57adaae6630765e449a6908047?s=96&d=mm&r=g\",\"contentUrl\":\"https:\/\/secure.gravatar.com\/avatar\/830d4c57adaae6630765e449a6908047?s=96&d=mm&r=g\",\"caption\":\"admpu17wp\"}}]}<\/script>\n<!-- \/ Yoast SEO plugin. -->","yoast_head_json":{"title":"Volvieron a aumentar los precios de las naftas en casi todo el pa\u00eds","description":"Los precios de las naftas y del gasoil subieron alrededor de 1,2% en distintos puntos del pa\u00eds durante el \u00faltimo fin de semana, confirm\u00f3 esta","robots":{"index":"index","follow":"follow","max-snippet":"max-snippet:-1","max-image-preview":"max-image-preview:large","max-video-preview":"max-video-preview:-1"},"canonical":"https:\/\/experienciadevida.com.ar\/portalurbano\/volvieron-a-aumentar-los-precios-de-las-naftas-en-casi-todo-el-pais\/","og_locale":"es_ES","og_type":"article","og_title":"Volvieron a aumentar los precios de las naftas en casi todo el pa\u00eds","og_description":"Los precios de las naftas y del gasoil subieron alrededor de 1,2% en distintos puntos del pa\u00eds durante el \u00faltimo fin de semana, confirm\u00f3 esta","og_url":"https:\/\/experienciadevida.com.ar\/portalurbano\/volvieron-a-aumentar-los-precios-de-las-naftas-en-casi-todo-el-pais\/","article_publisher":"https:\/\/www.facebook.com\/Portal-Urbano-171542830093757\/","article_published_time":"2021-02-15T14:45:43+00:00","article_modified_time":"2021-02-15T14:51:17+00:00","og_image":[{"width":624,"height":430,"url":"https:\/\/experienciadevida.com.ar\/portalurbano\/wp-content\/uploads\/2018\/04\/YPF-1.png","type":"image\/png"}],"author":"admpu17wp","twitter_card":"summary_large_image","twitter_creator":"@portalurbanook","twitter_site":"@portalurbanook","twitter_misc":{"Escrito por":"admpu17wp","Tiempo de lectura":"2 minutos"},"schema":{"@context":"https:\/\/schema.org","@graph":[{"@type":"Article","@id":"https:\/\/experienciadevida.com.ar\/portalurbano\/volvieron-a-aumentar-los-precios-de-las-naftas-en-casi-todo-el-pais\/#article","isPartOf":{"@id":"https:\/\/experienciadevida.com.ar\/portalurbano\/volvieron-a-aumentar-los-precios-de-las-naftas-en-casi-todo-el-pais\/"},"author":{"name":"admpu17wp","@id":"https:\/\/experienciadevida.com.ar\/portalurbano\/#\/schema\/person\/02dd326b1c4b056e9cc972486934a3a7"},"headline":"Volvieron a aumentar los precios de las naftas en casi todo el pa\u00eds","datePublished":"2021-02-15T14:45:43+00:00","dateModified":"2021-02-15T14:51:17+00:00","mainEntityOfPage":{"@id":"https:\/\/experienciadevida.com.ar\/portalurbano\/volvieron-a-aumentar-los-precios-de-las-naftas-en-casi-todo-el-pais\/"},"wordCount":398,"publisher":{"@id":"https:\/\/experienciadevida.com.ar\/portalurbano\/#organization"},"articleSection":["Ciudad","Destacadas"],"inLanguage":"es"},{"@type":"WebPage","@id":"https:\/\/experienciadevida.com.ar\/portalurbano\/volvieron-a-aumentar-los-precios-de-las-naftas-en-casi-todo-el-pais\/","url":"https:\/\/experienciadevida.com.ar\/portalurbano\/volvieron-a-aumentar-los-precios-de-las-naftas-en-casi-todo-el-pais\/","name":"Volvieron a aumentar los precios de las naftas en casi todo el pa\u00eds","isPartOf":{"@id":"https:\/\/experienciadevida.com.ar\/portalurbano\/#website"},"datePublished":"2021-02-15T14:45:43+00:00","dateModified":"2021-02-15T14:51:17+00:00","description":"Los precios de las naftas y del gasoil subieron alrededor de 1,2% en distintos puntos del pa\u00eds durante el \u00faltimo fin de semana, confirm\u00f3 esta","breadcrumb":{"@id":"https:\/\/experienciadevida.com.ar\/portalurbano\/volvieron-a-aumentar-los-precios-de-las-naftas-en-casi-todo-el-pais\/#breadcrumb"},"inLanguage":"es","potentialAction":[{"@type":"ReadAction","target":["https:\/\/experienciadevida.com.ar\/portalurbano\/volvieron-a-aumentar-los-precios-de-las-naftas-en-casi-todo-el-pais\/"]}]},{"@type":"BreadcrumbList","@id":"https:\/\/experienciadevida.com.ar\/portalurbano\/volvieron-a-aumentar-los-precios-de-las-naftas-en-casi-todo-el-pais\/#breadcrumb","itemListElement":[{"@type":"ListItem","position":1,"name":"Portada","item":"https:\/\/experienciadevida.com.ar\/portalurbano\/"},{"@type":"ListItem","position":2,"name":"Volvieron a aumentar los precios de las naftas en casi todo el pa\u00eds"}]},{"@type":"WebSite","@id":"https:\/\/experienciadevida.com.ar\/portalurbano\/#website","url":"https:\/\/experienciadevida.com.ar\/portalurbano\/","name":"","description":"","publisher":{"@id":"https:\/\/experienciadevida.com.ar\/portalurbano\/#organization"},"potentialAction":[{"@type":"SearchAction","target":{"@type":"EntryPoint","urlTemplate":"https:\/\/experienciadevida.com.ar\/portalurbano\/?s={search_term_string}"},"query-input":"required name=search_term_string"}],"inLanguage":"es"},{"@type":"Organization","@id":"https:\/\/experienciadevida.com.ar\/portalurbano\/#organization","name":"Portal Urbano","url":"https:\/\/experienciadevida.com.ar\/portalurbano\/","logo":{"@type":"ImageObject","inLanguage":"es","@id":"https:\/\/experienciadevida.com.ar\/portalurbano\/#\/schema\/logo\/image\/","url":"https:\/\/experienciadevida.com.ar\/portalurbano\/wp-content\/uploads\/2019\/09\/Logo-Original.png","contentUrl":"https:\/\/experienciadevida.com.ar\/portalurbano\/wp-content\/uploads\/2019\/09\/Logo-Original.png","width":2236,"height":1216,"caption":"Portal Urbano"},"image":{"@id":"https:\/\/experienciadevida.com.ar\/portalurbano\/#\/schema\/logo\/image\/"},"sameAs":["https:\/\/www.facebook.com\/Portal-Urbano-171542830093757\/","https:\/\/twitter.com\/portalurbanook","https:\/\/www.instagram.com\/_portalurbano\/","https:\/\/www.youtube.com\/channel\/UCXhagIfszH8KxFiOok79zbA?view_as=subscriber"]},{"@type":"Person","@id":"https:\/\/experienciadevida.com.ar\/portalurbano\/#\/schema\/person\/02dd326b1c4b056e9cc972486934a3a7","name":"admpu17wp","image":{"@type":"ImageObject","inLanguage":"es","@id":"https:\/\/experienciadevida.com.ar\/portalurbano\/#\/schema\/person\/image\/","url":"https:\/\/secure.gravatar.com\/avatar\/830d4c57adaae6630765e449a6908047?s=96&d=mm&r=g","contentUrl":"https:\/\/secure.gravatar.com\/avatar\/830d4c57adaae6630765e449a6908047?s=96&d=mm&r=g","caption":"admpu17wp"}}]}},"featured_image_urls":{"full":"","thumbnail":"","medium":"","medium_large":"","large":"","ug_big":"","1536x1536":"","2048x2048":"","newsever-slider-full":"","newsever-featured":"","newsever-medium":"","web-stories-poster-portrait":"","web-stories-publisher-logo":"","web-stories-thumbnail":""},"author_info":{"display_name":"admpu17wp","author_link":"https:\/\/experienciadevida.com.ar\/portalurbano\/author\/admpu17wp\/"},"category_info":"<a href=\"https:\/\/experienciadevida.com.ar\/portalurbano\/category\/ciudad\/\" rel=\"category tag\">Ciudad<\/a> <a href=\"https:\/\/experienciadevida.com.ar\/portalurbano\/category\/destacadas\/\" rel=\"category tag\">Destacadas<\/a>","tag_info":"Destacadas","comment_count":"0","amp_enabled":true,"_links":{"self":[{"href":"https:\/\/experienciadevida.com.ar\/portalurbano\/wp-json\/wp\/v2\/posts\/135124"}],"collection":[{"href":"https:\/\/experienciadevida.com.ar\/portalurbano\/wp-json\/wp\/v2\/posts"}],"about":[{"href":"https:\/\/experienciadevida.com.ar\/portalurbano\/wp-json\/wp\/v2\/types\/post"}],"author":[{"embeddable":true,"href":"https:\/\/experienciadevida.com.ar\/portalurbano\/wp-json\/wp\/v2\/users\/1"}],"replies":[{"embeddable":true,"href":"https:\/\/experienciadevida.com.ar\/portalurbano\/wp-json\/wp\/v2\/comments?post=135124"}],"version-history":[{"count":3,"href":"https:\/\/experienciadevida.com.ar\/portalurbano\/wp-json\/wp\/v2\/posts\/135124\/revisions"}],"predecessor-version":[{"id":135127,"href":"https:\/\/experienciadevida.com.ar\/portalurbano\/wp-json\/wp\/v2\/posts\/135124\/revisions\/135127"}],"wp:attachment":[{"href":"https:\/\/experienciadevida.com.ar\/portalurbano\/wp-json\/wp\/v2\/media?parent=135124"}],"wp:term":[{"taxonomy":"category","embeddable":true,"href":"https:\/\/experienciadevida.com.ar\/portalurbano\/wp-json\/wp\/v2\/categories?post=135124"},{"taxonomy":"post_tag","embeddable":true,"href":"https:\/\/experienciadevida.com.ar\/portalurbano\/wp-json\/wp\/v2\/tags?post=135124"}],"curies":[{"name":"wp","href":"https:\/\/api.w.org\/{rel}","templated":true}]}}