{"id":135068,"date":"2021-02-13T20:44:19","date_gmt":"2021-02-13T23:44:19","guid":{"rendered":"https:\/\/experienciadevida.com.ar\/portalurbano\/?p=135068"},"modified":"2021-02-13T20:44:19","modified_gmt":"2021-02-13T23:44:19","slug":"funcionarios-de-coopelectric-y-del-gobierno-municipal-recorrieron-barrios-de-sierras-bayas","status":"publish","type":"post","link":"https:\/\/experienciadevida.com.ar\/portalurbano\/funcionarios-de-coopelectric-y-del-gobierno-municipal-recorrieron-barrios-de-sierras-bayas\/","title":{"rendered":"Funcionarios de Coopelectric y del gobierno Municipal recorrieron barrios de Sierras Bayas"},"content":{"rendered":"<p>Funcionarios de Coopelectric y del gobierno Municipal recorrieron los barrios ubicados en las zonas m\u00e1s altas de Sierras Bayas con la finalidad de analizar alternativas para la localizaci\u00f3n de un pozo exploratorio que permita evaluar los niveles del caudal de agua disponible en la zona.<\/p>\n<p>Estuvieron presentes la gerente del Servicio de Obras Sanitarias Ing. Nora Prieto, el Subgerente T\u00e9cnico de Obras Sanitarias MMO. Daniel Scandura; y por la Direcci\u00f3n del \u00c1rea Contralor de Servicios dependiente de la Secretar\u00eda de Mantenimiento y Obras P\u00fablicas, el Ing. Emanuel Laportilla.<\/p>\n<p><a href=\"https:\/\/experienciadevida.com.ar\/portalurbano\/funcionarios-de-coopelectric-y-del-gobierno-municipal-recorrieron-barrios-de-sierras-bayas\/recorrido-ss-bs-01\/\" rel=\"attachment wp-att-135070\"><img decoding=\"async\" class=\"alignnone size-full wp-image-135070\" src=\"https:\/\/experienciadevida.com.ar\/portalurbano\/wp-content\/uploads\/2021\/02\/Recorrido-Ss.-Bs.-01-e1613259825252.jpg\" alt=\"\" width=\"800\" height=\"600\" \/><\/a><\/p>\n<p>Se trata del primer paso para poder determinar la ubicaci\u00f3n\u00a0 definitiva del pozo de extracci\u00f3n de agua que est\u00e1 previsto construir en la localidad serrana durante el a\u00f1o 2021 para mejorar el abastecimiento en los sectores<br \/>\nm\u00e1s altos de Sierras Bayas, especialmente durante los d\u00edas de mayor temperatura del verano debido al incremento en la demanda del recurso.<\/p>\n<p>Al mismo tiempo, y m\u00e1s all\u00e1 de la construcci\u00f3n de un nuevo pozo, tambi\u00e9n se est\u00e1n estudiando alternativas t\u00e9cnicas que permitan mejorar la calidad del Servicio en el corto plazo.<\/p>\n<p>La factibilidad de estas propuestas ser\u00e1 analizada por la Comisi\u00f3n T\u00e9cnica que proyecta las obras a realizarse con el Fondo de Obras de Infraestructura que se recauda mediante la factura del Servicio Sanitario.<\/p>\n<p>Estas acciones constituyen un avance hacia la concreci\u00f3n del compromiso asumido en el mes de enero, durante la reuni\u00f3n de la que participaron el gerente de Coordinaci\u00f3n Ejecutiva de Coopelectric Cr. Oscar L\u00f3pez, el subsecretario de Gobierno Municipal Emilio Vitale, el Delegado Municipal Guillermo Rikal y un grupo de vecinos de la localidad serrana.<\/p>\n<p>En aquella oportunidad, Coopelectric comunic\u00f3 que se trabaj\u00f3 en una reestructuraci\u00f3n t\u00e9cnica del servicio y se repararon p\u00e9rdidas en distintos sectores, lo cual arroj\u00f3 resultados positivos en cuanto a los niveles de presi\u00f3n en el<br \/>\nServicio. No obstante, de cara al futuro, se plante\u00f3 la necesidad de realizar obras que permitan mejorar la calidad del Servicio, especialmente la construcci\u00f3n de un nuevo pozo de extracci\u00f3n de agua.<\/p>\n","protected":false},"excerpt":{"rendered":"<p>Funcionarios de Coopelectric y del gobierno Municipal recorrieron los barrios ubicados en las zonas m\u00e1s&#8230;<\/p>\n","protected":false},"author":1,"featured_media":135069,"comment_status":"closed","ping_status":"closed","sticky":false,"template":"","format":"standard","meta":{"content-type":""},"categories":[27,64],"tags":[],"nelio_content":{"isAutoShareEnabled":false,"autoShareEndMode":"default","automationSources":{"useContentSentences":true,"useSocialTemplates":true,"useCustomSentences":false,"customSentences":[]},"followers":[1],"suggestedReferences":[],"includedReferences":[],"efiUrl":"","efiAlt":"","highlights":[]},"yoast_head":"<!-- This site is optimized with the Yoast SEO plugin v20.7 - https:\/\/yoast.com\/wordpress\/plugins\/seo\/ -->\n<title>Funcionarios de Coopelectric y del gobierno Municipal recorrieron barrios de Sierras Bayas -<\/title>\n<meta name=\"robots\" content=\"index, follow, max-snippet:-1, max-image-preview:large, max-video-preview:-1\" \/>\n<link rel=\"canonical\" href=\"https:\/\/experienciadevida.com.ar\/portalurbano\/funcionarios-de-coopelectric-y-del-gobierno-municipal-recorrieron-barrios-de-sierras-bayas\/\" \/>\n<meta property=\"og:locale\" content=\"es_ES\" \/>\n<meta property=\"og:type\" content=\"article\" \/>\n<meta property=\"og:title\" content=\"Funcionarios de Coopelectric y del gobierno Municipal recorrieron barrios de Sierras Bayas -\" \/>\n<meta property=\"og:description\" content=\"Funcionarios de Coopelectric y del gobierno Municipal recorrieron los barrios ubicados en las zonas m\u00e1s...\" \/>\n<meta property=\"og:url\" content=\"https:\/\/experienciadevida.com.ar\/portalurbano\/funcionarios-de-coopelectric-y-del-gobierno-municipal-recorrieron-barrios-de-sierras-bayas\/\" \/>\n<meta property=\"article:publisher\" content=\"https:\/\/www.facebook.com\/Portal-Urbano-171542830093757\/\" \/>\n<meta property=\"article:published_time\" content=\"2021-02-13T23:44:19+00:00\" \/>\n<meta property=\"og:image\" content=\"https:\/\/experienciadevida.com.ar\/portalurbano\/wp-content\/uploads\/2021\/02\/Recorrido-Ss.-Bs.-02-e1613259819933.jpg\" \/>\n\t<meta property=\"og:image:width\" content=\"800\" \/>\n\t<meta property=\"og:image:height\" content=\"600\" \/>\n\t<meta property=\"og:image:type\" content=\"image\/jpeg\" \/>\n<meta name=\"author\" content=\"admpu17wp\" \/>\n<meta name=\"twitter:card\" content=\"summary_large_image\" \/>\n<meta name=\"twitter:creator\" content=\"@portalurbanook\" \/>\n<meta name=\"twitter:site\" content=\"@portalurbanook\" \/>\n<meta name=\"twitter:label1\" content=\"Escrito por\" \/>\n\t<meta name=\"twitter:data1\" content=\"admpu17wp\" \/>\n\t<meta name=\"twitter:label2\" content=\"Tiempo de lectura\" \/>\n\t<meta name=\"twitter:data2\" content=\"2 minutos\" \/>\n<script type=\"application\/ld+json\" class=\"yoast-schema-graph\">{\"@context\":\"https:\/\/schema.org\",\"@graph\":[{\"@type\":\"Article\",\"@id\":\"https:\/\/experienciadevida.com.ar\/portalurbano\/funcionarios-de-coopelectric-y-del-gobierno-municipal-recorrieron-barrios-de-sierras-bayas\/#article\",\"isPartOf\":{\"@id\":\"https:\/\/experienciadevida.com.ar\/portalurbano\/funcionarios-de-coopelectric-y-del-gobierno-municipal-recorrieron-barrios-de-sierras-bayas\/\"},\"author\":{\"name\":\"admpu17wp\",\"@id\":\"https:\/\/experienciadevida.com.ar\/portalurbano\/#\/schema\/person\/02dd326b1c4b056e9cc972486934a3a7\"},\"headline\":\"Funcionarios de Coopelectric y del gobierno Municipal recorrieron barrios de Sierras Bayas\",\"datePublished\":\"2021-02-13T23:44:19+00:00\",\"dateModified\":\"2021-02-13T23:44:19+00:00\",\"mainEntityOfPage\":{\"@id\":\"https:\/\/experienciadevida.com.ar\/portalurbano\/funcionarios-de-coopelectric-y-del-gobierno-municipal-recorrieron-barrios-de-sierras-bayas\/\"},\"wordCount\":369,\"publisher\":{\"@id\":\"https:\/\/experienciadevida.com.ar\/portalurbano\/#organization\"},\"articleSection\":[\"Ciudad\",\"Destacadas 2\"],\"inLanguage\":\"es\"},{\"@type\":\"WebPage\",\"@id\":\"https:\/\/experienciadevida.com.ar\/portalurbano\/funcionarios-de-coopelectric-y-del-gobierno-municipal-recorrieron-barrios-de-sierras-bayas\/\",\"url\":\"https:\/\/experienciadevida.com.ar\/portalurbano\/funcionarios-de-coopelectric-y-del-gobierno-municipal-recorrieron-barrios-de-sierras-bayas\/\",\"name\":\"Funcionarios de Coopelectric y del gobierno Municipal recorrieron barrios de Sierras Bayas -\",\"isPartOf\":{\"@id\":\"https:\/\/experienciadevida.com.ar\/portalurbano\/#website\"},\"datePublished\":\"2021-02-13T23:44:19+00:00\",\"dateModified\":\"2021-02-13T23:44:19+00:00\",\"breadcrumb\":{\"@id\":\"https:\/\/experienciadevida.com.ar\/portalurbano\/funcionarios-de-coopelectric-y-del-gobierno-municipal-recorrieron-barrios-de-sierras-bayas\/#breadcrumb\"},\"inLanguage\":\"es\",\"potentialAction\":[{\"@type\":\"ReadAction\",\"target\":[\"https:\/\/experienciadevida.com.ar\/portalurbano\/funcionarios-de-coopelectric-y-del-gobierno-municipal-recorrieron-barrios-de-sierras-bayas\/\"]}]},{\"@type\":\"BreadcrumbList\",\"@id\":\"https:\/\/experienciadevida.com.ar\/portalurbano\/funcionarios-de-coopelectric-y-del-gobierno-municipal-recorrieron-barrios-de-sierras-bayas\/#breadcrumb\",\"itemListElement\":[{\"@type\":\"ListItem\",\"position\":1,\"name\":\"Portada\",\"item\":\"https:\/\/experienciadevida.com.ar\/portalurbano\/\"},{\"@type\":\"ListItem\",\"position\":2,\"name\":\"Funcionarios de Coopelectric y del gobierno Municipal recorrieron barrios de Sierras Bayas\"}]},{\"@type\":\"WebSite\",\"@id\":\"https:\/\/experienciadevida.com.ar\/portalurbano\/#website\",\"url\":\"https:\/\/experienciadevida.com.ar\/portalurbano\/\",\"name\":\"\",\"description\":\"\",\"publisher\":{\"@id\":\"https:\/\/experienciadevida.com.ar\/portalurbano\/#organization\"},\"potentialAction\":[{\"@type\":\"SearchAction\",\"target\":{\"@type\":\"EntryPoint\",\"urlTemplate\":\"https:\/\/experienciadevida.com.ar\/portalurbano\/?s={search_term_string}\"},\"query-input\":\"required name=search_term_string\"}],\"inLanguage\":\"es\"},{\"@type\":\"Organization\",\"@id\":\"https:\/\/experienciadevida.com.ar\/portalurbano\/#organization\",\"name\":\"Portal Urbano\",\"url\":\"https:\/\/experienciadevida.com.ar\/portalurbano\/\",\"logo\":{\"@type\":\"ImageObject\",\"inLanguage\":\"es\",\"@id\":\"https:\/\/experienciadevida.com.ar\/portalurbano\/#\/schema\/logo\/image\/\",\"url\":\"https:\/\/experienciadevida.com.ar\/portalurbano\/wp-content\/uploads\/2019\/09\/Logo-Original.png\",\"contentUrl\":\"https:\/\/experienciadevida.com.ar\/portalurbano\/wp-content\/uploads\/2019\/09\/Logo-Original.png\",\"width\":2236,\"height\":1216,\"caption\":\"Portal Urbano\"},\"image\":{\"@id\":\"https:\/\/experienciadevida.com.ar\/portalurbano\/#\/schema\/logo\/image\/\"},\"sameAs\":[\"https:\/\/www.facebook.com\/Portal-Urbano-171542830093757\/\",\"https:\/\/twitter.com\/portalurbanook\",\"https:\/\/www.instagram.com\/_portalurbano\/\",\"https:\/\/www.youtube.com\/channel\/UCXhagIfszH8KxFiOok79zbA?view_as=subscriber\"]},{\"@type\":\"Person\",\"@id\":\"https:\/\/experienciadevida.com.ar\/portalurbano\/#\/schema\/person\/02dd326b1c4b056e9cc972486934a3a7\",\"name\":\"admpu17wp\",\"image\":{\"@type\":\"ImageObject\",\"inLanguage\":\"es\",\"@id\":\"https:\/\/experienciadevida.com.ar\/portalurbano\/#\/schema\/person\/image\/\",\"url\":\"https:\/\/secure.gravatar.com\/avatar\/830d4c57adaae6630765e449a6908047?s=96&d=mm&r=g\",\"contentUrl\":\"https:\/\/secure.gravatar.com\/avatar\/830d4c57adaae6630765e449a6908047?s=96&d=mm&r=g\",\"caption\":\"admpu17wp\"}}]}<\/script>\n<!-- \/ Yoast SEO plugin. -->","yoast_head_json":{"title":"Funcionarios de Coopelectric y del gobierno Municipal recorrieron barrios de Sierras Bayas -","robots":{"index":"index","follow":"follow","max-snippet":"max-snippet:-1","max-image-preview":"max-image-preview:large","max-video-preview":"max-video-preview:-1"},"canonical":"https:\/\/experienciadevida.com.ar\/portalurbano\/funcionarios-de-coopelectric-y-del-gobierno-municipal-recorrieron-barrios-de-sierras-bayas\/","og_locale":"es_ES","og_type":"article","og_title":"Funcionarios de Coopelectric y del gobierno Municipal recorrieron barrios de Sierras Bayas -","og_description":"Funcionarios de Coopelectric y del gobierno Municipal recorrieron los barrios ubicados en las zonas m\u00e1s...","og_url":"https:\/\/experienciadevida.com.ar\/portalurbano\/funcionarios-de-coopelectric-y-del-gobierno-municipal-recorrieron-barrios-de-sierras-bayas\/","article_publisher":"https:\/\/www.facebook.com\/Portal-Urbano-171542830093757\/","article_published_time":"2021-02-13T23:44:19+00:00","og_image":[{"width":800,"height":600,"url":"https:\/\/experienciadevida.com.ar\/portalurbano\/wp-content\/uploads\/2021\/02\/Recorrido-Ss.-Bs.-02-e1613259819933.jpg","type":"image\/jpeg"}],"author":"admpu17wp","twitter_card":"summary_large_image","twitter_creator":"@portalurbanook","twitter_site":"@portalurbanook","twitter_misc":{"Escrito por":"admpu17wp","Tiempo de lectura":"2 minutos"},"schema":{"@context":"https:\/\/schema.org","@graph":[{"@type":"Article","@id":"https:\/\/experienciadevida.com.ar\/portalurbano\/funcionarios-de-coopelectric-y-del-gobierno-municipal-recorrieron-barrios-de-sierras-bayas\/#article","isPartOf":{"@id":"https:\/\/experienciadevida.com.ar\/portalurbano\/funcionarios-de-coopelectric-y-del-gobierno-municipal-recorrieron-barrios-de-sierras-bayas\/"},"author":{"name":"admpu17wp","@id":"https:\/\/experienciadevida.com.ar\/portalurbano\/#\/schema\/person\/02dd326b1c4b056e9cc972486934a3a7"},"headline":"Funcionarios de Coopelectric y del gobierno Municipal recorrieron barrios de Sierras Bayas","datePublished":"2021-02-13T23:44:19+00:00","dateModified":"2021-02-13T23:44:19+00:00","mainEntityOfPage":{"@id":"https:\/\/experienciadevida.com.ar\/portalurbano\/funcionarios-de-coopelectric-y-del-gobierno-municipal-recorrieron-barrios-de-sierras-bayas\/"},"wordCount":369,"publisher":{"@id":"https:\/\/experienciadevida.com.ar\/portalurbano\/#organization"},"articleSection":["Ciudad","Destacadas 2"],"inLanguage":"es"},{"@type":"WebPage","@id":"https:\/\/experienciadevida.com.ar\/portalurbano\/funcionarios-de-coopelectric-y-del-gobierno-municipal-recorrieron-barrios-de-sierras-bayas\/","url":"https:\/\/experienciadevida.com.ar\/portalurbano\/funcionarios-de-coopelectric-y-del-gobierno-municipal-recorrieron-barrios-de-sierras-bayas\/","name":"Funcionarios de Coopelectric y del gobierno Municipal recorrieron barrios de Sierras Bayas -","isPartOf":{"@id":"https:\/\/experienciadevida.com.ar\/portalurbano\/#website"},"datePublished":"2021-02-13T23:44:19+00:00","dateModified":"2021-02-13T23:44:19+00:00","breadcrumb":{"@id":"https:\/\/experienciadevida.com.ar\/portalurbano\/funcionarios-de-coopelectric-y-del-gobierno-municipal-recorrieron-barrios-de-sierras-bayas\/#breadcrumb"},"inLanguage":"es","potentialAction":[{"@type":"ReadAction","target":["https:\/\/experienciadevida.com.ar\/portalurbano\/funcionarios-de-coopelectric-y-del-gobierno-municipal-recorrieron-barrios-de-sierras-bayas\/"]}]},{"@type":"BreadcrumbList","@id":"https:\/\/experienciadevida.com.ar\/portalurbano\/funcionarios-de-coopelectric-y-del-gobierno-municipal-recorrieron-barrios-de-sierras-bayas\/#breadcrumb","itemListElement":[{"@type":"ListItem","position":1,"name":"Portada","item":"https:\/\/experienciadevida.com.ar\/portalurbano\/"},{"@type":"ListItem","position":2,"name":"Funcionarios de Coopelectric y del gobierno Municipal recorrieron barrios de Sierras Bayas"}]},{"@type":"WebSite","@id":"https:\/\/experienciadevida.com.ar\/portalurbano\/#website","url":"https:\/\/experienciadevida.com.ar\/portalurbano\/","name":"","description":"","publisher":{"@id":"https:\/\/experienciadevida.com.ar\/portalurbano\/#organization"},"potentialAction":[{"@type":"SearchAction","target":{"@type":"EntryPoint","urlTemplate":"https:\/\/experienciadevida.com.ar\/portalurbano\/?s={search_term_string}"},"query-input":"required name=search_term_string"}],"inLanguage":"es"},{"@type":"Organization","@id":"https:\/\/experienciadevida.com.ar\/portalurbano\/#organization","name":"Portal Urbano","url":"https:\/\/experienciadevida.com.ar\/portalurbano\/","logo":{"@type":"ImageObject","inLanguage":"es","@id":"https:\/\/experienciadevida.com.ar\/portalurbano\/#\/schema\/logo\/image\/","url":"https:\/\/experienciadevida.com.ar\/portalurbano\/wp-content\/uploads\/2019\/09\/Logo-Original.png","contentUrl":"https:\/\/experienciadevida.com.ar\/portalurbano\/wp-content\/uploads\/2019\/09\/Logo-Original.png","width":2236,"height":1216,"caption":"Portal Urbano"},"image":{"@id":"https:\/\/experienciadevida.com.ar\/portalurbano\/#\/schema\/logo\/image\/"},"sameAs":["https:\/\/www.facebook.com\/Portal-Urbano-171542830093757\/","https:\/\/twitter.com\/portalurbanook","https:\/\/www.instagram.com\/_portalurbano\/","https:\/\/www.youtube.com\/channel\/UCXhagIfszH8KxFiOok79zbA?view_as=subscriber"]},{"@type":"Person","@id":"https:\/\/experienciadevida.com.ar\/portalurbano\/#\/schema\/person\/02dd326b1c4b056e9cc972486934a3a7","name":"admpu17wp","image":{"@type":"ImageObject","inLanguage":"es","@id":"https:\/\/experienciadevida.com.ar\/portalurbano\/#\/schema\/person\/image\/","url":"https:\/\/secure.gravatar.com\/avatar\/830d4c57adaae6630765e449a6908047?s=96&d=mm&r=g","contentUrl":"https:\/\/secure.gravatar.com\/avatar\/830d4c57adaae6630765e449a6908047?s=96&d=mm&r=g","caption":"admpu17wp"}}]}},"featured_image_urls":{"full":["https:\/\/experienciadevida.com.ar\/portalurbano\/wp-content\/uploads\/2021\/02\/Recorrido-Ss.-Bs.-02-e1613259819933.jpg",800,600,false],"thumbnail":["https:\/\/experienciadevida.com.ar\/portalurbano\/wp-content\/uploads\/2021\/02\/Recorrido-Ss.-Bs.-02-150x150.jpg",150,150,true],"medium":["https:\/\/experienciadevida.com.ar\/portalurbano\/wp-content\/uploads\/2021\/02\/Recorrido-Ss.-Bs.-02-300x225.jpg",300,225,true],"medium_large":["https:\/\/experienciadevida.com.ar\/portalurbano\/wp-content\/uploads\/2021\/02\/Recorrido-Ss.-Bs.-02-768x576.jpg",640,480,true],"large":["https:\/\/experienciadevida.com.ar\/portalurbano\/wp-content\/uploads\/2021\/02\/Recorrido-Ss.-Bs.-02-1024x768.jpg",640,480,true],"ug_big":["https:\/\/experienciadevida.com.ar\/portalurbano\/wp-content\/uploads\/2021\/02\/Recorrido-Ss.-Bs.-02-768x576.jpg",768,576,true],"1536x1536":["https:\/\/experienciadevida.com.ar\/portalurbano\/wp-content\/uploads\/2021\/02\/Recorrido-Ss.-Bs.-02-e1613259819933.jpg",800,600,false],"2048x2048":["https:\/\/experienciadevida.com.ar\/portalurbano\/wp-content\/uploads\/2021\/02\/Recorrido-Ss.-Bs.-02-e1613259819933.jpg",800,600,false],"newsever-slider-full":["https:\/\/experienciadevida.com.ar\/portalurbano\/wp-content\/uploads\/2021\/02\/Recorrido-Ss.-Bs.-02-e1613259819933.jpg",800,600,false],"newsever-featured":["https:\/\/experienciadevida.com.ar\/portalurbano\/wp-content\/uploads\/2021\/02\/Recorrido-Ss.-Bs.-02-e1613259819933.jpg",800,600,false],"newsever-medium":["https:\/\/experienciadevida.com.ar\/portalurbano\/wp-content\/uploads\/2021\/02\/Recorrido-Ss.-Bs.-02-e1613259819933.jpg",633,475,false],"web-stories-poster-portrait":["https:\/\/experienciadevida.com.ar\/portalurbano\/wp-content\/uploads\/2021\/02\/Recorrido-Ss.-Bs.-02-e1613259819933.jpg",640,480,false],"web-stories-publisher-logo":["https:\/\/experienciadevida.com.ar\/portalurbano\/wp-content\/uploads\/2021\/02\/Recorrido-Ss.-Bs.-02-e1613259819933.jpg",96,72,false],"web-stories-thumbnail":["https:\/\/experienciadevida.com.ar\/portalurbano\/wp-content\/uploads\/2021\/02\/Recorrido-Ss.-Bs.-02-e1613259819933.jpg",150,113,false]},"author_info":{"display_name":"admpu17wp","author_link":"https:\/\/experienciadevida.com.ar\/portalurbano\/author\/admpu17wp\/"},"category_info":"<a href=\"https:\/\/experienciadevida.com.ar\/portalurbano\/category\/ciudad\/\" rel=\"category tag\">Ciudad<\/a> <a href=\"https:\/\/experienciadevida.com.ar\/portalurbano\/category\/destacadas-2\/\" rel=\"category tag\">Destacadas 2<\/a>","tag_info":"Destacadas 2","comment_count":"0","amp_enabled":true,"_links":{"self":[{"href":"https:\/\/experienciadevida.com.ar\/portalurbano\/wp-json\/wp\/v2\/posts\/135068"}],"collection":[{"href":"https:\/\/experienciadevida.com.ar\/portalurbano\/wp-json\/wp\/v2\/posts"}],"about":[{"href":"https:\/\/experienciadevida.com.ar\/portalurbano\/wp-json\/wp\/v2\/types\/post"}],"author":[{"embeddable":true,"href":"https:\/\/experienciadevida.com.ar\/portalurbano\/wp-json\/wp\/v2\/users\/1"}],"replies":[{"embeddable":true,"href":"https:\/\/experienciadevida.com.ar\/portalurbano\/wp-json\/wp\/v2\/comments?post=135068"}],"version-history":[{"count":3,"href":"https:\/\/experienciadevida.com.ar\/portalurbano\/wp-json\/wp\/v2\/posts\/135068\/revisions"}],"predecessor-version":[{"id":135073,"href":"https:\/\/experienciadevida.com.ar\/portalurbano\/wp-json\/wp\/v2\/posts\/135068\/revisions\/135073"}],"wp:featuredmedia":[{"embeddable":true,"href":"https:\/\/experienciadevida.com.ar\/portalurbano\/wp-json\/wp\/v2\/media\/135069"}],"wp:attachment":[{"href":"https:\/\/experienciadevida.com.ar\/portalurbano\/wp-json\/wp\/v2\/media?parent=135068"}],"wp:term":[{"taxonomy":"category","embeddable":true,"href":"https:\/\/experienciadevida.com.ar\/portalurbano\/wp-json\/wp\/v2\/categories?post=135068"},{"taxonomy":"post_tag","embeddable":true,"href":"https:\/\/experienciadevida.com.ar\/portalurbano\/wp-json\/wp\/v2\/tags?post=135068"}],"curies":[{"name":"wp","href":"https:\/\/api.w.org\/{rel}","templated":true}]}}