{"id":135062,"date":"2021-02-13T20:35:04","date_gmt":"2021-02-13T23:35:04","guid":{"rendered":"https:\/\/experienciadevida.com.ar\/portalurbano\/?p=135062"},"modified":"2021-02-13T20:38:01","modified_gmt":"2021-02-13T23:38:01","slug":"informe-sanitario-se-registraron-26-casos-positivos-y-21-personas-recibieron-el-alta-medica","status":"publish","type":"post","link":"https:\/\/experienciadevida.com.ar\/portalurbano\/informe-sanitario-se-registraron-26-casos-positivos-y-21-personas-recibieron-el-alta-medica\/","title":{"rendered":"Informe Sanitario : Se registraron 26 casos positivos y 21 personas recibieron el alta medica"},"content":{"rendered":"<p>En la tarde de este s\u00e1bado, la Secretar\u00eda de Salud del Municipio emiti\u00f3 el reporte sanitario correspondiente a la jornada.<\/p>\n<p>Del mismo se desprende que se realizaron 93 hisopados: 26 fueron positivos y 67 negativos para Covid19. Asimismo indica que en el d\u00eda de la fecha 21 personas recibieron el alta m\u00e9dica, por lo que el n\u00famero de pacientes que transitan la enfermedad en Olavarr\u00eda es 137 (el 85% es menor de 60 a\u00f1os).<\/p>\n<p>Por otra parte, desde el inicio de la pandemia a este s\u00e1bado 13 de febrero, en el Partido se realizaron 19930 testeos: 13073 fueron negativos para Covid19 y 6857 positivos.<\/p>\n<p>En cuanto a la ocupaci\u00f3n de camas en el Hospital Municipal \u201cDr. H\u00e9ctor Cura\u201d, nueve personas est\u00e1n internadas en la Unidad de Terapia Intensiva y ocho en Cl\u00ednica Covid. No hay personas internadas en Pediatr\u00eda.<\/p>\n<p>Finalmente se recuerda que ni este domingo 14 ni el lunes 15 de febrero se emitir\u00e1 el reporte sanitario.<\/p>\n<p><a href=\"https:\/\/experienciadevida.com.ar\/portalurbano\/informe-sanitario-se-registraron-26-casos-positivos-y-21-personas-recibieron-el-alta-medica\/c11637dd-e040-4468-b11d-c15344fefd21\/\" rel=\"attachment wp-att-135065\"><img decoding=\"async\" class=\"alignnone size-full wp-image-135065\" src=\"https:\/\/experienciadevida.com.ar\/portalurbano\/wp-content\/uploads\/2021\/02\/c11637dd-e040-4468-b11d-c15344fefd21.jpg\" alt=\"\" width=\"1280\" height=\"1279\" srcset=\"https:\/\/experienciadevida.com.ar\/portalurbano\/wp-content\/uploads\/2021\/02\/c11637dd-e040-4468-b11d-c15344fefd21.jpg 1280w, https:\/\/experienciadevida.com.ar\/portalurbano\/wp-content\/uploads\/2021\/02\/c11637dd-e040-4468-b11d-c15344fefd21-300x300.jpg 300w, https:\/\/experienciadevida.com.ar\/portalurbano\/wp-content\/uploads\/2021\/02\/c11637dd-e040-4468-b11d-c15344fefd21-1024x1024.jpg 1024w, https:\/\/experienciadevida.com.ar\/portalurbano\/wp-content\/uploads\/2021\/02\/c11637dd-e040-4468-b11d-c15344fefd21-150x150.jpg 150w, https:\/\/experienciadevida.com.ar\/portalurbano\/wp-content\/uploads\/2021\/02\/c11637dd-e040-4468-b11d-c15344fefd21-768x768.jpg 768w\" sizes=\"(max-width: 1280px) 100vw, 1280px\" \/><\/a><\/p>\n<p><a href=\"https:\/\/experienciadevida.com.ar\/portalurbano\/informe-sanitario-se-registraron-26-casos-positivos-y-21-personas-recibieron-el-alta-medica\/8f79230e-f1a8-430f-8d73-bf00ac8a5c60\/\" rel=\"attachment wp-att-135066\"><img decoding=\"async\" class=\"alignnone size-full wp-image-135066\" src=\"https:\/\/experienciadevida.com.ar\/portalurbano\/wp-content\/uploads\/2021\/02\/8f79230e-f1a8-430f-8d73-bf00ac8a5c60.jpg\" alt=\"\" width=\"1280\" height=\"1280\" srcset=\"https:\/\/experienciadevida.com.ar\/portalurbano\/wp-content\/uploads\/2021\/02\/8f79230e-f1a8-430f-8d73-bf00ac8a5c60.jpg 1280w, https:\/\/experienciadevida.com.ar\/portalurbano\/wp-content\/uploads\/2021\/02\/8f79230e-f1a8-430f-8d73-bf00ac8a5c60-300x300.jpg 300w, https:\/\/experienciadevida.com.ar\/portalurbano\/wp-content\/uploads\/2021\/02\/8f79230e-f1a8-430f-8d73-bf00ac8a5c60-1024x1024.jpg 1024w, https:\/\/experienciadevida.com.ar\/portalurbano\/wp-content\/uploads\/2021\/02\/8f79230e-f1a8-430f-8d73-bf00ac8a5c60-150x150.jpg 150w, https:\/\/experienciadevida.com.ar\/portalurbano\/wp-content\/uploads\/2021\/02\/8f79230e-f1a8-430f-8d73-bf00ac8a5c60-768x768.jpg 768w\" sizes=\"(max-width: 1280px) 100vw, 1280px\" \/><\/a> <a href=\"https:\/\/experienciadevida.com.ar\/portalurbano\/informe-sanitario-se-registraron-26-casos-positivos-y-21-personas-recibieron-el-alta-medica\/17783968-a668-44fe-85dc-ee9834944635\/\" rel=\"attachment wp-att-135064\"><img decoding=\"async\" class=\"alignnone size-full wp-image-135064\" src=\"https:\/\/experienciadevida.com.ar\/portalurbano\/wp-content\/uploads\/2021\/02\/17783968-a668-44fe-85dc-ee9834944635.jpg\" alt=\"\" width=\"1280\" height=\"1280\" srcset=\"https:\/\/experienciadevida.com.ar\/portalurbano\/wp-content\/uploads\/2021\/02\/17783968-a668-44fe-85dc-ee9834944635.jpg 1280w, https:\/\/experienciadevida.com.ar\/portalurbano\/wp-content\/uploads\/2021\/02\/17783968-a668-44fe-85dc-ee9834944635-300x300.jpg 300w, https:\/\/experienciadevida.com.ar\/portalurbano\/wp-content\/uploads\/2021\/02\/17783968-a668-44fe-85dc-ee9834944635-1024x1024.jpg 1024w, https:\/\/experienciadevida.com.ar\/portalurbano\/wp-content\/uploads\/2021\/02\/17783968-a668-44fe-85dc-ee9834944635-150x150.jpg 150w, https:\/\/experienciadevida.com.ar\/portalurbano\/wp-content\/uploads\/2021\/02\/17783968-a668-44fe-85dc-ee9834944635-768x768.jpg 768w\" sizes=\"(max-width: 1280px) 100vw, 1280px\" \/><\/a><\/p>\n","protected":false},"excerpt":{"rendered":"<p>En la tarde de este s\u00e1bado, la Secretar\u00eda de Salud del Municipio emiti\u00f3 el reporte&#8230;<\/p>\n","protected":false},"author":1,"featured_media":107309,"comment_status":"closed","ping_status":"closed","sticky":false,"template":"","format":"standard","meta":{"content-type":""},"categories":[27,51],"tags":[],"nelio_content":{"isAutoShareEnabled":false,"autoShareEndMode":"default","automationSources":{"useContentSentences":true,"useSocialTemplates":true,"useCustomSentences":false,"customSentences":[]},"followers":[1],"suggestedReferences":[],"includedReferences":[],"efiUrl":"","efiAlt":"","highlights":[]},"yoast_head":"<!-- This site is optimized with the Yoast SEO plugin v20.7 - https:\/\/yoast.com\/wordpress\/plugins\/seo\/ -->\n<title>Informe Sanitario : Se registraron 26 casos positivos y 21 personas recibieron el alta medica -<\/title>\n<meta name=\"robots\" content=\"index, follow, max-snippet:-1, max-image-preview:large, max-video-preview:-1\" \/>\n<link rel=\"canonical\" href=\"https:\/\/experienciadevida.com.ar\/portalurbano\/informe-sanitario-se-registraron-26-casos-positivos-y-21-personas-recibieron-el-alta-medica\/\" \/>\n<meta property=\"og:locale\" content=\"es_ES\" \/>\n<meta property=\"og:type\" content=\"article\" \/>\n<meta property=\"og:title\" content=\"Informe Sanitario : Se registraron 26 casos positivos y 21 personas recibieron el alta medica -\" \/>\n<meta property=\"og:description\" content=\"En la tarde de este s\u00e1bado, la Secretar\u00eda de Salud del Municipio emiti\u00f3 el reporte...\" \/>\n<meta property=\"og:url\" content=\"https:\/\/experienciadevida.com.ar\/portalurbano\/informe-sanitario-se-registraron-26-casos-positivos-y-21-personas-recibieron-el-alta-medica\/\" \/>\n<meta property=\"article:publisher\" content=\"https:\/\/www.facebook.com\/Portal-Urbano-171542830093757\/\" \/>\n<meta property=\"article:published_time\" content=\"2021-02-13T23:35:04+00:00\" \/>\n<meta property=\"article:modified_time\" content=\"2021-02-13T23:38:01+00:00\" \/>\n<meta property=\"og:image\" content=\"https:\/\/experienciadevida.com.ar\/portalurbano\/wp-content\/uploads\/2020\/04\/Guardia_hospital-e1596235004579.jpg\" \/>\n\t<meta property=\"og:image:width\" content=\"750\" \/>\n\t<meta property=\"og:image:height\" content=\"413\" \/>\n\t<meta property=\"og:image:type\" content=\"image\/jpeg\" \/>\n<meta name=\"author\" content=\"admpu17wp\" \/>\n<meta name=\"twitter:card\" content=\"summary_large_image\" \/>\n<meta name=\"twitter:creator\" content=\"@portalurbanook\" \/>\n<meta name=\"twitter:site\" content=\"@portalurbanook\" \/>\n<meta name=\"twitter:label1\" content=\"Escrito por\" \/>\n\t<meta name=\"twitter:data1\" content=\"admpu17wp\" \/>\n\t<meta name=\"twitter:label2\" content=\"Tiempo de lectura\" \/>\n\t<meta name=\"twitter:data2\" content=\"2 minutos\" \/>\n<script type=\"application\/ld+json\" class=\"yoast-schema-graph\">{\"@context\":\"https:\/\/schema.org\",\"@graph\":[{\"@type\":\"Article\",\"@id\":\"https:\/\/experienciadevida.com.ar\/portalurbano\/informe-sanitario-se-registraron-26-casos-positivos-y-21-personas-recibieron-el-alta-medica\/#article\",\"isPartOf\":{\"@id\":\"https:\/\/experienciadevida.com.ar\/portalurbano\/informe-sanitario-se-registraron-26-casos-positivos-y-21-personas-recibieron-el-alta-medica\/\"},\"author\":{\"name\":\"admpu17wp\",\"@id\":\"https:\/\/experienciadevida.com.ar\/portalurbano\/#\/schema\/person\/02dd326b1c4b056e9cc972486934a3a7\"},\"headline\":\"Informe Sanitario : Se registraron 26 casos positivos y 21 personas recibieron el alta medica\",\"datePublished\":\"2021-02-13T23:35:04+00:00\",\"dateModified\":\"2021-02-13T23:38:01+00:00\",\"mainEntityOfPage\":{\"@id\":\"https:\/\/experienciadevida.com.ar\/portalurbano\/informe-sanitario-se-registraron-26-casos-positivos-y-21-personas-recibieron-el-alta-medica\/\"},\"wordCount\":170,\"publisher\":{\"@id\":\"https:\/\/experienciadevida.com.ar\/portalurbano\/#organization\"},\"articleSection\":[\"Ciudad\",\"Destacadas\"],\"inLanguage\":\"es\"},{\"@type\":\"WebPage\",\"@id\":\"https:\/\/experienciadevida.com.ar\/portalurbano\/informe-sanitario-se-registraron-26-casos-positivos-y-21-personas-recibieron-el-alta-medica\/\",\"url\":\"https:\/\/experienciadevida.com.ar\/portalurbano\/informe-sanitario-se-registraron-26-casos-positivos-y-21-personas-recibieron-el-alta-medica\/\",\"name\":\"Informe Sanitario : Se registraron 26 casos positivos y 21 personas recibieron el alta medica -\",\"isPartOf\":{\"@id\":\"https:\/\/experienciadevida.com.ar\/portalurbano\/#website\"},\"datePublished\":\"2021-02-13T23:35:04+00:00\",\"dateModified\":\"2021-02-13T23:38:01+00:00\",\"breadcrumb\":{\"@id\":\"https:\/\/experienciadevida.com.ar\/portalurbano\/informe-sanitario-se-registraron-26-casos-positivos-y-21-personas-recibieron-el-alta-medica\/#breadcrumb\"},\"inLanguage\":\"es\",\"potentialAction\":[{\"@type\":\"ReadAction\",\"target\":[\"https:\/\/experienciadevida.com.ar\/portalurbano\/informe-sanitario-se-registraron-26-casos-positivos-y-21-personas-recibieron-el-alta-medica\/\"]}]},{\"@type\":\"BreadcrumbList\",\"@id\":\"https:\/\/experienciadevida.com.ar\/portalurbano\/informe-sanitario-se-registraron-26-casos-positivos-y-21-personas-recibieron-el-alta-medica\/#breadcrumb\",\"itemListElement\":[{\"@type\":\"ListItem\",\"position\":1,\"name\":\"Portada\",\"item\":\"https:\/\/experienciadevida.com.ar\/portalurbano\/\"},{\"@type\":\"ListItem\",\"position\":2,\"name\":\"Informe Sanitario : Se registraron 26 casos positivos y 21 personas recibieron el alta medica\"}]},{\"@type\":\"WebSite\",\"@id\":\"https:\/\/experienciadevida.com.ar\/portalurbano\/#website\",\"url\":\"https:\/\/experienciadevida.com.ar\/portalurbano\/\",\"name\":\"\",\"description\":\"\",\"publisher\":{\"@id\":\"https:\/\/experienciadevida.com.ar\/portalurbano\/#organization\"},\"potentialAction\":[{\"@type\":\"SearchAction\",\"target\":{\"@type\":\"EntryPoint\",\"urlTemplate\":\"https:\/\/experienciadevida.com.ar\/portalurbano\/?s={search_term_string}\"},\"query-input\":\"required name=search_term_string\"}],\"inLanguage\":\"es\"},{\"@type\":\"Organization\",\"@id\":\"https:\/\/experienciadevida.com.ar\/portalurbano\/#organization\",\"name\":\"Portal Urbano\",\"url\":\"https:\/\/experienciadevida.com.ar\/portalurbano\/\",\"logo\":{\"@type\":\"ImageObject\",\"inLanguage\":\"es\",\"@id\":\"https:\/\/experienciadevida.com.ar\/portalurbano\/#\/schema\/logo\/image\/\",\"url\":\"https:\/\/experienciadevida.com.ar\/portalurbano\/wp-content\/uploads\/2019\/09\/Logo-Original.png\",\"contentUrl\":\"https:\/\/experienciadevida.com.ar\/portalurbano\/wp-content\/uploads\/2019\/09\/Logo-Original.png\",\"width\":2236,\"height\":1216,\"caption\":\"Portal Urbano\"},\"image\":{\"@id\":\"https:\/\/experienciadevida.com.ar\/portalurbano\/#\/schema\/logo\/image\/\"},\"sameAs\":[\"https:\/\/www.facebook.com\/Portal-Urbano-171542830093757\/\",\"https:\/\/twitter.com\/portalurbanook\",\"https:\/\/www.instagram.com\/_portalurbano\/\",\"https:\/\/www.youtube.com\/channel\/UCXhagIfszH8KxFiOok79zbA?view_as=subscriber\"]},{\"@type\":\"Person\",\"@id\":\"https:\/\/experienciadevida.com.ar\/portalurbano\/#\/schema\/person\/02dd326b1c4b056e9cc972486934a3a7\",\"name\":\"admpu17wp\",\"image\":{\"@type\":\"ImageObject\",\"inLanguage\":\"es\",\"@id\":\"https:\/\/experienciadevida.com.ar\/portalurbano\/#\/schema\/person\/image\/\",\"url\":\"https:\/\/secure.gravatar.com\/avatar\/830d4c57adaae6630765e449a6908047?s=96&d=mm&r=g\",\"contentUrl\":\"https:\/\/secure.gravatar.com\/avatar\/830d4c57adaae6630765e449a6908047?s=96&d=mm&r=g\",\"caption\":\"admpu17wp\"}}]}<\/script>\n<!-- \/ Yoast SEO plugin. -->","yoast_head_json":{"title":"Informe Sanitario : Se registraron 26 casos positivos y 21 personas recibieron el alta medica -","robots":{"index":"index","follow":"follow","max-snippet":"max-snippet:-1","max-image-preview":"max-image-preview:large","max-video-preview":"max-video-preview:-1"},"canonical":"https:\/\/experienciadevida.com.ar\/portalurbano\/informe-sanitario-se-registraron-26-casos-positivos-y-21-personas-recibieron-el-alta-medica\/","og_locale":"es_ES","og_type":"article","og_title":"Informe Sanitario : Se registraron 26 casos positivos y 21 personas recibieron el alta medica -","og_description":"En la tarde de este s\u00e1bado, la Secretar\u00eda de Salud del Municipio emiti\u00f3 el reporte...","og_url":"https:\/\/experienciadevida.com.ar\/portalurbano\/informe-sanitario-se-registraron-26-casos-positivos-y-21-personas-recibieron-el-alta-medica\/","article_publisher":"https:\/\/www.facebook.com\/Portal-Urbano-171542830093757\/","article_published_time":"2021-02-13T23:35:04+00:00","article_modified_time":"2021-02-13T23:38:01+00:00","og_image":[{"width":750,"height":413,"url":"https:\/\/experienciadevida.com.ar\/portalurbano\/wp-content\/uploads\/2020\/04\/Guardia_hospital-e1596235004579.jpg","type":"image\/jpeg"}],"author":"admpu17wp","twitter_card":"summary_large_image","twitter_creator":"@portalurbanook","twitter_site":"@portalurbanook","twitter_misc":{"Escrito por":"admpu17wp","Tiempo de lectura":"2 minutos"},"schema":{"@context":"https:\/\/schema.org","@graph":[{"@type":"Article","@id":"https:\/\/experienciadevida.com.ar\/portalurbano\/informe-sanitario-se-registraron-26-casos-positivos-y-21-personas-recibieron-el-alta-medica\/#article","isPartOf":{"@id":"https:\/\/experienciadevida.com.ar\/portalurbano\/informe-sanitario-se-registraron-26-casos-positivos-y-21-personas-recibieron-el-alta-medica\/"},"author":{"name":"admpu17wp","@id":"https:\/\/experienciadevida.com.ar\/portalurbano\/#\/schema\/person\/02dd326b1c4b056e9cc972486934a3a7"},"headline":"Informe Sanitario : Se registraron 26 casos positivos y 21 personas recibieron el alta medica","datePublished":"2021-02-13T23:35:04+00:00","dateModified":"2021-02-13T23:38:01+00:00","mainEntityOfPage":{"@id":"https:\/\/experienciadevida.com.ar\/portalurbano\/informe-sanitario-se-registraron-26-casos-positivos-y-21-personas-recibieron-el-alta-medica\/"},"wordCount":170,"publisher":{"@id":"https:\/\/experienciadevida.com.ar\/portalurbano\/#organization"},"articleSection":["Ciudad","Destacadas"],"inLanguage":"es"},{"@type":"WebPage","@id":"https:\/\/experienciadevida.com.ar\/portalurbano\/informe-sanitario-se-registraron-26-casos-positivos-y-21-personas-recibieron-el-alta-medica\/","url":"https:\/\/experienciadevida.com.ar\/portalurbano\/informe-sanitario-se-registraron-26-casos-positivos-y-21-personas-recibieron-el-alta-medica\/","name":"Informe Sanitario : Se registraron 26 casos positivos y 21 personas recibieron el alta medica -","isPartOf":{"@id":"https:\/\/experienciadevida.com.ar\/portalurbano\/#website"},"datePublished":"2021-02-13T23:35:04+00:00","dateModified":"2021-02-13T23:38:01+00:00","breadcrumb":{"@id":"https:\/\/experienciadevida.com.ar\/portalurbano\/informe-sanitario-se-registraron-26-casos-positivos-y-21-personas-recibieron-el-alta-medica\/#breadcrumb"},"inLanguage":"es","potentialAction":[{"@type":"ReadAction","target":["https:\/\/experienciadevida.com.ar\/portalurbano\/informe-sanitario-se-registraron-26-casos-positivos-y-21-personas-recibieron-el-alta-medica\/"]}]},{"@type":"BreadcrumbList","@id":"https:\/\/experienciadevida.com.ar\/portalurbano\/informe-sanitario-se-registraron-26-casos-positivos-y-21-personas-recibieron-el-alta-medica\/#breadcrumb","itemListElement":[{"@type":"ListItem","position":1,"name":"Portada","item":"https:\/\/experienciadevida.com.ar\/portalurbano\/"},{"@type":"ListItem","position":2,"name":"Informe Sanitario : Se registraron 26 casos positivos y 21 personas recibieron el alta medica"}]},{"@type":"WebSite","@id":"https:\/\/experienciadevida.com.ar\/portalurbano\/#website","url":"https:\/\/experienciadevida.com.ar\/portalurbano\/","name":"","description":"","publisher":{"@id":"https:\/\/experienciadevida.com.ar\/portalurbano\/#organization"},"potentialAction":[{"@type":"SearchAction","target":{"@type":"EntryPoint","urlTemplate":"https:\/\/experienciadevida.com.ar\/portalurbano\/?s={search_term_string}"},"query-input":"required name=search_term_string"}],"inLanguage":"es"},{"@type":"Organization","@id":"https:\/\/experienciadevida.com.ar\/portalurbano\/#organization","name":"Portal Urbano","url":"https:\/\/experienciadevida.com.ar\/portalurbano\/","logo":{"@type":"ImageObject","inLanguage":"es","@id":"https:\/\/experienciadevida.com.ar\/portalurbano\/#\/schema\/logo\/image\/","url":"https:\/\/experienciadevida.com.ar\/portalurbano\/wp-content\/uploads\/2019\/09\/Logo-Original.png","contentUrl":"https:\/\/experienciadevida.com.ar\/portalurbano\/wp-content\/uploads\/2019\/09\/Logo-Original.png","width":2236,"height":1216,"caption":"Portal Urbano"},"image":{"@id":"https:\/\/experienciadevida.com.ar\/portalurbano\/#\/schema\/logo\/image\/"},"sameAs":["https:\/\/www.facebook.com\/Portal-Urbano-171542830093757\/","https:\/\/twitter.com\/portalurbanook","https:\/\/www.instagram.com\/_portalurbano\/","https:\/\/www.youtube.com\/channel\/UCXhagIfszH8KxFiOok79zbA?view_as=subscriber"]},{"@type":"Person","@id":"https:\/\/experienciadevida.com.ar\/portalurbano\/#\/schema\/person\/02dd326b1c4b056e9cc972486934a3a7","name":"admpu17wp","image":{"@type":"ImageObject","inLanguage":"es","@id":"https:\/\/experienciadevida.com.ar\/portalurbano\/#\/schema\/person\/image\/","url":"https:\/\/secure.gravatar.com\/avatar\/830d4c57adaae6630765e449a6908047?s=96&d=mm&r=g","contentUrl":"https:\/\/secure.gravatar.com\/avatar\/830d4c57adaae6630765e449a6908047?s=96&d=mm&r=g","caption":"admpu17wp"}}]}},"featured_image_urls":{"full":["https:\/\/experienciadevida.com.ar\/portalurbano\/wp-content\/uploads\/2020\/04\/Guardia_hospital-e1596235004579.jpg",750,413,false],"thumbnail":["https:\/\/experienciadevida.com.ar\/portalurbano\/wp-content\/uploads\/2020\/04\/Guardia_hospital-150x150.jpg",150,150,true],"medium":["https:\/\/experienciadevida.com.ar\/portalurbano\/wp-content\/uploads\/2020\/04\/Guardia_hospital-300x165.jpg",300,165,true],"medium_large":["https:\/\/experienciadevida.com.ar\/portalurbano\/wp-content\/uploads\/2020\/04\/Guardia_hospital-768x422.jpg",640,352,true],"large":["https:\/\/experienciadevida.com.ar\/portalurbano\/wp-content\/uploads\/2020\/04\/Guardia_hospital-e1596235004579.jpg",640,352,false],"ug_big":["https:\/\/experienciadevida.com.ar\/portalurbano\/wp-content\/uploads\/2020\/04\/Guardia_hospital-768x422.jpg",768,422,true],"1536x1536":["https:\/\/experienciadevida.com.ar\/portalurbano\/wp-content\/uploads\/2020\/04\/Guardia_hospital-e1596235004579.jpg",750,413,false],"2048x2048":["https:\/\/experienciadevida.com.ar\/portalurbano\/wp-content\/uploads\/2020\/04\/Guardia_hospital-e1596235004579.jpg",750,413,false],"newsever-slider-full":["https:\/\/experienciadevida.com.ar\/portalurbano\/wp-content\/uploads\/2020\/04\/Guardia_hospital-e1596235004579.jpg",750,413,false],"newsever-featured":["https:\/\/experienciadevida.com.ar\/portalurbano\/wp-content\/uploads\/2020\/04\/Guardia_hospital-e1596235004579.jpg",750,413,false],"newsever-medium":["https:\/\/experienciadevida.com.ar\/portalurbano\/wp-content\/uploads\/2020\/04\/Guardia_hospital-e1596235004579.jpg",720,396,false],"web-stories-poster-portrait":["https:\/\/experienciadevida.com.ar\/portalurbano\/wp-content\/uploads\/2020\/04\/Guardia_hospital-e1596235004579.jpg",640,352,false],"web-stories-publisher-logo":["https:\/\/experienciadevida.com.ar\/portalurbano\/wp-content\/uploads\/2020\/04\/Guardia_hospital-e1596235004579.jpg",96,53,false],"web-stories-thumbnail":["https:\/\/experienciadevida.com.ar\/portalurbano\/wp-content\/uploads\/2020\/04\/Guardia_hospital-e1596235004579.jpg",150,83,false]},"author_info":{"display_name":"admpu17wp","author_link":"https:\/\/experienciadevida.com.ar\/portalurbano\/author\/admpu17wp\/"},"category_info":"<a href=\"https:\/\/experienciadevida.com.ar\/portalurbano\/category\/ciudad\/\" rel=\"category tag\">Ciudad<\/a> <a href=\"https:\/\/experienciadevida.com.ar\/portalurbano\/category\/destacadas\/\" rel=\"category tag\">Destacadas<\/a>","tag_info":"Destacadas","comment_count":"0","amp_enabled":true,"_links":{"self":[{"href":"https:\/\/experienciadevida.com.ar\/portalurbano\/wp-json\/wp\/v2\/posts\/135062"}],"collection":[{"href":"https:\/\/experienciadevida.com.ar\/portalurbano\/wp-json\/wp\/v2\/posts"}],"about":[{"href":"https:\/\/experienciadevida.com.ar\/portalurbano\/wp-json\/wp\/v2\/types\/post"}],"author":[{"embeddable":true,"href":"https:\/\/experienciadevida.com.ar\/portalurbano\/wp-json\/wp\/v2\/users\/1"}],"replies":[{"embeddable":true,"href":"https:\/\/experienciadevida.com.ar\/portalurbano\/wp-json\/wp\/v2\/comments?post=135062"}],"version-history":[{"count":2,"href":"https:\/\/experienciadevida.com.ar\/portalurbano\/wp-json\/wp\/v2\/posts\/135062\/revisions"}],"predecessor-version":[{"id":135067,"href":"https:\/\/experienciadevida.com.ar\/portalurbano\/wp-json\/wp\/v2\/posts\/135062\/revisions\/135067"}],"wp:featuredmedia":[{"embeddable":true,"href":"https:\/\/experienciadevida.com.ar\/portalurbano\/wp-json\/wp\/v2\/media\/107309"}],"wp:attachment":[{"href":"https:\/\/experienciadevida.com.ar\/portalurbano\/wp-json\/wp\/v2\/media?parent=135062"}],"wp:term":[{"taxonomy":"category","embeddable":true,"href":"https:\/\/experienciadevida.com.ar\/portalurbano\/wp-json\/wp\/v2\/categories?post=135062"},{"taxonomy":"post_tag","embeddable":true,"href":"https:\/\/experienciadevida.com.ar\/portalurbano\/wp-json\/wp\/v2\/tags?post=135062"}],"curies":[{"name":"wp","href":"https:\/\/api.w.org\/{rel}","templated":true}]}}