{"id":135061,"date":"2021-02-14T12:45:54","date_gmt":"2021-02-14T15:45:54","guid":{"rendered":"https:\/\/experienciadevida.com.ar\/portalurbano\/?p=135061"},"modified":"2021-02-14T12:49:50","modified_gmt":"2021-02-14T15:49:50","slug":"mauricio-dilascio-es-muy-importante-que-acudan-al-pediatra-para-no-llegar-tarde-al-diagnostico-de-patologias-frecuentes","status":"publish","type":"post","link":"https:\/\/experienciadevida.com.ar\/portalurbano\/mauricio-dilascio-es-muy-importante-que-acudan-al-pediatra-para-no-llegar-tarde-al-diagnostico-de-patologias-frecuentes\/","title":{"rendered":"Mauricio Dilascio: &#8220;Es muy importante que acudan al pediatra para no llegar tarde al diagn\u00f3stico de patolog\u00edas frecuentes&#8221;"},"content":{"rendered":"<p><a href=\"https:\/\/www.facebook.com\/mauricio.dilascio\">Mauricio Dilascio<\/a>: &#8220;Es muy importante que acudan al pediatra para no llegar tarde al diagn\u00f3stico de patolog\u00edas frecuentes&#8221;. En el mes de las cardiopat\u00edas cong\u00e9nitas, este medio, dialog\u00f3 con el Doctor Mauricio Dilascio, especialista en pediatr\u00eda y cardiologia infantil quien nos coment\u00f3 sobre las Cardiopat\u00edas Cong\u00e9nitas que son anomal\u00edas o alteraciones del coraz\u00f3n y los grandes vasos que se originan antes del nacimiento. La mayor\u00eda de estos procesos se deben a un desarrollo defectuoso del embri\u00f3n durante el embarazo, cuando se forman las estructuras cardiovasculares principales.<\/p>\n<p>&#8220;Una cardiopat\u00eda cong\u00e9nita es una malformaci\u00f3n del coraz\u00f3n que se produce en la gestaci\u00f3n. Se presentan aproximadamente en 1 cada 100 personas. Se detecta principalmente mediante la realizaci\u00f3n de una ecograf\u00eda (ecocardiograma), preferentemente durante el embarazo&#8221;.<\/p>\n<p>Por otro lado el Doctor mencion\u00f3 &#8220;algunas cardiopat\u00edas necesitan tratamiento en los primeros d\u00edas de vida, e incluso durante el embarazo, ya sea colocar medicaci\u00f3n espec\u00edfica o intervenciones a trav\u00e9s de cat\u00e9teres (hemodinamia) o cirug\u00eda&#8221;.<\/p>\n<p><strong><\/p>\n<div class=\"penci-pullqoute align-none\">\n<blockquote><p>&#8220;Se puede diagnosticar a partir de la semana 20 de gestaci\u00f3n y las mejoras en el tratamiento permiten una supervivencia mayor al 95%&#8221;<\/p><\/blockquote>\n<\/div>\n<p><\/strong><\/p>\n<p>A su vez dijo &#8220;en Olavarr\u00eda hay m\u00e1s de 300 pacientes en seguimiento y el diagn\u00f3stico fetal en el embarazo es algo m\u00e1s nuevo con aproximadamente 30 pacientes de los cuales cinco nacieron en centros de alta complejidad&#8221;.<\/p>\n<p>En \u00e9poca de pandemia &#8220;bajaron los controles, sobre todo en los ni\u00f1os que estuvieron casi todo el a\u00f1o sin controles. Por suerte en los \u00faltimos meses se est\u00e1 revirtiendo esta situaci\u00f3n. Es muy importante que los ni\u00f1os acudan al pediatra para no llegar tarde al diagn\u00f3stico de patolog\u00edas frecuentes, hay que comprender que en los consultorios son ambientes seguros&#8221;.<\/p>\n<p>&#8220;En pandemia derivamos al tercer paciente con una cardiopat\u00eda severa y tuvimos tambi\u00e9n la otra cara de la moneda, tres nacimientos sin diagn\u00f3stico en el embarazo&#8221;.<\/p>\n<p>En cuanto a las salidas recreativas dijo &#8220;es altamente recomendable tener la posibilidad de hacer salidas al aire libre, tanto para la salud cardiovascular como psicol\u00f3gica. Es muy alto el nivel de obesidad que hay y trastornos de ansiedad, agravado por la pandemia. Lo ideal es hacerlo al aire libre ya sea individualmente o en clubes&#8221;.<\/p>\n<p>Para finalizar mencion\u00f3 &#8220;todos estamos cansados y sobre todo en verano nos relajamos. Al virus hay que seguir respet\u00e1ndolo, todav\u00eda falta para que llegue la vacuna a un porcentaje alto de la sociedad, hay que pensar un poco en el otro, tener conciencia social y juntos tratar de evitar una segunda ola, es un \u00faltimo esfuerzo para terminar con esta pandemia&#8221;.<\/p>\n","protected":false},"excerpt":{"rendered":"<p>Mauricio Dilascio: &#8220;Es muy importante que acudan al pediatra para no llegar tarde al diagn\u00f3stico&#8230;<\/p>\n","protected":false},"author":1,"featured_media":115846,"comment_status":"closed","ping_status":"closed","sticky":false,"template":"","format":"standard","meta":{"content-type":""},"categories":[51,45],"tags":[],"nelio_content":{"isAutoShareEnabled":false,"autoShareEndMode":"default","automationSources":{"useContentSentences":true,"useSocialTemplates":true,"useCustomSentences":false,"customSentences":[]},"followers":[1],"suggestedReferences":[],"includedReferences":[],"efiUrl":"","efiAlt":"","highlights":[]},"yoast_head":"<!-- This site is optimized with the Yoast SEO plugin v20.7 - https:\/\/yoast.com\/wordpress\/plugins\/seo\/ -->\n<title>Mauricio Dilascio: &quot;Es muy importante que acudan al pediatra&quot;<\/title>\n<meta name=\"description\" content=\"Mauricio Dilascio: &quot;Es muy importante que acudan al pediatra para no llegar tarde al diagn\u00f3stico de patolog\u00edas frecuentes&quot;.\" \/>\n<meta name=\"robots\" content=\"index, follow, max-snippet:-1, max-image-preview:large, max-video-preview:-1\" \/>\n<link rel=\"canonical\" href=\"https:\/\/experienciadevida.com.ar\/portalurbano\/mauricio-dilascio-es-muy-importante-que-acudan-al-pediatra-para-no-llegar-tarde-al-diagnostico-de-patologias-frecuentes\/\" \/>\n<meta property=\"og:locale\" content=\"es_ES\" \/>\n<meta property=\"og:type\" content=\"article\" \/>\n<meta property=\"og:title\" content=\"Mauricio Dilascio: &quot;Es muy importante que acudan al pediatra&quot;\" \/>\n<meta property=\"og:description\" content=\"Mauricio Dilascio: &quot;Es muy importante que acudan al pediatra para no llegar tarde al diagn\u00f3stico de patolog\u00edas frecuentes&quot;.\" \/>\n<meta property=\"og:url\" content=\"https:\/\/experienciadevida.com.ar\/portalurbano\/mauricio-dilascio-es-muy-importante-que-acudan-al-pediatra-para-no-llegar-tarde-al-diagnostico-de-patologias-frecuentes\/\" \/>\n<meta property=\"article:publisher\" content=\"https:\/\/www.facebook.com\/Portal-Urbano-171542830093757\/\" \/>\n<meta property=\"article:published_time\" content=\"2021-02-14T15:45:54+00:00\" \/>\n<meta property=\"article:modified_time\" content=\"2021-02-14T15:49:50+00:00\" \/>\n<meta property=\"og:image\" content=\"https:\/\/experienciadevida.com.ar\/portalurbano\/wp-content\/uploads\/2020\/07\/MAURICIODILASCIO.png\" \/>\n\t<meta property=\"og:image:width\" content=\"773\" \/>\n\t<meta property=\"og:image:height\" content=\"444\" \/>\n\t<meta property=\"og:image:type\" content=\"image\/png\" \/>\n<meta name=\"author\" content=\"admpu17wp\" \/>\n<meta name=\"twitter:card\" content=\"summary_large_image\" \/>\n<meta name=\"twitter:creator\" content=\"@portalurbanook\" \/>\n<meta name=\"twitter:site\" content=\"@portalurbanook\" \/>\n<meta name=\"twitter:label1\" content=\"Escrito por\" \/>\n\t<meta name=\"twitter:data1\" content=\"admpu17wp\" \/>\n\t<meta name=\"twitter:label2\" content=\"Tiempo de lectura\" \/>\n\t<meta name=\"twitter:data2\" content=\"2 minutos\" \/>\n<script type=\"application\/ld+json\" class=\"yoast-schema-graph\">{\"@context\":\"https:\/\/schema.org\",\"@graph\":[{\"@type\":\"Article\",\"@id\":\"https:\/\/experienciadevida.com.ar\/portalurbano\/mauricio-dilascio-es-muy-importante-que-acudan-al-pediatra-para-no-llegar-tarde-al-diagnostico-de-patologias-frecuentes\/#article\",\"isPartOf\":{\"@id\":\"https:\/\/experienciadevida.com.ar\/portalurbano\/mauricio-dilascio-es-muy-importante-que-acudan-al-pediatra-para-no-llegar-tarde-al-diagnostico-de-patologias-frecuentes\/\"},\"author\":{\"name\":\"admpu17wp\",\"@id\":\"https:\/\/experienciadevida.com.ar\/portalurbano\/#\/schema\/person\/02dd326b1c4b056e9cc972486934a3a7\"},\"headline\":\"Mauricio Dilascio: &#8220;Es muy importante que acudan al pediatra para no llegar tarde al diagn\u00f3stico de patolog\u00edas frecuentes&#8221;\",\"datePublished\":\"2021-02-14T15:45:54+00:00\",\"dateModified\":\"2021-02-14T15:49:50+00:00\",\"mainEntityOfPage\":{\"@id\":\"https:\/\/experienciadevida.com.ar\/portalurbano\/mauricio-dilascio-es-muy-importante-que-acudan-al-pediatra-para-no-llegar-tarde-al-diagnostico-de-patologias-frecuentes\/\"},\"wordCount\":479,\"publisher\":{\"@id\":\"https:\/\/experienciadevida.com.ar\/portalurbano\/#organization\"},\"articleSection\":[\"Destacadas\",\"Salud\"],\"inLanguage\":\"es\"},{\"@type\":\"WebPage\",\"@id\":\"https:\/\/experienciadevida.com.ar\/portalurbano\/mauricio-dilascio-es-muy-importante-que-acudan-al-pediatra-para-no-llegar-tarde-al-diagnostico-de-patologias-frecuentes\/\",\"url\":\"https:\/\/experienciadevida.com.ar\/portalurbano\/mauricio-dilascio-es-muy-importante-que-acudan-al-pediatra-para-no-llegar-tarde-al-diagnostico-de-patologias-frecuentes\/\",\"name\":\"Mauricio Dilascio: \\\"Es muy importante que acudan al pediatra\\\"\",\"isPartOf\":{\"@id\":\"https:\/\/experienciadevida.com.ar\/portalurbano\/#website\"},\"datePublished\":\"2021-02-14T15:45:54+00:00\",\"dateModified\":\"2021-02-14T15:49:50+00:00\",\"description\":\"Mauricio Dilascio: \\\"Es muy importante que acudan al pediatra para no llegar tarde al diagn\u00f3stico de patolog\u00edas frecuentes\\\".\",\"breadcrumb\":{\"@id\":\"https:\/\/experienciadevida.com.ar\/portalurbano\/mauricio-dilascio-es-muy-importante-que-acudan-al-pediatra-para-no-llegar-tarde-al-diagnostico-de-patologias-frecuentes\/#breadcrumb\"},\"inLanguage\":\"es\",\"potentialAction\":[{\"@type\":\"ReadAction\",\"target\":[\"https:\/\/experienciadevida.com.ar\/portalurbano\/mauricio-dilascio-es-muy-importante-que-acudan-al-pediatra-para-no-llegar-tarde-al-diagnostico-de-patologias-frecuentes\/\"]}]},{\"@type\":\"BreadcrumbList\",\"@id\":\"https:\/\/experienciadevida.com.ar\/portalurbano\/mauricio-dilascio-es-muy-importante-que-acudan-al-pediatra-para-no-llegar-tarde-al-diagnostico-de-patologias-frecuentes\/#breadcrumb\",\"itemListElement\":[{\"@type\":\"ListItem\",\"position\":1,\"name\":\"Portada\",\"item\":\"https:\/\/experienciadevida.com.ar\/portalurbano\/\"},{\"@type\":\"ListItem\",\"position\":2,\"name\":\"Mauricio Dilascio: \u00abEs muy importante que acudan al pediatra para no llegar tarde al diagn\u00f3stico de patolog\u00edas frecuentes\u00bb\"}]},{\"@type\":\"WebSite\",\"@id\":\"https:\/\/experienciadevida.com.ar\/portalurbano\/#website\",\"url\":\"https:\/\/experienciadevida.com.ar\/portalurbano\/\",\"name\":\"\",\"description\":\"\",\"publisher\":{\"@id\":\"https:\/\/experienciadevida.com.ar\/portalurbano\/#organization\"},\"potentialAction\":[{\"@type\":\"SearchAction\",\"target\":{\"@type\":\"EntryPoint\",\"urlTemplate\":\"https:\/\/experienciadevida.com.ar\/portalurbano\/?s={search_term_string}\"},\"query-input\":\"required name=search_term_string\"}],\"inLanguage\":\"es\"},{\"@type\":\"Organization\",\"@id\":\"https:\/\/experienciadevida.com.ar\/portalurbano\/#organization\",\"name\":\"Portal Urbano\",\"url\":\"https:\/\/experienciadevida.com.ar\/portalurbano\/\",\"logo\":{\"@type\":\"ImageObject\",\"inLanguage\":\"es\",\"@id\":\"https:\/\/experienciadevida.com.ar\/portalurbano\/#\/schema\/logo\/image\/\",\"url\":\"https:\/\/experienciadevida.com.ar\/portalurbano\/wp-content\/uploads\/2019\/09\/Logo-Original.png\",\"contentUrl\":\"https:\/\/experienciadevida.com.ar\/portalurbano\/wp-content\/uploads\/2019\/09\/Logo-Original.png\",\"width\":2236,\"height\":1216,\"caption\":\"Portal Urbano\"},\"image\":{\"@id\":\"https:\/\/experienciadevida.com.ar\/portalurbano\/#\/schema\/logo\/image\/\"},\"sameAs\":[\"https:\/\/www.facebook.com\/Portal-Urbano-171542830093757\/\",\"https:\/\/twitter.com\/portalurbanook\",\"https:\/\/www.instagram.com\/_portalurbano\/\",\"https:\/\/www.youtube.com\/channel\/UCXhagIfszH8KxFiOok79zbA?view_as=subscriber\"]},{\"@type\":\"Person\",\"@id\":\"https:\/\/experienciadevida.com.ar\/portalurbano\/#\/schema\/person\/02dd326b1c4b056e9cc972486934a3a7\",\"name\":\"admpu17wp\",\"image\":{\"@type\":\"ImageObject\",\"inLanguage\":\"es\",\"@id\":\"https:\/\/experienciadevida.com.ar\/portalurbano\/#\/schema\/person\/image\/\",\"url\":\"https:\/\/secure.gravatar.com\/avatar\/830d4c57adaae6630765e449a6908047?s=96&d=mm&r=g\",\"contentUrl\":\"https:\/\/secure.gravatar.com\/avatar\/830d4c57adaae6630765e449a6908047?s=96&d=mm&r=g\",\"caption\":\"admpu17wp\"}}]}<\/script>\n<!-- \/ Yoast SEO plugin. -->","yoast_head_json":{"title":"Mauricio Dilascio: \"Es muy importante que acudan al pediatra\"","description":"Mauricio Dilascio: \"Es muy importante que acudan al pediatra para no llegar tarde al diagn\u00f3stico de patolog\u00edas frecuentes\".","robots":{"index":"index","follow":"follow","max-snippet":"max-snippet:-1","max-image-preview":"max-image-preview:large","max-video-preview":"max-video-preview:-1"},"canonical":"https:\/\/experienciadevida.com.ar\/portalurbano\/mauricio-dilascio-es-muy-importante-que-acudan-al-pediatra-para-no-llegar-tarde-al-diagnostico-de-patologias-frecuentes\/","og_locale":"es_ES","og_type":"article","og_title":"Mauricio Dilascio: \"Es muy importante que acudan al pediatra\"","og_description":"Mauricio Dilascio: \"Es muy importante que acudan al pediatra para no llegar tarde al diagn\u00f3stico de patolog\u00edas frecuentes\".","og_url":"https:\/\/experienciadevida.com.ar\/portalurbano\/mauricio-dilascio-es-muy-importante-que-acudan-al-pediatra-para-no-llegar-tarde-al-diagnostico-de-patologias-frecuentes\/","article_publisher":"https:\/\/www.facebook.com\/Portal-Urbano-171542830093757\/","article_published_time":"2021-02-14T15:45:54+00:00","article_modified_time":"2021-02-14T15:49:50+00:00","og_image":[{"width":773,"height":444,"url":"https:\/\/experienciadevida.com.ar\/portalurbano\/wp-content\/uploads\/2020\/07\/MAURICIODILASCIO.png","type":"image\/png"}],"author":"admpu17wp","twitter_card":"summary_large_image","twitter_creator":"@portalurbanook","twitter_site":"@portalurbanook","twitter_misc":{"Escrito por":"admpu17wp","Tiempo de lectura":"2 minutos"},"schema":{"@context":"https:\/\/schema.org","@graph":[{"@type":"Article","@id":"https:\/\/experienciadevida.com.ar\/portalurbano\/mauricio-dilascio-es-muy-importante-que-acudan-al-pediatra-para-no-llegar-tarde-al-diagnostico-de-patologias-frecuentes\/#article","isPartOf":{"@id":"https:\/\/experienciadevida.com.ar\/portalurbano\/mauricio-dilascio-es-muy-importante-que-acudan-al-pediatra-para-no-llegar-tarde-al-diagnostico-de-patologias-frecuentes\/"},"author":{"name":"admpu17wp","@id":"https:\/\/experienciadevida.com.ar\/portalurbano\/#\/schema\/person\/02dd326b1c4b056e9cc972486934a3a7"},"headline":"Mauricio Dilascio: &#8220;Es muy importante que acudan al pediatra para no llegar tarde al diagn\u00f3stico de patolog\u00edas frecuentes&#8221;","datePublished":"2021-02-14T15:45:54+00:00","dateModified":"2021-02-14T15:49:50+00:00","mainEntityOfPage":{"@id":"https:\/\/experienciadevida.com.ar\/portalurbano\/mauricio-dilascio-es-muy-importante-que-acudan-al-pediatra-para-no-llegar-tarde-al-diagnostico-de-patologias-frecuentes\/"},"wordCount":479,"publisher":{"@id":"https:\/\/experienciadevida.com.ar\/portalurbano\/#organization"},"articleSection":["Destacadas","Salud"],"inLanguage":"es"},{"@type":"WebPage","@id":"https:\/\/experienciadevida.com.ar\/portalurbano\/mauricio-dilascio-es-muy-importante-que-acudan-al-pediatra-para-no-llegar-tarde-al-diagnostico-de-patologias-frecuentes\/","url":"https:\/\/experienciadevida.com.ar\/portalurbano\/mauricio-dilascio-es-muy-importante-que-acudan-al-pediatra-para-no-llegar-tarde-al-diagnostico-de-patologias-frecuentes\/","name":"Mauricio Dilascio: \"Es muy importante que acudan al pediatra\"","isPartOf":{"@id":"https:\/\/experienciadevida.com.ar\/portalurbano\/#website"},"datePublished":"2021-02-14T15:45:54+00:00","dateModified":"2021-02-14T15:49:50+00:00","description":"Mauricio Dilascio: \"Es muy importante que acudan al pediatra para no llegar tarde al diagn\u00f3stico de patolog\u00edas frecuentes\".","breadcrumb":{"@id":"https:\/\/experienciadevida.com.ar\/portalurbano\/mauricio-dilascio-es-muy-importante-que-acudan-al-pediatra-para-no-llegar-tarde-al-diagnostico-de-patologias-frecuentes\/#breadcrumb"},"inLanguage":"es","potentialAction":[{"@type":"ReadAction","target":["https:\/\/experienciadevida.com.ar\/portalurbano\/mauricio-dilascio-es-muy-importante-que-acudan-al-pediatra-para-no-llegar-tarde-al-diagnostico-de-patologias-frecuentes\/"]}]},{"@type":"BreadcrumbList","@id":"https:\/\/experienciadevida.com.ar\/portalurbano\/mauricio-dilascio-es-muy-importante-que-acudan-al-pediatra-para-no-llegar-tarde-al-diagnostico-de-patologias-frecuentes\/#breadcrumb","itemListElement":[{"@type":"ListItem","position":1,"name":"Portada","item":"https:\/\/experienciadevida.com.ar\/portalurbano\/"},{"@type":"ListItem","position":2,"name":"Mauricio Dilascio: \u00abEs muy importante que acudan al pediatra para no llegar tarde al diagn\u00f3stico de patolog\u00edas frecuentes\u00bb"}]},{"@type":"WebSite","@id":"https:\/\/experienciadevida.com.ar\/portalurbano\/#website","url":"https:\/\/experienciadevida.com.ar\/portalurbano\/","name":"","description":"","publisher":{"@id":"https:\/\/experienciadevida.com.ar\/portalurbano\/#organization"},"potentialAction":[{"@type":"SearchAction","target":{"@type":"EntryPoint","urlTemplate":"https:\/\/experienciadevida.com.ar\/portalurbano\/?s={search_term_string}"},"query-input":"required name=search_term_string"}],"inLanguage":"es"},{"@type":"Organization","@id":"https:\/\/experienciadevida.com.ar\/portalurbano\/#organization","name":"Portal Urbano","url":"https:\/\/experienciadevida.com.ar\/portalurbano\/","logo":{"@type":"ImageObject","inLanguage":"es","@id":"https:\/\/experienciadevida.com.ar\/portalurbano\/#\/schema\/logo\/image\/","url":"https:\/\/experienciadevida.com.ar\/portalurbano\/wp-content\/uploads\/2019\/09\/Logo-Original.png","contentUrl":"https:\/\/experienciadevida.com.ar\/portalurbano\/wp-content\/uploads\/2019\/09\/Logo-Original.png","width":2236,"height":1216,"caption":"Portal Urbano"},"image":{"@id":"https:\/\/experienciadevida.com.ar\/portalurbano\/#\/schema\/logo\/image\/"},"sameAs":["https:\/\/www.facebook.com\/Portal-Urbano-171542830093757\/","https:\/\/twitter.com\/portalurbanook","https:\/\/www.instagram.com\/_portalurbano\/","https:\/\/www.youtube.com\/channel\/UCXhagIfszH8KxFiOok79zbA?view_as=subscriber"]},{"@type":"Person","@id":"https:\/\/experienciadevida.com.ar\/portalurbano\/#\/schema\/person\/02dd326b1c4b056e9cc972486934a3a7","name":"admpu17wp","image":{"@type":"ImageObject","inLanguage":"es","@id":"https:\/\/experienciadevida.com.ar\/portalurbano\/#\/schema\/person\/image\/","url":"https:\/\/secure.gravatar.com\/avatar\/830d4c57adaae6630765e449a6908047?s=96&d=mm&r=g","contentUrl":"https:\/\/secure.gravatar.com\/avatar\/830d4c57adaae6630765e449a6908047?s=96&d=mm&r=g","caption":"admpu17wp"}}]}},"featured_image_urls":{"full":["https:\/\/experienciadevida.com.ar\/portalurbano\/wp-content\/uploads\/2020\/07\/MAURICIODILASCIO.png",773,444,false],"thumbnail":["https:\/\/experienciadevida.com.ar\/portalurbano\/wp-content\/uploads\/2020\/07\/MAURICIODILASCIO-150x150.png",150,150,true],"medium":["https:\/\/experienciadevida.com.ar\/portalurbano\/wp-content\/uploads\/2020\/07\/MAURICIODILASCIO-300x172.png",300,172,true],"medium_large":["https:\/\/experienciadevida.com.ar\/portalurbano\/wp-content\/uploads\/2020\/07\/MAURICIODILASCIO-768x441.png",640,368,true],"large":["https:\/\/experienciadevida.com.ar\/portalurbano\/wp-content\/uploads\/2020\/07\/MAURICIODILASCIO.png",640,368,false],"ug_big":["https:\/\/experienciadevida.com.ar\/portalurbano\/wp-content\/uploads\/2020\/07\/MAURICIODILASCIO-768x441.png",768,441,true],"1536x1536":["https:\/\/experienciadevida.com.ar\/portalurbano\/wp-content\/uploads\/2020\/07\/MAURICIODILASCIO.png",773,444,false],"2048x2048":["https:\/\/experienciadevida.com.ar\/portalurbano\/wp-content\/uploads\/2020\/07\/MAURICIODILASCIO.png",773,444,false],"newsever-slider-full":["https:\/\/experienciadevida.com.ar\/portalurbano\/wp-content\/uploads\/2020\/07\/MAURICIODILASCIO.png",773,444,false],"newsever-featured":["https:\/\/experienciadevida.com.ar\/portalurbano\/wp-content\/uploads\/2020\/07\/MAURICIODILASCIO.png",773,444,false],"newsever-medium":["https:\/\/experienciadevida.com.ar\/portalurbano\/wp-content\/uploads\/2020\/07\/MAURICIODILASCIO.png",720,414,false],"web-stories-poster-portrait":["https:\/\/experienciadevida.com.ar\/portalurbano\/wp-content\/uploads\/2020\/07\/MAURICIODILASCIO.png",640,368,false],"web-stories-publisher-logo":["https:\/\/experienciadevida.com.ar\/portalurbano\/wp-content\/uploads\/2020\/07\/MAURICIODILASCIO.png",96,55,false],"web-stories-thumbnail":["https:\/\/experienciadevida.com.ar\/portalurbano\/wp-content\/uploads\/2020\/07\/MAURICIODILASCIO.png",150,86,false]},"author_info":{"display_name":"admpu17wp","author_link":"https:\/\/experienciadevida.com.ar\/portalurbano\/author\/admpu17wp\/"},"category_info":"<a href=\"https:\/\/experienciadevida.com.ar\/portalurbano\/category\/destacadas\/\" rel=\"category tag\">Destacadas<\/a> <a href=\"https:\/\/experienciadevida.com.ar\/portalurbano\/category\/ciudad\/salud\/\" rel=\"category tag\">Salud<\/a>","tag_info":"Salud","comment_count":"0","amp_enabled":true,"_links":{"self":[{"href":"https:\/\/experienciadevida.com.ar\/portalurbano\/wp-json\/wp\/v2\/posts\/135061"}],"collection":[{"href":"https:\/\/experienciadevida.com.ar\/portalurbano\/wp-json\/wp\/v2\/posts"}],"about":[{"href":"https:\/\/experienciadevida.com.ar\/portalurbano\/wp-json\/wp\/v2\/types\/post"}],"author":[{"embeddable":true,"href":"https:\/\/experienciadevida.com.ar\/portalurbano\/wp-json\/wp\/v2\/users\/1"}],"replies":[{"embeddable":true,"href":"https:\/\/experienciadevida.com.ar\/portalurbano\/wp-json\/wp\/v2\/comments?post=135061"}],"version-history":[{"count":3,"href":"https:\/\/experienciadevida.com.ar\/portalurbano\/wp-json\/wp\/v2\/posts\/135061\/revisions"}],"predecessor-version":[{"id":135098,"href":"https:\/\/experienciadevida.com.ar\/portalurbano\/wp-json\/wp\/v2\/posts\/135061\/revisions\/135098"}],"wp:featuredmedia":[{"embeddable":true,"href":"https:\/\/experienciadevida.com.ar\/portalurbano\/wp-json\/wp\/v2\/media\/115846"}],"wp:attachment":[{"href":"https:\/\/experienciadevida.com.ar\/portalurbano\/wp-json\/wp\/v2\/media?parent=135061"}],"wp:term":[{"taxonomy":"category","embeddable":true,"href":"https:\/\/experienciadevida.com.ar\/portalurbano\/wp-json\/wp\/v2\/categories?post=135061"},{"taxonomy":"post_tag","embeddable":true,"href":"https:\/\/experienciadevida.com.ar\/portalurbano\/wp-json\/wp\/v2\/tags?post=135061"}],"curies":[{"name":"wp","href":"https:\/\/api.w.org\/{rel}","templated":true}]}}