{"id":135056,"date":"2021-02-13T13:16:14","date_gmt":"2021-02-13T16:16:14","guid":{"rendered":"https:\/\/experienciadevida.com.ar\/portalurbano\/?p=135056"},"modified":"2021-02-13T13:17:09","modified_gmt":"2021-02-13T16:17:09","slug":"lista-amarilla-escuchar-y-trabajar-por-los-vecinos-de-olavarria","status":"publish","type":"post","link":"https:\/\/experienciadevida.com.ar\/portalurbano\/lista-amarilla-escuchar-y-trabajar-por-los-vecinos-de-olavarria\/","title":{"rendered":"Lista Amarilla: &#8220;Escuchar y trabajar por los vecinos de Olavarr\u00eda&#8221;"},"content":{"rendered":"<p>Lista Amarilla: &#8220;Escuchar y trabajar por los vecinos de Olavarr\u00eda&#8221;. La Lista Amarilla valor\u00f3 los encuentros con vecinos de los barrios Bancario II y III y Villa Aurora quienes realizaron una evaluaci\u00f3n del servicio y, con ese balance, se impulsaron y planearon obras para mejorar el servicio de la Cooperativa.<\/p>\n<p>Los integrantes de la Lista Amarilla de Coopelectric llevan adelante diversos encuentros con vecinos, donde la capacidad de escucha y respuesta se transforman en los pilares de una gesti\u00f3n que trabaja siempre por la calidad del Servicio El\u00e9ctrico y de Obras Sanitarias del Partido de Olavarr\u00eda.<\/p>\n<p>En primera instancia, y tras tomar nota de las necesidades y reclamos de los habitantes del barrio Villa Aurora, Coopelectric impuls\u00f3 el montaje de una nueva Subestaci\u00f3n Transformadora que permitir\u00e1 mantener los est\u00e1ndares de calidad del Servicio El\u00e9ctrico en un contexto de crecimiento demogr\u00e1fico de la zona.<\/p>\n<p>Esta obra era muy esperada teniendo en cuenta las diversas complicaciones presentadas en tiempos adversos o de alto consumo. Actualmente, se trabaja all\u00ed en la readecuaci\u00f3n de los circuitos de Baja Tensi\u00f3n, lo cual tambi\u00e9n<br \/>\ncontribuir\u00e1 a la eficiencia y calidad del Servicio.<\/p>\n<p>A eso se debe sumar un encuentro en las instalaciones de la Sociedad de Fomento \u201cMariano Moreno\u201d con vecinos de los barrios Banciario II y III donde se dialog\u00f3 y se comentaron las pr\u00f3ximas obras de mejora para el sector. Justamente, por reclamos y necesidad de conocer c\u00f3mo funciona el sistema, se brindaron respuestas y se anticiparon relevamientos en los barrios para trabajar en Obras Sanitarias.<\/p>\n<p>Por otra parte, y producto de di\u00e1logos previos y una planificaci\u00f3n ordenada en base al trabajo y la previsi\u00f3n, se adelant\u00f3 que est\u00e1 previsto renovar el conductor de Media Tensi\u00f3n en las inmediaciones del barrio. En este punto se coment\u00f3 la necesidad de realizar interrupciones programadas del servicio, informaci\u00f3n que fue tomada con buenos ojos por los vecinos que entendieron la importancia de este paso previo a mejorar la infraestructura.<\/p>\n<p>La Lista Amarilla siempre se encuentra abierta al di\u00e1logo, a escuchar a los vecinos porque son protagonistas de la Cooperativa, y de esta forma todos juntos podemos vivir en una ciudad con mejores servicios, y mejor calidad de vida para los olavarrienses.<\/p>\n","protected":false},"excerpt":{"rendered":"<p>Lista Amarilla: &#8220;Escuchar y trabajar por los vecinos de Olavarr\u00eda&#8221;. La Lista Amarilla valor\u00f3 los&#8230;<\/p>\n","protected":false},"author":1,"featured_media":135057,"comment_status":"closed","ping_status":"closed","sticky":false,"template":"","format":"standard","meta":{"content-type":""},"categories":[27,51],"tags":[],"nelio_content":{"isAutoShareEnabled":false,"autoShareEndMode":"default","automationSources":{"useContentSentences":true,"useSocialTemplates":true,"useCustomSentences":false,"customSentences":[]},"followers":[1],"suggestedReferences":[],"includedReferences":[],"efiUrl":"","efiAlt":"","highlights":[]},"yoast_head":"<!-- This site is optimized with the Yoast SEO plugin v20.7 - https:\/\/yoast.com\/wordpress\/plugins\/seo\/ -->\n<title>Lista amarilla: &quot;Escuchar y trabajar por los vecinos de Olavarr\u00eda&quot;<\/title>\n<meta name=\"description\" content=\"Lista Amarilla: &quot;Escuchar y trabajar por los vecinos de Olavarr\u00eda&quot;, valor\u00f3 los encuentros con vecinos de los distintos barrios de la ciudad\" \/>\n<meta name=\"robots\" content=\"index, follow, max-snippet:-1, max-image-preview:large, max-video-preview:-1\" \/>\n<link rel=\"canonical\" href=\"https:\/\/experienciadevida.com.ar\/portalurbano\/lista-amarilla-escuchar-y-trabajar-por-los-vecinos-de-olavarria\/\" \/>\n<meta property=\"og:locale\" content=\"es_ES\" \/>\n<meta property=\"og:type\" content=\"article\" \/>\n<meta property=\"og:title\" content=\"Lista amarilla: &quot;Escuchar y trabajar por los vecinos de Olavarr\u00eda&quot;\" \/>\n<meta property=\"og:description\" content=\"Lista Amarilla: &quot;Escuchar y trabajar por los vecinos de Olavarr\u00eda&quot;, valor\u00f3 los encuentros con vecinos de los distintos barrios de la ciudad\" \/>\n<meta property=\"og:url\" content=\"https:\/\/experienciadevida.com.ar\/portalurbano\/lista-amarilla-escuchar-y-trabajar-por-los-vecinos-de-olavarria\/\" \/>\n<meta property=\"article:publisher\" content=\"https:\/\/www.facebook.com\/Portal-Urbano-171542830093757\/\" \/>\n<meta property=\"article:published_time\" content=\"2021-02-13T16:16:14+00:00\" \/>\n<meta property=\"article:modified_time\" content=\"2021-02-13T16:17:09+00:00\" \/>\n<meta property=\"og:image\" content=\"https:\/\/experienciadevida.com.ar\/portalurbano\/wp-content\/uploads\/2021\/02\/Lista-amarilla.jpeg\" \/>\n\t<meta property=\"og:image:width\" content=\"1032\" \/>\n\t<meta property=\"og:image:height\" content=\"581\" \/>\n\t<meta property=\"og:image:type\" content=\"image\/jpeg\" \/>\n<meta name=\"author\" content=\"admpu17wp\" \/>\n<meta name=\"twitter:card\" content=\"summary_large_image\" \/>\n<meta name=\"twitter:creator\" content=\"@portalurbanook\" \/>\n<meta name=\"twitter:site\" content=\"@portalurbanook\" \/>\n<meta name=\"twitter:label1\" content=\"Escrito por\" \/>\n\t<meta name=\"twitter:data1\" content=\"admpu17wp\" \/>\n\t<meta name=\"twitter:label2\" content=\"Tiempo de lectura\" \/>\n\t<meta name=\"twitter:data2\" content=\"2 minutos\" \/>\n<script type=\"application\/ld+json\" class=\"yoast-schema-graph\">{\"@context\":\"https:\/\/schema.org\",\"@graph\":[{\"@type\":\"Article\",\"@id\":\"https:\/\/experienciadevida.com.ar\/portalurbano\/lista-amarilla-escuchar-y-trabajar-por-los-vecinos-de-olavarria\/#article\",\"isPartOf\":{\"@id\":\"https:\/\/experienciadevida.com.ar\/portalurbano\/lista-amarilla-escuchar-y-trabajar-por-los-vecinos-de-olavarria\/\"},\"author\":{\"name\":\"admpu17wp\",\"@id\":\"https:\/\/experienciadevida.com.ar\/portalurbano\/#\/schema\/person\/02dd326b1c4b056e9cc972486934a3a7\"},\"headline\":\"Lista Amarilla: &#8220;Escuchar y trabajar por los vecinos de Olavarr\u00eda&#8221;\",\"datePublished\":\"2021-02-13T16:16:14+00:00\",\"dateModified\":\"2021-02-13T16:17:09+00:00\",\"mainEntityOfPage\":{\"@id\":\"https:\/\/experienciadevida.com.ar\/portalurbano\/lista-amarilla-escuchar-y-trabajar-por-los-vecinos-de-olavarria\/\"},\"wordCount\":395,\"publisher\":{\"@id\":\"https:\/\/experienciadevida.com.ar\/portalurbano\/#organization\"},\"articleSection\":[\"Ciudad\",\"Destacadas\"],\"inLanguage\":\"es\"},{\"@type\":\"WebPage\",\"@id\":\"https:\/\/experienciadevida.com.ar\/portalurbano\/lista-amarilla-escuchar-y-trabajar-por-los-vecinos-de-olavarria\/\",\"url\":\"https:\/\/experienciadevida.com.ar\/portalurbano\/lista-amarilla-escuchar-y-trabajar-por-los-vecinos-de-olavarria\/\",\"name\":\"Lista amarilla: \\\"Escuchar y trabajar por los vecinos de Olavarr\u00eda\\\"\",\"isPartOf\":{\"@id\":\"https:\/\/experienciadevida.com.ar\/portalurbano\/#website\"},\"datePublished\":\"2021-02-13T16:16:14+00:00\",\"dateModified\":\"2021-02-13T16:17:09+00:00\",\"description\":\"Lista Amarilla: \\\"Escuchar y trabajar por los vecinos de Olavarr\u00eda\\\", valor\u00f3 los encuentros con vecinos de los distintos barrios de la ciudad\",\"breadcrumb\":{\"@id\":\"https:\/\/experienciadevida.com.ar\/portalurbano\/lista-amarilla-escuchar-y-trabajar-por-los-vecinos-de-olavarria\/#breadcrumb\"},\"inLanguage\":\"es\",\"potentialAction\":[{\"@type\":\"ReadAction\",\"target\":[\"https:\/\/experienciadevida.com.ar\/portalurbano\/lista-amarilla-escuchar-y-trabajar-por-los-vecinos-de-olavarria\/\"]}]},{\"@type\":\"BreadcrumbList\",\"@id\":\"https:\/\/experienciadevida.com.ar\/portalurbano\/lista-amarilla-escuchar-y-trabajar-por-los-vecinos-de-olavarria\/#breadcrumb\",\"itemListElement\":[{\"@type\":\"ListItem\",\"position\":1,\"name\":\"Portada\",\"item\":\"https:\/\/experienciadevida.com.ar\/portalurbano\/\"},{\"@type\":\"ListItem\",\"position\":2,\"name\":\"Lista Amarilla: \u00abEscuchar y trabajar por los vecinos de Olavarr\u00eda\u00bb\"}]},{\"@type\":\"WebSite\",\"@id\":\"https:\/\/experienciadevida.com.ar\/portalurbano\/#website\",\"url\":\"https:\/\/experienciadevida.com.ar\/portalurbano\/\",\"name\":\"\",\"description\":\"\",\"publisher\":{\"@id\":\"https:\/\/experienciadevida.com.ar\/portalurbano\/#organization\"},\"potentialAction\":[{\"@type\":\"SearchAction\",\"target\":{\"@type\":\"EntryPoint\",\"urlTemplate\":\"https:\/\/experienciadevida.com.ar\/portalurbano\/?s={search_term_string}\"},\"query-input\":\"required name=search_term_string\"}],\"inLanguage\":\"es\"},{\"@type\":\"Organization\",\"@id\":\"https:\/\/experienciadevida.com.ar\/portalurbano\/#organization\",\"name\":\"Portal Urbano\",\"url\":\"https:\/\/experienciadevida.com.ar\/portalurbano\/\",\"logo\":{\"@type\":\"ImageObject\",\"inLanguage\":\"es\",\"@id\":\"https:\/\/experienciadevida.com.ar\/portalurbano\/#\/schema\/logo\/image\/\",\"url\":\"https:\/\/experienciadevida.com.ar\/portalurbano\/wp-content\/uploads\/2019\/09\/Logo-Original.png\",\"contentUrl\":\"https:\/\/experienciadevida.com.ar\/portalurbano\/wp-content\/uploads\/2019\/09\/Logo-Original.png\",\"width\":2236,\"height\":1216,\"caption\":\"Portal Urbano\"},\"image\":{\"@id\":\"https:\/\/experienciadevida.com.ar\/portalurbano\/#\/schema\/logo\/image\/\"},\"sameAs\":[\"https:\/\/www.facebook.com\/Portal-Urbano-171542830093757\/\",\"https:\/\/twitter.com\/portalurbanook\",\"https:\/\/www.instagram.com\/_portalurbano\/\",\"https:\/\/www.youtube.com\/channel\/UCXhagIfszH8KxFiOok79zbA?view_as=subscriber\"]},{\"@type\":\"Person\",\"@id\":\"https:\/\/experienciadevida.com.ar\/portalurbano\/#\/schema\/person\/02dd326b1c4b056e9cc972486934a3a7\",\"name\":\"admpu17wp\",\"image\":{\"@type\":\"ImageObject\",\"inLanguage\":\"es\",\"@id\":\"https:\/\/experienciadevida.com.ar\/portalurbano\/#\/schema\/person\/image\/\",\"url\":\"https:\/\/secure.gravatar.com\/avatar\/830d4c57adaae6630765e449a6908047?s=96&d=mm&r=g\",\"contentUrl\":\"https:\/\/secure.gravatar.com\/avatar\/830d4c57adaae6630765e449a6908047?s=96&d=mm&r=g\",\"caption\":\"admpu17wp\"}}]}<\/script>\n<!-- \/ Yoast SEO plugin. -->","yoast_head_json":{"title":"Lista amarilla: \"Escuchar y trabajar por los vecinos de Olavarr\u00eda\"","description":"Lista Amarilla: \"Escuchar y trabajar por los vecinos de Olavarr\u00eda\", valor\u00f3 los encuentros con vecinos de los distintos barrios de la ciudad","robots":{"index":"index","follow":"follow","max-snippet":"max-snippet:-1","max-image-preview":"max-image-preview:large","max-video-preview":"max-video-preview:-1"},"canonical":"https:\/\/experienciadevida.com.ar\/portalurbano\/lista-amarilla-escuchar-y-trabajar-por-los-vecinos-de-olavarria\/","og_locale":"es_ES","og_type":"article","og_title":"Lista amarilla: \"Escuchar y trabajar por los vecinos de Olavarr\u00eda\"","og_description":"Lista Amarilla: \"Escuchar y trabajar por los vecinos de Olavarr\u00eda\", valor\u00f3 los encuentros con vecinos de los distintos barrios de la ciudad","og_url":"https:\/\/experienciadevida.com.ar\/portalurbano\/lista-amarilla-escuchar-y-trabajar-por-los-vecinos-de-olavarria\/","article_publisher":"https:\/\/www.facebook.com\/Portal-Urbano-171542830093757\/","article_published_time":"2021-02-13T16:16:14+00:00","article_modified_time":"2021-02-13T16:17:09+00:00","og_image":[{"width":1032,"height":581,"url":"https:\/\/experienciadevida.com.ar\/portalurbano\/wp-content\/uploads\/2021\/02\/Lista-amarilla.jpeg","type":"image\/jpeg"}],"author":"admpu17wp","twitter_card":"summary_large_image","twitter_creator":"@portalurbanook","twitter_site":"@portalurbanook","twitter_misc":{"Escrito por":"admpu17wp","Tiempo de lectura":"2 minutos"},"schema":{"@context":"https:\/\/schema.org","@graph":[{"@type":"Article","@id":"https:\/\/experienciadevida.com.ar\/portalurbano\/lista-amarilla-escuchar-y-trabajar-por-los-vecinos-de-olavarria\/#article","isPartOf":{"@id":"https:\/\/experienciadevida.com.ar\/portalurbano\/lista-amarilla-escuchar-y-trabajar-por-los-vecinos-de-olavarria\/"},"author":{"name":"admpu17wp","@id":"https:\/\/experienciadevida.com.ar\/portalurbano\/#\/schema\/person\/02dd326b1c4b056e9cc972486934a3a7"},"headline":"Lista Amarilla: &#8220;Escuchar y trabajar por los vecinos de Olavarr\u00eda&#8221;","datePublished":"2021-02-13T16:16:14+00:00","dateModified":"2021-02-13T16:17:09+00:00","mainEntityOfPage":{"@id":"https:\/\/experienciadevida.com.ar\/portalurbano\/lista-amarilla-escuchar-y-trabajar-por-los-vecinos-de-olavarria\/"},"wordCount":395,"publisher":{"@id":"https:\/\/experienciadevida.com.ar\/portalurbano\/#organization"},"articleSection":["Ciudad","Destacadas"],"inLanguage":"es"},{"@type":"WebPage","@id":"https:\/\/experienciadevida.com.ar\/portalurbano\/lista-amarilla-escuchar-y-trabajar-por-los-vecinos-de-olavarria\/","url":"https:\/\/experienciadevida.com.ar\/portalurbano\/lista-amarilla-escuchar-y-trabajar-por-los-vecinos-de-olavarria\/","name":"Lista amarilla: \"Escuchar y trabajar por los vecinos de Olavarr\u00eda\"","isPartOf":{"@id":"https:\/\/experienciadevida.com.ar\/portalurbano\/#website"},"datePublished":"2021-02-13T16:16:14+00:00","dateModified":"2021-02-13T16:17:09+00:00","description":"Lista Amarilla: \"Escuchar y trabajar por los vecinos de Olavarr\u00eda\", valor\u00f3 los encuentros con vecinos de los distintos barrios de la ciudad","breadcrumb":{"@id":"https:\/\/experienciadevida.com.ar\/portalurbano\/lista-amarilla-escuchar-y-trabajar-por-los-vecinos-de-olavarria\/#breadcrumb"},"inLanguage":"es","potentialAction":[{"@type":"ReadAction","target":["https:\/\/experienciadevida.com.ar\/portalurbano\/lista-amarilla-escuchar-y-trabajar-por-los-vecinos-de-olavarria\/"]}]},{"@type":"BreadcrumbList","@id":"https:\/\/experienciadevida.com.ar\/portalurbano\/lista-amarilla-escuchar-y-trabajar-por-los-vecinos-de-olavarria\/#breadcrumb","itemListElement":[{"@type":"ListItem","position":1,"name":"Portada","item":"https:\/\/experienciadevida.com.ar\/portalurbano\/"},{"@type":"ListItem","position":2,"name":"Lista Amarilla: \u00abEscuchar y trabajar por los vecinos de Olavarr\u00eda\u00bb"}]},{"@type":"WebSite","@id":"https:\/\/experienciadevida.com.ar\/portalurbano\/#website","url":"https:\/\/experienciadevida.com.ar\/portalurbano\/","name":"","description":"","publisher":{"@id":"https:\/\/experienciadevida.com.ar\/portalurbano\/#organization"},"potentialAction":[{"@type":"SearchAction","target":{"@type":"EntryPoint","urlTemplate":"https:\/\/experienciadevida.com.ar\/portalurbano\/?s={search_term_string}"},"query-input":"required name=search_term_string"}],"inLanguage":"es"},{"@type":"Organization","@id":"https:\/\/experienciadevida.com.ar\/portalurbano\/#organization","name":"Portal Urbano","url":"https:\/\/experienciadevida.com.ar\/portalurbano\/","logo":{"@type":"ImageObject","inLanguage":"es","@id":"https:\/\/experienciadevida.com.ar\/portalurbano\/#\/schema\/logo\/image\/","url":"https:\/\/experienciadevida.com.ar\/portalurbano\/wp-content\/uploads\/2019\/09\/Logo-Original.png","contentUrl":"https:\/\/experienciadevida.com.ar\/portalurbano\/wp-content\/uploads\/2019\/09\/Logo-Original.png","width":2236,"height":1216,"caption":"Portal Urbano"},"image":{"@id":"https:\/\/experienciadevida.com.ar\/portalurbano\/#\/schema\/logo\/image\/"},"sameAs":["https:\/\/www.facebook.com\/Portal-Urbano-171542830093757\/","https:\/\/twitter.com\/portalurbanook","https:\/\/www.instagram.com\/_portalurbano\/","https:\/\/www.youtube.com\/channel\/UCXhagIfszH8KxFiOok79zbA?view_as=subscriber"]},{"@type":"Person","@id":"https:\/\/experienciadevida.com.ar\/portalurbano\/#\/schema\/person\/02dd326b1c4b056e9cc972486934a3a7","name":"admpu17wp","image":{"@type":"ImageObject","inLanguage":"es","@id":"https:\/\/experienciadevida.com.ar\/portalurbano\/#\/schema\/person\/image\/","url":"https:\/\/secure.gravatar.com\/avatar\/830d4c57adaae6630765e449a6908047?s=96&d=mm&r=g","contentUrl":"https:\/\/secure.gravatar.com\/avatar\/830d4c57adaae6630765e449a6908047?s=96&d=mm&r=g","caption":"admpu17wp"}}]}},"featured_image_urls":{"full":["https:\/\/experienciadevida.com.ar\/portalurbano\/wp-content\/uploads\/2021\/02\/Lista-amarilla.jpeg",1032,581,false],"thumbnail":["https:\/\/experienciadevida.com.ar\/portalurbano\/wp-content\/uploads\/2021\/02\/Lista-amarilla-150x150.jpeg",150,150,true],"medium":["https:\/\/experienciadevida.com.ar\/portalurbano\/wp-content\/uploads\/2021\/02\/Lista-amarilla-300x169.jpeg",300,169,true],"medium_large":["https:\/\/experienciadevida.com.ar\/portalurbano\/wp-content\/uploads\/2021\/02\/Lista-amarilla-768x432.jpeg",640,360,true],"large":["https:\/\/experienciadevida.com.ar\/portalurbano\/wp-content\/uploads\/2021\/02\/Lista-amarilla-1024x576.jpeg",640,360,true],"ug_big":["https:\/\/experienciadevida.com.ar\/portalurbano\/wp-content\/uploads\/2021\/02\/Lista-amarilla-768x432.jpeg",768,432,true],"1536x1536":["https:\/\/experienciadevida.com.ar\/portalurbano\/wp-content\/uploads\/2021\/02\/Lista-amarilla.jpeg",1032,581,false],"2048x2048":["https:\/\/experienciadevida.com.ar\/portalurbano\/wp-content\/uploads\/2021\/02\/Lista-amarilla.jpeg",1032,581,false],"newsever-slider-full":["https:\/\/experienciadevida.com.ar\/portalurbano\/wp-content\/uploads\/2021\/02\/Lista-amarilla.jpeg",1032,581,false],"newsever-featured":["https:\/\/experienciadevida.com.ar\/portalurbano\/wp-content\/uploads\/2021\/02\/Lista-amarilla.jpeg",1024,576,false],"newsever-medium":["https:\/\/experienciadevida.com.ar\/portalurbano\/wp-content\/uploads\/2021\/02\/Lista-amarilla.jpeg",720,405,false],"web-stories-poster-portrait":["https:\/\/experienciadevida.com.ar\/portalurbano\/wp-content\/uploads\/2021\/02\/Lista-amarilla.jpeg",640,360,false],"web-stories-publisher-logo":["https:\/\/experienciadevida.com.ar\/portalurbano\/wp-content\/uploads\/2021\/02\/Lista-amarilla.jpeg",96,54,false],"web-stories-thumbnail":["https:\/\/experienciadevida.com.ar\/portalurbano\/wp-content\/uploads\/2021\/02\/Lista-amarilla.jpeg",150,84,false]},"author_info":{"display_name":"admpu17wp","author_link":"https:\/\/experienciadevida.com.ar\/portalurbano\/author\/admpu17wp\/"},"category_info":"<a href=\"https:\/\/experienciadevida.com.ar\/portalurbano\/category\/ciudad\/\" rel=\"category tag\">Ciudad<\/a> <a href=\"https:\/\/experienciadevida.com.ar\/portalurbano\/category\/destacadas\/\" rel=\"category tag\">Destacadas<\/a>","tag_info":"Destacadas","comment_count":"0","amp_enabled":true,"_links":{"self":[{"href":"https:\/\/experienciadevida.com.ar\/portalurbano\/wp-json\/wp\/v2\/posts\/135056"}],"collection":[{"href":"https:\/\/experienciadevida.com.ar\/portalurbano\/wp-json\/wp\/v2\/posts"}],"about":[{"href":"https:\/\/experienciadevida.com.ar\/portalurbano\/wp-json\/wp\/v2\/types\/post"}],"author":[{"embeddable":true,"href":"https:\/\/experienciadevida.com.ar\/portalurbano\/wp-json\/wp\/v2\/users\/1"}],"replies":[{"embeddable":true,"href":"https:\/\/experienciadevida.com.ar\/portalurbano\/wp-json\/wp\/v2\/comments?post=135056"}],"version-history":[{"count":1,"href":"https:\/\/experienciadevida.com.ar\/portalurbano\/wp-json\/wp\/v2\/posts\/135056\/revisions"}],"predecessor-version":[{"id":135058,"href":"https:\/\/experienciadevida.com.ar\/portalurbano\/wp-json\/wp\/v2\/posts\/135056\/revisions\/135058"}],"wp:featuredmedia":[{"embeddable":true,"href":"https:\/\/experienciadevida.com.ar\/portalurbano\/wp-json\/wp\/v2\/media\/135057"}],"wp:attachment":[{"href":"https:\/\/experienciadevida.com.ar\/portalurbano\/wp-json\/wp\/v2\/media?parent=135056"}],"wp:term":[{"taxonomy":"category","embeddable":true,"href":"https:\/\/experienciadevida.com.ar\/portalurbano\/wp-json\/wp\/v2\/categories?post=135056"},{"taxonomy":"post_tag","embeddable":true,"href":"https:\/\/experienciadevida.com.ar\/portalurbano\/wp-json\/wp\/v2\/tags?post=135056"}],"curies":[{"name":"wp","href":"https:\/\/api.w.org\/{rel}","templated":true}]}}