{"id":135044,"date":"2021-02-13T10:44:00","date_gmt":"2021-02-13T13:44:00","guid":{"rendered":"https:\/\/experienciadevida.com.ar\/portalurbano\/?p=135044"},"modified":"2021-02-13T10:46:31","modified_gmt":"2021-02-13T13:46:31","slug":"el-miercoles-comenzara-la-novena-etapa-del-programa-rta","status":"publish","type":"post","link":"https:\/\/experienciadevida.com.ar\/portalurbano\/el-miercoles-comenzara-la-novena-etapa-del-programa-rta\/","title":{"rendered":"El mi\u00e9rcoles comenzar\u00e1 la novena etapa del Programa RTA"},"content":{"rendered":"<p>El mi\u00e9rcoles comenzar\u00e1 la novena etapa del Programa RTA.<\/p>\n<p>El pr\u00f3ximo mi\u00e9rcoles 17 de febrero, personal de la Secretar\u00eda de Salud del Municipio iniciar\u00e1 la novena etapa del Programa RTA (Rastrear \u2013 Testear \u2013 Aislar).<\/p>\n<p>En esta oportunidad, se realizar\u00e1 hasta el viernes 19 en el m\u00f3dulo de testeo del Hospital Municipal \u201cDr. H\u00e9ctor Cura\u201d y luego retomar\u00e1 el lunes 22 hasta el viernes 26 de febrero.<\/p>\n<p>El horario de atenci\u00f3n para aquellas personas que presenten s\u00edntomas compatibles con Covid 19: tos, dolor de garganta, falta de olfato, falta de gusto, fiebre mayor a 37.5\u00b0, falta de aire y m\u00e1s de 48 horas de diarrea, es a las 8 horas.<\/p>\n<p>Asimismo, se recuerda que los hisopados PCR continuar\u00e1n tambi\u00e9n en el nosocomio local, pero en el horario de 7 a 8 horas.<\/p>\n<p>Por \u00faltimo, se indic\u00f3 desde la cartera sanitaria que este domingo 14 y lunes 15 de febrero no se emitir\u00e1 el reporte epidemiol\u00f3gico diario.<\/p>\n","protected":false},"excerpt":{"rendered":"<p>El mi\u00e9rcoles comenzar\u00e1 la novena etapa del Programa RTA. El pr\u00f3ximo mi\u00e9rcoles 17 de febrero,&#8230;<\/p>\n","protected":false},"author":1,"featured_media":135048,"comment_status":"closed","ping_status":"closed","sticky":false,"template":"","format":"standard","meta":{"content-type":""},"categories":[64,45],"tags":[],"nelio_content":{"isAutoShareEnabled":false,"autoShareEndMode":"default","automationSources":{"useContentSentences":true,"useSocialTemplates":true,"useCustomSentences":false,"customSentences":[]},"followers":[1],"suggestedReferences":[],"includedReferences":[],"efiUrl":"","efiAlt":"","highlights":[]},"yoast_head":"<!-- This site is optimized with the Yoast SEO plugin v20.7 - https:\/\/yoast.com\/wordpress\/plugins\/seo\/ -->\n<title>El mi\u00e9rcoles comenzar\u00e1 la novena etapa del programa RTA<\/title>\n<meta name=\"description\" content=\"El mi\u00e9rcoles comenzar\u00e1 la novena etapa del Programa RTA, ser\u00e1 para el pr\u00f3ximo mi\u00e9rcoles 17 de febrero, en el m\u00f3dulo del Hospital.\" \/>\n<meta name=\"robots\" content=\"index, follow, max-snippet:-1, max-image-preview:large, max-video-preview:-1\" \/>\n<link rel=\"canonical\" href=\"https:\/\/experienciadevida.com.ar\/portalurbano\/el-miercoles-comenzara-la-novena-etapa-del-programa-rta\/\" \/>\n<meta property=\"og:locale\" content=\"es_ES\" \/>\n<meta property=\"og:type\" content=\"article\" \/>\n<meta property=\"og:title\" content=\"El mi\u00e9rcoles comenzar\u00e1 la novena etapa del programa RTA\" \/>\n<meta property=\"og:description\" content=\"El mi\u00e9rcoles comenzar\u00e1 la novena etapa del Programa RTA, ser\u00e1 para el pr\u00f3ximo mi\u00e9rcoles 17 de febrero, en el m\u00f3dulo del Hospital.\" \/>\n<meta property=\"og:url\" content=\"https:\/\/experienciadevida.com.ar\/portalurbano\/el-miercoles-comenzara-la-novena-etapa-del-programa-rta\/\" \/>\n<meta property=\"article:publisher\" content=\"https:\/\/www.facebook.com\/Portal-Urbano-171542830093757\/\" \/>\n<meta property=\"article:published_time\" content=\"2021-02-13T13:44:00+00:00\" \/>\n<meta property=\"article:modified_time\" content=\"2021-02-13T13:46:31+00:00\" \/>\n<meta property=\"og:image\" content=\"https:\/\/experienciadevida.com.ar\/portalurbano\/wp-content\/uploads\/2021\/02\/El-miercoles-comenzara-la-novena.jpg\" \/>\n\t<meta property=\"og:image:width\" content=\"1024\" \/>\n\t<meta property=\"og:image:height\" content=\"682\" \/>\n\t<meta property=\"og:image:type\" content=\"image\/jpeg\" \/>\n<meta name=\"author\" content=\"admpu17wp\" \/>\n<meta name=\"twitter:card\" content=\"summary_large_image\" \/>\n<meta name=\"twitter:creator\" content=\"@portalurbanook\" \/>\n<meta name=\"twitter:site\" content=\"@portalurbanook\" \/>\n<meta name=\"twitter:label1\" content=\"Escrito por\" \/>\n\t<meta name=\"twitter:data1\" content=\"admpu17wp\" \/>\n\t<meta name=\"twitter:label2\" content=\"Tiempo de lectura\" \/>\n\t<meta name=\"twitter:data2\" content=\"1 minuto\" \/>\n<script type=\"application\/ld+json\" class=\"yoast-schema-graph\">{\"@context\":\"https:\/\/schema.org\",\"@graph\":[{\"@type\":\"Article\",\"@id\":\"https:\/\/experienciadevida.com.ar\/portalurbano\/el-miercoles-comenzara-la-novena-etapa-del-programa-rta\/#article\",\"isPartOf\":{\"@id\":\"https:\/\/experienciadevida.com.ar\/portalurbano\/el-miercoles-comenzara-la-novena-etapa-del-programa-rta\/\"},\"author\":{\"name\":\"admpu17wp\",\"@id\":\"https:\/\/experienciadevida.com.ar\/portalurbano\/#\/schema\/person\/02dd326b1c4b056e9cc972486934a3a7\"},\"headline\":\"El mi\u00e9rcoles comenzar\u00e1 la novena etapa del Programa RTA\",\"datePublished\":\"2021-02-13T13:44:00+00:00\",\"dateModified\":\"2021-02-13T13:46:31+00:00\",\"mainEntityOfPage\":{\"@id\":\"https:\/\/experienciadevida.com.ar\/portalurbano\/el-miercoles-comenzara-la-novena-etapa-del-programa-rta\/\"},\"wordCount\":164,\"publisher\":{\"@id\":\"https:\/\/experienciadevida.com.ar\/portalurbano\/#organization\"},\"articleSection\":[\"Destacadas 2\",\"Salud\"],\"inLanguage\":\"es\"},{\"@type\":\"WebPage\",\"@id\":\"https:\/\/experienciadevida.com.ar\/portalurbano\/el-miercoles-comenzara-la-novena-etapa-del-programa-rta\/\",\"url\":\"https:\/\/experienciadevida.com.ar\/portalurbano\/el-miercoles-comenzara-la-novena-etapa-del-programa-rta\/\",\"name\":\"El mi\u00e9rcoles comenzar\u00e1 la novena etapa del programa RTA\",\"isPartOf\":{\"@id\":\"https:\/\/experienciadevida.com.ar\/portalurbano\/#website\"},\"datePublished\":\"2021-02-13T13:44:00+00:00\",\"dateModified\":\"2021-02-13T13:46:31+00:00\",\"description\":\"El mi\u00e9rcoles comenzar\u00e1 la novena etapa del Programa RTA, ser\u00e1 para el pr\u00f3ximo mi\u00e9rcoles 17 de febrero, en el m\u00f3dulo del Hospital.\",\"breadcrumb\":{\"@id\":\"https:\/\/experienciadevida.com.ar\/portalurbano\/el-miercoles-comenzara-la-novena-etapa-del-programa-rta\/#breadcrumb\"},\"inLanguage\":\"es\",\"potentialAction\":[{\"@type\":\"ReadAction\",\"target\":[\"https:\/\/experienciadevida.com.ar\/portalurbano\/el-miercoles-comenzara-la-novena-etapa-del-programa-rta\/\"]}]},{\"@type\":\"BreadcrumbList\",\"@id\":\"https:\/\/experienciadevida.com.ar\/portalurbano\/el-miercoles-comenzara-la-novena-etapa-del-programa-rta\/#breadcrumb\",\"itemListElement\":[{\"@type\":\"ListItem\",\"position\":1,\"name\":\"Portada\",\"item\":\"https:\/\/experienciadevida.com.ar\/portalurbano\/\"},{\"@type\":\"ListItem\",\"position\":2,\"name\":\"El mi\u00e9rcoles comenzar\u00e1 la novena etapa del Programa RTA\"}]},{\"@type\":\"WebSite\",\"@id\":\"https:\/\/experienciadevida.com.ar\/portalurbano\/#website\",\"url\":\"https:\/\/experienciadevida.com.ar\/portalurbano\/\",\"name\":\"\",\"description\":\"\",\"publisher\":{\"@id\":\"https:\/\/experienciadevida.com.ar\/portalurbano\/#organization\"},\"potentialAction\":[{\"@type\":\"SearchAction\",\"target\":{\"@type\":\"EntryPoint\",\"urlTemplate\":\"https:\/\/experienciadevida.com.ar\/portalurbano\/?s={search_term_string}\"},\"query-input\":\"required name=search_term_string\"}],\"inLanguage\":\"es\"},{\"@type\":\"Organization\",\"@id\":\"https:\/\/experienciadevida.com.ar\/portalurbano\/#organization\",\"name\":\"Portal Urbano\",\"url\":\"https:\/\/experienciadevida.com.ar\/portalurbano\/\",\"logo\":{\"@type\":\"ImageObject\",\"inLanguage\":\"es\",\"@id\":\"https:\/\/experienciadevida.com.ar\/portalurbano\/#\/schema\/logo\/image\/\",\"url\":\"https:\/\/experienciadevida.com.ar\/portalurbano\/wp-content\/uploads\/2019\/09\/Logo-Original.png\",\"contentUrl\":\"https:\/\/experienciadevida.com.ar\/portalurbano\/wp-content\/uploads\/2019\/09\/Logo-Original.png\",\"width\":2236,\"height\":1216,\"caption\":\"Portal Urbano\"},\"image\":{\"@id\":\"https:\/\/experienciadevida.com.ar\/portalurbano\/#\/schema\/logo\/image\/\"},\"sameAs\":[\"https:\/\/www.facebook.com\/Portal-Urbano-171542830093757\/\",\"https:\/\/twitter.com\/portalurbanook\",\"https:\/\/www.instagram.com\/_portalurbano\/\",\"https:\/\/www.youtube.com\/channel\/UCXhagIfszH8KxFiOok79zbA?view_as=subscriber\"]},{\"@type\":\"Person\",\"@id\":\"https:\/\/experienciadevida.com.ar\/portalurbano\/#\/schema\/person\/02dd326b1c4b056e9cc972486934a3a7\",\"name\":\"admpu17wp\",\"image\":{\"@type\":\"ImageObject\",\"inLanguage\":\"es\",\"@id\":\"https:\/\/experienciadevida.com.ar\/portalurbano\/#\/schema\/person\/image\/\",\"url\":\"https:\/\/secure.gravatar.com\/avatar\/830d4c57adaae6630765e449a6908047?s=96&d=mm&r=g\",\"contentUrl\":\"https:\/\/secure.gravatar.com\/avatar\/830d4c57adaae6630765e449a6908047?s=96&d=mm&r=g\",\"caption\":\"admpu17wp\"}}]}<\/script>\n<!-- \/ Yoast SEO plugin. -->","yoast_head_json":{"title":"El mi\u00e9rcoles comenzar\u00e1 la novena etapa del programa RTA","description":"El mi\u00e9rcoles comenzar\u00e1 la novena etapa del Programa RTA, ser\u00e1 para el pr\u00f3ximo mi\u00e9rcoles 17 de febrero, en el m\u00f3dulo del Hospital.","robots":{"index":"index","follow":"follow","max-snippet":"max-snippet:-1","max-image-preview":"max-image-preview:large","max-video-preview":"max-video-preview:-1"},"canonical":"https:\/\/experienciadevida.com.ar\/portalurbano\/el-miercoles-comenzara-la-novena-etapa-del-programa-rta\/","og_locale":"es_ES","og_type":"article","og_title":"El mi\u00e9rcoles comenzar\u00e1 la novena etapa del programa RTA","og_description":"El mi\u00e9rcoles comenzar\u00e1 la novena etapa del Programa RTA, ser\u00e1 para el pr\u00f3ximo mi\u00e9rcoles 17 de febrero, en el m\u00f3dulo del Hospital.","og_url":"https:\/\/experienciadevida.com.ar\/portalurbano\/el-miercoles-comenzara-la-novena-etapa-del-programa-rta\/","article_publisher":"https:\/\/www.facebook.com\/Portal-Urbano-171542830093757\/","article_published_time":"2021-02-13T13:44:00+00:00","article_modified_time":"2021-02-13T13:46:31+00:00","og_image":[{"width":1024,"height":682,"url":"https:\/\/experienciadevida.com.ar\/portalurbano\/wp-content\/uploads\/2021\/02\/El-miercoles-comenzara-la-novena.jpg","type":"image\/jpeg"}],"author":"admpu17wp","twitter_card":"summary_large_image","twitter_creator":"@portalurbanook","twitter_site":"@portalurbanook","twitter_misc":{"Escrito por":"admpu17wp","Tiempo de lectura":"1 minuto"},"schema":{"@context":"https:\/\/schema.org","@graph":[{"@type":"Article","@id":"https:\/\/experienciadevida.com.ar\/portalurbano\/el-miercoles-comenzara-la-novena-etapa-del-programa-rta\/#article","isPartOf":{"@id":"https:\/\/experienciadevida.com.ar\/portalurbano\/el-miercoles-comenzara-la-novena-etapa-del-programa-rta\/"},"author":{"name":"admpu17wp","@id":"https:\/\/experienciadevida.com.ar\/portalurbano\/#\/schema\/person\/02dd326b1c4b056e9cc972486934a3a7"},"headline":"El mi\u00e9rcoles comenzar\u00e1 la novena etapa del Programa RTA","datePublished":"2021-02-13T13:44:00+00:00","dateModified":"2021-02-13T13:46:31+00:00","mainEntityOfPage":{"@id":"https:\/\/experienciadevida.com.ar\/portalurbano\/el-miercoles-comenzara-la-novena-etapa-del-programa-rta\/"},"wordCount":164,"publisher":{"@id":"https:\/\/experienciadevida.com.ar\/portalurbano\/#organization"},"articleSection":["Destacadas 2","Salud"],"inLanguage":"es"},{"@type":"WebPage","@id":"https:\/\/experienciadevida.com.ar\/portalurbano\/el-miercoles-comenzara-la-novena-etapa-del-programa-rta\/","url":"https:\/\/experienciadevida.com.ar\/portalurbano\/el-miercoles-comenzara-la-novena-etapa-del-programa-rta\/","name":"El mi\u00e9rcoles comenzar\u00e1 la novena etapa del programa RTA","isPartOf":{"@id":"https:\/\/experienciadevida.com.ar\/portalurbano\/#website"},"datePublished":"2021-02-13T13:44:00+00:00","dateModified":"2021-02-13T13:46:31+00:00","description":"El mi\u00e9rcoles comenzar\u00e1 la novena etapa del Programa RTA, ser\u00e1 para el pr\u00f3ximo mi\u00e9rcoles 17 de febrero, en el m\u00f3dulo del Hospital.","breadcrumb":{"@id":"https:\/\/experienciadevida.com.ar\/portalurbano\/el-miercoles-comenzara-la-novena-etapa-del-programa-rta\/#breadcrumb"},"inLanguage":"es","potentialAction":[{"@type":"ReadAction","target":["https:\/\/experienciadevida.com.ar\/portalurbano\/el-miercoles-comenzara-la-novena-etapa-del-programa-rta\/"]}]},{"@type":"BreadcrumbList","@id":"https:\/\/experienciadevida.com.ar\/portalurbano\/el-miercoles-comenzara-la-novena-etapa-del-programa-rta\/#breadcrumb","itemListElement":[{"@type":"ListItem","position":1,"name":"Portada","item":"https:\/\/experienciadevida.com.ar\/portalurbano\/"},{"@type":"ListItem","position":2,"name":"El mi\u00e9rcoles comenzar\u00e1 la novena etapa del Programa RTA"}]},{"@type":"WebSite","@id":"https:\/\/experienciadevida.com.ar\/portalurbano\/#website","url":"https:\/\/experienciadevida.com.ar\/portalurbano\/","name":"","description":"","publisher":{"@id":"https:\/\/experienciadevida.com.ar\/portalurbano\/#organization"},"potentialAction":[{"@type":"SearchAction","target":{"@type":"EntryPoint","urlTemplate":"https:\/\/experienciadevida.com.ar\/portalurbano\/?s={search_term_string}"},"query-input":"required name=search_term_string"}],"inLanguage":"es"},{"@type":"Organization","@id":"https:\/\/experienciadevida.com.ar\/portalurbano\/#organization","name":"Portal Urbano","url":"https:\/\/experienciadevida.com.ar\/portalurbano\/","logo":{"@type":"ImageObject","inLanguage":"es","@id":"https:\/\/experienciadevida.com.ar\/portalurbano\/#\/schema\/logo\/image\/","url":"https:\/\/experienciadevida.com.ar\/portalurbano\/wp-content\/uploads\/2019\/09\/Logo-Original.png","contentUrl":"https:\/\/experienciadevida.com.ar\/portalurbano\/wp-content\/uploads\/2019\/09\/Logo-Original.png","width":2236,"height":1216,"caption":"Portal Urbano"},"image":{"@id":"https:\/\/experienciadevida.com.ar\/portalurbano\/#\/schema\/logo\/image\/"},"sameAs":["https:\/\/www.facebook.com\/Portal-Urbano-171542830093757\/","https:\/\/twitter.com\/portalurbanook","https:\/\/www.instagram.com\/_portalurbano\/","https:\/\/www.youtube.com\/channel\/UCXhagIfszH8KxFiOok79zbA?view_as=subscriber"]},{"@type":"Person","@id":"https:\/\/experienciadevida.com.ar\/portalurbano\/#\/schema\/person\/02dd326b1c4b056e9cc972486934a3a7","name":"admpu17wp","image":{"@type":"ImageObject","inLanguage":"es","@id":"https:\/\/experienciadevida.com.ar\/portalurbano\/#\/schema\/person\/image\/","url":"https:\/\/secure.gravatar.com\/avatar\/830d4c57adaae6630765e449a6908047?s=96&d=mm&r=g","contentUrl":"https:\/\/secure.gravatar.com\/avatar\/830d4c57adaae6630765e449a6908047?s=96&d=mm&r=g","caption":"admpu17wp"}}]}},"featured_image_urls":{"full":["https:\/\/experienciadevida.com.ar\/portalurbano\/wp-content\/uploads\/2021\/02\/El-miercoles-comenzara-la-novena.jpg",1024,682,false],"thumbnail":["https:\/\/experienciadevida.com.ar\/portalurbano\/wp-content\/uploads\/2021\/02\/El-miercoles-comenzara-la-novena-150x150.jpg",150,150,true],"medium":["https:\/\/experienciadevida.com.ar\/portalurbano\/wp-content\/uploads\/2021\/02\/El-miercoles-comenzara-la-novena-300x200.jpg",300,200,true],"medium_large":["https:\/\/experienciadevida.com.ar\/portalurbano\/wp-content\/uploads\/2021\/02\/El-miercoles-comenzara-la-novena-768x512.jpg",640,427,true],"large":["https:\/\/experienciadevida.com.ar\/portalurbano\/wp-content\/uploads\/2021\/02\/El-miercoles-comenzara-la-novena.jpg",640,426,false],"ug_big":["https:\/\/experienciadevida.com.ar\/portalurbano\/wp-content\/uploads\/2021\/02\/El-miercoles-comenzara-la-novena-768x512.jpg",768,512,true],"1536x1536":["https:\/\/experienciadevida.com.ar\/portalurbano\/wp-content\/uploads\/2021\/02\/El-miercoles-comenzara-la-novena.jpg",1024,682,false],"2048x2048":["https:\/\/experienciadevida.com.ar\/portalurbano\/wp-content\/uploads\/2021\/02\/El-miercoles-comenzara-la-novena.jpg",1024,682,false],"newsever-slider-full":["https:\/\/experienciadevida.com.ar\/portalurbano\/wp-content\/uploads\/2021\/02\/El-miercoles-comenzara-la-novena.jpg",1024,682,false],"newsever-featured":["https:\/\/experienciadevida.com.ar\/portalurbano\/wp-content\/uploads\/2021\/02\/El-miercoles-comenzara-la-novena.jpg",1024,682,false],"newsever-medium":["https:\/\/experienciadevida.com.ar\/portalurbano\/wp-content\/uploads\/2021\/02\/El-miercoles-comenzara-la-novena.jpg",713,475,false],"web-stories-poster-portrait":["https:\/\/experienciadevida.com.ar\/portalurbano\/wp-content\/uploads\/2021\/02\/El-miercoles-comenzara-la-novena.jpg",640,426,false],"web-stories-publisher-logo":["https:\/\/experienciadevida.com.ar\/portalurbano\/wp-content\/uploads\/2021\/02\/El-miercoles-comenzara-la-novena.jpg",96,64,false],"web-stories-thumbnail":["https:\/\/experienciadevida.com.ar\/portalurbano\/wp-content\/uploads\/2021\/02\/El-miercoles-comenzara-la-novena.jpg",150,100,false]},"author_info":{"display_name":"admpu17wp","author_link":"https:\/\/experienciadevida.com.ar\/portalurbano\/author\/admpu17wp\/"},"category_info":"<a href=\"https:\/\/experienciadevida.com.ar\/portalurbano\/category\/destacadas-2\/\" rel=\"category tag\">Destacadas 2<\/a> <a href=\"https:\/\/experienciadevida.com.ar\/portalurbano\/category\/ciudad\/salud\/\" rel=\"category tag\">Salud<\/a>","tag_info":"Salud","comment_count":"0","amp_enabled":true,"_links":{"self":[{"href":"https:\/\/experienciadevida.com.ar\/portalurbano\/wp-json\/wp\/v2\/posts\/135044"}],"collection":[{"href":"https:\/\/experienciadevida.com.ar\/portalurbano\/wp-json\/wp\/v2\/posts"}],"about":[{"href":"https:\/\/experienciadevida.com.ar\/portalurbano\/wp-json\/wp\/v2\/types\/post"}],"author":[{"embeddable":true,"href":"https:\/\/experienciadevida.com.ar\/portalurbano\/wp-json\/wp\/v2\/users\/1"}],"replies":[{"embeddable":true,"href":"https:\/\/experienciadevida.com.ar\/portalurbano\/wp-json\/wp\/v2\/comments?post=135044"}],"version-history":[{"count":1,"href":"https:\/\/experienciadevida.com.ar\/portalurbano\/wp-json\/wp\/v2\/posts\/135044\/revisions"}],"predecessor-version":[{"id":135049,"href":"https:\/\/experienciadevida.com.ar\/portalurbano\/wp-json\/wp\/v2\/posts\/135044\/revisions\/135049"}],"wp:featuredmedia":[{"embeddable":true,"href":"https:\/\/experienciadevida.com.ar\/portalurbano\/wp-json\/wp\/v2\/media\/135048"}],"wp:attachment":[{"href":"https:\/\/experienciadevida.com.ar\/portalurbano\/wp-json\/wp\/v2\/media?parent=135044"}],"wp:term":[{"taxonomy":"category","embeddable":true,"href":"https:\/\/experienciadevida.com.ar\/portalurbano\/wp-json\/wp\/v2\/categories?post=135044"},{"taxonomy":"post_tag","embeddable":true,"href":"https:\/\/experienciadevida.com.ar\/portalurbano\/wp-json\/wp\/v2\/tags?post=135044"}],"curies":[{"name":"wp","href":"https:\/\/api.w.org\/{rel}","templated":true}]}}