{"id":134899,"date":"2021-02-11T12:24:10","date_gmt":"2021-02-11T15:24:10","guid":{"rendered":"https:\/\/experienciadevida.com.ar\/portalurbano\/?p=134899"},"modified":"2021-02-11T12:28:29","modified_gmt":"2021-02-11T15:28:29","slug":"mama-de-valeria-cazola-hoy-estoy-de-pie-pero-por-dentro-estoy-destrozada-pido-justicia-por-todas","status":"publish","type":"post","link":"https:\/\/experienciadevida.com.ar\/portalurbano\/mama-de-valeria-cazola-hoy-estoy-de-pie-pero-por-dentro-estoy-destrozada-pido-justicia-por-todas\/","title":{"rendered":"Mam\u00e1 de Valeria Cazola &#8220;hoy estoy de pie pero por dentro estoy destrozada, pido justicia por todas&#8221;"},"content":{"rendered":"<p>La mam\u00e1 de Valeria Cazola\u00a0 y abuela de Valentina Gallina particip\u00f3 de la movilizaci\u00f3n que se realiz\u00f3 en el d\u00eda de ayer en el Paseo Jes\u00fas Mend\u00eda por \u00darsula, la joven que fue asesinada por su ex pareja polic\u00eda.<\/p>\n<p><em>&#8220;Mi vida lamentablemente es para\u00a0 hacer una pel\u00edcula, el que mat\u00f3 a mi hija le dieron tan s\u00f3lo 8 a\u00f1os\u00a0 est\u00e1 en libertad, no era de ac\u00e1 y se fue hace una vida normal en otro lado, y el que mat\u00f3 hace un a\u00f1o a mi nieta est\u00e1 en la c\u00e1rcel y le iban a dar perpetua pero no se, porque despu\u00e9s pasan 3 o 4 a\u00f1os y salen en libertad. Queremos que no pase m\u00e1s esto&#8221;.<\/em><\/p>\n<p>La\u00a0 mam\u00e1 de Valeria Cazola, por otro lado dijo &#8220;<em>cuando vi los programas de televisi\u00f3n sobre esta chica, que en mi casa y mi m\u00e9dico no me deja ver nada de eso pero yo lo miro porque es m\u00e1s fuerte que yo, me puse muy mal y llor\u00e9 por esa criatura&#8221;.<\/em><\/p>\n<p><em>&#8220;Lo de mi hija fue terrible, porque dej\u00f3 tres hijos la mayor que me la mataron tendr\u00eda hoy 19 a\u00f1os, fue el a\u00f1o pasado, uno de los nenes ten\u00eda 5 a\u00f1os y la m\u00e1s chiquita hoy tiene 16 a\u00f1os en ese momento ten\u00eda tan solo tres a\u00f1os,\u00a0 y de ah\u00ed nunca m\u00e1s volv\u00ed a hacer la persona que era estoy de pie por mis nietos, tengo otra hija, mi marido, y con la medicaci\u00f3n que me est\u00e1 ayudando&#8221;.<\/em><\/p>\n<p>A su vez mencion\u00f3 &#8220;<em>ahora que formamos <a href=\"https:\/\/www.facebook.com\/casapopularvaleria\">casa Valeria<\/a> que hacemos refugio con las chicas, las atendemos porque las chicas van y hacen la denuncia, despu\u00e9s tienen que volver a sus hogares a donde est\u00e1 el agresor, quien se hace responsable de eso, nadie. Quiero que se termine con esto, el no es no, si las chicas quieren dejar a las parejas tiene que ser normal, tienen que aprender fundamentalmente el NO&#8221;.<\/em><\/p>\n<p><em>&#8220;Tienen que saber defenderse y llamar a un vecino a un familiar, que se animen porque a veces no se animan. De mi hija muchas cosas no sab\u00eda porque no me contaba, no la pude salvar porque no me contaba, y mi nieta hizo lo mismo, quiz\u00e1s los de afuera s\u00ed sab\u00edan pero yo no lo sab\u00eda.&#8221;<\/em><\/p>\n<p>Adem\u00e1s &#8220;<em>hoy estoy de pie pero por dentro estoy destrozada, con mucha medicaci\u00f3n si no no estar\u00eda, les digo a las chicas que pidan ayuda a un vecino\u00a0 a cualquier persona. Yo le dije a mi nieta si llegas a tener un problema, nunca lo hagas de noche, ella lo quiso dejar a las 7 de la ma\u00f1ana&#8221;.<\/em><\/p>\n<p><em>&#8220;Alguien las va\u00a0 a escuchar, hoy estamos todas del mismo lado, las chicas j\u00f3venes est\u00e1n muy unidas. Trato de sacar fuerzas para ayudar a las dem\u00e1s, en todas las chicas miraba mi hija Valeria y a Valentina&#8221;.<\/em><\/p>\n","protected":false},"excerpt":{"rendered":"<p>La mam\u00e1 de Valeria Cazola\u00a0 y abuela de Valentina Gallina particip\u00f3 de la movilizaci\u00f3n que&#8230;<\/p>\n","protected":false},"author":1,"featured_media":134828,"comment_status":"closed","ping_status":"closed","sticky":false,"template":"","format":"standard","meta":{"content-type":""},"categories":[27,64],"tags":[],"nelio_content":{"isAutoShareEnabled":false,"autoShareEndMode":"default","automationSources":{"useContentSentences":true,"useSocialTemplates":true,"useCustomSentences":false,"customSentences":[]},"followers":[1],"suggestedReferences":[],"includedReferences":[],"efiUrl":"","efiAlt":"","highlights":[]},"yoast_head":"<!-- This site is optimized with the Yoast SEO plugin v20.7 - https:\/\/yoast.com\/wordpress\/plugins\/seo\/ -->\n<title>Mam\u00e1 de Valeria Cazola: &quot;Hoy estoy de pie pero estoy destrozada&quot;<\/title>\n<meta name=\"description\" content=\"La mam\u00e1 de Valeria Cazola\u00a0 y abuela de Valentina Gallina particip\u00f3 de la movilizaci\u00f3n que se realiz\u00f3 en el d\u00eda de ayer pidiendo justicia.\" \/>\n<meta name=\"robots\" content=\"index, follow, max-snippet:-1, max-image-preview:large, max-video-preview:-1\" \/>\n<link rel=\"canonical\" href=\"https:\/\/experienciadevida.com.ar\/portalurbano\/mama-de-valeria-cazola-hoy-estoy-de-pie-pero-por-dentro-estoy-destrozada-pido-justicia-por-todas\/\" \/>\n<meta property=\"og:locale\" content=\"es_ES\" \/>\n<meta property=\"og:type\" content=\"article\" \/>\n<meta property=\"og:title\" content=\"Mam\u00e1 de Valeria Cazola: &quot;Hoy estoy de pie pero estoy destrozada&quot;\" \/>\n<meta property=\"og:description\" content=\"La mam\u00e1 de Valeria Cazola\u00a0 y abuela de Valentina Gallina particip\u00f3 de la movilizaci\u00f3n que se realiz\u00f3 en el d\u00eda de ayer pidiendo justicia.\" \/>\n<meta property=\"og:url\" content=\"https:\/\/experienciadevida.com.ar\/portalurbano\/mama-de-valeria-cazola-hoy-estoy-de-pie-pero-por-dentro-estoy-destrozada-pido-justicia-por-todas\/\" \/>\n<meta property=\"article:publisher\" content=\"https:\/\/www.facebook.com\/Portal-Urbano-171542830093757\/\" \/>\n<meta property=\"article:published_time\" content=\"2021-02-11T15:24:10+00:00\" \/>\n<meta property=\"article:modified_time\" content=\"2021-02-11T15:28:29+00:00\" \/>\n<meta property=\"og:image\" content=\"https:\/\/experienciadevida.com.ar\/portalurbano\/wp-content\/uploads\/2021\/02\/Ni-una-menos6.jpg\" \/>\n\t<meta property=\"og:image:width\" content=\"765\" \/>\n\t<meta property=\"og:image:height\" content=\"487\" \/>\n\t<meta property=\"og:image:type\" content=\"image\/jpeg\" \/>\n<meta name=\"author\" content=\"admpu17wp\" \/>\n<meta name=\"twitter:card\" content=\"summary_large_image\" \/>\n<meta name=\"twitter:creator\" content=\"@portalurbanook\" \/>\n<meta name=\"twitter:site\" content=\"@portalurbanook\" \/>\n<meta name=\"twitter:label1\" content=\"Escrito por\" \/>\n\t<meta name=\"twitter:data1\" content=\"admpu17wp\" \/>\n\t<meta name=\"twitter:label2\" content=\"Tiempo de lectura\" \/>\n\t<meta name=\"twitter:data2\" content=\"3 minutos\" \/>\n<script type=\"application\/ld+json\" class=\"yoast-schema-graph\">{\"@context\":\"https:\/\/schema.org\",\"@graph\":[{\"@type\":\"Article\",\"@id\":\"https:\/\/experienciadevida.com.ar\/portalurbano\/mama-de-valeria-cazola-hoy-estoy-de-pie-pero-por-dentro-estoy-destrozada-pido-justicia-por-todas\/#article\",\"isPartOf\":{\"@id\":\"https:\/\/experienciadevida.com.ar\/portalurbano\/mama-de-valeria-cazola-hoy-estoy-de-pie-pero-por-dentro-estoy-destrozada-pido-justicia-por-todas\/\"},\"author\":{\"name\":\"admpu17wp\",\"@id\":\"https:\/\/experienciadevida.com.ar\/portalurbano\/#\/schema\/person\/02dd326b1c4b056e9cc972486934a3a7\"},\"headline\":\"Mam\u00e1 de Valeria Cazola &#8220;hoy estoy de pie pero por dentro estoy destrozada, pido justicia por todas&#8221;\",\"datePublished\":\"2021-02-11T15:24:10+00:00\",\"dateModified\":\"2021-02-11T15:28:29+00:00\",\"mainEntityOfPage\":{\"@id\":\"https:\/\/experienciadevida.com.ar\/portalurbano\/mama-de-valeria-cazola-hoy-estoy-de-pie-pero-por-dentro-estoy-destrozada-pido-justicia-por-todas\/\"},\"wordCount\":518,\"publisher\":{\"@id\":\"https:\/\/experienciadevida.com.ar\/portalurbano\/#organization\"},\"articleSection\":[\"Ciudad\",\"Destacadas 2\"],\"inLanguage\":\"es\"},{\"@type\":\"WebPage\",\"@id\":\"https:\/\/experienciadevida.com.ar\/portalurbano\/mama-de-valeria-cazola-hoy-estoy-de-pie-pero-por-dentro-estoy-destrozada-pido-justicia-por-todas\/\",\"url\":\"https:\/\/experienciadevida.com.ar\/portalurbano\/mama-de-valeria-cazola-hoy-estoy-de-pie-pero-por-dentro-estoy-destrozada-pido-justicia-por-todas\/\",\"name\":\"Mam\u00e1 de Valeria Cazola: \\\"Hoy estoy de pie pero estoy destrozada\\\"\",\"isPartOf\":{\"@id\":\"https:\/\/experienciadevida.com.ar\/portalurbano\/#website\"},\"datePublished\":\"2021-02-11T15:24:10+00:00\",\"dateModified\":\"2021-02-11T15:28:29+00:00\",\"description\":\"La mam\u00e1 de Valeria Cazola\u00a0 y abuela de Valentina Gallina particip\u00f3 de la movilizaci\u00f3n que se realiz\u00f3 en el d\u00eda de ayer pidiendo justicia.\",\"breadcrumb\":{\"@id\":\"https:\/\/experienciadevida.com.ar\/portalurbano\/mama-de-valeria-cazola-hoy-estoy-de-pie-pero-por-dentro-estoy-destrozada-pido-justicia-por-todas\/#breadcrumb\"},\"inLanguage\":\"es\",\"potentialAction\":[{\"@type\":\"ReadAction\",\"target\":[\"https:\/\/experienciadevida.com.ar\/portalurbano\/mama-de-valeria-cazola-hoy-estoy-de-pie-pero-por-dentro-estoy-destrozada-pido-justicia-por-todas\/\"]}]},{\"@type\":\"BreadcrumbList\",\"@id\":\"https:\/\/experienciadevida.com.ar\/portalurbano\/mama-de-valeria-cazola-hoy-estoy-de-pie-pero-por-dentro-estoy-destrozada-pido-justicia-por-todas\/#breadcrumb\",\"itemListElement\":[{\"@type\":\"ListItem\",\"position\":1,\"name\":\"Portada\",\"item\":\"https:\/\/experienciadevida.com.ar\/portalurbano\/\"},{\"@type\":\"ListItem\",\"position\":2,\"name\":\"Mam\u00e1 de Valeria Cazola \u00abhoy estoy de pie pero por dentro estoy destrozada, pido justicia por todas\u00bb\"}]},{\"@type\":\"WebSite\",\"@id\":\"https:\/\/experienciadevida.com.ar\/portalurbano\/#website\",\"url\":\"https:\/\/experienciadevida.com.ar\/portalurbano\/\",\"name\":\"\",\"description\":\"\",\"publisher\":{\"@id\":\"https:\/\/experienciadevida.com.ar\/portalurbano\/#organization\"},\"potentialAction\":[{\"@type\":\"SearchAction\",\"target\":{\"@type\":\"EntryPoint\",\"urlTemplate\":\"https:\/\/experienciadevida.com.ar\/portalurbano\/?s={search_term_string}\"},\"query-input\":\"required name=search_term_string\"}],\"inLanguage\":\"es\"},{\"@type\":\"Organization\",\"@id\":\"https:\/\/experienciadevida.com.ar\/portalurbano\/#organization\",\"name\":\"Portal Urbano\",\"url\":\"https:\/\/experienciadevida.com.ar\/portalurbano\/\",\"logo\":{\"@type\":\"ImageObject\",\"inLanguage\":\"es\",\"@id\":\"https:\/\/experienciadevida.com.ar\/portalurbano\/#\/schema\/logo\/image\/\",\"url\":\"https:\/\/experienciadevida.com.ar\/portalurbano\/wp-content\/uploads\/2019\/09\/Logo-Original.png\",\"contentUrl\":\"https:\/\/experienciadevida.com.ar\/portalurbano\/wp-content\/uploads\/2019\/09\/Logo-Original.png\",\"width\":2236,\"height\":1216,\"caption\":\"Portal Urbano\"},\"image\":{\"@id\":\"https:\/\/experienciadevida.com.ar\/portalurbano\/#\/schema\/logo\/image\/\"},\"sameAs\":[\"https:\/\/www.facebook.com\/Portal-Urbano-171542830093757\/\",\"https:\/\/twitter.com\/portalurbanook\",\"https:\/\/www.instagram.com\/_portalurbano\/\",\"https:\/\/www.youtube.com\/channel\/UCXhagIfszH8KxFiOok79zbA?view_as=subscriber\"]},{\"@type\":\"Person\",\"@id\":\"https:\/\/experienciadevida.com.ar\/portalurbano\/#\/schema\/person\/02dd326b1c4b056e9cc972486934a3a7\",\"name\":\"admpu17wp\",\"image\":{\"@type\":\"ImageObject\",\"inLanguage\":\"es\",\"@id\":\"https:\/\/experienciadevida.com.ar\/portalurbano\/#\/schema\/person\/image\/\",\"url\":\"https:\/\/secure.gravatar.com\/avatar\/830d4c57adaae6630765e449a6908047?s=96&d=mm&r=g\",\"contentUrl\":\"https:\/\/secure.gravatar.com\/avatar\/830d4c57adaae6630765e449a6908047?s=96&d=mm&r=g\",\"caption\":\"admpu17wp\"}}]}<\/script>\n<!-- \/ Yoast SEO plugin. -->","yoast_head_json":{"title":"Mam\u00e1 de Valeria Cazola: \"Hoy estoy de pie pero estoy destrozada\"","description":"La mam\u00e1 de Valeria Cazola\u00a0 y abuela de Valentina Gallina particip\u00f3 de la movilizaci\u00f3n que se realiz\u00f3 en el d\u00eda de ayer pidiendo justicia.","robots":{"index":"index","follow":"follow","max-snippet":"max-snippet:-1","max-image-preview":"max-image-preview:large","max-video-preview":"max-video-preview:-1"},"canonical":"https:\/\/experienciadevida.com.ar\/portalurbano\/mama-de-valeria-cazola-hoy-estoy-de-pie-pero-por-dentro-estoy-destrozada-pido-justicia-por-todas\/","og_locale":"es_ES","og_type":"article","og_title":"Mam\u00e1 de Valeria Cazola: \"Hoy estoy de pie pero estoy destrozada\"","og_description":"La mam\u00e1 de Valeria Cazola\u00a0 y abuela de Valentina Gallina particip\u00f3 de la movilizaci\u00f3n que se realiz\u00f3 en el d\u00eda de ayer pidiendo justicia.","og_url":"https:\/\/experienciadevida.com.ar\/portalurbano\/mama-de-valeria-cazola-hoy-estoy-de-pie-pero-por-dentro-estoy-destrozada-pido-justicia-por-todas\/","article_publisher":"https:\/\/www.facebook.com\/Portal-Urbano-171542830093757\/","article_published_time":"2021-02-11T15:24:10+00:00","article_modified_time":"2021-02-11T15:28:29+00:00","og_image":[{"width":765,"height":487,"url":"https:\/\/experienciadevida.com.ar\/portalurbano\/wp-content\/uploads\/2021\/02\/Ni-una-menos6.jpg","type":"image\/jpeg"}],"author":"admpu17wp","twitter_card":"summary_large_image","twitter_creator":"@portalurbanook","twitter_site":"@portalurbanook","twitter_misc":{"Escrito por":"admpu17wp","Tiempo de lectura":"3 minutos"},"schema":{"@context":"https:\/\/schema.org","@graph":[{"@type":"Article","@id":"https:\/\/experienciadevida.com.ar\/portalurbano\/mama-de-valeria-cazola-hoy-estoy-de-pie-pero-por-dentro-estoy-destrozada-pido-justicia-por-todas\/#article","isPartOf":{"@id":"https:\/\/experienciadevida.com.ar\/portalurbano\/mama-de-valeria-cazola-hoy-estoy-de-pie-pero-por-dentro-estoy-destrozada-pido-justicia-por-todas\/"},"author":{"name":"admpu17wp","@id":"https:\/\/experienciadevida.com.ar\/portalurbano\/#\/schema\/person\/02dd326b1c4b056e9cc972486934a3a7"},"headline":"Mam\u00e1 de Valeria Cazola &#8220;hoy estoy de pie pero por dentro estoy destrozada, pido justicia por todas&#8221;","datePublished":"2021-02-11T15:24:10+00:00","dateModified":"2021-02-11T15:28:29+00:00","mainEntityOfPage":{"@id":"https:\/\/experienciadevida.com.ar\/portalurbano\/mama-de-valeria-cazola-hoy-estoy-de-pie-pero-por-dentro-estoy-destrozada-pido-justicia-por-todas\/"},"wordCount":518,"publisher":{"@id":"https:\/\/experienciadevida.com.ar\/portalurbano\/#organization"},"articleSection":["Ciudad","Destacadas 2"],"inLanguage":"es"},{"@type":"WebPage","@id":"https:\/\/experienciadevida.com.ar\/portalurbano\/mama-de-valeria-cazola-hoy-estoy-de-pie-pero-por-dentro-estoy-destrozada-pido-justicia-por-todas\/","url":"https:\/\/experienciadevida.com.ar\/portalurbano\/mama-de-valeria-cazola-hoy-estoy-de-pie-pero-por-dentro-estoy-destrozada-pido-justicia-por-todas\/","name":"Mam\u00e1 de Valeria Cazola: \"Hoy estoy de pie pero estoy destrozada\"","isPartOf":{"@id":"https:\/\/experienciadevida.com.ar\/portalurbano\/#website"},"datePublished":"2021-02-11T15:24:10+00:00","dateModified":"2021-02-11T15:28:29+00:00","description":"La mam\u00e1 de Valeria Cazola\u00a0 y abuela de Valentina Gallina particip\u00f3 de la movilizaci\u00f3n que se realiz\u00f3 en el d\u00eda de ayer pidiendo justicia.","breadcrumb":{"@id":"https:\/\/experienciadevida.com.ar\/portalurbano\/mama-de-valeria-cazola-hoy-estoy-de-pie-pero-por-dentro-estoy-destrozada-pido-justicia-por-todas\/#breadcrumb"},"inLanguage":"es","potentialAction":[{"@type":"ReadAction","target":["https:\/\/experienciadevida.com.ar\/portalurbano\/mama-de-valeria-cazola-hoy-estoy-de-pie-pero-por-dentro-estoy-destrozada-pido-justicia-por-todas\/"]}]},{"@type":"BreadcrumbList","@id":"https:\/\/experienciadevida.com.ar\/portalurbano\/mama-de-valeria-cazola-hoy-estoy-de-pie-pero-por-dentro-estoy-destrozada-pido-justicia-por-todas\/#breadcrumb","itemListElement":[{"@type":"ListItem","position":1,"name":"Portada","item":"https:\/\/experienciadevida.com.ar\/portalurbano\/"},{"@type":"ListItem","position":2,"name":"Mam\u00e1 de Valeria Cazola \u00abhoy estoy de pie pero por dentro estoy destrozada, pido justicia por todas\u00bb"}]},{"@type":"WebSite","@id":"https:\/\/experienciadevida.com.ar\/portalurbano\/#website","url":"https:\/\/experienciadevida.com.ar\/portalurbano\/","name":"","description":"","publisher":{"@id":"https:\/\/experienciadevida.com.ar\/portalurbano\/#organization"},"potentialAction":[{"@type":"SearchAction","target":{"@type":"EntryPoint","urlTemplate":"https:\/\/experienciadevida.com.ar\/portalurbano\/?s={search_term_string}"},"query-input":"required name=search_term_string"}],"inLanguage":"es"},{"@type":"Organization","@id":"https:\/\/experienciadevida.com.ar\/portalurbano\/#organization","name":"Portal Urbano","url":"https:\/\/experienciadevida.com.ar\/portalurbano\/","logo":{"@type":"ImageObject","inLanguage":"es","@id":"https:\/\/experienciadevida.com.ar\/portalurbano\/#\/schema\/logo\/image\/","url":"https:\/\/experienciadevida.com.ar\/portalurbano\/wp-content\/uploads\/2019\/09\/Logo-Original.png","contentUrl":"https:\/\/experienciadevida.com.ar\/portalurbano\/wp-content\/uploads\/2019\/09\/Logo-Original.png","width":2236,"height":1216,"caption":"Portal Urbano"},"image":{"@id":"https:\/\/experienciadevida.com.ar\/portalurbano\/#\/schema\/logo\/image\/"},"sameAs":["https:\/\/www.facebook.com\/Portal-Urbano-171542830093757\/","https:\/\/twitter.com\/portalurbanook","https:\/\/www.instagram.com\/_portalurbano\/","https:\/\/www.youtube.com\/channel\/UCXhagIfszH8KxFiOok79zbA?view_as=subscriber"]},{"@type":"Person","@id":"https:\/\/experienciadevida.com.ar\/portalurbano\/#\/schema\/person\/02dd326b1c4b056e9cc972486934a3a7","name":"admpu17wp","image":{"@type":"ImageObject","inLanguage":"es","@id":"https:\/\/experienciadevida.com.ar\/portalurbano\/#\/schema\/person\/image\/","url":"https:\/\/secure.gravatar.com\/avatar\/830d4c57adaae6630765e449a6908047?s=96&d=mm&r=g","contentUrl":"https:\/\/secure.gravatar.com\/avatar\/830d4c57adaae6630765e449a6908047?s=96&d=mm&r=g","caption":"admpu17wp"}}]}},"featured_image_urls":{"full":["https:\/\/experienciadevida.com.ar\/portalurbano\/wp-content\/uploads\/2021\/02\/Ni-una-menos6.jpg",765,487,false],"thumbnail":["https:\/\/experienciadevida.com.ar\/portalurbano\/wp-content\/uploads\/2021\/02\/Ni-una-menos6-150x150.jpg",150,150,true],"medium":["https:\/\/experienciadevida.com.ar\/portalurbano\/wp-content\/uploads\/2021\/02\/Ni-una-menos6-300x191.jpg",300,191,true],"medium_large":["https:\/\/experienciadevida.com.ar\/portalurbano\/wp-content\/uploads\/2021\/02\/Ni-una-menos6.jpg",640,407,false],"large":["https:\/\/experienciadevida.com.ar\/portalurbano\/wp-content\/uploads\/2021\/02\/Ni-una-menos6.jpg",640,407,false],"ug_big":["https:\/\/experienciadevida.com.ar\/portalurbano\/wp-content\/uploads\/2021\/02\/Ni-una-menos6.jpg",765,487,false],"1536x1536":["https:\/\/experienciadevida.com.ar\/portalurbano\/wp-content\/uploads\/2021\/02\/Ni-una-menos6.jpg",765,487,false],"2048x2048":["https:\/\/experienciadevida.com.ar\/portalurbano\/wp-content\/uploads\/2021\/02\/Ni-una-menos6.jpg",765,487,false],"newsever-slider-full":["https:\/\/experienciadevida.com.ar\/portalurbano\/wp-content\/uploads\/2021\/02\/Ni-una-menos6.jpg",765,487,false],"newsever-featured":["https:\/\/experienciadevida.com.ar\/portalurbano\/wp-content\/uploads\/2021\/02\/Ni-una-menos6.jpg",765,487,false],"newsever-medium":["https:\/\/experienciadevida.com.ar\/portalurbano\/wp-content\/uploads\/2021\/02\/Ni-una-menos6.jpg",720,458,false],"web-stories-poster-portrait":["https:\/\/experienciadevida.com.ar\/portalurbano\/wp-content\/uploads\/2021\/02\/Ni-una-menos6.jpg",640,407,false],"web-stories-publisher-logo":["https:\/\/experienciadevida.com.ar\/portalurbano\/wp-content\/uploads\/2021\/02\/Ni-una-menos6.jpg",96,61,false],"web-stories-thumbnail":["https:\/\/experienciadevida.com.ar\/portalurbano\/wp-content\/uploads\/2021\/02\/Ni-una-menos6.jpg",150,95,false]},"author_info":{"display_name":"admpu17wp","author_link":"https:\/\/experienciadevida.com.ar\/portalurbano\/author\/admpu17wp\/"},"category_info":"<a href=\"https:\/\/experienciadevida.com.ar\/portalurbano\/category\/ciudad\/\" rel=\"category tag\">Ciudad<\/a> <a href=\"https:\/\/experienciadevida.com.ar\/portalurbano\/category\/destacadas-2\/\" rel=\"category tag\">Destacadas 2<\/a>","tag_info":"Destacadas 2","comment_count":"0","amp_enabled":true,"_links":{"self":[{"href":"https:\/\/experienciadevida.com.ar\/portalurbano\/wp-json\/wp\/v2\/posts\/134899"}],"collection":[{"href":"https:\/\/experienciadevida.com.ar\/portalurbano\/wp-json\/wp\/v2\/posts"}],"about":[{"href":"https:\/\/experienciadevida.com.ar\/portalurbano\/wp-json\/wp\/v2\/types\/post"}],"author":[{"embeddable":true,"href":"https:\/\/experienciadevida.com.ar\/portalurbano\/wp-json\/wp\/v2\/users\/1"}],"replies":[{"embeddable":true,"href":"https:\/\/experienciadevida.com.ar\/portalurbano\/wp-json\/wp\/v2\/comments?post=134899"}],"version-history":[{"count":4,"href":"https:\/\/experienciadevida.com.ar\/portalurbano\/wp-json\/wp\/v2\/posts\/134899\/revisions"}],"predecessor-version":[{"id":134903,"href":"https:\/\/experienciadevida.com.ar\/portalurbano\/wp-json\/wp\/v2\/posts\/134899\/revisions\/134903"}],"wp:featuredmedia":[{"embeddable":true,"href":"https:\/\/experienciadevida.com.ar\/portalurbano\/wp-json\/wp\/v2\/media\/134828"}],"wp:attachment":[{"href":"https:\/\/experienciadevida.com.ar\/portalurbano\/wp-json\/wp\/v2\/media?parent=134899"}],"wp:term":[{"taxonomy":"category","embeddable":true,"href":"https:\/\/experienciadevida.com.ar\/portalurbano\/wp-json\/wp\/v2\/categories?post=134899"},{"taxonomy":"post_tag","embeddable":true,"href":"https:\/\/experienciadevida.com.ar\/portalurbano\/wp-json\/wp\/v2\/tags?post=134899"}],"curies":[{"name":"wp","href":"https:\/\/api.w.org\/{rel}","templated":true}]}}