{"id":134855,"date":"2021-02-10T21:28:45","date_gmt":"2021-02-11T00:28:45","guid":{"rendered":"https:\/\/experienciadevida.com.ar\/portalurbano\/?p=134855"},"modified":"2021-02-10T21:32:29","modified_gmt":"2021-02-11T00:32:29","slug":"quedo-inaugurada-la-fase-dos-de-electrificacion-del-sector-industrial-planificado-los-fresnos","status":"publish","type":"post","link":"https:\/\/experienciadevida.com.ar\/portalurbano\/quedo-inaugurada-la-fase-dos-de-electrificacion-del-sector-industrial-planificado-los-fresnos\/","title":{"rendered":"Qued\u00f3 inaugurada la Fase Dos de electrificaci\u00f3n del Sector Industrial Planificado \u201cLos Fresnos\u201d"},"content":{"rendered":"<p>Qued\u00f3 inaugurada la Fase Dos de electrificaci\u00f3n del Sector Industrial Planificado \u201cLos Fresnos\u201d. En el anochecer de este mi\u00e9rcoles, en el Sector Industrial Planificado \u201cLos Fresnos\u201d, se puso en marcha la red de media tensi\u00f3n que suministrar\u00e1 energ\u00eda el\u00e9ctrica a los lotes 1, 2, 3 y 4 y al alumbrado p\u00fablico a trav\u00e9s de 84 columnas con luminarias led y de alimentaci\u00f3n subterr\u00e1nea.<\/p>\n<p>El acto de inauguraci\u00f3n fue encabezado por el intendente interino del Partido de Olavarr\u00eda Juan Mujica, acompa\u00f1ado por el intendente Ezequiel Galli (quien se encuentra bajo licencia y acompa\u00f1\u00f3 el acto) y el ex intendente Jos\u00e9 Eseverri.<\/p>\n<p><a href=\"https:\/\/experienciadevida.com.ar\/portalurbano\/quedo-inaugurada-la-fase-dos-de-electrificacion-del-sector-industrial-planificado-los-fresnos\/quedo-inaugurada\/\" rel=\"attachment wp-att-134859\"><img decoding=\"async\" class=\"alignnone size-full wp-image-134859\" src=\"https:\/\/experienciadevida.com.ar\/portalurbano\/wp-content\/uploads\/2021\/02\/Quedo-inaugurada.jpeg\" alt=\"Qued\u00f3 inaugurada\" width=\"1280\" height=\"853\" srcset=\"https:\/\/experienciadevida.com.ar\/portalurbano\/wp-content\/uploads\/2021\/02\/Quedo-inaugurada.jpeg 1280w, https:\/\/experienciadevida.com.ar\/portalurbano\/wp-content\/uploads\/2021\/02\/Quedo-inaugurada-300x200.jpeg 300w, https:\/\/experienciadevida.com.ar\/portalurbano\/wp-content\/uploads\/2021\/02\/Quedo-inaugurada-1024x682.jpeg 1024w, https:\/\/experienciadevida.com.ar\/portalurbano\/wp-content\/uploads\/2021\/02\/Quedo-inaugurada-768x512.jpeg 768w\" sizes=\"(max-width: 1280px) 100vw, 1280px\" \/><\/a><\/p>\n<p>Tambi\u00e9n estuvieron presentes secretarios del Ejecutivo, concejales\/as, , el presidente del Consejo de Administraci\u00f3n de Coopelectric Ignacio Aramburu, consejeros de Coopelectric y representantes de Asociaci\u00f3n Propietarios PIO Olavarr\u00eda, C\u00e1mara de la Piedra, C\u00e1mara Empresaria, Camuzzi, Sociedad Rural de Olavarr\u00eda, Uni\u00f3n Industrial de Olavarr\u00eda y propietarios.<\/p>\n<p>El Sector Industrial Planificado \u201cLos Fresnos\u201d comenz\u00f3 a construirse en el a\u00f1o 2014, destinando 200 hect\u00e1reas para el proyecto que hoy cuenta con 125 lotes, cuyas superficies van desde 2.300 hasta los 10.000 metros; estacionamiento com\u00fan, una plaza central, la planta depuradora de afluentes, una plaza de ingreso y accesos peatonales, agua corriente, entre otros servicios.<\/p>\n<p>El primero de los discursos estuvo a cargo del intendente interino Juan Mujica quien se\u00f1al\u00f3 que \u201chace m\u00e1s de dos a\u00f1os, cuando el intendente Ezequiel Galli realizaba el lanzamiento de Los Fresnos, hablaba de la importancia de darle continuidad a las pol\u00edticas p\u00fablicas para Olavarr\u00eda, iniciadas antes de su gesti\u00f3n. Este es un ejemplo de ello, el Gobierno del ex intendente Jos\u00e9 Eseverri proyect\u00f3 este agrupamiento y desde el momento que asumi\u00f3 Ezequiel Galli, junto a su equipo, fue dando pasos concretos como el de hoy\u201d.<\/p>\n<p>\u201cLa obra de iluminaci\u00f3n de Los Fresnos fue planificada y ejecutada con una premisa fundamental: mejorar la eficiencia energ\u00e9tica y contribuir con la sustentabilidad. Forma parte del plan de obras que vamos ejecutando, para que las empresas que aqu\u00ed se radiquen cuenten con la infraestructura necesaria para desarrollar sus actividades, porque como gesti\u00f3n asumimos el compromiso -y as\u00ed qued\u00f3 plasmado en una normativa que impulsamos desde el Ejecutivo-, de destinar los recursos que surgen de la venta de estos lotes, reinvirti\u00e9ndolos en este predio\u201d, agreg\u00f3.<br \/>\nAsimismo destac\u00f3 que \u201cuno de los ejes fundamentales de nuestro trabajo es el planeamiento de la ciudad, buscando \u2013desde la sustentabilidad- el equilibrio entre los vecinos y el entramado productivo. Por eso no podemos dejar de mencionar la tan importante obra de la planta depuradora, pensada como un proyecto integral no s\u00f3lo para los vecinos de Loma Negra, sino tambi\u00e9n para recibir los efluentes de las empresas de este Parque\u201d.<\/p>\n<p><a href=\"https:\/\/experienciadevida.com.ar\/portalurbano\/quedo-inaugurada-la-fase-dos-de-electrificacion-del-sector-industrial-planificado-los-fresnos\/fase-dos\/\" rel=\"attachment wp-att-134860\"><img decoding=\"async\" class=\"alignnone size-full wp-image-134860\" src=\"https:\/\/experienciadevida.com.ar\/portalurbano\/wp-content\/uploads\/2021\/02\/fase-dos.jpeg\" alt=\"fase dos\" width=\"1280\" height=\"853\" srcset=\"https:\/\/experienciadevida.com.ar\/portalurbano\/wp-content\/uploads\/2021\/02\/fase-dos.jpeg 1280w, https:\/\/experienciadevida.com.ar\/portalurbano\/wp-content\/uploads\/2021\/02\/fase-dos-300x200.jpeg 300w, https:\/\/experienciadevida.com.ar\/portalurbano\/wp-content\/uploads\/2021\/02\/fase-dos-1024x682.jpeg 1024w, https:\/\/experienciadevida.com.ar\/portalurbano\/wp-content\/uploads\/2021\/02\/fase-dos-768x512.jpeg 768w\" sizes=\"(max-width: 1280px) 100vw, 1280px\" \/><\/a><\/p>\n<p>\u201cHoy, empresarios olavarrienses comenzar\u00e1n a darle vida a este Parque, con la construcci\u00f3n de sus nuevos proyectos o ampliaciones de sus empresas ya consolidadas. Desde nuestra gesti\u00f3n seguiremos trabajando en la radicaci\u00f3n de nuevos emprendimientos, en el marco de una pol\u00edtica de ordenamiento territorial que permita promover el desarrollo local\u201d, manifest\u00f3 Mujica.<br \/>\nPor \u00faltimo remarc\u00f3 que \u201cOlavarr\u00eda tiene una identidad diferencial, y se debe a ustedes: el empresariado local, y las distintas instituciones que representan a los sectores productivos, de servicios y educativos. Son actores fundamentales para nuestra gesti\u00f3n, con quienes compartimos la visi\u00f3n sobre el destino productivo y la convicci\u00f3n de seguir trabajando mancomunadamente, para que la industria local siga creciendo y consolid\u00e1ndose en el tiempo\u201d.<\/p>\n<p>Seguidamente tom\u00f3 la palabra el secretario de Desarrollo Econ\u00f3mico Julio Valetutto que indic\u00f3: \u201cEste acto es renovar el compromiso con el desarrollo productivo del Partido y este lugar es el reflejo de los olavarrienses que tanto se esfuerzan d\u00eda a d\u00eda\u201d.<\/p>\n<p>\u201cTenemos que tener una ciudad con econom\u00eda diversificada y hay que apostar al conocimiento\u201d, a\u00f1adi\u00f3.<\/p>\n<p>Luego de la palabra de los funcionarios, qued\u00f3 inaugurada la Fase Dos de electrificaci\u00f3n del Sector Industrial Planificado \u201cLos Fresnos\u201d.<\/p>\n<p><a href=\"https:\/\/experienciadevida.com.ar\/portalurbano\/quedo-inaugurada-la-fase-dos-de-electrificacion-del-sector-industrial-planificado-los-fresnos\/inaugurada\/\" rel=\"attachment wp-att-134861\"><img decoding=\"async\" class=\"alignnone size-full wp-image-134861\" src=\"https:\/\/experienciadevida.com.ar\/portalurbano\/wp-content\/uploads\/2021\/02\/inaugurada.jpeg\" alt=\"inaugurada\" width=\"1280\" height=\"853\" srcset=\"https:\/\/experienciadevida.com.ar\/portalurbano\/wp-content\/uploads\/2021\/02\/inaugurada.jpeg 1280w, https:\/\/experienciadevida.com.ar\/portalurbano\/wp-content\/uploads\/2021\/02\/inaugurada-300x200.jpeg 300w, https:\/\/experienciadevida.com.ar\/portalurbano\/wp-content\/uploads\/2021\/02\/inaugurada-1024x682.jpeg 1024w, https:\/\/experienciadevida.com.ar\/portalurbano\/wp-content\/uploads\/2021\/02\/inaugurada-768x512.jpeg 768w\" sizes=\"(max-width: 1280px) 100vw, 1280px\" \/><\/a><\/p>\n","protected":false},"excerpt":{"rendered":"<p>Qued\u00f3 inaugurada la Fase Dos de electrificaci\u00f3n del Sector Industrial Planificado \u201cLos Fresnos\u201d. En el&#8230;<\/p>\n","protected":false},"author":1,"featured_media":134856,"comment_status":"closed","ping_status":"closed","sticky":false,"template":"","format":"standard","meta":{"content-type":""},"categories":[27,51],"tags":[],"nelio_content":{"isAutoShareEnabled":false,"autoShareEndMode":"default","automationSources":{"useContentSentences":true,"useSocialTemplates":true,"useCustomSentences":false,"customSentences":[]},"followers":[1],"suggestedReferences":[],"includedReferences":[],"efiUrl":"","efiAlt":"","highlights":[]},"yoast_head":"<!-- This site is optimized with the Yoast SEO plugin v20.7 - https:\/\/yoast.com\/wordpress\/plugins\/seo\/ -->\n<title>Qued\u00f3 inaugurada la fase dos de electrificaci\u00f3n de sector Los Fresnos<\/title>\n<meta name=\"description\" content=\"Qued\u00f3 inaugurada la Fase Dos de electrificaci\u00f3n del Sector Industrial Planificado \u201cLos Fresnos\u201d el acto fue este mi\u00e9rcoles por la tardecita.\" \/>\n<meta name=\"robots\" content=\"index, follow, max-snippet:-1, max-image-preview:large, max-video-preview:-1\" \/>\n<link rel=\"canonical\" href=\"https:\/\/experienciadevida.com.ar\/portalurbano\/quedo-inaugurada-la-fase-dos-de-electrificacion-del-sector-industrial-planificado-los-fresnos\/\" \/>\n<meta property=\"og:locale\" content=\"es_ES\" \/>\n<meta property=\"og:type\" content=\"article\" \/>\n<meta property=\"og:title\" content=\"Qued\u00f3 inaugurada la fase dos de electrificaci\u00f3n de sector Los Fresnos\" \/>\n<meta property=\"og:description\" content=\"Qued\u00f3 inaugurada la Fase Dos de electrificaci\u00f3n del Sector Industrial Planificado \u201cLos Fresnos\u201d el acto fue este mi\u00e9rcoles por la tardecita.\" \/>\n<meta property=\"og:url\" content=\"https:\/\/experienciadevida.com.ar\/portalurbano\/quedo-inaugurada-la-fase-dos-de-electrificacion-del-sector-industrial-planificado-los-fresnos\/\" \/>\n<meta property=\"article:publisher\" content=\"https:\/\/www.facebook.com\/Portal-Urbano-171542830093757\/\" \/>\n<meta property=\"article:published_time\" content=\"2021-02-11T00:28:45+00:00\" \/>\n<meta property=\"article:modified_time\" content=\"2021-02-11T00:32:29+00:00\" \/>\n<meta property=\"og:image\" content=\"https:\/\/experienciadevida.com.ar\/portalurbano\/wp-content\/uploads\/2021\/02\/Quedo-inaugurada-la-Fase-Dos.jpeg\" \/>\n\t<meta property=\"og:image:width\" content=\"1280\" \/>\n\t<meta property=\"og:image:height\" content=\"853\" \/>\n\t<meta property=\"og:image:type\" content=\"image\/jpeg\" \/>\n<meta name=\"author\" content=\"admpu17wp\" \/>\n<meta name=\"twitter:card\" content=\"summary_large_image\" \/>\n<meta name=\"twitter:creator\" content=\"@portalurbanook\" \/>\n<meta name=\"twitter:site\" content=\"@portalurbanook\" \/>\n<meta name=\"twitter:label1\" content=\"Escrito por\" \/>\n\t<meta name=\"twitter:data1\" content=\"admpu17wp\" \/>\n\t<meta name=\"twitter:label2\" content=\"Tiempo de lectura\" \/>\n\t<meta name=\"twitter:data2\" content=\"4 minutos\" \/>\n<script type=\"application\/ld+json\" class=\"yoast-schema-graph\">{\"@context\":\"https:\/\/schema.org\",\"@graph\":[{\"@type\":\"Article\",\"@id\":\"https:\/\/experienciadevida.com.ar\/portalurbano\/quedo-inaugurada-la-fase-dos-de-electrificacion-del-sector-industrial-planificado-los-fresnos\/#article\",\"isPartOf\":{\"@id\":\"https:\/\/experienciadevida.com.ar\/portalurbano\/quedo-inaugurada-la-fase-dos-de-electrificacion-del-sector-industrial-planificado-los-fresnos\/\"},\"author\":{\"name\":\"admpu17wp\",\"@id\":\"https:\/\/experienciadevida.com.ar\/portalurbano\/#\/schema\/person\/02dd326b1c4b056e9cc972486934a3a7\"},\"headline\":\"Qued\u00f3 inaugurada la Fase Dos de electrificaci\u00f3n del Sector Industrial Planificado \u201cLos Fresnos\u201d\",\"datePublished\":\"2021-02-11T00:28:45+00:00\",\"dateModified\":\"2021-02-11T00:32:29+00:00\",\"mainEntityOfPage\":{\"@id\":\"https:\/\/experienciadevida.com.ar\/portalurbano\/quedo-inaugurada-la-fase-dos-de-electrificacion-del-sector-industrial-planificado-los-fresnos\/\"},\"wordCount\":692,\"publisher\":{\"@id\":\"https:\/\/experienciadevida.com.ar\/portalurbano\/#organization\"},\"articleSection\":[\"Ciudad\",\"Destacadas\"],\"inLanguage\":\"es\"},{\"@type\":\"WebPage\",\"@id\":\"https:\/\/experienciadevida.com.ar\/portalurbano\/quedo-inaugurada-la-fase-dos-de-electrificacion-del-sector-industrial-planificado-los-fresnos\/\",\"url\":\"https:\/\/experienciadevida.com.ar\/portalurbano\/quedo-inaugurada-la-fase-dos-de-electrificacion-del-sector-industrial-planificado-los-fresnos\/\",\"name\":\"Qued\u00f3 inaugurada la fase dos de electrificaci\u00f3n de sector Los Fresnos\",\"isPartOf\":{\"@id\":\"https:\/\/experienciadevida.com.ar\/portalurbano\/#website\"},\"datePublished\":\"2021-02-11T00:28:45+00:00\",\"dateModified\":\"2021-02-11T00:32:29+00:00\",\"description\":\"Qued\u00f3 inaugurada la Fase Dos de electrificaci\u00f3n del Sector Industrial Planificado \u201cLos Fresnos\u201d el acto fue este mi\u00e9rcoles por la tardecita.\",\"breadcrumb\":{\"@id\":\"https:\/\/experienciadevida.com.ar\/portalurbano\/quedo-inaugurada-la-fase-dos-de-electrificacion-del-sector-industrial-planificado-los-fresnos\/#breadcrumb\"},\"inLanguage\":\"es\",\"potentialAction\":[{\"@type\":\"ReadAction\",\"target\":[\"https:\/\/experienciadevida.com.ar\/portalurbano\/quedo-inaugurada-la-fase-dos-de-electrificacion-del-sector-industrial-planificado-los-fresnos\/\"]}]},{\"@type\":\"BreadcrumbList\",\"@id\":\"https:\/\/experienciadevida.com.ar\/portalurbano\/quedo-inaugurada-la-fase-dos-de-electrificacion-del-sector-industrial-planificado-los-fresnos\/#breadcrumb\",\"itemListElement\":[{\"@type\":\"ListItem\",\"position\":1,\"name\":\"Portada\",\"item\":\"https:\/\/experienciadevida.com.ar\/portalurbano\/\"},{\"@type\":\"ListItem\",\"position\":2,\"name\":\"Qued\u00f3 inaugurada la Fase Dos de electrificaci\u00f3n del Sector Industrial Planificado \u201cLos Fresnos\u201d\"}]},{\"@type\":\"WebSite\",\"@id\":\"https:\/\/experienciadevida.com.ar\/portalurbano\/#website\",\"url\":\"https:\/\/experienciadevida.com.ar\/portalurbano\/\",\"name\":\"\",\"description\":\"\",\"publisher\":{\"@id\":\"https:\/\/experienciadevida.com.ar\/portalurbano\/#organization\"},\"potentialAction\":[{\"@type\":\"SearchAction\",\"target\":{\"@type\":\"EntryPoint\",\"urlTemplate\":\"https:\/\/experienciadevida.com.ar\/portalurbano\/?s={search_term_string}\"},\"query-input\":\"required name=search_term_string\"}],\"inLanguage\":\"es\"},{\"@type\":\"Organization\",\"@id\":\"https:\/\/experienciadevida.com.ar\/portalurbano\/#organization\",\"name\":\"Portal Urbano\",\"url\":\"https:\/\/experienciadevida.com.ar\/portalurbano\/\",\"logo\":{\"@type\":\"ImageObject\",\"inLanguage\":\"es\",\"@id\":\"https:\/\/experienciadevida.com.ar\/portalurbano\/#\/schema\/logo\/image\/\",\"url\":\"https:\/\/experienciadevida.com.ar\/portalurbano\/wp-content\/uploads\/2019\/09\/Logo-Original.png\",\"contentUrl\":\"https:\/\/experienciadevida.com.ar\/portalurbano\/wp-content\/uploads\/2019\/09\/Logo-Original.png\",\"width\":2236,\"height\":1216,\"caption\":\"Portal Urbano\"},\"image\":{\"@id\":\"https:\/\/experienciadevida.com.ar\/portalurbano\/#\/schema\/logo\/image\/\"},\"sameAs\":[\"https:\/\/www.facebook.com\/Portal-Urbano-171542830093757\/\",\"https:\/\/twitter.com\/portalurbanook\",\"https:\/\/www.instagram.com\/_portalurbano\/\",\"https:\/\/www.youtube.com\/channel\/UCXhagIfszH8KxFiOok79zbA?view_as=subscriber\"]},{\"@type\":\"Person\",\"@id\":\"https:\/\/experienciadevida.com.ar\/portalurbano\/#\/schema\/person\/02dd326b1c4b056e9cc972486934a3a7\",\"name\":\"admpu17wp\",\"image\":{\"@type\":\"ImageObject\",\"inLanguage\":\"es\",\"@id\":\"https:\/\/experienciadevida.com.ar\/portalurbano\/#\/schema\/person\/image\/\",\"url\":\"https:\/\/secure.gravatar.com\/avatar\/830d4c57adaae6630765e449a6908047?s=96&d=mm&r=g\",\"contentUrl\":\"https:\/\/secure.gravatar.com\/avatar\/830d4c57adaae6630765e449a6908047?s=96&d=mm&r=g\",\"caption\":\"admpu17wp\"}}]}<\/script>\n<!-- \/ Yoast SEO plugin. -->","yoast_head_json":{"title":"Qued\u00f3 inaugurada la fase dos de electrificaci\u00f3n de sector Los Fresnos","description":"Qued\u00f3 inaugurada la Fase Dos de electrificaci\u00f3n del Sector Industrial Planificado \u201cLos Fresnos\u201d el acto fue este mi\u00e9rcoles por la tardecita.","robots":{"index":"index","follow":"follow","max-snippet":"max-snippet:-1","max-image-preview":"max-image-preview:large","max-video-preview":"max-video-preview:-1"},"canonical":"https:\/\/experienciadevida.com.ar\/portalurbano\/quedo-inaugurada-la-fase-dos-de-electrificacion-del-sector-industrial-planificado-los-fresnos\/","og_locale":"es_ES","og_type":"article","og_title":"Qued\u00f3 inaugurada la fase dos de electrificaci\u00f3n de sector Los Fresnos","og_description":"Qued\u00f3 inaugurada la Fase Dos de electrificaci\u00f3n del Sector Industrial Planificado \u201cLos Fresnos\u201d el acto fue este mi\u00e9rcoles por la tardecita.","og_url":"https:\/\/experienciadevida.com.ar\/portalurbano\/quedo-inaugurada-la-fase-dos-de-electrificacion-del-sector-industrial-planificado-los-fresnos\/","article_publisher":"https:\/\/www.facebook.com\/Portal-Urbano-171542830093757\/","article_published_time":"2021-02-11T00:28:45+00:00","article_modified_time":"2021-02-11T00:32:29+00:00","og_image":[{"width":1280,"height":853,"url":"https:\/\/experienciadevida.com.ar\/portalurbano\/wp-content\/uploads\/2021\/02\/Quedo-inaugurada-la-Fase-Dos.jpeg","type":"image\/jpeg"}],"author":"admpu17wp","twitter_card":"summary_large_image","twitter_creator":"@portalurbanook","twitter_site":"@portalurbanook","twitter_misc":{"Escrito por":"admpu17wp","Tiempo de lectura":"4 minutos"},"schema":{"@context":"https:\/\/schema.org","@graph":[{"@type":"Article","@id":"https:\/\/experienciadevida.com.ar\/portalurbano\/quedo-inaugurada-la-fase-dos-de-electrificacion-del-sector-industrial-planificado-los-fresnos\/#article","isPartOf":{"@id":"https:\/\/experienciadevida.com.ar\/portalurbano\/quedo-inaugurada-la-fase-dos-de-electrificacion-del-sector-industrial-planificado-los-fresnos\/"},"author":{"name":"admpu17wp","@id":"https:\/\/experienciadevida.com.ar\/portalurbano\/#\/schema\/person\/02dd326b1c4b056e9cc972486934a3a7"},"headline":"Qued\u00f3 inaugurada la Fase Dos de electrificaci\u00f3n del Sector Industrial Planificado \u201cLos Fresnos\u201d","datePublished":"2021-02-11T00:28:45+00:00","dateModified":"2021-02-11T00:32:29+00:00","mainEntityOfPage":{"@id":"https:\/\/experienciadevida.com.ar\/portalurbano\/quedo-inaugurada-la-fase-dos-de-electrificacion-del-sector-industrial-planificado-los-fresnos\/"},"wordCount":692,"publisher":{"@id":"https:\/\/experienciadevida.com.ar\/portalurbano\/#organization"},"articleSection":["Ciudad","Destacadas"],"inLanguage":"es"},{"@type":"WebPage","@id":"https:\/\/experienciadevida.com.ar\/portalurbano\/quedo-inaugurada-la-fase-dos-de-electrificacion-del-sector-industrial-planificado-los-fresnos\/","url":"https:\/\/experienciadevida.com.ar\/portalurbano\/quedo-inaugurada-la-fase-dos-de-electrificacion-del-sector-industrial-planificado-los-fresnos\/","name":"Qued\u00f3 inaugurada la fase dos de electrificaci\u00f3n de sector Los Fresnos","isPartOf":{"@id":"https:\/\/experienciadevida.com.ar\/portalurbano\/#website"},"datePublished":"2021-02-11T00:28:45+00:00","dateModified":"2021-02-11T00:32:29+00:00","description":"Qued\u00f3 inaugurada la Fase Dos de electrificaci\u00f3n del Sector Industrial Planificado \u201cLos Fresnos\u201d el acto fue este mi\u00e9rcoles por la tardecita.","breadcrumb":{"@id":"https:\/\/experienciadevida.com.ar\/portalurbano\/quedo-inaugurada-la-fase-dos-de-electrificacion-del-sector-industrial-planificado-los-fresnos\/#breadcrumb"},"inLanguage":"es","potentialAction":[{"@type":"ReadAction","target":["https:\/\/experienciadevida.com.ar\/portalurbano\/quedo-inaugurada-la-fase-dos-de-electrificacion-del-sector-industrial-planificado-los-fresnos\/"]}]},{"@type":"BreadcrumbList","@id":"https:\/\/experienciadevida.com.ar\/portalurbano\/quedo-inaugurada-la-fase-dos-de-electrificacion-del-sector-industrial-planificado-los-fresnos\/#breadcrumb","itemListElement":[{"@type":"ListItem","position":1,"name":"Portada","item":"https:\/\/experienciadevida.com.ar\/portalurbano\/"},{"@type":"ListItem","position":2,"name":"Qued\u00f3 inaugurada la Fase Dos de electrificaci\u00f3n del Sector Industrial Planificado \u201cLos Fresnos\u201d"}]},{"@type":"WebSite","@id":"https:\/\/experienciadevida.com.ar\/portalurbano\/#website","url":"https:\/\/experienciadevida.com.ar\/portalurbano\/","name":"","description":"","publisher":{"@id":"https:\/\/experienciadevida.com.ar\/portalurbano\/#organization"},"potentialAction":[{"@type":"SearchAction","target":{"@type":"EntryPoint","urlTemplate":"https:\/\/experienciadevida.com.ar\/portalurbano\/?s={search_term_string}"},"query-input":"required name=search_term_string"}],"inLanguage":"es"},{"@type":"Organization","@id":"https:\/\/experienciadevida.com.ar\/portalurbano\/#organization","name":"Portal Urbano","url":"https:\/\/experienciadevida.com.ar\/portalurbano\/","logo":{"@type":"ImageObject","inLanguage":"es","@id":"https:\/\/experienciadevida.com.ar\/portalurbano\/#\/schema\/logo\/image\/","url":"https:\/\/experienciadevida.com.ar\/portalurbano\/wp-content\/uploads\/2019\/09\/Logo-Original.png","contentUrl":"https:\/\/experienciadevida.com.ar\/portalurbano\/wp-content\/uploads\/2019\/09\/Logo-Original.png","width":2236,"height":1216,"caption":"Portal Urbano"},"image":{"@id":"https:\/\/experienciadevida.com.ar\/portalurbano\/#\/schema\/logo\/image\/"},"sameAs":["https:\/\/www.facebook.com\/Portal-Urbano-171542830093757\/","https:\/\/twitter.com\/portalurbanook","https:\/\/www.instagram.com\/_portalurbano\/","https:\/\/www.youtube.com\/channel\/UCXhagIfszH8KxFiOok79zbA?view_as=subscriber"]},{"@type":"Person","@id":"https:\/\/experienciadevida.com.ar\/portalurbano\/#\/schema\/person\/02dd326b1c4b056e9cc972486934a3a7","name":"admpu17wp","image":{"@type":"ImageObject","inLanguage":"es","@id":"https:\/\/experienciadevida.com.ar\/portalurbano\/#\/schema\/person\/image\/","url":"https:\/\/secure.gravatar.com\/avatar\/830d4c57adaae6630765e449a6908047?s=96&d=mm&r=g","contentUrl":"https:\/\/secure.gravatar.com\/avatar\/830d4c57adaae6630765e449a6908047?s=96&d=mm&r=g","caption":"admpu17wp"}}]}},"featured_image_urls":{"full":["https:\/\/experienciadevida.com.ar\/portalurbano\/wp-content\/uploads\/2021\/02\/Quedo-inaugurada-la-Fase-Dos.jpeg",1280,853,false],"thumbnail":["https:\/\/experienciadevida.com.ar\/portalurbano\/wp-content\/uploads\/2021\/02\/Quedo-inaugurada-la-Fase-Dos-150x150.jpeg",150,150,true],"medium":["https:\/\/experienciadevida.com.ar\/portalurbano\/wp-content\/uploads\/2021\/02\/Quedo-inaugurada-la-Fase-Dos-300x200.jpeg",300,200,true],"medium_large":["https:\/\/experienciadevida.com.ar\/portalurbano\/wp-content\/uploads\/2021\/02\/Quedo-inaugurada-la-Fase-Dos-768x512.jpeg",640,427,true],"large":["https:\/\/experienciadevida.com.ar\/portalurbano\/wp-content\/uploads\/2021\/02\/Quedo-inaugurada-la-Fase-Dos-1024x682.jpeg",640,426,true],"ug_big":["https:\/\/experienciadevida.com.ar\/portalurbano\/wp-content\/uploads\/2021\/02\/Quedo-inaugurada-la-Fase-Dos-768x512.jpeg",768,512,true],"1536x1536":["https:\/\/experienciadevida.com.ar\/portalurbano\/wp-content\/uploads\/2021\/02\/Quedo-inaugurada-la-Fase-Dos.jpeg",1280,853,false],"2048x2048":["https:\/\/experienciadevida.com.ar\/portalurbano\/wp-content\/uploads\/2021\/02\/Quedo-inaugurada-la-Fase-Dos.jpeg",1280,853,false],"newsever-slider-full":["https:\/\/experienciadevida.com.ar\/portalurbano\/wp-content\/uploads\/2021\/02\/Quedo-inaugurada-la-Fase-Dos.jpeg",1268,845,false],"newsever-featured":["https:\/\/experienciadevida.com.ar\/portalurbano\/wp-content\/uploads\/2021\/02\/Quedo-inaugurada-la-Fase-Dos.jpeg",1024,682,false],"newsever-medium":["https:\/\/experienciadevida.com.ar\/portalurbano\/wp-content\/uploads\/2021\/02\/Quedo-inaugurada-la-Fase-Dos.jpeg",713,475,false],"web-stories-poster-portrait":["https:\/\/experienciadevida.com.ar\/portalurbano\/wp-content\/uploads\/2021\/02\/Quedo-inaugurada-la-Fase-Dos.jpeg",640,427,false],"web-stories-publisher-logo":["https:\/\/experienciadevida.com.ar\/portalurbano\/wp-content\/uploads\/2021\/02\/Quedo-inaugurada-la-Fase-Dos.jpeg",96,64,false],"web-stories-thumbnail":["https:\/\/experienciadevida.com.ar\/portalurbano\/wp-content\/uploads\/2021\/02\/Quedo-inaugurada-la-Fase-Dos.jpeg",150,100,false]},"author_info":{"display_name":"admpu17wp","author_link":"https:\/\/experienciadevida.com.ar\/portalurbano\/author\/admpu17wp\/"},"category_info":"<a href=\"https:\/\/experienciadevida.com.ar\/portalurbano\/category\/ciudad\/\" rel=\"category tag\">Ciudad<\/a> <a href=\"https:\/\/experienciadevida.com.ar\/portalurbano\/category\/destacadas\/\" rel=\"category tag\">Destacadas<\/a>","tag_info":"Destacadas","comment_count":"0","amp_enabled":true,"_links":{"self":[{"href":"https:\/\/experienciadevida.com.ar\/portalurbano\/wp-json\/wp\/v2\/posts\/134855"}],"collection":[{"href":"https:\/\/experienciadevida.com.ar\/portalurbano\/wp-json\/wp\/v2\/posts"}],"about":[{"href":"https:\/\/experienciadevida.com.ar\/portalurbano\/wp-json\/wp\/v2\/types\/post"}],"author":[{"embeddable":true,"href":"https:\/\/experienciadevida.com.ar\/portalurbano\/wp-json\/wp\/v2\/users\/1"}],"replies":[{"embeddable":true,"href":"https:\/\/experienciadevida.com.ar\/portalurbano\/wp-json\/wp\/v2\/comments?post=134855"}],"version-history":[{"count":3,"href":"https:\/\/experienciadevida.com.ar\/portalurbano\/wp-json\/wp\/v2\/posts\/134855\/revisions"}],"predecessor-version":[{"id":134862,"href":"https:\/\/experienciadevida.com.ar\/portalurbano\/wp-json\/wp\/v2\/posts\/134855\/revisions\/134862"}],"wp:featuredmedia":[{"embeddable":true,"href":"https:\/\/experienciadevida.com.ar\/portalurbano\/wp-json\/wp\/v2\/media\/134856"}],"wp:attachment":[{"href":"https:\/\/experienciadevida.com.ar\/portalurbano\/wp-json\/wp\/v2\/media?parent=134855"}],"wp:term":[{"taxonomy":"category","embeddable":true,"href":"https:\/\/experienciadevida.com.ar\/portalurbano\/wp-json\/wp\/v2\/categories?post=134855"},{"taxonomy":"post_tag","embeddable":true,"href":"https:\/\/experienciadevida.com.ar\/portalurbano\/wp-json\/wp\/v2\/tags?post=134855"}],"curies":[{"name":"wp","href":"https:\/\/api.w.org\/{rel}","templated":true}]}}