{"id":134815,"date":"2021-02-10T20:08:50","date_gmt":"2021-02-10T23:08:50","guid":{"rendered":"https:\/\/experienciadevida.com.ar\/portalurbano\/?p=134815"},"modified":"2021-02-10T21:00:32","modified_gmt":"2021-02-11T00:00:32","slug":"en-olavarria-tambien-marcharon-por-ursula","status":"publish","type":"post","link":"https:\/\/experienciadevida.com.ar\/portalurbano\/en-olavarria-tambien-marcharon-por-ursula\/","title":{"rendered":"En Olavarr\u00eda tambi\u00e9n marcharon por \u00darsula"},"content":{"rendered":"<p>En Olavarr\u00eda tambi\u00e9n marcharon por \u00darsula. El Femicidio ocurri\u00f3 en Rojas. La convocatoria\u00a0 en nuestra ciudad, fue en el Paseo Jes\u00fas Mend\u00eda a las 18hs.<\/p>\n<p>La convocatoria fue realizada por la Asamblea Feminista de Olavarr\u00eda, bajo la consigna ni una menos, varias\u00a0 \u00a0Olavarrienses se movilizaron por las calles de nuestra ciudad para alzar su voz por \u00darsula y todas las mujeres v\u00edctimas de femicidio.<\/p>\n<p>Este medio dialog\u00f3 con Florencia Caro de Luca, quien mencion\u00f3 <em>&#8220;no se puede creer que tengamos que seguir viniendo\u00a0 a decir siempre lo mismo, a reclamar que b\u00e1sicamente que\u00a0no nos maten, a reclamar a la justicia que realmente act\u00fae con perspectiva de g\u00e9nero, pedirle a la polic\u00eda que se capacite en materia de g\u00e9nero cuando hay leyes que as\u00ed lo aseguran, pero seguimos siendo siempre las mismas las que luchamos, la verdad que es momento de que los varones empiecen a comprometerse desde otro lugar, no alcanza con que no nos peguen, no alcanza con que no violen, es necesario que empiecen a discutir esto entre sus propios grupos de pertenencia&#8221;.<\/em><\/p>\n<p><em>&#8220;Enojarse por un femicidio porque lo ves en la televisi\u00f3n pero si a tu amigo lo denuncian sostenes que la denuncia es falsa, seguir mand\u00e1ndose fotos de mujeres desnudas en los grupos de Whatsap y ri\u00e9ndose de los chistes machistas son parte del problema&#8221;.<\/em><\/p>\n<p>Mencion\u00f3 &#8220;<em>es muy dif\u00edcil hablar en un d\u00eda como hoy porque ma\u00f1ana van a matar a otra. Tenemos un a\u00f1o\u00a0 en el que tuvimos m\u00e1s femicidios que d\u00edas en el a\u00f1o y este caso tom\u00f3 tanta repercusi\u00f3n porque muestra con mucha claridad c\u00f3mo cuando el estado falla esa mujer queda absolutamente desprotegida, quedamos a merced y la voluntad de un violento, que si decide ir a matarte no hay nada que lo pueda frenar. Necesitamos que entiendan que no solamente nos podemos proteger entre nosotras&#8221;.<\/em><\/p>\n<p><em>&#8220;\u00darsula hizo todo lo que ten\u00eda que hacer, 18 veces denunci\u00f3 entonces si hay un c\u00f3digo penal que en la primer denuncia por amenazas no vas detenido claramente hay un camino habilitado para que se cometa el femicidio&#8221;.<\/em><\/p>\n<p>Al finalizar dijo &#8220;<em>nos piden calma, nos piden que si nos enojamos mucho somos las locas, exageradas y estamos sumamente enojadas, hartas y nos sentimos muy desprotegidas por los organismos que nos tienen que cuidar que en este caso es la justicia y la polic\u00eda. Armamos redes de contenci\u00f3n entre nosotras, nuestras madres est\u00e1n preocupadas nuestras amigas nos preguntan si llegamos, y nada alcanza. Lo que quiero fortalecer es el compromiso de los varones, el mensaje es que se comprometan, porque son los varones quienes nos est\u00e1n matando&#8221;.<\/em><\/p>\n<p><span style=\"color: #0000ff;\">Las im\u00e1genes:<\/span><\/p>\n<p><a href=\"https:\/\/experienciadevida.com.ar\/portalurbano\/en-olavarria-tambien-marcharon-por-ursula\/ni-una-menos-4\/\" rel=\"attachment wp-att-134822\"><img decoding=\"async\" class=\"alignnone size-full wp-image-134822\" src=\"https:\/\/experienciadevida.com.ar\/portalurbano\/wp-content\/uploads\/2021\/02\/Ni-una-menos.jpg\" alt=\"\" width=\"765\" height=\"491\" srcset=\"https:\/\/experienciadevida.com.ar\/portalurbano\/wp-content\/uploads\/2021\/02\/Ni-una-menos.jpg 765w, https:\/\/experienciadevida.com.ar\/portalurbano\/wp-content\/uploads\/2021\/02\/Ni-una-menos-300x193.jpg 300w\" sizes=\"(max-width: 765px) 100vw, 765px\" \/><\/a><\/p>\n<p><a href=\"https:\/\/experienciadevida.com.ar\/portalurbano\/en-olavarria-tambien-marcharon-por-ursula\/ni-una-menos1\/\" rel=\"attachment wp-att-134823\"><img decoding=\"async\" class=\"alignnone size-full wp-image-134823\" src=\"https:\/\/experienciadevida.com.ar\/portalurbano\/wp-content\/uploads\/2021\/02\/Ni-una-menos1.jpg\" alt=\"\" width=\"765\" height=\"487\" srcset=\"https:\/\/experienciadevida.com.ar\/portalurbano\/wp-content\/uploads\/2021\/02\/Ni-una-menos1.jpg 765w, https:\/\/experienciadevida.com.ar\/portalurbano\/wp-content\/uploads\/2021\/02\/Ni-una-menos1-300x191.jpg 300w\" sizes=\"(max-width: 765px) 100vw, 765px\" \/><\/a><\/p>\n<p><a href=\"https:\/\/experienciadevida.com.ar\/portalurbano\/en-olavarria-tambien-marcharon-por-ursula\/ni-una-menos2\/\" rel=\"attachment wp-att-134824\"><img decoding=\"async\" class=\"alignnone size-full wp-image-134824\" src=\"https:\/\/experienciadevida.com.ar\/portalurbano\/wp-content\/uploads\/2021\/02\/Ni-una-menos2.jpg\" alt=\"\" width=\"765\" height=\"482\" srcset=\"https:\/\/experienciadevida.com.ar\/portalurbano\/wp-content\/uploads\/2021\/02\/Ni-una-menos2.jpg 765w, https:\/\/experienciadevida.com.ar\/portalurbano\/wp-content\/uploads\/2021\/02\/Ni-una-menos2-300x189.jpg 300w\" sizes=\"(max-width: 765px) 100vw, 765px\" \/><\/a><\/p>\n<p><a href=\"https:\/\/experienciadevida.com.ar\/portalurbano\/en-olavarria-tambien-marcharon-por-ursula\/ni-una-menos3\/\" rel=\"attachment wp-att-134825\"><img decoding=\"async\" class=\"alignnone size-full wp-image-134825\" src=\"https:\/\/experienciadevida.com.ar\/portalurbano\/wp-content\/uploads\/2021\/02\/Ni-una-menos3.jpg\" alt=\"\" width=\"765\" height=\"489\" srcset=\"https:\/\/experienciadevida.com.ar\/portalurbano\/wp-content\/uploads\/2021\/02\/Ni-una-menos3.jpg 765w, https:\/\/experienciadevida.com.ar\/portalurbano\/wp-content\/uploads\/2021\/02\/Ni-una-menos3-300x192.jpg 300w\" sizes=\"(max-width: 765px) 100vw, 765px\" \/><\/a><\/p>\n<p><a href=\"https:\/\/experienciadevida.com.ar\/portalurbano\/en-olavarria-tambien-marcharon-por-ursula\/ni-una-menos4\/\" rel=\"attachment wp-att-134826\"><img decoding=\"async\" class=\"alignnone size-full wp-image-134826\" src=\"https:\/\/experienciadevida.com.ar\/portalurbano\/wp-content\/uploads\/2021\/02\/Ni-una-menos4.jpg\" alt=\"\" width=\"765\" height=\"479\" srcset=\"https:\/\/experienciadevida.com.ar\/portalurbano\/wp-content\/uploads\/2021\/02\/Ni-una-menos4.jpg 765w, https:\/\/experienciadevida.com.ar\/portalurbano\/wp-content\/uploads\/2021\/02\/Ni-una-menos4-300x188.jpg 300w\" sizes=\"(max-width: 765px) 100vw, 765px\" \/><\/a><\/p>\n<p><a href=\"https:\/\/experienciadevida.com.ar\/portalurbano\/en-olavarria-tambien-marcharon-por-ursula\/ni-una-menos5\/\" rel=\"attachment wp-att-134827\"><img decoding=\"async\" class=\"alignnone size-full wp-image-134827\" src=\"https:\/\/experienciadevida.com.ar\/portalurbano\/wp-content\/uploads\/2021\/02\/Ni-una-menos5.jpg\" alt=\"\" width=\"765\" height=\"493\" srcset=\"https:\/\/experienciadevida.com.ar\/portalurbano\/wp-content\/uploads\/2021\/02\/Ni-una-menos5.jpg 765w, https:\/\/experienciadevida.com.ar\/portalurbano\/wp-content\/uploads\/2021\/02\/Ni-una-menos5-300x193.jpg 300w\" sizes=\"(max-width: 765px) 100vw, 765px\" \/><\/a><\/p>\n<p><a href=\"https:\/\/experienciadevida.com.ar\/portalurbano\/en-olavarria-tambien-marcharon-por-ursula\/ni-una-menos6\/\" rel=\"attachment wp-att-134828\"><img decoding=\"async\" class=\"alignnone size-full wp-image-134828\" src=\"https:\/\/experienciadevida.com.ar\/portalurbano\/wp-content\/uploads\/2021\/02\/Ni-una-menos6.jpg\" alt=\"\" width=\"765\" height=\"487\" srcset=\"https:\/\/experienciadevida.com.ar\/portalurbano\/wp-content\/uploads\/2021\/02\/Ni-una-menos6.jpg 765w, https:\/\/experienciadevida.com.ar\/portalurbano\/wp-content\/uploads\/2021\/02\/Ni-una-menos6-300x191.jpg 300w\" sizes=\"(max-width: 765px) 100vw, 765px\" \/><\/a><\/p>\n<p><a href=\"https:\/\/experienciadevida.com.ar\/portalurbano\/en-olavarria-tambien-marcharon-por-ursula\/ni-una-menos7\/\" rel=\"attachment wp-att-134829\"><img decoding=\"async\" class=\"alignnone size-full wp-image-134829\" src=\"https:\/\/experienciadevida.com.ar\/portalurbano\/wp-content\/uploads\/2021\/02\/Ni-una-menos7.jpg\" alt=\"\" width=\"765\" height=\"489\" srcset=\"https:\/\/experienciadevida.com.ar\/portalurbano\/wp-content\/uploads\/2021\/02\/Ni-una-menos7.jpg 765w, https:\/\/experienciadevida.com.ar\/portalurbano\/wp-content\/uploads\/2021\/02\/Ni-una-menos7-300x192.jpg 300w\" sizes=\"(max-width: 765px) 100vw, 765px\" \/><\/a><\/p>\n<p><a href=\"https:\/\/experienciadevida.com.ar\/portalurbano\/en-olavarria-tambien-marcharon-por-ursula\/ni-una-menos8\/\" rel=\"attachment wp-att-134830\"><img decoding=\"async\" class=\"alignnone size-full wp-image-134830\" src=\"https:\/\/experienciadevida.com.ar\/portalurbano\/wp-content\/uploads\/2021\/02\/Ni-una-menos8.jpg\" alt=\"\" width=\"765\" height=\"491\" srcset=\"https:\/\/experienciadevida.com.ar\/portalurbano\/wp-content\/uploads\/2021\/02\/Ni-una-menos8.jpg 765w, https:\/\/experienciadevida.com.ar\/portalurbano\/wp-content\/uploads\/2021\/02\/Ni-una-menos8-300x193.jpg 300w\" sizes=\"(max-width: 765px) 100vw, 765px\" \/><\/a><\/p>\n<p><a href=\"https:\/\/experienciadevida.com.ar\/portalurbano\/en-olavarria-tambien-marcharon-por-ursula\/ni-una-menos9\/\" rel=\"attachment wp-att-134831\"><img decoding=\"async\" class=\"alignnone size-full wp-image-134831\" src=\"https:\/\/experienciadevida.com.ar\/portalurbano\/wp-content\/uploads\/2021\/02\/Ni-una-menos9.jpg\" alt=\"\" width=\"765\" height=\"493\" srcset=\"https:\/\/experienciadevida.com.ar\/portalurbano\/wp-content\/uploads\/2021\/02\/Ni-una-menos9.jpg 765w, https:\/\/experienciadevida.com.ar\/portalurbano\/wp-content\/uploads\/2021\/02\/Ni-una-menos9-300x193.jpg 300w\" sizes=\"(max-width: 765px) 100vw, 765px\" \/><\/a><\/p>\n<p><a href=\"https:\/\/experienciadevida.com.ar\/portalurbano\/en-olavarria-tambien-marcharon-por-ursula\/ni-una-menos10\/\" rel=\"attachment wp-att-134832\"><img decoding=\"async\" class=\"alignnone size-full wp-image-134832\" src=\"https:\/\/experienciadevida.com.ar\/portalurbano\/wp-content\/uploads\/2021\/02\/Ni-una-menos10.jpg\" alt=\"\" width=\"765\" height=\"475\" srcset=\"https:\/\/experienciadevida.com.ar\/portalurbano\/wp-content\/uploads\/2021\/02\/Ni-una-menos10.jpg 765w, https:\/\/experienciadevida.com.ar\/portalurbano\/wp-content\/uploads\/2021\/02\/Ni-una-menos10-300x186.jpg 300w\" sizes=\"(max-width: 765px) 100vw, 765px\" \/><\/a><\/p>\n<p><a href=\"https:\/\/experienciadevida.com.ar\/portalurbano\/en-olavarria-tambien-marcharon-por-ursula\/ni-una-menos10-2\/\" rel=\"attachment wp-att-134833\"><img decoding=\"async\" class=\"alignnone size-full wp-image-134833\" src=\"https:\/\/experienciadevida.com.ar\/portalurbano\/wp-content\/uploads\/2021\/02\/Ni-una-menos10-1.jpg\" alt=\"\" width=\"765\" height=\"475\" srcset=\"https:\/\/experienciadevida.com.ar\/portalurbano\/wp-content\/uploads\/2021\/02\/Ni-una-menos10-1.jpg 765w, https:\/\/experienciadevida.com.ar\/portalurbano\/wp-content\/uploads\/2021\/02\/Ni-una-menos10-1-300x186.jpg 300w\" sizes=\"(max-width: 765px) 100vw, 765px\" \/><\/a><\/p>\n<div class=\"yrc-shell-cover yrc-single\" data-yrc-uid=\"69f0bbaa89b76\" data-yrc-channel=\"{&quot;meta&quot;:{&quot;user&quot;:&quot;Portal Urbano&quot;,&quot;channel&quot;:&quot;UCXhagIfszH8KxFiOok79zbA&quot;,&quot;key&quot;:&quot;yrc_1524317601&quot;,&quot;apikey&quot;:&quot;AIzaSyCEhi-95k6t1rX4pDVqugauM-UyTfNHj8Q&quot;,&quot;cache&quot;:&quot;180&quot;,&quot;channel_uploads&quot;:&quot;UUXhagIfszH8KxFiOok79zbA&quot;,&quot;onlyonce&quot;:&quot;&quot;,&quot;tag&quot;:&quot;&quot;,&quot;per_page&quot;:&quot;12&quot;,&quot;maxv&quot;:&quot;500&quot;,&quot;ads&quot;:&quot;1&quot;,&quot;uid&quot;:&quot;69f0bbaa89b76&quot;,&quot;nocookie&quot;:&quot;&quot;,&quot;single&quot;:true},&quot;style&quot;:{&quot;colors&quot;:{&quot;item&quot;:{&quot;background&quot;:&quot;inherit&quot;},&quot;button&quot;:{&quot;background&quot;:&quot;#333&quot;,&quot;color&quot;:&quot;#fff&quot;},&quot;color&quot;:{&quot;text&quot;:&quot;#fff&quot;,&quot;link&quot;:&quot;inherit&quot;,&quot;menu&quot;:&quot;#000&quot;,&quot;meta&quot;:&quot;inherit&quot;}},&quot;theme&quot;:{&quot;videos&quot;:{&quot;style&quot;:&quot;__grid&quot;,&quot;thumb&quot;:[&quot;large&quot;,&quot;open&quot;],&quot;desc&quot;:&quot;&quot;,&quot;carousel&quot;:{&quot;thumbs&quot;:&quot;4&quot;,&quot;thumbs_to_slide&quot;:&quot;2&quot;,&quot;spacing&quot;:&quot;8&quot;},&quot;carousel_nav&quot;:{&quot;modifier&quot;:&quot;__sides&quot;,&quot;position&quot;:&quot;left-none&quot;,&quot;location&quot;:&quot;prepend&quot;,&quot;background&quot;:&quot;#fff&quot;,&quot;color&quot;:&quot;#000&quot;,&quot;font_size&quot;:&quot;2&quot;,&quot;border_radius&quot;:&quot;0&quot;}},&quot;a&quot;:&quot;1&quot;},&quot;fit&quot;:&quot;false&quot;,&quot;playlists&quot;:&quot;true&quot;,&quot;uploads&quot;:&quot;true&quot;,&quot;player_mode&quot;:&quot;1&quot;,&quot;truncate&quot;:&quot;1&quot;,&quot;banner&quot;:&quot;true&quot;,&quot;thumb_margin&quot;:&quot;8&quot;,&quot;play_icon&quot;:&quot;&quot;,&quot;youtube_play_icon&quot;:&quot;&quot;,&quot;thumb_image_size&quot;:&quot;medium&quot;,&quot;default_tab&quot;:&quot;uploads&quot;,&quot;sticky&quot;:{&quot;enable&quot;:&quot;&quot;,&quot;width&quot;:&quot;400&quot;,&quot;position&quot;:&quot;bottom-right&quot;,&quot;only_above&quot;:&quot;768&quot;,&quot;margin&quot;:&quot;12&quot;},&quot;player&quot;:{&quot;show_desc&quot;:&quot;&quot;,&quot;show_meta&quot;:&quot;&quot;},&quot;menu&quot;:&quot;1&quot;,&quot;rating_style&quot;:&quot;NaN&quot;,&quot;rtl&quot;:false}}\" data-yrc-setup=\"\"><\/div>\r\n\t\t\t<script data-cfasync=\"false\" type=\"text\/javascript\">\r\n\t\t\t\tif( !window.YRC ) var YRC = {Data:{}};\r\n\t\t\t\tYRC.Data[\"69f0bbaa89b76\"] = {\"video\":\"HPLfyZkttLc\"};\r\n\t\t\t\t(function(){\r\n\t\t\t\t\tif(!YRC.loaded){\r\n\t\t\t\t\t    YRC.loaded = true;\r\n\t\t\t\t\t\tfunction YRC_Loader(){\r\n\t\t\t\t\t\t\t\/\/YRC.loaded = true;\r\n\t\t\t\t\t\t\tYRC.is_pro = false;\r\n\t\t\t\t\t\t\tYRC.is_pb = false;\r\n\t\t\t\t\t\t\tYRC.lang = {\"form\":{\"Videos\":\"Videos\",\"Playlists\":\"Playlists\",\"Search\":\"Search\",\"Loading\":\"Loading\",\"more\":\"more\",\"Nothing_found\":\"Nothing found\",\"Prev\":\"Previous\",\"Next\":\"Next\",\"consent_statement\":\"Allow cookies?\",\"consent_button\":\"Allow\",\"consent_privacy_policy\":\"Privacy policy\"},\"fui\":{\"sort_by\":\"Sort by\",\"relevant\":\"Relevant\",\"latest\":\"Latest\",\"liked\":\"Liked\",\"title\":\"Title\",\"views\":\"Views\",\"duration\":\"Duration\",\"any\":\"Any\",\"_short\":\"Short\",\"medium\":\"Medium\",\"_long\":\"Long\",\"uploaded\":\"Uploaded\",\"all_time\":\"All time\",\"live_now\":\"Live Now\",\"today\":\"Today\",\"ago\":\"ago\",\"last\":\"Last\",\"day\":\"day\",\"days\":\"days\",\"week\":\"week\",\"weeks\":\"weeks\",\"month\":\"month\",\"months\":\"months\",\"year\":\"year\",\"years\":\"years\",\"older\":\"Older\",\"show_more\":\"Show More\",\"show_less\":\"Show Less\",\"reply\":\"REPLY\",\"view_replies\":\"View replies\",\"write_comment\":\"Write comment...\",\"billion\":\"B\",\"million\":\"M\",\"thousand\":\"K\",\"max_plain_number\":1000,\"wplocale\":\"es_ES\"}};\r\n\t\t\t\t\t\t\tYRC.is_admin = false;\r\n\t\t\t\t\t\t\tvar script = document.createElement(\"script\");\r\n\t\t\t\t\t\t\t\tscript.setAttribute(\"data-cfasync\", \"false\");\r\n\t\t\t\t\t\t\t\tscript.setAttribute(\"type\", \"text\/javascript\");\r\n\t\t\t\t\t\t\t\tscript.src = \"https:\/\/experienciadevida.com.ar\/portalurbano\/wp-content\/plugins\/yourchannel\/js\/yrc.js?1.2.6\";\r\n\t\t\t\t\t\t\t\tscript.id = \"yrc-script\";\r\n\t\t\t\t\t\t\t\tdocument.querySelector(\"head\").appendChild(script);\r\n\t\t\t\t\t\t\tvar style = document.createElement(\"link\");\r\n\t\t\t\t\t\t\t\tstyle.rel = \"stylesheet\";\r\n\t\t\t\t\t\t\t\tstyle.href = \"https:\/\/experienciadevida.com.ar\/portalurbano\/wp-content\/plugins\/yourchannel\/css\/style.css?1.2.6\";\r\n\t\t\t\t\t\t\t\tstyle.type = \"text\/css\";\r\n\t\t\t\t\t\t\t\tdocument.querySelector(\"head\").appendChild(style);\r\n\t\t\t\t\t\t}\r\n\t\t\t\t\t\tif(window.jQuery){YRC_Loader();}else { var yrctimer2324 = window.setInterval(function(){\r\n\t\t\t\t\t\t\tif(window.jQuery){YRC_Loader(); window.clearInterval(yrctimer2324); }\r\n\t\t\t\t\t\t}, 250);}\r\n\t\t\t\t\t} else {if(YRC.EM)YRC.EM.trigger(\"yrc.newchannel\");}\r\n\t\t\t\t}());<\/script>\n","protected":false},"excerpt":{"rendered":"<p>En Olavarr\u00eda tambi\u00e9n marcharon por \u00darsula. El Femicidio ocurri\u00f3 en Rojas. La convocatoria\u00a0 en nuestra&#8230;<\/p>\n","protected":false},"author":1,"featured_media":134816,"comment_status":"closed","ping_status":"closed","sticky":false,"template":"","format":"standard","meta":{"content-type":""},"categories":[27,64],"tags":[],"nelio_content":{"isAutoShareEnabled":false,"autoShareEndMode":"default","automationSources":{"useContentSentences":true,"useSocialTemplates":true,"useCustomSentences":false,"customSentences":[]},"followers":[1],"suggestedReferences":[],"includedReferences":[],"efiUrl":"","efiAlt":"","highlights":[]},"yoast_head":"<!-- This site is optimized with the Yoast SEO plugin v20.7 - https:\/\/yoast.com\/wordpress\/plugins\/seo\/ -->\n<title>En Olavarr\u00eda tambi\u00e9n marcharon por las calles, por \u00darsula<\/title>\n<meta name=\"description\" content=\"En Olavarr\u00eda tambi\u00e9n marcharon por \u00darsula. El Femicidio ocurri\u00f3 en Rojas. La convocatoria\u00a0 en nuestra ciudad fue a las 18hs\" \/>\n<meta name=\"robots\" content=\"index, follow, max-snippet:-1, max-image-preview:large, max-video-preview:-1\" \/>\n<link rel=\"canonical\" href=\"https:\/\/experienciadevida.com.ar\/portalurbano\/en-olavarria-tambien-marcharon-por-ursula\/\" \/>\n<meta property=\"og:locale\" content=\"es_ES\" \/>\n<meta property=\"og:type\" content=\"article\" \/>\n<meta property=\"og:title\" content=\"En Olavarr\u00eda tambi\u00e9n marcharon por las calles, por \u00darsula\" \/>\n<meta property=\"og:description\" content=\"En Olavarr\u00eda tambi\u00e9n marcharon por \u00darsula. El Femicidio ocurri\u00f3 en Rojas. La convocatoria\u00a0 en nuestra ciudad fue a las 18hs\" \/>\n<meta property=\"og:url\" content=\"https:\/\/experienciadevida.com.ar\/portalurbano\/en-olavarria-tambien-marcharon-por-ursula\/\" \/>\n<meta property=\"article:publisher\" content=\"https:\/\/www.facebook.com\/Portal-Urbano-171542830093757\/\" \/>\n<meta property=\"article:published_time\" content=\"2021-02-10T23:08:50+00:00\" \/>\n<meta property=\"article:modified_time\" content=\"2021-02-11T00:00:32+00:00\" \/>\n<meta property=\"og:image\" content=\"https:\/\/experienciadevida.com.ar\/portalurbano\/wp-content\/uploads\/2021\/02\/Ni-una-menos11.jpg\" \/>\n\t<meta property=\"og:image:width\" content=\"765\" \/>\n\t<meta property=\"og:image:height\" content=\"479\" \/>\n\t<meta property=\"og:image:type\" content=\"image\/jpeg\" \/>\n<meta name=\"author\" content=\"admpu17wp\" \/>\n<meta name=\"twitter:card\" content=\"summary_large_image\" \/>\n<meta name=\"twitter:creator\" content=\"@portalurbanook\" \/>\n<meta name=\"twitter:site\" content=\"@portalurbanook\" \/>\n<meta name=\"twitter:label1\" content=\"Escrito por\" \/>\n\t<meta name=\"twitter:data1\" content=\"admpu17wp\" \/>\n\t<meta name=\"twitter:label2\" content=\"Tiempo de lectura\" \/>\n\t<meta name=\"twitter:data2\" content=\"5 minutos\" \/>\n<script type=\"application\/ld+json\" class=\"yoast-schema-graph\">{\"@context\":\"https:\/\/schema.org\",\"@graph\":[{\"@type\":\"Article\",\"@id\":\"https:\/\/experienciadevida.com.ar\/portalurbano\/en-olavarria-tambien-marcharon-por-ursula\/#article\",\"isPartOf\":{\"@id\":\"https:\/\/experienciadevida.com.ar\/portalurbano\/en-olavarria-tambien-marcharon-por-ursula\/\"},\"author\":{\"name\":\"admpu17wp\",\"@id\":\"https:\/\/experienciadevida.com.ar\/portalurbano\/#\/schema\/person\/02dd326b1c4b056e9cc972486934a3a7\"},\"headline\":\"En Olavarr\u00eda tambi\u00e9n marcharon por \u00darsula\",\"datePublished\":\"2021-02-10T23:08:50+00:00\",\"dateModified\":\"2021-02-11T00:00:32+00:00\",\"mainEntityOfPage\":{\"@id\":\"https:\/\/experienciadevida.com.ar\/portalurbano\/en-olavarria-tambien-marcharon-por-ursula\/\"},\"wordCount\":479,\"publisher\":{\"@id\":\"https:\/\/experienciadevida.com.ar\/portalurbano\/#organization\"},\"articleSection\":[\"Ciudad\",\"Destacadas 2\"],\"inLanguage\":\"es\"},{\"@type\":\"WebPage\",\"@id\":\"https:\/\/experienciadevida.com.ar\/portalurbano\/en-olavarria-tambien-marcharon-por-ursula\/\",\"url\":\"https:\/\/experienciadevida.com.ar\/portalurbano\/en-olavarria-tambien-marcharon-por-ursula\/\",\"name\":\"En Olavarr\u00eda tambi\u00e9n marcharon por las calles, por \u00darsula\",\"isPartOf\":{\"@id\":\"https:\/\/experienciadevida.com.ar\/portalurbano\/#website\"},\"datePublished\":\"2021-02-10T23:08:50+00:00\",\"dateModified\":\"2021-02-11T00:00:32+00:00\",\"description\":\"En Olavarr\u00eda tambi\u00e9n marcharon por \u00darsula. El Femicidio ocurri\u00f3 en Rojas. La convocatoria\u00a0 en nuestra ciudad fue a las 18hs\",\"breadcrumb\":{\"@id\":\"https:\/\/experienciadevida.com.ar\/portalurbano\/en-olavarria-tambien-marcharon-por-ursula\/#breadcrumb\"},\"inLanguage\":\"es\",\"potentialAction\":[{\"@type\":\"ReadAction\",\"target\":[\"https:\/\/experienciadevida.com.ar\/portalurbano\/en-olavarria-tambien-marcharon-por-ursula\/\"]}]},{\"@type\":\"BreadcrumbList\",\"@id\":\"https:\/\/experienciadevida.com.ar\/portalurbano\/en-olavarria-tambien-marcharon-por-ursula\/#breadcrumb\",\"itemListElement\":[{\"@type\":\"ListItem\",\"position\":1,\"name\":\"Portada\",\"item\":\"https:\/\/experienciadevida.com.ar\/portalurbano\/\"},{\"@type\":\"ListItem\",\"position\":2,\"name\":\"En Olavarr\u00eda tambi\u00e9n marcharon por \u00darsula\"}]},{\"@type\":\"WebSite\",\"@id\":\"https:\/\/experienciadevida.com.ar\/portalurbano\/#website\",\"url\":\"https:\/\/experienciadevida.com.ar\/portalurbano\/\",\"name\":\"\",\"description\":\"\",\"publisher\":{\"@id\":\"https:\/\/experienciadevida.com.ar\/portalurbano\/#organization\"},\"potentialAction\":[{\"@type\":\"SearchAction\",\"target\":{\"@type\":\"EntryPoint\",\"urlTemplate\":\"https:\/\/experienciadevida.com.ar\/portalurbano\/?s={search_term_string}\"},\"query-input\":\"required name=search_term_string\"}],\"inLanguage\":\"es\"},{\"@type\":\"Organization\",\"@id\":\"https:\/\/experienciadevida.com.ar\/portalurbano\/#organization\",\"name\":\"Portal Urbano\",\"url\":\"https:\/\/experienciadevida.com.ar\/portalurbano\/\",\"logo\":{\"@type\":\"ImageObject\",\"inLanguage\":\"es\",\"@id\":\"https:\/\/experienciadevida.com.ar\/portalurbano\/#\/schema\/logo\/image\/\",\"url\":\"https:\/\/experienciadevida.com.ar\/portalurbano\/wp-content\/uploads\/2019\/09\/Logo-Original.png\",\"contentUrl\":\"https:\/\/experienciadevida.com.ar\/portalurbano\/wp-content\/uploads\/2019\/09\/Logo-Original.png\",\"width\":2236,\"height\":1216,\"caption\":\"Portal Urbano\"},\"image\":{\"@id\":\"https:\/\/experienciadevida.com.ar\/portalurbano\/#\/schema\/logo\/image\/\"},\"sameAs\":[\"https:\/\/www.facebook.com\/Portal-Urbano-171542830093757\/\",\"https:\/\/twitter.com\/portalurbanook\",\"https:\/\/www.instagram.com\/_portalurbano\/\",\"https:\/\/www.youtube.com\/channel\/UCXhagIfszH8KxFiOok79zbA?view_as=subscriber\"]},{\"@type\":\"Person\",\"@id\":\"https:\/\/experienciadevida.com.ar\/portalurbano\/#\/schema\/person\/02dd326b1c4b056e9cc972486934a3a7\",\"name\":\"admpu17wp\",\"image\":{\"@type\":\"ImageObject\",\"inLanguage\":\"es\",\"@id\":\"https:\/\/experienciadevida.com.ar\/portalurbano\/#\/schema\/person\/image\/\",\"url\":\"https:\/\/secure.gravatar.com\/avatar\/830d4c57adaae6630765e449a6908047?s=96&d=mm&r=g\",\"contentUrl\":\"https:\/\/secure.gravatar.com\/avatar\/830d4c57adaae6630765e449a6908047?s=96&d=mm&r=g\",\"caption\":\"admpu17wp\"}}]}<\/script>\n<!-- \/ Yoast SEO plugin. -->","yoast_head_json":{"title":"En Olavarr\u00eda tambi\u00e9n marcharon por las calles, por \u00darsula","description":"En Olavarr\u00eda tambi\u00e9n marcharon por \u00darsula. El Femicidio ocurri\u00f3 en Rojas. La convocatoria\u00a0 en nuestra ciudad fue a las 18hs","robots":{"index":"index","follow":"follow","max-snippet":"max-snippet:-1","max-image-preview":"max-image-preview:large","max-video-preview":"max-video-preview:-1"},"canonical":"https:\/\/experienciadevida.com.ar\/portalurbano\/en-olavarria-tambien-marcharon-por-ursula\/","og_locale":"es_ES","og_type":"article","og_title":"En Olavarr\u00eda tambi\u00e9n marcharon por las calles, por \u00darsula","og_description":"En Olavarr\u00eda tambi\u00e9n marcharon por \u00darsula. El Femicidio ocurri\u00f3 en Rojas. La convocatoria\u00a0 en nuestra ciudad fue a las 18hs","og_url":"https:\/\/experienciadevida.com.ar\/portalurbano\/en-olavarria-tambien-marcharon-por-ursula\/","article_publisher":"https:\/\/www.facebook.com\/Portal-Urbano-171542830093757\/","article_published_time":"2021-02-10T23:08:50+00:00","article_modified_time":"2021-02-11T00:00:32+00:00","og_image":[{"width":765,"height":479,"url":"https:\/\/experienciadevida.com.ar\/portalurbano\/wp-content\/uploads\/2021\/02\/Ni-una-menos11.jpg","type":"image\/jpeg"}],"author":"admpu17wp","twitter_card":"summary_large_image","twitter_creator":"@portalurbanook","twitter_site":"@portalurbanook","twitter_misc":{"Escrito por":"admpu17wp","Tiempo de lectura":"5 minutos"},"schema":{"@context":"https:\/\/schema.org","@graph":[{"@type":"Article","@id":"https:\/\/experienciadevida.com.ar\/portalurbano\/en-olavarria-tambien-marcharon-por-ursula\/#article","isPartOf":{"@id":"https:\/\/experienciadevida.com.ar\/portalurbano\/en-olavarria-tambien-marcharon-por-ursula\/"},"author":{"name":"admpu17wp","@id":"https:\/\/experienciadevida.com.ar\/portalurbano\/#\/schema\/person\/02dd326b1c4b056e9cc972486934a3a7"},"headline":"En Olavarr\u00eda tambi\u00e9n marcharon por \u00darsula","datePublished":"2021-02-10T23:08:50+00:00","dateModified":"2021-02-11T00:00:32+00:00","mainEntityOfPage":{"@id":"https:\/\/experienciadevida.com.ar\/portalurbano\/en-olavarria-tambien-marcharon-por-ursula\/"},"wordCount":479,"publisher":{"@id":"https:\/\/experienciadevida.com.ar\/portalurbano\/#organization"},"articleSection":["Ciudad","Destacadas 2"],"inLanguage":"es"},{"@type":"WebPage","@id":"https:\/\/experienciadevida.com.ar\/portalurbano\/en-olavarria-tambien-marcharon-por-ursula\/","url":"https:\/\/experienciadevida.com.ar\/portalurbano\/en-olavarria-tambien-marcharon-por-ursula\/","name":"En Olavarr\u00eda tambi\u00e9n marcharon por las calles, por \u00darsula","isPartOf":{"@id":"https:\/\/experienciadevida.com.ar\/portalurbano\/#website"},"datePublished":"2021-02-10T23:08:50+00:00","dateModified":"2021-02-11T00:00:32+00:00","description":"En Olavarr\u00eda tambi\u00e9n marcharon por \u00darsula. El Femicidio ocurri\u00f3 en Rojas. La convocatoria\u00a0 en nuestra ciudad fue a las 18hs","breadcrumb":{"@id":"https:\/\/experienciadevida.com.ar\/portalurbano\/en-olavarria-tambien-marcharon-por-ursula\/#breadcrumb"},"inLanguage":"es","potentialAction":[{"@type":"ReadAction","target":["https:\/\/experienciadevida.com.ar\/portalurbano\/en-olavarria-tambien-marcharon-por-ursula\/"]}]},{"@type":"BreadcrumbList","@id":"https:\/\/experienciadevida.com.ar\/portalurbano\/en-olavarria-tambien-marcharon-por-ursula\/#breadcrumb","itemListElement":[{"@type":"ListItem","position":1,"name":"Portada","item":"https:\/\/experienciadevida.com.ar\/portalurbano\/"},{"@type":"ListItem","position":2,"name":"En Olavarr\u00eda tambi\u00e9n marcharon por \u00darsula"}]},{"@type":"WebSite","@id":"https:\/\/experienciadevida.com.ar\/portalurbano\/#website","url":"https:\/\/experienciadevida.com.ar\/portalurbano\/","name":"","description":"","publisher":{"@id":"https:\/\/experienciadevida.com.ar\/portalurbano\/#organization"},"potentialAction":[{"@type":"SearchAction","target":{"@type":"EntryPoint","urlTemplate":"https:\/\/experienciadevida.com.ar\/portalurbano\/?s={search_term_string}"},"query-input":"required name=search_term_string"}],"inLanguage":"es"},{"@type":"Organization","@id":"https:\/\/experienciadevida.com.ar\/portalurbano\/#organization","name":"Portal Urbano","url":"https:\/\/experienciadevida.com.ar\/portalurbano\/","logo":{"@type":"ImageObject","inLanguage":"es","@id":"https:\/\/experienciadevida.com.ar\/portalurbano\/#\/schema\/logo\/image\/","url":"https:\/\/experienciadevida.com.ar\/portalurbano\/wp-content\/uploads\/2019\/09\/Logo-Original.png","contentUrl":"https:\/\/experienciadevida.com.ar\/portalurbano\/wp-content\/uploads\/2019\/09\/Logo-Original.png","width":2236,"height":1216,"caption":"Portal Urbano"},"image":{"@id":"https:\/\/experienciadevida.com.ar\/portalurbano\/#\/schema\/logo\/image\/"},"sameAs":["https:\/\/www.facebook.com\/Portal-Urbano-171542830093757\/","https:\/\/twitter.com\/portalurbanook","https:\/\/www.instagram.com\/_portalurbano\/","https:\/\/www.youtube.com\/channel\/UCXhagIfszH8KxFiOok79zbA?view_as=subscriber"]},{"@type":"Person","@id":"https:\/\/experienciadevida.com.ar\/portalurbano\/#\/schema\/person\/02dd326b1c4b056e9cc972486934a3a7","name":"admpu17wp","image":{"@type":"ImageObject","inLanguage":"es","@id":"https:\/\/experienciadevida.com.ar\/portalurbano\/#\/schema\/person\/image\/","url":"https:\/\/secure.gravatar.com\/avatar\/830d4c57adaae6630765e449a6908047?s=96&d=mm&r=g","contentUrl":"https:\/\/secure.gravatar.com\/avatar\/830d4c57adaae6630765e449a6908047?s=96&d=mm&r=g","caption":"admpu17wp"}}]}},"featured_image_urls":{"full":["https:\/\/experienciadevida.com.ar\/portalurbano\/wp-content\/uploads\/2021\/02\/Ni-una-menos11.jpg",765,479,false],"thumbnail":["https:\/\/experienciadevida.com.ar\/portalurbano\/wp-content\/uploads\/2021\/02\/Ni-una-menos11-150x150.jpg",150,150,true],"medium":["https:\/\/experienciadevida.com.ar\/portalurbano\/wp-content\/uploads\/2021\/02\/Ni-una-menos11-300x188.jpg",300,188,true],"medium_large":["https:\/\/experienciadevida.com.ar\/portalurbano\/wp-content\/uploads\/2021\/02\/Ni-una-menos11.jpg",640,401,false],"large":["https:\/\/experienciadevida.com.ar\/portalurbano\/wp-content\/uploads\/2021\/02\/Ni-una-menos11.jpg",640,401,false],"ug_big":["https:\/\/experienciadevida.com.ar\/portalurbano\/wp-content\/uploads\/2021\/02\/Ni-una-menos11.jpg",765,479,false],"1536x1536":["https:\/\/experienciadevida.com.ar\/portalurbano\/wp-content\/uploads\/2021\/02\/Ni-una-menos11.jpg",765,479,false],"2048x2048":["https:\/\/experienciadevida.com.ar\/portalurbano\/wp-content\/uploads\/2021\/02\/Ni-una-menos11.jpg",765,479,false],"newsever-slider-full":["https:\/\/experienciadevida.com.ar\/portalurbano\/wp-content\/uploads\/2021\/02\/Ni-una-menos11.jpg",765,479,false],"newsever-featured":["https:\/\/experienciadevida.com.ar\/portalurbano\/wp-content\/uploads\/2021\/02\/Ni-una-menos11.jpg",765,479,false],"newsever-medium":["https:\/\/experienciadevida.com.ar\/portalurbano\/wp-content\/uploads\/2021\/02\/Ni-una-menos11.jpg",720,451,false],"web-stories-poster-portrait":["https:\/\/experienciadevida.com.ar\/portalurbano\/wp-content\/uploads\/2021\/02\/Ni-una-menos11.jpg",640,401,false],"web-stories-publisher-logo":["https:\/\/experienciadevida.com.ar\/portalurbano\/wp-content\/uploads\/2021\/02\/Ni-una-menos11.jpg",96,60,false],"web-stories-thumbnail":["https:\/\/experienciadevida.com.ar\/portalurbano\/wp-content\/uploads\/2021\/02\/Ni-una-menos11.jpg",150,94,false]},"author_info":{"display_name":"admpu17wp","author_link":"https:\/\/experienciadevida.com.ar\/portalurbano\/author\/admpu17wp\/"},"category_info":"<a href=\"https:\/\/experienciadevida.com.ar\/portalurbano\/category\/ciudad\/\" rel=\"category tag\">Ciudad<\/a> <a href=\"https:\/\/experienciadevida.com.ar\/portalurbano\/category\/destacadas-2\/\" rel=\"category tag\">Destacadas 2<\/a>","tag_info":"Destacadas 2","comment_count":"0","amp_enabled":true,"_links":{"self":[{"href":"https:\/\/experienciadevida.com.ar\/portalurbano\/wp-json\/wp\/v2\/posts\/134815"}],"collection":[{"href":"https:\/\/experienciadevida.com.ar\/portalurbano\/wp-json\/wp\/v2\/posts"}],"about":[{"href":"https:\/\/experienciadevida.com.ar\/portalurbano\/wp-json\/wp\/v2\/types\/post"}],"author":[{"embeddable":true,"href":"https:\/\/experienciadevida.com.ar\/portalurbano\/wp-json\/wp\/v2\/users\/1"}],"replies":[{"embeddable":true,"href":"https:\/\/experienciadevida.com.ar\/portalurbano\/wp-json\/wp\/v2\/comments?post=134815"}],"version-history":[{"count":7,"href":"https:\/\/experienciadevida.com.ar\/portalurbano\/wp-json\/wp\/v2\/posts\/134815\/revisions"}],"predecessor-version":[{"id":134839,"href":"https:\/\/experienciadevida.com.ar\/portalurbano\/wp-json\/wp\/v2\/posts\/134815\/revisions\/134839"}],"wp:featuredmedia":[{"embeddable":true,"href":"https:\/\/experienciadevida.com.ar\/portalurbano\/wp-json\/wp\/v2\/media\/134816"}],"wp:attachment":[{"href":"https:\/\/experienciadevida.com.ar\/portalurbano\/wp-json\/wp\/v2\/media?parent=134815"}],"wp:term":[{"taxonomy":"category","embeddable":true,"href":"https:\/\/experienciadevida.com.ar\/portalurbano\/wp-json\/wp\/v2\/categories?post=134815"},{"taxonomy":"post_tag","embeddable":true,"href":"https:\/\/experienciadevida.com.ar\/portalurbano\/wp-json\/wp\/v2\/tags?post=134815"}],"curies":[{"name":"wp","href":"https:\/\/api.w.org\/{rel}","templated":true}]}}