{"id":134768,"date":"2021-02-10T10:36:34","date_gmt":"2021-02-10T13:36:34","guid":{"rendered":"https:\/\/experienciadevida.com.ar\/portalurbano\/?p=134768"},"modified":"2021-02-10T10:52:10","modified_gmt":"2021-02-10T13:52:10","slug":"renovacion-peronista-presento-un-proyecto-para-adherir-al-decreto-provincial-2021-como-ano-de-la-salud-y-del-personal-sanitario","status":"publish","type":"post","link":"https:\/\/experienciadevida.com.ar\/portalurbano\/renovacion-peronista-presento-un-proyecto-para-adherir-al-decreto-provincial-2021-como-ano-de-la-salud-y-del-personal-sanitario\/","title":{"rendered":"Renovaci\u00f3n Peronista present\u00f3 un proyecto para adherir al decreto provincial 2021 como \u201cA\u00f1o de la salud y del personal sanitario\u201d"},"content":{"rendered":"<p><a href=\"https:\/\/www.facebook.com\/RenovacionPeronistaOlav\">Renovaci\u00f3n Peronista<\/a> present\u00f3 un proyecto para adherir al decreto provincial 2021 como \u201cA\u00f1o de la salud y del personal sanitario\u201d. En relaci\u00f3n a la sanci\u00f3n del Decreto Provincial N\u00ba 3\/2021 declarando al 2021 como a\u00f1o de la salud y del personal sanitario.<\/p>\n<p>Los concejales Germ\u00e1n Aramburu y Alicia Almada (Renovaci\u00f3n Peronista) buscan adherir a nivel local para reconocer al personal de salud de Olavarr\u00eda quien ha desempe\u00f1ado sus funciones con la mayor responsabilidad y asumiendo un riesgo para s\u00ed mismo y sus familiares.<\/p>\n<p>En los considerandos de la propuesta legislativa presentada en el Concejo Deliberante, se destaca la labor de los profesionales de la salud, personal administrativo y del \u00e1rea de mantenimiento en momentos cr\u00edticos de la ciudad como por ejemplo la suba de casos de Covid-19.<\/p>\n<p>En este sentido, se trabaj\u00f3 \u201cen la misma l\u00ednea que la Organizaci\u00f3n Mundial de la Salud (OMS)\u201d y la declaraci\u00f3n provincial a cargo del gobernador Kicillof \u201cen reconocimiento y gratitud a los y las trabajadoras del \u00e1rea por su conciencia, trabajo y compromiso en favor del bien com\u00fan\u201d.<\/p>\n<p>Renovaci\u00f3n Peronista present\u00f3 un proyecto para adherir el decreto destaca \u201cla calidad, el empe\u00f1o y la dedicaci\u00f3n mantenidos por los trabajadores y las trabajadoras de la salud\u201d para combatir a la pandemia del COVID-19 en todo el territorio nacional y en la Provincia en particular.<\/p>\n<p>Si lo trasladamos a nivel local, es de resaltar \u201cuna lucha inquebrantable para cuidar a los y las olavarrienses en la pandemia del COVID, asumiendo no solo el riesgo para s\u00ed mismo sino tambi\u00e9n para los miembros de su familia, priorizando el inter\u00e9s del pr\u00f3jimo por sobre el suyo\u201d seg\u00fan expresa la normativa.<\/p>\n<p>Es por ello que desde el bloque Renovaci\u00f3n Peronista se pidi\u00f3 en el HCD que seg\u00fan el art\u00edculo 1 \u201cInstit\u00fayase el a\u00f1o 2021 como a\u00f1o de la salud y del personal sanitario adem\u00e1s que la documentaci\u00f3n oficial del Honorable Concejo Deliberante de la ciudad de Olavarr\u00eda incorpore en su membrete la leyenda antes mencionada en reconocimiento al personal de salud.<\/p>\n","protected":false},"excerpt":{"rendered":"<p>Renovaci\u00f3n Peronista present\u00f3 un proyecto para adherir al decreto provincial 2021 como \u201cA\u00f1o de la&#8230;<\/p>\n","protected":false},"author":1,"featured_media":134769,"comment_status":"closed","ping_status":"closed","sticky":false,"template":"","format":"standard","meta":{"content-type":""},"categories":[27,64],"tags":[],"nelio_content":{"isAutoShareEnabled":false,"autoShareEndMode":"default","automationSources":{"useContentSentences":true,"useSocialTemplates":true,"useCustomSentences":false,"customSentences":[]},"followers":[1],"suggestedReferences":[],"includedReferences":[],"efiUrl":"","efiAlt":"","highlights":[]},"yoast_head":"<!-- This site is optimized with the Yoast SEO plugin v20.7 - https:\/\/yoast.com\/wordpress\/plugins\/seo\/ -->\n<title>Renovaci\u00f3n peronista present\u00f3 un proyecto para adherir al decreto<\/title>\n<meta name=\"description\" content=\"Renovaci\u00f3n Peronista present\u00f3 un proyecto para adherir al decreto provincial 2021 como \u201cA\u00f1o de la salud y del personal sanitario\u201d.\" \/>\n<meta name=\"robots\" content=\"index, follow, max-snippet:-1, max-image-preview:large, max-video-preview:-1\" \/>\n<link rel=\"canonical\" href=\"https:\/\/experienciadevida.com.ar\/portalurbano\/renovacion-peronista-presento-un-proyecto-para-adherir-al-decreto-provincial-2021-como-ano-de-la-salud-y-del-personal-sanitario\/\" \/>\n<meta property=\"og:locale\" content=\"es_ES\" \/>\n<meta property=\"og:type\" content=\"article\" \/>\n<meta property=\"og:title\" content=\"Renovaci\u00f3n peronista present\u00f3 un proyecto para adherir al decreto\" \/>\n<meta property=\"og:description\" content=\"Renovaci\u00f3n Peronista present\u00f3 un proyecto para adherir al decreto provincial 2021 como \u201cA\u00f1o de la salud y del personal sanitario\u201d.\" \/>\n<meta property=\"og:url\" content=\"https:\/\/experienciadevida.com.ar\/portalurbano\/renovacion-peronista-presento-un-proyecto-para-adherir-al-decreto-provincial-2021-como-ano-de-la-salud-y-del-personal-sanitario\/\" \/>\n<meta property=\"article:publisher\" content=\"https:\/\/www.facebook.com\/Portal-Urbano-171542830093757\/\" \/>\n<meta property=\"article:published_time\" content=\"2021-02-10T13:36:34+00:00\" \/>\n<meta property=\"article:modified_time\" content=\"2021-02-10T13:52:10+00:00\" \/>\n<meta property=\"og:image\" content=\"https:\/\/experienciadevida.com.ar\/portalurbano\/wp-content\/uploads\/2021\/02\/Renovacion-peronista-presento-un-proyecto.jpeg\" \/>\n\t<meta property=\"og:image:width\" content=\"1280\" \/>\n\t<meta property=\"og:image:height\" content=\"855\" \/>\n\t<meta property=\"og:image:type\" content=\"image\/jpeg\" \/>\n<meta name=\"author\" content=\"admpu17wp\" \/>\n<meta name=\"twitter:card\" content=\"summary_large_image\" \/>\n<meta name=\"twitter:creator\" content=\"@portalurbanook\" \/>\n<meta name=\"twitter:site\" content=\"@portalurbanook\" \/>\n<meta name=\"twitter:label1\" content=\"Escrito por\" \/>\n\t<meta name=\"twitter:data1\" content=\"admpu17wp\" \/>\n\t<meta name=\"twitter:label2\" content=\"Tiempo de lectura\" \/>\n\t<meta name=\"twitter:data2\" content=\"2 minutos\" \/>\n<script type=\"application\/ld+json\" class=\"yoast-schema-graph\">{\"@context\":\"https:\/\/schema.org\",\"@graph\":[{\"@type\":\"Article\",\"@id\":\"https:\/\/experienciadevida.com.ar\/portalurbano\/renovacion-peronista-presento-un-proyecto-para-adherir-al-decreto-provincial-2021-como-ano-de-la-salud-y-del-personal-sanitario\/#article\",\"isPartOf\":{\"@id\":\"https:\/\/experienciadevida.com.ar\/portalurbano\/renovacion-peronista-presento-un-proyecto-para-adherir-al-decreto-provincial-2021-como-ano-de-la-salud-y-del-personal-sanitario\/\"},\"author\":{\"name\":\"admpu17wp\",\"@id\":\"https:\/\/experienciadevida.com.ar\/portalurbano\/#\/schema\/person\/02dd326b1c4b056e9cc972486934a3a7\"},\"headline\":\"Renovaci\u00f3n Peronista present\u00f3 un proyecto para adherir al decreto provincial 2021 como \u201cA\u00f1o de la salud y del personal sanitario\u201d\",\"datePublished\":\"2021-02-10T13:36:34+00:00\",\"dateModified\":\"2021-02-10T13:52:10+00:00\",\"mainEntityOfPage\":{\"@id\":\"https:\/\/experienciadevida.com.ar\/portalurbano\/renovacion-peronista-presento-un-proyecto-para-adherir-al-decreto-provincial-2021-como-ano-de-la-salud-y-del-personal-sanitario\/\"},\"wordCount\":379,\"publisher\":{\"@id\":\"https:\/\/experienciadevida.com.ar\/portalurbano\/#organization\"},\"articleSection\":[\"Ciudad\",\"Destacadas 2\"],\"inLanguage\":\"es\"},{\"@type\":\"WebPage\",\"@id\":\"https:\/\/experienciadevida.com.ar\/portalurbano\/renovacion-peronista-presento-un-proyecto-para-adherir-al-decreto-provincial-2021-como-ano-de-la-salud-y-del-personal-sanitario\/\",\"url\":\"https:\/\/experienciadevida.com.ar\/portalurbano\/renovacion-peronista-presento-un-proyecto-para-adherir-al-decreto-provincial-2021-como-ano-de-la-salud-y-del-personal-sanitario\/\",\"name\":\"Renovaci\u00f3n peronista present\u00f3 un proyecto para adherir al decreto\",\"isPartOf\":{\"@id\":\"https:\/\/experienciadevida.com.ar\/portalurbano\/#website\"},\"datePublished\":\"2021-02-10T13:36:34+00:00\",\"dateModified\":\"2021-02-10T13:52:10+00:00\",\"description\":\"Renovaci\u00f3n Peronista present\u00f3 un proyecto para adherir al decreto provincial 2021 como \u201cA\u00f1o de la salud y del personal sanitario\u201d.\",\"breadcrumb\":{\"@id\":\"https:\/\/experienciadevida.com.ar\/portalurbano\/renovacion-peronista-presento-un-proyecto-para-adherir-al-decreto-provincial-2021-como-ano-de-la-salud-y-del-personal-sanitario\/#breadcrumb\"},\"inLanguage\":\"es\",\"potentialAction\":[{\"@type\":\"ReadAction\",\"target\":[\"https:\/\/experienciadevida.com.ar\/portalurbano\/renovacion-peronista-presento-un-proyecto-para-adherir-al-decreto-provincial-2021-como-ano-de-la-salud-y-del-personal-sanitario\/\"]}]},{\"@type\":\"BreadcrumbList\",\"@id\":\"https:\/\/experienciadevida.com.ar\/portalurbano\/renovacion-peronista-presento-un-proyecto-para-adherir-al-decreto-provincial-2021-como-ano-de-la-salud-y-del-personal-sanitario\/#breadcrumb\",\"itemListElement\":[{\"@type\":\"ListItem\",\"position\":1,\"name\":\"Portada\",\"item\":\"https:\/\/experienciadevida.com.ar\/portalurbano\/\"},{\"@type\":\"ListItem\",\"position\":2,\"name\":\"Renovaci\u00f3n Peronista present\u00f3 un proyecto para adherir al decreto provincial 2021 como \u201cA\u00f1o de la salud y del personal sanitario\u201d\"}]},{\"@type\":\"WebSite\",\"@id\":\"https:\/\/experienciadevida.com.ar\/portalurbano\/#website\",\"url\":\"https:\/\/experienciadevida.com.ar\/portalurbano\/\",\"name\":\"\",\"description\":\"\",\"publisher\":{\"@id\":\"https:\/\/experienciadevida.com.ar\/portalurbano\/#organization\"},\"potentialAction\":[{\"@type\":\"SearchAction\",\"target\":{\"@type\":\"EntryPoint\",\"urlTemplate\":\"https:\/\/experienciadevida.com.ar\/portalurbano\/?s={search_term_string}\"},\"query-input\":\"required name=search_term_string\"}],\"inLanguage\":\"es\"},{\"@type\":\"Organization\",\"@id\":\"https:\/\/experienciadevida.com.ar\/portalurbano\/#organization\",\"name\":\"Portal Urbano\",\"url\":\"https:\/\/experienciadevida.com.ar\/portalurbano\/\",\"logo\":{\"@type\":\"ImageObject\",\"inLanguage\":\"es\",\"@id\":\"https:\/\/experienciadevida.com.ar\/portalurbano\/#\/schema\/logo\/image\/\",\"url\":\"https:\/\/experienciadevida.com.ar\/portalurbano\/wp-content\/uploads\/2019\/09\/Logo-Original.png\",\"contentUrl\":\"https:\/\/experienciadevida.com.ar\/portalurbano\/wp-content\/uploads\/2019\/09\/Logo-Original.png\",\"width\":2236,\"height\":1216,\"caption\":\"Portal Urbano\"},\"image\":{\"@id\":\"https:\/\/experienciadevida.com.ar\/portalurbano\/#\/schema\/logo\/image\/\"},\"sameAs\":[\"https:\/\/www.facebook.com\/Portal-Urbano-171542830093757\/\",\"https:\/\/twitter.com\/portalurbanook\",\"https:\/\/www.instagram.com\/_portalurbano\/\",\"https:\/\/www.youtube.com\/channel\/UCXhagIfszH8KxFiOok79zbA?view_as=subscriber\"]},{\"@type\":\"Person\",\"@id\":\"https:\/\/experienciadevida.com.ar\/portalurbano\/#\/schema\/person\/02dd326b1c4b056e9cc972486934a3a7\",\"name\":\"admpu17wp\",\"image\":{\"@type\":\"ImageObject\",\"inLanguage\":\"es\",\"@id\":\"https:\/\/experienciadevida.com.ar\/portalurbano\/#\/schema\/person\/image\/\",\"url\":\"https:\/\/secure.gravatar.com\/avatar\/830d4c57adaae6630765e449a6908047?s=96&d=mm&r=g\",\"contentUrl\":\"https:\/\/secure.gravatar.com\/avatar\/830d4c57adaae6630765e449a6908047?s=96&d=mm&r=g\",\"caption\":\"admpu17wp\"}}]}<\/script>\n<!-- \/ Yoast SEO plugin. -->","yoast_head_json":{"title":"Renovaci\u00f3n peronista present\u00f3 un proyecto para adherir al decreto","description":"Renovaci\u00f3n Peronista present\u00f3 un proyecto para adherir al decreto provincial 2021 como \u201cA\u00f1o de la salud y del personal sanitario\u201d.","robots":{"index":"index","follow":"follow","max-snippet":"max-snippet:-1","max-image-preview":"max-image-preview:large","max-video-preview":"max-video-preview:-1"},"canonical":"https:\/\/experienciadevida.com.ar\/portalurbano\/renovacion-peronista-presento-un-proyecto-para-adherir-al-decreto-provincial-2021-como-ano-de-la-salud-y-del-personal-sanitario\/","og_locale":"es_ES","og_type":"article","og_title":"Renovaci\u00f3n peronista present\u00f3 un proyecto para adherir al decreto","og_description":"Renovaci\u00f3n Peronista present\u00f3 un proyecto para adherir al decreto provincial 2021 como \u201cA\u00f1o de la salud y del personal sanitario\u201d.","og_url":"https:\/\/experienciadevida.com.ar\/portalurbano\/renovacion-peronista-presento-un-proyecto-para-adherir-al-decreto-provincial-2021-como-ano-de-la-salud-y-del-personal-sanitario\/","article_publisher":"https:\/\/www.facebook.com\/Portal-Urbano-171542830093757\/","article_published_time":"2021-02-10T13:36:34+00:00","article_modified_time":"2021-02-10T13:52:10+00:00","og_image":[{"width":1280,"height":855,"url":"https:\/\/experienciadevida.com.ar\/portalurbano\/wp-content\/uploads\/2021\/02\/Renovacion-peronista-presento-un-proyecto.jpeg","type":"image\/jpeg"}],"author":"admpu17wp","twitter_card":"summary_large_image","twitter_creator":"@portalurbanook","twitter_site":"@portalurbanook","twitter_misc":{"Escrito por":"admpu17wp","Tiempo de lectura":"2 minutos"},"schema":{"@context":"https:\/\/schema.org","@graph":[{"@type":"Article","@id":"https:\/\/experienciadevida.com.ar\/portalurbano\/renovacion-peronista-presento-un-proyecto-para-adherir-al-decreto-provincial-2021-como-ano-de-la-salud-y-del-personal-sanitario\/#article","isPartOf":{"@id":"https:\/\/experienciadevida.com.ar\/portalurbano\/renovacion-peronista-presento-un-proyecto-para-adherir-al-decreto-provincial-2021-como-ano-de-la-salud-y-del-personal-sanitario\/"},"author":{"name":"admpu17wp","@id":"https:\/\/experienciadevida.com.ar\/portalurbano\/#\/schema\/person\/02dd326b1c4b056e9cc972486934a3a7"},"headline":"Renovaci\u00f3n Peronista present\u00f3 un proyecto para adherir al decreto provincial 2021 como \u201cA\u00f1o de la salud y del personal sanitario\u201d","datePublished":"2021-02-10T13:36:34+00:00","dateModified":"2021-02-10T13:52:10+00:00","mainEntityOfPage":{"@id":"https:\/\/experienciadevida.com.ar\/portalurbano\/renovacion-peronista-presento-un-proyecto-para-adherir-al-decreto-provincial-2021-como-ano-de-la-salud-y-del-personal-sanitario\/"},"wordCount":379,"publisher":{"@id":"https:\/\/experienciadevida.com.ar\/portalurbano\/#organization"},"articleSection":["Ciudad","Destacadas 2"],"inLanguage":"es"},{"@type":"WebPage","@id":"https:\/\/experienciadevida.com.ar\/portalurbano\/renovacion-peronista-presento-un-proyecto-para-adherir-al-decreto-provincial-2021-como-ano-de-la-salud-y-del-personal-sanitario\/","url":"https:\/\/experienciadevida.com.ar\/portalurbano\/renovacion-peronista-presento-un-proyecto-para-adherir-al-decreto-provincial-2021-como-ano-de-la-salud-y-del-personal-sanitario\/","name":"Renovaci\u00f3n peronista present\u00f3 un proyecto para adherir al decreto","isPartOf":{"@id":"https:\/\/experienciadevida.com.ar\/portalurbano\/#website"},"datePublished":"2021-02-10T13:36:34+00:00","dateModified":"2021-02-10T13:52:10+00:00","description":"Renovaci\u00f3n Peronista present\u00f3 un proyecto para adherir al decreto provincial 2021 como \u201cA\u00f1o de la salud y del personal sanitario\u201d.","breadcrumb":{"@id":"https:\/\/experienciadevida.com.ar\/portalurbano\/renovacion-peronista-presento-un-proyecto-para-adherir-al-decreto-provincial-2021-como-ano-de-la-salud-y-del-personal-sanitario\/#breadcrumb"},"inLanguage":"es","potentialAction":[{"@type":"ReadAction","target":["https:\/\/experienciadevida.com.ar\/portalurbano\/renovacion-peronista-presento-un-proyecto-para-adherir-al-decreto-provincial-2021-como-ano-de-la-salud-y-del-personal-sanitario\/"]}]},{"@type":"BreadcrumbList","@id":"https:\/\/experienciadevida.com.ar\/portalurbano\/renovacion-peronista-presento-un-proyecto-para-adherir-al-decreto-provincial-2021-como-ano-de-la-salud-y-del-personal-sanitario\/#breadcrumb","itemListElement":[{"@type":"ListItem","position":1,"name":"Portada","item":"https:\/\/experienciadevida.com.ar\/portalurbano\/"},{"@type":"ListItem","position":2,"name":"Renovaci\u00f3n Peronista present\u00f3 un proyecto para adherir al decreto provincial 2021 como \u201cA\u00f1o de la salud y del personal sanitario\u201d"}]},{"@type":"WebSite","@id":"https:\/\/experienciadevida.com.ar\/portalurbano\/#website","url":"https:\/\/experienciadevida.com.ar\/portalurbano\/","name":"","description":"","publisher":{"@id":"https:\/\/experienciadevida.com.ar\/portalurbano\/#organization"},"potentialAction":[{"@type":"SearchAction","target":{"@type":"EntryPoint","urlTemplate":"https:\/\/experienciadevida.com.ar\/portalurbano\/?s={search_term_string}"},"query-input":"required name=search_term_string"}],"inLanguage":"es"},{"@type":"Organization","@id":"https:\/\/experienciadevida.com.ar\/portalurbano\/#organization","name":"Portal Urbano","url":"https:\/\/experienciadevida.com.ar\/portalurbano\/","logo":{"@type":"ImageObject","inLanguage":"es","@id":"https:\/\/experienciadevida.com.ar\/portalurbano\/#\/schema\/logo\/image\/","url":"https:\/\/experienciadevida.com.ar\/portalurbano\/wp-content\/uploads\/2019\/09\/Logo-Original.png","contentUrl":"https:\/\/experienciadevida.com.ar\/portalurbano\/wp-content\/uploads\/2019\/09\/Logo-Original.png","width":2236,"height":1216,"caption":"Portal Urbano"},"image":{"@id":"https:\/\/experienciadevida.com.ar\/portalurbano\/#\/schema\/logo\/image\/"},"sameAs":["https:\/\/www.facebook.com\/Portal-Urbano-171542830093757\/","https:\/\/twitter.com\/portalurbanook","https:\/\/www.instagram.com\/_portalurbano\/","https:\/\/www.youtube.com\/channel\/UCXhagIfszH8KxFiOok79zbA?view_as=subscriber"]},{"@type":"Person","@id":"https:\/\/experienciadevida.com.ar\/portalurbano\/#\/schema\/person\/02dd326b1c4b056e9cc972486934a3a7","name":"admpu17wp","image":{"@type":"ImageObject","inLanguage":"es","@id":"https:\/\/experienciadevida.com.ar\/portalurbano\/#\/schema\/person\/image\/","url":"https:\/\/secure.gravatar.com\/avatar\/830d4c57adaae6630765e449a6908047?s=96&d=mm&r=g","contentUrl":"https:\/\/secure.gravatar.com\/avatar\/830d4c57adaae6630765e449a6908047?s=96&d=mm&r=g","caption":"admpu17wp"}}]}},"featured_image_urls":{"full":["https:\/\/experienciadevida.com.ar\/portalurbano\/wp-content\/uploads\/2021\/02\/Renovacion-peronista-presento-un-proyecto.jpeg",1280,855,false],"thumbnail":["https:\/\/experienciadevida.com.ar\/portalurbano\/wp-content\/uploads\/2021\/02\/Renovacion-peronista-presento-un-proyecto-150x150.jpeg",150,150,true],"medium":["https:\/\/experienciadevida.com.ar\/portalurbano\/wp-content\/uploads\/2021\/02\/Renovacion-peronista-presento-un-proyecto-300x200.jpeg",300,200,true],"medium_large":["https:\/\/experienciadevida.com.ar\/portalurbano\/wp-content\/uploads\/2021\/02\/Renovacion-peronista-presento-un-proyecto-768x513.jpeg",640,428,true],"large":["https:\/\/experienciadevida.com.ar\/portalurbano\/wp-content\/uploads\/2021\/02\/Renovacion-peronista-presento-un-proyecto-1024x684.jpeg",640,428,true],"ug_big":["https:\/\/experienciadevida.com.ar\/portalurbano\/wp-content\/uploads\/2021\/02\/Renovacion-peronista-presento-un-proyecto-768x513.jpeg",768,513,true],"1536x1536":["https:\/\/experienciadevida.com.ar\/portalurbano\/wp-content\/uploads\/2021\/02\/Renovacion-peronista-presento-un-proyecto.jpeg",1280,855,false],"2048x2048":["https:\/\/experienciadevida.com.ar\/portalurbano\/wp-content\/uploads\/2021\/02\/Renovacion-peronista-presento-un-proyecto.jpeg",1280,855,false],"newsever-slider-full":["https:\/\/experienciadevida.com.ar\/portalurbano\/wp-content\/uploads\/2021\/02\/Renovacion-peronista-presento-un-proyecto.jpeg",1265,845,false],"newsever-featured":["https:\/\/experienciadevida.com.ar\/portalurbano\/wp-content\/uploads\/2021\/02\/Renovacion-peronista-presento-un-proyecto.jpeg",1024,684,false],"newsever-medium":["https:\/\/experienciadevida.com.ar\/portalurbano\/wp-content\/uploads\/2021\/02\/Renovacion-peronista-presento-un-proyecto.jpeg",711,475,false],"web-stories-poster-portrait":["https:\/\/experienciadevida.com.ar\/portalurbano\/wp-content\/uploads\/2021\/02\/Renovacion-peronista-presento-un-proyecto.jpeg",640,428,false],"web-stories-publisher-logo":["https:\/\/experienciadevida.com.ar\/portalurbano\/wp-content\/uploads\/2021\/02\/Renovacion-peronista-presento-un-proyecto.jpeg",96,64,false],"web-stories-thumbnail":["https:\/\/experienciadevida.com.ar\/portalurbano\/wp-content\/uploads\/2021\/02\/Renovacion-peronista-presento-un-proyecto.jpeg",150,100,false]},"author_info":{"display_name":"admpu17wp","author_link":"https:\/\/experienciadevida.com.ar\/portalurbano\/author\/admpu17wp\/"},"category_info":"<a href=\"https:\/\/experienciadevida.com.ar\/portalurbano\/category\/ciudad\/\" rel=\"category tag\">Ciudad<\/a> <a href=\"https:\/\/experienciadevida.com.ar\/portalurbano\/category\/destacadas-2\/\" rel=\"category tag\">Destacadas 2<\/a>","tag_info":"Destacadas 2","comment_count":"0","amp_enabled":true,"_links":{"self":[{"href":"https:\/\/experienciadevida.com.ar\/portalurbano\/wp-json\/wp\/v2\/posts\/134768"}],"collection":[{"href":"https:\/\/experienciadevida.com.ar\/portalurbano\/wp-json\/wp\/v2\/posts"}],"about":[{"href":"https:\/\/experienciadevida.com.ar\/portalurbano\/wp-json\/wp\/v2\/types\/post"}],"author":[{"embeddable":true,"href":"https:\/\/experienciadevida.com.ar\/portalurbano\/wp-json\/wp\/v2\/users\/1"}],"replies":[{"embeddable":true,"href":"https:\/\/experienciadevida.com.ar\/portalurbano\/wp-json\/wp\/v2\/comments?post=134768"}],"version-history":[{"count":3,"href":"https:\/\/experienciadevida.com.ar\/portalurbano\/wp-json\/wp\/v2\/posts\/134768\/revisions"}],"predecessor-version":[{"id":134772,"href":"https:\/\/experienciadevida.com.ar\/portalurbano\/wp-json\/wp\/v2\/posts\/134768\/revisions\/134772"}],"wp:featuredmedia":[{"embeddable":true,"href":"https:\/\/experienciadevida.com.ar\/portalurbano\/wp-json\/wp\/v2\/media\/134769"}],"wp:attachment":[{"href":"https:\/\/experienciadevida.com.ar\/portalurbano\/wp-json\/wp\/v2\/media?parent=134768"}],"wp:term":[{"taxonomy":"category","embeddable":true,"href":"https:\/\/experienciadevida.com.ar\/portalurbano\/wp-json\/wp\/v2\/categories?post=134768"},{"taxonomy":"post_tag","embeddable":true,"href":"https:\/\/experienciadevida.com.ar\/portalurbano\/wp-json\/wp\/v2\/tags?post=134768"}],"curies":[{"name":"wp","href":"https:\/\/api.w.org\/{rel}","templated":true}]}}