{"id":134761,"date":"2021-02-10T10:24:20","date_gmt":"2021-02-10T13:24:20","guid":{"rendered":"https:\/\/experienciadevida.com.ar\/portalurbano\/?p=134761"},"modified":"2021-02-10T10:28:13","modified_gmt":"2021-02-10T13:28:13","slug":"la-asociacion-de-usuarios-nueva-energia-acusa-a-coopelectric-de-desinformar-a-los-usuarios","status":"publish","type":"post","link":"https:\/\/experienciadevida.com.ar\/portalurbano\/la-asociacion-de-usuarios-nueva-energia-acusa-a-coopelectric-de-desinformar-a-los-usuarios\/","title":{"rendered":"La Asociaci\u00f3n de usuarios nueva energ\u00eda acusa a Coopelectric de desinformar a los usuarios"},"content":{"rendered":"<p>Desde la Asociaci\u00f3n de usuarios nueva energ\u00eda emitieron un nuevo comunicado, sobre la tarifa social de agua para los que tienen tarifa social de electricidad, mencionan que Coopeleectric &#8220;<em>hace abuso de posici\u00f3n dominante y desinforman a los usuarios&#8221;.<\/em><\/p>\n<p>El comunicado anuncia lo siguiente &#8220;el 10 de pasado el HCD sancion\u00f3 la Ordenanza 5604\/2020 que aument\u00f3 la tarifa de agua, estableciendo una tarifa social de agua para los que tienen tarifa social de electricidad&#8221;.<\/p>\n<p><em>&#8220;La conducci\u00f3n de Coopelectric, incumple la ley: no implement\u00f3 la tarifa social. Hemos constatado que Coopelectric rechaza los pedidos de los usuarios que solicitan la tarifa social para el agua, manifest\u00e1ndoles que no existe. Es claro y contundente el art\u00edculo 3 de la ordenanza dice: \u201cCoopelectric deber\u00e1 incluir como beneficiarios de la Tarifa Social de agua, consistente en el 70 % del valor total de la factura por el consumo de hasta 45 metros c\u00fabicos, a todos los beneficiarios de la Tarifa Social de energ\u00eda el\u00e9ctrica otorgada por el Ministerio de Obras y Servicios P\u00fablicos conforme informe emitido por OCABA a aquellos usuarios que lo soliciten\u201d.\u00a0<\/em><\/p>\n<p>A su vez la Asociaci\u00f3n de usuarios nueva energ\u00eda menciona &#8220;<em>esta norma como toda ordenanza es imperativa, no es facultativa, no se le otorgan poderes extraordinarios a Coopelectric para aplicarla cuando le parezca. Debe cumplir con su obligaci\u00f3n desde el momento en que la norma se public\u00f3. Esto es un claro acto de abuso de posici\u00f3n dominante y de poder. \u00bfPor qu\u00e9? Porque Coopelectric tiene el monopolio del servicio de agua y no tiene control estatal efectivo. Seg\u00fan la normativa tendr\u00eda que haber un organismo de control municipal, que no existe. Por el contrario, tienen un concejal en el bloque oficialista y son socios pol\u00edticos del municipio, con lo cual la situaci\u00f3n de indefensi\u00f3n de los usuarios es penosa. No tienen donde recurrir. El organismo de control provincial, que era el OCABA, que deber\u00eda existir por la Ley 11820, fue desmantelado en el gobierno provincial anterior. La Autoridad del Agua, que se hizo cargo de sus funciones, es desconocido por los usuarios, gracias a que no hay informaci\u00f3n activa de Coopelectric para que se hagan los reclamos. Abuso de posici\u00f3n dominante y de poder, falta de informaci\u00f3n y transparencia, ausencia de control efectivo a Coopelectric: esta es la situaci\u00f3n real de la gesti\u00f3n del agua en Olavarr\u00eda&#8221;.<\/em><\/p>\n<p><em>&#8220;Cosntancia del mal uso del poder pol\u00edtico lo tenemos con estos datos: La conducci\u00f3n actual de Coopelectric present\u00f3 la petici\u00f3n de aumento de la tarifa de agua el 30 de noviembre de 2020, con informaci\u00f3n nueva que requer\u00eda audiencia p\u00fablica que no se hizo, y el 10 de diciembre ten\u00eda la ordenanza sancionada. En diez d\u00edas logr\u00f3 un aumento de casi el 100 % de la tarifa. La ordenanza fue sancionada en una confusa sesi\u00f3n del HCD, con un art\u00edculo que incluye la obligaci\u00f3n de otorgar la tarifa social. Esta parte no la cumple y no hay donde reclamar, ya que el municipio acompa\u00f1a silencioso este accionar, y cuando se manifiesta, es para negarnos las elecciones&#8221;.<\/em><\/p>\n<p>Adem\u00e1s\u00a0 la <a href=\"https:\/\/www.facebook.com\/Asociaci%C3%B3n-de-Usuarios-Nueva-Energ%C3%ADa-AUNE-107686640815246\">Asociaci\u00f3n de usuarios nueva energ\u00eda<\/a> dice que &#8220;en casi dos meses de sancionada la ordenanza, Coopelectric no difundi\u00f3 ni implement\u00f3 la tarifa social de agua. La difusi\u00f3n no es un tema menor, en primer lugar porque es una obligaci\u00f3n legal. El marco regulatorio del servicio de agua y cloacas ley 11820 (art 15) y la ley de usuarios y consumidores 24240 (art 4) establecen que el proveedor del servicio est\u00e1 obligado a suministrar al usuario en forma cierta, clara y detallada todo lo relacionado con el servicio que provee y las condiciones de comercializaci\u00f3n. Segundo que, seg\u00fan la ordenanza, el beneficio debe solicitarse, no es autom\u00e1tico para los que ya tienen la tarifa social de electricidad. Por ello, los siete mil beneficiarios deben ser informados y realizar el tr\u00e1mite, para lo cual debe haber un orden administrativo que haga que el otorgamiento y no deje a nadie afuera&#8221;.<\/p>\n<p><em>&#8220;La causa de este incumplimiento de la ley por parte de la lista amarilla que conduce Coopelectric es que la tarifa social es una p\u00e9rdida econ\u00f3mica significativa para la cooperativa si se aplica de manera efectiva. \u00bfPor qu\u00e9? La tarifa social del agua que se orden\u00f3 en la ordenanza municipal, se diferencia muy notablemente de la tarifa social para la electricidad que otorg\u00f3 el Gobierno de la Provincia de Buenos Aires. Mientras que en la tarifa el\u00e9ctrica el 70% que no paga el usuario de luz con tarifa social, lo paga la Provincia, es decir, que la cooperativa no pierde nada. Pero en el caso del agua, el 70 % que no paga el usuario, lo tiene cubrir la cooperativa&#8221;.<\/em><\/p>\n<p>Al finalizar desde la Asociaci\u00f3n de usuarios nueva energ\u00eda mencionaron <em>&#8220;hacemos<\/em> p\u00fablica<em> esta irregularidad para que la conducci\u00f3n de Coopelectric implemente de inmediato la tarifa social para el agua, informe de manera detallada y clara a todos los usuarios, y para que las autoridades que deben hacer cumplir las normas hagan el control pertinente. De esta manera se podr\u00e1 hacer efectivo, en tiempo y forma, como corresponde en un estado de derecho, el beneficio a aquellos usuarios a los que est\u00e1 destinado&#8221;.<\/em><\/p>\n","protected":false},"excerpt":{"rendered":"<p>Desde la Asociaci\u00f3n de usuarios nueva energ\u00eda emitieron un nuevo comunicado, sobre la tarifa social&#8230;<\/p>\n","protected":false},"author":1,"featured_media":134160,"comment_status":"closed","ping_status":"closed","sticky":false,"template":"","format":"standard","meta":{"content-type":""},"categories":[27,51],"tags":[],"nelio_content":{"isAutoShareEnabled":false,"autoShareEndMode":"default","automationSources":{"useContentSentences":true,"useSocialTemplates":true,"useCustomSentences":false,"customSentences":[]},"followers":[1],"suggestedReferences":[],"includedReferences":[],"efiUrl":"","efiAlt":"","highlights":[]},"yoast_head":"<!-- This site is optimized with the Yoast SEO plugin v20.7 - https:\/\/yoast.com\/wordpress\/plugins\/seo\/ -->\n<title>La Asociaci\u00f3n de usuarios nueva energ\u00eda acusa a Coopelectric<\/title>\n<meta name=\"description\" content=\"Desde la Asociaci\u00f3n de usuarios nueva energ\u00eda emitieron un nuevo comunicado, sobre la tarifa social de agua para los que tienen tarifa social\" \/>\n<meta name=\"robots\" content=\"index, follow, max-snippet:-1, max-image-preview:large, max-video-preview:-1\" \/>\n<link rel=\"canonical\" href=\"https:\/\/experienciadevida.com.ar\/portalurbano\/la-asociacion-de-usuarios-nueva-energia-acusa-a-coopelectric-de-desinformar-a-los-usuarios\/\" \/>\n<meta property=\"og:locale\" content=\"es_ES\" \/>\n<meta property=\"og:type\" content=\"article\" \/>\n<meta property=\"og:title\" content=\"La Asociaci\u00f3n de usuarios nueva energ\u00eda acusa a Coopelectric\" \/>\n<meta property=\"og:description\" content=\"Desde la Asociaci\u00f3n de usuarios nueva energ\u00eda emitieron un nuevo comunicado, sobre la tarifa social de agua para los que tienen tarifa social\" \/>\n<meta property=\"og:url\" content=\"https:\/\/experienciadevida.com.ar\/portalurbano\/la-asociacion-de-usuarios-nueva-energia-acusa-a-coopelectric-de-desinformar-a-los-usuarios\/\" \/>\n<meta property=\"article:publisher\" content=\"https:\/\/www.facebook.com\/Portal-Urbano-171542830093757\/\" \/>\n<meta property=\"article:published_time\" content=\"2021-02-10T13:24:20+00:00\" \/>\n<meta property=\"article:modified_time\" content=\"2021-02-10T13:28:13+00:00\" \/>\n<meta property=\"og:image\" content=\"https:\/\/experienciadevida.com.ar\/portalurbano\/wp-content\/uploads\/2021\/02\/nueva-energia.jpg\" \/>\n\t<meta property=\"og:image:width\" content=\"722\" \/>\n\t<meta property=\"og:image:height\" content=\"556\" \/>\n\t<meta property=\"og:image:type\" content=\"image\/jpeg\" \/>\n<meta name=\"author\" content=\"admpu17wp\" \/>\n<meta name=\"twitter:card\" content=\"summary_large_image\" \/>\n<meta name=\"twitter:creator\" content=\"@portalurbanook\" \/>\n<meta name=\"twitter:site\" content=\"@portalurbanook\" \/>\n<meta name=\"twitter:label1\" content=\"Escrito por\" \/>\n\t<meta name=\"twitter:data1\" content=\"admpu17wp\" \/>\n\t<meta name=\"twitter:label2\" content=\"Tiempo de lectura\" \/>\n\t<meta name=\"twitter:data2\" content=\"4 minutos\" \/>\n<script type=\"application\/ld+json\" class=\"yoast-schema-graph\">{\"@context\":\"https:\/\/schema.org\",\"@graph\":[{\"@type\":\"Article\",\"@id\":\"https:\/\/experienciadevida.com.ar\/portalurbano\/la-asociacion-de-usuarios-nueva-energia-acusa-a-coopelectric-de-desinformar-a-los-usuarios\/#article\",\"isPartOf\":{\"@id\":\"https:\/\/experienciadevida.com.ar\/portalurbano\/la-asociacion-de-usuarios-nueva-energia-acusa-a-coopelectric-de-desinformar-a-los-usuarios\/\"},\"author\":{\"name\":\"admpu17wp\",\"@id\":\"https:\/\/experienciadevida.com.ar\/portalurbano\/#\/schema\/person\/02dd326b1c4b056e9cc972486934a3a7\"},\"headline\":\"La Asociaci\u00f3n de usuarios nueva energ\u00eda acusa a Coopelectric de desinformar a los usuarios\",\"datePublished\":\"2021-02-10T13:24:20+00:00\",\"dateModified\":\"2021-02-10T13:28:13+00:00\",\"mainEntityOfPage\":{\"@id\":\"https:\/\/experienciadevida.com.ar\/portalurbano\/la-asociacion-de-usuarios-nueva-energia-acusa-a-coopelectric-de-desinformar-a-los-usuarios\/\"},\"wordCount\":905,\"publisher\":{\"@id\":\"https:\/\/experienciadevida.com.ar\/portalurbano\/#organization\"},\"articleSection\":[\"Ciudad\",\"Destacadas\"],\"inLanguage\":\"es\"},{\"@type\":\"WebPage\",\"@id\":\"https:\/\/experienciadevida.com.ar\/portalurbano\/la-asociacion-de-usuarios-nueva-energia-acusa-a-coopelectric-de-desinformar-a-los-usuarios\/\",\"url\":\"https:\/\/experienciadevida.com.ar\/portalurbano\/la-asociacion-de-usuarios-nueva-energia-acusa-a-coopelectric-de-desinformar-a-los-usuarios\/\",\"name\":\"La Asociaci\u00f3n de usuarios nueva energ\u00eda acusa a Coopelectric\",\"isPartOf\":{\"@id\":\"https:\/\/experienciadevida.com.ar\/portalurbano\/#website\"},\"datePublished\":\"2021-02-10T13:24:20+00:00\",\"dateModified\":\"2021-02-10T13:28:13+00:00\",\"description\":\"Desde la Asociaci\u00f3n de usuarios nueva energ\u00eda emitieron un nuevo comunicado, sobre la tarifa social de agua para los que tienen tarifa social\",\"breadcrumb\":{\"@id\":\"https:\/\/experienciadevida.com.ar\/portalurbano\/la-asociacion-de-usuarios-nueva-energia-acusa-a-coopelectric-de-desinformar-a-los-usuarios\/#breadcrumb\"},\"inLanguage\":\"es\",\"potentialAction\":[{\"@type\":\"ReadAction\",\"target\":[\"https:\/\/experienciadevida.com.ar\/portalurbano\/la-asociacion-de-usuarios-nueva-energia-acusa-a-coopelectric-de-desinformar-a-los-usuarios\/\"]}]},{\"@type\":\"BreadcrumbList\",\"@id\":\"https:\/\/experienciadevida.com.ar\/portalurbano\/la-asociacion-de-usuarios-nueva-energia-acusa-a-coopelectric-de-desinformar-a-los-usuarios\/#breadcrumb\",\"itemListElement\":[{\"@type\":\"ListItem\",\"position\":1,\"name\":\"Portada\",\"item\":\"https:\/\/experienciadevida.com.ar\/portalurbano\/\"},{\"@type\":\"ListItem\",\"position\":2,\"name\":\"La Asociaci\u00f3n de usuarios nueva energ\u00eda acusa a Coopelectric de desinformar a los usuarios\"}]},{\"@type\":\"WebSite\",\"@id\":\"https:\/\/experienciadevida.com.ar\/portalurbano\/#website\",\"url\":\"https:\/\/experienciadevida.com.ar\/portalurbano\/\",\"name\":\"\",\"description\":\"\",\"publisher\":{\"@id\":\"https:\/\/experienciadevida.com.ar\/portalurbano\/#organization\"},\"potentialAction\":[{\"@type\":\"SearchAction\",\"target\":{\"@type\":\"EntryPoint\",\"urlTemplate\":\"https:\/\/experienciadevida.com.ar\/portalurbano\/?s={search_term_string}\"},\"query-input\":\"required name=search_term_string\"}],\"inLanguage\":\"es\"},{\"@type\":\"Organization\",\"@id\":\"https:\/\/experienciadevida.com.ar\/portalurbano\/#organization\",\"name\":\"Portal Urbano\",\"url\":\"https:\/\/experienciadevida.com.ar\/portalurbano\/\",\"logo\":{\"@type\":\"ImageObject\",\"inLanguage\":\"es\",\"@id\":\"https:\/\/experienciadevida.com.ar\/portalurbano\/#\/schema\/logo\/image\/\",\"url\":\"https:\/\/experienciadevida.com.ar\/portalurbano\/wp-content\/uploads\/2019\/09\/Logo-Original.png\",\"contentUrl\":\"https:\/\/experienciadevida.com.ar\/portalurbano\/wp-content\/uploads\/2019\/09\/Logo-Original.png\",\"width\":2236,\"height\":1216,\"caption\":\"Portal Urbano\"},\"image\":{\"@id\":\"https:\/\/experienciadevida.com.ar\/portalurbano\/#\/schema\/logo\/image\/\"},\"sameAs\":[\"https:\/\/www.facebook.com\/Portal-Urbano-171542830093757\/\",\"https:\/\/twitter.com\/portalurbanook\",\"https:\/\/www.instagram.com\/_portalurbano\/\",\"https:\/\/www.youtube.com\/channel\/UCXhagIfszH8KxFiOok79zbA?view_as=subscriber\"]},{\"@type\":\"Person\",\"@id\":\"https:\/\/experienciadevida.com.ar\/portalurbano\/#\/schema\/person\/02dd326b1c4b056e9cc972486934a3a7\",\"name\":\"admpu17wp\",\"image\":{\"@type\":\"ImageObject\",\"inLanguage\":\"es\",\"@id\":\"https:\/\/experienciadevida.com.ar\/portalurbano\/#\/schema\/person\/image\/\",\"url\":\"https:\/\/secure.gravatar.com\/avatar\/830d4c57adaae6630765e449a6908047?s=96&d=mm&r=g\",\"contentUrl\":\"https:\/\/secure.gravatar.com\/avatar\/830d4c57adaae6630765e449a6908047?s=96&d=mm&r=g\",\"caption\":\"admpu17wp\"}}]}<\/script>\n<!-- \/ Yoast SEO plugin. -->","yoast_head_json":{"title":"La Asociaci\u00f3n de usuarios nueva energ\u00eda acusa a Coopelectric","description":"Desde la Asociaci\u00f3n de usuarios nueva energ\u00eda emitieron un nuevo comunicado, sobre la tarifa social de agua para los que tienen tarifa social","robots":{"index":"index","follow":"follow","max-snippet":"max-snippet:-1","max-image-preview":"max-image-preview:large","max-video-preview":"max-video-preview:-1"},"canonical":"https:\/\/experienciadevida.com.ar\/portalurbano\/la-asociacion-de-usuarios-nueva-energia-acusa-a-coopelectric-de-desinformar-a-los-usuarios\/","og_locale":"es_ES","og_type":"article","og_title":"La Asociaci\u00f3n de usuarios nueva energ\u00eda acusa a Coopelectric","og_description":"Desde la Asociaci\u00f3n de usuarios nueva energ\u00eda emitieron un nuevo comunicado, sobre la tarifa social de agua para los que tienen tarifa social","og_url":"https:\/\/experienciadevida.com.ar\/portalurbano\/la-asociacion-de-usuarios-nueva-energia-acusa-a-coopelectric-de-desinformar-a-los-usuarios\/","article_publisher":"https:\/\/www.facebook.com\/Portal-Urbano-171542830093757\/","article_published_time":"2021-02-10T13:24:20+00:00","article_modified_time":"2021-02-10T13:28:13+00:00","og_image":[{"width":722,"height":556,"url":"https:\/\/experienciadevida.com.ar\/portalurbano\/wp-content\/uploads\/2021\/02\/nueva-energia.jpg","type":"image\/jpeg"}],"author":"admpu17wp","twitter_card":"summary_large_image","twitter_creator":"@portalurbanook","twitter_site":"@portalurbanook","twitter_misc":{"Escrito por":"admpu17wp","Tiempo de lectura":"4 minutos"},"schema":{"@context":"https:\/\/schema.org","@graph":[{"@type":"Article","@id":"https:\/\/experienciadevida.com.ar\/portalurbano\/la-asociacion-de-usuarios-nueva-energia-acusa-a-coopelectric-de-desinformar-a-los-usuarios\/#article","isPartOf":{"@id":"https:\/\/experienciadevida.com.ar\/portalurbano\/la-asociacion-de-usuarios-nueva-energia-acusa-a-coopelectric-de-desinformar-a-los-usuarios\/"},"author":{"name":"admpu17wp","@id":"https:\/\/experienciadevida.com.ar\/portalurbano\/#\/schema\/person\/02dd326b1c4b056e9cc972486934a3a7"},"headline":"La Asociaci\u00f3n de usuarios nueva energ\u00eda acusa a Coopelectric de desinformar a los usuarios","datePublished":"2021-02-10T13:24:20+00:00","dateModified":"2021-02-10T13:28:13+00:00","mainEntityOfPage":{"@id":"https:\/\/experienciadevida.com.ar\/portalurbano\/la-asociacion-de-usuarios-nueva-energia-acusa-a-coopelectric-de-desinformar-a-los-usuarios\/"},"wordCount":905,"publisher":{"@id":"https:\/\/experienciadevida.com.ar\/portalurbano\/#organization"},"articleSection":["Ciudad","Destacadas"],"inLanguage":"es"},{"@type":"WebPage","@id":"https:\/\/experienciadevida.com.ar\/portalurbano\/la-asociacion-de-usuarios-nueva-energia-acusa-a-coopelectric-de-desinformar-a-los-usuarios\/","url":"https:\/\/experienciadevida.com.ar\/portalurbano\/la-asociacion-de-usuarios-nueva-energia-acusa-a-coopelectric-de-desinformar-a-los-usuarios\/","name":"La Asociaci\u00f3n de usuarios nueva energ\u00eda acusa a Coopelectric","isPartOf":{"@id":"https:\/\/experienciadevida.com.ar\/portalurbano\/#website"},"datePublished":"2021-02-10T13:24:20+00:00","dateModified":"2021-02-10T13:28:13+00:00","description":"Desde la Asociaci\u00f3n de usuarios nueva energ\u00eda emitieron un nuevo comunicado, sobre la tarifa social de agua para los que tienen tarifa social","breadcrumb":{"@id":"https:\/\/experienciadevida.com.ar\/portalurbano\/la-asociacion-de-usuarios-nueva-energia-acusa-a-coopelectric-de-desinformar-a-los-usuarios\/#breadcrumb"},"inLanguage":"es","potentialAction":[{"@type":"ReadAction","target":["https:\/\/experienciadevida.com.ar\/portalurbano\/la-asociacion-de-usuarios-nueva-energia-acusa-a-coopelectric-de-desinformar-a-los-usuarios\/"]}]},{"@type":"BreadcrumbList","@id":"https:\/\/experienciadevida.com.ar\/portalurbano\/la-asociacion-de-usuarios-nueva-energia-acusa-a-coopelectric-de-desinformar-a-los-usuarios\/#breadcrumb","itemListElement":[{"@type":"ListItem","position":1,"name":"Portada","item":"https:\/\/experienciadevida.com.ar\/portalurbano\/"},{"@type":"ListItem","position":2,"name":"La Asociaci\u00f3n de usuarios nueva energ\u00eda acusa a Coopelectric de desinformar a los usuarios"}]},{"@type":"WebSite","@id":"https:\/\/experienciadevida.com.ar\/portalurbano\/#website","url":"https:\/\/experienciadevida.com.ar\/portalurbano\/","name":"","description":"","publisher":{"@id":"https:\/\/experienciadevida.com.ar\/portalurbano\/#organization"},"potentialAction":[{"@type":"SearchAction","target":{"@type":"EntryPoint","urlTemplate":"https:\/\/experienciadevida.com.ar\/portalurbano\/?s={search_term_string}"},"query-input":"required name=search_term_string"}],"inLanguage":"es"},{"@type":"Organization","@id":"https:\/\/experienciadevida.com.ar\/portalurbano\/#organization","name":"Portal Urbano","url":"https:\/\/experienciadevida.com.ar\/portalurbano\/","logo":{"@type":"ImageObject","inLanguage":"es","@id":"https:\/\/experienciadevida.com.ar\/portalurbano\/#\/schema\/logo\/image\/","url":"https:\/\/experienciadevida.com.ar\/portalurbano\/wp-content\/uploads\/2019\/09\/Logo-Original.png","contentUrl":"https:\/\/experienciadevida.com.ar\/portalurbano\/wp-content\/uploads\/2019\/09\/Logo-Original.png","width":2236,"height":1216,"caption":"Portal Urbano"},"image":{"@id":"https:\/\/experienciadevida.com.ar\/portalurbano\/#\/schema\/logo\/image\/"},"sameAs":["https:\/\/www.facebook.com\/Portal-Urbano-171542830093757\/","https:\/\/twitter.com\/portalurbanook","https:\/\/www.instagram.com\/_portalurbano\/","https:\/\/www.youtube.com\/channel\/UCXhagIfszH8KxFiOok79zbA?view_as=subscriber"]},{"@type":"Person","@id":"https:\/\/experienciadevida.com.ar\/portalurbano\/#\/schema\/person\/02dd326b1c4b056e9cc972486934a3a7","name":"admpu17wp","image":{"@type":"ImageObject","inLanguage":"es","@id":"https:\/\/experienciadevida.com.ar\/portalurbano\/#\/schema\/person\/image\/","url":"https:\/\/secure.gravatar.com\/avatar\/830d4c57adaae6630765e449a6908047?s=96&d=mm&r=g","contentUrl":"https:\/\/secure.gravatar.com\/avatar\/830d4c57adaae6630765e449a6908047?s=96&d=mm&r=g","caption":"admpu17wp"}}]}},"featured_image_urls":{"full":["https:\/\/experienciadevida.com.ar\/portalurbano\/wp-content\/uploads\/2021\/02\/nueva-energia.jpg",722,556,false],"thumbnail":["https:\/\/experienciadevida.com.ar\/portalurbano\/wp-content\/uploads\/2021\/02\/nueva-energia-150x150.jpg",150,150,true],"medium":["https:\/\/experienciadevida.com.ar\/portalurbano\/wp-content\/uploads\/2021\/02\/nueva-energia-300x231.jpg",300,231,true],"medium_large":["https:\/\/experienciadevida.com.ar\/portalurbano\/wp-content\/uploads\/2021\/02\/nueva-energia.jpg",640,493,false],"large":["https:\/\/experienciadevida.com.ar\/portalurbano\/wp-content\/uploads\/2021\/02\/nueva-energia.jpg",640,493,false],"ug_big":["https:\/\/experienciadevida.com.ar\/portalurbano\/wp-content\/uploads\/2021\/02\/nueva-energia.jpg",722,556,false],"1536x1536":["https:\/\/experienciadevida.com.ar\/portalurbano\/wp-content\/uploads\/2021\/02\/nueva-energia.jpg",722,556,false],"2048x2048":["https:\/\/experienciadevida.com.ar\/portalurbano\/wp-content\/uploads\/2021\/02\/nueva-energia.jpg",722,556,false],"newsever-slider-full":["https:\/\/experienciadevida.com.ar\/portalurbano\/wp-content\/uploads\/2021\/02\/nueva-energia.jpg",722,556,false],"newsever-featured":["https:\/\/experienciadevida.com.ar\/portalurbano\/wp-content\/uploads\/2021\/02\/nueva-energia.jpg",722,556,false],"newsever-medium":["https:\/\/experienciadevida.com.ar\/portalurbano\/wp-content\/uploads\/2021\/02\/nueva-energia.jpg",617,475,false],"web-stories-poster-portrait":["https:\/\/experienciadevida.com.ar\/portalurbano\/wp-content\/uploads\/2021\/02\/nueva-energia.jpg",640,493,false],"web-stories-publisher-logo":["https:\/\/experienciadevida.com.ar\/portalurbano\/wp-content\/uploads\/2021\/02\/nueva-energia.jpg",96,74,false],"web-stories-thumbnail":["https:\/\/experienciadevida.com.ar\/portalurbano\/wp-content\/uploads\/2021\/02\/nueva-energia.jpg",150,116,false]},"author_info":{"display_name":"admpu17wp","author_link":"https:\/\/experienciadevida.com.ar\/portalurbano\/author\/admpu17wp\/"},"category_info":"<a href=\"https:\/\/experienciadevida.com.ar\/portalurbano\/category\/ciudad\/\" rel=\"category tag\">Ciudad<\/a> <a href=\"https:\/\/experienciadevida.com.ar\/portalurbano\/category\/destacadas\/\" rel=\"category tag\">Destacadas<\/a>","tag_info":"Destacadas","comment_count":"0","amp_enabled":true,"_links":{"self":[{"href":"https:\/\/experienciadevida.com.ar\/portalurbano\/wp-json\/wp\/v2\/posts\/134761"}],"collection":[{"href":"https:\/\/experienciadevida.com.ar\/portalurbano\/wp-json\/wp\/v2\/posts"}],"about":[{"href":"https:\/\/experienciadevida.com.ar\/portalurbano\/wp-json\/wp\/v2\/types\/post"}],"author":[{"embeddable":true,"href":"https:\/\/experienciadevida.com.ar\/portalurbano\/wp-json\/wp\/v2\/users\/1"}],"replies":[{"embeddable":true,"href":"https:\/\/experienciadevida.com.ar\/portalurbano\/wp-json\/wp\/v2\/comments?post=134761"}],"version-history":[{"count":3,"href":"https:\/\/experienciadevida.com.ar\/portalurbano\/wp-json\/wp\/v2\/posts\/134761\/revisions"}],"predecessor-version":[{"id":134767,"href":"https:\/\/experienciadevida.com.ar\/portalurbano\/wp-json\/wp\/v2\/posts\/134761\/revisions\/134767"}],"wp:featuredmedia":[{"embeddable":true,"href":"https:\/\/experienciadevida.com.ar\/portalurbano\/wp-json\/wp\/v2\/media\/134160"}],"wp:attachment":[{"href":"https:\/\/experienciadevida.com.ar\/portalurbano\/wp-json\/wp\/v2\/media?parent=134761"}],"wp:term":[{"taxonomy":"category","embeddable":true,"href":"https:\/\/experienciadevida.com.ar\/portalurbano\/wp-json\/wp\/v2\/categories?post=134761"},{"taxonomy":"post_tag","embeddable":true,"href":"https:\/\/experienciadevida.com.ar\/portalurbano\/wp-json\/wp\/v2\/tags?post=134761"}],"curies":[{"name":"wp","href":"https:\/\/api.w.org\/{rel}","templated":true}]}}