{"id":134704,"date":"2021-02-09T14:31:47","date_gmt":"2021-02-09T17:31:47","guid":{"rendered":"https:\/\/experienciadevida.com.ar\/portalurbano\/?p=134704"},"modified":"2021-02-09T14:32:16","modified_gmt":"2021-02-09T17:32:16","slug":"durante-febrero-continua-la-inscripcion-a-carreras-en-la-facultad-de-ciencias-sociales","status":"publish","type":"post","link":"https:\/\/experienciadevida.com.ar\/portalurbano\/durante-febrero-continua-la-inscripcion-a-carreras-en-la-facultad-de-ciencias-sociales\/","title":{"rendered":"Durante febrero contin\u00faa la inscripci\u00f3n a carreras en la Facultad de Ciencias Sociales"},"content":{"rendered":"<p>Durante febrero contin\u00faa la inscripci\u00f3n a carreras en la<a href=\"https:\/\/www.facebook.com\/facultadcienciassociales.unicen\"> Facultad de Ciencias Sociales.<\/a><\/p>\n<p>En la Facultad de Ciencias Sociales de la UNICEN contin\u00faa abierto el per\u00edodo de inscripci\u00f3n para el ingreso al presente ciclo acad\u00e9mico hasta el 26 de febrero. El Curso Introductorio a la Vida Universitaria (CIVU) tendr\u00e1 lugar desde el 1\u00ba al 26 de marzo a trav\u00e9s de la plataforma Moodle Sociales Virtual.<\/p>\n<p>Hasta el 26 de febrero est\u00e1 abierto el per\u00edodo de inscripci\u00f3n a las seis carreras de grado que se ofrecen en la Facultad de Ciencias Sociales: Licenciatura en Comunicaci\u00f3n Social; Licenciatura en Antropolog\u00eda orientaci\u00f3n Social; Licenciatura en Antropolog\u00eda orientaci\u00f3n Arqueolog\u00eda; Periodismo y Profesorados en Comunicaci\u00f3n Social y Antropolog\u00eda, correspondiente al ciclo acad\u00e9mico 2021.<\/p>\n<p>Estas carreras son elegidas a\u00f1o a a\u00f1o por j\u00f3venes de Olavarr\u00eda, de ciudades de la provincia de Buenos Aires y provincias lim\u00edtrofes para cursar sus estudios universitarios. La unidad acad\u00e9mica es una instituci\u00f3n de referencia permanente para Olavarr\u00eda y la regi\u00f3n en el \u00e1mbito de la ciencia y la investigaci\u00f3n, con articulaci\u00f3n permanente con organismos nacionales e internacionales de investigaci\u00f3n.<\/p>\n<p>Debido a la emergencia sanitaria el Curso de Introducci\u00f3n a la Vida Universitaria (CIVU) se realizar\u00e1 de manera virtual. Luego, el inicio de clases en el primer cuatrimestre 2021 ser\u00e1 bajo la modalidad virtual a trav\u00e9s del campus Sociales Virtual, garantizando de esta manera el acceso a la cursada a todos\/as los\/as estudiantes a lo largo del cuatrimestre. Paulatinamente, en el marco del plan de regreso a la presencialidad que la instituci\u00f3n se encuentra trabajando, se contempla la combinaci\u00f3n de clases virtuales con clases presenciales, en algunas materias estrat\u00e9gicas para la formaci\u00f3n, ya sea por su componente pr\u00e1ctico o por tratarse de materias de los primeros o \u00faltimos a\u00f1os de las carreras.<\/p>\n<p>Inscripci\u00f3n digital<\/p>\n<p>El proceso de inscripci\u00f3n se realiza de manera \u00edntegramente virtual a trav\u00e9s de la p\u00e1gina web www.soc.unicen.edu.ar, hasta el 26 de febrero, sin necesidad de que el o la aspirante concurra a la sede de la facultad.<\/p>\n<p>Al ingresar en la web a la opci\u00f3n de Inscripci\u00f3n a carreras, se debe completar el formulario de preinscripci\u00f3n y guardar como PDF las cuatro planillas que genera el sistema. Una vez resuelta esta instancia, los interesados deber\u00e1n reunir su t\u00edtulo secundario (fotocopia autenticada) o constancia de t\u00edtulo en tr\u00e1mite, fotocopia de DNI y partida de nacimiento y la ficha de salud que se descarga desde el sitio web institucional de la FACSO, y digitalizar toda la documentaci\u00f3n. En caso de aspirantes que adeuden materias del secundario podr\u00e1n inscribirse presentando certificado de materias adeudadas.<\/p>\n<p>Esta documentaci\u00f3n digital y los PDF del formulario de preinscripci\u00f3n, se deber\u00e1 enviar al Departamento de Alumnos \u00fanicamente por e-mail a inscripcioncarrerafacso@gmail.com. Por consultas sobre este proceso podr\u00e1n comunicarse por Whatsapp de 9 a 13 hs. al n\u00famero 02284 15621525 (se solicita canalizar consultas por medios digitales y evitar concurrir a la sede).<\/p>\n<p>Las consultas para obtener m\u00e1s informaci\u00f3n sobre las carreras deber\u00e1n realizarse exclusivamente por e-mail a futuros.estudiantes@soc.unicen.edu.ar o al celular 02284-15500331.<\/p>\n","protected":false},"excerpt":{"rendered":"<p>Durante febrero contin\u00faa la inscripci\u00f3n a carreras en la Facultad de Ciencias Sociales. En la&#8230;<\/p>\n","protected":false},"author":1,"featured_media":134705,"comment_status":"closed","ping_status":"closed","sticky":false,"template":"","format":"standard","meta":{"content-type":""},"categories":[27,64],"tags":[],"nelio_content":{"isAutoShareEnabled":false,"autoShareEndMode":"default","automationSources":{"useContentSentences":true,"useSocialTemplates":true,"useCustomSentences":false,"customSentences":[]},"followers":[1],"suggestedReferences":[],"includedReferences":[],"efiUrl":"","efiAlt":"","highlights":[]},"yoast_head":"<!-- This site is optimized with the Yoast SEO plugin v20.7 - https:\/\/yoast.com\/wordpress\/plugins\/seo\/ -->\n<title>Durante febrero contin\u00faa la inscripci\u00f3n a carreras en la facultad<\/title>\n<meta name=\"description\" content=\"Durante febrero contin\u00faa la inscripci\u00f3n a carreras en la Facultad de Ciencias Sociales, tendr\u00e1 lugar desde el primero de marzo hasta el 26.\" \/>\n<meta name=\"robots\" content=\"index, follow, max-snippet:-1, max-image-preview:large, max-video-preview:-1\" \/>\n<link rel=\"canonical\" href=\"https:\/\/experienciadevida.com.ar\/portalurbano\/durante-febrero-continua-la-inscripcion-a-carreras-en-la-facultad-de-ciencias-sociales\/\" \/>\n<meta property=\"og:locale\" content=\"es_ES\" \/>\n<meta property=\"og:type\" content=\"article\" \/>\n<meta property=\"og:title\" content=\"Durante febrero contin\u00faa la inscripci\u00f3n a carreras en la facultad\" \/>\n<meta property=\"og:description\" content=\"Durante febrero contin\u00faa la inscripci\u00f3n a carreras en la Facultad de Ciencias Sociales, tendr\u00e1 lugar desde el primero de marzo hasta el 26.\" \/>\n<meta property=\"og:url\" content=\"https:\/\/experienciadevida.com.ar\/portalurbano\/durante-febrero-continua-la-inscripcion-a-carreras-en-la-facultad-de-ciencias-sociales\/\" \/>\n<meta property=\"article:publisher\" content=\"https:\/\/www.facebook.com\/Portal-Urbano-171542830093757\/\" \/>\n<meta property=\"article:published_time\" content=\"2021-02-09T17:31:47+00:00\" \/>\n<meta property=\"article:modified_time\" content=\"2021-02-09T17:32:16+00:00\" \/>\n<meta property=\"og:image\" content=\"https:\/\/experienciadevida.com.ar\/portalurbano\/wp-content\/uploads\/2021\/02\/Durante-febrero-continua-la-inscripcion.jpg\" \/>\n\t<meta property=\"og:image:width\" content=\"1366\" \/>\n\t<meta property=\"og:image:height\" content=\"666\" \/>\n\t<meta property=\"og:image:type\" content=\"image\/jpeg\" \/>\n<meta name=\"author\" content=\"admpu17wp\" \/>\n<meta name=\"twitter:card\" content=\"summary_large_image\" \/>\n<meta name=\"twitter:creator\" content=\"@portalurbanook\" \/>\n<meta name=\"twitter:site\" content=\"@portalurbanook\" \/>\n<meta name=\"twitter:label1\" content=\"Escrito por\" \/>\n\t<meta name=\"twitter:data1\" content=\"admpu17wp\" \/>\n\t<meta name=\"twitter:label2\" content=\"Tiempo de lectura\" \/>\n\t<meta name=\"twitter:data2\" content=\"3 minutos\" \/>\n<script type=\"application\/ld+json\" class=\"yoast-schema-graph\">{\"@context\":\"https:\/\/schema.org\",\"@graph\":[{\"@type\":\"Article\",\"@id\":\"https:\/\/experienciadevida.com.ar\/portalurbano\/durante-febrero-continua-la-inscripcion-a-carreras-en-la-facultad-de-ciencias-sociales\/#article\",\"isPartOf\":{\"@id\":\"https:\/\/experienciadevida.com.ar\/portalurbano\/durante-febrero-continua-la-inscripcion-a-carreras-en-la-facultad-de-ciencias-sociales\/\"},\"author\":{\"name\":\"admpu17wp\",\"@id\":\"https:\/\/experienciadevida.com.ar\/portalurbano\/#\/schema\/person\/02dd326b1c4b056e9cc972486934a3a7\"},\"headline\":\"Durante febrero contin\u00faa la inscripci\u00f3n a carreras en la Facultad de Ciencias Sociales\",\"datePublished\":\"2021-02-09T17:31:47+00:00\",\"dateModified\":\"2021-02-09T17:32:16+00:00\",\"mainEntityOfPage\":{\"@id\":\"https:\/\/experienciadevida.com.ar\/portalurbano\/durante-febrero-continua-la-inscripcion-a-carreras-en-la-facultad-de-ciencias-sociales\/\"},\"wordCount\":571,\"publisher\":{\"@id\":\"https:\/\/experienciadevida.com.ar\/portalurbano\/#organization\"},\"articleSection\":[\"Ciudad\",\"Destacadas 2\"],\"inLanguage\":\"es\"},{\"@type\":\"WebPage\",\"@id\":\"https:\/\/experienciadevida.com.ar\/portalurbano\/durante-febrero-continua-la-inscripcion-a-carreras-en-la-facultad-de-ciencias-sociales\/\",\"url\":\"https:\/\/experienciadevida.com.ar\/portalurbano\/durante-febrero-continua-la-inscripcion-a-carreras-en-la-facultad-de-ciencias-sociales\/\",\"name\":\"Durante febrero contin\u00faa la inscripci\u00f3n a carreras en la facultad\",\"isPartOf\":{\"@id\":\"https:\/\/experienciadevida.com.ar\/portalurbano\/#website\"},\"datePublished\":\"2021-02-09T17:31:47+00:00\",\"dateModified\":\"2021-02-09T17:32:16+00:00\",\"description\":\"Durante febrero contin\u00faa la inscripci\u00f3n a carreras en la Facultad de Ciencias Sociales, tendr\u00e1 lugar desde el primero de marzo hasta el 26.\",\"breadcrumb\":{\"@id\":\"https:\/\/experienciadevida.com.ar\/portalurbano\/durante-febrero-continua-la-inscripcion-a-carreras-en-la-facultad-de-ciencias-sociales\/#breadcrumb\"},\"inLanguage\":\"es\",\"potentialAction\":[{\"@type\":\"ReadAction\",\"target\":[\"https:\/\/experienciadevida.com.ar\/portalurbano\/durante-febrero-continua-la-inscripcion-a-carreras-en-la-facultad-de-ciencias-sociales\/\"]}]},{\"@type\":\"BreadcrumbList\",\"@id\":\"https:\/\/experienciadevida.com.ar\/portalurbano\/durante-febrero-continua-la-inscripcion-a-carreras-en-la-facultad-de-ciencias-sociales\/#breadcrumb\",\"itemListElement\":[{\"@type\":\"ListItem\",\"position\":1,\"name\":\"Portada\",\"item\":\"https:\/\/experienciadevida.com.ar\/portalurbano\/\"},{\"@type\":\"ListItem\",\"position\":2,\"name\":\"Durante febrero contin\u00faa la inscripci\u00f3n a carreras en la Facultad de Ciencias Sociales\"}]},{\"@type\":\"WebSite\",\"@id\":\"https:\/\/experienciadevida.com.ar\/portalurbano\/#website\",\"url\":\"https:\/\/experienciadevida.com.ar\/portalurbano\/\",\"name\":\"\",\"description\":\"\",\"publisher\":{\"@id\":\"https:\/\/experienciadevida.com.ar\/portalurbano\/#organization\"},\"potentialAction\":[{\"@type\":\"SearchAction\",\"target\":{\"@type\":\"EntryPoint\",\"urlTemplate\":\"https:\/\/experienciadevida.com.ar\/portalurbano\/?s={search_term_string}\"},\"query-input\":\"required name=search_term_string\"}],\"inLanguage\":\"es\"},{\"@type\":\"Organization\",\"@id\":\"https:\/\/experienciadevida.com.ar\/portalurbano\/#organization\",\"name\":\"Portal Urbano\",\"url\":\"https:\/\/experienciadevida.com.ar\/portalurbano\/\",\"logo\":{\"@type\":\"ImageObject\",\"inLanguage\":\"es\",\"@id\":\"https:\/\/experienciadevida.com.ar\/portalurbano\/#\/schema\/logo\/image\/\",\"url\":\"https:\/\/experienciadevida.com.ar\/portalurbano\/wp-content\/uploads\/2019\/09\/Logo-Original.png\",\"contentUrl\":\"https:\/\/experienciadevida.com.ar\/portalurbano\/wp-content\/uploads\/2019\/09\/Logo-Original.png\",\"width\":2236,\"height\":1216,\"caption\":\"Portal Urbano\"},\"image\":{\"@id\":\"https:\/\/experienciadevida.com.ar\/portalurbano\/#\/schema\/logo\/image\/\"},\"sameAs\":[\"https:\/\/www.facebook.com\/Portal-Urbano-171542830093757\/\",\"https:\/\/twitter.com\/portalurbanook\",\"https:\/\/www.instagram.com\/_portalurbano\/\",\"https:\/\/www.youtube.com\/channel\/UCXhagIfszH8KxFiOok79zbA?view_as=subscriber\"]},{\"@type\":\"Person\",\"@id\":\"https:\/\/experienciadevida.com.ar\/portalurbano\/#\/schema\/person\/02dd326b1c4b056e9cc972486934a3a7\",\"name\":\"admpu17wp\",\"image\":{\"@type\":\"ImageObject\",\"inLanguage\":\"es\",\"@id\":\"https:\/\/experienciadevida.com.ar\/portalurbano\/#\/schema\/person\/image\/\",\"url\":\"https:\/\/secure.gravatar.com\/avatar\/830d4c57adaae6630765e449a6908047?s=96&d=mm&r=g\",\"contentUrl\":\"https:\/\/secure.gravatar.com\/avatar\/830d4c57adaae6630765e449a6908047?s=96&d=mm&r=g\",\"caption\":\"admpu17wp\"}}]}<\/script>\n<!-- \/ Yoast SEO plugin. -->","yoast_head_json":{"title":"Durante febrero contin\u00faa la inscripci\u00f3n a carreras en la facultad","description":"Durante febrero contin\u00faa la inscripci\u00f3n a carreras en la Facultad de Ciencias Sociales, tendr\u00e1 lugar desde el primero de marzo hasta el 26.","robots":{"index":"index","follow":"follow","max-snippet":"max-snippet:-1","max-image-preview":"max-image-preview:large","max-video-preview":"max-video-preview:-1"},"canonical":"https:\/\/experienciadevida.com.ar\/portalurbano\/durante-febrero-continua-la-inscripcion-a-carreras-en-la-facultad-de-ciencias-sociales\/","og_locale":"es_ES","og_type":"article","og_title":"Durante febrero contin\u00faa la inscripci\u00f3n a carreras en la facultad","og_description":"Durante febrero contin\u00faa la inscripci\u00f3n a carreras en la Facultad de Ciencias Sociales, tendr\u00e1 lugar desde el primero de marzo hasta el 26.","og_url":"https:\/\/experienciadevida.com.ar\/portalurbano\/durante-febrero-continua-la-inscripcion-a-carreras-en-la-facultad-de-ciencias-sociales\/","article_publisher":"https:\/\/www.facebook.com\/Portal-Urbano-171542830093757\/","article_published_time":"2021-02-09T17:31:47+00:00","article_modified_time":"2021-02-09T17:32:16+00:00","og_image":[{"width":1366,"height":666,"url":"https:\/\/experienciadevida.com.ar\/portalurbano\/wp-content\/uploads\/2021\/02\/Durante-febrero-continua-la-inscripcion.jpg","type":"image\/jpeg"}],"author":"admpu17wp","twitter_card":"summary_large_image","twitter_creator":"@portalurbanook","twitter_site":"@portalurbanook","twitter_misc":{"Escrito por":"admpu17wp","Tiempo de lectura":"3 minutos"},"schema":{"@context":"https:\/\/schema.org","@graph":[{"@type":"Article","@id":"https:\/\/experienciadevida.com.ar\/portalurbano\/durante-febrero-continua-la-inscripcion-a-carreras-en-la-facultad-de-ciencias-sociales\/#article","isPartOf":{"@id":"https:\/\/experienciadevida.com.ar\/portalurbano\/durante-febrero-continua-la-inscripcion-a-carreras-en-la-facultad-de-ciencias-sociales\/"},"author":{"name":"admpu17wp","@id":"https:\/\/experienciadevida.com.ar\/portalurbano\/#\/schema\/person\/02dd326b1c4b056e9cc972486934a3a7"},"headline":"Durante febrero contin\u00faa la inscripci\u00f3n a carreras en la Facultad de Ciencias Sociales","datePublished":"2021-02-09T17:31:47+00:00","dateModified":"2021-02-09T17:32:16+00:00","mainEntityOfPage":{"@id":"https:\/\/experienciadevida.com.ar\/portalurbano\/durante-febrero-continua-la-inscripcion-a-carreras-en-la-facultad-de-ciencias-sociales\/"},"wordCount":571,"publisher":{"@id":"https:\/\/experienciadevida.com.ar\/portalurbano\/#organization"},"articleSection":["Ciudad","Destacadas 2"],"inLanguage":"es"},{"@type":"WebPage","@id":"https:\/\/experienciadevida.com.ar\/portalurbano\/durante-febrero-continua-la-inscripcion-a-carreras-en-la-facultad-de-ciencias-sociales\/","url":"https:\/\/experienciadevida.com.ar\/portalurbano\/durante-febrero-continua-la-inscripcion-a-carreras-en-la-facultad-de-ciencias-sociales\/","name":"Durante febrero contin\u00faa la inscripci\u00f3n a carreras en la facultad","isPartOf":{"@id":"https:\/\/experienciadevida.com.ar\/portalurbano\/#website"},"datePublished":"2021-02-09T17:31:47+00:00","dateModified":"2021-02-09T17:32:16+00:00","description":"Durante febrero contin\u00faa la inscripci\u00f3n a carreras en la Facultad de Ciencias Sociales, tendr\u00e1 lugar desde el primero de marzo hasta el 26.","breadcrumb":{"@id":"https:\/\/experienciadevida.com.ar\/portalurbano\/durante-febrero-continua-la-inscripcion-a-carreras-en-la-facultad-de-ciencias-sociales\/#breadcrumb"},"inLanguage":"es","potentialAction":[{"@type":"ReadAction","target":["https:\/\/experienciadevida.com.ar\/portalurbano\/durante-febrero-continua-la-inscripcion-a-carreras-en-la-facultad-de-ciencias-sociales\/"]}]},{"@type":"BreadcrumbList","@id":"https:\/\/experienciadevida.com.ar\/portalurbano\/durante-febrero-continua-la-inscripcion-a-carreras-en-la-facultad-de-ciencias-sociales\/#breadcrumb","itemListElement":[{"@type":"ListItem","position":1,"name":"Portada","item":"https:\/\/experienciadevida.com.ar\/portalurbano\/"},{"@type":"ListItem","position":2,"name":"Durante febrero contin\u00faa la inscripci\u00f3n a carreras en la Facultad de Ciencias Sociales"}]},{"@type":"WebSite","@id":"https:\/\/experienciadevida.com.ar\/portalurbano\/#website","url":"https:\/\/experienciadevida.com.ar\/portalurbano\/","name":"","description":"","publisher":{"@id":"https:\/\/experienciadevida.com.ar\/portalurbano\/#organization"},"potentialAction":[{"@type":"SearchAction","target":{"@type":"EntryPoint","urlTemplate":"https:\/\/experienciadevida.com.ar\/portalurbano\/?s={search_term_string}"},"query-input":"required name=search_term_string"}],"inLanguage":"es"},{"@type":"Organization","@id":"https:\/\/experienciadevida.com.ar\/portalurbano\/#organization","name":"Portal Urbano","url":"https:\/\/experienciadevida.com.ar\/portalurbano\/","logo":{"@type":"ImageObject","inLanguage":"es","@id":"https:\/\/experienciadevida.com.ar\/portalurbano\/#\/schema\/logo\/image\/","url":"https:\/\/experienciadevida.com.ar\/portalurbano\/wp-content\/uploads\/2019\/09\/Logo-Original.png","contentUrl":"https:\/\/experienciadevida.com.ar\/portalurbano\/wp-content\/uploads\/2019\/09\/Logo-Original.png","width":2236,"height":1216,"caption":"Portal Urbano"},"image":{"@id":"https:\/\/experienciadevida.com.ar\/portalurbano\/#\/schema\/logo\/image\/"},"sameAs":["https:\/\/www.facebook.com\/Portal-Urbano-171542830093757\/","https:\/\/twitter.com\/portalurbanook","https:\/\/www.instagram.com\/_portalurbano\/","https:\/\/www.youtube.com\/channel\/UCXhagIfszH8KxFiOok79zbA?view_as=subscriber"]},{"@type":"Person","@id":"https:\/\/experienciadevida.com.ar\/portalurbano\/#\/schema\/person\/02dd326b1c4b056e9cc972486934a3a7","name":"admpu17wp","image":{"@type":"ImageObject","inLanguage":"es","@id":"https:\/\/experienciadevida.com.ar\/portalurbano\/#\/schema\/person\/image\/","url":"https:\/\/secure.gravatar.com\/avatar\/830d4c57adaae6630765e449a6908047?s=96&d=mm&r=g","contentUrl":"https:\/\/secure.gravatar.com\/avatar\/830d4c57adaae6630765e449a6908047?s=96&d=mm&r=g","caption":"admpu17wp"}}]}},"featured_image_urls":{"full":["https:\/\/experienciadevida.com.ar\/portalurbano\/wp-content\/uploads\/2021\/02\/Durante-febrero-continua-la-inscripcion.jpg",1366,666,false],"thumbnail":["https:\/\/experienciadevida.com.ar\/portalurbano\/wp-content\/uploads\/2021\/02\/Durante-febrero-continua-la-inscripcion-150x150.jpg",150,150,true],"medium":["https:\/\/experienciadevida.com.ar\/portalurbano\/wp-content\/uploads\/2021\/02\/Durante-febrero-continua-la-inscripcion-300x146.jpg",300,146,true],"medium_large":["https:\/\/experienciadevida.com.ar\/portalurbano\/wp-content\/uploads\/2021\/02\/Durante-febrero-continua-la-inscripcion-768x374.jpg",640,312,true],"large":["https:\/\/experienciadevida.com.ar\/portalurbano\/wp-content\/uploads\/2021\/02\/Durante-febrero-continua-la-inscripcion-1024x499.jpg",640,312,true],"ug_big":["https:\/\/experienciadevida.com.ar\/portalurbano\/wp-content\/uploads\/2021\/02\/Durante-febrero-continua-la-inscripcion-768x374.jpg",768,374,true],"1536x1536":["https:\/\/experienciadevida.com.ar\/portalurbano\/wp-content\/uploads\/2021\/02\/Durante-febrero-continua-la-inscripcion.jpg",1366,666,false],"2048x2048":["https:\/\/experienciadevida.com.ar\/portalurbano\/wp-content\/uploads\/2021\/02\/Durante-febrero-continua-la-inscripcion.jpg",1366,666,false],"newsever-slider-full":["https:\/\/experienciadevida.com.ar\/portalurbano\/wp-content\/uploads\/2021\/02\/Durante-febrero-continua-la-inscripcion.jpg",1280,624,false],"newsever-featured":["https:\/\/experienciadevida.com.ar\/portalurbano\/wp-content\/uploads\/2021\/02\/Durante-febrero-continua-la-inscripcion.jpg",1024,499,false],"newsever-medium":["https:\/\/experienciadevida.com.ar\/portalurbano\/wp-content\/uploads\/2021\/02\/Durante-febrero-continua-la-inscripcion.jpg",720,351,false],"web-stories-poster-portrait":["https:\/\/experienciadevida.com.ar\/portalurbano\/wp-content\/uploads\/2021\/02\/Durante-febrero-continua-la-inscripcion.jpg",640,312,false],"web-stories-publisher-logo":["https:\/\/experienciadevida.com.ar\/portalurbano\/wp-content\/uploads\/2021\/02\/Durante-febrero-continua-la-inscripcion.jpg",96,47,false],"web-stories-thumbnail":["https:\/\/experienciadevida.com.ar\/portalurbano\/wp-content\/uploads\/2021\/02\/Durante-febrero-continua-la-inscripcion.jpg",150,73,false]},"author_info":{"display_name":"admpu17wp","author_link":"https:\/\/experienciadevida.com.ar\/portalurbano\/author\/admpu17wp\/"},"category_info":"<a href=\"https:\/\/experienciadevida.com.ar\/portalurbano\/category\/ciudad\/\" rel=\"category tag\">Ciudad<\/a> <a href=\"https:\/\/experienciadevida.com.ar\/portalurbano\/category\/destacadas-2\/\" rel=\"category tag\">Destacadas 2<\/a>","tag_info":"Destacadas 2","comment_count":"0","amp_enabled":true,"_links":{"self":[{"href":"https:\/\/experienciadevida.com.ar\/portalurbano\/wp-json\/wp\/v2\/posts\/134704"}],"collection":[{"href":"https:\/\/experienciadevida.com.ar\/portalurbano\/wp-json\/wp\/v2\/posts"}],"about":[{"href":"https:\/\/experienciadevida.com.ar\/portalurbano\/wp-json\/wp\/v2\/types\/post"}],"author":[{"embeddable":true,"href":"https:\/\/experienciadevida.com.ar\/portalurbano\/wp-json\/wp\/v2\/users\/1"}],"replies":[{"embeddable":true,"href":"https:\/\/experienciadevida.com.ar\/portalurbano\/wp-json\/wp\/v2\/comments?post=134704"}],"version-history":[{"count":1,"href":"https:\/\/experienciadevida.com.ar\/portalurbano\/wp-json\/wp\/v2\/posts\/134704\/revisions"}],"predecessor-version":[{"id":134706,"href":"https:\/\/experienciadevida.com.ar\/portalurbano\/wp-json\/wp\/v2\/posts\/134704\/revisions\/134706"}],"wp:featuredmedia":[{"embeddable":true,"href":"https:\/\/experienciadevida.com.ar\/portalurbano\/wp-json\/wp\/v2\/media\/134705"}],"wp:attachment":[{"href":"https:\/\/experienciadevida.com.ar\/portalurbano\/wp-json\/wp\/v2\/media?parent=134704"}],"wp:term":[{"taxonomy":"category","embeddable":true,"href":"https:\/\/experienciadevida.com.ar\/portalurbano\/wp-json\/wp\/v2\/categories?post=134704"},{"taxonomy":"post_tag","embeddable":true,"href":"https:\/\/experienciadevida.com.ar\/portalurbano\/wp-json\/wp\/v2\/tags?post=134704"}],"curies":[{"name":"wp","href":"https:\/\/api.w.org\/{rel}","templated":true}]}}