{"id":134633,"date":"2021-02-08T14:48:14","date_gmt":"2021-02-08T17:48:14","guid":{"rendered":"https:\/\/experienciadevida.com.ar\/portalurbano\/?p=134633"},"modified":"2021-02-08T14:48:36","modified_gmt":"2021-02-08T17:48:36","slug":"este-martes-la-familia-de-enzo-marconi-se-movilizara-a-un-ano-de-su-muerte","status":"publish","type":"post","link":"https:\/\/experienciadevida.com.ar\/portalurbano\/este-martes-la-familia-de-enzo-marconi-se-movilizara-a-un-ano-de-su-muerte\/","title":{"rendered":"Este martes la familia de Enzo Marconi se movilizar\u00e1 a un a\u00f1o de su muerte"},"content":{"rendered":"<p>Este martes la familia de Enzo Marconi se movilizar\u00e1 a un a\u00f1o de su muerte. Yesica Salguero la mam\u00e1 del joven de 15 a\u00f1os convoca a una movilizaci\u00f3n en el Paseo Jes\u00fas Mend\u00eda a las 19hs para seguir pidiendo justicia.<\/p>\n<p><a href=\"https:\/\/experienciadevida.com.ar\/portalurbano\/barrio-jardin-recibio-un-disparo-en-el-abdomen-y-murio\/\">El hecho ocurri\u00f3 el 9 de febrero del 2020, cuando un joven de 15 a\u00f1os recibi\u00f3 un disparo<\/a> en el abdomen que le provoc\u00f3 la muerte luego de ser trasladado de urgencia hacia el Hospital Municipal.<\/p>\n<p>El joven se encontraba al momento del hecho con un grupo de amigos todos ellos menores, reunidos en un sector del monoblock 9 del barrio jard\u00edn. Todo se habr\u00eda originado cuando un grupo de menores manipulaba un arma de fuego\u00a0 y a uno de ellos se le habr\u00eda escapado el tiro que impacto en el abdomen de Marconi.<\/p>\n<p>El joven llego en estado grave al hospital luego de ser trasladado por una ambulancia hacia ese nosocomio acompa\u00f1ado de un operativo que realizo polic\u00eda local para realizar el traslado lo m\u00e1s r\u00e1pido posibilite dada la gravedad del caso, a pesar de los esfuerzos el joven perdi\u00f3 la vida.<\/p>\n<p>Desde ese d\u00eda la mam\u00e1 junto la familia incansablemente pidieron justicia, desde movilizaciones hasta homenajes. En esta ocasi\u00f3n este martes la familia realizar\u00e1 una movilizaci\u00f3n y la convocatoria ser\u00e1 en el Paseo Jes\u00fas Mend\u00eda a las 19hs.<\/p>\n<p>En reiteradas ocasiones su mam\u00e1 <a href=\"https:\/\/www.facebook.com\/yesica.salguero.1\">Yesica Salguero<\/a> mencion\u00f3 a este medio de comunicaci\u00f3n que &#8220;Enzo no va a hacer olvidado mientras yo respire y el pedido de renuncia de la Fiscal que tiene la causa&#8221;.<\/p>\n<p>El \u00faltimo homenaje que se hizo fue el 9 de enero en el barrio jard\u00edn, all\u00ed se hicieron presentes familiares y amigos para seguir pidiendo justicia por el joven, donde Yesica mencion\u00f3 que\u00a0 la causa segu\u00eda igual sin avances.<\/p>\n<p>Adem\u00e1s mencion\u00f3 &#8220;<a href=\"https:\/\/experienciadevida.com.ar\/portalurbano\/familiares-recordaron-a-enzo-marconi-en-el-barrio-jardin\/\">se nota mucho la ausencia de mi hijo, me super\u00f3 todo&#8221;.<\/a><\/p>\n<p>Es por esto que pide el acompa\u00f1amiento de la gente para que no suceda nunca m\u00e1s.<\/p>\n","protected":false},"excerpt":{"rendered":"<p>Este martes la familia de Enzo Marconi se movilizar\u00e1 a un a\u00f1o de su muerte&#8230;.<\/p>\n","protected":false},"author":1,"featured_media":132027,"comment_status":"closed","ping_status":"closed","sticky":false,"template":"","format":"standard","meta":{"content-type":""},"categories":[27,64],"tags":[],"nelio_content":{"isAutoShareEnabled":false,"autoShareEndMode":"default","automationSources":{"useContentSentences":true,"useSocialTemplates":true,"useCustomSentences":false,"customSentences":[]},"followers":[1],"suggestedReferences":[],"includedReferences":[],"efiUrl":"","efiAlt":"","highlights":[]},"yoast_head":"<!-- This site is optimized with the Yoast SEO plugin v20.7 - https:\/\/yoast.com\/wordpress\/plugins\/seo\/ -->\n<title>Este martes la familia de Marconi se movilizar\u00e1 a un a\u00f1o de su muerte<\/title>\n<meta name=\"description\" content=\"Este martes la familia de Enzo Marconi se movilizar\u00e1 a un a\u00f1o de su muerte. Yesica Salguero la mam\u00e1 del joven de 15 a\u00f1os convoca a una marcha\" \/>\n<meta name=\"robots\" content=\"index, follow, max-snippet:-1, max-image-preview:large, max-video-preview:-1\" \/>\n<link rel=\"canonical\" href=\"https:\/\/experienciadevida.com.ar\/portalurbano\/este-martes-la-familia-de-enzo-marconi-se-movilizara-a-un-ano-de-su-muerte\/\" \/>\n<meta property=\"og:locale\" content=\"es_ES\" \/>\n<meta property=\"og:type\" content=\"article\" \/>\n<meta property=\"og:title\" content=\"Este martes la familia de Marconi se movilizar\u00e1 a un a\u00f1o de su muerte\" \/>\n<meta property=\"og:description\" content=\"Este martes la familia de Enzo Marconi se movilizar\u00e1 a un a\u00f1o de su muerte. Yesica Salguero la mam\u00e1 del joven de 15 a\u00f1os convoca a una marcha\" \/>\n<meta property=\"og:url\" content=\"https:\/\/experienciadevida.com.ar\/portalurbano\/este-martes-la-familia-de-enzo-marconi-se-movilizara-a-un-ano-de-su-muerte\/\" \/>\n<meta property=\"article:publisher\" content=\"https:\/\/www.facebook.com\/Portal-Urbano-171542830093757\/\" \/>\n<meta property=\"article:published_time\" content=\"2021-02-08T17:48:14+00:00\" \/>\n<meta property=\"article:modified_time\" content=\"2021-02-08T17:48:36+00:00\" \/>\n<meta property=\"og:image\" content=\"https:\/\/experienciadevida.com.ar\/portalurbano\/wp-content\/uploads\/2021\/01\/Enzo-Marconi5.jpg\" \/>\n\t<meta property=\"og:image:width\" content=\"765\" \/>\n\t<meta property=\"og:image:height\" content=\"492\" \/>\n\t<meta property=\"og:image:type\" content=\"image\/jpeg\" \/>\n<meta name=\"author\" content=\"admpu17wp\" \/>\n<meta name=\"twitter:card\" content=\"summary_large_image\" \/>\n<meta name=\"twitter:creator\" content=\"@portalurbanook\" \/>\n<meta name=\"twitter:site\" content=\"@portalurbanook\" \/>\n<meta name=\"twitter:label1\" content=\"Escrito por\" \/>\n\t<meta name=\"twitter:data1\" content=\"admpu17wp\" \/>\n\t<meta name=\"twitter:label2\" content=\"Tiempo de lectura\" \/>\n\t<meta name=\"twitter:data2\" content=\"2 minutos\" \/>\n<script type=\"application\/ld+json\" class=\"yoast-schema-graph\">{\"@context\":\"https:\/\/schema.org\",\"@graph\":[{\"@type\":\"Article\",\"@id\":\"https:\/\/experienciadevida.com.ar\/portalurbano\/este-martes-la-familia-de-enzo-marconi-se-movilizara-a-un-ano-de-su-muerte\/#article\",\"isPartOf\":{\"@id\":\"https:\/\/experienciadevida.com.ar\/portalurbano\/este-martes-la-familia-de-enzo-marconi-se-movilizara-a-un-ano-de-su-muerte\/\"},\"author\":{\"name\":\"admpu17wp\",\"@id\":\"https:\/\/experienciadevida.com.ar\/portalurbano\/#\/schema\/person\/02dd326b1c4b056e9cc972486934a3a7\"},\"headline\":\"Este martes la familia de Enzo Marconi se movilizar\u00e1 a un a\u00f1o de su muerte\",\"datePublished\":\"2021-02-08T17:48:14+00:00\",\"dateModified\":\"2021-02-08T17:48:36+00:00\",\"mainEntityOfPage\":{\"@id\":\"https:\/\/experienciadevida.com.ar\/portalurbano\/este-martes-la-familia-de-enzo-marconi-se-movilizara-a-un-ano-de-su-muerte\/\"},\"wordCount\":357,\"publisher\":{\"@id\":\"https:\/\/experienciadevida.com.ar\/portalurbano\/#organization\"},\"articleSection\":[\"Ciudad\",\"Destacadas 2\"],\"inLanguage\":\"es\"},{\"@type\":\"WebPage\",\"@id\":\"https:\/\/experienciadevida.com.ar\/portalurbano\/este-martes-la-familia-de-enzo-marconi-se-movilizara-a-un-ano-de-su-muerte\/\",\"url\":\"https:\/\/experienciadevida.com.ar\/portalurbano\/este-martes-la-familia-de-enzo-marconi-se-movilizara-a-un-ano-de-su-muerte\/\",\"name\":\"Este martes la familia de Marconi se movilizar\u00e1 a un a\u00f1o de su muerte\",\"isPartOf\":{\"@id\":\"https:\/\/experienciadevida.com.ar\/portalurbano\/#website\"},\"datePublished\":\"2021-02-08T17:48:14+00:00\",\"dateModified\":\"2021-02-08T17:48:36+00:00\",\"description\":\"Este martes la familia de Enzo Marconi se movilizar\u00e1 a un a\u00f1o de su muerte. Yesica Salguero la mam\u00e1 del joven de 15 a\u00f1os convoca a una marcha\",\"breadcrumb\":{\"@id\":\"https:\/\/experienciadevida.com.ar\/portalurbano\/este-martes-la-familia-de-enzo-marconi-se-movilizara-a-un-ano-de-su-muerte\/#breadcrumb\"},\"inLanguage\":\"es\",\"potentialAction\":[{\"@type\":\"ReadAction\",\"target\":[\"https:\/\/experienciadevida.com.ar\/portalurbano\/este-martes-la-familia-de-enzo-marconi-se-movilizara-a-un-ano-de-su-muerte\/\"]}]},{\"@type\":\"BreadcrumbList\",\"@id\":\"https:\/\/experienciadevida.com.ar\/portalurbano\/este-martes-la-familia-de-enzo-marconi-se-movilizara-a-un-ano-de-su-muerte\/#breadcrumb\",\"itemListElement\":[{\"@type\":\"ListItem\",\"position\":1,\"name\":\"Portada\",\"item\":\"https:\/\/experienciadevida.com.ar\/portalurbano\/\"},{\"@type\":\"ListItem\",\"position\":2,\"name\":\"Este martes la familia de Enzo Marconi se movilizar\u00e1 a un a\u00f1o de su muerte\"}]},{\"@type\":\"WebSite\",\"@id\":\"https:\/\/experienciadevida.com.ar\/portalurbano\/#website\",\"url\":\"https:\/\/experienciadevida.com.ar\/portalurbano\/\",\"name\":\"\",\"description\":\"\",\"publisher\":{\"@id\":\"https:\/\/experienciadevida.com.ar\/portalurbano\/#organization\"},\"potentialAction\":[{\"@type\":\"SearchAction\",\"target\":{\"@type\":\"EntryPoint\",\"urlTemplate\":\"https:\/\/experienciadevida.com.ar\/portalurbano\/?s={search_term_string}\"},\"query-input\":\"required name=search_term_string\"}],\"inLanguage\":\"es\"},{\"@type\":\"Organization\",\"@id\":\"https:\/\/experienciadevida.com.ar\/portalurbano\/#organization\",\"name\":\"Portal Urbano\",\"url\":\"https:\/\/experienciadevida.com.ar\/portalurbano\/\",\"logo\":{\"@type\":\"ImageObject\",\"inLanguage\":\"es\",\"@id\":\"https:\/\/experienciadevida.com.ar\/portalurbano\/#\/schema\/logo\/image\/\",\"url\":\"https:\/\/experienciadevida.com.ar\/portalurbano\/wp-content\/uploads\/2019\/09\/Logo-Original.png\",\"contentUrl\":\"https:\/\/experienciadevida.com.ar\/portalurbano\/wp-content\/uploads\/2019\/09\/Logo-Original.png\",\"width\":2236,\"height\":1216,\"caption\":\"Portal Urbano\"},\"image\":{\"@id\":\"https:\/\/experienciadevida.com.ar\/portalurbano\/#\/schema\/logo\/image\/\"},\"sameAs\":[\"https:\/\/www.facebook.com\/Portal-Urbano-171542830093757\/\",\"https:\/\/twitter.com\/portalurbanook\",\"https:\/\/www.instagram.com\/_portalurbano\/\",\"https:\/\/www.youtube.com\/channel\/UCXhagIfszH8KxFiOok79zbA?view_as=subscriber\"]},{\"@type\":\"Person\",\"@id\":\"https:\/\/experienciadevida.com.ar\/portalurbano\/#\/schema\/person\/02dd326b1c4b056e9cc972486934a3a7\",\"name\":\"admpu17wp\",\"image\":{\"@type\":\"ImageObject\",\"inLanguage\":\"es\",\"@id\":\"https:\/\/experienciadevida.com.ar\/portalurbano\/#\/schema\/person\/image\/\",\"url\":\"https:\/\/secure.gravatar.com\/avatar\/830d4c57adaae6630765e449a6908047?s=96&d=mm&r=g\",\"contentUrl\":\"https:\/\/secure.gravatar.com\/avatar\/830d4c57adaae6630765e449a6908047?s=96&d=mm&r=g\",\"caption\":\"admpu17wp\"}}]}<\/script>\n<!-- \/ Yoast SEO plugin. -->","yoast_head_json":{"title":"Este martes la familia de Marconi se movilizar\u00e1 a un a\u00f1o de su muerte","description":"Este martes la familia de Enzo Marconi se movilizar\u00e1 a un a\u00f1o de su muerte. Yesica Salguero la mam\u00e1 del joven de 15 a\u00f1os convoca a una marcha","robots":{"index":"index","follow":"follow","max-snippet":"max-snippet:-1","max-image-preview":"max-image-preview:large","max-video-preview":"max-video-preview:-1"},"canonical":"https:\/\/experienciadevida.com.ar\/portalurbano\/este-martes-la-familia-de-enzo-marconi-se-movilizara-a-un-ano-de-su-muerte\/","og_locale":"es_ES","og_type":"article","og_title":"Este martes la familia de Marconi se movilizar\u00e1 a un a\u00f1o de su muerte","og_description":"Este martes la familia de Enzo Marconi se movilizar\u00e1 a un a\u00f1o de su muerte. Yesica Salguero la mam\u00e1 del joven de 15 a\u00f1os convoca a una marcha","og_url":"https:\/\/experienciadevida.com.ar\/portalurbano\/este-martes-la-familia-de-enzo-marconi-se-movilizara-a-un-ano-de-su-muerte\/","article_publisher":"https:\/\/www.facebook.com\/Portal-Urbano-171542830093757\/","article_published_time":"2021-02-08T17:48:14+00:00","article_modified_time":"2021-02-08T17:48:36+00:00","og_image":[{"width":765,"height":492,"url":"https:\/\/experienciadevida.com.ar\/portalurbano\/wp-content\/uploads\/2021\/01\/Enzo-Marconi5.jpg","type":"image\/jpeg"}],"author":"admpu17wp","twitter_card":"summary_large_image","twitter_creator":"@portalurbanook","twitter_site":"@portalurbanook","twitter_misc":{"Escrito por":"admpu17wp","Tiempo de lectura":"2 minutos"},"schema":{"@context":"https:\/\/schema.org","@graph":[{"@type":"Article","@id":"https:\/\/experienciadevida.com.ar\/portalurbano\/este-martes-la-familia-de-enzo-marconi-se-movilizara-a-un-ano-de-su-muerte\/#article","isPartOf":{"@id":"https:\/\/experienciadevida.com.ar\/portalurbano\/este-martes-la-familia-de-enzo-marconi-se-movilizara-a-un-ano-de-su-muerte\/"},"author":{"name":"admpu17wp","@id":"https:\/\/experienciadevida.com.ar\/portalurbano\/#\/schema\/person\/02dd326b1c4b056e9cc972486934a3a7"},"headline":"Este martes la familia de Enzo Marconi se movilizar\u00e1 a un a\u00f1o de su muerte","datePublished":"2021-02-08T17:48:14+00:00","dateModified":"2021-02-08T17:48:36+00:00","mainEntityOfPage":{"@id":"https:\/\/experienciadevida.com.ar\/portalurbano\/este-martes-la-familia-de-enzo-marconi-se-movilizara-a-un-ano-de-su-muerte\/"},"wordCount":357,"publisher":{"@id":"https:\/\/experienciadevida.com.ar\/portalurbano\/#organization"},"articleSection":["Ciudad","Destacadas 2"],"inLanguage":"es"},{"@type":"WebPage","@id":"https:\/\/experienciadevida.com.ar\/portalurbano\/este-martes-la-familia-de-enzo-marconi-se-movilizara-a-un-ano-de-su-muerte\/","url":"https:\/\/experienciadevida.com.ar\/portalurbano\/este-martes-la-familia-de-enzo-marconi-se-movilizara-a-un-ano-de-su-muerte\/","name":"Este martes la familia de Marconi se movilizar\u00e1 a un a\u00f1o de su muerte","isPartOf":{"@id":"https:\/\/experienciadevida.com.ar\/portalurbano\/#website"},"datePublished":"2021-02-08T17:48:14+00:00","dateModified":"2021-02-08T17:48:36+00:00","description":"Este martes la familia de Enzo Marconi se movilizar\u00e1 a un a\u00f1o de su muerte. Yesica Salguero la mam\u00e1 del joven de 15 a\u00f1os convoca a una marcha","breadcrumb":{"@id":"https:\/\/experienciadevida.com.ar\/portalurbano\/este-martes-la-familia-de-enzo-marconi-se-movilizara-a-un-ano-de-su-muerte\/#breadcrumb"},"inLanguage":"es","potentialAction":[{"@type":"ReadAction","target":["https:\/\/experienciadevida.com.ar\/portalurbano\/este-martes-la-familia-de-enzo-marconi-se-movilizara-a-un-ano-de-su-muerte\/"]}]},{"@type":"BreadcrumbList","@id":"https:\/\/experienciadevida.com.ar\/portalurbano\/este-martes-la-familia-de-enzo-marconi-se-movilizara-a-un-ano-de-su-muerte\/#breadcrumb","itemListElement":[{"@type":"ListItem","position":1,"name":"Portada","item":"https:\/\/experienciadevida.com.ar\/portalurbano\/"},{"@type":"ListItem","position":2,"name":"Este martes la familia de Enzo Marconi se movilizar\u00e1 a un a\u00f1o de su muerte"}]},{"@type":"WebSite","@id":"https:\/\/experienciadevida.com.ar\/portalurbano\/#website","url":"https:\/\/experienciadevida.com.ar\/portalurbano\/","name":"","description":"","publisher":{"@id":"https:\/\/experienciadevida.com.ar\/portalurbano\/#organization"},"potentialAction":[{"@type":"SearchAction","target":{"@type":"EntryPoint","urlTemplate":"https:\/\/experienciadevida.com.ar\/portalurbano\/?s={search_term_string}"},"query-input":"required name=search_term_string"}],"inLanguage":"es"},{"@type":"Organization","@id":"https:\/\/experienciadevida.com.ar\/portalurbano\/#organization","name":"Portal Urbano","url":"https:\/\/experienciadevida.com.ar\/portalurbano\/","logo":{"@type":"ImageObject","inLanguage":"es","@id":"https:\/\/experienciadevida.com.ar\/portalurbano\/#\/schema\/logo\/image\/","url":"https:\/\/experienciadevida.com.ar\/portalurbano\/wp-content\/uploads\/2019\/09\/Logo-Original.png","contentUrl":"https:\/\/experienciadevida.com.ar\/portalurbano\/wp-content\/uploads\/2019\/09\/Logo-Original.png","width":2236,"height":1216,"caption":"Portal Urbano"},"image":{"@id":"https:\/\/experienciadevida.com.ar\/portalurbano\/#\/schema\/logo\/image\/"},"sameAs":["https:\/\/www.facebook.com\/Portal-Urbano-171542830093757\/","https:\/\/twitter.com\/portalurbanook","https:\/\/www.instagram.com\/_portalurbano\/","https:\/\/www.youtube.com\/channel\/UCXhagIfszH8KxFiOok79zbA?view_as=subscriber"]},{"@type":"Person","@id":"https:\/\/experienciadevida.com.ar\/portalurbano\/#\/schema\/person\/02dd326b1c4b056e9cc972486934a3a7","name":"admpu17wp","image":{"@type":"ImageObject","inLanguage":"es","@id":"https:\/\/experienciadevida.com.ar\/portalurbano\/#\/schema\/person\/image\/","url":"https:\/\/secure.gravatar.com\/avatar\/830d4c57adaae6630765e449a6908047?s=96&d=mm&r=g","contentUrl":"https:\/\/secure.gravatar.com\/avatar\/830d4c57adaae6630765e449a6908047?s=96&d=mm&r=g","caption":"admpu17wp"}}]}},"featured_image_urls":{"full":["https:\/\/experienciadevida.com.ar\/portalurbano\/wp-content\/uploads\/2021\/01\/Enzo-Marconi5.jpg",765,492,false],"thumbnail":["https:\/\/experienciadevida.com.ar\/portalurbano\/wp-content\/uploads\/2021\/01\/Enzo-Marconi5-150x150.jpg",150,150,true],"medium":["https:\/\/experienciadevida.com.ar\/portalurbano\/wp-content\/uploads\/2021\/01\/Enzo-Marconi5-300x193.jpg",300,193,true],"medium_large":["https:\/\/experienciadevida.com.ar\/portalurbano\/wp-content\/uploads\/2021\/01\/Enzo-Marconi5.jpg",640,412,false],"large":["https:\/\/experienciadevida.com.ar\/portalurbano\/wp-content\/uploads\/2021\/01\/Enzo-Marconi5.jpg",640,412,false],"ug_big":["https:\/\/experienciadevida.com.ar\/portalurbano\/wp-content\/uploads\/2021\/01\/Enzo-Marconi5.jpg",765,492,false],"1536x1536":["https:\/\/experienciadevida.com.ar\/portalurbano\/wp-content\/uploads\/2021\/01\/Enzo-Marconi5.jpg",765,492,false],"2048x2048":["https:\/\/experienciadevida.com.ar\/portalurbano\/wp-content\/uploads\/2021\/01\/Enzo-Marconi5.jpg",765,492,false],"newsever-slider-full":["https:\/\/experienciadevida.com.ar\/portalurbano\/wp-content\/uploads\/2021\/01\/Enzo-Marconi5.jpg",765,492,false],"newsever-featured":["https:\/\/experienciadevida.com.ar\/portalurbano\/wp-content\/uploads\/2021\/01\/Enzo-Marconi5.jpg",765,492,false],"newsever-medium":["https:\/\/experienciadevida.com.ar\/portalurbano\/wp-content\/uploads\/2021\/01\/Enzo-Marconi5.jpg",720,463,false],"web-stories-poster-portrait":["https:\/\/experienciadevida.com.ar\/portalurbano\/wp-content\/uploads\/2021\/01\/Enzo-Marconi5.jpg",640,412,false],"web-stories-publisher-logo":["https:\/\/experienciadevida.com.ar\/portalurbano\/wp-content\/uploads\/2021\/01\/Enzo-Marconi5.jpg",96,62,false],"web-stories-thumbnail":["https:\/\/experienciadevida.com.ar\/portalurbano\/wp-content\/uploads\/2021\/01\/Enzo-Marconi5.jpg",150,96,false]},"author_info":{"display_name":"admpu17wp","author_link":"https:\/\/experienciadevida.com.ar\/portalurbano\/author\/admpu17wp\/"},"category_info":"<a href=\"https:\/\/experienciadevida.com.ar\/portalurbano\/category\/ciudad\/\" rel=\"category tag\">Ciudad<\/a> <a href=\"https:\/\/experienciadevida.com.ar\/portalurbano\/category\/destacadas-2\/\" rel=\"category tag\">Destacadas 2<\/a>","tag_info":"Destacadas 2","comment_count":"0","amp_enabled":true,"_links":{"self":[{"href":"https:\/\/experienciadevida.com.ar\/portalurbano\/wp-json\/wp\/v2\/posts\/134633"}],"collection":[{"href":"https:\/\/experienciadevida.com.ar\/portalurbano\/wp-json\/wp\/v2\/posts"}],"about":[{"href":"https:\/\/experienciadevida.com.ar\/portalurbano\/wp-json\/wp\/v2\/types\/post"}],"author":[{"embeddable":true,"href":"https:\/\/experienciadevida.com.ar\/portalurbano\/wp-json\/wp\/v2\/users\/1"}],"replies":[{"embeddable":true,"href":"https:\/\/experienciadevida.com.ar\/portalurbano\/wp-json\/wp\/v2\/comments?post=134633"}],"version-history":[{"count":2,"href":"https:\/\/experienciadevida.com.ar\/portalurbano\/wp-json\/wp\/v2\/posts\/134633\/revisions"}],"predecessor-version":[{"id":134635,"href":"https:\/\/experienciadevida.com.ar\/portalurbano\/wp-json\/wp\/v2\/posts\/134633\/revisions\/134635"}],"wp:featuredmedia":[{"embeddable":true,"href":"https:\/\/experienciadevida.com.ar\/portalurbano\/wp-json\/wp\/v2\/media\/132027"}],"wp:attachment":[{"href":"https:\/\/experienciadevida.com.ar\/portalurbano\/wp-json\/wp\/v2\/media?parent=134633"}],"wp:term":[{"taxonomy":"category","embeddable":true,"href":"https:\/\/experienciadevida.com.ar\/portalurbano\/wp-json\/wp\/v2\/categories?post=134633"},{"taxonomy":"post_tag","embeddable":true,"href":"https:\/\/experienciadevida.com.ar\/portalurbano\/wp-json\/wp\/v2\/tags?post=134633"}],"curies":[{"name":"wp","href":"https:\/\/api.w.org\/{rel}","templated":true}]}}