{"id":134611,"date":"2021-02-08T12:56:21","date_gmt":"2021-02-08T15:56:21","guid":{"rendered":"https:\/\/experienciadevida.com.ar\/portalurbano\/?p=134611"},"modified":"2021-02-08T12:56:56","modified_gmt":"2021-02-08T15:56:56","slug":"olavarria-formara-parte-del-programa-red-de-oficinas-de-transparencia-pba","status":"publish","type":"post","link":"https:\/\/experienciadevida.com.ar\/portalurbano\/olavarria-formara-parte-del-programa-red-de-oficinas-de-transparencia-pba\/","title":{"rendered":"Olavarr\u00eda formar\u00e1 parte del Programa Red de Oficinas de Transparencia PBA"},"content":{"rendered":"<p>Olavarr\u00eda formar\u00e1 parte del Programa Red de Oficinas de Transparencia PBA. Desde el inicio de la gesti\u00f3n del intendente <a href=\"https:\/\/www.facebook.com\/galliezequiel\">Ezequiel Galli<\/a>, Olavarr\u00eda no ha dejado de trabajar en la transparencia y apertura del gobierno.<\/p>\n<p>Tal es as\u00ed que, a trav\u00e9s del Portal de Gobierno Abierto, se visibilizan las realidades econ\u00f3micas, demogr\u00e1ficas, sociales y ambientales del Partido, con la publicaci\u00f3n de datos, mapas y registros que pueden utilizar los ciudadanos de acuerdo a sus intereses.<\/p>\n<p>En este sentido, en la ma\u00f1ana de este lunes se realiz\u00f3 una reuni\u00f3n se defini\u00f3 que Olavarr\u00eda formar\u00e1 parte del programa red de oficinas de transparencias \u2013virtual\u2013 de la que formaron parte el intendente interino Juan Mujica, la subsecretaria de Empresas e Inversiones Emilia D\u00edaz, el subsecretario de Legal y T\u00e9cnica Marcel Fabbi y la directora de Modernizaci\u00f3n Administrativa Natalia Paz, junto a representantes de la Oficina de Transparencia Institucional de la Provincia de Buenos Aires.<\/p>\n<p>Olavarr\u00eda firmar\u00e1 pr\u00f3ximamente un convenio por el cual se implementar\u00e1n pol\u00edticas activas de transparencia, \u00e9tica p\u00fablica, integridad, y anticorrupci\u00f3n en los gobiernos locales, sum\u00e1ndose as\u00ed a una red institucional de organismos municipales que trabajen de manera conjunta y colaborativa con la provincia.<\/p>\n<p>Cada Plan Estrat\u00e9gico de Transparencia tendr\u00e1 sus singularidades, ya que ser\u00e1 una co-construcci\u00f3n en la que se tendr\u00e1n en cuenta las necesidades y particularidades de cada uno de los actores que ingresen al mismo.<\/p>\n<p>&nbsp;<\/p>\n","protected":false},"excerpt":{"rendered":"<p>Olavarr\u00eda formar\u00e1 parte del Programa Red de Oficinas de Transparencia PBA. Desde el inicio de&#8230;<\/p>\n","protected":false},"author":1,"featured_media":134612,"comment_status":"closed","ping_status":"closed","sticky":false,"template":"","format":"standard","meta":{"content-type":""},"categories":[27,64],"tags":[],"nelio_content":{"isAutoShareEnabled":false,"autoShareEndMode":"default","automationSources":{"useContentSentences":true,"useSocialTemplates":true,"useCustomSentences":false,"customSentences":[]},"followers":[1],"suggestedReferences":[],"includedReferences":[],"efiUrl":"","efiAlt":"","highlights":[]},"yoast_head":"<!-- This site is optimized with the Yoast SEO plugin v20.7 - https:\/\/yoast.com\/wordpress\/plugins\/seo\/ -->\n<title>Olavarr\u00eda formar\u00e1 parte del programa red de oficinas de transparencia PBA<\/title>\n<meta name=\"description\" content=\"Olavarr\u00eda formar\u00e1 parte del Programa Red de Oficinas de Transparencia PBA, , Olavarr\u00eda no ha dejado de trabajar en la transparencia.\" \/>\n<meta name=\"robots\" content=\"index, follow, max-snippet:-1, max-image-preview:large, max-video-preview:-1\" \/>\n<link rel=\"canonical\" href=\"https:\/\/experienciadevida.com.ar\/portalurbano\/olavarria-formara-parte-del-programa-red-de-oficinas-de-transparencia-pba\/\" \/>\n<meta property=\"og:locale\" content=\"es_ES\" \/>\n<meta property=\"og:type\" content=\"article\" \/>\n<meta property=\"og:title\" content=\"Olavarr\u00eda formar\u00e1 parte del programa red de oficinas de transparencia PBA\" \/>\n<meta property=\"og:description\" content=\"Olavarr\u00eda formar\u00e1 parte del Programa Red de Oficinas de Transparencia PBA, , Olavarr\u00eda no ha dejado de trabajar en la transparencia.\" \/>\n<meta property=\"og:url\" content=\"https:\/\/experienciadevida.com.ar\/portalurbano\/olavarria-formara-parte-del-programa-red-de-oficinas-de-transparencia-pba\/\" \/>\n<meta property=\"article:publisher\" content=\"https:\/\/www.facebook.com\/Portal-Urbano-171542830093757\/\" \/>\n<meta property=\"article:published_time\" content=\"2021-02-08T15:56:21+00:00\" \/>\n<meta property=\"article:modified_time\" content=\"2021-02-08T15:56:56+00:00\" \/>\n<meta property=\"og:image\" content=\"https:\/\/experienciadevida.com.ar\/portalurbano\/wp-content\/uploads\/2021\/02\/Olavarria-formara-parte-del-Programa.jpg\" \/>\n\t<meta property=\"og:image:width\" content=\"1024\" \/>\n\t<meta property=\"og:image:height\" content=\"464\" \/>\n\t<meta property=\"og:image:type\" content=\"image\/jpeg\" \/>\n<meta name=\"author\" content=\"admpu17wp\" \/>\n<meta name=\"twitter:card\" content=\"summary_large_image\" \/>\n<meta name=\"twitter:creator\" content=\"@portalurbanook\" \/>\n<meta name=\"twitter:site\" content=\"@portalurbanook\" \/>\n<meta name=\"twitter:label1\" content=\"Escrito por\" \/>\n\t<meta name=\"twitter:data1\" content=\"admpu17wp\" \/>\n\t<meta name=\"twitter:label2\" content=\"Tiempo de lectura\" \/>\n\t<meta name=\"twitter:data2\" content=\"1 minuto\" \/>\n<script type=\"application\/ld+json\" class=\"yoast-schema-graph\">{\"@context\":\"https:\/\/schema.org\",\"@graph\":[{\"@type\":\"Article\",\"@id\":\"https:\/\/experienciadevida.com.ar\/portalurbano\/olavarria-formara-parte-del-programa-red-de-oficinas-de-transparencia-pba\/#article\",\"isPartOf\":{\"@id\":\"https:\/\/experienciadevida.com.ar\/portalurbano\/olavarria-formara-parte-del-programa-red-de-oficinas-de-transparencia-pba\/\"},\"author\":{\"name\":\"admpu17wp\",\"@id\":\"https:\/\/experienciadevida.com.ar\/portalurbano\/#\/schema\/person\/02dd326b1c4b056e9cc972486934a3a7\"},\"headline\":\"Olavarr\u00eda formar\u00e1 parte del Programa Red de Oficinas de Transparencia PBA\",\"datePublished\":\"2021-02-08T15:56:21+00:00\",\"dateModified\":\"2021-02-08T15:56:56+00:00\",\"mainEntityOfPage\":{\"@id\":\"https:\/\/experienciadevida.com.ar\/portalurbano\/olavarria-formara-parte-del-programa-red-de-oficinas-de-transparencia-pba\/\"},\"wordCount\":262,\"publisher\":{\"@id\":\"https:\/\/experienciadevida.com.ar\/portalurbano\/#organization\"},\"articleSection\":[\"Ciudad\",\"Destacadas 2\"],\"inLanguage\":\"es\"},{\"@type\":\"WebPage\",\"@id\":\"https:\/\/experienciadevida.com.ar\/portalurbano\/olavarria-formara-parte-del-programa-red-de-oficinas-de-transparencia-pba\/\",\"url\":\"https:\/\/experienciadevida.com.ar\/portalurbano\/olavarria-formara-parte-del-programa-red-de-oficinas-de-transparencia-pba\/\",\"name\":\"Olavarr\u00eda formar\u00e1 parte del programa red de oficinas de transparencia PBA\",\"isPartOf\":{\"@id\":\"https:\/\/experienciadevida.com.ar\/portalurbano\/#website\"},\"datePublished\":\"2021-02-08T15:56:21+00:00\",\"dateModified\":\"2021-02-08T15:56:56+00:00\",\"description\":\"Olavarr\u00eda formar\u00e1 parte del Programa Red de Oficinas de Transparencia PBA, , Olavarr\u00eda no ha dejado de trabajar en la transparencia.\",\"breadcrumb\":{\"@id\":\"https:\/\/experienciadevida.com.ar\/portalurbano\/olavarria-formara-parte-del-programa-red-de-oficinas-de-transparencia-pba\/#breadcrumb\"},\"inLanguage\":\"es\",\"potentialAction\":[{\"@type\":\"ReadAction\",\"target\":[\"https:\/\/experienciadevida.com.ar\/portalurbano\/olavarria-formara-parte-del-programa-red-de-oficinas-de-transparencia-pba\/\"]}]},{\"@type\":\"BreadcrumbList\",\"@id\":\"https:\/\/experienciadevida.com.ar\/portalurbano\/olavarria-formara-parte-del-programa-red-de-oficinas-de-transparencia-pba\/#breadcrumb\",\"itemListElement\":[{\"@type\":\"ListItem\",\"position\":1,\"name\":\"Portada\",\"item\":\"https:\/\/experienciadevida.com.ar\/portalurbano\/\"},{\"@type\":\"ListItem\",\"position\":2,\"name\":\"Olavarr\u00eda formar\u00e1 parte del Programa Red de Oficinas de Transparencia PBA\"}]},{\"@type\":\"WebSite\",\"@id\":\"https:\/\/experienciadevida.com.ar\/portalurbano\/#website\",\"url\":\"https:\/\/experienciadevida.com.ar\/portalurbano\/\",\"name\":\"\",\"description\":\"\",\"publisher\":{\"@id\":\"https:\/\/experienciadevida.com.ar\/portalurbano\/#organization\"},\"potentialAction\":[{\"@type\":\"SearchAction\",\"target\":{\"@type\":\"EntryPoint\",\"urlTemplate\":\"https:\/\/experienciadevida.com.ar\/portalurbano\/?s={search_term_string}\"},\"query-input\":\"required name=search_term_string\"}],\"inLanguage\":\"es\"},{\"@type\":\"Organization\",\"@id\":\"https:\/\/experienciadevida.com.ar\/portalurbano\/#organization\",\"name\":\"Portal Urbano\",\"url\":\"https:\/\/experienciadevida.com.ar\/portalurbano\/\",\"logo\":{\"@type\":\"ImageObject\",\"inLanguage\":\"es\",\"@id\":\"https:\/\/experienciadevida.com.ar\/portalurbano\/#\/schema\/logo\/image\/\",\"url\":\"https:\/\/experienciadevida.com.ar\/portalurbano\/wp-content\/uploads\/2019\/09\/Logo-Original.png\",\"contentUrl\":\"https:\/\/experienciadevida.com.ar\/portalurbano\/wp-content\/uploads\/2019\/09\/Logo-Original.png\",\"width\":2236,\"height\":1216,\"caption\":\"Portal Urbano\"},\"image\":{\"@id\":\"https:\/\/experienciadevida.com.ar\/portalurbano\/#\/schema\/logo\/image\/\"},\"sameAs\":[\"https:\/\/www.facebook.com\/Portal-Urbano-171542830093757\/\",\"https:\/\/twitter.com\/portalurbanook\",\"https:\/\/www.instagram.com\/_portalurbano\/\",\"https:\/\/www.youtube.com\/channel\/UCXhagIfszH8KxFiOok79zbA?view_as=subscriber\"]},{\"@type\":\"Person\",\"@id\":\"https:\/\/experienciadevida.com.ar\/portalurbano\/#\/schema\/person\/02dd326b1c4b056e9cc972486934a3a7\",\"name\":\"admpu17wp\",\"image\":{\"@type\":\"ImageObject\",\"inLanguage\":\"es\",\"@id\":\"https:\/\/experienciadevida.com.ar\/portalurbano\/#\/schema\/person\/image\/\",\"url\":\"https:\/\/secure.gravatar.com\/avatar\/830d4c57adaae6630765e449a6908047?s=96&d=mm&r=g\",\"contentUrl\":\"https:\/\/secure.gravatar.com\/avatar\/830d4c57adaae6630765e449a6908047?s=96&d=mm&r=g\",\"caption\":\"admpu17wp\"}}]}<\/script>\n<!-- \/ Yoast SEO plugin. -->","yoast_head_json":{"title":"Olavarr\u00eda formar\u00e1 parte del programa red de oficinas de transparencia PBA","description":"Olavarr\u00eda formar\u00e1 parte del Programa Red de Oficinas de Transparencia PBA, , Olavarr\u00eda no ha dejado de trabajar en la transparencia.","robots":{"index":"index","follow":"follow","max-snippet":"max-snippet:-1","max-image-preview":"max-image-preview:large","max-video-preview":"max-video-preview:-1"},"canonical":"https:\/\/experienciadevida.com.ar\/portalurbano\/olavarria-formara-parte-del-programa-red-de-oficinas-de-transparencia-pba\/","og_locale":"es_ES","og_type":"article","og_title":"Olavarr\u00eda formar\u00e1 parte del programa red de oficinas de transparencia PBA","og_description":"Olavarr\u00eda formar\u00e1 parte del Programa Red de Oficinas de Transparencia PBA, , Olavarr\u00eda no ha dejado de trabajar en la transparencia.","og_url":"https:\/\/experienciadevida.com.ar\/portalurbano\/olavarria-formara-parte-del-programa-red-de-oficinas-de-transparencia-pba\/","article_publisher":"https:\/\/www.facebook.com\/Portal-Urbano-171542830093757\/","article_published_time":"2021-02-08T15:56:21+00:00","article_modified_time":"2021-02-08T15:56:56+00:00","og_image":[{"width":1024,"height":464,"url":"https:\/\/experienciadevida.com.ar\/portalurbano\/wp-content\/uploads\/2021\/02\/Olavarria-formara-parte-del-Programa.jpg","type":"image\/jpeg"}],"author":"admpu17wp","twitter_card":"summary_large_image","twitter_creator":"@portalurbanook","twitter_site":"@portalurbanook","twitter_misc":{"Escrito por":"admpu17wp","Tiempo de lectura":"1 minuto"},"schema":{"@context":"https:\/\/schema.org","@graph":[{"@type":"Article","@id":"https:\/\/experienciadevida.com.ar\/portalurbano\/olavarria-formara-parte-del-programa-red-de-oficinas-de-transparencia-pba\/#article","isPartOf":{"@id":"https:\/\/experienciadevida.com.ar\/portalurbano\/olavarria-formara-parte-del-programa-red-de-oficinas-de-transparencia-pba\/"},"author":{"name":"admpu17wp","@id":"https:\/\/experienciadevida.com.ar\/portalurbano\/#\/schema\/person\/02dd326b1c4b056e9cc972486934a3a7"},"headline":"Olavarr\u00eda formar\u00e1 parte del Programa Red de Oficinas de Transparencia PBA","datePublished":"2021-02-08T15:56:21+00:00","dateModified":"2021-02-08T15:56:56+00:00","mainEntityOfPage":{"@id":"https:\/\/experienciadevida.com.ar\/portalurbano\/olavarria-formara-parte-del-programa-red-de-oficinas-de-transparencia-pba\/"},"wordCount":262,"publisher":{"@id":"https:\/\/experienciadevida.com.ar\/portalurbano\/#organization"},"articleSection":["Ciudad","Destacadas 2"],"inLanguage":"es"},{"@type":"WebPage","@id":"https:\/\/experienciadevida.com.ar\/portalurbano\/olavarria-formara-parte-del-programa-red-de-oficinas-de-transparencia-pba\/","url":"https:\/\/experienciadevida.com.ar\/portalurbano\/olavarria-formara-parte-del-programa-red-de-oficinas-de-transparencia-pba\/","name":"Olavarr\u00eda formar\u00e1 parte del programa red de oficinas de transparencia PBA","isPartOf":{"@id":"https:\/\/experienciadevida.com.ar\/portalurbano\/#website"},"datePublished":"2021-02-08T15:56:21+00:00","dateModified":"2021-02-08T15:56:56+00:00","description":"Olavarr\u00eda formar\u00e1 parte del Programa Red de Oficinas de Transparencia PBA, , Olavarr\u00eda no ha dejado de trabajar en la transparencia.","breadcrumb":{"@id":"https:\/\/experienciadevida.com.ar\/portalurbano\/olavarria-formara-parte-del-programa-red-de-oficinas-de-transparencia-pba\/#breadcrumb"},"inLanguage":"es","potentialAction":[{"@type":"ReadAction","target":["https:\/\/experienciadevida.com.ar\/portalurbano\/olavarria-formara-parte-del-programa-red-de-oficinas-de-transparencia-pba\/"]}]},{"@type":"BreadcrumbList","@id":"https:\/\/experienciadevida.com.ar\/portalurbano\/olavarria-formara-parte-del-programa-red-de-oficinas-de-transparencia-pba\/#breadcrumb","itemListElement":[{"@type":"ListItem","position":1,"name":"Portada","item":"https:\/\/experienciadevida.com.ar\/portalurbano\/"},{"@type":"ListItem","position":2,"name":"Olavarr\u00eda formar\u00e1 parte del Programa Red de Oficinas de Transparencia PBA"}]},{"@type":"WebSite","@id":"https:\/\/experienciadevida.com.ar\/portalurbano\/#website","url":"https:\/\/experienciadevida.com.ar\/portalurbano\/","name":"","description":"","publisher":{"@id":"https:\/\/experienciadevida.com.ar\/portalurbano\/#organization"},"potentialAction":[{"@type":"SearchAction","target":{"@type":"EntryPoint","urlTemplate":"https:\/\/experienciadevida.com.ar\/portalurbano\/?s={search_term_string}"},"query-input":"required name=search_term_string"}],"inLanguage":"es"},{"@type":"Organization","@id":"https:\/\/experienciadevida.com.ar\/portalurbano\/#organization","name":"Portal Urbano","url":"https:\/\/experienciadevida.com.ar\/portalurbano\/","logo":{"@type":"ImageObject","inLanguage":"es","@id":"https:\/\/experienciadevida.com.ar\/portalurbano\/#\/schema\/logo\/image\/","url":"https:\/\/experienciadevida.com.ar\/portalurbano\/wp-content\/uploads\/2019\/09\/Logo-Original.png","contentUrl":"https:\/\/experienciadevida.com.ar\/portalurbano\/wp-content\/uploads\/2019\/09\/Logo-Original.png","width":2236,"height":1216,"caption":"Portal Urbano"},"image":{"@id":"https:\/\/experienciadevida.com.ar\/portalurbano\/#\/schema\/logo\/image\/"},"sameAs":["https:\/\/www.facebook.com\/Portal-Urbano-171542830093757\/","https:\/\/twitter.com\/portalurbanook","https:\/\/www.instagram.com\/_portalurbano\/","https:\/\/www.youtube.com\/channel\/UCXhagIfszH8KxFiOok79zbA?view_as=subscriber"]},{"@type":"Person","@id":"https:\/\/experienciadevida.com.ar\/portalurbano\/#\/schema\/person\/02dd326b1c4b056e9cc972486934a3a7","name":"admpu17wp","image":{"@type":"ImageObject","inLanguage":"es","@id":"https:\/\/experienciadevida.com.ar\/portalurbano\/#\/schema\/person\/image\/","url":"https:\/\/secure.gravatar.com\/avatar\/830d4c57adaae6630765e449a6908047?s=96&d=mm&r=g","contentUrl":"https:\/\/secure.gravatar.com\/avatar\/830d4c57adaae6630765e449a6908047?s=96&d=mm&r=g","caption":"admpu17wp"}}]}},"featured_image_urls":{"full":["https:\/\/experienciadevida.com.ar\/portalurbano\/wp-content\/uploads\/2021\/02\/Olavarria-formara-parte-del-Programa.jpg",1024,464,false],"thumbnail":["https:\/\/experienciadevida.com.ar\/portalurbano\/wp-content\/uploads\/2021\/02\/Olavarria-formara-parte-del-Programa-150x150.jpg",150,150,true],"medium":["https:\/\/experienciadevida.com.ar\/portalurbano\/wp-content\/uploads\/2021\/02\/Olavarria-formara-parte-del-Programa-300x136.jpg",300,136,true],"medium_large":["https:\/\/experienciadevida.com.ar\/portalurbano\/wp-content\/uploads\/2021\/02\/Olavarria-formara-parte-del-Programa-768x348.jpg",640,290,true],"large":["https:\/\/experienciadevida.com.ar\/portalurbano\/wp-content\/uploads\/2021\/02\/Olavarria-formara-parte-del-Programa.jpg",640,290,false],"ug_big":["https:\/\/experienciadevida.com.ar\/portalurbano\/wp-content\/uploads\/2021\/02\/Olavarria-formara-parte-del-Programa-768x348.jpg",768,348,true],"1536x1536":["https:\/\/experienciadevida.com.ar\/portalurbano\/wp-content\/uploads\/2021\/02\/Olavarria-formara-parte-del-Programa.jpg",1024,464,false],"2048x2048":["https:\/\/experienciadevida.com.ar\/portalurbano\/wp-content\/uploads\/2021\/02\/Olavarria-formara-parte-del-Programa.jpg",1024,464,false],"newsever-slider-full":["https:\/\/experienciadevida.com.ar\/portalurbano\/wp-content\/uploads\/2021\/02\/Olavarria-formara-parte-del-Programa.jpg",1024,464,false],"newsever-featured":["https:\/\/experienciadevida.com.ar\/portalurbano\/wp-content\/uploads\/2021\/02\/Olavarria-formara-parte-del-Programa.jpg",1024,464,false],"newsever-medium":["https:\/\/experienciadevida.com.ar\/portalurbano\/wp-content\/uploads\/2021\/02\/Olavarria-formara-parte-del-Programa.jpg",720,326,false],"web-stories-poster-portrait":["https:\/\/experienciadevida.com.ar\/portalurbano\/wp-content\/uploads\/2021\/02\/Olavarria-formara-parte-del-Programa.jpg",640,290,false],"web-stories-publisher-logo":["https:\/\/experienciadevida.com.ar\/portalurbano\/wp-content\/uploads\/2021\/02\/Olavarria-formara-parte-del-Programa.jpg",96,44,false],"web-stories-thumbnail":["https:\/\/experienciadevida.com.ar\/portalurbano\/wp-content\/uploads\/2021\/02\/Olavarria-formara-parte-del-Programa.jpg",150,68,false]},"author_info":{"display_name":"admpu17wp","author_link":"https:\/\/experienciadevida.com.ar\/portalurbano\/author\/admpu17wp\/"},"category_info":"<a href=\"https:\/\/experienciadevida.com.ar\/portalurbano\/category\/ciudad\/\" rel=\"category tag\">Ciudad<\/a> <a href=\"https:\/\/experienciadevida.com.ar\/portalurbano\/category\/destacadas-2\/\" rel=\"category tag\">Destacadas 2<\/a>","tag_info":"Destacadas 2","comment_count":"0","amp_enabled":true,"_links":{"self":[{"href":"https:\/\/experienciadevida.com.ar\/portalurbano\/wp-json\/wp\/v2\/posts\/134611"}],"collection":[{"href":"https:\/\/experienciadevida.com.ar\/portalurbano\/wp-json\/wp\/v2\/posts"}],"about":[{"href":"https:\/\/experienciadevida.com.ar\/portalurbano\/wp-json\/wp\/v2\/types\/post"}],"author":[{"embeddable":true,"href":"https:\/\/experienciadevida.com.ar\/portalurbano\/wp-json\/wp\/v2\/users\/1"}],"replies":[{"embeddable":true,"href":"https:\/\/experienciadevida.com.ar\/portalurbano\/wp-json\/wp\/v2\/comments?post=134611"}],"version-history":[{"count":2,"href":"https:\/\/experienciadevida.com.ar\/portalurbano\/wp-json\/wp\/v2\/posts\/134611\/revisions"}],"predecessor-version":[{"id":134614,"href":"https:\/\/experienciadevida.com.ar\/portalurbano\/wp-json\/wp\/v2\/posts\/134611\/revisions\/134614"}],"wp:featuredmedia":[{"embeddable":true,"href":"https:\/\/experienciadevida.com.ar\/portalurbano\/wp-json\/wp\/v2\/media\/134612"}],"wp:attachment":[{"href":"https:\/\/experienciadevida.com.ar\/portalurbano\/wp-json\/wp\/v2\/media?parent=134611"}],"wp:term":[{"taxonomy":"category","embeddable":true,"href":"https:\/\/experienciadevida.com.ar\/portalurbano\/wp-json\/wp\/v2\/categories?post=134611"},{"taxonomy":"post_tag","embeddable":true,"href":"https:\/\/experienciadevida.com.ar\/portalurbano\/wp-json\/wp\/v2\/tags?post=134611"}],"curies":[{"name":"wp","href":"https:\/\/api.w.org\/{rel}","templated":true}]}}