{"id":134594,"date":"2021-02-08T11:08:27","date_gmt":"2021-02-08T14:08:27","guid":{"rendered":"https:\/\/experienciadevida.com.ar\/portalurbano\/?p=134594"},"modified":"2021-02-08T11:08:54","modified_gmt":"2021-02-08T14:08:54","slug":"conductor-designado-campana-de-concientizacion-para-prevenir-siniestros-viales-por-alcohol-al-volante","status":"publish","type":"post","link":"https:\/\/experienciadevida.com.ar\/portalurbano\/conductor-designado-campana-de-concientizacion-para-prevenir-siniestros-viales-por-alcohol-al-volante\/","title":{"rendered":"\u201cConductor designado\u201d: campa\u00f1a de concientizaci\u00f3n para prevenir siniestros viales por alcohol al volante"},"content":{"rendered":"<p>\u201cConductor designado\u201d: campa\u00f1a de concientizaci\u00f3n para prevenir siniestros viales por alcohol al volante. El Municipio contin\u00faa trabajando en la mejora de la seguridad vial. En este contexto, el director de Control Urbano del Municipio Gustavo Spaltro, junto al responsable de tr\u00e1nsito y seguridad vial Agust\u00edn Falivene, mantuvieron un encuentro con titulares de bares de la ciudad; con motivo de coordinar acciones conjuntas en materia de conducci\u00f3n responsable.<\/p>\n<p>La reuni\u00f3n se llev\u00f3 a cabo en la tarde del pasado viernes en el Sal\u00f3n Blanco del Palacio San Mart\u00edn. En este marco se dio inicio a la campa\u00f1a de Conductor Designado, para concientizar sobre los efectos negativos del alcohol al volante.<\/p>\n<p>Al respecto, Agust\u00edn Falivene explic\u00f3 que se har\u00e1 entrega de folleter\u00eda y carteler\u00eda alusiva para instalar en los comercios del rubro, fundamentalmente en bares. El objetivo es alertar e informar a la comunidad a no conducir cuando toman alcohol.<\/p>\n<p>La campa\u00f1a de &#8220;conductor designado&#8221; consiste en designar por grupos un conductor que ese d\u00eda no beba alcohol o utilice otro tipo de sustancia que interfiera en la correcta conducci\u00f3n, caso contrario trasladarse en remis o taxi.<\/p>\n<p><em>\u201cNo decimos que no tomen en el bar o en una fiesta, s\u00f3lo que si lo van a hacer, no conduzcan. Si van a conducir, no deben haber ingerido nada de alcohol. A pesar que la ley indica que una alcoholemia es positiva en autom\u00f3viles cuando es superior a 0,5 gr\/lt, nosotros recomendamos que no tomen nada de alcohol cuando van a manejar. Nos cuidamos nosotros, cuidamos a los que llevamos en nuestro veh\u00edculo y cuidamos a los otros conductores\u201d<\/em>, consider\u00f3 Falivene.<\/p>\n<p>En este sentido, el responsable de tr\u00e1nsito y seguridad vial afirm\u00f3 que\u00a0<em>\u201chemos analizado las cifras en conjunto con los m\u00e9dicos del Hospital Municipal \u2018Dr. H\u00e9ctor M. Cura\u2019 y ellos tambi\u00e9n est\u00e1n muy preocupados en la combinaci\u00f3n de alcohol y conducci\u00f3n. Ingresan muchos pacientes que sufren un choque o el problema principal es el alcohol\u201d.<\/em><\/p>\n<p><em>\u201cQueremos agradecer a los due\u00f1os de los bares, que acompa\u00f1an esta campa\u00f1a y que apoyan desde su lugar\u201d<\/em>\u00a0concluy\u00f3 Falivene.<\/p>\n<p>Conducir alcoholizado significa poner en peligro no s\u00f3lo la vida propia sino la de terceros. A\u00fan en concentraciones menores el alcohol produce importantes consecuencias en el organismo, generando alteraciones en el comportamiento y disminuyendo la capacidad de conducir de manera id\u00f3nea.<\/p>\n<p>En todos los casos, el consumo excesivo provoca consecuencias, sobre las funciones psicomotoras, sobre la visi\u00f3n del conductor y sobre el comportamiento y la conducta.<\/p>\n<p>El conductor experimenta un falso estado de euforia, seguridad y confianza en s\u00ed mismo, apareciendo un desprecio por el peligro y una tendencia a transgredir las normas.<\/p>\n<p>&nbsp;<\/p>\n","protected":false},"excerpt":{"rendered":"<p>\u201cConductor designado\u201d: campa\u00f1a de concientizaci\u00f3n para prevenir siniestros viales por alcohol al volante. El Municipio&#8230;<\/p>\n","protected":false},"author":1,"featured_media":134595,"comment_status":"closed","ping_status":"closed","sticky":false,"template":"","format":"standard","meta":{"content-type":""},"categories":[27,64],"tags":[],"nelio_content":{"isAutoShareEnabled":false,"autoShareEndMode":"default","automationSources":{"useContentSentences":true,"useSocialTemplates":true,"useCustomSentences":false,"customSentences":[]},"followers":[1],"suggestedReferences":[],"includedReferences":[],"efiUrl":"","efiAlt":"","highlights":[]},"yoast_head":"<!-- This site is optimized with the Yoast SEO plugin v20.7 - https:\/\/yoast.com\/wordpress\/plugins\/seo\/ -->\n<title>&quot;Conductor designado&quot;: Campa\u00f1a de concientizaci\u00f3n para prevenir<\/title>\n<meta name=\"description\" content=\"\u201cConductor designado\u201d: campa\u00f1a de concientizaci\u00f3n para prevenir siniestros viales por alcohol al volante, mantuvieron una reuni\u00f3n.\" \/>\n<meta name=\"robots\" content=\"index, follow, max-snippet:-1, max-image-preview:large, max-video-preview:-1\" \/>\n<link rel=\"canonical\" href=\"https:\/\/experienciadevida.com.ar\/portalurbano\/conductor-designado-campana-de-concientizacion-para-prevenir-siniestros-viales-por-alcohol-al-volante\/\" \/>\n<meta property=\"og:locale\" content=\"es_ES\" \/>\n<meta property=\"og:type\" content=\"article\" \/>\n<meta property=\"og:title\" content=\"&quot;Conductor designado&quot;: Campa\u00f1a de concientizaci\u00f3n para prevenir\" \/>\n<meta property=\"og:description\" content=\"\u201cConductor designado\u201d: campa\u00f1a de concientizaci\u00f3n para prevenir siniestros viales por alcohol al volante, mantuvieron una reuni\u00f3n.\" \/>\n<meta property=\"og:url\" content=\"https:\/\/experienciadevida.com.ar\/portalurbano\/conductor-designado-campana-de-concientizacion-para-prevenir-siniestros-viales-por-alcohol-al-volante\/\" \/>\n<meta property=\"article:publisher\" content=\"https:\/\/www.facebook.com\/Portal-Urbano-171542830093757\/\" \/>\n<meta property=\"article:published_time\" content=\"2021-02-08T14:08:27+00:00\" \/>\n<meta property=\"article:modified_time\" content=\"2021-02-08T14:08:54+00:00\" \/>\n<meta property=\"og:image\" content=\"https:\/\/experienciadevida.com.ar\/portalurbano\/wp-content\/uploads\/2021\/02\/conductor-designado.jpg\" \/>\n\t<meta property=\"og:image:width\" content=\"1024\" \/>\n\t<meta property=\"og:image:height\" content=\"576\" \/>\n\t<meta property=\"og:image:type\" content=\"image\/jpeg\" \/>\n<meta name=\"author\" content=\"admpu17wp\" \/>\n<meta name=\"twitter:card\" content=\"summary_large_image\" \/>\n<meta name=\"twitter:creator\" content=\"@portalurbanook\" \/>\n<meta name=\"twitter:site\" content=\"@portalurbanook\" \/>\n<meta name=\"twitter:label1\" content=\"Escrito por\" \/>\n\t<meta name=\"twitter:data1\" content=\"admpu17wp\" \/>\n\t<meta name=\"twitter:label2\" content=\"Tiempo de lectura\" \/>\n\t<meta name=\"twitter:data2\" content=\"2 minutos\" \/>\n<script type=\"application\/ld+json\" class=\"yoast-schema-graph\">{\"@context\":\"https:\/\/schema.org\",\"@graph\":[{\"@type\":\"Article\",\"@id\":\"https:\/\/experienciadevida.com.ar\/portalurbano\/conductor-designado-campana-de-concientizacion-para-prevenir-siniestros-viales-por-alcohol-al-volante\/#article\",\"isPartOf\":{\"@id\":\"https:\/\/experienciadevida.com.ar\/portalurbano\/conductor-designado-campana-de-concientizacion-para-prevenir-siniestros-viales-por-alcohol-al-volante\/\"},\"author\":{\"name\":\"admpu17wp\",\"@id\":\"https:\/\/experienciadevida.com.ar\/portalurbano\/#\/schema\/person\/02dd326b1c4b056e9cc972486934a3a7\"},\"headline\":\"\u201cConductor designado\u201d: campa\u00f1a de concientizaci\u00f3n para prevenir siniestros viales por alcohol al volante\",\"datePublished\":\"2021-02-08T14:08:27+00:00\",\"dateModified\":\"2021-02-08T14:08:54+00:00\",\"mainEntityOfPage\":{\"@id\":\"https:\/\/experienciadevida.com.ar\/portalurbano\/conductor-designado-campana-de-concientizacion-para-prevenir-siniestros-viales-por-alcohol-al-volante\/\"},\"wordCount\":484,\"publisher\":{\"@id\":\"https:\/\/experienciadevida.com.ar\/portalurbano\/#organization\"},\"articleSection\":[\"Ciudad\",\"Destacadas 2\"],\"inLanguage\":\"es\"},{\"@type\":\"WebPage\",\"@id\":\"https:\/\/experienciadevida.com.ar\/portalurbano\/conductor-designado-campana-de-concientizacion-para-prevenir-siniestros-viales-por-alcohol-al-volante\/\",\"url\":\"https:\/\/experienciadevida.com.ar\/portalurbano\/conductor-designado-campana-de-concientizacion-para-prevenir-siniestros-viales-por-alcohol-al-volante\/\",\"name\":\"\\\"Conductor designado\\\": Campa\u00f1a de concientizaci\u00f3n para prevenir\",\"isPartOf\":{\"@id\":\"https:\/\/experienciadevida.com.ar\/portalurbano\/#website\"},\"datePublished\":\"2021-02-08T14:08:27+00:00\",\"dateModified\":\"2021-02-08T14:08:54+00:00\",\"description\":\"\u201cConductor designado\u201d: campa\u00f1a de concientizaci\u00f3n para prevenir siniestros viales por alcohol al volante, mantuvieron una reuni\u00f3n.\",\"breadcrumb\":{\"@id\":\"https:\/\/experienciadevida.com.ar\/portalurbano\/conductor-designado-campana-de-concientizacion-para-prevenir-siniestros-viales-por-alcohol-al-volante\/#breadcrumb\"},\"inLanguage\":\"es\",\"potentialAction\":[{\"@type\":\"ReadAction\",\"target\":[\"https:\/\/experienciadevida.com.ar\/portalurbano\/conductor-designado-campana-de-concientizacion-para-prevenir-siniestros-viales-por-alcohol-al-volante\/\"]}]},{\"@type\":\"BreadcrumbList\",\"@id\":\"https:\/\/experienciadevida.com.ar\/portalurbano\/conductor-designado-campana-de-concientizacion-para-prevenir-siniestros-viales-por-alcohol-al-volante\/#breadcrumb\",\"itemListElement\":[{\"@type\":\"ListItem\",\"position\":1,\"name\":\"Portada\",\"item\":\"https:\/\/experienciadevida.com.ar\/portalurbano\/\"},{\"@type\":\"ListItem\",\"position\":2,\"name\":\"\u201cConductor designado\u201d: campa\u00f1a de concientizaci\u00f3n para prevenir siniestros viales por alcohol al volante\"}]},{\"@type\":\"WebSite\",\"@id\":\"https:\/\/experienciadevida.com.ar\/portalurbano\/#website\",\"url\":\"https:\/\/experienciadevida.com.ar\/portalurbano\/\",\"name\":\"\",\"description\":\"\",\"publisher\":{\"@id\":\"https:\/\/experienciadevida.com.ar\/portalurbano\/#organization\"},\"potentialAction\":[{\"@type\":\"SearchAction\",\"target\":{\"@type\":\"EntryPoint\",\"urlTemplate\":\"https:\/\/experienciadevida.com.ar\/portalurbano\/?s={search_term_string}\"},\"query-input\":\"required name=search_term_string\"}],\"inLanguage\":\"es\"},{\"@type\":\"Organization\",\"@id\":\"https:\/\/experienciadevida.com.ar\/portalurbano\/#organization\",\"name\":\"Portal Urbano\",\"url\":\"https:\/\/experienciadevida.com.ar\/portalurbano\/\",\"logo\":{\"@type\":\"ImageObject\",\"inLanguage\":\"es\",\"@id\":\"https:\/\/experienciadevida.com.ar\/portalurbano\/#\/schema\/logo\/image\/\",\"url\":\"https:\/\/experienciadevida.com.ar\/portalurbano\/wp-content\/uploads\/2019\/09\/Logo-Original.png\",\"contentUrl\":\"https:\/\/experienciadevida.com.ar\/portalurbano\/wp-content\/uploads\/2019\/09\/Logo-Original.png\",\"width\":2236,\"height\":1216,\"caption\":\"Portal Urbano\"},\"image\":{\"@id\":\"https:\/\/experienciadevida.com.ar\/portalurbano\/#\/schema\/logo\/image\/\"},\"sameAs\":[\"https:\/\/www.facebook.com\/Portal-Urbano-171542830093757\/\",\"https:\/\/twitter.com\/portalurbanook\",\"https:\/\/www.instagram.com\/_portalurbano\/\",\"https:\/\/www.youtube.com\/channel\/UCXhagIfszH8KxFiOok79zbA?view_as=subscriber\"]},{\"@type\":\"Person\",\"@id\":\"https:\/\/experienciadevida.com.ar\/portalurbano\/#\/schema\/person\/02dd326b1c4b056e9cc972486934a3a7\",\"name\":\"admpu17wp\",\"image\":{\"@type\":\"ImageObject\",\"inLanguage\":\"es\",\"@id\":\"https:\/\/experienciadevida.com.ar\/portalurbano\/#\/schema\/person\/image\/\",\"url\":\"https:\/\/secure.gravatar.com\/avatar\/830d4c57adaae6630765e449a6908047?s=96&d=mm&r=g\",\"contentUrl\":\"https:\/\/secure.gravatar.com\/avatar\/830d4c57adaae6630765e449a6908047?s=96&d=mm&r=g\",\"caption\":\"admpu17wp\"}}]}<\/script>\n<!-- \/ Yoast SEO plugin. -->","yoast_head_json":{"title":"\"Conductor designado\": Campa\u00f1a de concientizaci\u00f3n para prevenir","description":"\u201cConductor designado\u201d: campa\u00f1a de concientizaci\u00f3n para prevenir siniestros viales por alcohol al volante, mantuvieron una reuni\u00f3n.","robots":{"index":"index","follow":"follow","max-snippet":"max-snippet:-1","max-image-preview":"max-image-preview:large","max-video-preview":"max-video-preview:-1"},"canonical":"https:\/\/experienciadevida.com.ar\/portalurbano\/conductor-designado-campana-de-concientizacion-para-prevenir-siniestros-viales-por-alcohol-al-volante\/","og_locale":"es_ES","og_type":"article","og_title":"\"Conductor designado\": Campa\u00f1a de concientizaci\u00f3n para prevenir","og_description":"\u201cConductor designado\u201d: campa\u00f1a de concientizaci\u00f3n para prevenir siniestros viales por alcohol al volante, mantuvieron una reuni\u00f3n.","og_url":"https:\/\/experienciadevida.com.ar\/portalurbano\/conductor-designado-campana-de-concientizacion-para-prevenir-siniestros-viales-por-alcohol-al-volante\/","article_publisher":"https:\/\/www.facebook.com\/Portal-Urbano-171542830093757\/","article_published_time":"2021-02-08T14:08:27+00:00","article_modified_time":"2021-02-08T14:08:54+00:00","og_image":[{"width":1024,"height":576,"url":"https:\/\/experienciadevida.com.ar\/portalurbano\/wp-content\/uploads\/2021\/02\/conductor-designado.jpg","type":"image\/jpeg"}],"author":"admpu17wp","twitter_card":"summary_large_image","twitter_creator":"@portalurbanook","twitter_site":"@portalurbanook","twitter_misc":{"Escrito por":"admpu17wp","Tiempo de lectura":"2 minutos"},"schema":{"@context":"https:\/\/schema.org","@graph":[{"@type":"Article","@id":"https:\/\/experienciadevida.com.ar\/portalurbano\/conductor-designado-campana-de-concientizacion-para-prevenir-siniestros-viales-por-alcohol-al-volante\/#article","isPartOf":{"@id":"https:\/\/experienciadevida.com.ar\/portalurbano\/conductor-designado-campana-de-concientizacion-para-prevenir-siniestros-viales-por-alcohol-al-volante\/"},"author":{"name":"admpu17wp","@id":"https:\/\/experienciadevida.com.ar\/portalurbano\/#\/schema\/person\/02dd326b1c4b056e9cc972486934a3a7"},"headline":"\u201cConductor designado\u201d: campa\u00f1a de concientizaci\u00f3n para prevenir siniestros viales por alcohol al volante","datePublished":"2021-02-08T14:08:27+00:00","dateModified":"2021-02-08T14:08:54+00:00","mainEntityOfPage":{"@id":"https:\/\/experienciadevida.com.ar\/portalurbano\/conductor-designado-campana-de-concientizacion-para-prevenir-siniestros-viales-por-alcohol-al-volante\/"},"wordCount":484,"publisher":{"@id":"https:\/\/experienciadevida.com.ar\/portalurbano\/#organization"},"articleSection":["Ciudad","Destacadas 2"],"inLanguage":"es"},{"@type":"WebPage","@id":"https:\/\/experienciadevida.com.ar\/portalurbano\/conductor-designado-campana-de-concientizacion-para-prevenir-siniestros-viales-por-alcohol-al-volante\/","url":"https:\/\/experienciadevida.com.ar\/portalurbano\/conductor-designado-campana-de-concientizacion-para-prevenir-siniestros-viales-por-alcohol-al-volante\/","name":"\"Conductor designado\": Campa\u00f1a de concientizaci\u00f3n para prevenir","isPartOf":{"@id":"https:\/\/experienciadevida.com.ar\/portalurbano\/#website"},"datePublished":"2021-02-08T14:08:27+00:00","dateModified":"2021-02-08T14:08:54+00:00","description":"\u201cConductor designado\u201d: campa\u00f1a de concientizaci\u00f3n para prevenir siniestros viales por alcohol al volante, mantuvieron una reuni\u00f3n.","breadcrumb":{"@id":"https:\/\/experienciadevida.com.ar\/portalurbano\/conductor-designado-campana-de-concientizacion-para-prevenir-siniestros-viales-por-alcohol-al-volante\/#breadcrumb"},"inLanguage":"es","potentialAction":[{"@type":"ReadAction","target":["https:\/\/experienciadevida.com.ar\/portalurbano\/conductor-designado-campana-de-concientizacion-para-prevenir-siniestros-viales-por-alcohol-al-volante\/"]}]},{"@type":"BreadcrumbList","@id":"https:\/\/experienciadevida.com.ar\/portalurbano\/conductor-designado-campana-de-concientizacion-para-prevenir-siniestros-viales-por-alcohol-al-volante\/#breadcrumb","itemListElement":[{"@type":"ListItem","position":1,"name":"Portada","item":"https:\/\/experienciadevida.com.ar\/portalurbano\/"},{"@type":"ListItem","position":2,"name":"\u201cConductor designado\u201d: campa\u00f1a de concientizaci\u00f3n para prevenir siniestros viales por alcohol al volante"}]},{"@type":"WebSite","@id":"https:\/\/experienciadevida.com.ar\/portalurbano\/#website","url":"https:\/\/experienciadevida.com.ar\/portalurbano\/","name":"","description":"","publisher":{"@id":"https:\/\/experienciadevida.com.ar\/portalurbano\/#organization"},"potentialAction":[{"@type":"SearchAction","target":{"@type":"EntryPoint","urlTemplate":"https:\/\/experienciadevida.com.ar\/portalurbano\/?s={search_term_string}"},"query-input":"required name=search_term_string"}],"inLanguage":"es"},{"@type":"Organization","@id":"https:\/\/experienciadevida.com.ar\/portalurbano\/#organization","name":"Portal Urbano","url":"https:\/\/experienciadevida.com.ar\/portalurbano\/","logo":{"@type":"ImageObject","inLanguage":"es","@id":"https:\/\/experienciadevida.com.ar\/portalurbano\/#\/schema\/logo\/image\/","url":"https:\/\/experienciadevida.com.ar\/portalurbano\/wp-content\/uploads\/2019\/09\/Logo-Original.png","contentUrl":"https:\/\/experienciadevida.com.ar\/portalurbano\/wp-content\/uploads\/2019\/09\/Logo-Original.png","width":2236,"height":1216,"caption":"Portal Urbano"},"image":{"@id":"https:\/\/experienciadevida.com.ar\/portalurbano\/#\/schema\/logo\/image\/"},"sameAs":["https:\/\/www.facebook.com\/Portal-Urbano-171542830093757\/","https:\/\/twitter.com\/portalurbanook","https:\/\/www.instagram.com\/_portalurbano\/","https:\/\/www.youtube.com\/channel\/UCXhagIfszH8KxFiOok79zbA?view_as=subscriber"]},{"@type":"Person","@id":"https:\/\/experienciadevida.com.ar\/portalurbano\/#\/schema\/person\/02dd326b1c4b056e9cc972486934a3a7","name":"admpu17wp","image":{"@type":"ImageObject","inLanguage":"es","@id":"https:\/\/experienciadevida.com.ar\/portalurbano\/#\/schema\/person\/image\/","url":"https:\/\/secure.gravatar.com\/avatar\/830d4c57adaae6630765e449a6908047?s=96&d=mm&r=g","contentUrl":"https:\/\/secure.gravatar.com\/avatar\/830d4c57adaae6630765e449a6908047?s=96&d=mm&r=g","caption":"admpu17wp"}}]}},"featured_image_urls":{"full":["https:\/\/experienciadevida.com.ar\/portalurbano\/wp-content\/uploads\/2021\/02\/conductor-designado.jpg",1024,576,false],"thumbnail":["https:\/\/experienciadevida.com.ar\/portalurbano\/wp-content\/uploads\/2021\/02\/conductor-designado-150x150.jpg",150,150,true],"medium":["https:\/\/experienciadevida.com.ar\/portalurbano\/wp-content\/uploads\/2021\/02\/conductor-designado-300x169.jpg",300,169,true],"medium_large":["https:\/\/experienciadevida.com.ar\/portalurbano\/wp-content\/uploads\/2021\/02\/conductor-designado-768x432.jpg",640,360,true],"large":["https:\/\/experienciadevida.com.ar\/portalurbano\/wp-content\/uploads\/2021\/02\/conductor-designado.jpg",640,360,false],"ug_big":["https:\/\/experienciadevida.com.ar\/portalurbano\/wp-content\/uploads\/2021\/02\/conductor-designado-768x432.jpg",768,432,true],"1536x1536":["https:\/\/experienciadevida.com.ar\/portalurbano\/wp-content\/uploads\/2021\/02\/conductor-designado.jpg",1024,576,false],"2048x2048":["https:\/\/experienciadevida.com.ar\/portalurbano\/wp-content\/uploads\/2021\/02\/conductor-designado.jpg",1024,576,false],"newsever-slider-full":["https:\/\/experienciadevida.com.ar\/portalurbano\/wp-content\/uploads\/2021\/02\/conductor-designado.jpg",1024,576,false],"newsever-featured":["https:\/\/experienciadevida.com.ar\/portalurbano\/wp-content\/uploads\/2021\/02\/conductor-designado.jpg",1024,576,false],"newsever-medium":["https:\/\/experienciadevida.com.ar\/portalurbano\/wp-content\/uploads\/2021\/02\/conductor-designado.jpg",720,405,false],"web-stories-poster-portrait":["https:\/\/experienciadevida.com.ar\/portalurbano\/wp-content\/uploads\/2021\/02\/conductor-designado.jpg",640,360,false],"web-stories-publisher-logo":["https:\/\/experienciadevida.com.ar\/portalurbano\/wp-content\/uploads\/2021\/02\/conductor-designado.jpg",96,54,false],"web-stories-thumbnail":["https:\/\/experienciadevida.com.ar\/portalurbano\/wp-content\/uploads\/2021\/02\/conductor-designado.jpg",150,84,false]},"author_info":{"display_name":"admpu17wp","author_link":"https:\/\/experienciadevida.com.ar\/portalurbano\/author\/admpu17wp\/"},"category_info":"<a href=\"https:\/\/experienciadevida.com.ar\/portalurbano\/category\/ciudad\/\" rel=\"category tag\">Ciudad<\/a> <a href=\"https:\/\/experienciadevida.com.ar\/portalurbano\/category\/destacadas-2\/\" rel=\"category tag\">Destacadas 2<\/a>","tag_info":"Destacadas 2","comment_count":"0","amp_enabled":true,"_links":{"self":[{"href":"https:\/\/experienciadevida.com.ar\/portalurbano\/wp-json\/wp\/v2\/posts\/134594"}],"collection":[{"href":"https:\/\/experienciadevida.com.ar\/portalurbano\/wp-json\/wp\/v2\/posts"}],"about":[{"href":"https:\/\/experienciadevida.com.ar\/portalurbano\/wp-json\/wp\/v2\/types\/post"}],"author":[{"embeddable":true,"href":"https:\/\/experienciadevida.com.ar\/portalurbano\/wp-json\/wp\/v2\/users\/1"}],"replies":[{"embeddable":true,"href":"https:\/\/experienciadevida.com.ar\/portalurbano\/wp-json\/wp\/v2\/comments?post=134594"}],"version-history":[{"count":2,"href":"https:\/\/experienciadevida.com.ar\/portalurbano\/wp-json\/wp\/v2\/posts\/134594\/revisions"}],"predecessor-version":[{"id":134597,"href":"https:\/\/experienciadevida.com.ar\/portalurbano\/wp-json\/wp\/v2\/posts\/134594\/revisions\/134597"}],"wp:featuredmedia":[{"embeddable":true,"href":"https:\/\/experienciadevida.com.ar\/portalurbano\/wp-json\/wp\/v2\/media\/134595"}],"wp:attachment":[{"href":"https:\/\/experienciadevida.com.ar\/portalurbano\/wp-json\/wp\/v2\/media?parent=134594"}],"wp:term":[{"taxonomy":"category","embeddable":true,"href":"https:\/\/experienciadevida.com.ar\/portalurbano\/wp-json\/wp\/v2\/categories?post=134594"},{"taxonomy":"post_tag","embeddable":true,"href":"https:\/\/experienciadevida.com.ar\/portalurbano\/wp-json\/wp\/v2\/tags?post=134594"}],"curies":[{"name":"wp","href":"https:\/\/api.w.org\/{rel}","templated":true}]}}