{"id":134578,"date":"2021-02-08T10:03:39","date_gmt":"2021-02-08T13:03:39","guid":{"rendered":"https:\/\/experienciadevida.com.ar\/portalurbano\/?p=134578"},"modified":"2021-02-08T10:07:42","modified_gmt":"2021-02-08T13:07:42","slug":"matrella-sobre-los-dichos-del-presidente-nosotros-no-somos-formadores-de-precios","status":"publish","type":"post","link":"https:\/\/experienciadevida.com.ar\/portalurbano\/matrella-sobre-los-dichos-del-presidente-nosotros-no-somos-formadores-de-precios\/","title":{"rendered":"Matrella sobre los dichos del Presidente: &#8220;Nosotros no somos formadores de precios&#8221;"},"content":{"rendered":"<p>Matrella sobre los dichos del Presidente: &#8220;Nosotros no somos formadores de precios&#8221;.\u00a0 Matrella, Presidente de la Sociedad Rural de Olavarr\u00eda, habl\u00f3 sobre los dichos del Presidente Alberto Fern\u00e1ndez quien expres\u00f3 \u00absi el campo no entiende voy a subir las retenciones o establecer cupos\u00bb, informando que tomar\u00e1 medidas sobre aquellos productores que vendan alimentos a precio de exportaci\u00f3n.<\/p>\n<p>Matrella consider\u00f3 \u00abla verdad que causa asombro escuchar las palabras del presidente y la falta de informaci\u00f3n que tiene con respecto al sector agropecuario, nosotros no somos formadores de precios, nosotros somos tomadores de precios. A los bienes que producimos no podemos ponerle precio, sino que los tenemos que tomar del mercado, es oferta y demanda. El problema grande que tiene la Argentina es la inflaci\u00f3n que no hemos podido domar y la p\u00e9rdida del poder adquisitivo de la gente, que lo vemos d\u00eda a d\u00eda en las cosas como aumentan y los salarios van quedando atr\u00e1s y no se pueden comprar los productos&#8221;.<\/p>\n<p>&#8220;Nosotros somos Argentinos, el campo no est\u00e1 en otro pa\u00eds, creo que se viene un a\u00f1o electoral hay que buscar siempre un enemigo. No esper\u00e1bamos otra cosa de este gobierno, sab\u00edamos cuando gan\u00f3 las elecciones iba a ir contra el campo, vamos a defender a los productores de la mejor manera\u00a0 y haci\u00e9ndole entender a la gente que nosotros no somos los culpables de la inflaci\u00f3n el culpable es un gobierno\u00a0 que no le encuentra salida y no tiene un plan para poder paliar la inflaci\u00f3n, los productos primarios inciden en el precio final de los alimentos en un 20% ya lo vimos en el a\u00f1o 2008 cuando fue el conflicto del campo, que se intervinieron los mercados de carne y trigo&#8221;.<\/p>\n<p>Por otro lado mencion\u00f3 &#8220;no queremos volver a eso, hay otros pa\u00edses que avanzan\u00a0 y nosotros estamos siempre girando en el mismo lugar, para que haya productos hay que generar que \u00e9stos se produzcan. Queremos un di\u00e1logo con el Presidente sentarnos en una mesa\u00a0 y dialogar, no lo que hace el gobierno de hacer amenazas como lo hace, hoy no tenemos ninguna medida tomada&#8221;.<\/p>\n<p>&#8220;No es un problema del valor del precio de la carne sino la p\u00e9rdida de poder adquisitivo que ah tenido la gente, la inflaci\u00f3n que hay y los aumentos de sueldo que hay en paritarias siempre est\u00e1n por debajo de la inflaci\u00f3n, la p\u00e9rdida de poder adquisitivo lleva a esto. Para producir un kilo de carne que consume un Argentino en su casa a un productor le lleva tres a\u00f1os de trabajo&#8221;.<\/p>\n<p>Fuente: Cadena 103<\/p>\n","protected":false},"excerpt":{"rendered":"<p>Matrella sobre los dichos del Presidente: &#8220;Nosotros no somos formadores de precios&#8221;.\u00a0 Matrella, Presidente de&#8230;<\/p>\n","protected":false},"author":1,"featured_media":89039,"comment_status":"closed","ping_status":"closed","sticky":false,"template":"","format":"standard","meta":{"content-type":""},"categories":[27,51],"tags":[],"nelio_content":{"isAutoShareEnabled":false,"autoShareEndMode":"default","automationSources":{"useContentSentences":true,"useSocialTemplates":true,"useCustomSentences":false,"customSentences":[]},"followers":[1],"suggestedReferences":[],"includedReferences":[],"efiUrl":"","efiAlt":"","highlights":[]},"yoast_head":"<!-- This site is optimized with the Yoast SEO plugin v20.7 - https:\/\/yoast.com\/wordpress\/plugins\/seo\/ -->\n<title>Matrella sobre los dichos del Presidente: &quot;no somos formadores de precio&quot;<\/title>\n<meta name=\"description\" content=\"Matrella sobre los dichos del Presidente: &quot;Nosotros no somos formadores de precios&quot;, a un productor le lleva 3 a\u00f1os de trabajo producir carne\" \/>\n<meta name=\"robots\" content=\"index, follow, max-snippet:-1, max-image-preview:large, max-video-preview:-1\" \/>\n<link rel=\"canonical\" href=\"https:\/\/experienciadevida.com.ar\/portalurbano\/matrella-sobre-los-dichos-del-presidente-nosotros-no-somos-formadores-de-precios\/\" \/>\n<meta property=\"og:locale\" content=\"es_ES\" \/>\n<meta property=\"og:type\" content=\"article\" \/>\n<meta property=\"og:title\" content=\"Matrella sobre los dichos del Presidente: &quot;no somos formadores de precio&quot;\" \/>\n<meta property=\"og:description\" content=\"Matrella sobre los dichos del Presidente: &quot;Nosotros no somos formadores de precios&quot;, a un productor le lleva 3 a\u00f1os de trabajo producir carne\" \/>\n<meta property=\"og:url\" content=\"https:\/\/experienciadevida.com.ar\/portalurbano\/matrella-sobre-los-dichos-del-presidente-nosotros-no-somos-formadores-de-precios\/\" \/>\n<meta property=\"article:publisher\" content=\"https:\/\/www.facebook.com\/Portal-Urbano-171542830093757\/\" \/>\n<meta property=\"article:published_time\" content=\"2021-02-08T13:03:39+00:00\" \/>\n<meta property=\"article:modified_time\" content=\"2021-02-08T13:07:42+00:00\" \/>\n<meta property=\"og:image\" content=\"https:\/\/experienciadevida.com.ar\/portalurbano\/wp-content\/uploads\/2019\/10\/b2ap3_large_b2ap3_large_b2ap3_large_Matrella-e1570660892631.jpg\" \/>\n\t<meta property=\"og:image:width\" content=\"750\" \/>\n\t<meta property=\"og:image:height\" content=\"313\" \/>\n\t<meta property=\"og:image:type\" content=\"image\/jpeg\" \/>\n<meta name=\"author\" content=\"admpu17wp\" \/>\n<meta name=\"twitter:card\" content=\"summary_large_image\" \/>\n<meta name=\"twitter:creator\" content=\"@portalurbanook\" \/>\n<meta name=\"twitter:site\" content=\"@portalurbanook\" \/>\n<meta name=\"twitter:label1\" content=\"Escrito por\" \/>\n\t<meta name=\"twitter:data1\" content=\"admpu17wp\" \/>\n\t<meta name=\"twitter:label2\" content=\"Tiempo de lectura\" \/>\n\t<meta name=\"twitter:data2\" content=\"2 minutos\" \/>\n<script type=\"application\/ld+json\" class=\"yoast-schema-graph\">{\"@context\":\"https:\/\/schema.org\",\"@graph\":[{\"@type\":\"Article\",\"@id\":\"https:\/\/experienciadevida.com.ar\/portalurbano\/matrella-sobre-los-dichos-del-presidente-nosotros-no-somos-formadores-de-precios\/#article\",\"isPartOf\":{\"@id\":\"https:\/\/experienciadevida.com.ar\/portalurbano\/matrella-sobre-los-dichos-del-presidente-nosotros-no-somos-formadores-de-precios\/\"},\"author\":{\"name\":\"admpu17wp\",\"@id\":\"https:\/\/experienciadevida.com.ar\/portalurbano\/#\/schema\/person\/02dd326b1c4b056e9cc972486934a3a7\"},\"headline\":\"Matrella sobre los dichos del Presidente: &#8220;Nosotros no somos formadores de precios&#8221;\",\"datePublished\":\"2021-02-08T13:03:39+00:00\",\"dateModified\":\"2021-02-08T13:07:42+00:00\",\"mainEntityOfPage\":{\"@id\":\"https:\/\/experienciadevida.com.ar\/portalurbano\/matrella-sobre-los-dichos-del-presidente-nosotros-no-somos-formadores-de-precios\/\"},\"wordCount\":456,\"publisher\":{\"@id\":\"https:\/\/experienciadevida.com.ar\/portalurbano\/#organization\"},\"articleSection\":[\"Ciudad\",\"Destacadas\"],\"inLanguage\":\"es\"},{\"@type\":\"WebPage\",\"@id\":\"https:\/\/experienciadevida.com.ar\/portalurbano\/matrella-sobre-los-dichos-del-presidente-nosotros-no-somos-formadores-de-precios\/\",\"url\":\"https:\/\/experienciadevida.com.ar\/portalurbano\/matrella-sobre-los-dichos-del-presidente-nosotros-no-somos-formadores-de-precios\/\",\"name\":\"Matrella sobre los dichos del Presidente: \\\"no somos formadores de precio\\\"\",\"isPartOf\":{\"@id\":\"https:\/\/experienciadevida.com.ar\/portalurbano\/#website\"},\"datePublished\":\"2021-02-08T13:03:39+00:00\",\"dateModified\":\"2021-02-08T13:07:42+00:00\",\"description\":\"Matrella sobre los dichos del Presidente: \\\"Nosotros no somos formadores de precios\\\", a un productor le lleva 3 a\u00f1os de trabajo producir carne\",\"breadcrumb\":{\"@id\":\"https:\/\/experienciadevida.com.ar\/portalurbano\/matrella-sobre-los-dichos-del-presidente-nosotros-no-somos-formadores-de-precios\/#breadcrumb\"},\"inLanguage\":\"es\",\"potentialAction\":[{\"@type\":\"ReadAction\",\"target\":[\"https:\/\/experienciadevida.com.ar\/portalurbano\/matrella-sobre-los-dichos-del-presidente-nosotros-no-somos-formadores-de-precios\/\"]}]},{\"@type\":\"BreadcrumbList\",\"@id\":\"https:\/\/experienciadevida.com.ar\/portalurbano\/matrella-sobre-los-dichos-del-presidente-nosotros-no-somos-formadores-de-precios\/#breadcrumb\",\"itemListElement\":[{\"@type\":\"ListItem\",\"position\":1,\"name\":\"Portada\",\"item\":\"https:\/\/experienciadevida.com.ar\/portalurbano\/\"},{\"@type\":\"ListItem\",\"position\":2,\"name\":\"Matrella sobre los dichos del Presidente: \u00abNosotros no somos formadores de precios\u00bb\"}]},{\"@type\":\"WebSite\",\"@id\":\"https:\/\/experienciadevida.com.ar\/portalurbano\/#website\",\"url\":\"https:\/\/experienciadevida.com.ar\/portalurbano\/\",\"name\":\"\",\"description\":\"\",\"publisher\":{\"@id\":\"https:\/\/experienciadevida.com.ar\/portalurbano\/#organization\"},\"potentialAction\":[{\"@type\":\"SearchAction\",\"target\":{\"@type\":\"EntryPoint\",\"urlTemplate\":\"https:\/\/experienciadevida.com.ar\/portalurbano\/?s={search_term_string}\"},\"query-input\":\"required name=search_term_string\"}],\"inLanguage\":\"es\"},{\"@type\":\"Organization\",\"@id\":\"https:\/\/experienciadevida.com.ar\/portalurbano\/#organization\",\"name\":\"Portal Urbano\",\"url\":\"https:\/\/experienciadevida.com.ar\/portalurbano\/\",\"logo\":{\"@type\":\"ImageObject\",\"inLanguage\":\"es\",\"@id\":\"https:\/\/experienciadevida.com.ar\/portalurbano\/#\/schema\/logo\/image\/\",\"url\":\"https:\/\/experienciadevida.com.ar\/portalurbano\/wp-content\/uploads\/2019\/09\/Logo-Original.png\",\"contentUrl\":\"https:\/\/experienciadevida.com.ar\/portalurbano\/wp-content\/uploads\/2019\/09\/Logo-Original.png\",\"width\":2236,\"height\":1216,\"caption\":\"Portal Urbano\"},\"image\":{\"@id\":\"https:\/\/experienciadevida.com.ar\/portalurbano\/#\/schema\/logo\/image\/\"},\"sameAs\":[\"https:\/\/www.facebook.com\/Portal-Urbano-171542830093757\/\",\"https:\/\/twitter.com\/portalurbanook\",\"https:\/\/www.instagram.com\/_portalurbano\/\",\"https:\/\/www.youtube.com\/channel\/UCXhagIfszH8KxFiOok79zbA?view_as=subscriber\"]},{\"@type\":\"Person\",\"@id\":\"https:\/\/experienciadevida.com.ar\/portalurbano\/#\/schema\/person\/02dd326b1c4b056e9cc972486934a3a7\",\"name\":\"admpu17wp\",\"image\":{\"@type\":\"ImageObject\",\"inLanguage\":\"es\",\"@id\":\"https:\/\/experienciadevida.com.ar\/portalurbano\/#\/schema\/person\/image\/\",\"url\":\"https:\/\/secure.gravatar.com\/avatar\/830d4c57adaae6630765e449a6908047?s=96&d=mm&r=g\",\"contentUrl\":\"https:\/\/secure.gravatar.com\/avatar\/830d4c57adaae6630765e449a6908047?s=96&d=mm&r=g\",\"caption\":\"admpu17wp\"}}]}<\/script>\n<!-- \/ Yoast SEO plugin. -->","yoast_head_json":{"title":"Matrella sobre los dichos del Presidente: \"no somos formadores de precio\"","description":"Matrella sobre los dichos del Presidente: \"Nosotros no somos formadores de precios\", a un productor le lleva 3 a\u00f1os de trabajo producir carne","robots":{"index":"index","follow":"follow","max-snippet":"max-snippet:-1","max-image-preview":"max-image-preview:large","max-video-preview":"max-video-preview:-1"},"canonical":"https:\/\/experienciadevida.com.ar\/portalurbano\/matrella-sobre-los-dichos-del-presidente-nosotros-no-somos-formadores-de-precios\/","og_locale":"es_ES","og_type":"article","og_title":"Matrella sobre los dichos del Presidente: \"no somos formadores de precio\"","og_description":"Matrella sobre los dichos del Presidente: \"Nosotros no somos formadores de precios\", a un productor le lleva 3 a\u00f1os de trabajo producir carne","og_url":"https:\/\/experienciadevida.com.ar\/portalurbano\/matrella-sobre-los-dichos-del-presidente-nosotros-no-somos-formadores-de-precios\/","article_publisher":"https:\/\/www.facebook.com\/Portal-Urbano-171542830093757\/","article_published_time":"2021-02-08T13:03:39+00:00","article_modified_time":"2021-02-08T13:07:42+00:00","og_image":[{"width":750,"height":313,"url":"https:\/\/experienciadevida.com.ar\/portalurbano\/wp-content\/uploads\/2019\/10\/b2ap3_large_b2ap3_large_b2ap3_large_Matrella-e1570660892631.jpg","type":"image\/jpeg"}],"author":"admpu17wp","twitter_card":"summary_large_image","twitter_creator":"@portalurbanook","twitter_site":"@portalurbanook","twitter_misc":{"Escrito por":"admpu17wp","Tiempo de lectura":"2 minutos"},"schema":{"@context":"https:\/\/schema.org","@graph":[{"@type":"Article","@id":"https:\/\/experienciadevida.com.ar\/portalurbano\/matrella-sobre-los-dichos-del-presidente-nosotros-no-somos-formadores-de-precios\/#article","isPartOf":{"@id":"https:\/\/experienciadevida.com.ar\/portalurbano\/matrella-sobre-los-dichos-del-presidente-nosotros-no-somos-formadores-de-precios\/"},"author":{"name":"admpu17wp","@id":"https:\/\/experienciadevida.com.ar\/portalurbano\/#\/schema\/person\/02dd326b1c4b056e9cc972486934a3a7"},"headline":"Matrella sobre los dichos del Presidente: &#8220;Nosotros no somos formadores de precios&#8221;","datePublished":"2021-02-08T13:03:39+00:00","dateModified":"2021-02-08T13:07:42+00:00","mainEntityOfPage":{"@id":"https:\/\/experienciadevida.com.ar\/portalurbano\/matrella-sobre-los-dichos-del-presidente-nosotros-no-somos-formadores-de-precios\/"},"wordCount":456,"publisher":{"@id":"https:\/\/experienciadevida.com.ar\/portalurbano\/#organization"},"articleSection":["Ciudad","Destacadas"],"inLanguage":"es"},{"@type":"WebPage","@id":"https:\/\/experienciadevida.com.ar\/portalurbano\/matrella-sobre-los-dichos-del-presidente-nosotros-no-somos-formadores-de-precios\/","url":"https:\/\/experienciadevida.com.ar\/portalurbano\/matrella-sobre-los-dichos-del-presidente-nosotros-no-somos-formadores-de-precios\/","name":"Matrella sobre los dichos del Presidente: \"no somos formadores de precio\"","isPartOf":{"@id":"https:\/\/experienciadevida.com.ar\/portalurbano\/#website"},"datePublished":"2021-02-08T13:03:39+00:00","dateModified":"2021-02-08T13:07:42+00:00","description":"Matrella sobre los dichos del Presidente: \"Nosotros no somos formadores de precios\", a un productor le lleva 3 a\u00f1os de trabajo producir carne","breadcrumb":{"@id":"https:\/\/experienciadevida.com.ar\/portalurbano\/matrella-sobre-los-dichos-del-presidente-nosotros-no-somos-formadores-de-precios\/#breadcrumb"},"inLanguage":"es","potentialAction":[{"@type":"ReadAction","target":["https:\/\/experienciadevida.com.ar\/portalurbano\/matrella-sobre-los-dichos-del-presidente-nosotros-no-somos-formadores-de-precios\/"]}]},{"@type":"BreadcrumbList","@id":"https:\/\/experienciadevida.com.ar\/portalurbano\/matrella-sobre-los-dichos-del-presidente-nosotros-no-somos-formadores-de-precios\/#breadcrumb","itemListElement":[{"@type":"ListItem","position":1,"name":"Portada","item":"https:\/\/experienciadevida.com.ar\/portalurbano\/"},{"@type":"ListItem","position":2,"name":"Matrella sobre los dichos del Presidente: \u00abNosotros no somos formadores de precios\u00bb"}]},{"@type":"WebSite","@id":"https:\/\/experienciadevida.com.ar\/portalurbano\/#website","url":"https:\/\/experienciadevida.com.ar\/portalurbano\/","name":"","description":"","publisher":{"@id":"https:\/\/experienciadevida.com.ar\/portalurbano\/#organization"},"potentialAction":[{"@type":"SearchAction","target":{"@type":"EntryPoint","urlTemplate":"https:\/\/experienciadevida.com.ar\/portalurbano\/?s={search_term_string}"},"query-input":"required name=search_term_string"}],"inLanguage":"es"},{"@type":"Organization","@id":"https:\/\/experienciadevida.com.ar\/portalurbano\/#organization","name":"Portal Urbano","url":"https:\/\/experienciadevida.com.ar\/portalurbano\/","logo":{"@type":"ImageObject","inLanguage":"es","@id":"https:\/\/experienciadevida.com.ar\/portalurbano\/#\/schema\/logo\/image\/","url":"https:\/\/experienciadevida.com.ar\/portalurbano\/wp-content\/uploads\/2019\/09\/Logo-Original.png","contentUrl":"https:\/\/experienciadevida.com.ar\/portalurbano\/wp-content\/uploads\/2019\/09\/Logo-Original.png","width":2236,"height":1216,"caption":"Portal Urbano"},"image":{"@id":"https:\/\/experienciadevida.com.ar\/portalurbano\/#\/schema\/logo\/image\/"},"sameAs":["https:\/\/www.facebook.com\/Portal-Urbano-171542830093757\/","https:\/\/twitter.com\/portalurbanook","https:\/\/www.instagram.com\/_portalurbano\/","https:\/\/www.youtube.com\/channel\/UCXhagIfszH8KxFiOok79zbA?view_as=subscriber"]},{"@type":"Person","@id":"https:\/\/experienciadevida.com.ar\/portalurbano\/#\/schema\/person\/02dd326b1c4b056e9cc972486934a3a7","name":"admpu17wp","image":{"@type":"ImageObject","inLanguage":"es","@id":"https:\/\/experienciadevida.com.ar\/portalurbano\/#\/schema\/person\/image\/","url":"https:\/\/secure.gravatar.com\/avatar\/830d4c57adaae6630765e449a6908047?s=96&d=mm&r=g","contentUrl":"https:\/\/secure.gravatar.com\/avatar\/830d4c57adaae6630765e449a6908047?s=96&d=mm&r=g","caption":"admpu17wp"}}]}},"featured_image_urls":{"full":["https:\/\/experienciadevida.com.ar\/portalurbano\/wp-content\/uploads\/2019\/10\/b2ap3_large_b2ap3_large_b2ap3_large_Matrella-e1570660892631.jpg",750,313,false],"thumbnail":["https:\/\/experienciadevida.com.ar\/portalurbano\/wp-content\/uploads\/2019\/10\/b2ap3_large_b2ap3_large_b2ap3_large_Matrella-150x150.jpg",150,150,true],"medium":["https:\/\/experienciadevida.com.ar\/portalurbano\/wp-content\/uploads\/2019\/10\/b2ap3_large_b2ap3_large_b2ap3_large_Matrella-300x125.jpg",300,125,true],"medium_large":["https:\/\/experienciadevida.com.ar\/portalurbano\/wp-content\/uploads\/2019\/10\/b2ap3_large_b2ap3_large_b2ap3_large_Matrella-768x320.jpg",640,267,true],"large":["https:\/\/experienciadevida.com.ar\/portalurbano\/wp-content\/uploads\/2019\/10\/b2ap3_large_b2ap3_large_b2ap3_large_Matrella-e1570660892631.jpg",640,267,false],"ug_big":["https:\/\/experienciadevida.com.ar\/portalurbano\/wp-content\/uploads\/2019\/10\/b2ap3_large_b2ap3_large_b2ap3_large_Matrella-768x320.jpg",768,320,true],"1536x1536":["https:\/\/experienciadevida.com.ar\/portalurbano\/wp-content\/uploads\/2019\/10\/b2ap3_large_b2ap3_large_b2ap3_large_Matrella-e1570660892631.jpg",750,313,false],"2048x2048":["https:\/\/experienciadevida.com.ar\/portalurbano\/wp-content\/uploads\/2019\/10\/b2ap3_large_b2ap3_large_b2ap3_large_Matrella-e1570660892631.jpg",750,313,false],"newsever-slider-full":["https:\/\/experienciadevida.com.ar\/portalurbano\/wp-content\/uploads\/2019\/10\/b2ap3_large_b2ap3_large_b2ap3_large_Matrella-e1570660892631.jpg",750,313,false],"newsever-featured":["https:\/\/experienciadevida.com.ar\/portalurbano\/wp-content\/uploads\/2019\/10\/b2ap3_large_b2ap3_large_b2ap3_large_Matrella-e1570660892631.jpg",750,313,false],"newsever-medium":["https:\/\/experienciadevida.com.ar\/portalurbano\/wp-content\/uploads\/2019\/10\/b2ap3_large_b2ap3_large_b2ap3_large_Matrella-e1570660892631.jpg",720,300,false],"web-stories-poster-portrait":["https:\/\/experienciadevida.com.ar\/portalurbano\/wp-content\/uploads\/2019\/10\/b2ap3_large_b2ap3_large_b2ap3_large_Matrella-e1570660892631.jpg",640,267,false],"web-stories-publisher-logo":["https:\/\/experienciadevida.com.ar\/portalurbano\/wp-content\/uploads\/2019\/10\/b2ap3_large_b2ap3_large_b2ap3_large_Matrella-e1570660892631.jpg",96,40,false],"web-stories-thumbnail":["https:\/\/experienciadevida.com.ar\/portalurbano\/wp-content\/uploads\/2019\/10\/b2ap3_large_b2ap3_large_b2ap3_large_Matrella-e1570660892631.jpg",150,63,false]},"author_info":{"display_name":"admpu17wp","author_link":"https:\/\/experienciadevida.com.ar\/portalurbano\/author\/admpu17wp\/"},"category_info":"<a href=\"https:\/\/experienciadevida.com.ar\/portalurbano\/category\/ciudad\/\" rel=\"category tag\">Ciudad<\/a> <a href=\"https:\/\/experienciadevida.com.ar\/portalurbano\/category\/destacadas\/\" rel=\"category tag\">Destacadas<\/a>","tag_info":"Destacadas","comment_count":"0","amp_enabled":true,"_links":{"self":[{"href":"https:\/\/experienciadevida.com.ar\/portalurbano\/wp-json\/wp\/v2\/posts\/134578"}],"collection":[{"href":"https:\/\/experienciadevida.com.ar\/portalurbano\/wp-json\/wp\/v2\/posts"}],"about":[{"href":"https:\/\/experienciadevida.com.ar\/portalurbano\/wp-json\/wp\/v2\/types\/post"}],"author":[{"embeddable":true,"href":"https:\/\/experienciadevida.com.ar\/portalurbano\/wp-json\/wp\/v2\/users\/1"}],"replies":[{"embeddable":true,"href":"https:\/\/experienciadevida.com.ar\/portalurbano\/wp-json\/wp\/v2\/comments?post=134578"}],"version-history":[{"count":4,"href":"https:\/\/experienciadevida.com.ar\/portalurbano\/wp-json\/wp\/v2\/posts\/134578\/revisions"}],"predecessor-version":[{"id":134582,"href":"https:\/\/experienciadevida.com.ar\/portalurbano\/wp-json\/wp\/v2\/posts\/134578\/revisions\/134582"}],"wp:featuredmedia":[{"embeddable":true,"href":"https:\/\/experienciadevida.com.ar\/portalurbano\/wp-json\/wp\/v2\/media\/89039"}],"wp:attachment":[{"href":"https:\/\/experienciadevida.com.ar\/portalurbano\/wp-json\/wp\/v2\/media?parent=134578"}],"wp:term":[{"taxonomy":"category","embeddable":true,"href":"https:\/\/experienciadevida.com.ar\/portalurbano\/wp-json\/wp\/v2\/categories?post=134578"},{"taxonomy":"post_tag","embeddable":true,"href":"https:\/\/experienciadevida.com.ar\/portalurbano\/wp-json\/wp\/v2\/tags?post=134578"}],"curies":[{"name":"wp","href":"https:\/\/api.w.org\/{rel}","templated":true}]}}