{"id":134513,"date":"2021-02-07T11:27:46","date_gmt":"2021-02-07T14:27:46","guid":{"rendered":"https:\/\/experienciadevida.com.ar\/portalurbano\/?p=134513"},"modified":"2021-02-07T13:44:05","modified_gmt":"2021-02-07T16:44:05","slug":"que-fueron-las-extranas-luces-que-se-vieron-anoche-en-el-cielo-de-olavarria","status":"publish","type":"post","link":"https:\/\/experienciadevida.com.ar\/portalurbano\/que-fueron-las-extranas-luces-que-se-vieron-anoche-en-el-cielo-de-olavarria\/","title":{"rendered":"\u00bfQu\u00e9 fueron las extra\u00f1as luces que se vieron anoche en el cielo de Olavarr\u00eda?"},"content":{"rendered":"<p><strong>Extra\u00f1as Luces<\/strong><\/p>\n<p>No fueron pocos los lectores que se comunicaron con este medio, totalmente sorprendidos por la \u201cgran cantidad de luces\u201d que se vieron durante la noche del S\u00e1bado en los cielos de nuestra ciudad. <a href=\"https:\/\/experienciadevida.com.ar\/portalurbano\/\"><strong>Portal Urbano<\/strong><\/a> te cuentan que eran.<\/p>\n<hr \/>\n<p>Este s\u00e1bado por la noche numerosos lectores se comunicaron con la redacci\u00f3n de <a href=\"https:\/\/experienciadevida.com.ar\/portalurbano\/\"><strong>Portal Urbano<\/strong><\/a>, anonadados tras haber observado en el cielo de nuestra ciudad una larga fila de extra\u00f1as luces, haciendo pensar a m\u00e1s de uno que se pod\u00eda tratar de OVNIS.<\/p>\n<p><img decoding=\"async\" class=\"aligncenter\" src=\"https:\/\/www.elcordillerano.com.ar\/uploads\/imagenes\/repositorio\/2021\/02\/05\/118615\/202102050823180adc6da2c8699b91ccfa8fa676763fac.jpg\" alt=\"\" width=\"550\" \/><\/p>\n<p>Sin embargo esto tiene una explicaci\u00f3n: se trata de la puesta en \u00f3rbita de decenas de sat\u00e9lites en un solo d\u00eda de la compa\u00f1\u00eda SpaceX, que puso este jueves en \u00f3rbita otros 60 sat\u00e9lites para su red de internet Starlink, que ya cuenta con m\u00e1s de un millar.<\/p>\n<p>En este sentido, un cohete Falcon 9 de dos fases despeg\u00f3 de Cabo Ca\u00f1averal (Florida) a primera hora del jueves, con los sat\u00e9lites en la punta y, aproximadamente nueve minutos m\u00e1s tarde, la fase uno de la nave se pos\u00f3 suavemente sobre la plataforma &#8220;Of Course I Still Love You&#8221; situada en el Atl\u00e1ntico a unas 400 millas (630 km) de la costa.<\/p>\n<p><img decoding=\"async\" class=\"\" src=\"https:\/\/www.elcordillerano.com.ar\/uploads\/imagenes\/repositorio\/2021\/02\/05\/118616\/202102050824286056df1641c3a60c7bbe46f9855df863.jpg\" alt=\"\" width=\"805\" height=\"423\" \/><\/p>\n<p>\u201cSe trata del cuarto lanzamiento realizado por SpaceX en lo que va de 2021 y el n\u00famero 17 de la serie Starlink. Cuando est\u00e9 completa, la red Starlink estar\u00e1 formada por 1.440 sat\u00e9lites\u201d, detalla el mencionado sitio.<\/p>\n<p>Adem\u00e1s se pudo conocer que este viernes se sumaron otros 60 sat\u00e9lites, por lo que existe la posibilidad de volver a verlos esta noche nuevamente.<\/p>\n","protected":false},"excerpt":{"rendered":"<p>Extra\u00f1as Luces No fueron pocos los lectores que se comunicaron con este medio, totalmente sorprendidos&#8230;<\/p>\n","protected":false},"author":1,"featured_media":134516,"comment_status":"closed","ping_status":"closed","sticky":false,"template":"","format":"standard","meta":{"content-type":""},"categories":[27,51],"tags":[613],"nelio_content":{"isAutoShareEnabled":false,"autoShareEndMode":"default","automationSources":{"useContentSentences":true,"useSocialTemplates":true,"useCustomSentences":false,"customSentences":[]},"followers":[1],"suggestedReferences":[],"includedReferences":[],"efiUrl":"","efiAlt":"","highlights":[]},"yoast_head":"<!-- This site is optimized with the Yoast SEO plugin v20.7 - https:\/\/yoast.com\/wordpress\/plugins\/seo\/ -->\n<title>\u00bfQu\u00e9 fueron las extra\u00f1as luces que se vieron anoche en el cielo de Olav?<\/title>\n<meta name=\"description\" content=\"extra\u00f1as luces .No fueron pocos los lectores que se comunicaron con este medio, totalmente sorprendidos por la \u201cgran cantidad de luces\u201d\" \/>\n<meta name=\"robots\" content=\"index, follow, max-snippet:-1, max-image-preview:large, max-video-preview:-1\" \/>\n<link rel=\"canonical\" href=\"https:\/\/experienciadevida.com.ar\/portalurbano\/que-fueron-las-extranas-luces-que-se-vieron-anoche-en-el-cielo-de-olavarria\/\" \/>\n<meta property=\"og:locale\" content=\"es_ES\" \/>\n<meta property=\"og:type\" content=\"article\" \/>\n<meta property=\"og:title\" content=\"\u00bfQu\u00e9 fueron las extra\u00f1as luces que se vieron anoche en el cielo de Olav?\" \/>\n<meta property=\"og:description\" content=\"extra\u00f1as luces .No fueron pocos los lectores que se comunicaron con este medio, totalmente sorprendidos por la \u201cgran cantidad de luces\u201d\" \/>\n<meta property=\"og:url\" content=\"https:\/\/experienciadevida.com.ar\/portalurbano\/que-fueron-las-extranas-luces-que-se-vieron-anoche-en-el-cielo-de-olavarria\/\" \/>\n<meta property=\"article:publisher\" content=\"https:\/\/www.facebook.com\/Portal-Urbano-171542830093757\/\" \/>\n<meta property=\"article:published_time\" content=\"2021-02-07T14:27:46+00:00\" \/>\n<meta property=\"article:modified_time\" content=\"2021-02-07T16:44:05+00:00\" \/>\n<meta property=\"og:image\" content=\"https:\/\/experienciadevida.com.ar\/portalurbano\/wp-content\/uploads\/2021\/02\/cielo_olavarria.jpg\" \/>\n\t<meta property=\"og:image:width\" content=\"720\" \/>\n\t<meta property=\"og:image:height\" content=\"405\" \/>\n\t<meta property=\"og:image:type\" content=\"image\/jpeg\" \/>\n<meta name=\"author\" content=\"admpu17wp\" \/>\n<meta name=\"twitter:card\" content=\"summary_large_image\" \/>\n<meta name=\"twitter:creator\" content=\"@portalurbanook\" \/>\n<meta name=\"twitter:site\" content=\"@portalurbanook\" \/>\n<meta name=\"twitter:label1\" content=\"Escrito por\" \/>\n\t<meta name=\"twitter:data1\" content=\"admpu17wp\" \/>\n\t<meta name=\"twitter:label2\" content=\"Tiempo de lectura\" \/>\n\t<meta name=\"twitter:data2\" content=\"2 minutos\" \/>\n<script type=\"application\/ld+json\" class=\"yoast-schema-graph\">{\"@context\":\"https:\/\/schema.org\",\"@graph\":[{\"@type\":\"Article\",\"@id\":\"https:\/\/experienciadevida.com.ar\/portalurbano\/que-fueron-las-extranas-luces-que-se-vieron-anoche-en-el-cielo-de-olavarria\/#article\",\"isPartOf\":{\"@id\":\"https:\/\/experienciadevida.com.ar\/portalurbano\/que-fueron-las-extranas-luces-que-se-vieron-anoche-en-el-cielo-de-olavarria\/\"},\"author\":{\"name\":\"admpu17wp\",\"@id\":\"https:\/\/experienciadevida.com.ar\/portalurbano\/#\/schema\/person\/02dd326b1c4b056e9cc972486934a3a7\"},\"headline\":\"\u00bfQu\u00e9 fueron las extra\u00f1as luces que se vieron anoche en el cielo de Olavarr\u00eda?\",\"datePublished\":\"2021-02-07T14:27:46+00:00\",\"dateModified\":\"2021-02-07T16:44:05+00:00\",\"mainEntityOfPage\":{\"@id\":\"https:\/\/experienciadevida.com.ar\/portalurbano\/que-fueron-las-extranas-luces-que-se-vieron-anoche-en-el-cielo-de-olavarria\/\"},\"wordCount\":286,\"publisher\":{\"@id\":\"https:\/\/experienciadevida.com.ar\/portalurbano\/#organization\"},\"keywords\":[\"SPACE X\"],\"articleSection\":[\"Ciudad\",\"Destacadas\"],\"inLanguage\":\"es\"},{\"@type\":\"WebPage\",\"@id\":\"https:\/\/experienciadevida.com.ar\/portalurbano\/que-fueron-las-extranas-luces-que-se-vieron-anoche-en-el-cielo-de-olavarria\/\",\"url\":\"https:\/\/experienciadevida.com.ar\/portalurbano\/que-fueron-las-extranas-luces-que-se-vieron-anoche-en-el-cielo-de-olavarria\/\",\"name\":\"\u00bfQu\u00e9 fueron las extra\u00f1as luces que se vieron anoche en el cielo de Olav?\",\"isPartOf\":{\"@id\":\"https:\/\/experienciadevida.com.ar\/portalurbano\/#website\"},\"datePublished\":\"2021-02-07T14:27:46+00:00\",\"dateModified\":\"2021-02-07T16:44:05+00:00\",\"description\":\"extra\u00f1as luces .No fueron pocos los lectores que se comunicaron con este medio, totalmente sorprendidos por la \u201cgran cantidad de luces\u201d\",\"breadcrumb\":{\"@id\":\"https:\/\/experienciadevida.com.ar\/portalurbano\/que-fueron-las-extranas-luces-que-se-vieron-anoche-en-el-cielo-de-olavarria\/#breadcrumb\"},\"inLanguage\":\"es\",\"potentialAction\":[{\"@type\":\"ReadAction\",\"target\":[\"https:\/\/experienciadevida.com.ar\/portalurbano\/que-fueron-las-extranas-luces-que-se-vieron-anoche-en-el-cielo-de-olavarria\/\"]}]},{\"@type\":\"BreadcrumbList\",\"@id\":\"https:\/\/experienciadevida.com.ar\/portalurbano\/que-fueron-las-extranas-luces-que-se-vieron-anoche-en-el-cielo-de-olavarria\/#breadcrumb\",\"itemListElement\":[{\"@type\":\"ListItem\",\"position\":1,\"name\":\"Portada\",\"item\":\"https:\/\/experienciadevida.com.ar\/portalurbano\/\"},{\"@type\":\"ListItem\",\"position\":2,\"name\":\"\u00bfQu\u00e9 fueron las extra\u00f1as luces que se vieron anoche en el cielo de Olavarr\u00eda?\"}]},{\"@type\":\"WebSite\",\"@id\":\"https:\/\/experienciadevida.com.ar\/portalurbano\/#website\",\"url\":\"https:\/\/experienciadevida.com.ar\/portalurbano\/\",\"name\":\"\",\"description\":\"\",\"publisher\":{\"@id\":\"https:\/\/experienciadevida.com.ar\/portalurbano\/#organization\"},\"potentialAction\":[{\"@type\":\"SearchAction\",\"target\":{\"@type\":\"EntryPoint\",\"urlTemplate\":\"https:\/\/experienciadevida.com.ar\/portalurbano\/?s={search_term_string}\"},\"query-input\":\"required name=search_term_string\"}],\"inLanguage\":\"es\"},{\"@type\":\"Organization\",\"@id\":\"https:\/\/experienciadevida.com.ar\/portalurbano\/#organization\",\"name\":\"Portal Urbano\",\"url\":\"https:\/\/experienciadevida.com.ar\/portalurbano\/\",\"logo\":{\"@type\":\"ImageObject\",\"inLanguage\":\"es\",\"@id\":\"https:\/\/experienciadevida.com.ar\/portalurbano\/#\/schema\/logo\/image\/\",\"url\":\"https:\/\/experienciadevida.com.ar\/portalurbano\/wp-content\/uploads\/2019\/09\/Logo-Original.png\",\"contentUrl\":\"https:\/\/experienciadevida.com.ar\/portalurbano\/wp-content\/uploads\/2019\/09\/Logo-Original.png\",\"width\":2236,\"height\":1216,\"caption\":\"Portal Urbano\"},\"image\":{\"@id\":\"https:\/\/experienciadevida.com.ar\/portalurbano\/#\/schema\/logo\/image\/\"},\"sameAs\":[\"https:\/\/www.facebook.com\/Portal-Urbano-171542830093757\/\",\"https:\/\/twitter.com\/portalurbanook\",\"https:\/\/www.instagram.com\/_portalurbano\/\",\"https:\/\/www.youtube.com\/channel\/UCXhagIfszH8KxFiOok79zbA?view_as=subscriber\"]},{\"@type\":\"Person\",\"@id\":\"https:\/\/experienciadevida.com.ar\/portalurbano\/#\/schema\/person\/02dd326b1c4b056e9cc972486934a3a7\",\"name\":\"admpu17wp\",\"image\":{\"@type\":\"ImageObject\",\"inLanguage\":\"es\",\"@id\":\"https:\/\/experienciadevida.com.ar\/portalurbano\/#\/schema\/person\/image\/\",\"url\":\"https:\/\/secure.gravatar.com\/avatar\/830d4c57adaae6630765e449a6908047?s=96&d=mm&r=g\",\"contentUrl\":\"https:\/\/secure.gravatar.com\/avatar\/830d4c57adaae6630765e449a6908047?s=96&d=mm&r=g\",\"caption\":\"admpu17wp\"}}]}<\/script>\n<!-- \/ Yoast SEO plugin. -->","yoast_head_json":{"title":"\u00bfQu\u00e9 fueron las extra\u00f1as luces que se vieron anoche en el cielo de Olav?","description":"extra\u00f1as luces .No fueron pocos los lectores que se comunicaron con este medio, totalmente sorprendidos por la \u201cgran cantidad de luces\u201d","robots":{"index":"index","follow":"follow","max-snippet":"max-snippet:-1","max-image-preview":"max-image-preview:large","max-video-preview":"max-video-preview:-1"},"canonical":"https:\/\/experienciadevida.com.ar\/portalurbano\/que-fueron-las-extranas-luces-que-se-vieron-anoche-en-el-cielo-de-olavarria\/","og_locale":"es_ES","og_type":"article","og_title":"\u00bfQu\u00e9 fueron las extra\u00f1as luces que se vieron anoche en el cielo de Olav?","og_description":"extra\u00f1as luces .No fueron pocos los lectores que se comunicaron con este medio, totalmente sorprendidos por la \u201cgran cantidad de luces\u201d","og_url":"https:\/\/experienciadevida.com.ar\/portalurbano\/que-fueron-las-extranas-luces-que-se-vieron-anoche-en-el-cielo-de-olavarria\/","article_publisher":"https:\/\/www.facebook.com\/Portal-Urbano-171542830093757\/","article_published_time":"2021-02-07T14:27:46+00:00","article_modified_time":"2021-02-07T16:44:05+00:00","og_image":[{"width":720,"height":405,"url":"https:\/\/experienciadevida.com.ar\/portalurbano\/wp-content\/uploads\/2021\/02\/cielo_olavarria.jpg","type":"image\/jpeg"}],"author":"admpu17wp","twitter_card":"summary_large_image","twitter_creator":"@portalurbanook","twitter_site":"@portalurbanook","twitter_misc":{"Escrito por":"admpu17wp","Tiempo de lectura":"2 minutos"},"schema":{"@context":"https:\/\/schema.org","@graph":[{"@type":"Article","@id":"https:\/\/experienciadevida.com.ar\/portalurbano\/que-fueron-las-extranas-luces-que-se-vieron-anoche-en-el-cielo-de-olavarria\/#article","isPartOf":{"@id":"https:\/\/experienciadevida.com.ar\/portalurbano\/que-fueron-las-extranas-luces-que-se-vieron-anoche-en-el-cielo-de-olavarria\/"},"author":{"name":"admpu17wp","@id":"https:\/\/experienciadevida.com.ar\/portalurbano\/#\/schema\/person\/02dd326b1c4b056e9cc972486934a3a7"},"headline":"\u00bfQu\u00e9 fueron las extra\u00f1as luces que se vieron anoche en el cielo de Olavarr\u00eda?","datePublished":"2021-02-07T14:27:46+00:00","dateModified":"2021-02-07T16:44:05+00:00","mainEntityOfPage":{"@id":"https:\/\/experienciadevida.com.ar\/portalurbano\/que-fueron-las-extranas-luces-que-se-vieron-anoche-en-el-cielo-de-olavarria\/"},"wordCount":286,"publisher":{"@id":"https:\/\/experienciadevida.com.ar\/portalurbano\/#organization"},"keywords":["SPACE X"],"articleSection":["Ciudad","Destacadas"],"inLanguage":"es"},{"@type":"WebPage","@id":"https:\/\/experienciadevida.com.ar\/portalurbano\/que-fueron-las-extranas-luces-que-se-vieron-anoche-en-el-cielo-de-olavarria\/","url":"https:\/\/experienciadevida.com.ar\/portalurbano\/que-fueron-las-extranas-luces-que-se-vieron-anoche-en-el-cielo-de-olavarria\/","name":"\u00bfQu\u00e9 fueron las extra\u00f1as luces que se vieron anoche en el cielo de Olav?","isPartOf":{"@id":"https:\/\/experienciadevida.com.ar\/portalurbano\/#website"},"datePublished":"2021-02-07T14:27:46+00:00","dateModified":"2021-02-07T16:44:05+00:00","description":"extra\u00f1as luces .No fueron pocos los lectores que se comunicaron con este medio, totalmente sorprendidos por la \u201cgran cantidad de luces\u201d","breadcrumb":{"@id":"https:\/\/experienciadevida.com.ar\/portalurbano\/que-fueron-las-extranas-luces-que-se-vieron-anoche-en-el-cielo-de-olavarria\/#breadcrumb"},"inLanguage":"es","potentialAction":[{"@type":"ReadAction","target":["https:\/\/experienciadevida.com.ar\/portalurbano\/que-fueron-las-extranas-luces-que-se-vieron-anoche-en-el-cielo-de-olavarria\/"]}]},{"@type":"BreadcrumbList","@id":"https:\/\/experienciadevida.com.ar\/portalurbano\/que-fueron-las-extranas-luces-que-se-vieron-anoche-en-el-cielo-de-olavarria\/#breadcrumb","itemListElement":[{"@type":"ListItem","position":1,"name":"Portada","item":"https:\/\/experienciadevida.com.ar\/portalurbano\/"},{"@type":"ListItem","position":2,"name":"\u00bfQu\u00e9 fueron las extra\u00f1as luces que se vieron anoche en el cielo de Olavarr\u00eda?"}]},{"@type":"WebSite","@id":"https:\/\/experienciadevida.com.ar\/portalurbano\/#website","url":"https:\/\/experienciadevida.com.ar\/portalurbano\/","name":"","description":"","publisher":{"@id":"https:\/\/experienciadevida.com.ar\/portalurbano\/#organization"},"potentialAction":[{"@type":"SearchAction","target":{"@type":"EntryPoint","urlTemplate":"https:\/\/experienciadevida.com.ar\/portalurbano\/?s={search_term_string}"},"query-input":"required name=search_term_string"}],"inLanguage":"es"},{"@type":"Organization","@id":"https:\/\/experienciadevida.com.ar\/portalurbano\/#organization","name":"Portal Urbano","url":"https:\/\/experienciadevida.com.ar\/portalurbano\/","logo":{"@type":"ImageObject","inLanguage":"es","@id":"https:\/\/experienciadevida.com.ar\/portalurbano\/#\/schema\/logo\/image\/","url":"https:\/\/experienciadevida.com.ar\/portalurbano\/wp-content\/uploads\/2019\/09\/Logo-Original.png","contentUrl":"https:\/\/experienciadevida.com.ar\/portalurbano\/wp-content\/uploads\/2019\/09\/Logo-Original.png","width":2236,"height":1216,"caption":"Portal Urbano"},"image":{"@id":"https:\/\/experienciadevida.com.ar\/portalurbano\/#\/schema\/logo\/image\/"},"sameAs":["https:\/\/www.facebook.com\/Portal-Urbano-171542830093757\/","https:\/\/twitter.com\/portalurbanook","https:\/\/www.instagram.com\/_portalurbano\/","https:\/\/www.youtube.com\/channel\/UCXhagIfszH8KxFiOok79zbA?view_as=subscriber"]},{"@type":"Person","@id":"https:\/\/experienciadevida.com.ar\/portalurbano\/#\/schema\/person\/02dd326b1c4b056e9cc972486934a3a7","name":"admpu17wp","image":{"@type":"ImageObject","inLanguage":"es","@id":"https:\/\/experienciadevida.com.ar\/portalurbano\/#\/schema\/person\/image\/","url":"https:\/\/secure.gravatar.com\/avatar\/830d4c57adaae6630765e449a6908047?s=96&d=mm&r=g","contentUrl":"https:\/\/secure.gravatar.com\/avatar\/830d4c57adaae6630765e449a6908047?s=96&d=mm&r=g","caption":"admpu17wp"}}]}},"featured_image_urls":{"full":["https:\/\/experienciadevida.com.ar\/portalurbano\/wp-content\/uploads\/2021\/02\/cielo_olavarria.jpg",720,405,false],"thumbnail":["https:\/\/experienciadevida.com.ar\/portalurbano\/wp-content\/uploads\/2021\/02\/cielo_olavarria-150x150.jpg",150,150,true],"medium":["https:\/\/experienciadevida.com.ar\/portalurbano\/wp-content\/uploads\/2021\/02\/cielo_olavarria-300x169.jpg",300,169,true],"medium_large":["https:\/\/experienciadevida.com.ar\/portalurbano\/wp-content\/uploads\/2021\/02\/cielo_olavarria.jpg",640,360,false],"large":["https:\/\/experienciadevida.com.ar\/portalurbano\/wp-content\/uploads\/2021\/02\/cielo_olavarria.jpg",640,360,false],"ug_big":["https:\/\/experienciadevida.com.ar\/portalurbano\/wp-content\/uploads\/2021\/02\/cielo_olavarria.jpg",720,405,false],"1536x1536":["https:\/\/experienciadevida.com.ar\/portalurbano\/wp-content\/uploads\/2021\/02\/cielo_olavarria.jpg",720,405,false],"2048x2048":["https:\/\/experienciadevida.com.ar\/portalurbano\/wp-content\/uploads\/2021\/02\/cielo_olavarria.jpg",720,405,false],"newsever-slider-full":["https:\/\/experienciadevida.com.ar\/portalurbano\/wp-content\/uploads\/2021\/02\/cielo_olavarria.jpg",720,405,false],"newsever-featured":["https:\/\/experienciadevida.com.ar\/portalurbano\/wp-content\/uploads\/2021\/02\/cielo_olavarria.jpg",720,405,false],"newsever-medium":["https:\/\/experienciadevida.com.ar\/portalurbano\/wp-content\/uploads\/2021\/02\/cielo_olavarria.jpg",720,405,false],"web-stories-poster-portrait":["https:\/\/experienciadevida.com.ar\/portalurbano\/wp-content\/uploads\/2021\/02\/cielo_olavarria.jpg",640,360,false],"web-stories-publisher-logo":["https:\/\/experienciadevida.com.ar\/portalurbano\/wp-content\/uploads\/2021\/02\/cielo_olavarria.jpg",96,54,false],"web-stories-thumbnail":["https:\/\/experienciadevida.com.ar\/portalurbano\/wp-content\/uploads\/2021\/02\/cielo_olavarria.jpg",150,84,false]},"author_info":{"display_name":"admpu17wp","author_link":"https:\/\/experienciadevida.com.ar\/portalurbano\/author\/admpu17wp\/"},"category_info":"<a href=\"https:\/\/experienciadevida.com.ar\/portalurbano\/category\/ciudad\/\" rel=\"category tag\">Ciudad<\/a> <a href=\"https:\/\/experienciadevida.com.ar\/portalurbano\/category\/destacadas\/\" rel=\"category tag\">Destacadas<\/a>","tag_info":"Destacadas","comment_count":"0","amp_enabled":true,"_links":{"self":[{"href":"https:\/\/experienciadevida.com.ar\/portalurbano\/wp-json\/wp\/v2\/posts\/134513"}],"collection":[{"href":"https:\/\/experienciadevida.com.ar\/portalurbano\/wp-json\/wp\/v2\/posts"}],"about":[{"href":"https:\/\/experienciadevida.com.ar\/portalurbano\/wp-json\/wp\/v2\/types\/post"}],"author":[{"embeddable":true,"href":"https:\/\/experienciadevida.com.ar\/portalurbano\/wp-json\/wp\/v2\/users\/1"}],"replies":[{"embeddable":true,"href":"https:\/\/experienciadevida.com.ar\/portalurbano\/wp-json\/wp\/v2\/comments?post=134513"}],"version-history":[{"count":6,"href":"https:\/\/experienciadevida.com.ar\/portalurbano\/wp-json\/wp\/v2\/posts\/134513\/revisions"}],"predecessor-version":[{"id":134550,"href":"https:\/\/experienciadevida.com.ar\/portalurbano\/wp-json\/wp\/v2\/posts\/134513\/revisions\/134550"}],"wp:featuredmedia":[{"embeddable":true,"href":"https:\/\/experienciadevida.com.ar\/portalurbano\/wp-json\/wp\/v2\/media\/134516"}],"wp:attachment":[{"href":"https:\/\/experienciadevida.com.ar\/portalurbano\/wp-json\/wp\/v2\/media?parent=134513"}],"wp:term":[{"taxonomy":"category","embeddable":true,"href":"https:\/\/experienciadevida.com.ar\/portalurbano\/wp-json\/wp\/v2\/categories?post=134513"},{"taxonomy":"post_tag","embeddable":true,"href":"https:\/\/experienciadevida.com.ar\/portalurbano\/wp-json\/wp\/v2\/tags?post=134513"}],"curies":[{"name":"wp","href":"https:\/\/api.w.org\/{rel}","templated":true}]}}