{"id":134497,"date":"2021-02-06T20:45:37","date_gmt":"2021-02-06T23:45:37","guid":{"rendered":"https:\/\/experienciadevida.com.ar\/portalurbano\/?p=134497"},"modified":"2021-02-06T20:47:20","modified_gmt":"2021-02-06T23:47:20","slug":"las-autoridades-de-coopelectric-se-reunieron-con-vecinos","status":"publish","type":"post","link":"https:\/\/experienciadevida.com.ar\/portalurbano\/las-autoridades-de-coopelectric-se-reunieron-con-vecinos\/","title":{"rendered":"Las autoridades de coopelectric se reunieron con vecinos"},"content":{"rendered":"<p>Las autoridades de coopelectric se reunieron con vecinos. Integrantes del Consejo de Administraci\u00f3n y personal t\u00e9cnico de Coopelectric mantuvieron un encuentro con los vecinos de los barrios Bancarios II y III en las instalaciones de la Sociedad de Fomento Mariano Moreno, que fueron puestas a disposici\u00f3n por su presidente Jos\u00e9 Luis Veyrand.<\/p>\n<p>Estuvieron presentes el prosecretario del Consejo de Administraci\u00f3n de Coopelectric Oscar Angeletti, el delegado Jos\u00e9 Maceo, el gerente de Operaciones y Calidad de Servicio Ing. Jorge Vornetti, la gerente de Obras Sanitarias Ing. Nora Prieto, el subgerente de Coordinaci\u00f3n Administrativa Enrique Lospinoso; y por la Junta Vecinal de los B\u00b0 Bancarios II y III su presidente Marcelo\u00a0 Ortiz , el vicepresidente Sa\u00fal Ardino, la Tesorera Eugenia Borza, el Revisor de Cuentas Lucas Ayestar\u00e1n y la vecina Yanina Ib\u00e1\u00f1ez.<\/p>\n<p>Las autoridades de coopelectric se reunieron con vecinos y en la misma\u00a0 se hizo referencia a los servicios que presta la Cooperativa y se profundizaron los temas que resultaron de mayor inter\u00e9s, en especial las caracter\u00edsticas y el funcionamiento del Servicio de Obras Sanitarias. Los vecinos plantearon sus inquietudes y al mismo tiempo realizaron consultas que fueron respondidas por la Ing. Prieto, acordando la realizaci\u00f3n de un relevamiento t\u00e9cnico en el sector.<\/p>\n<p>Otro de los temas abordados fue la operaci\u00f3n y mantenimiento del alumbrado p\u00fablico que realiza Coopelectric y se explic\u00f3 que las obras de expansi\u00f3n y ampliaci\u00f3n del Servicio corresponden al Municipio. No obstante, se brind\u00f3<br \/>\ninformaci\u00f3n sobre posibilidad de que los vecinos asuman el costo colectivamente para colocar nuevas luminarias, previo estudio de factibilidad y realizaci\u00f3n del tr\u00e1mite pertinente en la sede administrativa de Coopelectric.<\/p>\n<p>El Ing. Vornetti comunic\u00f3 que para mejorar la calidad del Servicio El\u00e9ctrico est\u00e1 previsto renovar el conductor de Media Tensi\u00f3n en las inmediaciones del barrio, para lo cual se requerir\u00e1 la interrupci\u00f3n del suministro. \u201cCuando nos referimos a interrupciones programadas hay que tener presente que se realizan para mejorar el Servicio, por eso siempre se avisan con antelaci\u00f3n tratando de afectar lo menos posible a los vecinos\u201d, sostuvo Vornetti.<\/p>\n<p>Tambi\u00e9n se destac\u00f3 la importancia de realizar los reclamos t\u00e9cnicos a trav\u00e9s de las v\u00edas de comunicaci\u00f3n que figuran en el dorso de las facturas de Coopelectric, a los efectos de registrar y formalizar los mismos bajo un n\u00famero de reclamo que posibilite efectuar el seguimiento correspondiente.<\/p>\n<p>Con la finalidad de escuchar las inquietudes de los asociados, de forma permanente Coopelectric se re\u00fane con los vecinos de los distintos barrios e instituciones del Partido de Olavarr\u00eda. El objetivo es brindar explicaciones sobre cada uno de los Servicios, responder consultas, aportar mejoras o soluciones, promover el contacto directo y fortalecer el v\u00ednculo con los asociados.<\/p>\n","protected":false},"excerpt":{"rendered":"<p>Las autoridades de coopelectric se reunieron con vecinos. Integrantes del Consejo de Administraci\u00f3n y personal&#8230;<\/p>\n","protected":false},"author":1,"featured_media":134498,"comment_status":"closed","ping_status":"closed","sticky":false,"template":"","format":"standard","meta":{"content-type":""},"categories":[27,64],"tags":[],"nelio_content":{"isAutoShareEnabled":false,"autoShareEndMode":"default","automationSources":{"useContentSentences":true,"useSocialTemplates":true,"useCustomSentences":false,"customSentences":[]},"followers":[1],"suggestedReferences":[],"includedReferences":[],"efiUrl":"","efiAlt":"","highlights":[]},"yoast_head":"<!-- This site is optimized with the Yoast SEO plugin v20.7 - https:\/\/yoast.com\/wordpress\/plugins\/seo\/ -->\n<title>Las autoridades de coopelectric se reunieron con vecinos<\/title>\n<meta name=\"description\" content=\"Las autoridades de coopelectric se reunieron con vecinos en los barrios Bancarios II y III en las instalaciones de Fomento Mariano Moreno.\" \/>\n<meta name=\"robots\" content=\"index, follow, max-snippet:-1, max-image-preview:large, max-video-preview:-1\" \/>\n<link rel=\"canonical\" href=\"https:\/\/experienciadevida.com.ar\/portalurbano\/las-autoridades-de-coopelectric-se-reunieron-con-vecinos\/\" \/>\n<meta property=\"og:locale\" content=\"es_ES\" \/>\n<meta property=\"og:type\" content=\"article\" \/>\n<meta property=\"og:title\" content=\"Las autoridades de coopelectric se reunieron con vecinos\" \/>\n<meta property=\"og:description\" content=\"Las autoridades de coopelectric se reunieron con vecinos en los barrios Bancarios II y III en las instalaciones de Fomento Mariano Moreno.\" \/>\n<meta property=\"og:url\" content=\"https:\/\/experienciadevida.com.ar\/portalurbano\/las-autoridades-de-coopelectric-se-reunieron-con-vecinos\/\" \/>\n<meta property=\"article:publisher\" content=\"https:\/\/www.facebook.com\/Portal-Urbano-171542830093757\/\" \/>\n<meta property=\"article:published_time\" content=\"2021-02-06T23:45:37+00:00\" \/>\n<meta property=\"article:modified_time\" content=\"2021-02-06T23:47:20+00:00\" \/>\n<meta property=\"og:image\" content=\"https:\/\/experienciadevida.com.ar\/portalurbano\/wp-content\/uploads\/2021\/02\/Reunion.jpeg\" \/>\n\t<meta property=\"og:image:width\" content=\"1032\" \/>\n\t<meta property=\"og:image:height\" content=\"581\" \/>\n\t<meta property=\"og:image:type\" content=\"image\/jpeg\" \/>\n<meta name=\"author\" content=\"admpu17wp\" \/>\n<meta name=\"twitter:card\" content=\"summary_large_image\" \/>\n<meta name=\"twitter:creator\" content=\"@portalurbanook\" \/>\n<meta name=\"twitter:site\" content=\"@portalurbanook\" \/>\n<meta name=\"twitter:label1\" content=\"Escrito por\" \/>\n\t<meta name=\"twitter:data1\" content=\"admpu17wp\" \/>\n\t<meta name=\"twitter:label2\" content=\"Tiempo de lectura\" \/>\n\t<meta name=\"twitter:data2\" content=\"2 minutos\" \/>\n<script type=\"application\/ld+json\" class=\"yoast-schema-graph\">{\"@context\":\"https:\/\/schema.org\",\"@graph\":[{\"@type\":\"Article\",\"@id\":\"https:\/\/experienciadevida.com.ar\/portalurbano\/las-autoridades-de-coopelectric-se-reunieron-con-vecinos\/#article\",\"isPartOf\":{\"@id\":\"https:\/\/experienciadevida.com.ar\/portalurbano\/las-autoridades-de-coopelectric-se-reunieron-con-vecinos\/\"},\"author\":{\"name\":\"admpu17wp\",\"@id\":\"https:\/\/experienciadevida.com.ar\/portalurbano\/#\/schema\/person\/02dd326b1c4b056e9cc972486934a3a7\"},\"headline\":\"Las autoridades de coopelectric se reunieron con vecinos\",\"datePublished\":\"2021-02-06T23:45:37+00:00\",\"dateModified\":\"2021-02-06T23:47:20+00:00\",\"mainEntityOfPage\":{\"@id\":\"https:\/\/experienciadevida.com.ar\/portalurbano\/las-autoridades-de-coopelectric-se-reunieron-con-vecinos\/\"},\"wordCount\":479,\"publisher\":{\"@id\":\"https:\/\/experienciadevida.com.ar\/portalurbano\/#organization\"},\"articleSection\":[\"Ciudad\",\"Destacadas 2\"],\"inLanguage\":\"es\"},{\"@type\":\"WebPage\",\"@id\":\"https:\/\/experienciadevida.com.ar\/portalurbano\/las-autoridades-de-coopelectric-se-reunieron-con-vecinos\/\",\"url\":\"https:\/\/experienciadevida.com.ar\/portalurbano\/las-autoridades-de-coopelectric-se-reunieron-con-vecinos\/\",\"name\":\"Las autoridades de coopelectric se reunieron con vecinos\",\"isPartOf\":{\"@id\":\"https:\/\/experienciadevida.com.ar\/portalurbano\/#website\"},\"datePublished\":\"2021-02-06T23:45:37+00:00\",\"dateModified\":\"2021-02-06T23:47:20+00:00\",\"description\":\"Las autoridades de coopelectric se reunieron con vecinos en los barrios Bancarios II y III en las instalaciones de Fomento Mariano Moreno.\",\"breadcrumb\":{\"@id\":\"https:\/\/experienciadevida.com.ar\/portalurbano\/las-autoridades-de-coopelectric-se-reunieron-con-vecinos\/#breadcrumb\"},\"inLanguage\":\"es\",\"potentialAction\":[{\"@type\":\"ReadAction\",\"target\":[\"https:\/\/experienciadevida.com.ar\/portalurbano\/las-autoridades-de-coopelectric-se-reunieron-con-vecinos\/\"]}]},{\"@type\":\"BreadcrumbList\",\"@id\":\"https:\/\/experienciadevida.com.ar\/portalurbano\/las-autoridades-de-coopelectric-se-reunieron-con-vecinos\/#breadcrumb\",\"itemListElement\":[{\"@type\":\"ListItem\",\"position\":1,\"name\":\"Portada\",\"item\":\"https:\/\/experienciadevida.com.ar\/portalurbano\/\"},{\"@type\":\"ListItem\",\"position\":2,\"name\":\"Las autoridades de coopelectric se reunieron con vecinos\"}]},{\"@type\":\"WebSite\",\"@id\":\"https:\/\/experienciadevida.com.ar\/portalurbano\/#website\",\"url\":\"https:\/\/experienciadevida.com.ar\/portalurbano\/\",\"name\":\"\",\"description\":\"\",\"publisher\":{\"@id\":\"https:\/\/experienciadevida.com.ar\/portalurbano\/#organization\"},\"potentialAction\":[{\"@type\":\"SearchAction\",\"target\":{\"@type\":\"EntryPoint\",\"urlTemplate\":\"https:\/\/experienciadevida.com.ar\/portalurbano\/?s={search_term_string}\"},\"query-input\":\"required name=search_term_string\"}],\"inLanguage\":\"es\"},{\"@type\":\"Organization\",\"@id\":\"https:\/\/experienciadevida.com.ar\/portalurbano\/#organization\",\"name\":\"Portal Urbano\",\"url\":\"https:\/\/experienciadevida.com.ar\/portalurbano\/\",\"logo\":{\"@type\":\"ImageObject\",\"inLanguage\":\"es\",\"@id\":\"https:\/\/experienciadevida.com.ar\/portalurbano\/#\/schema\/logo\/image\/\",\"url\":\"https:\/\/experienciadevida.com.ar\/portalurbano\/wp-content\/uploads\/2019\/09\/Logo-Original.png\",\"contentUrl\":\"https:\/\/experienciadevida.com.ar\/portalurbano\/wp-content\/uploads\/2019\/09\/Logo-Original.png\",\"width\":2236,\"height\":1216,\"caption\":\"Portal Urbano\"},\"image\":{\"@id\":\"https:\/\/experienciadevida.com.ar\/portalurbano\/#\/schema\/logo\/image\/\"},\"sameAs\":[\"https:\/\/www.facebook.com\/Portal-Urbano-171542830093757\/\",\"https:\/\/twitter.com\/portalurbanook\",\"https:\/\/www.instagram.com\/_portalurbano\/\",\"https:\/\/www.youtube.com\/channel\/UCXhagIfszH8KxFiOok79zbA?view_as=subscriber\"]},{\"@type\":\"Person\",\"@id\":\"https:\/\/experienciadevida.com.ar\/portalurbano\/#\/schema\/person\/02dd326b1c4b056e9cc972486934a3a7\",\"name\":\"admpu17wp\",\"image\":{\"@type\":\"ImageObject\",\"inLanguage\":\"es\",\"@id\":\"https:\/\/experienciadevida.com.ar\/portalurbano\/#\/schema\/person\/image\/\",\"url\":\"https:\/\/secure.gravatar.com\/avatar\/830d4c57adaae6630765e449a6908047?s=96&d=mm&r=g\",\"contentUrl\":\"https:\/\/secure.gravatar.com\/avatar\/830d4c57adaae6630765e449a6908047?s=96&d=mm&r=g\",\"caption\":\"admpu17wp\"}}]}<\/script>\n<!-- \/ Yoast SEO plugin. -->","yoast_head_json":{"title":"Las autoridades de coopelectric se reunieron con vecinos","description":"Las autoridades de coopelectric se reunieron con vecinos en los barrios Bancarios II y III en las instalaciones de Fomento Mariano Moreno.","robots":{"index":"index","follow":"follow","max-snippet":"max-snippet:-1","max-image-preview":"max-image-preview:large","max-video-preview":"max-video-preview:-1"},"canonical":"https:\/\/experienciadevida.com.ar\/portalurbano\/las-autoridades-de-coopelectric-se-reunieron-con-vecinos\/","og_locale":"es_ES","og_type":"article","og_title":"Las autoridades de coopelectric se reunieron con vecinos","og_description":"Las autoridades de coopelectric se reunieron con vecinos en los barrios Bancarios II y III en las instalaciones de Fomento Mariano Moreno.","og_url":"https:\/\/experienciadevida.com.ar\/portalurbano\/las-autoridades-de-coopelectric-se-reunieron-con-vecinos\/","article_publisher":"https:\/\/www.facebook.com\/Portal-Urbano-171542830093757\/","article_published_time":"2021-02-06T23:45:37+00:00","article_modified_time":"2021-02-06T23:47:20+00:00","og_image":[{"width":1032,"height":581,"url":"https:\/\/experienciadevida.com.ar\/portalurbano\/wp-content\/uploads\/2021\/02\/Reunion.jpeg","type":"image\/jpeg"}],"author":"admpu17wp","twitter_card":"summary_large_image","twitter_creator":"@portalurbanook","twitter_site":"@portalurbanook","twitter_misc":{"Escrito por":"admpu17wp","Tiempo de lectura":"2 minutos"},"schema":{"@context":"https:\/\/schema.org","@graph":[{"@type":"Article","@id":"https:\/\/experienciadevida.com.ar\/portalurbano\/las-autoridades-de-coopelectric-se-reunieron-con-vecinos\/#article","isPartOf":{"@id":"https:\/\/experienciadevida.com.ar\/portalurbano\/las-autoridades-de-coopelectric-se-reunieron-con-vecinos\/"},"author":{"name":"admpu17wp","@id":"https:\/\/experienciadevida.com.ar\/portalurbano\/#\/schema\/person\/02dd326b1c4b056e9cc972486934a3a7"},"headline":"Las autoridades de coopelectric se reunieron con vecinos","datePublished":"2021-02-06T23:45:37+00:00","dateModified":"2021-02-06T23:47:20+00:00","mainEntityOfPage":{"@id":"https:\/\/experienciadevida.com.ar\/portalurbano\/las-autoridades-de-coopelectric-se-reunieron-con-vecinos\/"},"wordCount":479,"publisher":{"@id":"https:\/\/experienciadevida.com.ar\/portalurbano\/#organization"},"articleSection":["Ciudad","Destacadas 2"],"inLanguage":"es"},{"@type":"WebPage","@id":"https:\/\/experienciadevida.com.ar\/portalurbano\/las-autoridades-de-coopelectric-se-reunieron-con-vecinos\/","url":"https:\/\/experienciadevida.com.ar\/portalurbano\/las-autoridades-de-coopelectric-se-reunieron-con-vecinos\/","name":"Las autoridades de coopelectric se reunieron con vecinos","isPartOf":{"@id":"https:\/\/experienciadevida.com.ar\/portalurbano\/#website"},"datePublished":"2021-02-06T23:45:37+00:00","dateModified":"2021-02-06T23:47:20+00:00","description":"Las autoridades de coopelectric se reunieron con vecinos en los barrios Bancarios II y III en las instalaciones de Fomento Mariano Moreno.","breadcrumb":{"@id":"https:\/\/experienciadevida.com.ar\/portalurbano\/las-autoridades-de-coopelectric-se-reunieron-con-vecinos\/#breadcrumb"},"inLanguage":"es","potentialAction":[{"@type":"ReadAction","target":["https:\/\/experienciadevida.com.ar\/portalurbano\/las-autoridades-de-coopelectric-se-reunieron-con-vecinos\/"]}]},{"@type":"BreadcrumbList","@id":"https:\/\/experienciadevida.com.ar\/portalurbano\/las-autoridades-de-coopelectric-se-reunieron-con-vecinos\/#breadcrumb","itemListElement":[{"@type":"ListItem","position":1,"name":"Portada","item":"https:\/\/experienciadevida.com.ar\/portalurbano\/"},{"@type":"ListItem","position":2,"name":"Las autoridades de coopelectric se reunieron con vecinos"}]},{"@type":"WebSite","@id":"https:\/\/experienciadevida.com.ar\/portalurbano\/#website","url":"https:\/\/experienciadevida.com.ar\/portalurbano\/","name":"","description":"","publisher":{"@id":"https:\/\/experienciadevida.com.ar\/portalurbano\/#organization"},"potentialAction":[{"@type":"SearchAction","target":{"@type":"EntryPoint","urlTemplate":"https:\/\/experienciadevida.com.ar\/portalurbano\/?s={search_term_string}"},"query-input":"required name=search_term_string"}],"inLanguage":"es"},{"@type":"Organization","@id":"https:\/\/experienciadevida.com.ar\/portalurbano\/#organization","name":"Portal Urbano","url":"https:\/\/experienciadevida.com.ar\/portalurbano\/","logo":{"@type":"ImageObject","inLanguage":"es","@id":"https:\/\/experienciadevida.com.ar\/portalurbano\/#\/schema\/logo\/image\/","url":"https:\/\/experienciadevida.com.ar\/portalurbano\/wp-content\/uploads\/2019\/09\/Logo-Original.png","contentUrl":"https:\/\/experienciadevida.com.ar\/portalurbano\/wp-content\/uploads\/2019\/09\/Logo-Original.png","width":2236,"height":1216,"caption":"Portal Urbano"},"image":{"@id":"https:\/\/experienciadevida.com.ar\/portalurbano\/#\/schema\/logo\/image\/"},"sameAs":["https:\/\/www.facebook.com\/Portal-Urbano-171542830093757\/","https:\/\/twitter.com\/portalurbanook","https:\/\/www.instagram.com\/_portalurbano\/","https:\/\/www.youtube.com\/channel\/UCXhagIfszH8KxFiOok79zbA?view_as=subscriber"]},{"@type":"Person","@id":"https:\/\/experienciadevida.com.ar\/portalurbano\/#\/schema\/person\/02dd326b1c4b056e9cc972486934a3a7","name":"admpu17wp","image":{"@type":"ImageObject","inLanguage":"es","@id":"https:\/\/experienciadevida.com.ar\/portalurbano\/#\/schema\/person\/image\/","url":"https:\/\/secure.gravatar.com\/avatar\/830d4c57adaae6630765e449a6908047?s=96&d=mm&r=g","contentUrl":"https:\/\/secure.gravatar.com\/avatar\/830d4c57adaae6630765e449a6908047?s=96&d=mm&r=g","caption":"admpu17wp"}}]}},"featured_image_urls":{"full":["https:\/\/experienciadevida.com.ar\/portalurbano\/wp-content\/uploads\/2021\/02\/Reunion.jpeg",1032,581,false],"thumbnail":["https:\/\/experienciadevida.com.ar\/portalurbano\/wp-content\/uploads\/2021\/02\/Reunion-150x150.jpeg",150,150,true],"medium":["https:\/\/experienciadevida.com.ar\/portalurbano\/wp-content\/uploads\/2021\/02\/Reunion-300x169.jpeg",300,169,true],"medium_large":["https:\/\/experienciadevida.com.ar\/portalurbano\/wp-content\/uploads\/2021\/02\/Reunion-768x432.jpeg",640,360,true],"large":["https:\/\/experienciadevida.com.ar\/portalurbano\/wp-content\/uploads\/2021\/02\/Reunion-1024x576.jpeg",640,360,true],"ug_big":["https:\/\/experienciadevida.com.ar\/portalurbano\/wp-content\/uploads\/2021\/02\/Reunion-768x432.jpeg",768,432,true],"1536x1536":["https:\/\/experienciadevida.com.ar\/portalurbano\/wp-content\/uploads\/2021\/02\/Reunion.jpeg",1032,581,false],"2048x2048":["https:\/\/experienciadevida.com.ar\/portalurbano\/wp-content\/uploads\/2021\/02\/Reunion.jpeg",1032,581,false],"newsever-slider-full":["https:\/\/experienciadevida.com.ar\/portalurbano\/wp-content\/uploads\/2021\/02\/Reunion.jpeg",1032,581,false],"newsever-featured":["https:\/\/experienciadevida.com.ar\/portalurbano\/wp-content\/uploads\/2021\/02\/Reunion.jpeg",1024,576,false],"newsever-medium":["https:\/\/experienciadevida.com.ar\/portalurbano\/wp-content\/uploads\/2021\/02\/Reunion.jpeg",720,405,false],"web-stories-poster-portrait":["https:\/\/experienciadevida.com.ar\/portalurbano\/wp-content\/uploads\/2021\/02\/Reunion.jpeg",640,360,false],"web-stories-publisher-logo":["https:\/\/experienciadevida.com.ar\/portalurbano\/wp-content\/uploads\/2021\/02\/Reunion.jpeg",96,54,false],"web-stories-thumbnail":["https:\/\/experienciadevida.com.ar\/portalurbano\/wp-content\/uploads\/2021\/02\/Reunion.jpeg",150,84,false]},"author_info":{"display_name":"admpu17wp","author_link":"https:\/\/experienciadevida.com.ar\/portalurbano\/author\/admpu17wp\/"},"category_info":"<a href=\"https:\/\/experienciadevida.com.ar\/portalurbano\/category\/ciudad\/\" rel=\"category tag\">Ciudad<\/a> <a href=\"https:\/\/experienciadevida.com.ar\/portalurbano\/category\/destacadas-2\/\" rel=\"category tag\">Destacadas 2<\/a>","tag_info":"Destacadas 2","comment_count":"0","amp_enabled":true,"_links":{"self":[{"href":"https:\/\/experienciadevida.com.ar\/portalurbano\/wp-json\/wp\/v2\/posts\/134497"}],"collection":[{"href":"https:\/\/experienciadevida.com.ar\/portalurbano\/wp-json\/wp\/v2\/posts"}],"about":[{"href":"https:\/\/experienciadevida.com.ar\/portalurbano\/wp-json\/wp\/v2\/types\/post"}],"author":[{"embeddable":true,"href":"https:\/\/experienciadevida.com.ar\/portalurbano\/wp-json\/wp\/v2\/users\/1"}],"replies":[{"embeddable":true,"href":"https:\/\/experienciadevida.com.ar\/portalurbano\/wp-json\/wp\/v2\/comments?post=134497"}],"version-history":[{"count":3,"href":"https:\/\/experienciadevida.com.ar\/portalurbano\/wp-json\/wp\/v2\/posts\/134497\/revisions"}],"predecessor-version":[{"id":134501,"href":"https:\/\/experienciadevida.com.ar\/portalurbano\/wp-json\/wp\/v2\/posts\/134497\/revisions\/134501"}],"wp:featuredmedia":[{"embeddable":true,"href":"https:\/\/experienciadevida.com.ar\/portalurbano\/wp-json\/wp\/v2\/media\/134498"}],"wp:attachment":[{"href":"https:\/\/experienciadevida.com.ar\/portalurbano\/wp-json\/wp\/v2\/media?parent=134497"}],"wp:term":[{"taxonomy":"category","embeddable":true,"href":"https:\/\/experienciadevida.com.ar\/portalurbano\/wp-json\/wp\/v2\/categories?post=134497"},{"taxonomy":"post_tag","embeddable":true,"href":"https:\/\/experienciadevida.com.ar\/portalurbano\/wp-json\/wp\/v2\/tags?post=134497"}],"curies":[{"name":"wp","href":"https:\/\/api.w.org\/{rel}","templated":true}]}}