{"id":134474,"date":"2021-02-06T15:00:34","date_gmt":"2021-02-06T18:00:34","guid":{"rendered":"https:\/\/experienciadevida.com.ar\/portalurbano\/?p=134474"},"modified":"2021-02-06T15:01:41","modified_gmt":"2021-02-06T18:01:41","slug":"los-aprehendieron-por-intentar-evadir-un-control-vehicular-y-darse-a-la-fuga","status":"publish","type":"post","link":"https:\/\/experienciadevida.com.ar\/portalurbano\/los-aprehendieron-por-intentar-evadir-un-control-vehicular-y-darse-a-la-fuga\/","title":{"rendered":"Los aprehendieron por intentar evadir un control vehicular y darse a la fuga"},"content":{"rendered":"<p>En la jornada de este s\u00e1bado el personal policial del destacamento de Sierra Chica, realiz\u00f3 operativos de interceptaci\u00f3n de veh\u00edculos y personas dispuesto por la Estaci\u00f3n de polic\u00eda departamental de seguridad Olavarr\u00eda.<\/p>\n<p>En el momento en que el personal policial se encontraba realizando el operativo, tres j\u00f3venes (una mujer y dos hombres)\u00a0 circulaban en un autom\u00f3vil Volkswagen, intentan evadir el control d\u00e1ndose a la fuga. R\u00e1pidamente el personal actuante realiza un operativo donde logr\u00f3 aprehender a los j\u00f3venes.<\/p>\n<p>Los j\u00f3venes fueron llevados hacia la subcomisar\u00eda de Hinojo quedando a disposici\u00f3n de la justicia,\u00a0 se les inici\u00f3 una causa por &#8220;desobediencia&#8221; e intervino la UFI n\u00b010 a cargo de la Dra. Beytia.<\/p>\n<p><a href=\"https:\/\/experienciadevida.com.ar\/portalurbano\/los-aprehendieron-por-intentar-evadir-un-control-vehicular-y-darse-a-la-fuga\/6358ed71-8d3d-461f-a1b9-44751cebcf14\/\" rel=\"attachment wp-att-134477\"><img decoding=\"async\" class=\"alignnone size-full wp-image-134477\" src=\"https:\/\/experienciadevida.com.ar\/portalurbano\/wp-content\/uploads\/2021\/02\/6358ed71-8d3d-461f-a1b9-44751cebcf14.jpg\" alt=\"\" width=\"1032\" height=\"774\" srcset=\"https:\/\/experienciadevida.com.ar\/portalurbano\/wp-content\/uploads\/2021\/02\/6358ed71-8d3d-461f-a1b9-44751cebcf14.jpg 1032w, https:\/\/experienciadevida.com.ar\/portalurbano\/wp-content\/uploads\/2021\/02\/6358ed71-8d3d-461f-a1b9-44751cebcf14-300x225.jpg 300w, https:\/\/experienciadevida.com.ar\/portalurbano\/wp-content\/uploads\/2021\/02\/6358ed71-8d3d-461f-a1b9-44751cebcf14-1024x768.jpg 1024w, https:\/\/experienciadevida.com.ar\/portalurbano\/wp-content\/uploads\/2021\/02\/6358ed71-8d3d-461f-a1b9-44751cebcf14-768x576.jpg 768w\" sizes=\"(max-width: 1032px) 100vw, 1032px\" \/><\/a><\/p>\n<p><a href=\"https:\/\/experienciadevida.com.ar\/portalurbano\/los-aprehendieron-por-intentar-evadir-un-control-vehicular-y-darse-a-la-fuga\/fd56fe31-e774-4cf8-a36c-036bd7d27283\/\" rel=\"attachment wp-att-134478\"><img decoding=\"async\" class=\"alignnone size-full wp-image-134478\" src=\"https:\/\/experienciadevida.com.ar\/portalurbano\/wp-content\/uploads\/2021\/02\/fd56fe31-e774-4cf8-a36c-036bd7d27283.jpg\" alt=\"\" width=\"1280\" height=\"960\" srcset=\"https:\/\/experienciadevida.com.ar\/portalurbano\/wp-content\/uploads\/2021\/02\/fd56fe31-e774-4cf8-a36c-036bd7d27283.jpg 1280w, https:\/\/experienciadevida.com.ar\/portalurbano\/wp-content\/uploads\/2021\/02\/fd56fe31-e774-4cf8-a36c-036bd7d27283-300x225.jpg 300w, https:\/\/experienciadevida.com.ar\/portalurbano\/wp-content\/uploads\/2021\/02\/fd56fe31-e774-4cf8-a36c-036bd7d27283-1024x768.jpg 1024w, https:\/\/experienciadevida.com.ar\/portalurbano\/wp-content\/uploads\/2021\/02\/fd56fe31-e774-4cf8-a36c-036bd7d27283-768x576.jpg 768w\" sizes=\"(max-width: 1280px) 100vw, 1280px\" \/><\/a><\/p>\n","protected":false},"excerpt":{"rendered":"<p>En la jornada de este s\u00e1bado el personal policial del destacamento de Sierra Chica, realiz\u00f3&#8230;<\/p>\n","protected":false},"author":1,"featured_media":134475,"comment_status":"closed","ping_status":"closed","sticky":false,"template":"","format":"standard","meta":{"content-type":""},"categories":[64,40],"tags":[],"nelio_content":{"isAutoShareEnabled":false,"autoShareEndMode":"default","automationSources":{"useContentSentences":true,"useSocialTemplates":true,"useCustomSentences":false,"customSentences":[]},"followers":[1],"suggestedReferences":[],"includedReferences":[],"efiUrl":"","efiAlt":"","highlights":[]},"yoast_head":"<!-- This site is optimized with the Yoast SEO plugin v20.7 - https:\/\/yoast.com\/wordpress\/plugins\/seo\/ -->\n<title>Los aprehendieron por intentar evadir un control vehicular y darse a la fuga -<\/title>\n<meta name=\"robots\" content=\"index, follow, max-snippet:-1, max-image-preview:large, max-video-preview:-1\" \/>\n<link rel=\"canonical\" href=\"https:\/\/experienciadevida.com.ar\/portalurbano\/los-aprehendieron-por-intentar-evadir-un-control-vehicular-y-darse-a-la-fuga\/\" \/>\n<meta property=\"og:locale\" content=\"es_ES\" \/>\n<meta property=\"og:type\" content=\"article\" \/>\n<meta property=\"og:title\" content=\"Los aprehendieron por intentar evadir un control vehicular y darse a la fuga -\" \/>\n<meta property=\"og:description\" content=\"En la jornada de este s\u00e1bado el personal policial del destacamento de Sierra Chica, realiz\u00f3...\" \/>\n<meta property=\"og:url\" content=\"https:\/\/experienciadevida.com.ar\/portalurbano\/los-aprehendieron-por-intentar-evadir-un-control-vehicular-y-darse-a-la-fuga\/\" \/>\n<meta property=\"article:publisher\" content=\"https:\/\/www.facebook.com\/Portal-Urbano-171542830093757\/\" \/>\n<meta property=\"article:published_time\" content=\"2021-02-06T18:00:34+00:00\" \/>\n<meta property=\"article:modified_time\" content=\"2021-02-06T18:01:41+00:00\" \/>\n<meta property=\"og:image\" content=\"https:\/\/experienciadevida.com.ar\/portalurbano\/wp-content\/uploads\/2021\/02\/Los-aprehendieron.jpg\" \/>\n\t<meta property=\"og:image:width\" content=\"1152\" \/>\n\t<meta property=\"og:image:height\" content=\"864\" \/>\n\t<meta property=\"og:image:type\" content=\"image\/jpeg\" \/>\n<meta name=\"author\" content=\"admpu17wp\" \/>\n<meta name=\"twitter:card\" content=\"summary_large_image\" \/>\n<meta name=\"twitter:creator\" content=\"@portalurbanook\" \/>\n<meta name=\"twitter:site\" content=\"@portalurbanook\" \/>\n<meta name=\"twitter:label1\" content=\"Escrito por\" \/>\n\t<meta name=\"twitter:data1\" content=\"admpu17wp\" \/>\n\t<meta name=\"twitter:label2\" content=\"Tiempo de lectura\" \/>\n\t<meta name=\"twitter:data2\" content=\"1 minuto\" \/>\n<script type=\"application\/ld+json\" class=\"yoast-schema-graph\">{\"@context\":\"https:\/\/schema.org\",\"@graph\":[{\"@type\":\"Article\",\"@id\":\"https:\/\/experienciadevida.com.ar\/portalurbano\/los-aprehendieron-por-intentar-evadir-un-control-vehicular-y-darse-a-la-fuga\/#article\",\"isPartOf\":{\"@id\":\"https:\/\/experienciadevida.com.ar\/portalurbano\/los-aprehendieron-por-intentar-evadir-un-control-vehicular-y-darse-a-la-fuga\/\"},\"author\":{\"name\":\"admpu17wp\",\"@id\":\"https:\/\/experienciadevida.com.ar\/portalurbano\/#\/schema\/person\/02dd326b1c4b056e9cc972486934a3a7\"},\"headline\":\"Los aprehendieron por intentar evadir un control vehicular y darse a la fuga\",\"datePublished\":\"2021-02-06T18:00:34+00:00\",\"dateModified\":\"2021-02-06T18:01:41+00:00\",\"mainEntityOfPage\":{\"@id\":\"https:\/\/experienciadevida.com.ar\/portalurbano\/los-aprehendieron-por-intentar-evadir-un-control-vehicular-y-darse-a-la-fuga\/\"},\"wordCount\":138,\"publisher\":{\"@id\":\"https:\/\/experienciadevida.com.ar\/portalurbano\/#organization\"},\"articleSection\":[\"Destacadas 2\",\"Policiales\"],\"inLanguage\":\"es\"},{\"@type\":\"WebPage\",\"@id\":\"https:\/\/experienciadevida.com.ar\/portalurbano\/los-aprehendieron-por-intentar-evadir-un-control-vehicular-y-darse-a-la-fuga\/\",\"url\":\"https:\/\/experienciadevida.com.ar\/portalurbano\/los-aprehendieron-por-intentar-evadir-un-control-vehicular-y-darse-a-la-fuga\/\",\"name\":\"Los aprehendieron por intentar evadir un control vehicular y darse a la fuga -\",\"isPartOf\":{\"@id\":\"https:\/\/experienciadevida.com.ar\/portalurbano\/#website\"},\"datePublished\":\"2021-02-06T18:00:34+00:00\",\"dateModified\":\"2021-02-06T18:01:41+00:00\",\"breadcrumb\":{\"@id\":\"https:\/\/experienciadevida.com.ar\/portalurbano\/los-aprehendieron-por-intentar-evadir-un-control-vehicular-y-darse-a-la-fuga\/#breadcrumb\"},\"inLanguage\":\"es\",\"potentialAction\":[{\"@type\":\"ReadAction\",\"target\":[\"https:\/\/experienciadevida.com.ar\/portalurbano\/los-aprehendieron-por-intentar-evadir-un-control-vehicular-y-darse-a-la-fuga\/\"]}]},{\"@type\":\"BreadcrumbList\",\"@id\":\"https:\/\/experienciadevida.com.ar\/portalurbano\/los-aprehendieron-por-intentar-evadir-un-control-vehicular-y-darse-a-la-fuga\/#breadcrumb\",\"itemListElement\":[{\"@type\":\"ListItem\",\"position\":1,\"name\":\"Portada\",\"item\":\"https:\/\/experienciadevida.com.ar\/portalurbano\/\"},{\"@type\":\"ListItem\",\"position\":2,\"name\":\"Los aprehendieron por intentar evadir un control vehicular y darse a la fuga\"}]},{\"@type\":\"WebSite\",\"@id\":\"https:\/\/experienciadevida.com.ar\/portalurbano\/#website\",\"url\":\"https:\/\/experienciadevida.com.ar\/portalurbano\/\",\"name\":\"\",\"description\":\"\",\"publisher\":{\"@id\":\"https:\/\/experienciadevida.com.ar\/portalurbano\/#organization\"},\"potentialAction\":[{\"@type\":\"SearchAction\",\"target\":{\"@type\":\"EntryPoint\",\"urlTemplate\":\"https:\/\/experienciadevida.com.ar\/portalurbano\/?s={search_term_string}\"},\"query-input\":\"required name=search_term_string\"}],\"inLanguage\":\"es\"},{\"@type\":\"Organization\",\"@id\":\"https:\/\/experienciadevida.com.ar\/portalurbano\/#organization\",\"name\":\"Portal Urbano\",\"url\":\"https:\/\/experienciadevida.com.ar\/portalurbano\/\",\"logo\":{\"@type\":\"ImageObject\",\"inLanguage\":\"es\",\"@id\":\"https:\/\/experienciadevida.com.ar\/portalurbano\/#\/schema\/logo\/image\/\",\"url\":\"https:\/\/experienciadevida.com.ar\/portalurbano\/wp-content\/uploads\/2019\/09\/Logo-Original.png\",\"contentUrl\":\"https:\/\/experienciadevida.com.ar\/portalurbano\/wp-content\/uploads\/2019\/09\/Logo-Original.png\",\"width\":2236,\"height\":1216,\"caption\":\"Portal Urbano\"},\"image\":{\"@id\":\"https:\/\/experienciadevida.com.ar\/portalurbano\/#\/schema\/logo\/image\/\"},\"sameAs\":[\"https:\/\/www.facebook.com\/Portal-Urbano-171542830093757\/\",\"https:\/\/twitter.com\/portalurbanook\",\"https:\/\/www.instagram.com\/_portalurbano\/\",\"https:\/\/www.youtube.com\/channel\/UCXhagIfszH8KxFiOok79zbA?view_as=subscriber\"]},{\"@type\":\"Person\",\"@id\":\"https:\/\/experienciadevida.com.ar\/portalurbano\/#\/schema\/person\/02dd326b1c4b056e9cc972486934a3a7\",\"name\":\"admpu17wp\",\"image\":{\"@type\":\"ImageObject\",\"inLanguage\":\"es\",\"@id\":\"https:\/\/experienciadevida.com.ar\/portalurbano\/#\/schema\/person\/image\/\",\"url\":\"https:\/\/secure.gravatar.com\/avatar\/830d4c57adaae6630765e449a6908047?s=96&d=mm&r=g\",\"contentUrl\":\"https:\/\/secure.gravatar.com\/avatar\/830d4c57adaae6630765e449a6908047?s=96&d=mm&r=g\",\"caption\":\"admpu17wp\"}}]}<\/script>\n<!-- \/ Yoast SEO plugin. -->","yoast_head_json":{"title":"Los aprehendieron por intentar evadir un control vehicular y darse a la fuga -","robots":{"index":"index","follow":"follow","max-snippet":"max-snippet:-1","max-image-preview":"max-image-preview:large","max-video-preview":"max-video-preview:-1"},"canonical":"https:\/\/experienciadevida.com.ar\/portalurbano\/los-aprehendieron-por-intentar-evadir-un-control-vehicular-y-darse-a-la-fuga\/","og_locale":"es_ES","og_type":"article","og_title":"Los aprehendieron por intentar evadir un control vehicular y darse a la fuga -","og_description":"En la jornada de este s\u00e1bado el personal policial del destacamento de Sierra Chica, realiz\u00f3...","og_url":"https:\/\/experienciadevida.com.ar\/portalurbano\/los-aprehendieron-por-intentar-evadir-un-control-vehicular-y-darse-a-la-fuga\/","article_publisher":"https:\/\/www.facebook.com\/Portal-Urbano-171542830093757\/","article_published_time":"2021-02-06T18:00:34+00:00","article_modified_time":"2021-02-06T18:01:41+00:00","og_image":[{"width":1152,"height":864,"url":"https:\/\/experienciadevida.com.ar\/portalurbano\/wp-content\/uploads\/2021\/02\/Los-aprehendieron.jpg","type":"image\/jpeg"}],"author":"admpu17wp","twitter_card":"summary_large_image","twitter_creator":"@portalurbanook","twitter_site":"@portalurbanook","twitter_misc":{"Escrito por":"admpu17wp","Tiempo de lectura":"1 minuto"},"schema":{"@context":"https:\/\/schema.org","@graph":[{"@type":"Article","@id":"https:\/\/experienciadevida.com.ar\/portalurbano\/los-aprehendieron-por-intentar-evadir-un-control-vehicular-y-darse-a-la-fuga\/#article","isPartOf":{"@id":"https:\/\/experienciadevida.com.ar\/portalurbano\/los-aprehendieron-por-intentar-evadir-un-control-vehicular-y-darse-a-la-fuga\/"},"author":{"name":"admpu17wp","@id":"https:\/\/experienciadevida.com.ar\/portalurbano\/#\/schema\/person\/02dd326b1c4b056e9cc972486934a3a7"},"headline":"Los aprehendieron por intentar evadir un control vehicular y darse a la fuga","datePublished":"2021-02-06T18:00:34+00:00","dateModified":"2021-02-06T18:01:41+00:00","mainEntityOfPage":{"@id":"https:\/\/experienciadevida.com.ar\/portalurbano\/los-aprehendieron-por-intentar-evadir-un-control-vehicular-y-darse-a-la-fuga\/"},"wordCount":138,"publisher":{"@id":"https:\/\/experienciadevida.com.ar\/portalurbano\/#organization"},"articleSection":["Destacadas 2","Policiales"],"inLanguage":"es"},{"@type":"WebPage","@id":"https:\/\/experienciadevida.com.ar\/portalurbano\/los-aprehendieron-por-intentar-evadir-un-control-vehicular-y-darse-a-la-fuga\/","url":"https:\/\/experienciadevida.com.ar\/portalurbano\/los-aprehendieron-por-intentar-evadir-un-control-vehicular-y-darse-a-la-fuga\/","name":"Los aprehendieron por intentar evadir un control vehicular y darse a la fuga -","isPartOf":{"@id":"https:\/\/experienciadevida.com.ar\/portalurbano\/#website"},"datePublished":"2021-02-06T18:00:34+00:00","dateModified":"2021-02-06T18:01:41+00:00","breadcrumb":{"@id":"https:\/\/experienciadevida.com.ar\/portalurbano\/los-aprehendieron-por-intentar-evadir-un-control-vehicular-y-darse-a-la-fuga\/#breadcrumb"},"inLanguage":"es","potentialAction":[{"@type":"ReadAction","target":["https:\/\/experienciadevida.com.ar\/portalurbano\/los-aprehendieron-por-intentar-evadir-un-control-vehicular-y-darse-a-la-fuga\/"]}]},{"@type":"BreadcrumbList","@id":"https:\/\/experienciadevida.com.ar\/portalurbano\/los-aprehendieron-por-intentar-evadir-un-control-vehicular-y-darse-a-la-fuga\/#breadcrumb","itemListElement":[{"@type":"ListItem","position":1,"name":"Portada","item":"https:\/\/experienciadevida.com.ar\/portalurbano\/"},{"@type":"ListItem","position":2,"name":"Los aprehendieron por intentar evadir un control vehicular y darse a la fuga"}]},{"@type":"WebSite","@id":"https:\/\/experienciadevida.com.ar\/portalurbano\/#website","url":"https:\/\/experienciadevida.com.ar\/portalurbano\/","name":"","description":"","publisher":{"@id":"https:\/\/experienciadevida.com.ar\/portalurbano\/#organization"},"potentialAction":[{"@type":"SearchAction","target":{"@type":"EntryPoint","urlTemplate":"https:\/\/experienciadevida.com.ar\/portalurbano\/?s={search_term_string}"},"query-input":"required name=search_term_string"}],"inLanguage":"es"},{"@type":"Organization","@id":"https:\/\/experienciadevida.com.ar\/portalurbano\/#organization","name":"Portal Urbano","url":"https:\/\/experienciadevida.com.ar\/portalurbano\/","logo":{"@type":"ImageObject","inLanguage":"es","@id":"https:\/\/experienciadevida.com.ar\/portalurbano\/#\/schema\/logo\/image\/","url":"https:\/\/experienciadevida.com.ar\/portalurbano\/wp-content\/uploads\/2019\/09\/Logo-Original.png","contentUrl":"https:\/\/experienciadevida.com.ar\/portalurbano\/wp-content\/uploads\/2019\/09\/Logo-Original.png","width":2236,"height":1216,"caption":"Portal Urbano"},"image":{"@id":"https:\/\/experienciadevida.com.ar\/portalurbano\/#\/schema\/logo\/image\/"},"sameAs":["https:\/\/www.facebook.com\/Portal-Urbano-171542830093757\/","https:\/\/twitter.com\/portalurbanook","https:\/\/www.instagram.com\/_portalurbano\/","https:\/\/www.youtube.com\/channel\/UCXhagIfszH8KxFiOok79zbA?view_as=subscriber"]},{"@type":"Person","@id":"https:\/\/experienciadevida.com.ar\/portalurbano\/#\/schema\/person\/02dd326b1c4b056e9cc972486934a3a7","name":"admpu17wp","image":{"@type":"ImageObject","inLanguage":"es","@id":"https:\/\/experienciadevida.com.ar\/portalurbano\/#\/schema\/person\/image\/","url":"https:\/\/secure.gravatar.com\/avatar\/830d4c57adaae6630765e449a6908047?s=96&d=mm&r=g","contentUrl":"https:\/\/secure.gravatar.com\/avatar\/830d4c57adaae6630765e449a6908047?s=96&d=mm&r=g","caption":"admpu17wp"}}]}},"featured_image_urls":{"full":["https:\/\/experienciadevida.com.ar\/portalurbano\/wp-content\/uploads\/2021\/02\/Los-aprehendieron.jpg",1152,864,false],"thumbnail":["https:\/\/experienciadevida.com.ar\/portalurbano\/wp-content\/uploads\/2021\/02\/Los-aprehendieron-150x150.jpg",150,150,true],"medium":["https:\/\/experienciadevida.com.ar\/portalurbano\/wp-content\/uploads\/2021\/02\/Los-aprehendieron-300x225.jpg",300,225,true],"medium_large":["https:\/\/experienciadevida.com.ar\/portalurbano\/wp-content\/uploads\/2021\/02\/Los-aprehendieron-768x576.jpg",640,480,true],"large":["https:\/\/experienciadevida.com.ar\/portalurbano\/wp-content\/uploads\/2021\/02\/Los-aprehendieron-1024x768.jpg",640,480,true],"ug_big":["https:\/\/experienciadevida.com.ar\/portalurbano\/wp-content\/uploads\/2021\/02\/Los-aprehendieron-768x576.jpg",768,576,true],"1536x1536":["https:\/\/experienciadevida.com.ar\/portalurbano\/wp-content\/uploads\/2021\/02\/Los-aprehendieron.jpg",1152,864,false],"2048x2048":["https:\/\/experienciadevida.com.ar\/portalurbano\/wp-content\/uploads\/2021\/02\/Los-aprehendieron.jpg",1152,864,false],"newsever-slider-full":["https:\/\/experienciadevida.com.ar\/portalurbano\/wp-content\/uploads\/2021\/02\/Los-aprehendieron.jpg",1127,845,false],"newsever-featured":["https:\/\/experienciadevida.com.ar\/portalurbano\/wp-content\/uploads\/2021\/02\/Los-aprehendieron.jpg",1024,768,false],"newsever-medium":["https:\/\/experienciadevida.com.ar\/portalurbano\/wp-content\/uploads\/2021\/02\/Los-aprehendieron.jpg",633,475,false],"web-stories-poster-portrait":["https:\/\/experienciadevida.com.ar\/portalurbano\/wp-content\/uploads\/2021\/02\/Los-aprehendieron.jpg",640,480,false],"web-stories-publisher-logo":["https:\/\/experienciadevida.com.ar\/portalurbano\/wp-content\/uploads\/2021\/02\/Los-aprehendieron.jpg",96,72,false],"web-stories-thumbnail":["https:\/\/experienciadevida.com.ar\/portalurbano\/wp-content\/uploads\/2021\/02\/Los-aprehendieron.jpg",150,113,false]},"author_info":{"display_name":"admpu17wp","author_link":"https:\/\/experienciadevida.com.ar\/portalurbano\/author\/admpu17wp\/"},"category_info":"<a href=\"https:\/\/experienciadevida.com.ar\/portalurbano\/category\/destacadas-2\/\" rel=\"category tag\">Destacadas 2<\/a> <a href=\"https:\/\/experienciadevida.com.ar\/portalurbano\/category\/policiales\/\" rel=\"category tag\">Policiales<\/a>","tag_info":"Policiales","comment_count":"0","amp_enabled":true,"_links":{"self":[{"href":"https:\/\/experienciadevida.com.ar\/portalurbano\/wp-json\/wp\/v2\/posts\/134474"}],"collection":[{"href":"https:\/\/experienciadevida.com.ar\/portalurbano\/wp-json\/wp\/v2\/posts"}],"about":[{"href":"https:\/\/experienciadevida.com.ar\/portalurbano\/wp-json\/wp\/v2\/types\/post"}],"author":[{"embeddable":true,"href":"https:\/\/experienciadevida.com.ar\/portalurbano\/wp-json\/wp\/v2\/users\/1"}],"replies":[{"embeddable":true,"href":"https:\/\/experienciadevida.com.ar\/portalurbano\/wp-json\/wp\/v2\/comments?post=134474"}],"version-history":[{"count":2,"href":"https:\/\/experienciadevida.com.ar\/portalurbano\/wp-json\/wp\/v2\/posts\/134474\/revisions"}],"predecessor-version":[{"id":134479,"href":"https:\/\/experienciadevida.com.ar\/portalurbano\/wp-json\/wp\/v2\/posts\/134474\/revisions\/134479"}],"wp:featuredmedia":[{"embeddable":true,"href":"https:\/\/experienciadevida.com.ar\/portalurbano\/wp-json\/wp\/v2\/media\/134475"}],"wp:attachment":[{"href":"https:\/\/experienciadevida.com.ar\/portalurbano\/wp-json\/wp\/v2\/media?parent=134474"}],"wp:term":[{"taxonomy":"category","embeddable":true,"href":"https:\/\/experienciadevida.com.ar\/portalurbano\/wp-json\/wp\/v2\/categories?post=134474"},{"taxonomy":"post_tag","embeddable":true,"href":"https:\/\/experienciadevida.com.ar\/portalurbano\/wp-json\/wp\/v2\/tags?post=134474"}],"curies":[{"name":"wp","href":"https:\/\/api.w.org\/{rel}","templated":true}]}}