{"id":134413,"date":"2021-02-05T18:36:49","date_gmt":"2021-02-05T21:36:49","guid":{"rendered":"https:\/\/experienciadevida.com.ar\/portalurbano\/?p=134413"},"modified":"2021-02-05T18:39:45","modified_gmt":"2021-02-05T21:39:45","slug":"asociacion-de-usuarios-nueva-energia-las-necesidades-de-la-gente-no-desaparecen-por-la-cuarentena","status":"publish","type":"post","link":"https:\/\/experienciadevida.com.ar\/portalurbano\/asociacion-de-usuarios-nueva-energia-las-necesidades-de-la-gente-no-desaparecen-por-la-cuarentena\/","title":{"rendered":"Asociaci\u00f3n de usuarios nueva energ\u00eda: &#8220;las necesidades de la gente no desaparecen por la cuarentena&#8221;"},"content":{"rendered":"<p>Asociaci\u00f3n nueva energ\u00eda: &#8220;las necesidades de la gente no desaparecen por la cuarentena&#8221;. Miembros de la <a href=\"https:\/\/www.facebook.com\/Asociaci%C3%B3n-de-Usuarios-Nueva-Energ%C3%ADa-AUNE-107686640815246\">Asociaci\u00f3n de Usuarios Nueva Energ\u00eda<\/a> viene realizando encuentros con usuarios socios cooperativos en los distintos barrios y localidades de nuestra ciudad, con el fin de informar y asesorar sobre los derechos que tienen quienes son titulares de un medidor y por tanto socios de Coopelectric.<\/p>\n<p>En este marco, y luego de haber tenido reuniones en la Sociedad de Fomento del Barrio CECO, en el Barrio Bancarios, con la Comisi\u00f3n Directiva de la Sociedad Rural, esta semana hubo reuniones en el Barrio Federal de Sierra Chica, en la Sociedad de Fomento Provincias Unidas, en el Barrio Bancarios 2 y en el Parque Los Fresnos de Sierras Bayas.<\/p>\n<p>En todos los casos se ha escuchado que en el servicio de electricidad son cada vez m\u00e1s frecuentes los cortes y las variaciones de tensi\u00f3n, deterioro de la infraestructura por falta de mantenimiento preventivo, y m\u00e1s tard\u00eda la respuesta operativa de soluci\u00f3n, as\u00ed como en el servicio de agua tambi\u00e9n se advierte la falta de presi\u00f3n, rotura de ca\u00f1os, e insatisfactoria la respuesta operativa para la normalizaci\u00f3n del servicio. En todos los casos se manifiesta la deficiencia en el sistema de atenci\u00f3n al usuario y socio cooperativo.<\/p>\n<p>Es evidente que el usuario no posee la informaci\u00f3n sobre sus derechos porque no hay canales de comunicaci\u00f3n adecuados con quien debe ofrecerla, dificult\u00e1ndose de esta manera una eficiente comunicaci\u00f3n con la cooperativa y los organismos de control para que se hagan efectivos.<\/p>\n<p>Una situaci\u00f3n que remarcaron desde la Asociaci\u00f3n nueva energ\u00eda es que\u00a0 &#8220;queremos asimismo hacer visible y hacer un llamado a la reflexi\u00f3n sobre un peligroso antecedente. En el Parque Los Fresnos estuvimos en una parte de una reuni\u00f3n de vecinos, al aire libre, con barbijos, en n\u00famero correcto y con distanciamiento social sanitario, cuando en el comienzo del encuentro se present\u00f3 la Polic\u00eda Bonaerense, a interrogarnos sobre qui\u00e9nes \u00e9ramos y qu\u00e9 hac\u00edamos en el lugar. El encuentro no violaba ninguna regla sanitaria&#8221;.<\/p>\n<p>&#8220;No estamos en estado de sitio, sigue existiendo el derecho constitucional de reuni\u00f3n, de asociarse con fines \u00fatiles, de opini\u00f3n. Fue claramente un uso pol\u00edtico del poder policial para amedrentar a un grupo de personas que se oponen a otro grupo que est\u00e1 enquistado en una instituci\u00f3n colectiva como es el grupo de la lista amarilla en Coopelectric. Que, adem\u00e1s, cuenta en esta coyuntura, con el apoyo del gobierno municipal por ser socios pol\u00edticos. De esta sociedad surgi\u00f3 la medida por la cual nos negaron el derecho a elegir en nuestra cooperativa. Ser\u00eda correcto que no se use el dinero de los contribuyentes para vigilarnos, de usar los recursos del Estado para amedrentar a quienes est\u00e1n su pleno derecho de peticionar, y con el solo y evidente fin de ayudar un grupo de personas que quieren eternizarse en Coopelectric&#8221;.<\/p>\n<p>A su vez &#8220;Llamamos a la reflexi\u00f3n de quien tom\u00f3 la decisi\u00f3n pol\u00edtica de mandar a la polic\u00eda a interrogar a los presentes en una reuni\u00f3n p\u00fablica, careciendo de derecho de hacerlo y que se percate que es un conjunto de personas que reclaman simplemente poder disponer de un recurso natural esencial para la vida como es el agua&#8221;.<\/p>\n<p>&#8220;La decisi\u00f3n administrativa de poner l\u00edmites por cuarentena no hace que desaparezcan las necesidades de la gente y no otorga facultades a ning\u00fan organismo policial ni pol\u00edtico para que pueda impedir el ejercicio de derechos elementales&#8221;.<\/p>\n","protected":false},"excerpt":{"rendered":"<p>Asociaci\u00f3n nueva energ\u00eda: &#8220;las necesidades de la gente no desaparecen por la cuarentena&#8221;. Miembros de&#8230;<\/p>\n","protected":false},"author":1,"featured_media":134422,"comment_status":"closed","ping_status":"closed","sticky":false,"template":"","format":"standard","meta":{"content-type":""},"categories":[27,64],"tags":[],"nelio_content":{"isAutoShareEnabled":false,"autoShareEndMode":"default","automationSources":{"useContentSentences":true,"useSocialTemplates":true,"useCustomSentences":false,"customSentences":[]},"followers":[1],"suggestedReferences":[],"includedReferences":[],"efiUrl":"","efiAlt":"","highlights":[]},"yoast_head":"<!-- This site is optimized with the Yoast SEO plugin v20.7 - https:\/\/yoast.com\/wordpress\/plugins\/seo\/ -->\n<title>Asociaci\u00f3n nueva energ\u00eda: &quot;Las necesidades de la gente no desaparecen&quot;<\/title>\n<meta name=\"description\" content=\"Asociaci\u00f3n nueva energ\u00eda: &quot;las necesidades de la gente no desaparecen por la cuarentena&quot;, miembros recorrieron los barrios y localidades.\" \/>\n<meta name=\"robots\" content=\"index, follow, max-snippet:-1, max-image-preview:large, max-video-preview:-1\" \/>\n<link rel=\"canonical\" href=\"https:\/\/experienciadevida.com.ar\/portalurbano\/asociacion-de-usuarios-nueva-energia-las-necesidades-de-la-gente-no-desaparecen-por-la-cuarentena\/\" \/>\n<meta property=\"og:locale\" content=\"es_ES\" \/>\n<meta property=\"og:type\" content=\"article\" \/>\n<meta property=\"og:title\" content=\"Asociaci\u00f3n nueva energ\u00eda: &quot;Las necesidades de la gente no desaparecen&quot;\" \/>\n<meta property=\"og:description\" content=\"Asociaci\u00f3n nueva energ\u00eda: &quot;las necesidades de la gente no desaparecen por la cuarentena&quot;, miembros recorrieron los barrios y localidades.\" \/>\n<meta property=\"og:url\" content=\"https:\/\/experienciadevida.com.ar\/portalurbano\/asociacion-de-usuarios-nueva-energia-las-necesidades-de-la-gente-no-desaparecen-por-la-cuarentena\/\" \/>\n<meta property=\"article:publisher\" content=\"https:\/\/www.facebook.com\/Portal-Urbano-171542830093757\/\" \/>\n<meta property=\"article:published_time\" content=\"2021-02-05T21:36:49+00:00\" \/>\n<meta property=\"article:modified_time\" content=\"2021-02-05T21:39:45+00:00\" \/>\n<meta property=\"og:image\" content=\"https:\/\/experienciadevida.com.ar\/portalurbano\/wp-content\/uploads\/2021\/02\/Nueva-energia-1.jpg\" \/>\n\t<meta property=\"og:image:width\" content=\"1280\" \/>\n\t<meta property=\"og:image:height\" content=\"847\" \/>\n\t<meta property=\"og:image:type\" content=\"image\/jpeg\" \/>\n<meta name=\"author\" content=\"admpu17wp\" \/>\n<meta name=\"twitter:card\" content=\"summary_large_image\" \/>\n<meta name=\"twitter:creator\" content=\"@portalurbanook\" \/>\n<meta name=\"twitter:site\" content=\"@portalurbanook\" \/>\n<meta name=\"twitter:label1\" content=\"Escrito por\" \/>\n\t<meta name=\"twitter:data1\" content=\"admpu17wp\" \/>\n\t<meta name=\"twitter:label2\" content=\"Tiempo de lectura\" \/>\n\t<meta name=\"twitter:data2\" content=\"3 minutos\" \/>\n<script type=\"application\/ld+json\" class=\"yoast-schema-graph\">{\"@context\":\"https:\/\/schema.org\",\"@graph\":[{\"@type\":\"Article\",\"@id\":\"https:\/\/experienciadevida.com.ar\/portalurbano\/asociacion-de-usuarios-nueva-energia-las-necesidades-de-la-gente-no-desaparecen-por-la-cuarentena\/#article\",\"isPartOf\":{\"@id\":\"https:\/\/experienciadevida.com.ar\/portalurbano\/asociacion-de-usuarios-nueva-energia-las-necesidades-de-la-gente-no-desaparecen-por-la-cuarentena\/\"},\"author\":{\"name\":\"admpu17wp\",\"@id\":\"https:\/\/experienciadevida.com.ar\/portalurbano\/#\/schema\/person\/02dd326b1c4b056e9cc972486934a3a7\"},\"headline\":\"Asociaci\u00f3n de usuarios nueva energ\u00eda: &#8220;las necesidades de la gente no desaparecen por la cuarentena&#8221;\",\"datePublished\":\"2021-02-05T21:36:49+00:00\",\"dateModified\":\"2021-02-05T21:39:45+00:00\",\"mainEntityOfPage\":{\"@id\":\"https:\/\/experienciadevida.com.ar\/portalurbano\/asociacion-de-usuarios-nueva-energia-las-necesidades-de-la-gente-no-desaparecen-por-la-cuarentena\/\"},\"wordCount\":630,\"publisher\":{\"@id\":\"https:\/\/experienciadevida.com.ar\/portalurbano\/#organization\"},\"articleSection\":[\"Ciudad\",\"Destacadas 2\"],\"inLanguage\":\"es\"},{\"@type\":\"WebPage\",\"@id\":\"https:\/\/experienciadevida.com.ar\/portalurbano\/asociacion-de-usuarios-nueva-energia-las-necesidades-de-la-gente-no-desaparecen-por-la-cuarentena\/\",\"url\":\"https:\/\/experienciadevida.com.ar\/portalurbano\/asociacion-de-usuarios-nueva-energia-las-necesidades-de-la-gente-no-desaparecen-por-la-cuarentena\/\",\"name\":\"Asociaci\u00f3n nueva energ\u00eda: \\\"Las necesidades de la gente no desaparecen\\\"\",\"isPartOf\":{\"@id\":\"https:\/\/experienciadevida.com.ar\/portalurbano\/#website\"},\"datePublished\":\"2021-02-05T21:36:49+00:00\",\"dateModified\":\"2021-02-05T21:39:45+00:00\",\"description\":\"Asociaci\u00f3n nueva energ\u00eda: \\\"las necesidades de la gente no desaparecen por la cuarentena\\\", miembros recorrieron los barrios y localidades.\",\"breadcrumb\":{\"@id\":\"https:\/\/experienciadevida.com.ar\/portalurbano\/asociacion-de-usuarios-nueva-energia-las-necesidades-de-la-gente-no-desaparecen-por-la-cuarentena\/#breadcrumb\"},\"inLanguage\":\"es\",\"potentialAction\":[{\"@type\":\"ReadAction\",\"target\":[\"https:\/\/experienciadevida.com.ar\/portalurbano\/asociacion-de-usuarios-nueva-energia-las-necesidades-de-la-gente-no-desaparecen-por-la-cuarentena\/\"]}]},{\"@type\":\"BreadcrumbList\",\"@id\":\"https:\/\/experienciadevida.com.ar\/portalurbano\/asociacion-de-usuarios-nueva-energia-las-necesidades-de-la-gente-no-desaparecen-por-la-cuarentena\/#breadcrumb\",\"itemListElement\":[{\"@type\":\"ListItem\",\"position\":1,\"name\":\"Portada\",\"item\":\"https:\/\/experienciadevida.com.ar\/portalurbano\/\"},{\"@type\":\"ListItem\",\"position\":2,\"name\":\"Asociaci\u00f3n de usuarios nueva energ\u00eda: \u00ablas necesidades de la gente no desaparecen por la cuarentena\u00bb\"}]},{\"@type\":\"WebSite\",\"@id\":\"https:\/\/experienciadevida.com.ar\/portalurbano\/#website\",\"url\":\"https:\/\/experienciadevida.com.ar\/portalurbano\/\",\"name\":\"\",\"description\":\"\",\"publisher\":{\"@id\":\"https:\/\/experienciadevida.com.ar\/portalurbano\/#organization\"},\"potentialAction\":[{\"@type\":\"SearchAction\",\"target\":{\"@type\":\"EntryPoint\",\"urlTemplate\":\"https:\/\/experienciadevida.com.ar\/portalurbano\/?s={search_term_string}\"},\"query-input\":\"required name=search_term_string\"}],\"inLanguage\":\"es\"},{\"@type\":\"Organization\",\"@id\":\"https:\/\/experienciadevida.com.ar\/portalurbano\/#organization\",\"name\":\"Portal Urbano\",\"url\":\"https:\/\/experienciadevida.com.ar\/portalurbano\/\",\"logo\":{\"@type\":\"ImageObject\",\"inLanguage\":\"es\",\"@id\":\"https:\/\/experienciadevida.com.ar\/portalurbano\/#\/schema\/logo\/image\/\",\"url\":\"https:\/\/experienciadevida.com.ar\/portalurbano\/wp-content\/uploads\/2019\/09\/Logo-Original.png\",\"contentUrl\":\"https:\/\/experienciadevida.com.ar\/portalurbano\/wp-content\/uploads\/2019\/09\/Logo-Original.png\",\"width\":2236,\"height\":1216,\"caption\":\"Portal Urbano\"},\"image\":{\"@id\":\"https:\/\/experienciadevida.com.ar\/portalurbano\/#\/schema\/logo\/image\/\"},\"sameAs\":[\"https:\/\/www.facebook.com\/Portal-Urbano-171542830093757\/\",\"https:\/\/twitter.com\/portalurbanook\",\"https:\/\/www.instagram.com\/_portalurbano\/\",\"https:\/\/www.youtube.com\/channel\/UCXhagIfszH8KxFiOok79zbA?view_as=subscriber\"]},{\"@type\":\"Person\",\"@id\":\"https:\/\/experienciadevida.com.ar\/portalurbano\/#\/schema\/person\/02dd326b1c4b056e9cc972486934a3a7\",\"name\":\"admpu17wp\",\"image\":{\"@type\":\"ImageObject\",\"inLanguage\":\"es\",\"@id\":\"https:\/\/experienciadevida.com.ar\/portalurbano\/#\/schema\/person\/image\/\",\"url\":\"https:\/\/secure.gravatar.com\/avatar\/830d4c57adaae6630765e449a6908047?s=96&d=mm&r=g\",\"contentUrl\":\"https:\/\/secure.gravatar.com\/avatar\/830d4c57adaae6630765e449a6908047?s=96&d=mm&r=g\",\"caption\":\"admpu17wp\"}}]}<\/script>\n<!-- \/ Yoast SEO plugin. -->","yoast_head_json":{"title":"Asociaci\u00f3n nueva energ\u00eda: \"Las necesidades de la gente no desaparecen\"","description":"Asociaci\u00f3n nueva energ\u00eda: \"las necesidades de la gente no desaparecen por la cuarentena\", miembros recorrieron los barrios y localidades.","robots":{"index":"index","follow":"follow","max-snippet":"max-snippet:-1","max-image-preview":"max-image-preview:large","max-video-preview":"max-video-preview:-1"},"canonical":"https:\/\/experienciadevida.com.ar\/portalurbano\/asociacion-de-usuarios-nueva-energia-las-necesidades-de-la-gente-no-desaparecen-por-la-cuarentena\/","og_locale":"es_ES","og_type":"article","og_title":"Asociaci\u00f3n nueva energ\u00eda: \"Las necesidades de la gente no desaparecen\"","og_description":"Asociaci\u00f3n nueva energ\u00eda: \"las necesidades de la gente no desaparecen por la cuarentena\", miembros recorrieron los barrios y localidades.","og_url":"https:\/\/experienciadevida.com.ar\/portalurbano\/asociacion-de-usuarios-nueva-energia-las-necesidades-de-la-gente-no-desaparecen-por-la-cuarentena\/","article_publisher":"https:\/\/www.facebook.com\/Portal-Urbano-171542830093757\/","article_published_time":"2021-02-05T21:36:49+00:00","article_modified_time":"2021-02-05T21:39:45+00:00","og_image":[{"width":1280,"height":847,"url":"https:\/\/experienciadevida.com.ar\/portalurbano\/wp-content\/uploads\/2021\/02\/Nueva-energia-1.jpg","type":"image\/jpeg"}],"author":"admpu17wp","twitter_card":"summary_large_image","twitter_creator":"@portalurbanook","twitter_site":"@portalurbanook","twitter_misc":{"Escrito por":"admpu17wp","Tiempo de lectura":"3 minutos"},"schema":{"@context":"https:\/\/schema.org","@graph":[{"@type":"Article","@id":"https:\/\/experienciadevida.com.ar\/portalurbano\/asociacion-de-usuarios-nueva-energia-las-necesidades-de-la-gente-no-desaparecen-por-la-cuarentena\/#article","isPartOf":{"@id":"https:\/\/experienciadevida.com.ar\/portalurbano\/asociacion-de-usuarios-nueva-energia-las-necesidades-de-la-gente-no-desaparecen-por-la-cuarentena\/"},"author":{"name":"admpu17wp","@id":"https:\/\/experienciadevida.com.ar\/portalurbano\/#\/schema\/person\/02dd326b1c4b056e9cc972486934a3a7"},"headline":"Asociaci\u00f3n de usuarios nueva energ\u00eda: &#8220;las necesidades de la gente no desaparecen por la cuarentena&#8221;","datePublished":"2021-02-05T21:36:49+00:00","dateModified":"2021-02-05T21:39:45+00:00","mainEntityOfPage":{"@id":"https:\/\/experienciadevida.com.ar\/portalurbano\/asociacion-de-usuarios-nueva-energia-las-necesidades-de-la-gente-no-desaparecen-por-la-cuarentena\/"},"wordCount":630,"publisher":{"@id":"https:\/\/experienciadevida.com.ar\/portalurbano\/#organization"},"articleSection":["Ciudad","Destacadas 2"],"inLanguage":"es"},{"@type":"WebPage","@id":"https:\/\/experienciadevida.com.ar\/portalurbano\/asociacion-de-usuarios-nueva-energia-las-necesidades-de-la-gente-no-desaparecen-por-la-cuarentena\/","url":"https:\/\/experienciadevida.com.ar\/portalurbano\/asociacion-de-usuarios-nueva-energia-las-necesidades-de-la-gente-no-desaparecen-por-la-cuarentena\/","name":"Asociaci\u00f3n nueva energ\u00eda: \"Las necesidades de la gente no desaparecen\"","isPartOf":{"@id":"https:\/\/experienciadevida.com.ar\/portalurbano\/#website"},"datePublished":"2021-02-05T21:36:49+00:00","dateModified":"2021-02-05T21:39:45+00:00","description":"Asociaci\u00f3n nueva energ\u00eda: \"las necesidades de la gente no desaparecen por la cuarentena\", miembros recorrieron los barrios y localidades.","breadcrumb":{"@id":"https:\/\/experienciadevida.com.ar\/portalurbano\/asociacion-de-usuarios-nueva-energia-las-necesidades-de-la-gente-no-desaparecen-por-la-cuarentena\/#breadcrumb"},"inLanguage":"es","potentialAction":[{"@type":"ReadAction","target":["https:\/\/experienciadevida.com.ar\/portalurbano\/asociacion-de-usuarios-nueva-energia-las-necesidades-de-la-gente-no-desaparecen-por-la-cuarentena\/"]}]},{"@type":"BreadcrumbList","@id":"https:\/\/experienciadevida.com.ar\/portalurbano\/asociacion-de-usuarios-nueva-energia-las-necesidades-de-la-gente-no-desaparecen-por-la-cuarentena\/#breadcrumb","itemListElement":[{"@type":"ListItem","position":1,"name":"Portada","item":"https:\/\/experienciadevida.com.ar\/portalurbano\/"},{"@type":"ListItem","position":2,"name":"Asociaci\u00f3n de usuarios nueva energ\u00eda: \u00ablas necesidades de la gente no desaparecen por la cuarentena\u00bb"}]},{"@type":"WebSite","@id":"https:\/\/experienciadevida.com.ar\/portalurbano\/#website","url":"https:\/\/experienciadevida.com.ar\/portalurbano\/","name":"","description":"","publisher":{"@id":"https:\/\/experienciadevida.com.ar\/portalurbano\/#organization"},"potentialAction":[{"@type":"SearchAction","target":{"@type":"EntryPoint","urlTemplate":"https:\/\/experienciadevida.com.ar\/portalurbano\/?s={search_term_string}"},"query-input":"required name=search_term_string"}],"inLanguage":"es"},{"@type":"Organization","@id":"https:\/\/experienciadevida.com.ar\/portalurbano\/#organization","name":"Portal Urbano","url":"https:\/\/experienciadevida.com.ar\/portalurbano\/","logo":{"@type":"ImageObject","inLanguage":"es","@id":"https:\/\/experienciadevida.com.ar\/portalurbano\/#\/schema\/logo\/image\/","url":"https:\/\/experienciadevida.com.ar\/portalurbano\/wp-content\/uploads\/2019\/09\/Logo-Original.png","contentUrl":"https:\/\/experienciadevida.com.ar\/portalurbano\/wp-content\/uploads\/2019\/09\/Logo-Original.png","width":2236,"height":1216,"caption":"Portal Urbano"},"image":{"@id":"https:\/\/experienciadevida.com.ar\/portalurbano\/#\/schema\/logo\/image\/"},"sameAs":["https:\/\/www.facebook.com\/Portal-Urbano-171542830093757\/","https:\/\/twitter.com\/portalurbanook","https:\/\/www.instagram.com\/_portalurbano\/","https:\/\/www.youtube.com\/channel\/UCXhagIfszH8KxFiOok79zbA?view_as=subscriber"]},{"@type":"Person","@id":"https:\/\/experienciadevida.com.ar\/portalurbano\/#\/schema\/person\/02dd326b1c4b056e9cc972486934a3a7","name":"admpu17wp","image":{"@type":"ImageObject","inLanguage":"es","@id":"https:\/\/experienciadevida.com.ar\/portalurbano\/#\/schema\/person\/image\/","url":"https:\/\/secure.gravatar.com\/avatar\/830d4c57adaae6630765e449a6908047?s=96&d=mm&r=g","contentUrl":"https:\/\/secure.gravatar.com\/avatar\/830d4c57adaae6630765e449a6908047?s=96&d=mm&r=g","caption":"admpu17wp"}}]}},"featured_image_urls":{"full":["https:\/\/experienciadevida.com.ar\/portalurbano\/wp-content\/uploads\/2021\/02\/Nueva-energia-1.jpg",1280,847,false],"thumbnail":["https:\/\/experienciadevida.com.ar\/portalurbano\/wp-content\/uploads\/2021\/02\/Nueva-energia-1-150x150.jpg",150,150,true],"medium":["https:\/\/experienciadevida.com.ar\/portalurbano\/wp-content\/uploads\/2021\/02\/Nueva-energia-1-300x199.jpg",300,199,true],"medium_large":["https:\/\/experienciadevida.com.ar\/portalurbano\/wp-content\/uploads\/2021\/02\/Nueva-energia-1-768x508.jpg",640,423,true],"large":["https:\/\/experienciadevida.com.ar\/portalurbano\/wp-content\/uploads\/2021\/02\/Nueva-energia-1-1024x678.jpg",640,424,true],"ug_big":["https:\/\/experienciadevida.com.ar\/portalurbano\/wp-content\/uploads\/2021\/02\/Nueva-energia-1-768x508.jpg",768,508,true],"1536x1536":["https:\/\/experienciadevida.com.ar\/portalurbano\/wp-content\/uploads\/2021\/02\/Nueva-energia-1.jpg",1280,847,false],"2048x2048":["https:\/\/experienciadevida.com.ar\/portalurbano\/wp-content\/uploads\/2021\/02\/Nueva-energia-1.jpg",1280,847,false],"newsever-slider-full":["https:\/\/experienciadevida.com.ar\/portalurbano\/wp-content\/uploads\/2021\/02\/Nueva-energia-1.jpg",1277,845,false],"newsever-featured":["https:\/\/experienciadevida.com.ar\/portalurbano\/wp-content\/uploads\/2021\/02\/Nueva-energia-1.jpg",1024,678,false],"newsever-medium":["https:\/\/experienciadevida.com.ar\/portalurbano\/wp-content\/uploads\/2021\/02\/Nueva-energia-1.jpg",718,475,false],"web-stories-poster-portrait":["https:\/\/experienciadevida.com.ar\/portalurbano\/wp-content\/uploads\/2021\/02\/Nueva-energia-1.jpg",640,424,false],"web-stories-publisher-logo":["https:\/\/experienciadevida.com.ar\/portalurbano\/wp-content\/uploads\/2021\/02\/Nueva-energia-1.jpg",96,64,false],"web-stories-thumbnail":["https:\/\/experienciadevida.com.ar\/portalurbano\/wp-content\/uploads\/2021\/02\/Nueva-energia-1.jpg",150,99,false]},"author_info":{"display_name":"admpu17wp","author_link":"https:\/\/experienciadevida.com.ar\/portalurbano\/author\/admpu17wp\/"},"category_info":"<a href=\"https:\/\/experienciadevida.com.ar\/portalurbano\/category\/ciudad\/\" rel=\"category tag\">Ciudad<\/a> <a href=\"https:\/\/experienciadevida.com.ar\/portalurbano\/category\/destacadas-2\/\" rel=\"category tag\">Destacadas 2<\/a>","tag_info":"Destacadas 2","comment_count":"0","amp_enabled":true,"_links":{"self":[{"href":"https:\/\/experienciadevida.com.ar\/portalurbano\/wp-json\/wp\/v2\/posts\/134413"}],"collection":[{"href":"https:\/\/experienciadevida.com.ar\/portalurbano\/wp-json\/wp\/v2\/posts"}],"about":[{"href":"https:\/\/experienciadevida.com.ar\/portalurbano\/wp-json\/wp\/v2\/types\/post"}],"author":[{"embeddable":true,"href":"https:\/\/experienciadevida.com.ar\/portalurbano\/wp-json\/wp\/v2\/users\/1"}],"replies":[{"embeddable":true,"href":"https:\/\/experienciadevida.com.ar\/portalurbano\/wp-json\/wp\/v2\/comments?post=134413"}],"version-history":[{"count":4,"href":"https:\/\/experienciadevida.com.ar\/portalurbano\/wp-json\/wp\/v2\/posts\/134413\/revisions"}],"predecessor-version":[{"id":134426,"href":"https:\/\/experienciadevida.com.ar\/portalurbano\/wp-json\/wp\/v2\/posts\/134413\/revisions\/134426"}],"wp:featuredmedia":[{"embeddable":true,"href":"https:\/\/experienciadevida.com.ar\/portalurbano\/wp-json\/wp\/v2\/media\/134422"}],"wp:attachment":[{"href":"https:\/\/experienciadevida.com.ar\/portalurbano\/wp-json\/wp\/v2\/media?parent=134413"}],"wp:term":[{"taxonomy":"category","embeddable":true,"href":"https:\/\/experienciadevida.com.ar\/portalurbano\/wp-json\/wp\/v2\/categories?post=134413"},{"taxonomy":"post_tag","embeddable":true,"href":"https:\/\/experienciadevida.com.ar\/portalurbano\/wp-json\/wp\/v2\/tags?post=134413"}],"curies":[{"name":"wp","href":"https:\/\/api.w.org\/{rel}","templated":true}]}}