{"id":134382,"date":"2021-02-05T14:22:24","date_gmt":"2021-02-05T17:22:24","guid":{"rendered":"https:\/\/experienciadevida.com.ar\/portalurbano\/?p=134382"},"modified":"2021-02-05T14:25:38","modified_gmt":"2021-02-05T17:25:38","slug":"finalizo-el-programa-verano-atr-al-que-asistian-diariamente-500-jovenes","status":"publish","type":"post","link":"https:\/\/experienciadevida.com.ar\/portalurbano\/finalizo-el-programa-verano-atr-al-que-asistian-diariamente-500-jovenes\/","title":{"rendered":"Finaliz\u00f3 el Programa \u201cVerano ATR\u201d al que asist\u00edan diariamente 500 j\u00f3venes"},"content":{"rendered":"<p>Finaliz\u00f3 el Programa \u201cVerano ATR\u201d al que asist\u00edan diariamente 500 j\u00f3venes. Este viernes 5 de febrero concluyeron las actividades del Programa provincial a cargo de la Direcci\u00f3n General de Cultura y Educaci\u00f3n destinado a las y los estudiantes bonaerenses de nivel primario y secundario.<\/p>\n<p>Verano ATR dio inicio el 6 de enero y se desarroll\u00f3 en once sedes de nuestro partido, Club Racing, Club Pueblo Nuevo, Club Sierra Chica, Club Loma Negra, Club San Mart\u00edn de Sierras Bayas, Club Hinojo, Club Luj\u00e1n, Espigas, La M\u00e1xima, Quinta Buglione y La Tradici\u00f3n y este viernes finaliz\u00f3 el programa.<\/p>\n<p>El coordinador del Programa, Juan Pablo Arouxet, se mostr\u00f3 muy satisfecho con el desarrollo del programa: \u201cLa tarea diaria en cada sede nos permiti\u00f3 que m\u00e1s de 500 alumnos y alumnas de las escuelas primarias y secundarias de nuestra ciudad puedan sumarse a la propuesta logrando fortalecer la revinculaci\u00f3n con la escuela y dar continuidad a los contenidos prioritarios\u201d.<\/p>\n<p>Adem\u00e1s hizo un balance de la temporada y detall\u00f3 como fue el cierre: \u201cEl desarrollo del programa ha sido una experiencia in\u00e9dita que nos permite pensar un regreso seguro a la escuela. El \u00faltimo d\u00eda los ni\u00f1os y ni\u00f1as fueron acompa\u00f1ados por sus familias y se puedo concluir el programa perfectamente cumpliendo con todos los protocolos\u201d.<\/p>\n<p>Las propuestas de actividades se organizaron seg\u00fan el a\u00f1o escolar de las ni\u00f1as, ni\u00f1os y j\u00f3venes que participaron y teniendo en cuenta los ejes tem\u00e1ticos: Arte, Ciencias, Cuidado del cuerpo y salud, Lengua y Literatura, Matem\u00e1tica, Deportes y actividades recreativas.<\/p>\n<p>En cada una de las sedes se organizaron grupos de hasta 15 integrantes que estuvieron a cargo de docentes y acompa\u00f1antes pedag\u00f3gicos del programa ATR que desarrollaron las actividades al aire libre y con protocolos de cuidado.<\/p>\n<p>Participaron del cierre del programa la Jefa Regional de Educaci\u00f3n M\u00f3nica Wagner, el Jefe Distrital Julio Ben\u00edtez, la y la Consejera Escolar Jorgelina Piccinini.<\/p>\n<p><a href=\"https:\/\/experienciadevida.com.ar\/portalurbano\/finalizo-el-programa-verano-atr-al-que-asistian-diariamente-500-jovenes\/finalizo\/\" rel=\"attachment wp-att-134387\"><img decoding=\"async\" class=\"alignnone size-full wp-image-134387\" src=\"https:\/\/experienciadevida.com.ar\/portalurbano\/wp-content\/uploads\/2021\/02\/Finalizo.jpg\" alt=\"Finaliz\u00f3\" width=\"1184\" height=\"736\" srcset=\"https:\/\/experienciadevida.com.ar\/portalurbano\/wp-content\/uploads\/2021\/02\/Finalizo.jpg 1184w, https:\/\/experienciadevida.com.ar\/portalurbano\/wp-content\/uploads\/2021\/02\/Finalizo-300x186.jpg 300w, https:\/\/experienciadevida.com.ar\/portalurbano\/wp-content\/uploads\/2021\/02\/Finalizo-1024x637.jpg 1024w, https:\/\/experienciadevida.com.ar\/portalurbano\/wp-content\/uploads\/2021\/02\/Finalizo-768x477.jpg 768w\" sizes=\"(max-width: 1184px) 100vw, 1184px\" \/><\/a><\/p>\n<p><a href=\"https:\/\/experienciadevida.com.ar\/portalurbano\/finalizo-el-programa-verano-atr-al-que-asistian-diariamente-500-jovenes\/programa-9\/\" rel=\"attachment wp-att-134388\"><img decoding=\"async\" class=\"alignnone size-full wp-image-134388\" src=\"https:\/\/experienciadevida.com.ar\/portalurbano\/wp-content\/uploads\/2021\/02\/programa.jpg\" alt=\"programa\" width=\"1280\" height=\"887\" srcset=\"https:\/\/experienciadevida.com.ar\/portalurbano\/wp-content\/uploads\/2021\/02\/programa.jpg 1280w, https:\/\/experienciadevida.com.ar\/portalurbano\/wp-content\/uploads\/2021\/02\/programa-300x208.jpg 300w, https:\/\/experienciadevida.com.ar\/portalurbano\/wp-content\/uploads\/2021\/02\/programa-1024x710.jpg 1024w, https:\/\/experienciadevida.com.ar\/portalurbano\/wp-content\/uploads\/2021\/02\/programa-768x532.jpg 768w\" sizes=\"(max-width: 1280px) 100vw, 1280px\" \/><\/a><\/p>\n<p><a href=\"https:\/\/experienciadevida.com.ar\/portalurbano\/finalizo-el-programa-verano-atr-al-que-asistian-diariamente-500-jovenes\/b6c9bd6e-0f5c-4d9a-ac12-4b60dc3a3e5f\/\" rel=\"attachment wp-att-134389\"><img decoding=\"async\" class=\"alignnone size-full wp-image-134389\" src=\"https:\/\/experienciadevida.com.ar\/portalurbano\/wp-content\/uploads\/2021\/02\/b6c9bd6e-0f5c-4d9a-ac12-4b60dc3a3e5f.jpg\" alt=\"\" width=\"1232\" height=\"816\" srcset=\"https:\/\/experienciadevida.com.ar\/portalurbano\/wp-content\/uploads\/2021\/02\/b6c9bd6e-0f5c-4d9a-ac12-4b60dc3a3e5f.jpg 1232w, https:\/\/experienciadevida.com.ar\/portalurbano\/wp-content\/uploads\/2021\/02\/b6c9bd6e-0f5c-4d9a-ac12-4b60dc3a3e5f-300x199.jpg 300w, https:\/\/experienciadevida.com.ar\/portalurbano\/wp-content\/uploads\/2021\/02\/b6c9bd6e-0f5c-4d9a-ac12-4b60dc3a3e5f-1024x678.jpg 1024w, https:\/\/experienciadevida.com.ar\/portalurbano\/wp-content\/uploads\/2021\/02\/b6c9bd6e-0f5c-4d9a-ac12-4b60dc3a3e5f-768x509.jpg 768w\" sizes=\"(max-width: 1232px) 100vw, 1232px\" \/><\/a><\/p>\n","protected":false},"excerpt":{"rendered":"<p>Finaliz\u00f3 el Programa \u201cVerano ATR\u201d al que asist\u00edan diariamente 500 j\u00f3venes. Este viernes 5 de&#8230;<\/p>\n","protected":false},"author":1,"featured_media":134384,"comment_status":"closed","ping_status":"closed","sticky":false,"template":"","format":"standard","meta":{"content-type":""},"categories":[27,64],"tags":[],"nelio_content":{"isAutoShareEnabled":false,"autoShareEndMode":"default","automationSources":{"useContentSentences":true,"useSocialTemplates":true,"useCustomSentences":false,"customSentences":[]},"followers":[1],"suggestedReferences":[],"includedReferences":[],"efiUrl":"","efiAlt":"","highlights":[]},"yoast_head":"<!-- This site is optimized with the Yoast SEO plugin v20.7 - https:\/\/yoast.com\/wordpress\/plugins\/seo\/ -->\n<title>Finaliz\u00f3 el programa &quot;verano ATR&quot; al que asist\u00edan diariamente 500 j\u00f3venes<\/title>\n<meta name=\"description\" content=\"Finaliz\u00f3 el Programa \u201cVerano ATR\u201d al que asist\u00edan diariamente 500 j\u00f3venes, del Programa provincial a cargo de la Direcci\u00f3n General de Cultura.\" \/>\n<meta name=\"robots\" content=\"index, follow, max-snippet:-1, max-image-preview:large, max-video-preview:-1\" \/>\n<link rel=\"canonical\" href=\"https:\/\/experienciadevida.com.ar\/portalurbano\/finalizo-el-programa-verano-atr-al-que-asistian-diariamente-500-jovenes\/\" \/>\n<meta property=\"og:locale\" content=\"es_ES\" \/>\n<meta property=\"og:type\" content=\"article\" \/>\n<meta property=\"og:title\" content=\"Finaliz\u00f3 el programa &quot;verano ATR&quot; al que asist\u00edan diariamente 500 j\u00f3venes\" \/>\n<meta property=\"og:description\" content=\"Finaliz\u00f3 el Programa \u201cVerano ATR\u201d al que asist\u00edan diariamente 500 j\u00f3venes, del Programa provincial a cargo de la Direcci\u00f3n General de Cultura.\" \/>\n<meta property=\"og:url\" content=\"https:\/\/experienciadevida.com.ar\/portalurbano\/finalizo-el-programa-verano-atr-al-que-asistian-diariamente-500-jovenes\/\" \/>\n<meta property=\"article:publisher\" content=\"https:\/\/www.facebook.com\/Portal-Urbano-171542830093757\/\" \/>\n<meta property=\"article:published_time\" content=\"2021-02-05T17:22:24+00:00\" \/>\n<meta property=\"article:modified_time\" content=\"2021-02-05T17:25:38+00:00\" \/>\n<meta property=\"og:image\" content=\"https:\/\/experienciadevida.com.ar\/portalurbano\/wp-content\/uploads\/2021\/02\/Finalizo-el-Programa.jpg\" \/>\n\t<meta property=\"og:image:width\" content=\"1232\" \/>\n\t<meta property=\"og:image:height\" content=\"586\" \/>\n\t<meta property=\"og:image:type\" content=\"image\/jpeg\" \/>\n<meta name=\"author\" content=\"admpu17wp\" \/>\n<meta name=\"twitter:card\" content=\"summary_large_image\" \/>\n<meta name=\"twitter:creator\" content=\"@portalurbanook\" \/>\n<meta name=\"twitter:site\" content=\"@portalurbanook\" \/>\n<meta name=\"twitter:label1\" content=\"Escrito por\" \/>\n\t<meta name=\"twitter:data1\" content=\"admpu17wp\" \/>\n\t<meta name=\"twitter:label2\" content=\"Tiempo de lectura\" \/>\n\t<meta name=\"twitter:data2\" content=\"2 minutos\" \/>\n<script type=\"application\/ld+json\" class=\"yoast-schema-graph\">{\"@context\":\"https:\/\/schema.org\",\"@graph\":[{\"@type\":\"Article\",\"@id\":\"https:\/\/experienciadevida.com.ar\/portalurbano\/finalizo-el-programa-verano-atr-al-que-asistian-diariamente-500-jovenes\/#article\",\"isPartOf\":{\"@id\":\"https:\/\/experienciadevida.com.ar\/portalurbano\/finalizo-el-programa-verano-atr-al-que-asistian-diariamente-500-jovenes\/\"},\"author\":{\"name\":\"admpu17wp\",\"@id\":\"https:\/\/experienciadevida.com.ar\/portalurbano\/#\/schema\/person\/02dd326b1c4b056e9cc972486934a3a7\"},\"headline\":\"Finaliz\u00f3 el Programa \u201cVerano ATR\u201d al que asist\u00edan diariamente 500 j\u00f3venes\",\"datePublished\":\"2021-02-05T17:22:24+00:00\",\"dateModified\":\"2021-02-05T17:25:38+00:00\",\"mainEntityOfPage\":{\"@id\":\"https:\/\/experienciadevida.com.ar\/portalurbano\/finalizo-el-programa-verano-atr-al-que-asistian-diariamente-500-jovenes\/\"},\"wordCount\":347,\"publisher\":{\"@id\":\"https:\/\/experienciadevida.com.ar\/portalurbano\/#organization\"},\"articleSection\":[\"Ciudad\",\"Destacadas 2\"],\"inLanguage\":\"es\"},{\"@type\":\"WebPage\",\"@id\":\"https:\/\/experienciadevida.com.ar\/portalurbano\/finalizo-el-programa-verano-atr-al-que-asistian-diariamente-500-jovenes\/\",\"url\":\"https:\/\/experienciadevida.com.ar\/portalurbano\/finalizo-el-programa-verano-atr-al-que-asistian-diariamente-500-jovenes\/\",\"name\":\"Finaliz\u00f3 el programa \\\"verano ATR\\\" al que asist\u00edan diariamente 500 j\u00f3venes\",\"isPartOf\":{\"@id\":\"https:\/\/experienciadevida.com.ar\/portalurbano\/#website\"},\"datePublished\":\"2021-02-05T17:22:24+00:00\",\"dateModified\":\"2021-02-05T17:25:38+00:00\",\"description\":\"Finaliz\u00f3 el Programa \u201cVerano ATR\u201d al que asist\u00edan diariamente 500 j\u00f3venes, del Programa provincial a cargo de la Direcci\u00f3n General de Cultura.\",\"breadcrumb\":{\"@id\":\"https:\/\/experienciadevida.com.ar\/portalurbano\/finalizo-el-programa-verano-atr-al-que-asistian-diariamente-500-jovenes\/#breadcrumb\"},\"inLanguage\":\"es\",\"potentialAction\":[{\"@type\":\"ReadAction\",\"target\":[\"https:\/\/experienciadevida.com.ar\/portalurbano\/finalizo-el-programa-verano-atr-al-que-asistian-diariamente-500-jovenes\/\"]}]},{\"@type\":\"BreadcrumbList\",\"@id\":\"https:\/\/experienciadevida.com.ar\/portalurbano\/finalizo-el-programa-verano-atr-al-que-asistian-diariamente-500-jovenes\/#breadcrumb\",\"itemListElement\":[{\"@type\":\"ListItem\",\"position\":1,\"name\":\"Portada\",\"item\":\"https:\/\/experienciadevida.com.ar\/portalurbano\/\"},{\"@type\":\"ListItem\",\"position\":2,\"name\":\"Finaliz\u00f3 el Programa \u201cVerano ATR\u201d al que asist\u00edan diariamente 500 j\u00f3venes\"}]},{\"@type\":\"WebSite\",\"@id\":\"https:\/\/experienciadevida.com.ar\/portalurbano\/#website\",\"url\":\"https:\/\/experienciadevida.com.ar\/portalurbano\/\",\"name\":\"\",\"description\":\"\",\"publisher\":{\"@id\":\"https:\/\/experienciadevida.com.ar\/portalurbano\/#organization\"},\"potentialAction\":[{\"@type\":\"SearchAction\",\"target\":{\"@type\":\"EntryPoint\",\"urlTemplate\":\"https:\/\/experienciadevida.com.ar\/portalurbano\/?s={search_term_string}\"},\"query-input\":\"required name=search_term_string\"}],\"inLanguage\":\"es\"},{\"@type\":\"Organization\",\"@id\":\"https:\/\/experienciadevida.com.ar\/portalurbano\/#organization\",\"name\":\"Portal Urbano\",\"url\":\"https:\/\/experienciadevida.com.ar\/portalurbano\/\",\"logo\":{\"@type\":\"ImageObject\",\"inLanguage\":\"es\",\"@id\":\"https:\/\/experienciadevida.com.ar\/portalurbano\/#\/schema\/logo\/image\/\",\"url\":\"https:\/\/experienciadevida.com.ar\/portalurbano\/wp-content\/uploads\/2019\/09\/Logo-Original.png\",\"contentUrl\":\"https:\/\/experienciadevida.com.ar\/portalurbano\/wp-content\/uploads\/2019\/09\/Logo-Original.png\",\"width\":2236,\"height\":1216,\"caption\":\"Portal Urbano\"},\"image\":{\"@id\":\"https:\/\/experienciadevida.com.ar\/portalurbano\/#\/schema\/logo\/image\/\"},\"sameAs\":[\"https:\/\/www.facebook.com\/Portal-Urbano-171542830093757\/\",\"https:\/\/twitter.com\/portalurbanook\",\"https:\/\/www.instagram.com\/_portalurbano\/\",\"https:\/\/www.youtube.com\/channel\/UCXhagIfszH8KxFiOok79zbA?view_as=subscriber\"]},{\"@type\":\"Person\",\"@id\":\"https:\/\/experienciadevida.com.ar\/portalurbano\/#\/schema\/person\/02dd326b1c4b056e9cc972486934a3a7\",\"name\":\"admpu17wp\",\"image\":{\"@type\":\"ImageObject\",\"inLanguage\":\"es\",\"@id\":\"https:\/\/experienciadevida.com.ar\/portalurbano\/#\/schema\/person\/image\/\",\"url\":\"https:\/\/secure.gravatar.com\/avatar\/830d4c57adaae6630765e449a6908047?s=96&d=mm&r=g\",\"contentUrl\":\"https:\/\/secure.gravatar.com\/avatar\/830d4c57adaae6630765e449a6908047?s=96&d=mm&r=g\",\"caption\":\"admpu17wp\"}}]}<\/script>\n<!-- \/ Yoast SEO plugin. -->","yoast_head_json":{"title":"Finaliz\u00f3 el programa \"verano ATR\" al que asist\u00edan diariamente 500 j\u00f3venes","description":"Finaliz\u00f3 el Programa \u201cVerano ATR\u201d al que asist\u00edan diariamente 500 j\u00f3venes, del Programa provincial a cargo de la Direcci\u00f3n General de Cultura.","robots":{"index":"index","follow":"follow","max-snippet":"max-snippet:-1","max-image-preview":"max-image-preview:large","max-video-preview":"max-video-preview:-1"},"canonical":"https:\/\/experienciadevida.com.ar\/portalurbano\/finalizo-el-programa-verano-atr-al-que-asistian-diariamente-500-jovenes\/","og_locale":"es_ES","og_type":"article","og_title":"Finaliz\u00f3 el programa \"verano ATR\" al que asist\u00edan diariamente 500 j\u00f3venes","og_description":"Finaliz\u00f3 el Programa \u201cVerano ATR\u201d al que asist\u00edan diariamente 500 j\u00f3venes, del Programa provincial a cargo de la Direcci\u00f3n General de Cultura.","og_url":"https:\/\/experienciadevida.com.ar\/portalurbano\/finalizo-el-programa-verano-atr-al-que-asistian-diariamente-500-jovenes\/","article_publisher":"https:\/\/www.facebook.com\/Portal-Urbano-171542830093757\/","article_published_time":"2021-02-05T17:22:24+00:00","article_modified_time":"2021-02-05T17:25:38+00:00","og_image":[{"width":1232,"height":586,"url":"https:\/\/experienciadevida.com.ar\/portalurbano\/wp-content\/uploads\/2021\/02\/Finalizo-el-Programa.jpg","type":"image\/jpeg"}],"author":"admpu17wp","twitter_card":"summary_large_image","twitter_creator":"@portalurbanook","twitter_site":"@portalurbanook","twitter_misc":{"Escrito por":"admpu17wp","Tiempo de lectura":"2 minutos"},"schema":{"@context":"https:\/\/schema.org","@graph":[{"@type":"Article","@id":"https:\/\/experienciadevida.com.ar\/portalurbano\/finalizo-el-programa-verano-atr-al-que-asistian-diariamente-500-jovenes\/#article","isPartOf":{"@id":"https:\/\/experienciadevida.com.ar\/portalurbano\/finalizo-el-programa-verano-atr-al-que-asistian-diariamente-500-jovenes\/"},"author":{"name":"admpu17wp","@id":"https:\/\/experienciadevida.com.ar\/portalurbano\/#\/schema\/person\/02dd326b1c4b056e9cc972486934a3a7"},"headline":"Finaliz\u00f3 el Programa \u201cVerano ATR\u201d al que asist\u00edan diariamente 500 j\u00f3venes","datePublished":"2021-02-05T17:22:24+00:00","dateModified":"2021-02-05T17:25:38+00:00","mainEntityOfPage":{"@id":"https:\/\/experienciadevida.com.ar\/portalurbano\/finalizo-el-programa-verano-atr-al-que-asistian-diariamente-500-jovenes\/"},"wordCount":347,"publisher":{"@id":"https:\/\/experienciadevida.com.ar\/portalurbano\/#organization"},"articleSection":["Ciudad","Destacadas 2"],"inLanguage":"es"},{"@type":"WebPage","@id":"https:\/\/experienciadevida.com.ar\/portalurbano\/finalizo-el-programa-verano-atr-al-que-asistian-diariamente-500-jovenes\/","url":"https:\/\/experienciadevida.com.ar\/portalurbano\/finalizo-el-programa-verano-atr-al-que-asistian-diariamente-500-jovenes\/","name":"Finaliz\u00f3 el programa \"verano ATR\" al que asist\u00edan diariamente 500 j\u00f3venes","isPartOf":{"@id":"https:\/\/experienciadevida.com.ar\/portalurbano\/#website"},"datePublished":"2021-02-05T17:22:24+00:00","dateModified":"2021-02-05T17:25:38+00:00","description":"Finaliz\u00f3 el Programa \u201cVerano ATR\u201d al que asist\u00edan diariamente 500 j\u00f3venes, del Programa provincial a cargo de la Direcci\u00f3n General de Cultura.","breadcrumb":{"@id":"https:\/\/experienciadevida.com.ar\/portalurbano\/finalizo-el-programa-verano-atr-al-que-asistian-diariamente-500-jovenes\/#breadcrumb"},"inLanguage":"es","potentialAction":[{"@type":"ReadAction","target":["https:\/\/experienciadevida.com.ar\/portalurbano\/finalizo-el-programa-verano-atr-al-que-asistian-diariamente-500-jovenes\/"]}]},{"@type":"BreadcrumbList","@id":"https:\/\/experienciadevida.com.ar\/portalurbano\/finalizo-el-programa-verano-atr-al-que-asistian-diariamente-500-jovenes\/#breadcrumb","itemListElement":[{"@type":"ListItem","position":1,"name":"Portada","item":"https:\/\/experienciadevida.com.ar\/portalurbano\/"},{"@type":"ListItem","position":2,"name":"Finaliz\u00f3 el Programa \u201cVerano ATR\u201d al que asist\u00edan diariamente 500 j\u00f3venes"}]},{"@type":"WebSite","@id":"https:\/\/experienciadevida.com.ar\/portalurbano\/#website","url":"https:\/\/experienciadevida.com.ar\/portalurbano\/","name":"","description":"","publisher":{"@id":"https:\/\/experienciadevida.com.ar\/portalurbano\/#organization"},"potentialAction":[{"@type":"SearchAction","target":{"@type":"EntryPoint","urlTemplate":"https:\/\/experienciadevida.com.ar\/portalurbano\/?s={search_term_string}"},"query-input":"required name=search_term_string"}],"inLanguage":"es"},{"@type":"Organization","@id":"https:\/\/experienciadevida.com.ar\/portalurbano\/#organization","name":"Portal Urbano","url":"https:\/\/experienciadevida.com.ar\/portalurbano\/","logo":{"@type":"ImageObject","inLanguage":"es","@id":"https:\/\/experienciadevida.com.ar\/portalurbano\/#\/schema\/logo\/image\/","url":"https:\/\/experienciadevida.com.ar\/portalurbano\/wp-content\/uploads\/2019\/09\/Logo-Original.png","contentUrl":"https:\/\/experienciadevida.com.ar\/portalurbano\/wp-content\/uploads\/2019\/09\/Logo-Original.png","width":2236,"height":1216,"caption":"Portal Urbano"},"image":{"@id":"https:\/\/experienciadevida.com.ar\/portalurbano\/#\/schema\/logo\/image\/"},"sameAs":["https:\/\/www.facebook.com\/Portal-Urbano-171542830093757\/","https:\/\/twitter.com\/portalurbanook","https:\/\/www.instagram.com\/_portalurbano\/","https:\/\/www.youtube.com\/channel\/UCXhagIfszH8KxFiOok79zbA?view_as=subscriber"]},{"@type":"Person","@id":"https:\/\/experienciadevida.com.ar\/portalurbano\/#\/schema\/person\/02dd326b1c4b056e9cc972486934a3a7","name":"admpu17wp","image":{"@type":"ImageObject","inLanguage":"es","@id":"https:\/\/experienciadevida.com.ar\/portalurbano\/#\/schema\/person\/image\/","url":"https:\/\/secure.gravatar.com\/avatar\/830d4c57adaae6630765e449a6908047?s=96&d=mm&r=g","contentUrl":"https:\/\/secure.gravatar.com\/avatar\/830d4c57adaae6630765e449a6908047?s=96&d=mm&r=g","caption":"admpu17wp"}}]}},"featured_image_urls":{"full":["https:\/\/experienciadevida.com.ar\/portalurbano\/wp-content\/uploads\/2021\/02\/Finalizo-el-Programa.jpg",1232,586,false],"thumbnail":["https:\/\/experienciadevida.com.ar\/portalurbano\/wp-content\/uploads\/2021\/02\/Finalizo-el-Programa-150x150.jpg",150,150,true],"medium":["https:\/\/experienciadevida.com.ar\/portalurbano\/wp-content\/uploads\/2021\/02\/Finalizo-el-Programa-300x143.jpg",300,143,true],"medium_large":["https:\/\/experienciadevida.com.ar\/portalurbano\/wp-content\/uploads\/2021\/02\/Finalizo-el-Programa-768x365.jpg",640,304,true],"large":["https:\/\/experienciadevida.com.ar\/portalurbano\/wp-content\/uploads\/2021\/02\/Finalizo-el-Programa-1024x487.jpg",640,304,true],"ug_big":["https:\/\/experienciadevida.com.ar\/portalurbano\/wp-content\/uploads\/2021\/02\/Finalizo-el-Programa-768x365.jpg",768,365,true],"1536x1536":["https:\/\/experienciadevida.com.ar\/portalurbano\/wp-content\/uploads\/2021\/02\/Finalizo-el-Programa.jpg",1232,586,false],"2048x2048":["https:\/\/experienciadevida.com.ar\/portalurbano\/wp-content\/uploads\/2021\/02\/Finalizo-el-Programa.jpg",1232,586,false],"newsever-slider-full":["https:\/\/experienciadevida.com.ar\/portalurbano\/wp-content\/uploads\/2021\/02\/Finalizo-el-Programa.jpg",1232,586,false],"newsever-featured":["https:\/\/experienciadevida.com.ar\/portalurbano\/wp-content\/uploads\/2021\/02\/Finalizo-el-Programa.jpg",1024,487,false],"newsever-medium":["https:\/\/experienciadevida.com.ar\/portalurbano\/wp-content\/uploads\/2021\/02\/Finalizo-el-Programa.jpg",720,342,false],"web-stories-poster-portrait":["https:\/\/experienciadevida.com.ar\/portalurbano\/wp-content\/uploads\/2021\/02\/Finalizo-el-Programa.jpg",640,304,false],"web-stories-publisher-logo":["https:\/\/experienciadevida.com.ar\/portalurbano\/wp-content\/uploads\/2021\/02\/Finalizo-el-Programa.jpg",96,46,false],"web-stories-thumbnail":["https:\/\/experienciadevida.com.ar\/portalurbano\/wp-content\/uploads\/2021\/02\/Finalizo-el-Programa.jpg",150,71,false]},"author_info":{"display_name":"admpu17wp","author_link":"https:\/\/experienciadevida.com.ar\/portalurbano\/author\/admpu17wp\/"},"category_info":"<a href=\"https:\/\/experienciadevida.com.ar\/portalurbano\/category\/ciudad\/\" rel=\"category tag\">Ciudad<\/a> <a href=\"https:\/\/experienciadevida.com.ar\/portalurbano\/category\/destacadas-2\/\" rel=\"category tag\">Destacadas 2<\/a>","tag_info":"Destacadas 2","comment_count":"0","amp_enabled":true,"_links":{"self":[{"href":"https:\/\/experienciadevida.com.ar\/portalurbano\/wp-json\/wp\/v2\/posts\/134382"}],"collection":[{"href":"https:\/\/experienciadevida.com.ar\/portalurbano\/wp-json\/wp\/v2\/posts"}],"about":[{"href":"https:\/\/experienciadevida.com.ar\/portalurbano\/wp-json\/wp\/v2\/types\/post"}],"author":[{"embeddable":true,"href":"https:\/\/experienciadevida.com.ar\/portalurbano\/wp-json\/wp\/v2\/users\/1"}],"replies":[{"embeddable":true,"href":"https:\/\/experienciadevida.com.ar\/portalurbano\/wp-json\/wp\/v2\/comments?post=134382"}],"version-history":[{"count":3,"href":"https:\/\/experienciadevida.com.ar\/portalurbano\/wp-json\/wp\/v2\/posts\/134382\/revisions"}],"predecessor-version":[{"id":134390,"href":"https:\/\/experienciadevida.com.ar\/portalurbano\/wp-json\/wp\/v2\/posts\/134382\/revisions\/134390"}],"wp:featuredmedia":[{"embeddable":true,"href":"https:\/\/experienciadevida.com.ar\/portalurbano\/wp-json\/wp\/v2\/media\/134384"}],"wp:attachment":[{"href":"https:\/\/experienciadevida.com.ar\/portalurbano\/wp-json\/wp\/v2\/media?parent=134382"}],"wp:term":[{"taxonomy":"category","embeddable":true,"href":"https:\/\/experienciadevida.com.ar\/portalurbano\/wp-json\/wp\/v2\/categories?post=134382"},{"taxonomy":"post_tag","embeddable":true,"href":"https:\/\/experienciadevida.com.ar\/portalurbano\/wp-json\/wp\/v2\/tags?post=134382"}],"curies":[{"name":"wp","href":"https:\/\/api.w.org\/{rel}","templated":true}]}}