{"id":134329,"date":"2021-02-04T15:19:49","date_gmt":"2021-02-04T18:19:49","guid":{"rendered":"https:\/\/experienciadevida.com.ar\/portalurbano\/?p=134329"},"modified":"2021-02-04T15:37:43","modified_gmt":"2021-02-04T18:37:43","slug":"plan-de-obras-se-realizo-el-montaje-de-una-nueva-subestacion-transformadora-en-el-b-villa-aurora","status":"publish","type":"post","link":"https:\/\/experienciadevida.com.ar\/portalurbano\/plan-de-obras-se-realizo-el-montaje-de-una-nueva-subestacion-transformadora-en-el-b-villa-aurora\/","title":{"rendered":"Plan de obras: Se realiz\u00f3 el montaje de una nueva subestaci\u00f3n transformadora en el B\u00b0 Villa Aurora"},"content":{"rendered":"<p>En el marco del Plan de Obras Anual de Coopelectric, se realiz\u00f3 el montaje de una nueva Subestaci\u00f3n Transformadora en el barrio Villa Aurora, que permitir\u00e1 mantener los est\u00e1ndares de calidad del Servicio El\u00e9ctrico frente al importante crecimiento de viviendas en el sector.<\/p>\n<p>La nueva Subestaci\u00f3n en el marco del plan de obras, se ubica en Av. Pueyrred\u00f3n entre Los gladiolos y Betty Roca de Schwindt, y cuenta con una capacidad instalada de 315 KVA.<\/p>\n<p>Continuando con el plan de obras proyectadas, el personal operativo ya se encuentra trabajando en este mismo sector sobre la readecuaci\u00f3n de los circuitos de Baja Tensi\u00f3n, lo cual tambi\u00e9n contribuir\u00e1 a la eficiencia y calidad del Servicio.<\/p>\n<p>Para poder avanzar con las tareas de reconfiguraci\u00f3n de las l\u00edneas de Villa Aurora, durante las pr\u00f3ximas semanas deber\u00e1n programarse interrupciones del suministro, las cuales ser\u00e1n informadas con antelaci\u00f3n.<\/p>\n<p><a href=\"https:\/\/experienciadevida.com.ar\/portalurbano\/plan-de-obras-se-realizo-el-montaje-de-una-nueva-subestacion-transformadora-en-el-b-villa-aurora\/plan-4\/\" rel=\"attachment wp-att-134334\"><img decoding=\"async\" class=\"alignnone size-full wp-image-134334\" src=\"https:\/\/experienciadevida.com.ar\/portalurbano\/wp-content\/uploads\/2021\/02\/plan.jpg\" alt=\"plan\" width=\"1024\" height=\"768\" srcset=\"https:\/\/experienciadevida.com.ar\/portalurbano\/wp-content\/uploads\/2021\/02\/plan.jpg 1024w, https:\/\/experienciadevida.com.ar\/portalurbano\/wp-content\/uploads\/2021\/02\/plan-300x225.jpg 300w, https:\/\/experienciadevida.com.ar\/portalurbano\/wp-content\/uploads\/2021\/02\/plan-768x576.jpg 768w\" sizes=\"(max-width: 1024px) 100vw, 1024px\" \/><\/a><\/p>\n<p><a href=\"https:\/\/experienciadevida.com.ar\/portalurbano\/plan-de-obras-se-realizo-el-montaje-de-una-nueva-subestacion-transformadora-en-el-b-villa-aurora\/obras-62\/\" rel=\"attachment wp-att-134335\"><img decoding=\"async\" class=\"alignnone size-full wp-image-134335\" src=\"https:\/\/experienciadevida.com.ar\/portalurbano\/wp-content\/uploads\/2021\/02\/Obras.jpg\" alt=\"obras \" width=\"1024\" height=\"768\" srcset=\"https:\/\/experienciadevida.com.ar\/portalurbano\/wp-content\/uploads\/2021\/02\/Obras.jpg 1024w, https:\/\/experienciadevida.com.ar\/portalurbano\/wp-content\/uploads\/2021\/02\/Obras-300x225.jpg 300w, https:\/\/experienciadevida.com.ar\/portalurbano\/wp-content\/uploads\/2021\/02\/Obras-768x576.jpg 768w\" sizes=\"(max-width: 1024px) 100vw, 1024px\" \/><\/a><\/p>\n","protected":false},"excerpt":{"rendered":"<p>En el marco del Plan de Obras Anual de Coopelectric, se realiz\u00f3 el montaje de&#8230;<\/p>\n","protected":false},"author":1,"featured_media":134330,"comment_status":"closed","ping_status":"closed","sticky":false,"template":"","format":"standard","meta":{"content-type":""},"categories":[27,51],"tags":[],"nelio_content":{"isAutoShareEnabled":false,"autoShareEndMode":"default","automationSources":{"useContentSentences":true,"useSocialTemplates":true,"useCustomSentences":false,"customSentences":[]},"followers":[1],"suggestedReferences":[],"includedReferences":[],"efiUrl":"","efiAlt":"","highlights":[]},"yoast_head":"<!-- This site is optimized with the Yoast SEO plugin v20.7 - https:\/\/yoast.com\/wordpress\/plugins\/seo\/ -->\n<title>Plan de obras: se realiz\u00f3 el montaje de una nueva subestaci\u00f3n<\/title>\n<meta name=\"description\" content=\"En el marco del Plan de Obras Anual de Coopelectric, se realiz\u00f3 el montaje de una nueva Subestaci\u00f3n Transformadora en el barrio Villa Aurora,\" \/>\n<meta name=\"robots\" content=\"index, follow, max-snippet:-1, max-image-preview:large, max-video-preview:-1\" \/>\n<link rel=\"canonical\" href=\"https:\/\/experienciadevida.com.ar\/portalurbano\/plan-de-obras-se-realizo-el-montaje-de-una-nueva-subestacion-transformadora-en-el-b-villa-aurora\/\" \/>\n<meta property=\"og:locale\" content=\"es_ES\" \/>\n<meta property=\"og:type\" content=\"article\" \/>\n<meta property=\"og:title\" content=\"Plan de obras: se realiz\u00f3 el montaje de una nueva subestaci\u00f3n\" \/>\n<meta property=\"og:description\" content=\"En el marco del Plan de Obras Anual de Coopelectric, se realiz\u00f3 el montaje de una nueva Subestaci\u00f3n Transformadora en el barrio Villa Aurora,\" \/>\n<meta property=\"og:url\" content=\"https:\/\/experienciadevida.com.ar\/portalurbano\/plan-de-obras-se-realizo-el-montaje-de-una-nueva-subestacion-transformadora-en-el-b-villa-aurora\/\" \/>\n<meta property=\"article:publisher\" content=\"https:\/\/www.facebook.com\/Portal-Urbano-171542830093757\/\" \/>\n<meta property=\"article:published_time\" content=\"2021-02-04T18:19:49+00:00\" \/>\n<meta property=\"article:modified_time\" content=\"2021-02-04T18:37:43+00:00\" \/>\n<meta property=\"og:image\" content=\"https:\/\/experienciadevida.com.ar\/portalurbano\/wp-content\/uploads\/2021\/02\/Nueva-SET-Villa-Aurora-01.jpg\" \/>\n\t<meta property=\"og:image:width\" content=\"1024\" \/>\n\t<meta property=\"og:image:height\" content=\"768\" \/>\n\t<meta property=\"og:image:type\" content=\"image\/jpeg\" \/>\n<meta name=\"author\" content=\"admpu17wp\" \/>\n<meta name=\"twitter:card\" content=\"summary_large_image\" \/>\n<meta name=\"twitter:creator\" content=\"@portalurbanook\" \/>\n<meta name=\"twitter:site\" content=\"@portalurbanook\" \/>\n<meta name=\"twitter:label1\" content=\"Escrito por\" \/>\n\t<meta name=\"twitter:data1\" content=\"admpu17wp\" \/>\n\t<meta name=\"twitter:label2\" content=\"Tiempo de lectura\" \/>\n\t<meta name=\"twitter:data2\" content=\"2 minutos\" \/>\n<script type=\"application\/ld+json\" class=\"yoast-schema-graph\">{\"@context\":\"https:\/\/schema.org\",\"@graph\":[{\"@type\":\"Article\",\"@id\":\"https:\/\/experienciadevida.com.ar\/portalurbano\/plan-de-obras-se-realizo-el-montaje-de-una-nueva-subestacion-transformadora-en-el-b-villa-aurora\/#article\",\"isPartOf\":{\"@id\":\"https:\/\/experienciadevida.com.ar\/portalurbano\/plan-de-obras-se-realizo-el-montaje-de-una-nueva-subestacion-transformadora-en-el-b-villa-aurora\/\"},\"author\":{\"name\":\"admpu17wp\",\"@id\":\"https:\/\/experienciadevida.com.ar\/portalurbano\/#\/schema\/person\/02dd326b1c4b056e9cc972486934a3a7\"},\"headline\":\"Plan de obras: Se realiz\u00f3 el montaje de una nueva subestaci\u00f3n transformadora en el B\u00b0 Villa Aurora\",\"datePublished\":\"2021-02-04T18:19:49+00:00\",\"dateModified\":\"2021-02-04T18:37:43+00:00\",\"mainEntityOfPage\":{\"@id\":\"https:\/\/experienciadevida.com.ar\/portalurbano\/plan-de-obras-se-realizo-el-montaje-de-una-nueva-subestacion-transformadora-en-el-b-villa-aurora\/\"},\"wordCount\":173,\"publisher\":{\"@id\":\"https:\/\/experienciadevida.com.ar\/portalurbano\/#organization\"},\"articleSection\":[\"Ciudad\",\"Destacadas\"],\"inLanguage\":\"es\"},{\"@type\":\"WebPage\",\"@id\":\"https:\/\/experienciadevida.com.ar\/portalurbano\/plan-de-obras-se-realizo-el-montaje-de-una-nueva-subestacion-transformadora-en-el-b-villa-aurora\/\",\"url\":\"https:\/\/experienciadevida.com.ar\/portalurbano\/plan-de-obras-se-realizo-el-montaje-de-una-nueva-subestacion-transformadora-en-el-b-villa-aurora\/\",\"name\":\"Plan de obras: se realiz\u00f3 el montaje de una nueva subestaci\u00f3n\",\"isPartOf\":{\"@id\":\"https:\/\/experienciadevida.com.ar\/portalurbano\/#website\"},\"datePublished\":\"2021-02-04T18:19:49+00:00\",\"dateModified\":\"2021-02-04T18:37:43+00:00\",\"description\":\"En el marco del Plan de Obras Anual de Coopelectric, se realiz\u00f3 el montaje de una nueva Subestaci\u00f3n Transformadora en el barrio Villa Aurora,\",\"breadcrumb\":{\"@id\":\"https:\/\/experienciadevida.com.ar\/portalurbano\/plan-de-obras-se-realizo-el-montaje-de-una-nueva-subestacion-transformadora-en-el-b-villa-aurora\/#breadcrumb\"},\"inLanguage\":\"es\",\"potentialAction\":[{\"@type\":\"ReadAction\",\"target\":[\"https:\/\/experienciadevida.com.ar\/portalurbano\/plan-de-obras-se-realizo-el-montaje-de-una-nueva-subestacion-transformadora-en-el-b-villa-aurora\/\"]}]},{\"@type\":\"BreadcrumbList\",\"@id\":\"https:\/\/experienciadevida.com.ar\/portalurbano\/plan-de-obras-se-realizo-el-montaje-de-una-nueva-subestacion-transformadora-en-el-b-villa-aurora\/#breadcrumb\",\"itemListElement\":[{\"@type\":\"ListItem\",\"position\":1,\"name\":\"Portada\",\"item\":\"https:\/\/experienciadevida.com.ar\/portalurbano\/\"},{\"@type\":\"ListItem\",\"position\":2,\"name\":\"Plan de obras: Se realiz\u00f3 el montaje de una nueva subestaci\u00f3n transformadora en el B\u00b0 Villa Aurora\"}]},{\"@type\":\"WebSite\",\"@id\":\"https:\/\/experienciadevida.com.ar\/portalurbano\/#website\",\"url\":\"https:\/\/experienciadevida.com.ar\/portalurbano\/\",\"name\":\"\",\"description\":\"\",\"publisher\":{\"@id\":\"https:\/\/experienciadevida.com.ar\/portalurbano\/#organization\"},\"potentialAction\":[{\"@type\":\"SearchAction\",\"target\":{\"@type\":\"EntryPoint\",\"urlTemplate\":\"https:\/\/experienciadevida.com.ar\/portalurbano\/?s={search_term_string}\"},\"query-input\":\"required name=search_term_string\"}],\"inLanguage\":\"es\"},{\"@type\":\"Organization\",\"@id\":\"https:\/\/experienciadevida.com.ar\/portalurbano\/#organization\",\"name\":\"Portal Urbano\",\"url\":\"https:\/\/experienciadevida.com.ar\/portalurbano\/\",\"logo\":{\"@type\":\"ImageObject\",\"inLanguage\":\"es\",\"@id\":\"https:\/\/experienciadevida.com.ar\/portalurbano\/#\/schema\/logo\/image\/\",\"url\":\"https:\/\/experienciadevida.com.ar\/portalurbano\/wp-content\/uploads\/2019\/09\/Logo-Original.png\",\"contentUrl\":\"https:\/\/experienciadevida.com.ar\/portalurbano\/wp-content\/uploads\/2019\/09\/Logo-Original.png\",\"width\":2236,\"height\":1216,\"caption\":\"Portal Urbano\"},\"image\":{\"@id\":\"https:\/\/experienciadevida.com.ar\/portalurbano\/#\/schema\/logo\/image\/\"},\"sameAs\":[\"https:\/\/www.facebook.com\/Portal-Urbano-171542830093757\/\",\"https:\/\/twitter.com\/portalurbanook\",\"https:\/\/www.instagram.com\/_portalurbano\/\",\"https:\/\/www.youtube.com\/channel\/UCXhagIfszH8KxFiOok79zbA?view_as=subscriber\"]},{\"@type\":\"Person\",\"@id\":\"https:\/\/experienciadevida.com.ar\/portalurbano\/#\/schema\/person\/02dd326b1c4b056e9cc972486934a3a7\",\"name\":\"admpu17wp\",\"image\":{\"@type\":\"ImageObject\",\"inLanguage\":\"es\",\"@id\":\"https:\/\/experienciadevida.com.ar\/portalurbano\/#\/schema\/person\/image\/\",\"url\":\"https:\/\/secure.gravatar.com\/avatar\/830d4c57adaae6630765e449a6908047?s=96&d=mm&r=g\",\"contentUrl\":\"https:\/\/secure.gravatar.com\/avatar\/830d4c57adaae6630765e449a6908047?s=96&d=mm&r=g\",\"caption\":\"admpu17wp\"}}]}<\/script>\n<!-- \/ Yoast SEO plugin. -->","yoast_head_json":{"title":"Plan de obras: se realiz\u00f3 el montaje de una nueva subestaci\u00f3n","description":"En el marco del Plan de Obras Anual de Coopelectric, se realiz\u00f3 el montaje de una nueva Subestaci\u00f3n Transformadora en el barrio Villa Aurora,","robots":{"index":"index","follow":"follow","max-snippet":"max-snippet:-1","max-image-preview":"max-image-preview:large","max-video-preview":"max-video-preview:-1"},"canonical":"https:\/\/experienciadevida.com.ar\/portalurbano\/plan-de-obras-se-realizo-el-montaje-de-una-nueva-subestacion-transformadora-en-el-b-villa-aurora\/","og_locale":"es_ES","og_type":"article","og_title":"Plan de obras: se realiz\u00f3 el montaje de una nueva subestaci\u00f3n","og_description":"En el marco del Plan de Obras Anual de Coopelectric, se realiz\u00f3 el montaje de una nueva Subestaci\u00f3n Transformadora en el barrio Villa Aurora,","og_url":"https:\/\/experienciadevida.com.ar\/portalurbano\/plan-de-obras-se-realizo-el-montaje-de-una-nueva-subestacion-transformadora-en-el-b-villa-aurora\/","article_publisher":"https:\/\/www.facebook.com\/Portal-Urbano-171542830093757\/","article_published_time":"2021-02-04T18:19:49+00:00","article_modified_time":"2021-02-04T18:37:43+00:00","og_image":[{"width":1024,"height":768,"url":"https:\/\/experienciadevida.com.ar\/portalurbano\/wp-content\/uploads\/2021\/02\/Nueva-SET-Villa-Aurora-01.jpg","type":"image\/jpeg"}],"author":"admpu17wp","twitter_card":"summary_large_image","twitter_creator":"@portalurbanook","twitter_site":"@portalurbanook","twitter_misc":{"Escrito por":"admpu17wp","Tiempo de lectura":"2 minutos"},"schema":{"@context":"https:\/\/schema.org","@graph":[{"@type":"Article","@id":"https:\/\/experienciadevida.com.ar\/portalurbano\/plan-de-obras-se-realizo-el-montaje-de-una-nueva-subestacion-transformadora-en-el-b-villa-aurora\/#article","isPartOf":{"@id":"https:\/\/experienciadevida.com.ar\/portalurbano\/plan-de-obras-se-realizo-el-montaje-de-una-nueva-subestacion-transformadora-en-el-b-villa-aurora\/"},"author":{"name":"admpu17wp","@id":"https:\/\/experienciadevida.com.ar\/portalurbano\/#\/schema\/person\/02dd326b1c4b056e9cc972486934a3a7"},"headline":"Plan de obras: Se realiz\u00f3 el montaje de una nueva subestaci\u00f3n transformadora en el B\u00b0 Villa Aurora","datePublished":"2021-02-04T18:19:49+00:00","dateModified":"2021-02-04T18:37:43+00:00","mainEntityOfPage":{"@id":"https:\/\/experienciadevida.com.ar\/portalurbano\/plan-de-obras-se-realizo-el-montaje-de-una-nueva-subestacion-transformadora-en-el-b-villa-aurora\/"},"wordCount":173,"publisher":{"@id":"https:\/\/experienciadevida.com.ar\/portalurbano\/#organization"},"articleSection":["Ciudad","Destacadas"],"inLanguage":"es"},{"@type":"WebPage","@id":"https:\/\/experienciadevida.com.ar\/portalurbano\/plan-de-obras-se-realizo-el-montaje-de-una-nueva-subestacion-transformadora-en-el-b-villa-aurora\/","url":"https:\/\/experienciadevida.com.ar\/portalurbano\/plan-de-obras-se-realizo-el-montaje-de-una-nueva-subestacion-transformadora-en-el-b-villa-aurora\/","name":"Plan de obras: se realiz\u00f3 el montaje de una nueva subestaci\u00f3n","isPartOf":{"@id":"https:\/\/experienciadevida.com.ar\/portalurbano\/#website"},"datePublished":"2021-02-04T18:19:49+00:00","dateModified":"2021-02-04T18:37:43+00:00","description":"En el marco del Plan de Obras Anual de Coopelectric, se realiz\u00f3 el montaje de una nueva Subestaci\u00f3n Transformadora en el barrio Villa Aurora,","breadcrumb":{"@id":"https:\/\/experienciadevida.com.ar\/portalurbano\/plan-de-obras-se-realizo-el-montaje-de-una-nueva-subestacion-transformadora-en-el-b-villa-aurora\/#breadcrumb"},"inLanguage":"es","potentialAction":[{"@type":"ReadAction","target":["https:\/\/experienciadevida.com.ar\/portalurbano\/plan-de-obras-se-realizo-el-montaje-de-una-nueva-subestacion-transformadora-en-el-b-villa-aurora\/"]}]},{"@type":"BreadcrumbList","@id":"https:\/\/experienciadevida.com.ar\/portalurbano\/plan-de-obras-se-realizo-el-montaje-de-una-nueva-subestacion-transformadora-en-el-b-villa-aurora\/#breadcrumb","itemListElement":[{"@type":"ListItem","position":1,"name":"Portada","item":"https:\/\/experienciadevida.com.ar\/portalurbano\/"},{"@type":"ListItem","position":2,"name":"Plan de obras: Se realiz\u00f3 el montaje de una nueva subestaci\u00f3n transformadora en el B\u00b0 Villa Aurora"}]},{"@type":"WebSite","@id":"https:\/\/experienciadevida.com.ar\/portalurbano\/#website","url":"https:\/\/experienciadevida.com.ar\/portalurbano\/","name":"","description":"","publisher":{"@id":"https:\/\/experienciadevida.com.ar\/portalurbano\/#organization"},"potentialAction":[{"@type":"SearchAction","target":{"@type":"EntryPoint","urlTemplate":"https:\/\/experienciadevida.com.ar\/portalurbano\/?s={search_term_string}"},"query-input":"required name=search_term_string"}],"inLanguage":"es"},{"@type":"Organization","@id":"https:\/\/experienciadevida.com.ar\/portalurbano\/#organization","name":"Portal Urbano","url":"https:\/\/experienciadevida.com.ar\/portalurbano\/","logo":{"@type":"ImageObject","inLanguage":"es","@id":"https:\/\/experienciadevida.com.ar\/portalurbano\/#\/schema\/logo\/image\/","url":"https:\/\/experienciadevida.com.ar\/portalurbano\/wp-content\/uploads\/2019\/09\/Logo-Original.png","contentUrl":"https:\/\/experienciadevida.com.ar\/portalurbano\/wp-content\/uploads\/2019\/09\/Logo-Original.png","width":2236,"height":1216,"caption":"Portal Urbano"},"image":{"@id":"https:\/\/experienciadevida.com.ar\/portalurbano\/#\/schema\/logo\/image\/"},"sameAs":["https:\/\/www.facebook.com\/Portal-Urbano-171542830093757\/","https:\/\/twitter.com\/portalurbanook","https:\/\/www.instagram.com\/_portalurbano\/","https:\/\/www.youtube.com\/channel\/UCXhagIfszH8KxFiOok79zbA?view_as=subscriber"]},{"@type":"Person","@id":"https:\/\/experienciadevida.com.ar\/portalurbano\/#\/schema\/person\/02dd326b1c4b056e9cc972486934a3a7","name":"admpu17wp","image":{"@type":"ImageObject","inLanguage":"es","@id":"https:\/\/experienciadevida.com.ar\/portalurbano\/#\/schema\/person\/image\/","url":"https:\/\/secure.gravatar.com\/avatar\/830d4c57adaae6630765e449a6908047?s=96&d=mm&r=g","contentUrl":"https:\/\/secure.gravatar.com\/avatar\/830d4c57adaae6630765e449a6908047?s=96&d=mm&r=g","caption":"admpu17wp"}}]}},"featured_image_urls":{"full":["https:\/\/experienciadevida.com.ar\/portalurbano\/wp-content\/uploads\/2021\/02\/Nueva-SET-Villa-Aurora-01.jpg",1024,768,false],"thumbnail":["https:\/\/experienciadevida.com.ar\/portalurbano\/wp-content\/uploads\/2021\/02\/Nueva-SET-Villa-Aurora-01-150x150.jpg",150,150,true],"medium":["https:\/\/experienciadevida.com.ar\/portalurbano\/wp-content\/uploads\/2021\/02\/Nueva-SET-Villa-Aurora-01-300x225.jpg",300,225,true],"medium_large":["https:\/\/experienciadevida.com.ar\/portalurbano\/wp-content\/uploads\/2021\/02\/Nueva-SET-Villa-Aurora-01-768x576.jpg",640,480,true],"large":["https:\/\/experienciadevida.com.ar\/portalurbano\/wp-content\/uploads\/2021\/02\/Nueva-SET-Villa-Aurora-01.jpg",640,480,false],"ug_big":["https:\/\/experienciadevida.com.ar\/portalurbano\/wp-content\/uploads\/2021\/02\/Nueva-SET-Villa-Aurora-01-768x576.jpg",768,576,true],"1536x1536":["https:\/\/experienciadevida.com.ar\/portalurbano\/wp-content\/uploads\/2021\/02\/Nueva-SET-Villa-Aurora-01.jpg",1024,768,false],"2048x2048":["https:\/\/experienciadevida.com.ar\/portalurbano\/wp-content\/uploads\/2021\/02\/Nueva-SET-Villa-Aurora-01.jpg",1024,768,false],"newsever-slider-full":["https:\/\/experienciadevida.com.ar\/portalurbano\/wp-content\/uploads\/2021\/02\/Nueva-SET-Villa-Aurora-01.jpg",1024,768,false],"newsever-featured":["https:\/\/experienciadevida.com.ar\/portalurbano\/wp-content\/uploads\/2021\/02\/Nueva-SET-Villa-Aurora-01.jpg",1024,768,false],"newsever-medium":["https:\/\/experienciadevida.com.ar\/portalurbano\/wp-content\/uploads\/2021\/02\/Nueva-SET-Villa-Aurora-01.jpg",633,475,false],"web-stories-poster-portrait":["https:\/\/experienciadevida.com.ar\/portalurbano\/wp-content\/uploads\/2021\/02\/Nueva-SET-Villa-Aurora-01.jpg",640,480,false],"web-stories-publisher-logo":["https:\/\/experienciadevida.com.ar\/portalurbano\/wp-content\/uploads\/2021\/02\/Nueva-SET-Villa-Aurora-01.jpg",96,72,false],"web-stories-thumbnail":["https:\/\/experienciadevida.com.ar\/portalurbano\/wp-content\/uploads\/2021\/02\/Nueva-SET-Villa-Aurora-01.jpg",150,113,false]},"author_info":{"display_name":"admpu17wp","author_link":"https:\/\/experienciadevida.com.ar\/portalurbano\/author\/admpu17wp\/"},"category_info":"<a href=\"https:\/\/experienciadevida.com.ar\/portalurbano\/category\/ciudad\/\" rel=\"category tag\">Ciudad<\/a> <a href=\"https:\/\/experienciadevida.com.ar\/portalurbano\/category\/destacadas\/\" rel=\"category tag\">Destacadas<\/a>","tag_info":"Destacadas","comment_count":"0","amp_enabled":true,"_links":{"self":[{"href":"https:\/\/experienciadevida.com.ar\/portalurbano\/wp-json\/wp\/v2\/posts\/134329"}],"collection":[{"href":"https:\/\/experienciadevida.com.ar\/portalurbano\/wp-json\/wp\/v2\/posts"}],"about":[{"href":"https:\/\/experienciadevida.com.ar\/portalurbano\/wp-json\/wp\/v2\/types\/post"}],"author":[{"embeddable":true,"href":"https:\/\/experienciadevida.com.ar\/portalurbano\/wp-json\/wp\/v2\/users\/1"}],"replies":[{"embeddable":true,"href":"https:\/\/experienciadevida.com.ar\/portalurbano\/wp-json\/wp\/v2\/comments?post=134329"}],"version-history":[{"count":4,"href":"https:\/\/experienciadevida.com.ar\/portalurbano\/wp-json\/wp\/v2\/posts\/134329\/revisions"}],"predecessor-version":[{"id":134332,"href":"https:\/\/experienciadevida.com.ar\/portalurbano\/wp-json\/wp\/v2\/posts\/134329\/revisions\/134332"}],"wp:featuredmedia":[{"embeddable":true,"href":"https:\/\/experienciadevida.com.ar\/portalurbano\/wp-json\/wp\/v2\/media\/134330"}],"wp:attachment":[{"href":"https:\/\/experienciadevida.com.ar\/portalurbano\/wp-json\/wp\/v2\/media?parent=134329"}],"wp:term":[{"taxonomy":"category","embeddable":true,"href":"https:\/\/experienciadevida.com.ar\/portalurbano\/wp-json\/wp\/v2\/categories?post=134329"},{"taxonomy":"post_tag","embeddable":true,"href":"https:\/\/experienciadevida.com.ar\/portalurbano\/wp-json\/wp\/v2\/tags?post=134329"}],"curies":[{"name":"wp","href":"https:\/\/api.w.org\/{rel}","templated":true}]}}