{"id":134318,"date":"2021-02-04T15:08:55","date_gmt":"2021-02-04T18:08:55","guid":{"rendered":"https:\/\/experienciadevida.com.ar\/portalurbano\/?p=134318"},"modified":"2021-02-04T15:12:58","modified_gmt":"2021-02-04T18:12:58","slug":"aumento-de-la-tarjeta-alimentar-en-olavarria-el-monto-total-de-la-inversion-asciende-a-19-millones","status":"publish","type":"post","link":"https:\/\/experienciadevida.com.ar\/portalurbano\/aumento-de-la-tarjeta-alimentar-en-olavarria-el-monto-total-de-la-inversion-asciende-a-19-millones\/","title":{"rendered":"Aumento de la Tarjeta Alimentar: en Olavarr\u00eda el monto total de la inversi\u00f3n asciende a 19 millones"},"content":{"rendered":"<p>Aumento de la Tarjeta Alimentar: en Olavarr\u00eda el monto total de la inversi\u00f3n asciende a 19 millones. Jos\u00e9 Aranze, delegado local del Ministerio de Desarrollo Social de la Naci\u00f3n inform\u00f3 que el aumento del 50% a partir de febrero que recibir\u00e1n 2560 familias representa un incremento de m\u00e1s de 6 millones de pesos.<\/p>\n<p>El delegado del Ministerio de Desarrollo Social dio precisiones sobre c\u00f3mo impacta el aumento de la Tarjeta Alimentar que entra en vigencia este mes: \u201cSon $19.215.000 de inversi\u00f3n del Estado Nacional al Municipio de Olavarr\u00eda. Hasta hoy eran $12.800.000 que ingresaban a la ciudad para la compra de alimentos, ahora con el aumento, 6 millones m\u00e1s de pesos se volcar\u00e1n a los comercios, almacenes, supermercados y ferias locales\u201d.<\/p>\n<p>A su vez sobre el beneficio que reciben 2560 familias en Olavarr\u00eda destac\u00f3: \u201cEl incremento se va a hacer efectivo a partir de la pr\u00f3xima carga el d\u00eda 19-2 y continuar\u00e1 implement\u00e1ndose el tercer viernes de cada mes. Las madres con un hijo menor de 6 a\u00f1os que cobraban 4000 pesos ahora percibir\u00e1n 6000 pesos por mes; y el monto para quienes tienen dos o m\u00e1s hijos pasar\u00e1 de 6000 pesos a 9000 pesos mensuales\u201d.<\/p>\n<p>En el marco del Plan Argentina contra el hambre, la tarjeta Alimentar promueve el acceso a alimentos sanos, seguros y saludables, aumentando los ingresos de las familias y generando m\u00e1s fuentes de trabajo. Est\u00e1 dirigida a madres o padres con hijos e hijas de hasta 6 a\u00f1os de edad que reciben la AUH. Tambi\u00e9n a embarazadas a partir de los 3 meses que cobran la asignaci\u00f3n por embarazo y personas con discapacidad que reciben la AUH.<\/p>\n<p><a href=\"https:\/\/experienciadevida.com.ar\/portalurbano\/aumento-de-la-tarjeta-alimentar-en-olavarria-el-monto-total-de-la-inversion-asciende-a-19-millones\/aumento-de-la-tarjeta\/\" rel=\"attachment wp-att-134322\"><img decoding=\"async\" class=\"alignnone size-full wp-image-134322\" src=\"https:\/\/experienciadevida.com.ar\/portalurbano\/wp-content\/uploads\/2021\/02\/aumento-de-la-tarjeta.jpg\" alt=\"\" width=\"1280\" height=\"720\" srcset=\"https:\/\/experienciadevida.com.ar\/portalurbano\/wp-content\/uploads\/2021\/02\/aumento-de-la-tarjeta.jpg 1280w, https:\/\/experienciadevida.com.ar\/portalurbano\/wp-content\/uploads\/2021\/02\/aumento-de-la-tarjeta-300x169.jpg 300w, https:\/\/experienciadevida.com.ar\/portalurbano\/wp-content\/uploads\/2021\/02\/aumento-de-la-tarjeta-1024x576.jpg 1024w, https:\/\/experienciadevida.com.ar\/portalurbano\/wp-content\/uploads\/2021\/02\/aumento-de-la-tarjeta-768x432.jpg 768w\" sizes=\"(max-width: 1280px) 100vw, 1280px\" \/><\/a><\/p>\n<p><a href=\"https:\/\/experienciadevida.com.ar\/portalurbano\/aumento-de-la-tarjeta-alimentar-en-olavarria-el-monto-total-de-la-inversion-asciende-a-19-millones\/alimentar\/\" rel=\"attachment wp-att-134323\"><img decoding=\"async\" class=\"alignnone size-full wp-image-134323\" src=\"https:\/\/experienciadevida.com.ar\/portalurbano\/wp-content\/uploads\/2021\/02\/alimentar.jpg\" alt=\"\" width=\"1280\" height=\"1280\" srcset=\"https:\/\/experienciadevida.com.ar\/portalurbano\/wp-content\/uploads\/2021\/02\/alimentar.jpg 1280w, https:\/\/experienciadevida.com.ar\/portalurbano\/wp-content\/uploads\/2021\/02\/alimentar-300x300.jpg 300w, https:\/\/experienciadevida.com.ar\/portalurbano\/wp-content\/uploads\/2021\/02\/alimentar-1024x1024.jpg 1024w, https:\/\/experienciadevida.com.ar\/portalurbano\/wp-content\/uploads\/2021\/02\/alimentar-150x150.jpg 150w, https:\/\/experienciadevida.com.ar\/portalurbano\/wp-content\/uploads\/2021\/02\/alimentar-768x768.jpg 768w\" sizes=\"(max-width: 1280px) 100vw, 1280px\" \/><\/a><\/p>\n","protected":false},"excerpt":{"rendered":"<p>Aumento de la Tarjeta Alimentar: en Olavarr\u00eda el monto total de la inversi\u00f3n asciende a&#8230;<\/p>\n","protected":false},"author":1,"featured_media":134319,"comment_status":"closed","ping_status":"closed","sticky":false,"template":"","format":"standard","meta":{"content-type":""},"categories":[27,64],"tags":[],"nelio_content":{"isAutoShareEnabled":false,"autoShareEndMode":"default","automationSources":{"useContentSentences":true,"useSocialTemplates":true,"useCustomSentences":false,"customSentences":[]},"followers":[1],"suggestedReferences":[],"includedReferences":[],"efiUrl":"","efiAlt":"","highlights":[]},"yoast_head":"<!-- This site is optimized with the Yoast SEO plugin v20.7 - https:\/\/yoast.com\/wordpress\/plugins\/seo\/ -->\n<title>Aumento de la tarjeta alimentar: en Olavarr\u00eda el monto de inversi\u00f3n sube<\/title>\n<meta name=\"description\" content=\"Aumento de la Tarjeta Alimentar: en Olavarr\u00eda el monto total de la inversi\u00f3n asciende a 19 millones. Jos\u00e9 Aranze habl\u00f3 sobre el tema.\" \/>\n<meta name=\"robots\" content=\"index, follow, max-snippet:-1, max-image-preview:large, max-video-preview:-1\" \/>\n<link rel=\"canonical\" href=\"https:\/\/experienciadevida.com.ar\/portalurbano\/aumento-de-la-tarjeta-alimentar-en-olavarria-el-monto-total-de-la-inversion-asciende-a-19-millones\/\" \/>\n<meta property=\"og:locale\" content=\"es_ES\" \/>\n<meta property=\"og:type\" content=\"article\" \/>\n<meta property=\"og:title\" content=\"Aumento de la tarjeta alimentar: en Olavarr\u00eda el monto de inversi\u00f3n sube\" \/>\n<meta property=\"og:description\" content=\"Aumento de la Tarjeta Alimentar: en Olavarr\u00eda el monto total de la inversi\u00f3n asciende a 19 millones. Jos\u00e9 Aranze habl\u00f3 sobre el tema.\" \/>\n<meta property=\"og:url\" content=\"https:\/\/experienciadevida.com.ar\/portalurbano\/aumento-de-la-tarjeta-alimentar-en-olavarria-el-monto-total-de-la-inversion-asciende-a-19-millones\/\" \/>\n<meta property=\"article:publisher\" content=\"https:\/\/www.facebook.com\/Portal-Urbano-171542830093757\/\" \/>\n<meta property=\"article:published_time\" content=\"2021-02-04T18:08:55+00:00\" \/>\n<meta property=\"article:modified_time\" content=\"2021-02-04T18:12:58+00:00\" \/>\n<meta property=\"og:image\" content=\"https:\/\/experienciadevida.com.ar\/portalurbano\/wp-content\/uploads\/2021\/02\/Aumento-de-la-Tarjeta-Alimentar.jpg\" \/>\n\t<meta property=\"og:image:width\" content=\"1004\" \/>\n\t<meta property=\"og:image:height\" content=\"565\" \/>\n\t<meta property=\"og:image:type\" content=\"image\/jpeg\" \/>\n<meta name=\"author\" content=\"admpu17wp\" \/>\n<meta name=\"twitter:card\" content=\"summary_large_image\" \/>\n<meta name=\"twitter:creator\" content=\"@portalurbanook\" \/>\n<meta name=\"twitter:site\" content=\"@portalurbanook\" \/>\n<meta name=\"twitter:label1\" content=\"Escrito por\" \/>\n\t<meta name=\"twitter:data1\" content=\"admpu17wp\" \/>\n\t<meta name=\"twitter:label2\" content=\"Tiempo de lectura\" \/>\n\t<meta name=\"twitter:data2\" content=\"2 minutos\" \/>\n<script type=\"application\/ld+json\" class=\"yoast-schema-graph\">{\"@context\":\"https:\/\/schema.org\",\"@graph\":[{\"@type\":\"Article\",\"@id\":\"https:\/\/experienciadevida.com.ar\/portalurbano\/aumento-de-la-tarjeta-alimentar-en-olavarria-el-monto-total-de-la-inversion-asciende-a-19-millones\/#article\",\"isPartOf\":{\"@id\":\"https:\/\/experienciadevida.com.ar\/portalurbano\/aumento-de-la-tarjeta-alimentar-en-olavarria-el-monto-total-de-la-inversion-asciende-a-19-millones\/\"},\"author\":{\"name\":\"admpu17wp\",\"@id\":\"https:\/\/experienciadevida.com.ar\/portalurbano\/#\/schema\/person\/02dd326b1c4b056e9cc972486934a3a7\"},\"headline\":\"Aumento de la Tarjeta Alimentar: en Olavarr\u00eda el monto total de la inversi\u00f3n asciende a 19 millones\",\"datePublished\":\"2021-02-04T18:08:55+00:00\",\"dateModified\":\"2021-02-04T18:12:58+00:00\",\"mainEntityOfPage\":{\"@id\":\"https:\/\/experienciadevida.com.ar\/portalurbano\/aumento-de-la-tarjeta-alimentar-en-olavarria-el-monto-total-de-la-inversion-asciende-a-19-millones\/\"},\"wordCount\":296,\"publisher\":{\"@id\":\"https:\/\/experienciadevida.com.ar\/portalurbano\/#organization\"},\"articleSection\":[\"Ciudad\",\"Destacadas 2\"],\"inLanguage\":\"es\"},{\"@type\":\"WebPage\",\"@id\":\"https:\/\/experienciadevida.com.ar\/portalurbano\/aumento-de-la-tarjeta-alimentar-en-olavarria-el-monto-total-de-la-inversion-asciende-a-19-millones\/\",\"url\":\"https:\/\/experienciadevida.com.ar\/portalurbano\/aumento-de-la-tarjeta-alimentar-en-olavarria-el-monto-total-de-la-inversion-asciende-a-19-millones\/\",\"name\":\"Aumento de la tarjeta alimentar: en Olavarr\u00eda el monto de inversi\u00f3n sube\",\"isPartOf\":{\"@id\":\"https:\/\/experienciadevida.com.ar\/portalurbano\/#website\"},\"datePublished\":\"2021-02-04T18:08:55+00:00\",\"dateModified\":\"2021-02-04T18:12:58+00:00\",\"description\":\"Aumento de la Tarjeta Alimentar: en Olavarr\u00eda el monto total de la inversi\u00f3n asciende a 19 millones. Jos\u00e9 Aranze habl\u00f3 sobre el tema.\",\"breadcrumb\":{\"@id\":\"https:\/\/experienciadevida.com.ar\/portalurbano\/aumento-de-la-tarjeta-alimentar-en-olavarria-el-monto-total-de-la-inversion-asciende-a-19-millones\/#breadcrumb\"},\"inLanguage\":\"es\",\"potentialAction\":[{\"@type\":\"ReadAction\",\"target\":[\"https:\/\/experienciadevida.com.ar\/portalurbano\/aumento-de-la-tarjeta-alimentar-en-olavarria-el-monto-total-de-la-inversion-asciende-a-19-millones\/\"]}]},{\"@type\":\"BreadcrumbList\",\"@id\":\"https:\/\/experienciadevida.com.ar\/portalurbano\/aumento-de-la-tarjeta-alimentar-en-olavarria-el-monto-total-de-la-inversion-asciende-a-19-millones\/#breadcrumb\",\"itemListElement\":[{\"@type\":\"ListItem\",\"position\":1,\"name\":\"Portada\",\"item\":\"https:\/\/experienciadevida.com.ar\/portalurbano\/\"},{\"@type\":\"ListItem\",\"position\":2,\"name\":\"Aumento de la Tarjeta Alimentar: en Olavarr\u00eda el monto total de la inversi\u00f3n asciende a 19 millones\"}]},{\"@type\":\"WebSite\",\"@id\":\"https:\/\/experienciadevida.com.ar\/portalurbano\/#website\",\"url\":\"https:\/\/experienciadevida.com.ar\/portalurbano\/\",\"name\":\"\",\"description\":\"\",\"publisher\":{\"@id\":\"https:\/\/experienciadevida.com.ar\/portalurbano\/#organization\"},\"potentialAction\":[{\"@type\":\"SearchAction\",\"target\":{\"@type\":\"EntryPoint\",\"urlTemplate\":\"https:\/\/experienciadevida.com.ar\/portalurbano\/?s={search_term_string}\"},\"query-input\":\"required name=search_term_string\"}],\"inLanguage\":\"es\"},{\"@type\":\"Organization\",\"@id\":\"https:\/\/experienciadevida.com.ar\/portalurbano\/#organization\",\"name\":\"Portal Urbano\",\"url\":\"https:\/\/experienciadevida.com.ar\/portalurbano\/\",\"logo\":{\"@type\":\"ImageObject\",\"inLanguage\":\"es\",\"@id\":\"https:\/\/experienciadevida.com.ar\/portalurbano\/#\/schema\/logo\/image\/\",\"url\":\"https:\/\/experienciadevida.com.ar\/portalurbano\/wp-content\/uploads\/2019\/09\/Logo-Original.png\",\"contentUrl\":\"https:\/\/experienciadevida.com.ar\/portalurbano\/wp-content\/uploads\/2019\/09\/Logo-Original.png\",\"width\":2236,\"height\":1216,\"caption\":\"Portal Urbano\"},\"image\":{\"@id\":\"https:\/\/experienciadevida.com.ar\/portalurbano\/#\/schema\/logo\/image\/\"},\"sameAs\":[\"https:\/\/www.facebook.com\/Portal-Urbano-171542830093757\/\",\"https:\/\/twitter.com\/portalurbanook\",\"https:\/\/www.instagram.com\/_portalurbano\/\",\"https:\/\/www.youtube.com\/channel\/UCXhagIfszH8KxFiOok79zbA?view_as=subscriber\"]},{\"@type\":\"Person\",\"@id\":\"https:\/\/experienciadevida.com.ar\/portalurbano\/#\/schema\/person\/02dd326b1c4b056e9cc972486934a3a7\",\"name\":\"admpu17wp\",\"image\":{\"@type\":\"ImageObject\",\"inLanguage\":\"es\",\"@id\":\"https:\/\/experienciadevida.com.ar\/portalurbano\/#\/schema\/person\/image\/\",\"url\":\"https:\/\/secure.gravatar.com\/avatar\/830d4c57adaae6630765e449a6908047?s=96&d=mm&r=g\",\"contentUrl\":\"https:\/\/secure.gravatar.com\/avatar\/830d4c57adaae6630765e449a6908047?s=96&d=mm&r=g\",\"caption\":\"admpu17wp\"}}]}<\/script>\n<!-- \/ Yoast SEO plugin. -->","yoast_head_json":{"title":"Aumento de la tarjeta alimentar: en Olavarr\u00eda el monto de inversi\u00f3n sube","description":"Aumento de la Tarjeta Alimentar: en Olavarr\u00eda el monto total de la inversi\u00f3n asciende a 19 millones. Jos\u00e9 Aranze habl\u00f3 sobre el tema.","robots":{"index":"index","follow":"follow","max-snippet":"max-snippet:-1","max-image-preview":"max-image-preview:large","max-video-preview":"max-video-preview:-1"},"canonical":"https:\/\/experienciadevida.com.ar\/portalurbano\/aumento-de-la-tarjeta-alimentar-en-olavarria-el-monto-total-de-la-inversion-asciende-a-19-millones\/","og_locale":"es_ES","og_type":"article","og_title":"Aumento de la tarjeta alimentar: en Olavarr\u00eda el monto de inversi\u00f3n sube","og_description":"Aumento de la Tarjeta Alimentar: en Olavarr\u00eda el monto total de la inversi\u00f3n asciende a 19 millones. Jos\u00e9 Aranze habl\u00f3 sobre el tema.","og_url":"https:\/\/experienciadevida.com.ar\/portalurbano\/aumento-de-la-tarjeta-alimentar-en-olavarria-el-monto-total-de-la-inversion-asciende-a-19-millones\/","article_publisher":"https:\/\/www.facebook.com\/Portal-Urbano-171542830093757\/","article_published_time":"2021-02-04T18:08:55+00:00","article_modified_time":"2021-02-04T18:12:58+00:00","og_image":[{"width":1004,"height":565,"url":"https:\/\/experienciadevida.com.ar\/portalurbano\/wp-content\/uploads\/2021\/02\/Aumento-de-la-Tarjeta-Alimentar.jpg","type":"image\/jpeg"}],"author":"admpu17wp","twitter_card":"summary_large_image","twitter_creator":"@portalurbanook","twitter_site":"@portalurbanook","twitter_misc":{"Escrito por":"admpu17wp","Tiempo de lectura":"2 minutos"},"schema":{"@context":"https:\/\/schema.org","@graph":[{"@type":"Article","@id":"https:\/\/experienciadevida.com.ar\/portalurbano\/aumento-de-la-tarjeta-alimentar-en-olavarria-el-monto-total-de-la-inversion-asciende-a-19-millones\/#article","isPartOf":{"@id":"https:\/\/experienciadevida.com.ar\/portalurbano\/aumento-de-la-tarjeta-alimentar-en-olavarria-el-monto-total-de-la-inversion-asciende-a-19-millones\/"},"author":{"name":"admpu17wp","@id":"https:\/\/experienciadevida.com.ar\/portalurbano\/#\/schema\/person\/02dd326b1c4b056e9cc972486934a3a7"},"headline":"Aumento de la Tarjeta Alimentar: en Olavarr\u00eda el monto total de la inversi\u00f3n asciende a 19 millones","datePublished":"2021-02-04T18:08:55+00:00","dateModified":"2021-02-04T18:12:58+00:00","mainEntityOfPage":{"@id":"https:\/\/experienciadevida.com.ar\/portalurbano\/aumento-de-la-tarjeta-alimentar-en-olavarria-el-monto-total-de-la-inversion-asciende-a-19-millones\/"},"wordCount":296,"publisher":{"@id":"https:\/\/experienciadevida.com.ar\/portalurbano\/#organization"},"articleSection":["Ciudad","Destacadas 2"],"inLanguage":"es"},{"@type":"WebPage","@id":"https:\/\/experienciadevida.com.ar\/portalurbano\/aumento-de-la-tarjeta-alimentar-en-olavarria-el-monto-total-de-la-inversion-asciende-a-19-millones\/","url":"https:\/\/experienciadevida.com.ar\/portalurbano\/aumento-de-la-tarjeta-alimentar-en-olavarria-el-monto-total-de-la-inversion-asciende-a-19-millones\/","name":"Aumento de la tarjeta alimentar: en Olavarr\u00eda el monto de inversi\u00f3n sube","isPartOf":{"@id":"https:\/\/experienciadevida.com.ar\/portalurbano\/#website"},"datePublished":"2021-02-04T18:08:55+00:00","dateModified":"2021-02-04T18:12:58+00:00","description":"Aumento de la Tarjeta Alimentar: en Olavarr\u00eda el monto total de la inversi\u00f3n asciende a 19 millones. Jos\u00e9 Aranze habl\u00f3 sobre el tema.","breadcrumb":{"@id":"https:\/\/experienciadevida.com.ar\/portalurbano\/aumento-de-la-tarjeta-alimentar-en-olavarria-el-monto-total-de-la-inversion-asciende-a-19-millones\/#breadcrumb"},"inLanguage":"es","potentialAction":[{"@type":"ReadAction","target":["https:\/\/experienciadevida.com.ar\/portalurbano\/aumento-de-la-tarjeta-alimentar-en-olavarria-el-monto-total-de-la-inversion-asciende-a-19-millones\/"]}]},{"@type":"BreadcrumbList","@id":"https:\/\/experienciadevida.com.ar\/portalurbano\/aumento-de-la-tarjeta-alimentar-en-olavarria-el-monto-total-de-la-inversion-asciende-a-19-millones\/#breadcrumb","itemListElement":[{"@type":"ListItem","position":1,"name":"Portada","item":"https:\/\/experienciadevida.com.ar\/portalurbano\/"},{"@type":"ListItem","position":2,"name":"Aumento de la Tarjeta Alimentar: en Olavarr\u00eda el monto total de la inversi\u00f3n asciende a 19 millones"}]},{"@type":"WebSite","@id":"https:\/\/experienciadevida.com.ar\/portalurbano\/#website","url":"https:\/\/experienciadevida.com.ar\/portalurbano\/","name":"","description":"","publisher":{"@id":"https:\/\/experienciadevida.com.ar\/portalurbano\/#organization"},"potentialAction":[{"@type":"SearchAction","target":{"@type":"EntryPoint","urlTemplate":"https:\/\/experienciadevida.com.ar\/portalurbano\/?s={search_term_string}"},"query-input":"required name=search_term_string"}],"inLanguage":"es"},{"@type":"Organization","@id":"https:\/\/experienciadevida.com.ar\/portalurbano\/#organization","name":"Portal Urbano","url":"https:\/\/experienciadevida.com.ar\/portalurbano\/","logo":{"@type":"ImageObject","inLanguage":"es","@id":"https:\/\/experienciadevida.com.ar\/portalurbano\/#\/schema\/logo\/image\/","url":"https:\/\/experienciadevida.com.ar\/portalurbano\/wp-content\/uploads\/2019\/09\/Logo-Original.png","contentUrl":"https:\/\/experienciadevida.com.ar\/portalurbano\/wp-content\/uploads\/2019\/09\/Logo-Original.png","width":2236,"height":1216,"caption":"Portal Urbano"},"image":{"@id":"https:\/\/experienciadevida.com.ar\/portalurbano\/#\/schema\/logo\/image\/"},"sameAs":["https:\/\/www.facebook.com\/Portal-Urbano-171542830093757\/","https:\/\/twitter.com\/portalurbanook","https:\/\/www.instagram.com\/_portalurbano\/","https:\/\/www.youtube.com\/channel\/UCXhagIfszH8KxFiOok79zbA?view_as=subscriber"]},{"@type":"Person","@id":"https:\/\/experienciadevida.com.ar\/portalurbano\/#\/schema\/person\/02dd326b1c4b056e9cc972486934a3a7","name":"admpu17wp","image":{"@type":"ImageObject","inLanguage":"es","@id":"https:\/\/experienciadevida.com.ar\/portalurbano\/#\/schema\/person\/image\/","url":"https:\/\/secure.gravatar.com\/avatar\/830d4c57adaae6630765e449a6908047?s=96&d=mm&r=g","contentUrl":"https:\/\/secure.gravatar.com\/avatar\/830d4c57adaae6630765e449a6908047?s=96&d=mm&r=g","caption":"admpu17wp"}}]}},"featured_image_urls":{"full":["https:\/\/experienciadevida.com.ar\/portalurbano\/wp-content\/uploads\/2021\/02\/Aumento-de-la-Tarjeta-Alimentar.jpg",1004,565,false],"thumbnail":["https:\/\/experienciadevida.com.ar\/portalurbano\/wp-content\/uploads\/2021\/02\/Aumento-de-la-Tarjeta-Alimentar-150x150.jpg",150,150,true],"medium":["https:\/\/experienciadevida.com.ar\/portalurbano\/wp-content\/uploads\/2021\/02\/Aumento-de-la-Tarjeta-Alimentar-300x169.jpg",300,169,true],"medium_large":["https:\/\/experienciadevida.com.ar\/portalurbano\/wp-content\/uploads\/2021\/02\/Aumento-de-la-Tarjeta-Alimentar-768x432.jpg",640,360,true],"large":["https:\/\/experienciadevida.com.ar\/portalurbano\/wp-content\/uploads\/2021\/02\/Aumento-de-la-Tarjeta-Alimentar.jpg",640,360,false],"ug_big":["https:\/\/experienciadevida.com.ar\/portalurbano\/wp-content\/uploads\/2021\/02\/Aumento-de-la-Tarjeta-Alimentar-768x432.jpg",768,432,true],"1536x1536":["https:\/\/experienciadevida.com.ar\/portalurbano\/wp-content\/uploads\/2021\/02\/Aumento-de-la-Tarjeta-Alimentar.jpg",1004,565,false],"2048x2048":["https:\/\/experienciadevida.com.ar\/portalurbano\/wp-content\/uploads\/2021\/02\/Aumento-de-la-Tarjeta-Alimentar.jpg",1004,565,false],"newsever-slider-full":["https:\/\/experienciadevida.com.ar\/portalurbano\/wp-content\/uploads\/2021\/02\/Aumento-de-la-Tarjeta-Alimentar.jpg",1004,565,false],"newsever-featured":["https:\/\/experienciadevida.com.ar\/portalurbano\/wp-content\/uploads\/2021\/02\/Aumento-de-la-Tarjeta-Alimentar.jpg",1004,565,false],"newsever-medium":["https:\/\/experienciadevida.com.ar\/portalurbano\/wp-content\/uploads\/2021\/02\/Aumento-de-la-Tarjeta-Alimentar.jpg",720,405,false],"web-stories-poster-portrait":["https:\/\/experienciadevida.com.ar\/portalurbano\/wp-content\/uploads\/2021\/02\/Aumento-de-la-Tarjeta-Alimentar.jpg",640,360,false],"web-stories-publisher-logo":["https:\/\/experienciadevida.com.ar\/portalurbano\/wp-content\/uploads\/2021\/02\/Aumento-de-la-Tarjeta-Alimentar.jpg",96,54,false],"web-stories-thumbnail":["https:\/\/experienciadevida.com.ar\/portalurbano\/wp-content\/uploads\/2021\/02\/Aumento-de-la-Tarjeta-Alimentar.jpg",150,84,false]},"author_info":{"display_name":"admpu17wp","author_link":"https:\/\/experienciadevida.com.ar\/portalurbano\/author\/admpu17wp\/"},"category_info":"<a href=\"https:\/\/experienciadevida.com.ar\/portalurbano\/category\/ciudad\/\" rel=\"category tag\">Ciudad<\/a> <a href=\"https:\/\/experienciadevida.com.ar\/portalurbano\/category\/destacadas-2\/\" rel=\"category tag\">Destacadas 2<\/a>","tag_info":"Destacadas 2","comment_count":"0","amp_enabled":true,"_links":{"self":[{"href":"https:\/\/experienciadevida.com.ar\/portalurbano\/wp-json\/wp\/v2\/posts\/134318"}],"collection":[{"href":"https:\/\/experienciadevida.com.ar\/portalurbano\/wp-json\/wp\/v2\/posts"}],"about":[{"href":"https:\/\/experienciadevida.com.ar\/portalurbano\/wp-json\/wp\/v2\/types\/post"}],"author":[{"embeddable":true,"href":"https:\/\/experienciadevida.com.ar\/portalurbano\/wp-json\/wp\/v2\/users\/1"}],"replies":[{"embeddable":true,"href":"https:\/\/experienciadevida.com.ar\/portalurbano\/wp-json\/wp\/v2\/comments?post=134318"}],"version-history":[{"count":3,"href":"https:\/\/experienciadevida.com.ar\/portalurbano\/wp-json\/wp\/v2\/posts\/134318\/revisions"}],"predecessor-version":[{"id":134324,"href":"https:\/\/experienciadevida.com.ar\/portalurbano\/wp-json\/wp\/v2\/posts\/134318\/revisions\/134324"}],"wp:featuredmedia":[{"embeddable":true,"href":"https:\/\/experienciadevida.com.ar\/portalurbano\/wp-json\/wp\/v2\/media\/134319"}],"wp:attachment":[{"href":"https:\/\/experienciadevida.com.ar\/portalurbano\/wp-json\/wp\/v2\/media?parent=134318"}],"wp:term":[{"taxonomy":"category","embeddable":true,"href":"https:\/\/experienciadevida.com.ar\/portalurbano\/wp-json\/wp\/v2\/categories?post=134318"},{"taxonomy":"post_tag","embeddable":true,"href":"https:\/\/experienciadevida.com.ar\/portalurbano\/wp-json\/wp\/v2\/tags?post=134318"}],"curies":[{"name":"wp","href":"https:\/\/api.w.org\/{rel}","templated":true}]}}