{"id":134293,"date":"2021-02-04T14:35:05","date_gmt":"2021-02-04T17:35:05","guid":{"rendered":"https:\/\/experienciadevida.com.ar\/portalurbano\/?p=134293"},"modified":"2021-02-04T14:38:55","modified_gmt":"2021-02-04T17:38:55","slug":"se-reunio-la-comision-de-genero-tras-el-veto-al-cupo-laboral-trans","status":"publish","type":"post","link":"https:\/\/experienciadevida.com.ar\/portalurbano\/se-reunio-la-comision-de-genero-tras-el-veto-al-cupo-laboral-trans\/","title":{"rendered":"Se reuni\u00f3 la comisi\u00f3n de g\u00e9nero tras el veto al cupo laboral trans"},"content":{"rendered":"<p>Se reuni\u00f3 la comisi\u00f3n de g\u00e9nero tras el veto al cupo laboral trans. La comisi\u00f3n de g\u00e9nero municipal emiti\u00f3 un comunicado en lo que respecta al veto parcial de la ordenanza 4568\/20 referida al Cupo laboral Trans y a los efectos de contribuir a una eficaz comunicaci\u00f3n a la ciudadan\u00eda sobre el real impacto de los art\u00edculos vetados.<\/p>\n<p>La comisi\u00f3n de g\u00e9nero y diversidad del <a href=\"https:\/\/www.facebook.com\/alicia.almada.581\">HCD<\/a> destaca lo siguiente: el veto de cinco art\u00edculos de la Ordenanza 4568\/20 no afecta la esencia de dicha norma, la cual establece un cupo del 1% del total de la planta de empleados municipales para personas Transexuales, Travestis y Transg\u00e9nero.<\/p>\n<p>Fundamentado en la plena vigencia de la Ley N\u00b0 14783\/19, el Decreto establece:<\/p>\n<p>Que la Autoridad de Aplicaci\u00f3n ser\u00e1 la Secretar\u00eda de Derechos Humanos y el Ministerio de Trabajo provincial.<\/p>\n<p>Que el Registro de aspirantes \u201cAmancay Diana Sacay\u00e1n\u201d donde quedar\u00e1n anotadas las personas Trans que soliciten ser parte del plantel de empleados municipales funcionar\u00e1 bajo la \u00f3rbita del Ministerio de Trabajo de la Delegaci\u00f3n local.<\/p>\n<p>Que el D.E.M no bridar\u00e1 capacitaci\u00f3n ni otorgar\u00e1 becas a las personas aspirantes a un puesto laboral, lo cual debe ser previsto por el Ministerio de Derechos Humanos provincial.<\/p>\n<p>Por otra parte, se elimina la gradualidad de incorporaci\u00f3n a los puestos laborales, no estableciendo tiempos para el cumplimiento de la Ordenanza.<\/p>\n<p>Se sostiene la creaci\u00f3n de un Registro para la inscripci\u00f3n de Empresas privadas, Organismos, Cooperativas y Comercios, dependiente de la Direcci\u00f3n de Empleo, promoviendo en ellos el Cupo laboral Trans y se autoriza al DEM a establecer exenciones impositivas.<\/p>\n<p>Desde esta Comisi\u00f3n, donde se ha trabajado arduamente en la confecci\u00f3n de la Ordenanza N\u00b0 4568\/20, consideramos que la designaci\u00f3n de las Autoridades de Aplicaci\u00f3n tal como resultan establecidas en el Decreto N\u00b0 3414\/20 no presupone una incompatibilidad con cualquier iniciativa de la Direcci\u00f3n de Pol\u00edticas de G\u00e9nero y la Direcci\u00f3n de Empleo Municipal, raz\u00f3n por la cual instamos a un trabajo en conjunto que promueva y desarrolle, junto a las Organizaciones que las representan un mayor acceso a los derechos ciudadanos de las personas Travestis, Transexuales y Transg\u00e9nero.<\/p>\n<p>Finalmente, nos comprometemos a observar el estricto cumplimiento de la Ordenanza 4568\/20 y a continuar participando en todos los \u00e1mbitos donde se debata y decida sobre cuestiones de G\u00e9nero y Diversidad.<\/p>\n","protected":false},"excerpt":{"rendered":"<p>Se reuni\u00f3 la comisi\u00f3n de g\u00e9nero tras el veto al cupo laboral trans. La comisi\u00f3n&#8230;<\/p>\n","protected":false},"author":1,"featured_media":0,"comment_status":"closed","ping_status":"closed","sticky":false,"template":"","format":"standard","meta":{"content-type":""},"categories":[27,64],"tags":[],"nelio_content":{"isAutoShareEnabled":false,"autoShareEndMode":"default","automationSources":{"useContentSentences":true,"useSocialTemplates":true,"useCustomSentences":false,"customSentences":[]},"followers":[1],"suggestedReferences":[],"includedReferences":[],"efiUrl":"","efiAlt":"","highlights":[]},"yoast_head":"<!-- This site is optimized with the Yoast SEO plugin v20.7 - https:\/\/yoast.com\/wordpress\/plugins\/seo\/ -->\n<title>Se reuni\u00f3 la comisi\u00f3n de g\u00e9nero tras el veto al cupo laboral trans<\/title>\n<meta name=\"description\" content=\"Se reuni\u00f3 la comisi\u00f3n de g\u00e9nero tras el veto al cupo laboral trans. La comisi\u00f3n de g\u00e9nero municipal emiti\u00f3 un comunicado este jueves.\" \/>\n<meta name=\"robots\" content=\"index, follow, max-snippet:-1, max-image-preview:large, max-video-preview:-1\" \/>\n<link rel=\"canonical\" href=\"https:\/\/experienciadevida.com.ar\/portalurbano\/se-reunio-la-comision-de-genero-tras-el-veto-al-cupo-laboral-trans\/\" \/>\n<meta property=\"og:locale\" content=\"es_ES\" \/>\n<meta property=\"og:type\" content=\"article\" \/>\n<meta property=\"og:title\" content=\"Se reuni\u00f3 la comisi\u00f3n de g\u00e9nero tras el veto al cupo laboral trans\" \/>\n<meta property=\"og:description\" content=\"Se reuni\u00f3 la comisi\u00f3n de g\u00e9nero tras el veto al cupo laboral trans. La comisi\u00f3n de g\u00e9nero municipal emiti\u00f3 un comunicado este jueves.\" \/>\n<meta property=\"og:url\" content=\"https:\/\/experienciadevida.com.ar\/portalurbano\/se-reunio-la-comision-de-genero-tras-el-veto-al-cupo-laboral-trans\/\" \/>\n<meta property=\"article:publisher\" content=\"https:\/\/www.facebook.com\/Portal-Urbano-171542830093757\/\" \/>\n<meta property=\"article:published_time\" content=\"2021-02-04T17:35:05+00:00\" \/>\n<meta property=\"article:modified_time\" content=\"2021-02-04T17:38:55+00:00\" \/>\n<meta property=\"og:image\" content=\"https:\/\/experienciadevida.com.ar\/portalurbano\/wp-content\/uploads\/2017\/11\/HCD-1-1.jpg\" \/>\n\t<meta property=\"og:image:width\" content=\"600\" \/>\n\t<meta property=\"og:image:height\" content=\"417\" \/>\n\t<meta property=\"og:image:type\" content=\"image\/jpeg\" \/>\n<meta name=\"author\" content=\"admpu17wp\" \/>\n<meta name=\"twitter:card\" content=\"summary_large_image\" \/>\n<meta name=\"twitter:creator\" content=\"@portalurbanook\" \/>\n<meta name=\"twitter:site\" content=\"@portalurbanook\" \/>\n<meta name=\"twitter:label1\" content=\"Escrito por\" \/>\n\t<meta name=\"twitter:data1\" content=\"admpu17wp\" \/>\n\t<meta name=\"twitter:label2\" content=\"Tiempo de lectura\" \/>\n\t<meta name=\"twitter:data2\" content=\"2 minutos\" \/>\n<script type=\"application\/ld+json\" class=\"yoast-schema-graph\">{\"@context\":\"https:\/\/schema.org\",\"@graph\":[{\"@type\":\"Article\",\"@id\":\"https:\/\/experienciadevida.com.ar\/portalurbano\/se-reunio-la-comision-de-genero-tras-el-veto-al-cupo-laboral-trans\/#article\",\"isPartOf\":{\"@id\":\"https:\/\/experienciadevida.com.ar\/portalurbano\/se-reunio-la-comision-de-genero-tras-el-veto-al-cupo-laboral-trans\/\"},\"author\":{\"name\":\"admpu17wp\",\"@id\":\"https:\/\/experienciadevida.com.ar\/portalurbano\/#\/schema\/person\/02dd326b1c4b056e9cc972486934a3a7\"},\"headline\":\"Se reuni\u00f3 la comisi\u00f3n de g\u00e9nero tras el veto al cupo laboral trans\",\"datePublished\":\"2021-02-04T17:35:05+00:00\",\"dateModified\":\"2021-02-04T17:38:55+00:00\",\"mainEntityOfPage\":{\"@id\":\"https:\/\/experienciadevida.com.ar\/portalurbano\/se-reunio-la-comision-de-genero-tras-el-veto-al-cupo-laboral-trans\/\"},\"wordCount\":423,\"publisher\":{\"@id\":\"https:\/\/experienciadevida.com.ar\/portalurbano\/#organization\"},\"articleSection\":[\"Ciudad\",\"Destacadas 2\"],\"inLanguage\":\"es\"},{\"@type\":\"WebPage\",\"@id\":\"https:\/\/experienciadevida.com.ar\/portalurbano\/se-reunio-la-comision-de-genero-tras-el-veto-al-cupo-laboral-trans\/\",\"url\":\"https:\/\/experienciadevida.com.ar\/portalurbano\/se-reunio-la-comision-de-genero-tras-el-veto-al-cupo-laboral-trans\/\",\"name\":\"Se reuni\u00f3 la comisi\u00f3n de g\u00e9nero tras el veto al cupo laboral trans\",\"isPartOf\":{\"@id\":\"https:\/\/experienciadevida.com.ar\/portalurbano\/#website\"},\"datePublished\":\"2021-02-04T17:35:05+00:00\",\"dateModified\":\"2021-02-04T17:38:55+00:00\",\"description\":\"Se reuni\u00f3 la comisi\u00f3n de g\u00e9nero tras el veto al cupo laboral trans. La comisi\u00f3n de g\u00e9nero municipal emiti\u00f3 un comunicado este jueves.\",\"breadcrumb\":{\"@id\":\"https:\/\/experienciadevida.com.ar\/portalurbano\/se-reunio-la-comision-de-genero-tras-el-veto-al-cupo-laboral-trans\/#breadcrumb\"},\"inLanguage\":\"es\",\"potentialAction\":[{\"@type\":\"ReadAction\",\"target\":[\"https:\/\/experienciadevida.com.ar\/portalurbano\/se-reunio-la-comision-de-genero-tras-el-veto-al-cupo-laboral-trans\/\"]}]},{\"@type\":\"BreadcrumbList\",\"@id\":\"https:\/\/experienciadevida.com.ar\/portalurbano\/se-reunio-la-comision-de-genero-tras-el-veto-al-cupo-laboral-trans\/#breadcrumb\",\"itemListElement\":[{\"@type\":\"ListItem\",\"position\":1,\"name\":\"Portada\",\"item\":\"https:\/\/experienciadevida.com.ar\/portalurbano\/\"},{\"@type\":\"ListItem\",\"position\":2,\"name\":\"Se reuni\u00f3 la comisi\u00f3n de g\u00e9nero tras el veto al cupo laboral trans\"}]},{\"@type\":\"WebSite\",\"@id\":\"https:\/\/experienciadevida.com.ar\/portalurbano\/#website\",\"url\":\"https:\/\/experienciadevida.com.ar\/portalurbano\/\",\"name\":\"\",\"description\":\"\",\"publisher\":{\"@id\":\"https:\/\/experienciadevida.com.ar\/portalurbano\/#organization\"},\"potentialAction\":[{\"@type\":\"SearchAction\",\"target\":{\"@type\":\"EntryPoint\",\"urlTemplate\":\"https:\/\/experienciadevida.com.ar\/portalurbano\/?s={search_term_string}\"},\"query-input\":\"required name=search_term_string\"}],\"inLanguage\":\"es\"},{\"@type\":\"Organization\",\"@id\":\"https:\/\/experienciadevida.com.ar\/portalurbano\/#organization\",\"name\":\"Portal Urbano\",\"url\":\"https:\/\/experienciadevida.com.ar\/portalurbano\/\",\"logo\":{\"@type\":\"ImageObject\",\"inLanguage\":\"es\",\"@id\":\"https:\/\/experienciadevida.com.ar\/portalurbano\/#\/schema\/logo\/image\/\",\"url\":\"https:\/\/experienciadevida.com.ar\/portalurbano\/wp-content\/uploads\/2019\/09\/Logo-Original.png\",\"contentUrl\":\"https:\/\/experienciadevida.com.ar\/portalurbano\/wp-content\/uploads\/2019\/09\/Logo-Original.png\",\"width\":2236,\"height\":1216,\"caption\":\"Portal Urbano\"},\"image\":{\"@id\":\"https:\/\/experienciadevida.com.ar\/portalurbano\/#\/schema\/logo\/image\/\"},\"sameAs\":[\"https:\/\/www.facebook.com\/Portal-Urbano-171542830093757\/\",\"https:\/\/twitter.com\/portalurbanook\",\"https:\/\/www.instagram.com\/_portalurbano\/\",\"https:\/\/www.youtube.com\/channel\/UCXhagIfszH8KxFiOok79zbA?view_as=subscriber\"]},{\"@type\":\"Person\",\"@id\":\"https:\/\/experienciadevida.com.ar\/portalurbano\/#\/schema\/person\/02dd326b1c4b056e9cc972486934a3a7\",\"name\":\"admpu17wp\",\"image\":{\"@type\":\"ImageObject\",\"inLanguage\":\"es\",\"@id\":\"https:\/\/experienciadevida.com.ar\/portalurbano\/#\/schema\/person\/image\/\",\"url\":\"https:\/\/secure.gravatar.com\/avatar\/830d4c57adaae6630765e449a6908047?s=96&d=mm&r=g\",\"contentUrl\":\"https:\/\/secure.gravatar.com\/avatar\/830d4c57adaae6630765e449a6908047?s=96&d=mm&r=g\",\"caption\":\"admpu17wp\"}}]}<\/script>\n<!-- \/ Yoast SEO plugin. -->","yoast_head_json":{"title":"Se reuni\u00f3 la comisi\u00f3n de g\u00e9nero tras el veto al cupo laboral trans","description":"Se reuni\u00f3 la comisi\u00f3n de g\u00e9nero tras el veto al cupo laboral trans. La comisi\u00f3n de g\u00e9nero municipal emiti\u00f3 un comunicado este jueves.","robots":{"index":"index","follow":"follow","max-snippet":"max-snippet:-1","max-image-preview":"max-image-preview:large","max-video-preview":"max-video-preview:-1"},"canonical":"https:\/\/experienciadevida.com.ar\/portalurbano\/se-reunio-la-comision-de-genero-tras-el-veto-al-cupo-laboral-trans\/","og_locale":"es_ES","og_type":"article","og_title":"Se reuni\u00f3 la comisi\u00f3n de g\u00e9nero tras el veto al cupo laboral trans","og_description":"Se reuni\u00f3 la comisi\u00f3n de g\u00e9nero tras el veto al cupo laboral trans. La comisi\u00f3n de g\u00e9nero municipal emiti\u00f3 un comunicado este jueves.","og_url":"https:\/\/experienciadevida.com.ar\/portalurbano\/se-reunio-la-comision-de-genero-tras-el-veto-al-cupo-laboral-trans\/","article_publisher":"https:\/\/www.facebook.com\/Portal-Urbano-171542830093757\/","article_published_time":"2021-02-04T17:35:05+00:00","article_modified_time":"2021-02-04T17:38:55+00:00","og_image":[{"width":600,"height":417,"url":"https:\/\/experienciadevida.com.ar\/portalurbano\/wp-content\/uploads\/2017\/11\/HCD-1-1.jpg","type":"image\/jpeg"}],"author":"admpu17wp","twitter_card":"summary_large_image","twitter_creator":"@portalurbanook","twitter_site":"@portalurbanook","twitter_misc":{"Escrito por":"admpu17wp","Tiempo de lectura":"2 minutos"},"schema":{"@context":"https:\/\/schema.org","@graph":[{"@type":"Article","@id":"https:\/\/experienciadevida.com.ar\/portalurbano\/se-reunio-la-comision-de-genero-tras-el-veto-al-cupo-laboral-trans\/#article","isPartOf":{"@id":"https:\/\/experienciadevida.com.ar\/portalurbano\/se-reunio-la-comision-de-genero-tras-el-veto-al-cupo-laboral-trans\/"},"author":{"name":"admpu17wp","@id":"https:\/\/experienciadevida.com.ar\/portalurbano\/#\/schema\/person\/02dd326b1c4b056e9cc972486934a3a7"},"headline":"Se reuni\u00f3 la comisi\u00f3n de g\u00e9nero tras el veto al cupo laboral trans","datePublished":"2021-02-04T17:35:05+00:00","dateModified":"2021-02-04T17:38:55+00:00","mainEntityOfPage":{"@id":"https:\/\/experienciadevida.com.ar\/portalurbano\/se-reunio-la-comision-de-genero-tras-el-veto-al-cupo-laboral-trans\/"},"wordCount":423,"publisher":{"@id":"https:\/\/experienciadevida.com.ar\/portalurbano\/#organization"},"articleSection":["Ciudad","Destacadas 2"],"inLanguage":"es"},{"@type":"WebPage","@id":"https:\/\/experienciadevida.com.ar\/portalurbano\/se-reunio-la-comision-de-genero-tras-el-veto-al-cupo-laboral-trans\/","url":"https:\/\/experienciadevida.com.ar\/portalurbano\/se-reunio-la-comision-de-genero-tras-el-veto-al-cupo-laboral-trans\/","name":"Se reuni\u00f3 la comisi\u00f3n de g\u00e9nero tras el veto al cupo laboral trans","isPartOf":{"@id":"https:\/\/experienciadevida.com.ar\/portalurbano\/#website"},"datePublished":"2021-02-04T17:35:05+00:00","dateModified":"2021-02-04T17:38:55+00:00","description":"Se reuni\u00f3 la comisi\u00f3n de g\u00e9nero tras el veto al cupo laboral trans. La comisi\u00f3n de g\u00e9nero municipal emiti\u00f3 un comunicado este jueves.","breadcrumb":{"@id":"https:\/\/experienciadevida.com.ar\/portalurbano\/se-reunio-la-comision-de-genero-tras-el-veto-al-cupo-laboral-trans\/#breadcrumb"},"inLanguage":"es","potentialAction":[{"@type":"ReadAction","target":["https:\/\/experienciadevida.com.ar\/portalurbano\/se-reunio-la-comision-de-genero-tras-el-veto-al-cupo-laboral-trans\/"]}]},{"@type":"BreadcrumbList","@id":"https:\/\/experienciadevida.com.ar\/portalurbano\/se-reunio-la-comision-de-genero-tras-el-veto-al-cupo-laboral-trans\/#breadcrumb","itemListElement":[{"@type":"ListItem","position":1,"name":"Portada","item":"https:\/\/experienciadevida.com.ar\/portalurbano\/"},{"@type":"ListItem","position":2,"name":"Se reuni\u00f3 la comisi\u00f3n de g\u00e9nero tras el veto al cupo laboral trans"}]},{"@type":"WebSite","@id":"https:\/\/experienciadevida.com.ar\/portalurbano\/#website","url":"https:\/\/experienciadevida.com.ar\/portalurbano\/","name":"","description":"","publisher":{"@id":"https:\/\/experienciadevida.com.ar\/portalurbano\/#organization"},"potentialAction":[{"@type":"SearchAction","target":{"@type":"EntryPoint","urlTemplate":"https:\/\/experienciadevida.com.ar\/portalurbano\/?s={search_term_string}"},"query-input":"required name=search_term_string"}],"inLanguage":"es"},{"@type":"Organization","@id":"https:\/\/experienciadevida.com.ar\/portalurbano\/#organization","name":"Portal Urbano","url":"https:\/\/experienciadevida.com.ar\/portalurbano\/","logo":{"@type":"ImageObject","inLanguage":"es","@id":"https:\/\/experienciadevida.com.ar\/portalurbano\/#\/schema\/logo\/image\/","url":"https:\/\/experienciadevida.com.ar\/portalurbano\/wp-content\/uploads\/2019\/09\/Logo-Original.png","contentUrl":"https:\/\/experienciadevida.com.ar\/portalurbano\/wp-content\/uploads\/2019\/09\/Logo-Original.png","width":2236,"height":1216,"caption":"Portal Urbano"},"image":{"@id":"https:\/\/experienciadevida.com.ar\/portalurbano\/#\/schema\/logo\/image\/"},"sameAs":["https:\/\/www.facebook.com\/Portal-Urbano-171542830093757\/","https:\/\/twitter.com\/portalurbanook","https:\/\/www.instagram.com\/_portalurbano\/","https:\/\/www.youtube.com\/channel\/UCXhagIfszH8KxFiOok79zbA?view_as=subscriber"]},{"@type":"Person","@id":"https:\/\/experienciadevida.com.ar\/portalurbano\/#\/schema\/person\/02dd326b1c4b056e9cc972486934a3a7","name":"admpu17wp","image":{"@type":"ImageObject","inLanguage":"es","@id":"https:\/\/experienciadevida.com.ar\/portalurbano\/#\/schema\/person\/image\/","url":"https:\/\/secure.gravatar.com\/avatar\/830d4c57adaae6630765e449a6908047?s=96&d=mm&r=g","contentUrl":"https:\/\/secure.gravatar.com\/avatar\/830d4c57adaae6630765e449a6908047?s=96&d=mm&r=g","caption":"admpu17wp"}}]}},"featured_image_urls":{"full":"","thumbnail":"","medium":"","medium_large":"","large":"","ug_big":"","1536x1536":"","2048x2048":"","newsever-slider-full":"","newsever-featured":"","newsever-medium":"","web-stories-poster-portrait":"","web-stories-publisher-logo":"","web-stories-thumbnail":""},"author_info":{"display_name":"admpu17wp","author_link":"https:\/\/experienciadevida.com.ar\/portalurbano\/author\/admpu17wp\/"},"category_info":"<a href=\"https:\/\/experienciadevida.com.ar\/portalurbano\/category\/ciudad\/\" rel=\"category tag\">Ciudad<\/a> <a href=\"https:\/\/experienciadevida.com.ar\/portalurbano\/category\/destacadas-2\/\" rel=\"category tag\">Destacadas 2<\/a>","tag_info":"Destacadas 2","comment_count":"0","amp_enabled":true,"_links":{"self":[{"href":"https:\/\/experienciadevida.com.ar\/portalurbano\/wp-json\/wp\/v2\/posts\/134293"}],"collection":[{"href":"https:\/\/experienciadevida.com.ar\/portalurbano\/wp-json\/wp\/v2\/posts"}],"about":[{"href":"https:\/\/experienciadevida.com.ar\/portalurbano\/wp-json\/wp\/v2\/types\/post"}],"author":[{"embeddable":true,"href":"https:\/\/experienciadevida.com.ar\/portalurbano\/wp-json\/wp\/v2\/users\/1"}],"replies":[{"embeddable":true,"href":"https:\/\/experienciadevida.com.ar\/portalurbano\/wp-json\/wp\/v2\/comments?post=134293"}],"version-history":[{"count":4,"href":"https:\/\/experienciadevida.com.ar\/portalurbano\/wp-json\/wp\/v2\/posts\/134293\/revisions"}],"predecessor-version":[{"id":134311,"href":"https:\/\/experienciadevida.com.ar\/portalurbano\/wp-json\/wp\/v2\/posts\/134293\/revisions\/134311"}],"wp:attachment":[{"href":"https:\/\/experienciadevida.com.ar\/portalurbano\/wp-json\/wp\/v2\/media?parent=134293"}],"wp:term":[{"taxonomy":"category","embeddable":true,"href":"https:\/\/experienciadevida.com.ar\/portalurbano\/wp-json\/wp\/v2\/categories?post=134293"},{"taxonomy":"post_tag","embeddable":true,"href":"https:\/\/experienciadevida.com.ar\/portalurbano\/wp-json\/wp\/v2\/tags?post=134293"}],"curies":[{"name":"wp","href":"https:\/\/api.w.org\/{rel}","templated":true}]}}