{"id":134254,"date":"2021-02-04T09:37:28","date_gmt":"2021-02-04T12:37:28","guid":{"rendered":"https:\/\/experienciadevida.com.ar\/portalurbano\/?p=134254"},"modified":"2021-02-04T09:39:03","modified_gmt":"2021-02-04T12:39:03","slug":"julio-benitez-vamos-a-volver-a-las-clases-en-tanto-las-condiciones-esten-dadas","status":"publish","type":"post","link":"https:\/\/experienciadevida.com.ar\/portalurbano\/julio-benitez-vamos-a-volver-a-las-clases-en-tanto-las-condiciones-esten-dadas\/","title":{"rendered":"Julio Ben\u00edtez: &#8220;vamos a volver a las clases en tanto las condiciones est\u00e9n dadas&#8221;"},"content":{"rendered":"<p>Julio Ben\u00edtez: &#8220;vamos a volver a las clases en tanto las condiciones est\u00e9n dadas&#8221;. As\u00ed lo expres\u00f3 el Jefe distrital de educaci\u00f3n, en una entrevista con este medio.<\/p>\n<p>&#8220;En principio tenemos tenemos el protocolo vinculado a higiene y seguridad, y despu\u00e9s el plan jurisdiccional de retorno seguro a clases presenciales, ese plan jurisdiccional ya fue emitido en el mes de octubre y es el que va a regular c\u00f3mo volvemos a las escuelas, jardines y a todas las Instituciones educativas de toda la provincia, en funci\u00f3n de eso las instituciones educativas est\u00e1n planificando y pensando su proyecto institucional reformul\u00e1ndolo de acuerdo a estas condiciones&#8221;.<\/p>\n<p><a href=\"https:\/\/www.facebook.com\/julio.benitez.798\/photos\">Julio Ben\u00edtez<\/a> coment\u00f3 &#8220;el protocolo establece condiciones que tienen que ver con la seguridad, higiene, c\u00f3mo estar en cada uno de los espacios, cu\u00e1nto tiempo permanecer, de cu\u00e1nto tiempo es la jornada, c\u00f3mo se divide la jornada, cuantas personas pueden estar en un mismo espacio, a qu\u00e9 distancia pueden estar. Para verano ATR se propusieron burbujas de 15 personas y con burbujas de 15 funciona, tambi\u00e9n hay que ver la situaci\u00f3n edilicia eso tiene que ser pensado escuela por escuela. Est\u00e1 la infraestructura, pero hay condiciones que todav\u00eda hay que mejorar&#8221;.<\/p>\n<p>&#8220;Tenemos dos per\u00edodos, uno empieza el 17 de febrero que es el per\u00edodo de intensificaci\u00f3n de la ense\u00f1anza, es para aquellos chicos que hayan tenido problemas con sus aprendizajes durante la pandemia, es necesario seguir trabaj\u00e1ndolo, hay tareas que han quedado pendientes. Despu\u00e9s tenemos el comienzo propiamente dicho del ciclo lectivo, el 1 de marzo, para nivel inicial y para nivel primario y el 8 de marzo para el nivel secundario, m\u00e1s adelante el resto de las modalidades y de los niveles. Con esto se est\u00e1 trabajando en los protocolos, no es lo mismo una escuela rural que tiene una matr\u00edcula de pocos chicos, que una escuela urbana que tiene una matr\u00edcula muy elevada&#8221;.<\/p>\n<p>Julio Ben\u00edtez mencion\u00f3 &#8220;las escuelas rurales suelen tener salones amplios, algunas no, entonces hay que analizar escuela por escuela, , ver de qu\u00e9 espacio disponemos, la vuelta est\u00e1 pensada para dos d\u00edas para un grupo en la presencialidad y dos d\u00edas para otro grupo es como si dividieras en dos la instituci\u00f3n, y el quinto d\u00eda de la semana pensada para una evaluaci\u00f3n en la virtualidad, o sea que si vos organizas la mitad de la matr\u00edcula para esos dos primeros d\u00edas y despu\u00e9s la otra mitad tambi\u00e9n tenes que pensarlo en funci\u00f3n del espacio que dispones porque no en todas las escuelas se va a poder hacer de esa manera&#8221;.<\/p>\n<p><strong><\/p>\n<div class=\"penci-pullqoute align-none\">\n<blockquote><p>&#8220;Las escuelas est\u00e1n pensando c\u00f3mo van a organizar el convivir, de forma segura&#8221;. <\/p><\/blockquote>\n<\/div>\n<p><\/strong><\/p>\n<p>&#8220;Hay que garantizar que est\u00e9n los elementos de seguridad e higiene en cada una de las instituciones,\u00a0 se va a trabajar por parejas pedag\u00f3gicas, proyectos comunes, porque tambi\u00e9n la pandemia nos obliga a hacer un trabajo que ten\u00edamos pendiente que en parte se ha hecho pero que necesita profundizarse que es trabajar articuladamente, entre las \u00e1reas, materias, c\u00e1tedras hacer proyectos que involucren saberes de varias \u00e1reas a lo que nosotros llamamos proyectos coordinados hay que hacer una adecuaci\u00f3n a nivel de lo pedag\u00f3gico, para poder realmente concretar un trabajo fuerte en esta presencialidad&#8221;.<\/p>\n<p>En cuanto a la vuelta a las clases Julio Ben\u00edtez remarc\u00f3 &#8220;por m\u00e1s que haya voluntad, deseo, ganas, presi\u00f3n pol\u00edtica, si no estamos en condiciones epidemiol\u00f3gicas y sanitarias de volver no lo vamos a hacer, porque nosotros tenemos que cuidar a los chicos y al personal&#8221;.<\/p>\n<p>&#8220;Con respecto a la vacunaci\u00f3n en Olavarr\u00eda nosotros tenemos 4 escuelas que van a funcionar como centros operativos de vacunaci\u00f3n que son la secundaria n\u00b01, primaria 51, primaria 2 de sierra chica, primaria 77 de sierras bayas. Esta semana est\u00e1n trabajando en la organizaci\u00f3n, simulacros, informaci\u00f3n a vecinos, capacitaciones todav\u00eda no han llegado las vacunas por lo tanto no se comenz\u00f3 con el operativo de vacunaci\u00f3n pero se est\u00e1n haciendo esas tareas previas&#8221;.<\/p>\n<p>Julio Ben\u00edtez dijo que &#8220;est\u00e1 dentro de las posibilidades que haya gente que no quiera mandar los chicos a la escuela, personas que tengan ciertos temores respecto de la vuelta vamos a tener que respetar todo el abanico de posibilidades, porque es l\u00f3gico que exista ese temor&#8221;.<\/p>\n<p>En cuanto al 2020 mencion\u00f3 que &#8220;fue muy complejo porque hay una cuesti\u00f3n fundamental, que es que la situacion de ense\u00f1anza aprendizaje se da en un aula mediado por un docente, en la casa tambi\u00e9n se ense\u00f1a y se aprende pero la escuela tiene un formato particular de ense\u00f1ar, aprender contenidos espec\u00edficos y tiene profesionales para hacerlo, la familia no sustituye al rol del docente y la computadora no sustituye al docente, primero hubo que atender eso y hubo que atender sobre todo la cuesti\u00f3n afectiva&#8221;.<\/p>\n<p>&#8220;Hay que entender y acompa\u00f1ar a las familias ya que pasaron de convivir pocas horas en su casa con algunos integrantes a convivir todos todo el tiempo, las complejidades en el caso del docente se le sumo lo mismo que a la familia un impacto emocional y en lo econ\u00f3mico. La escuela p\u00fablica y la privada tambi\u00e9n en el 98% de los casos fue ponerse la pandemia al hombro, fue un trabajo enorme&#8221;.<\/p>\n<p>Julio Ben\u00edtez mencion\u00f3 &#8220;hubo muchos problemas de conectividad, no todo el mundo tiene los recursos ni la capacidad econ\u00f3mica, fue dificultoso como el resto del pa\u00eds tenemos una gran brecha digital que tiene que ver con la desigualdad&#8221;.<\/p>\n<p>Al finalizar la entrevista dio un mensaje a la comunidad &#8220;es seguir cuid\u00e1ndonos porque hay que cuidarse que es la mejor forma de poder volver a estar con otros y llevar tranquilidad de que todos estamos trabajando a nivel de la Jefatura Distrital, Provincia, Instituciones, inspectores, pensando en qu\u00e9 nos falta y faltar\u00eda para garantizar esta vuelta, lo estamos trabajando, vamos a volver, en tanto las condiciones est\u00e9n dadas&#8221;.<\/p>\n<p>Foto: Facebook Julio Ben\u00edtez<\/p>\n","protected":false},"excerpt":{"rendered":"<p>Julio Ben\u00edtez: &#8220;vamos a volver a las clases en tanto las condiciones est\u00e9n dadas&#8221;. As\u00ed&#8230;<\/p>\n","protected":false},"author":1,"featured_media":134255,"comment_status":"closed","ping_status":"closed","sticky":false,"template":"","format":"standard","meta":{"content-type":""},"categories":[27,51],"tags":[],"nelio_content":{"isAutoShareEnabled":false,"autoShareEndMode":"default","automationSources":{"useContentSentences":true,"useSocialTemplates":true,"useCustomSentences":false,"customSentences":[]},"followers":[1],"suggestedReferences":[],"includedReferences":[],"efiUrl":"","efiAlt":"","highlights":[]},"yoast_head":"<!-- This site is optimized with the Yoast SEO plugin v20.7 - https:\/\/yoast.com\/wordpress\/plugins\/seo\/ -->\n<title>Julio Ben\u00edtez:&quot;vamos a volver a las clases en tanto las condiciones&quot;<\/title>\n<meta name=\"description\" content=\"Julio Ben\u00edtez: &quot;vamos a volver a las clases en tanto las condiciones est\u00e9n dadas&quot;. As\u00ed lo expres\u00f3 el Jefe distrital de educaci\u00f3n en entrevista\" \/>\n<meta name=\"robots\" content=\"index, follow, max-snippet:-1, max-image-preview:large, max-video-preview:-1\" \/>\n<link rel=\"canonical\" href=\"https:\/\/experienciadevida.com.ar\/portalurbano\/julio-benitez-vamos-a-volver-a-las-clases-en-tanto-las-condiciones-esten-dadas\/\" \/>\n<meta property=\"og:locale\" content=\"es_ES\" \/>\n<meta property=\"og:type\" content=\"article\" \/>\n<meta property=\"og:title\" content=\"Julio Ben\u00edtez:&quot;vamos a volver a las clases en tanto las condiciones&quot;\" \/>\n<meta property=\"og:description\" content=\"Julio Ben\u00edtez: &quot;vamos a volver a las clases en tanto las condiciones est\u00e9n dadas&quot;. As\u00ed lo expres\u00f3 el Jefe distrital de educaci\u00f3n en entrevista\" \/>\n<meta property=\"og:url\" content=\"https:\/\/experienciadevida.com.ar\/portalurbano\/julio-benitez-vamos-a-volver-a-las-clases-en-tanto-las-condiciones-esten-dadas\/\" \/>\n<meta property=\"article:publisher\" content=\"https:\/\/www.facebook.com\/Portal-Urbano-171542830093757\/\" \/>\n<meta property=\"article:published_time\" content=\"2021-02-04T12:37:28+00:00\" \/>\n<meta property=\"article:modified_time\" content=\"2021-02-04T12:39:03+00:00\" \/>\n<meta property=\"og:image\" content=\"https:\/\/experienciadevida.com.ar\/portalurbano\/wp-content\/uploads\/2021\/02\/69931610_607357373004056_3147417738918494208_o.jpg\" \/>\n\t<meta property=\"og:image:width\" content=\"765\" \/>\n\t<meta property=\"og:image:height\" content=\"609\" \/>\n\t<meta property=\"og:image:type\" content=\"image\/jpeg\" \/>\n<meta name=\"author\" content=\"admpu17wp\" \/>\n<meta name=\"twitter:card\" content=\"summary_large_image\" \/>\n<meta name=\"twitter:creator\" content=\"@portalurbanook\" \/>\n<meta name=\"twitter:site\" content=\"@portalurbanook\" \/>\n<meta name=\"twitter:label1\" content=\"Escrito por\" \/>\n\t<meta name=\"twitter:data1\" content=\"admpu17wp\" \/>\n\t<meta name=\"twitter:label2\" content=\"Tiempo de lectura\" \/>\n\t<meta name=\"twitter:data2\" content=\"5 minutos\" \/>\n<script type=\"application\/ld+json\" class=\"yoast-schema-graph\">{\"@context\":\"https:\/\/schema.org\",\"@graph\":[{\"@type\":\"Article\",\"@id\":\"https:\/\/experienciadevida.com.ar\/portalurbano\/julio-benitez-vamos-a-volver-a-las-clases-en-tanto-las-condiciones-esten-dadas\/#article\",\"isPartOf\":{\"@id\":\"https:\/\/experienciadevida.com.ar\/portalurbano\/julio-benitez-vamos-a-volver-a-las-clases-en-tanto-las-condiciones-esten-dadas\/\"},\"author\":{\"name\":\"admpu17wp\",\"@id\":\"https:\/\/experienciadevida.com.ar\/portalurbano\/#\/schema\/person\/02dd326b1c4b056e9cc972486934a3a7\"},\"headline\":\"Julio Ben\u00edtez: &#8220;vamos a volver a las clases en tanto las condiciones est\u00e9n dadas&#8221;\",\"datePublished\":\"2021-02-04T12:37:28+00:00\",\"dateModified\":\"2021-02-04T12:39:03+00:00\",\"mainEntityOfPage\":{\"@id\":\"https:\/\/experienciadevida.com.ar\/portalurbano\/julio-benitez-vamos-a-volver-a-las-clases-en-tanto-las-condiciones-esten-dadas\/\"},\"wordCount\":1048,\"publisher\":{\"@id\":\"https:\/\/experienciadevida.com.ar\/portalurbano\/#organization\"},\"articleSection\":[\"Ciudad\",\"Destacadas\"],\"inLanguage\":\"es\"},{\"@type\":\"WebPage\",\"@id\":\"https:\/\/experienciadevida.com.ar\/portalurbano\/julio-benitez-vamos-a-volver-a-las-clases-en-tanto-las-condiciones-esten-dadas\/\",\"url\":\"https:\/\/experienciadevida.com.ar\/portalurbano\/julio-benitez-vamos-a-volver-a-las-clases-en-tanto-las-condiciones-esten-dadas\/\",\"name\":\"Julio Ben\u00edtez:\\\"vamos a volver a las clases en tanto las condiciones\\\"\",\"isPartOf\":{\"@id\":\"https:\/\/experienciadevida.com.ar\/portalurbano\/#website\"},\"datePublished\":\"2021-02-04T12:37:28+00:00\",\"dateModified\":\"2021-02-04T12:39:03+00:00\",\"description\":\"Julio Ben\u00edtez: \\\"vamos a volver a las clases en tanto las condiciones est\u00e9n dadas\\\". As\u00ed lo expres\u00f3 el Jefe distrital de educaci\u00f3n en entrevista\",\"breadcrumb\":{\"@id\":\"https:\/\/experienciadevida.com.ar\/portalurbano\/julio-benitez-vamos-a-volver-a-las-clases-en-tanto-las-condiciones-esten-dadas\/#breadcrumb\"},\"inLanguage\":\"es\",\"potentialAction\":[{\"@type\":\"ReadAction\",\"target\":[\"https:\/\/experienciadevida.com.ar\/portalurbano\/julio-benitez-vamos-a-volver-a-las-clases-en-tanto-las-condiciones-esten-dadas\/\"]}]},{\"@type\":\"BreadcrumbList\",\"@id\":\"https:\/\/experienciadevida.com.ar\/portalurbano\/julio-benitez-vamos-a-volver-a-las-clases-en-tanto-las-condiciones-esten-dadas\/#breadcrumb\",\"itemListElement\":[{\"@type\":\"ListItem\",\"position\":1,\"name\":\"Portada\",\"item\":\"https:\/\/experienciadevida.com.ar\/portalurbano\/\"},{\"@type\":\"ListItem\",\"position\":2,\"name\":\"Julio Ben\u00edtez: \u00abvamos a volver a las clases en tanto las condiciones est\u00e9n dadas\u00bb\"}]},{\"@type\":\"WebSite\",\"@id\":\"https:\/\/experienciadevida.com.ar\/portalurbano\/#website\",\"url\":\"https:\/\/experienciadevida.com.ar\/portalurbano\/\",\"name\":\"\",\"description\":\"\",\"publisher\":{\"@id\":\"https:\/\/experienciadevida.com.ar\/portalurbano\/#organization\"},\"potentialAction\":[{\"@type\":\"SearchAction\",\"target\":{\"@type\":\"EntryPoint\",\"urlTemplate\":\"https:\/\/experienciadevida.com.ar\/portalurbano\/?s={search_term_string}\"},\"query-input\":\"required name=search_term_string\"}],\"inLanguage\":\"es\"},{\"@type\":\"Organization\",\"@id\":\"https:\/\/experienciadevida.com.ar\/portalurbano\/#organization\",\"name\":\"Portal Urbano\",\"url\":\"https:\/\/experienciadevida.com.ar\/portalurbano\/\",\"logo\":{\"@type\":\"ImageObject\",\"inLanguage\":\"es\",\"@id\":\"https:\/\/experienciadevida.com.ar\/portalurbano\/#\/schema\/logo\/image\/\",\"url\":\"https:\/\/experienciadevida.com.ar\/portalurbano\/wp-content\/uploads\/2019\/09\/Logo-Original.png\",\"contentUrl\":\"https:\/\/experienciadevida.com.ar\/portalurbano\/wp-content\/uploads\/2019\/09\/Logo-Original.png\",\"width\":2236,\"height\":1216,\"caption\":\"Portal Urbano\"},\"image\":{\"@id\":\"https:\/\/experienciadevida.com.ar\/portalurbano\/#\/schema\/logo\/image\/\"},\"sameAs\":[\"https:\/\/www.facebook.com\/Portal-Urbano-171542830093757\/\",\"https:\/\/twitter.com\/portalurbanook\",\"https:\/\/www.instagram.com\/_portalurbano\/\",\"https:\/\/www.youtube.com\/channel\/UCXhagIfszH8KxFiOok79zbA?view_as=subscriber\"]},{\"@type\":\"Person\",\"@id\":\"https:\/\/experienciadevida.com.ar\/portalurbano\/#\/schema\/person\/02dd326b1c4b056e9cc972486934a3a7\",\"name\":\"admpu17wp\",\"image\":{\"@type\":\"ImageObject\",\"inLanguage\":\"es\",\"@id\":\"https:\/\/experienciadevida.com.ar\/portalurbano\/#\/schema\/person\/image\/\",\"url\":\"https:\/\/secure.gravatar.com\/avatar\/830d4c57adaae6630765e449a6908047?s=96&d=mm&r=g\",\"contentUrl\":\"https:\/\/secure.gravatar.com\/avatar\/830d4c57adaae6630765e449a6908047?s=96&d=mm&r=g\",\"caption\":\"admpu17wp\"}}]}<\/script>\n<!-- \/ Yoast SEO plugin. -->","yoast_head_json":{"title":"Julio Ben\u00edtez:\"vamos a volver a las clases en tanto las condiciones\"","description":"Julio Ben\u00edtez: \"vamos a volver a las clases en tanto las condiciones est\u00e9n dadas\". As\u00ed lo expres\u00f3 el Jefe distrital de educaci\u00f3n en entrevista","robots":{"index":"index","follow":"follow","max-snippet":"max-snippet:-1","max-image-preview":"max-image-preview:large","max-video-preview":"max-video-preview:-1"},"canonical":"https:\/\/experienciadevida.com.ar\/portalurbano\/julio-benitez-vamos-a-volver-a-las-clases-en-tanto-las-condiciones-esten-dadas\/","og_locale":"es_ES","og_type":"article","og_title":"Julio Ben\u00edtez:\"vamos a volver a las clases en tanto las condiciones\"","og_description":"Julio Ben\u00edtez: \"vamos a volver a las clases en tanto las condiciones est\u00e9n dadas\". As\u00ed lo expres\u00f3 el Jefe distrital de educaci\u00f3n en entrevista","og_url":"https:\/\/experienciadevida.com.ar\/portalurbano\/julio-benitez-vamos-a-volver-a-las-clases-en-tanto-las-condiciones-esten-dadas\/","article_publisher":"https:\/\/www.facebook.com\/Portal-Urbano-171542830093757\/","article_published_time":"2021-02-04T12:37:28+00:00","article_modified_time":"2021-02-04T12:39:03+00:00","og_image":[{"width":765,"height":609,"url":"https:\/\/experienciadevida.com.ar\/portalurbano\/wp-content\/uploads\/2021\/02\/69931610_607357373004056_3147417738918494208_o.jpg","type":"image\/jpeg"}],"author":"admpu17wp","twitter_card":"summary_large_image","twitter_creator":"@portalurbanook","twitter_site":"@portalurbanook","twitter_misc":{"Escrito por":"admpu17wp","Tiempo de lectura":"5 minutos"},"schema":{"@context":"https:\/\/schema.org","@graph":[{"@type":"Article","@id":"https:\/\/experienciadevida.com.ar\/portalurbano\/julio-benitez-vamos-a-volver-a-las-clases-en-tanto-las-condiciones-esten-dadas\/#article","isPartOf":{"@id":"https:\/\/experienciadevida.com.ar\/portalurbano\/julio-benitez-vamos-a-volver-a-las-clases-en-tanto-las-condiciones-esten-dadas\/"},"author":{"name":"admpu17wp","@id":"https:\/\/experienciadevida.com.ar\/portalurbano\/#\/schema\/person\/02dd326b1c4b056e9cc972486934a3a7"},"headline":"Julio Ben\u00edtez: &#8220;vamos a volver a las clases en tanto las condiciones est\u00e9n dadas&#8221;","datePublished":"2021-02-04T12:37:28+00:00","dateModified":"2021-02-04T12:39:03+00:00","mainEntityOfPage":{"@id":"https:\/\/experienciadevida.com.ar\/portalurbano\/julio-benitez-vamos-a-volver-a-las-clases-en-tanto-las-condiciones-esten-dadas\/"},"wordCount":1048,"publisher":{"@id":"https:\/\/experienciadevida.com.ar\/portalurbano\/#organization"},"articleSection":["Ciudad","Destacadas"],"inLanguage":"es"},{"@type":"WebPage","@id":"https:\/\/experienciadevida.com.ar\/portalurbano\/julio-benitez-vamos-a-volver-a-las-clases-en-tanto-las-condiciones-esten-dadas\/","url":"https:\/\/experienciadevida.com.ar\/portalurbano\/julio-benitez-vamos-a-volver-a-las-clases-en-tanto-las-condiciones-esten-dadas\/","name":"Julio Ben\u00edtez:\"vamos a volver a las clases en tanto las condiciones\"","isPartOf":{"@id":"https:\/\/experienciadevida.com.ar\/portalurbano\/#website"},"datePublished":"2021-02-04T12:37:28+00:00","dateModified":"2021-02-04T12:39:03+00:00","description":"Julio Ben\u00edtez: \"vamos a volver a las clases en tanto las condiciones est\u00e9n dadas\". As\u00ed lo expres\u00f3 el Jefe distrital de educaci\u00f3n en entrevista","breadcrumb":{"@id":"https:\/\/experienciadevida.com.ar\/portalurbano\/julio-benitez-vamos-a-volver-a-las-clases-en-tanto-las-condiciones-esten-dadas\/#breadcrumb"},"inLanguage":"es","potentialAction":[{"@type":"ReadAction","target":["https:\/\/experienciadevida.com.ar\/portalurbano\/julio-benitez-vamos-a-volver-a-las-clases-en-tanto-las-condiciones-esten-dadas\/"]}]},{"@type":"BreadcrumbList","@id":"https:\/\/experienciadevida.com.ar\/portalurbano\/julio-benitez-vamos-a-volver-a-las-clases-en-tanto-las-condiciones-esten-dadas\/#breadcrumb","itemListElement":[{"@type":"ListItem","position":1,"name":"Portada","item":"https:\/\/experienciadevida.com.ar\/portalurbano\/"},{"@type":"ListItem","position":2,"name":"Julio Ben\u00edtez: \u00abvamos a volver a las clases en tanto las condiciones est\u00e9n dadas\u00bb"}]},{"@type":"WebSite","@id":"https:\/\/experienciadevida.com.ar\/portalurbano\/#website","url":"https:\/\/experienciadevida.com.ar\/portalurbano\/","name":"","description":"","publisher":{"@id":"https:\/\/experienciadevida.com.ar\/portalurbano\/#organization"},"potentialAction":[{"@type":"SearchAction","target":{"@type":"EntryPoint","urlTemplate":"https:\/\/experienciadevida.com.ar\/portalurbano\/?s={search_term_string}"},"query-input":"required name=search_term_string"}],"inLanguage":"es"},{"@type":"Organization","@id":"https:\/\/experienciadevida.com.ar\/portalurbano\/#organization","name":"Portal Urbano","url":"https:\/\/experienciadevida.com.ar\/portalurbano\/","logo":{"@type":"ImageObject","inLanguage":"es","@id":"https:\/\/experienciadevida.com.ar\/portalurbano\/#\/schema\/logo\/image\/","url":"https:\/\/experienciadevida.com.ar\/portalurbano\/wp-content\/uploads\/2019\/09\/Logo-Original.png","contentUrl":"https:\/\/experienciadevida.com.ar\/portalurbano\/wp-content\/uploads\/2019\/09\/Logo-Original.png","width":2236,"height":1216,"caption":"Portal Urbano"},"image":{"@id":"https:\/\/experienciadevida.com.ar\/portalurbano\/#\/schema\/logo\/image\/"},"sameAs":["https:\/\/www.facebook.com\/Portal-Urbano-171542830093757\/","https:\/\/twitter.com\/portalurbanook","https:\/\/www.instagram.com\/_portalurbano\/","https:\/\/www.youtube.com\/channel\/UCXhagIfszH8KxFiOok79zbA?view_as=subscriber"]},{"@type":"Person","@id":"https:\/\/experienciadevida.com.ar\/portalurbano\/#\/schema\/person\/02dd326b1c4b056e9cc972486934a3a7","name":"admpu17wp","image":{"@type":"ImageObject","inLanguage":"es","@id":"https:\/\/experienciadevida.com.ar\/portalurbano\/#\/schema\/person\/image\/","url":"https:\/\/secure.gravatar.com\/avatar\/830d4c57adaae6630765e449a6908047?s=96&d=mm&r=g","contentUrl":"https:\/\/secure.gravatar.com\/avatar\/830d4c57adaae6630765e449a6908047?s=96&d=mm&r=g","caption":"admpu17wp"}}]}},"featured_image_urls":{"full":["https:\/\/experienciadevida.com.ar\/portalurbano\/wp-content\/uploads\/2021\/02\/69931610_607357373004056_3147417738918494208_o.jpg",765,609,false],"thumbnail":["https:\/\/experienciadevida.com.ar\/portalurbano\/wp-content\/uploads\/2021\/02\/69931610_607357373004056_3147417738918494208_o-150x150.jpg",150,150,true],"medium":["https:\/\/experienciadevida.com.ar\/portalurbano\/wp-content\/uploads\/2021\/02\/69931610_607357373004056_3147417738918494208_o-300x239.jpg",300,239,true],"medium_large":["https:\/\/experienciadevida.com.ar\/portalurbano\/wp-content\/uploads\/2021\/02\/69931610_607357373004056_3147417738918494208_o.jpg",640,509,false],"large":["https:\/\/experienciadevida.com.ar\/portalurbano\/wp-content\/uploads\/2021\/02\/69931610_607357373004056_3147417738918494208_o.jpg",640,509,false],"ug_big":["https:\/\/experienciadevida.com.ar\/portalurbano\/wp-content\/uploads\/2021\/02\/69931610_607357373004056_3147417738918494208_o.jpg",765,609,false],"1536x1536":["https:\/\/experienciadevida.com.ar\/portalurbano\/wp-content\/uploads\/2021\/02\/69931610_607357373004056_3147417738918494208_o.jpg",765,609,false],"2048x2048":["https:\/\/experienciadevida.com.ar\/portalurbano\/wp-content\/uploads\/2021\/02\/69931610_607357373004056_3147417738918494208_o.jpg",765,609,false],"newsever-slider-full":["https:\/\/experienciadevida.com.ar\/portalurbano\/wp-content\/uploads\/2021\/02\/69931610_607357373004056_3147417738918494208_o.jpg",765,609,false],"newsever-featured":["https:\/\/experienciadevida.com.ar\/portalurbano\/wp-content\/uploads\/2021\/02\/69931610_607357373004056_3147417738918494208_o.jpg",765,609,false],"newsever-medium":["https:\/\/experienciadevida.com.ar\/portalurbano\/wp-content\/uploads\/2021\/02\/69931610_607357373004056_3147417738918494208_o.jpg",597,475,false],"web-stories-poster-portrait":["https:\/\/experienciadevida.com.ar\/portalurbano\/wp-content\/uploads\/2021\/02\/69931610_607357373004056_3147417738918494208_o.jpg",640,509,false],"web-stories-publisher-logo":["https:\/\/experienciadevida.com.ar\/portalurbano\/wp-content\/uploads\/2021\/02\/69931610_607357373004056_3147417738918494208_o.jpg",96,76,false],"web-stories-thumbnail":["https:\/\/experienciadevida.com.ar\/portalurbano\/wp-content\/uploads\/2021\/02\/69931610_607357373004056_3147417738918494208_o.jpg",150,119,false]},"author_info":{"display_name":"admpu17wp","author_link":"https:\/\/experienciadevida.com.ar\/portalurbano\/author\/admpu17wp\/"},"category_info":"<a href=\"https:\/\/experienciadevida.com.ar\/portalurbano\/category\/ciudad\/\" rel=\"category tag\">Ciudad<\/a> <a href=\"https:\/\/experienciadevida.com.ar\/portalurbano\/category\/destacadas\/\" rel=\"category tag\">Destacadas<\/a>","tag_info":"Destacadas","comment_count":"0","amp_enabled":true,"_links":{"self":[{"href":"https:\/\/experienciadevida.com.ar\/portalurbano\/wp-json\/wp\/v2\/posts\/134254"}],"collection":[{"href":"https:\/\/experienciadevida.com.ar\/portalurbano\/wp-json\/wp\/v2\/posts"}],"about":[{"href":"https:\/\/experienciadevida.com.ar\/portalurbano\/wp-json\/wp\/v2\/types\/post"}],"author":[{"embeddable":true,"href":"https:\/\/experienciadevida.com.ar\/portalurbano\/wp-json\/wp\/v2\/users\/1"}],"replies":[{"embeddable":true,"href":"https:\/\/experienciadevida.com.ar\/portalurbano\/wp-json\/wp\/v2\/comments?post=134254"}],"version-history":[{"count":3,"href":"https:\/\/experienciadevida.com.ar\/portalurbano\/wp-json\/wp\/v2\/posts\/134254\/revisions"}],"predecessor-version":[{"id":134258,"href":"https:\/\/experienciadevida.com.ar\/portalurbano\/wp-json\/wp\/v2\/posts\/134254\/revisions\/134258"}],"wp:featuredmedia":[{"embeddable":true,"href":"https:\/\/experienciadevida.com.ar\/portalurbano\/wp-json\/wp\/v2\/media\/134255"}],"wp:attachment":[{"href":"https:\/\/experienciadevida.com.ar\/portalurbano\/wp-json\/wp\/v2\/media?parent=134254"}],"wp:term":[{"taxonomy":"category","embeddable":true,"href":"https:\/\/experienciadevida.com.ar\/portalurbano\/wp-json\/wp\/v2\/categories?post=134254"},{"taxonomy":"post_tag","embeddable":true,"href":"https:\/\/experienciadevida.com.ar\/portalurbano\/wp-json\/wp\/v2\/tags?post=134254"}],"curies":[{"name":"wp","href":"https:\/\/api.w.org\/{rel}","templated":true}]}}