{"id":134170,"date":"2021-02-03T11:13:17","date_gmt":"2021-02-03T14:13:17","guid":{"rendered":"https:\/\/experienciadevida.com.ar\/portalurbano\/?p=134170"},"modified":"2021-02-03T11:17:15","modified_gmt":"2021-02-03T14:17:15","slug":"celeste-arouxet-hablo-sobre-el-comienzo-del-ano-del-hcd-y-el-veto-del-cupo-laboral-trans","status":"publish","type":"post","link":"https:\/\/experienciadevida.com.ar\/portalurbano\/celeste-arouxet-hablo-sobre-el-comienzo-del-ano-del-hcd-y-el-veto-del-cupo-laboral-trans\/","title":{"rendered":"Celeste Arouxet habl\u00f3 sobre el comienzo del a\u00f1o del HCD y el veto del cupo laboral trans"},"content":{"rendered":"<p>La concejal del bloque de Radicales Juntos por el Cambio, <a href=\"https:\/\/www.facebook.com\/celeste.arouxet\">Celeste Arouxet<\/a>, habl\u00f3 sobre el comienzo del a\u00f1o en el Honorable Concejo Deliberante. Ya que en estos pocos d\u00edas se vet\u00f3 la ordenanza del cupo trans y el Ejecutivo decret\u00f3 la suba tributaria en funci\u00f3n del \u00edndice inflacionario del \u00faltimo semestre.<\/p>\n<p>Celeste Arouxet habl\u00f3 sobre el comienzo del a\u00f1o del HCD, \u00abtuvimos muchos reclamos en estos d\u00edas por el tema de los servicios urbanos y el agua, estamos viendo como seguimos con esos temas que hoy afectan el bolsillo de la gente y la calidad de vida, con la sorpresa del veto del cupo trans, en dos d\u00edas tuvimos muchas novedades en el concejo que no esper\u00e1bamos\u00bb.<\/p>\n<p>Ante esta respuesta se le consult\u00f3 \u00bfQu\u00e9 piensa el intendente de Olavarr\u00eda? Sabiendo que en estos momentos Galli se encuentra de vacaciones. Y respondi\u00f3: \u00ablas veces que me hago yo esa pregunta y no le encuentro respuesta, porque no piensa con la cabeza, falta empat\u00eda\u00bb.<\/p>\n<p>Celeste Arouxet &#8220;arrancamos con algunas sorpresas que no nos esper\u00e1bamos. En mi caso este mes estoy trabajando con Guillermo por la Licencia del Intendente, asumi\u00f3 Guillermo, como concejal durante un mes, trabajando los temas que hoy est\u00e1n perjudicando a la gente&#8221;.<\/p>\n<p>&#8220;Tuvimos muchos reclamos por los servicios urbanos, el tema del agua, estamos viendo como seguimos con esos temas que afectan el bolsillo del Olavarriense y tambi\u00e9n la calidad de vida en muchos casos. Con la sorpresa del veto de la ordenanza del cupo trans, en dos d\u00edas tuvimos muchas novedades en el HCD que no nos esper\u00e1bamos&#8221;.<\/p>\n<p>Por otro lado, &#8220;el tema de servicios urbanos tenemos muchas quejas porque hubo dos decretos que dict\u00f3 el Intendente uno que hablaba del aumento del 19,8% y hay otro decreto de unos d\u00edas posteriores a ese, 19 de enero\u00a0 donde se marca una actualizaci\u00f3n de los valores de servicios urbanos que hace que muchas facturas hayan llegado a un 35% de aumento no el 20%,\u00a0 estamos haciendo un informe para que nos expliquen la manera en que se liquidaron distintos sectores, porque hay diferentes maneras de liquidarse&#8221;.<\/p>\n<p>&#8220;En el segundo decreto donde ajusta las bases imponibles es un decreto donde el Intendente tiene a trav\u00e9s de las valuaciones fiscales ajusta lo que es la alicuota de servicios urbanos, pero m\u00e1s all\u00e1 de eso creo que no se est\u00e1 pensando en la gente. Hay mucha falta de empt\u00eda&#8221;.<\/p>\n<p>A su vez mencion\u00f3 &#8220;el Olavarriense paga todo, Olavarr\u00eda es una ciudad que apuesta a los Gobiernos y que haya esta respuesta es muy poco emp\u00e1tico. Hay falta de gesti\u00f3n, no les interesa la ayuda de la gente que quiere ayudarlos, se nota que la gente est\u00e1 en segundo plano&#8221;.<\/p>\n<p>&#8220;Espero que este a\u00f1o el HCD se ponga en el lugar de la gente,\u00a0 que son los que nos pagan los sueldos. Espero que sea un a\u00f1o que los concejales tomen con seriedad las cosas, porque el objetivo es ayudar a la gente&#8221;.<\/p>\n<p>Adem\u00e1s con respecto al cupo trans dijo &#8220;es una ordenanza que se trabaj\u00f3 mucho en el HCD, cuando nos comunican el veto no lo pod\u00edamos creer, era una ordenanza donde el 1% del personal municipal ocupar\u00eda el cupo trans, ten\u00eda determinados art\u00edculos que se fueron vetando y hoy son 10. Los puntos son muchos, en lo que respecta a la planta del Municipio, las facultades que tiene el DEM&#8221;.<\/p>\n<p>Al finalizar mencion\u00f3 &#8220;estamos trabajando sobre el aumento del agua. Hay muchas cosas en la agenda que se llegue a algo&#8221;.<\/p>\n<p>Fuente: Cadena 103<\/p>\n","protected":false},"excerpt":{"rendered":"<p>La concejal del bloque de Radicales Juntos por el Cambio, Celeste Arouxet, habl\u00f3 sobre el&#8230;<\/p>\n","protected":false},"author":1,"featured_media":120914,"comment_status":"closed","ping_status":"closed","sticky":false,"template":"","format":"standard","meta":{"content-type":""},"categories":[64,43],"tags":[],"nelio_content":{"isAutoShareEnabled":false,"autoShareEndMode":"default","automationSources":{"useContentSentences":true,"useSocialTemplates":true,"useCustomSentences":false,"customSentences":[]},"followers":[1],"suggestedReferences":[],"includedReferences":[],"efiUrl":"","efiAlt":"","highlights":[]},"yoast_head":"<!-- This site is optimized with the Yoast SEO plugin v20.7 - https:\/\/yoast.com\/wordpress\/plugins\/seo\/ -->\n<title>Celeste Arouxet habl\u00f3 sobre el comienzo del a\u00f1o del HCD y del cupo trans<\/title>\n<meta name=\"description\" content=\"Celeste Arouxet, habl\u00f3 sobre el comienzo del a\u00f1o en el Honorable Concejo Deliberante. Ya que se vet\u00f3 la ordenanza del cupo trans\" \/>\n<meta name=\"robots\" content=\"index, follow, max-snippet:-1, max-image-preview:large, max-video-preview:-1\" \/>\n<link rel=\"canonical\" href=\"https:\/\/experienciadevida.com.ar\/portalurbano\/celeste-arouxet-hablo-sobre-el-comienzo-del-ano-del-hcd-y-el-veto-del-cupo-laboral-trans\/\" \/>\n<meta property=\"og:locale\" content=\"es_ES\" \/>\n<meta property=\"og:type\" content=\"article\" \/>\n<meta property=\"og:title\" content=\"Celeste Arouxet habl\u00f3 sobre el comienzo del a\u00f1o del HCD y del cupo trans\" \/>\n<meta property=\"og:description\" content=\"Celeste Arouxet, habl\u00f3 sobre el comienzo del a\u00f1o en el Honorable Concejo Deliberante. Ya que se vet\u00f3 la ordenanza del cupo trans\" \/>\n<meta property=\"og:url\" content=\"https:\/\/experienciadevida.com.ar\/portalurbano\/celeste-arouxet-hablo-sobre-el-comienzo-del-ano-del-hcd-y-el-veto-del-cupo-laboral-trans\/\" \/>\n<meta property=\"article:publisher\" content=\"https:\/\/www.facebook.com\/Portal-Urbano-171542830093757\/\" \/>\n<meta property=\"article:published_time\" content=\"2021-02-03T14:13:17+00:00\" \/>\n<meta property=\"article:modified_time\" content=\"2021-02-03T14:17:15+00:00\" \/>\n<meta property=\"og:image\" content=\"https:\/\/experienciadevida.com.ar\/portalurbano\/wp-content\/uploads\/2020\/09\/Celeste-Arouxet.png\" \/>\n\t<meta property=\"og:image:width\" content=\"765\" \/>\n\t<meta property=\"og:image:height\" content=\"583\" \/>\n\t<meta property=\"og:image:type\" content=\"image\/png\" \/>\n<meta name=\"author\" content=\"admpu17wp\" \/>\n<meta name=\"twitter:card\" content=\"summary_large_image\" \/>\n<meta name=\"twitter:creator\" content=\"@portalurbanook\" \/>\n<meta name=\"twitter:site\" content=\"@portalurbanook\" \/>\n<meta name=\"twitter:label1\" content=\"Escrito por\" \/>\n\t<meta name=\"twitter:data1\" content=\"admpu17wp\" \/>\n\t<meta name=\"twitter:label2\" content=\"Tiempo de lectura\" \/>\n\t<meta name=\"twitter:data2\" content=\"3 minutos\" \/>\n<script type=\"application\/ld+json\" class=\"yoast-schema-graph\">{\"@context\":\"https:\/\/schema.org\",\"@graph\":[{\"@type\":\"Article\",\"@id\":\"https:\/\/experienciadevida.com.ar\/portalurbano\/celeste-arouxet-hablo-sobre-el-comienzo-del-ano-del-hcd-y-el-veto-del-cupo-laboral-trans\/#article\",\"isPartOf\":{\"@id\":\"https:\/\/experienciadevida.com.ar\/portalurbano\/celeste-arouxet-hablo-sobre-el-comienzo-del-ano-del-hcd-y-el-veto-del-cupo-laboral-trans\/\"},\"author\":{\"name\":\"admpu17wp\",\"@id\":\"https:\/\/experienciadevida.com.ar\/portalurbano\/#\/schema\/person\/02dd326b1c4b056e9cc972486934a3a7\"},\"headline\":\"Celeste Arouxet habl\u00f3 sobre el comienzo del a\u00f1o del HCD y el veto del cupo laboral trans\",\"datePublished\":\"2021-02-03T14:13:17+00:00\",\"dateModified\":\"2021-02-03T14:17:15+00:00\",\"mainEntityOfPage\":{\"@id\":\"https:\/\/experienciadevida.com.ar\/portalurbano\/celeste-arouxet-hablo-sobre-el-comienzo-del-ano-del-hcd-y-el-veto-del-cupo-laboral-trans\/\"},\"wordCount\":623,\"publisher\":{\"@id\":\"https:\/\/experienciadevida.com.ar\/portalurbano\/#organization\"},\"articleSection\":[\"Destacadas 2\",\"Pol\u00edtica\"],\"inLanguage\":\"es\"},{\"@type\":\"WebPage\",\"@id\":\"https:\/\/experienciadevida.com.ar\/portalurbano\/celeste-arouxet-hablo-sobre-el-comienzo-del-ano-del-hcd-y-el-veto-del-cupo-laboral-trans\/\",\"url\":\"https:\/\/experienciadevida.com.ar\/portalurbano\/celeste-arouxet-hablo-sobre-el-comienzo-del-ano-del-hcd-y-el-veto-del-cupo-laboral-trans\/\",\"name\":\"Celeste Arouxet habl\u00f3 sobre el comienzo del a\u00f1o del HCD y del cupo trans\",\"isPartOf\":{\"@id\":\"https:\/\/experienciadevida.com.ar\/portalurbano\/#website\"},\"datePublished\":\"2021-02-03T14:13:17+00:00\",\"dateModified\":\"2021-02-03T14:17:15+00:00\",\"description\":\"Celeste Arouxet, habl\u00f3 sobre el comienzo del a\u00f1o en el Honorable Concejo Deliberante. Ya que se vet\u00f3 la ordenanza del cupo trans\",\"breadcrumb\":{\"@id\":\"https:\/\/experienciadevida.com.ar\/portalurbano\/celeste-arouxet-hablo-sobre-el-comienzo-del-ano-del-hcd-y-el-veto-del-cupo-laboral-trans\/#breadcrumb\"},\"inLanguage\":\"es\",\"potentialAction\":[{\"@type\":\"ReadAction\",\"target\":[\"https:\/\/experienciadevida.com.ar\/portalurbano\/celeste-arouxet-hablo-sobre-el-comienzo-del-ano-del-hcd-y-el-veto-del-cupo-laboral-trans\/\"]}]},{\"@type\":\"BreadcrumbList\",\"@id\":\"https:\/\/experienciadevida.com.ar\/portalurbano\/celeste-arouxet-hablo-sobre-el-comienzo-del-ano-del-hcd-y-el-veto-del-cupo-laboral-trans\/#breadcrumb\",\"itemListElement\":[{\"@type\":\"ListItem\",\"position\":1,\"name\":\"Portada\",\"item\":\"https:\/\/experienciadevida.com.ar\/portalurbano\/\"},{\"@type\":\"ListItem\",\"position\":2,\"name\":\"Celeste Arouxet habl\u00f3 sobre el comienzo del a\u00f1o del HCD y el veto del cupo laboral trans\"}]},{\"@type\":\"WebSite\",\"@id\":\"https:\/\/experienciadevida.com.ar\/portalurbano\/#website\",\"url\":\"https:\/\/experienciadevida.com.ar\/portalurbano\/\",\"name\":\"\",\"description\":\"\",\"publisher\":{\"@id\":\"https:\/\/experienciadevida.com.ar\/portalurbano\/#organization\"},\"potentialAction\":[{\"@type\":\"SearchAction\",\"target\":{\"@type\":\"EntryPoint\",\"urlTemplate\":\"https:\/\/experienciadevida.com.ar\/portalurbano\/?s={search_term_string}\"},\"query-input\":\"required name=search_term_string\"}],\"inLanguage\":\"es\"},{\"@type\":\"Organization\",\"@id\":\"https:\/\/experienciadevida.com.ar\/portalurbano\/#organization\",\"name\":\"Portal Urbano\",\"url\":\"https:\/\/experienciadevida.com.ar\/portalurbano\/\",\"logo\":{\"@type\":\"ImageObject\",\"inLanguage\":\"es\",\"@id\":\"https:\/\/experienciadevida.com.ar\/portalurbano\/#\/schema\/logo\/image\/\",\"url\":\"https:\/\/experienciadevida.com.ar\/portalurbano\/wp-content\/uploads\/2019\/09\/Logo-Original.png\",\"contentUrl\":\"https:\/\/experienciadevida.com.ar\/portalurbano\/wp-content\/uploads\/2019\/09\/Logo-Original.png\",\"width\":2236,\"height\":1216,\"caption\":\"Portal Urbano\"},\"image\":{\"@id\":\"https:\/\/experienciadevida.com.ar\/portalurbano\/#\/schema\/logo\/image\/\"},\"sameAs\":[\"https:\/\/www.facebook.com\/Portal-Urbano-171542830093757\/\",\"https:\/\/twitter.com\/portalurbanook\",\"https:\/\/www.instagram.com\/_portalurbano\/\",\"https:\/\/www.youtube.com\/channel\/UCXhagIfszH8KxFiOok79zbA?view_as=subscriber\"]},{\"@type\":\"Person\",\"@id\":\"https:\/\/experienciadevida.com.ar\/portalurbano\/#\/schema\/person\/02dd326b1c4b056e9cc972486934a3a7\",\"name\":\"admpu17wp\",\"image\":{\"@type\":\"ImageObject\",\"inLanguage\":\"es\",\"@id\":\"https:\/\/experienciadevida.com.ar\/portalurbano\/#\/schema\/person\/image\/\",\"url\":\"https:\/\/secure.gravatar.com\/avatar\/830d4c57adaae6630765e449a6908047?s=96&d=mm&r=g\",\"contentUrl\":\"https:\/\/secure.gravatar.com\/avatar\/830d4c57adaae6630765e449a6908047?s=96&d=mm&r=g\",\"caption\":\"admpu17wp\"}}]}<\/script>\n<!-- \/ Yoast SEO plugin. -->","yoast_head_json":{"title":"Celeste Arouxet habl\u00f3 sobre el comienzo del a\u00f1o del HCD y del cupo trans","description":"Celeste Arouxet, habl\u00f3 sobre el comienzo del a\u00f1o en el Honorable Concejo Deliberante. Ya que se vet\u00f3 la ordenanza del cupo trans","robots":{"index":"index","follow":"follow","max-snippet":"max-snippet:-1","max-image-preview":"max-image-preview:large","max-video-preview":"max-video-preview:-1"},"canonical":"https:\/\/experienciadevida.com.ar\/portalurbano\/celeste-arouxet-hablo-sobre-el-comienzo-del-ano-del-hcd-y-el-veto-del-cupo-laboral-trans\/","og_locale":"es_ES","og_type":"article","og_title":"Celeste Arouxet habl\u00f3 sobre el comienzo del a\u00f1o del HCD y del cupo trans","og_description":"Celeste Arouxet, habl\u00f3 sobre el comienzo del a\u00f1o en el Honorable Concejo Deliberante. Ya que se vet\u00f3 la ordenanza del cupo trans","og_url":"https:\/\/experienciadevida.com.ar\/portalurbano\/celeste-arouxet-hablo-sobre-el-comienzo-del-ano-del-hcd-y-el-veto-del-cupo-laboral-trans\/","article_publisher":"https:\/\/www.facebook.com\/Portal-Urbano-171542830093757\/","article_published_time":"2021-02-03T14:13:17+00:00","article_modified_time":"2021-02-03T14:17:15+00:00","og_image":[{"width":765,"height":583,"url":"https:\/\/experienciadevida.com.ar\/portalurbano\/wp-content\/uploads\/2020\/09\/Celeste-Arouxet.png","type":"image\/png"}],"author":"admpu17wp","twitter_card":"summary_large_image","twitter_creator":"@portalurbanook","twitter_site":"@portalurbanook","twitter_misc":{"Escrito por":"admpu17wp","Tiempo de lectura":"3 minutos"},"schema":{"@context":"https:\/\/schema.org","@graph":[{"@type":"Article","@id":"https:\/\/experienciadevida.com.ar\/portalurbano\/celeste-arouxet-hablo-sobre-el-comienzo-del-ano-del-hcd-y-el-veto-del-cupo-laboral-trans\/#article","isPartOf":{"@id":"https:\/\/experienciadevida.com.ar\/portalurbano\/celeste-arouxet-hablo-sobre-el-comienzo-del-ano-del-hcd-y-el-veto-del-cupo-laboral-trans\/"},"author":{"name":"admpu17wp","@id":"https:\/\/experienciadevida.com.ar\/portalurbano\/#\/schema\/person\/02dd326b1c4b056e9cc972486934a3a7"},"headline":"Celeste Arouxet habl\u00f3 sobre el comienzo del a\u00f1o del HCD y el veto del cupo laboral trans","datePublished":"2021-02-03T14:13:17+00:00","dateModified":"2021-02-03T14:17:15+00:00","mainEntityOfPage":{"@id":"https:\/\/experienciadevida.com.ar\/portalurbano\/celeste-arouxet-hablo-sobre-el-comienzo-del-ano-del-hcd-y-el-veto-del-cupo-laboral-trans\/"},"wordCount":623,"publisher":{"@id":"https:\/\/experienciadevida.com.ar\/portalurbano\/#organization"},"articleSection":["Destacadas 2","Pol\u00edtica"],"inLanguage":"es"},{"@type":"WebPage","@id":"https:\/\/experienciadevida.com.ar\/portalurbano\/celeste-arouxet-hablo-sobre-el-comienzo-del-ano-del-hcd-y-el-veto-del-cupo-laboral-trans\/","url":"https:\/\/experienciadevida.com.ar\/portalurbano\/celeste-arouxet-hablo-sobre-el-comienzo-del-ano-del-hcd-y-el-veto-del-cupo-laboral-trans\/","name":"Celeste Arouxet habl\u00f3 sobre el comienzo del a\u00f1o del HCD y del cupo trans","isPartOf":{"@id":"https:\/\/experienciadevida.com.ar\/portalurbano\/#website"},"datePublished":"2021-02-03T14:13:17+00:00","dateModified":"2021-02-03T14:17:15+00:00","description":"Celeste Arouxet, habl\u00f3 sobre el comienzo del a\u00f1o en el Honorable Concejo Deliberante. Ya que se vet\u00f3 la ordenanza del cupo trans","breadcrumb":{"@id":"https:\/\/experienciadevida.com.ar\/portalurbano\/celeste-arouxet-hablo-sobre-el-comienzo-del-ano-del-hcd-y-el-veto-del-cupo-laboral-trans\/#breadcrumb"},"inLanguage":"es","potentialAction":[{"@type":"ReadAction","target":["https:\/\/experienciadevida.com.ar\/portalurbano\/celeste-arouxet-hablo-sobre-el-comienzo-del-ano-del-hcd-y-el-veto-del-cupo-laboral-trans\/"]}]},{"@type":"BreadcrumbList","@id":"https:\/\/experienciadevida.com.ar\/portalurbano\/celeste-arouxet-hablo-sobre-el-comienzo-del-ano-del-hcd-y-el-veto-del-cupo-laboral-trans\/#breadcrumb","itemListElement":[{"@type":"ListItem","position":1,"name":"Portada","item":"https:\/\/experienciadevida.com.ar\/portalurbano\/"},{"@type":"ListItem","position":2,"name":"Celeste Arouxet habl\u00f3 sobre el comienzo del a\u00f1o del HCD y el veto del cupo laboral trans"}]},{"@type":"WebSite","@id":"https:\/\/experienciadevida.com.ar\/portalurbano\/#website","url":"https:\/\/experienciadevida.com.ar\/portalurbano\/","name":"","description":"","publisher":{"@id":"https:\/\/experienciadevida.com.ar\/portalurbano\/#organization"},"potentialAction":[{"@type":"SearchAction","target":{"@type":"EntryPoint","urlTemplate":"https:\/\/experienciadevida.com.ar\/portalurbano\/?s={search_term_string}"},"query-input":"required name=search_term_string"}],"inLanguage":"es"},{"@type":"Organization","@id":"https:\/\/experienciadevida.com.ar\/portalurbano\/#organization","name":"Portal Urbano","url":"https:\/\/experienciadevida.com.ar\/portalurbano\/","logo":{"@type":"ImageObject","inLanguage":"es","@id":"https:\/\/experienciadevida.com.ar\/portalurbano\/#\/schema\/logo\/image\/","url":"https:\/\/experienciadevida.com.ar\/portalurbano\/wp-content\/uploads\/2019\/09\/Logo-Original.png","contentUrl":"https:\/\/experienciadevida.com.ar\/portalurbano\/wp-content\/uploads\/2019\/09\/Logo-Original.png","width":2236,"height":1216,"caption":"Portal Urbano"},"image":{"@id":"https:\/\/experienciadevida.com.ar\/portalurbano\/#\/schema\/logo\/image\/"},"sameAs":["https:\/\/www.facebook.com\/Portal-Urbano-171542830093757\/","https:\/\/twitter.com\/portalurbanook","https:\/\/www.instagram.com\/_portalurbano\/","https:\/\/www.youtube.com\/channel\/UCXhagIfszH8KxFiOok79zbA?view_as=subscriber"]},{"@type":"Person","@id":"https:\/\/experienciadevida.com.ar\/portalurbano\/#\/schema\/person\/02dd326b1c4b056e9cc972486934a3a7","name":"admpu17wp","image":{"@type":"ImageObject","inLanguage":"es","@id":"https:\/\/experienciadevida.com.ar\/portalurbano\/#\/schema\/person\/image\/","url":"https:\/\/secure.gravatar.com\/avatar\/830d4c57adaae6630765e449a6908047?s=96&d=mm&r=g","contentUrl":"https:\/\/secure.gravatar.com\/avatar\/830d4c57adaae6630765e449a6908047?s=96&d=mm&r=g","caption":"admpu17wp"}}]}},"featured_image_urls":{"full":["https:\/\/experienciadevida.com.ar\/portalurbano\/wp-content\/uploads\/2020\/09\/Celeste-Arouxet.png",765,583,false],"thumbnail":["https:\/\/experienciadevida.com.ar\/portalurbano\/wp-content\/uploads\/2020\/09\/Celeste-Arouxet-150x150.png",150,150,true],"medium":["https:\/\/experienciadevida.com.ar\/portalurbano\/wp-content\/uploads\/2020\/09\/Celeste-Arouxet-300x229.png",300,229,true],"medium_large":["https:\/\/experienciadevida.com.ar\/portalurbano\/wp-content\/uploads\/2020\/09\/Celeste-Arouxet.png",640,488,false],"large":["https:\/\/experienciadevida.com.ar\/portalurbano\/wp-content\/uploads\/2020\/09\/Celeste-Arouxet.png",640,488,false],"ug_big":["https:\/\/experienciadevida.com.ar\/portalurbano\/wp-content\/uploads\/2020\/09\/Celeste-Arouxet.png",765,583,false],"1536x1536":["https:\/\/experienciadevida.com.ar\/portalurbano\/wp-content\/uploads\/2020\/09\/Celeste-Arouxet.png",765,583,false],"2048x2048":["https:\/\/experienciadevida.com.ar\/portalurbano\/wp-content\/uploads\/2020\/09\/Celeste-Arouxet.png",765,583,false],"newsever-slider-full":["https:\/\/experienciadevida.com.ar\/portalurbano\/wp-content\/uploads\/2020\/09\/Celeste-Arouxet.png",765,583,false],"newsever-featured":["https:\/\/experienciadevida.com.ar\/portalurbano\/wp-content\/uploads\/2020\/09\/Celeste-Arouxet.png",765,583,false],"newsever-medium":["https:\/\/experienciadevida.com.ar\/portalurbano\/wp-content\/uploads\/2020\/09\/Celeste-Arouxet.png",623,475,false],"web-stories-poster-portrait":["https:\/\/experienciadevida.com.ar\/portalurbano\/wp-content\/uploads\/2020\/09\/Celeste-Arouxet.png",640,488,false],"web-stories-publisher-logo":["https:\/\/experienciadevida.com.ar\/portalurbano\/wp-content\/uploads\/2020\/09\/Celeste-Arouxet.png",96,73,false],"web-stories-thumbnail":["https:\/\/experienciadevida.com.ar\/portalurbano\/wp-content\/uploads\/2020\/09\/Celeste-Arouxet.png",150,114,false]},"author_info":{"display_name":"admpu17wp","author_link":"https:\/\/experienciadevida.com.ar\/portalurbano\/author\/admpu17wp\/"},"category_info":"<a href=\"https:\/\/experienciadevida.com.ar\/portalurbano\/category\/destacadas-2\/\" rel=\"category tag\">Destacadas 2<\/a> <a href=\"https:\/\/experienciadevida.com.ar\/portalurbano\/category\/politica\/\" rel=\"category tag\">Pol\u00edtica<\/a>","tag_info":"Pol\u00edtica","comment_count":"0","amp_enabled":true,"_links":{"self":[{"href":"https:\/\/experienciadevida.com.ar\/portalurbano\/wp-json\/wp\/v2\/posts\/134170"}],"collection":[{"href":"https:\/\/experienciadevida.com.ar\/portalurbano\/wp-json\/wp\/v2\/posts"}],"about":[{"href":"https:\/\/experienciadevida.com.ar\/portalurbano\/wp-json\/wp\/v2\/types\/post"}],"author":[{"embeddable":true,"href":"https:\/\/experienciadevida.com.ar\/portalurbano\/wp-json\/wp\/v2\/users\/1"}],"replies":[{"embeddable":true,"href":"https:\/\/experienciadevida.com.ar\/portalurbano\/wp-json\/wp\/v2\/comments?post=134170"}],"version-history":[{"count":3,"href":"https:\/\/experienciadevida.com.ar\/portalurbano\/wp-json\/wp\/v2\/posts\/134170\/revisions"}],"predecessor-version":[{"id":134173,"href":"https:\/\/experienciadevida.com.ar\/portalurbano\/wp-json\/wp\/v2\/posts\/134170\/revisions\/134173"}],"wp:featuredmedia":[{"embeddable":true,"href":"https:\/\/experienciadevida.com.ar\/portalurbano\/wp-json\/wp\/v2\/media\/120914"}],"wp:attachment":[{"href":"https:\/\/experienciadevida.com.ar\/portalurbano\/wp-json\/wp\/v2\/media?parent=134170"}],"wp:term":[{"taxonomy":"category","embeddable":true,"href":"https:\/\/experienciadevida.com.ar\/portalurbano\/wp-json\/wp\/v2\/categories?post=134170"},{"taxonomy":"post_tag","embeddable":true,"href":"https:\/\/experienciadevida.com.ar\/portalurbano\/wp-json\/wp\/v2\/tags?post=134170"}],"curies":[{"name":"wp","href":"https:\/\/api.w.org\/{rel}","templated":true}]}}