{"id":134165,"date":"2021-02-03T10:08:59","date_gmt":"2021-02-03T13:08:59","guid":{"rendered":"https:\/\/experienciadevida.com.ar\/portalurbano\/?p=134165"},"modified":"2021-02-03T10:13:33","modified_gmt":"2021-02-03T13:13:33","slug":"hicieron-efectiva-la-detencion-de-un-joven-tras-disturbios-en-el-b-nicolas-avellaneda","status":"publish","type":"post","link":"https:\/\/experienciadevida.com.ar\/portalurbano\/hicieron-efectiva-la-detencion-de-un-joven-tras-disturbios-en-el-b-nicolas-avellaneda\/","title":{"rendered":"Hicieron efectiva la detenci\u00f3n de un joven tras disturbios en el B\u00b0 Nicol\u00e1s Avellaneda"},"content":{"rendered":"<p>Hicieron efectiva la detenci\u00f3n de un joven tras disturbios en el B\u00b0 Nicol\u00e1s Avellaneda hay un joven de 20 a\u00f1os aprehendido.<\/p>\n<p>El Juzgado de Garant\u00edas n\u00b01 a cargo de la\u00a0 Doctora Fabiana San Rom\u00e1n hizo efectiva la detenci\u00f3n del joven de 20 a\u00f1os involucrados en varios sucesos en el barrio Nicol\u00e1s Avellaneda. En uno de ellos una mujer result\u00f3 herida de bala, quien tuvo que ser trasladada hacia el Hospital Municipal.<\/p>\n<p>El joven por el momento se encuentra alojado en la comisar\u00eda segunda aunque la decisi\u00f3n ser\u00e1 trasladarlo hacia otra sede.<\/p>\n<p><strong>Los hechos:\u00a0<\/strong><\/p>\n<p><a href=\"https:\/\/experienciadevida.com.ar\/portalurbano\/aprehendieron-a-un-joven-tras-una-confrontacion-vecinal-que-termino-con-una-mujer-herida\/\">Uno de los \u00faltimos hechos ocurrido en el barrio fue una confrontaci\u00f3n de vecinos que termin\u00f3 con una mujer herida<\/a> de arma de fuego en la zona de la espalda.<\/p>\n<p>Por los testimonios que pudieron recabar refieren que dos personas con armas largas, desde arriba de la v\u00eda, efectuaron varios disparos hacia los domicilios de la calle Aguilar y 14.<\/p>\n<p>Se efect\u00faan recorridas por Pringles y 14, logr\u00e1ndose la aprehensi\u00f3n de un joven de 20 a\u00f1os. Haci\u00e9ndose efectiva su deteci\u00f3n este mi\u00e9rcoles.<\/p>\n","protected":false},"excerpt":{"rendered":"<p>Hicieron efectiva la detenci\u00f3n de un joven tras disturbios en el B\u00b0 Nicol\u00e1s Avellaneda hay&#8230;<\/p>\n","protected":false},"author":1,"featured_media":133843,"comment_status":"closed","ping_status":"closed","sticky":false,"template":"","format":"standard","meta":{"content-type":""},"categories":[51,40],"tags":[],"nelio_content":{"isAutoShareEnabled":false,"autoShareEndMode":"default","automationSources":{"useContentSentences":true,"useSocialTemplates":true,"useCustomSentences":false,"customSentences":[]},"followers":[1],"suggestedReferences":[],"includedReferences":[],"efiUrl":"","efiAlt":"","highlights":[]},"yoast_head":"<!-- This site is optimized with the Yoast SEO plugin v20.7 - https:\/\/yoast.com\/wordpress\/plugins\/seo\/ -->\n<title>Hicieron efectiva la detenci\u00f3n de un joven tras disturbios en el Avellaneda<\/title>\n<meta name=\"description\" content=\"Hicieron efectiva la detenci\u00f3n de un joven tras disturbios en el B\u00b0 Nicol\u00e1s Avellaneda hay un joven de 20 a\u00f1os aprehendido.\" \/>\n<meta name=\"robots\" content=\"index, follow, max-snippet:-1, max-image-preview:large, max-video-preview:-1\" \/>\n<link rel=\"canonical\" href=\"https:\/\/experienciadevida.com.ar\/portalurbano\/hicieron-efectiva-la-detencion-de-un-joven-tras-disturbios-en-el-b-nicolas-avellaneda\/\" \/>\n<meta property=\"og:locale\" content=\"es_ES\" \/>\n<meta property=\"og:type\" content=\"article\" \/>\n<meta property=\"og:title\" content=\"Hicieron efectiva la detenci\u00f3n de un joven tras disturbios en el Avellaneda\" \/>\n<meta property=\"og:description\" content=\"Hicieron efectiva la detenci\u00f3n de un joven tras disturbios en el B\u00b0 Nicol\u00e1s Avellaneda hay un joven de 20 a\u00f1os aprehendido.\" \/>\n<meta property=\"og:url\" content=\"https:\/\/experienciadevida.com.ar\/portalurbano\/hicieron-efectiva-la-detencion-de-un-joven-tras-disturbios-en-el-b-nicolas-avellaneda\/\" \/>\n<meta property=\"article:publisher\" content=\"https:\/\/www.facebook.com\/Portal-Urbano-171542830093757\/\" \/>\n<meta property=\"article:published_time\" content=\"2021-02-03T13:08:59+00:00\" \/>\n<meta property=\"article:modified_time\" content=\"2021-02-03T13:13:33+00:00\" \/>\n<meta property=\"og:image\" content=\"https:\/\/experienciadevida.com.ar\/portalurbano\/wp-content\/uploads\/2021\/01\/Aprehendido.jpg\" \/>\n\t<meta property=\"og:image:width\" content=\"812\" \/>\n\t<meta property=\"og:image:height\" content=\"640\" \/>\n\t<meta property=\"og:image:type\" content=\"image\/jpeg\" \/>\n<meta name=\"author\" content=\"admpu17wp\" \/>\n<meta name=\"twitter:card\" content=\"summary_large_image\" \/>\n<meta name=\"twitter:creator\" content=\"@portalurbanook\" \/>\n<meta name=\"twitter:site\" content=\"@portalurbanook\" \/>\n<meta name=\"twitter:label1\" content=\"Escrito por\" \/>\n\t<meta name=\"twitter:data1\" content=\"admpu17wp\" \/>\n\t<meta name=\"twitter:label2\" content=\"Tiempo de lectura\" \/>\n\t<meta name=\"twitter:data2\" content=\"1 minuto\" \/>\n<script type=\"application\/ld+json\" class=\"yoast-schema-graph\">{\"@context\":\"https:\/\/schema.org\",\"@graph\":[{\"@type\":\"Article\",\"@id\":\"https:\/\/experienciadevida.com.ar\/portalurbano\/hicieron-efectiva-la-detencion-de-un-joven-tras-disturbios-en-el-b-nicolas-avellaneda\/#article\",\"isPartOf\":{\"@id\":\"https:\/\/experienciadevida.com.ar\/portalurbano\/hicieron-efectiva-la-detencion-de-un-joven-tras-disturbios-en-el-b-nicolas-avellaneda\/\"},\"author\":{\"name\":\"admpu17wp\",\"@id\":\"https:\/\/experienciadevida.com.ar\/portalurbano\/#\/schema\/person\/02dd326b1c4b056e9cc972486934a3a7\"},\"headline\":\"Hicieron efectiva la detenci\u00f3n de un joven tras disturbios en el B\u00b0 Nicol\u00e1s Avellaneda\",\"datePublished\":\"2021-02-03T13:08:59+00:00\",\"dateModified\":\"2021-02-03T13:13:33+00:00\",\"mainEntityOfPage\":{\"@id\":\"https:\/\/experienciadevida.com.ar\/portalurbano\/hicieron-efectiva-la-detencion-de-un-joven-tras-disturbios-en-el-b-nicolas-avellaneda\/\"},\"wordCount\":205,\"publisher\":{\"@id\":\"https:\/\/experienciadevida.com.ar\/portalurbano\/#organization\"},\"articleSection\":[\"Destacadas\",\"Policiales\"],\"inLanguage\":\"es\"},{\"@type\":\"WebPage\",\"@id\":\"https:\/\/experienciadevida.com.ar\/portalurbano\/hicieron-efectiva-la-detencion-de-un-joven-tras-disturbios-en-el-b-nicolas-avellaneda\/\",\"url\":\"https:\/\/experienciadevida.com.ar\/portalurbano\/hicieron-efectiva-la-detencion-de-un-joven-tras-disturbios-en-el-b-nicolas-avellaneda\/\",\"name\":\"Hicieron efectiva la detenci\u00f3n de un joven tras disturbios en el Avellaneda\",\"isPartOf\":{\"@id\":\"https:\/\/experienciadevida.com.ar\/portalurbano\/#website\"},\"datePublished\":\"2021-02-03T13:08:59+00:00\",\"dateModified\":\"2021-02-03T13:13:33+00:00\",\"description\":\"Hicieron efectiva la detenci\u00f3n de un joven tras disturbios en el B\u00b0 Nicol\u00e1s Avellaneda hay un joven de 20 a\u00f1os aprehendido.\",\"breadcrumb\":{\"@id\":\"https:\/\/experienciadevida.com.ar\/portalurbano\/hicieron-efectiva-la-detencion-de-un-joven-tras-disturbios-en-el-b-nicolas-avellaneda\/#breadcrumb\"},\"inLanguage\":\"es\",\"potentialAction\":[{\"@type\":\"ReadAction\",\"target\":[\"https:\/\/experienciadevida.com.ar\/portalurbano\/hicieron-efectiva-la-detencion-de-un-joven-tras-disturbios-en-el-b-nicolas-avellaneda\/\"]}]},{\"@type\":\"BreadcrumbList\",\"@id\":\"https:\/\/experienciadevida.com.ar\/portalurbano\/hicieron-efectiva-la-detencion-de-un-joven-tras-disturbios-en-el-b-nicolas-avellaneda\/#breadcrumb\",\"itemListElement\":[{\"@type\":\"ListItem\",\"position\":1,\"name\":\"Portada\",\"item\":\"https:\/\/experienciadevida.com.ar\/portalurbano\/\"},{\"@type\":\"ListItem\",\"position\":2,\"name\":\"Hicieron efectiva la detenci\u00f3n de un joven tras disturbios en el B\u00b0 Nicol\u00e1s Avellaneda\"}]},{\"@type\":\"WebSite\",\"@id\":\"https:\/\/experienciadevida.com.ar\/portalurbano\/#website\",\"url\":\"https:\/\/experienciadevida.com.ar\/portalurbano\/\",\"name\":\"\",\"description\":\"\",\"publisher\":{\"@id\":\"https:\/\/experienciadevida.com.ar\/portalurbano\/#organization\"},\"potentialAction\":[{\"@type\":\"SearchAction\",\"target\":{\"@type\":\"EntryPoint\",\"urlTemplate\":\"https:\/\/experienciadevida.com.ar\/portalurbano\/?s={search_term_string}\"},\"query-input\":\"required name=search_term_string\"}],\"inLanguage\":\"es\"},{\"@type\":\"Organization\",\"@id\":\"https:\/\/experienciadevida.com.ar\/portalurbano\/#organization\",\"name\":\"Portal Urbano\",\"url\":\"https:\/\/experienciadevida.com.ar\/portalurbano\/\",\"logo\":{\"@type\":\"ImageObject\",\"inLanguage\":\"es\",\"@id\":\"https:\/\/experienciadevida.com.ar\/portalurbano\/#\/schema\/logo\/image\/\",\"url\":\"https:\/\/experienciadevida.com.ar\/portalurbano\/wp-content\/uploads\/2019\/09\/Logo-Original.png\",\"contentUrl\":\"https:\/\/experienciadevida.com.ar\/portalurbano\/wp-content\/uploads\/2019\/09\/Logo-Original.png\",\"width\":2236,\"height\":1216,\"caption\":\"Portal Urbano\"},\"image\":{\"@id\":\"https:\/\/experienciadevida.com.ar\/portalurbano\/#\/schema\/logo\/image\/\"},\"sameAs\":[\"https:\/\/www.facebook.com\/Portal-Urbano-171542830093757\/\",\"https:\/\/twitter.com\/portalurbanook\",\"https:\/\/www.instagram.com\/_portalurbano\/\",\"https:\/\/www.youtube.com\/channel\/UCXhagIfszH8KxFiOok79zbA?view_as=subscriber\"]},{\"@type\":\"Person\",\"@id\":\"https:\/\/experienciadevida.com.ar\/portalurbano\/#\/schema\/person\/02dd326b1c4b056e9cc972486934a3a7\",\"name\":\"admpu17wp\",\"image\":{\"@type\":\"ImageObject\",\"inLanguage\":\"es\",\"@id\":\"https:\/\/experienciadevida.com.ar\/portalurbano\/#\/schema\/person\/image\/\",\"url\":\"https:\/\/secure.gravatar.com\/avatar\/830d4c57adaae6630765e449a6908047?s=96&d=mm&r=g\",\"contentUrl\":\"https:\/\/secure.gravatar.com\/avatar\/830d4c57adaae6630765e449a6908047?s=96&d=mm&r=g\",\"caption\":\"admpu17wp\"}}]}<\/script>\n<!-- \/ Yoast SEO plugin. -->","yoast_head_json":{"title":"Hicieron efectiva la detenci\u00f3n de un joven tras disturbios en el Avellaneda","description":"Hicieron efectiva la detenci\u00f3n de un joven tras disturbios en el B\u00b0 Nicol\u00e1s Avellaneda hay un joven de 20 a\u00f1os aprehendido.","robots":{"index":"index","follow":"follow","max-snippet":"max-snippet:-1","max-image-preview":"max-image-preview:large","max-video-preview":"max-video-preview:-1"},"canonical":"https:\/\/experienciadevida.com.ar\/portalurbano\/hicieron-efectiva-la-detencion-de-un-joven-tras-disturbios-en-el-b-nicolas-avellaneda\/","og_locale":"es_ES","og_type":"article","og_title":"Hicieron efectiva la detenci\u00f3n de un joven tras disturbios en el Avellaneda","og_description":"Hicieron efectiva la detenci\u00f3n de un joven tras disturbios en el B\u00b0 Nicol\u00e1s Avellaneda hay un joven de 20 a\u00f1os aprehendido.","og_url":"https:\/\/experienciadevida.com.ar\/portalurbano\/hicieron-efectiva-la-detencion-de-un-joven-tras-disturbios-en-el-b-nicolas-avellaneda\/","article_publisher":"https:\/\/www.facebook.com\/Portal-Urbano-171542830093757\/","article_published_time":"2021-02-03T13:08:59+00:00","article_modified_time":"2021-02-03T13:13:33+00:00","og_image":[{"width":812,"height":640,"url":"https:\/\/experienciadevida.com.ar\/portalurbano\/wp-content\/uploads\/2021\/01\/Aprehendido.jpg","type":"image\/jpeg"}],"author":"admpu17wp","twitter_card":"summary_large_image","twitter_creator":"@portalurbanook","twitter_site":"@portalurbanook","twitter_misc":{"Escrito por":"admpu17wp","Tiempo de lectura":"1 minuto"},"schema":{"@context":"https:\/\/schema.org","@graph":[{"@type":"Article","@id":"https:\/\/experienciadevida.com.ar\/portalurbano\/hicieron-efectiva-la-detencion-de-un-joven-tras-disturbios-en-el-b-nicolas-avellaneda\/#article","isPartOf":{"@id":"https:\/\/experienciadevida.com.ar\/portalurbano\/hicieron-efectiva-la-detencion-de-un-joven-tras-disturbios-en-el-b-nicolas-avellaneda\/"},"author":{"name":"admpu17wp","@id":"https:\/\/experienciadevida.com.ar\/portalurbano\/#\/schema\/person\/02dd326b1c4b056e9cc972486934a3a7"},"headline":"Hicieron efectiva la detenci\u00f3n de un joven tras disturbios en el B\u00b0 Nicol\u00e1s Avellaneda","datePublished":"2021-02-03T13:08:59+00:00","dateModified":"2021-02-03T13:13:33+00:00","mainEntityOfPage":{"@id":"https:\/\/experienciadevida.com.ar\/portalurbano\/hicieron-efectiva-la-detencion-de-un-joven-tras-disturbios-en-el-b-nicolas-avellaneda\/"},"wordCount":205,"publisher":{"@id":"https:\/\/experienciadevida.com.ar\/portalurbano\/#organization"},"articleSection":["Destacadas","Policiales"],"inLanguage":"es"},{"@type":"WebPage","@id":"https:\/\/experienciadevida.com.ar\/portalurbano\/hicieron-efectiva-la-detencion-de-un-joven-tras-disturbios-en-el-b-nicolas-avellaneda\/","url":"https:\/\/experienciadevida.com.ar\/portalurbano\/hicieron-efectiva-la-detencion-de-un-joven-tras-disturbios-en-el-b-nicolas-avellaneda\/","name":"Hicieron efectiva la detenci\u00f3n de un joven tras disturbios en el Avellaneda","isPartOf":{"@id":"https:\/\/experienciadevida.com.ar\/portalurbano\/#website"},"datePublished":"2021-02-03T13:08:59+00:00","dateModified":"2021-02-03T13:13:33+00:00","description":"Hicieron efectiva la detenci\u00f3n de un joven tras disturbios en el B\u00b0 Nicol\u00e1s Avellaneda hay un joven de 20 a\u00f1os aprehendido.","breadcrumb":{"@id":"https:\/\/experienciadevida.com.ar\/portalurbano\/hicieron-efectiva-la-detencion-de-un-joven-tras-disturbios-en-el-b-nicolas-avellaneda\/#breadcrumb"},"inLanguage":"es","potentialAction":[{"@type":"ReadAction","target":["https:\/\/experienciadevida.com.ar\/portalurbano\/hicieron-efectiva-la-detencion-de-un-joven-tras-disturbios-en-el-b-nicolas-avellaneda\/"]}]},{"@type":"BreadcrumbList","@id":"https:\/\/experienciadevida.com.ar\/portalurbano\/hicieron-efectiva-la-detencion-de-un-joven-tras-disturbios-en-el-b-nicolas-avellaneda\/#breadcrumb","itemListElement":[{"@type":"ListItem","position":1,"name":"Portada","item":"https:\/\/experienciadevida.com.ar\/portalurbano\/"},{"@type":"ListItem","position":2,"name":"Hicieron efectiva la detenci\u00f3n de un joven tras disturbios en el B\u00b0 Nicol\u00e1s Avellaneda"}]},{"@type":"WebSite","@id":"https:\/\/experienciadevida.com.ar\/portalurbano\/#website","url":"https:\/\/experienciadevida.com.ar\/portalurbano\/","name":"","description":"","publisher":{"@id":"https:\/\/experienciadevida.com.ar\/portalurbano\/#organization"},"potentialAction":[{"@type":"SearchAction","target":{"@type":"EntryPoint","urlTemplate":"https:\/\/experienciadevida.com.ar\/portalurbano\/?s={search_term_string}"},"query-input":"required name=search_term_string"}],"inLanguage":"es"},{"@type":"Organization","@id":"https:\/\/experienciadevida.com.ar\/portalurbano\/#organization","name":"Portal Urbano","url":"https:\/\/experienciadevida.com.ar\/portalurbano\/","logo":{"@type":"ImageObject","inLanguage":"es","@id":"https:\/\/experienciadevida.com.ar\/portalurbano\/#\/schema\/logo\/image\/","url":"https:\/\/experienciadevida.com.ar\/portalurbano\/wp-content\/uploads\/2019\/09\/Logo-Original.png","contentUrl":"https:\/\/experienciadevida.com.ar\/portalurbano\/wp-content\/uploads\/2019\/09\/Logo-Original.png","width":2236,"height":1216,"caption":"Portal Urbano"},"image":{"@id":"https:\/\/experienciadevida.com.ar\/portalurbano\/#\/schema\/logo\/image\/"},"sameAs":["https:\/\/www.facebook.com\/Portal-Urbano-171542830093757\/","https:\/\/twitter.com\/portalurbanook","https:\/\/www.instagram.com\/_portalurbano\/","https:\/\/www.youtube.com\/channel\/UCXhagIfszH8KxFiOok79zbA?view_as=subscriber"]},{"@type":"Person","@id":"https:\/\/experienciadevida.com.ar\/portalurbano\/#\/schema\/person\/02dd326b1c4b056e9cc972486934a3a7","name":"admpu17wp","image":{"@type":"ImageObject","inLanguage":"es","@id":"https:\/\/experienciadevida.com.ar\/portalurbano\/#\/schema\/person\/image\/","url":"https:\/\/secure.gravatar.com\/avatar\/830d4c57adaae6630765e449a6908047?s=96&d=mm&r=g","contentUrl":"https:\/\/secure.gravatar.com\/avatar\/830d4c57adaae6630765e449a6908047?s=96&d=mm&r=g","caption":"admpu17wp"}}]}},"featured_image_urls":{"full":["https:\/\/experienciadevida.com.ar\/portalurbano\/wp-content\/uploads\/2021\/01\/Aprehendido.jpg",812,640,false],"thumbnail":["https:\/\/experienciadevida.com.ar\/portalurbano\/wp-content\/uploads\/2021\/01\/Aprehendido-150x150.jpg",150,150,true],"medium":["https:\/\/experienciadevida.com.ar\/portalurbano\/wp-content\/uploads\/2021\/01\/Aprehendido-300x236.jpg",300,236,true],"medium_large":["https:\/\/experienciadevida.com.ar\/portalurbano\/wp-content\/uploads\/2021\/01\/Aprehendido-768x605.jpg",640,504,true],"large":["https:\/\/experienciadevida.com.ar\/portalurbano\/wp-content\/uploads\/2021\/01\/Aprehendido.jpg",640,504,false],"ug_big":["https:\/\/experienciadevida.com.ar\/portalurbano\/wp-content\/uploads\/2021\/01\/Aprehendido-768x605.jpg",768,605,true],"1536x1536":["https:\/\/experienciadevida.com.ar\/portalurbano\/wp-content\/uploads\/2021\/01\/Aprehendido.jpg",812,640,false],"2048x2048":["https:\/\/experienciadevida.com.ar\/portalurbano\/wp-content\/uploads\/2021\/01\/Aprehendido.jpg",812,640,false],"newsever-slider-full":["https:\/\/experienciadevida.com.ar\/portalurbano\/wp-content\/uploads\/2021\/01\/Aprehendido.jpg",812,640,false],"newsever-featured":["https:\/\/experienciadevida.com.ar\/portalurbano\/wp-content\/uploads\/2021\/01\/Aprehendido.jpg",812,640,false],"newsever-medium":["https:\/\/experienciadevida.com.ar\/portalurbano\/wp-content\/uploads\/2021\/01\/Aprehendido.jpg",603,475,false],"web-stories-poster-portrait":["https:\/\/experienciadevida.com.ar\/portalurbano\/wp-content\/uploads\/2021\/01\/Aprehendido.jpg",640,504,false],"web-stories-publisher-logo":["https:\/\/experienciadevida.com.ar\/portalurbano\/wp-content\/uploads\/2021\/01\/Aprehendido.jpg",96,76,false],"web-stories-thumbnail":["https:\/\/experienciadevida.com.ar\/portalurbano\/wp-content\/uploads\/2021\/01\/Aprehendido.jpg",150,118,false]},"author_info":{"display_name":"admpu17wp","author_link":"https:\/\/experienciadevida.com.ar\/portalurbano\/author\/admpu17wp\/"},"category_info":"<a href=\"https:\/\/experienciadevida.com.ar\/portalurbano\/category\/destacadas\/\" rel=\"category tag\">Destacadas<\/a> <a href=\"https:\/\/experienciadevida.com.ar\/portalurbano\/category\/policiales\/\" rel=\"category tag\">Policiales<\/a>","tag_info":"Policiales","comment_count":"0","amp_enabled":true,"_links":{"self":[{"href":"https:\/\/experienciadevida.com.ar\/portalurbano\/wp-json\/wp\/v2\/posts\/134165"}],"collection":[{"href":"https:\/\/experienciadevida.com.ar\/portalurbano\/wp-json\/wp\/v2\/posts"}],"about":[{"href":"https:\/\/experienciadevida.com.ar\/portalurbano\/wp-json\/wp\/v2\/types\/post"}],"author":[{"embeddable":true,"href":"https:\/\/experienciadevida.com.ar\/portalurbano\/wp-json\/wp\/v2\/users\/1"}],"replies":[{"embeddable":true,"href":"https:\/\/experienciadevida.com.ar\/portalurbano\/wp-json\/wp\/v2\/comments?post=134165"}],"version-history":[{"count":4,"href":"https:\/\/experienciadevida.com.ar\/portalurbano\/wp-json\/wp\/v2\/posts\/134165\/revisions"}],"predecessor-version":[{"id":134169,"href":"https:\/\/experienciadevida.com.ar\/portalurbano\/wp-json\/wp\/v2\/posts\/134165\/revisions\/134169"}],"wp:featuredmedia":[{"embeddable":true,"href":"https:\/\/experienciadevida.com.ar\/portalurbano\/wp-json\/wp\/v2\/media\/133843"}],"wp:attachment":[{"href":"https:\/\/experienciadevida.com.ar\/portalurbano\/wp-json\/wp\/v2\/media?parent=134165"}],"wp:term":[{"taxonomy":"category","embeddable":true,"href":"https:\/\/experienciadevida.com.ar\/portalurbano\/wp-json\/wp\/v2\/categories?post=134165"},{"taxonomy":"post_tag","embeddable":true,"href":"https:\/\/experienciadevida.com.ar\/portalurbano\/wp-json\/wp\/v2\/tags?post=134165"}],"curies":[{"name":"wp","href":"https:\/\/api.w.org\/{rel}","templated":true}]}}