{"id":134114,"date":"2021-02-02T17:42:27","date_gmt":"2021-02-02T20:42:27","guid":{"rendered":"https:\/\/experienciadevida.com.ar\/portalurbano\/?p=134114"},"modified":"2021-02-02T17:44:45","modified_gmt":"2021-02-02T20:44:45","slug":"el-municipio-autorizo-la-asamblea-general-de-coopelectric","status":"publish","type":"post","link":"https:\/\/experienciadevida.com.ar\/portalurbano\/el-municipio-autorizo-la-asamblea-general-de-coopelectric\/","title":{"rendered":"El Municipio autoriz\u00f3 la Asamblea General de Coopelectric"},"content":{"rendered":"<p>El Municipio autoriz\u00f3 la Asamblea General de Coopelectric. A trav\u00e9s del Decreto N\u00b0 3488\/20 la Municipalidad del Partido de Olavarr\u00eda autoriz\u00f3 a la Cooperativa Ltda. de Consumo de Electricidad y Servicios Anexos de Olavarr\u00eda (Coopelectric) a convocar a la Asamblea General Ordinaria correspondiente al Ejercicio finalizado el 30 de junio de 2020 bajo la aplicaci\u00f3n de estrictos protocolos de higiene, sanitizaci\u00f3n y distanciamiento de los participantes, quienes deber\u00e1n usar barbijo y respetar las medidas vigentes.<\/p>\n<p>El Municipio autoriz\u00f3 la Asamblea General de Coopelectric, la cantidad de participantes no podr\u00e1 ser superior al 30 % del factor ocupacional habilitado para el local donde se llevar\u00e1 a cabo.<\/p>\n<p>No obstante, en su Art. 2 expresa que \u201cla autorizaci\u00f3n conferida se encontrar\u00e1 condicionada a que el Comit\u00e9 de Crisis, con una antelaci\u00f3n no mayor a cinco d\u00edas, se expida favorablemente respeto a la factibilidad de realizaci\u00f3n de la Asamblea, de acuerdo al monitoreo permanente de las condiciones epidemiol\u00f3gicas del sistema de salud.<\/p>\n<p>Por otro lado, en virtud de los indicadores sanitarios actuales el Decreto N\u00b0 229\/21 emitido por la Municipalidad ha desestimado la presentaci\u00f3n a trav\u00e9s de la cual se solicitaba la convocatoria a Asamblea General de Distrito y la aprobaci\u00f3n de un protocolo sanitario a tal fin.<\/p>\n<p>Seg\u00fan este Decreto, ante la inexistencia de normativa espec\u00edfica dictada por el Instituto Nacional de Asociativismo y Econom\u00eda Social (INAES), la direcci\u00f3n de Asuntos Legales requiri\u00f3 a la Secretar\u00eda de Salud, en su car\u00e1cter de autoridad de aplicaci\u00f3n de las medidas de emergencia sanitaria, la evaluaci\u00f3n de la factibilidad de llevar adelante el acto eleccionario debido al requisito presencial de concurrencia de asociados que tal acto implicar\u00eda.<\/p>\n<p>En funci\u00f3n de ello, la Secretar\u00eda de Salud \u201cse expidi\u00f3 en el sentido de que no se encuentran dadas las condiciones sanitarias para llevar adelante el acto eleccionario propuesto\u201d.<\/p>\n<p>Cabe mencionar que de la Asamblea General Ordinaria participan los 88 Delegados Titulares &#8211; en tanto\u00a0 representantes de los asociados &#8211; a los efectos de evaluar la gesti\u00f3n realizada por el Consejo de Administraci\u00f3n a trav\u00e9s de la Memoria y el Balance correspondientes al \u00faltimo Ejercicio Econ\u00f3mico. En tanto, las elecciones podr\u00edan superar la participaci\u00f3n de 10 mil asociados.<\/p>\n","protected":false},"excerpt":{"rendered":"<p>El Municipio autoriz\u00f3 la Asamblea General de Coopelectric. A trav\u00e9s del Decreto N\u00b0 3488\/20 la&#8230;<\/p>\n","protected":false},"author":1,"featured_media":0,"comment_status":"closed","ping_status":"closed","sticky":false,"template":"","format":"standard","meta":{"content-type":""},"categories":[27,51],"tags":[],"nelio_content":{"isAutoShareEnabled":false,"autoShareEndMode":"default","automationSources":{"useContentSentences":true,"useSocialTemplates":true,"useCustomSentences":false,"customSentences":[]},"followers":[1],"suggestedReferences":[],"includedReferences":[],"efiUrl":"","efiAlt":"","highlights":[]},"yoast_head":"<!-- This site is optimized with the Yoast SEO plugin v20.7 - https:\/\/yoast.com\/wordpress\/plugins\/seo\/ -->\n<title>El Municipio autoriz\u00f3 la asamblea general de Coopelectric<\/title>\n<meta name=\"description\" content=\"El Municipio autoriz\u00f3 la Asamblea General de Coopelectric. A trav\u00e9s del Decreto N\u00b0 3488\/20, no se podr\u00e1n hacer elecciones pero s\u00ed asamblea.\" \/>\n<meta name=\"robots\" content=\"index, follow, max-snippet:-1, max-image-preview:large, max-video-preview:-1\" \/>\n<link rel=\"canonical\" href=\"https:\/\/experienciadevida.com.ar\/portalurbano\/el-municipio-autorizo-la-asamblea-general-de-coopelectric\/\" \/>\n<meta property=\"og:locale\" content=\"es_ES\" \/>\n<meta property=\"og:type\" content=\"article\" \/>\n<meta property=\"og:title\" content=\"El Municipio autoriz\u00f3 la asamblea general de Coopelectric\" \/>\n<meta property=\"og:description\" content=\"El Municipio autoriz\u00f3 la Asamblea General de Coopelectric. A trav\u00e9s del Decreto N\u00b0 3488\/20, no se podr\u00e1n hacer elecciones pero s\u00ed asamblea.\" \/>\n<meta property=\"og:url\" content=\"https:\/\/experienciadevida.com.ar\/portalurbano\/el-municipio-autorizo-la-asamblea-general-de-coopelectric\/\" \/>\n<meta property=\"article:publisher\" content=\"https:\/\/www.facebook.com\/Portal-Urbano-171542830093757\/\" \/>\n<meta property=\"article:published_time\" content=\"2021-02-02T20:42:27+00:00\" \/>\n<meta property=\"article:modified_time\" content=\"2021-02-02T20:44:45+00:00\" \/>\n<meta property=\"og:image\" content=\"https:\/\/experienciadevida.com.ar\/portalurbano\/wp-content\/uploads\/2018\/10\/PARO2-1.jpg\" \/>\n\t<meta property=\"og:image:width\" content=\"667\" \/>\n\t<meta property=\"og:image:height\" content=\"445\" \/>\n\t<meta property=\"og:image:type\" content=\"image\/jpeg\" \/>\n<meta name=\"author\" content=\"admpu17wp\" \/>\n<meta name=\"twitter:card\" content=\"summary_large_image\" \/>\n<meta name=\"twitter:creator\" content=\"@portalurbanook\" \/>\n<meta name=\"twitter:site\" content=\"@portalurbanook\" \/>\n<meta name=\"twitter:label1\" content=\"Escrito por\" \/>\n\t<meta name=\"twitter:data1\" content=\"admpu17wp\" \/>\n\t<meta name=\"twitter:label2\" content=\"Tiempo de lectura\" \/>\n\t<meta name=\"twitter:data2\" content=\"2 minutos\" \/>\n<script type=\"application\/ld+json\" class=\"yoast-schema-graph\">{\"@context\":\"https:\/\/schema.org\",\"@graph\":[{\"@type\":\"Article\",\"@id\":\"https:\/\/experienciadevida.com.ar\/portalurbano\/el-municipio-autorizo-la-asamblea-general-de-coopelectric\/#article\",\"isPartOf\":{\"@id\":\"https:\/\/experienciadevida.com.ar\/portalurbano\/el-municipio-autorizo-la-asamblea-general-de-coopelectric\/\"},\"author\":{\"name\":\"admpu17wp\",\"@id\":\"https:\/\/experienciadevida.com.ar\/portalurbano\/#\/schema\/person\/02dd326b1c4b056e9cc972486934a3a7\"},\"headline\":\"El Municipio autoriz\u00f3 la Asamblea General de Coopelectric\",\"datePublished\":\"2021-02-02T20:42:27+00:00\",\"dateModified\":\"2021-02-02T20:44:45+00:00\",\"mainEntityOfPage\":{\"@id\":\"https:\/\/experienciadevida.com.ar\/portalurbano\/el-municipio-autorizo-la-asamblea-general-de-coopelectric\/\"},\"wordCount\":390,\"publisher\":{\"@id\":\"https:\/\/experienciadevida.com.ar\/portalurbano\/#organization\"},\"articleSection\":[\"Ciudad\",\"Destacadas\"],\"inLanguage\":\"es\"},{\"@type\":\"WebPage\",\"@id\":\"https:\/\/experienciadevida.com.ar\/portalurbano\/el-municipio-autorizo-la-asamblea-general-de-coopelectric\/\",\"url\":\"https:\/\/experienciadevida.com.ar\/portalurbano\/el-municipio-autorizo-la-asamblea-general-de-coopelectric\/\",\"name\":\"El Municipio autoriz\u00f3 la asamblea general de Coopelectric\",\"isPartOf\":{\"@id\":\"https:\/\/experienciadevida.com.ar\/portalurbano\/#website\"},\"datePublished\":\"2021-02-02T20:42:27+00:00\",\"dateModified\":\"2021-02-02T20:44:45+00:00\",\"description\":\"El Municipio autoriz\u00f3 la Asamblea General de Coopelectric. A trav\u00e9s del Decreto N\u00b0 3488\/20, no se podr\u00e1n hacer elecciones pero s\u00ed asamblea.\",\"breadcrumb\":{\"@id\":\"https:\/\/experienciadevida.com.ar\/portalurbano\/el-municipio-autorizo-la-asamblea-general-de-coopelectric\/#breadcrumb\"},\"inLanguage\":\"es\",\"potentialAction\":[{\"@type\":\"ReadAction\",\"target\":[\"https:\/\/experienciadevida.com.ar\/portalurbano\/el-municipio-autorizo-la-asamblea-general-de-coopelectric\/\"]}]},{\"@type\":\"BreadcrumbList\",\"@id\":\"https:\/\/experienciadevida.com.ar\/portalurbano\/el-municipio-autorizo-la-asamblea-general-de-coopelectric\/#breadcrumb\",\"itemListElement\":[{\"@type\":\"ListItem\",\"position\":1,\"name\":\"Portada\",\"item\":\"https:\/\/experienciadevida.com.ar\/portalurbano\/\"},{\"@type\":\"ListItem\",\"position\":2,\"name\":\"El Municipio autoriz\u00f3 la Asamblea General de Coopelectric\"}]},{\"@type\":\"WebSite\",\"@id\":\"https:\/\/experienciadevida.com.ar\/portalurbano\/#website\",\"url\":\"https:\/\/experienciadevida.com.ar\/portalurbano\/\",\"name\":\"\",\"description\":\"\",\"publisher\":{\"@id\":\"https:\/\/experienciadevida.com.ar\/portalurbano\/#organization\"},\"potentialAction\":[{\"@type\":\"SearchAction\",\"target\":{\"@type\":\"EntryPoint\",\"urlTemplate\":\"https:\/\/experienciadevida.com.ar\/portalurbano\/?s={search_term_string}\"},\"query-input\":\"required name=search_term_string\"}],\"inLanguage\":\"es\"},{\"@type\":\"Organization\",\"@id\":\"https:\/\/experienciadevida.com.ar\/portalurbano\/#organization\",\"name\":\"Portal Urbano\",\"url\":\"https:\/\/experienciadevida.com.ar\/portalurbano\/\",\"logo\":{\"@type\":\"ImageObject\",\"inLanguage\":\"es\",\"@id\":\"https:\/\/experienciadevida.com.ar\/portalurbano\/#\/schema\/logo\/image\/\",\"url\":\"https:\/\/experienciadevida.com.ar\/portalurbano\/wp-content\/uploads\/2019\/09\/Logo-Original.png\",\"contentUrl\":\"https:\/\/experienciadevida.com.ar\/portalurbano\/wp-content\/uploads\/2019\/09\/Logo-Original.png\",\"width\":2236,\"height\":1216,\"caption\":\"Portal Urbano\"},\"image\":{\"@id\":\"https:\/\/experienciadevida.com.ar\/portalurbano\/#\/schema\/logo\/image\/\"},\"sameAs\":[\"https:\/\/www.facebook.com\/Portal-Urbano-171542830093757\/\",\"https:\/\/twitter.com\/portalurbanook\",\"https:\/\/www.instagram.com\/_portalurbano\/\",\"https:\/\/www.youtube.com\/channel\/UCXhagIfszH8KxFiOok79zbA?view_as=subscriber\"]},{\"@type\":\"Person\",\"@id\":\"https:\/\/experienciadevida.com.ar\/portalurbano\/#\/schema\/person\/02dd326b1c4b056e9cc972486934a3a7\",\"name\":\"admpu17wp\",\"image\":{\"@type\":\"ImageObject\",\"inLanguage\":\"es\",\"@id\":\"https:\/\/experienciadevida.com.ar\/portalurbano\/#\/schema\/person\/image\/\",\"url\":\"https:\/\/secure.gravatar.com\/avatar\/830d4c57adaae6630765e449a6908047?s=96&d=mm&r=g\",\"contentUrl\":\"https:\/\/secure.gravatar.com\/avatar\/830d4c57adaae6630765e449a6908047?s=96&d=mm&r=g\",\"caption\":\"admpu17wp\"}}]}<\/script>\n<!-- \/ Yoast SEO plugin. -->","yoast_head_json":{"title":"El Municipio autoriz\u00f3 la asamblea general de Coopelectric","description":"El Municipio autoriz\u00f3 la Asamblea General de Coopelectric. A trav\u00e9s del Decreto N\u00b0 3488\/20, no se podr\u00e1n hacer elecciones pero s\u00ed asamblea.","robots":{"index":"index","follow":"follow","max-snippet":"max-snippet:-1","max-image-preview":"max-image-preview:large","max-video-preview":"max-video-preview:-1"},"canonical":"https:\/\/experienciadevida.com.ar\/portalurbano\/el-municipio-autorizo-la-asamblea-general-de-coopelectric\/","og_locale":"es_ES","og_type":"article","og_title":"El Municipio autoriz\u00f3 la asamblea general de Coopelectric","og_description":"El Municipio autoriz\u00f3 la Asamblea General de Coopelectric. A trav\u00e9s del Decreto N\u00b0 3488\/20, no se podr\u00e1n hacer elecciones pero s\u00ed asamblea.","og_url":"https:\/\/experienciadevida.com.ar\/portalurbano\/el-municipio-autorizo-la-asamblea-general-de-coopelectric\/","article_publisher":"https:\/\/www.facebook.com\/Portal-Urbano-171542830093757\/","article_published_time":"2021-02-02T20:42:27+00:00","article_modified_time":"2021-02-02T20:44:45+00:00","og_image":[{"width":667,"height":445,"url":"https:\/\/experienciadevida.com.ar\/portalurbano\/wp-content\/uploads\/2018\/10\/PARO2-1.jpg","type":"image\/jpeg"}],"author":"admpu17wp","twitter_card":"summary_large_image","twitter_creator":"@portalurbanook","twitter_site":"@portalurbanook","twitter_misc":{"Escrito por":"admpu17wp","Tiempo de lectura":"2 minutos"},"schema":{"@context":"https:\/\/schema.org","@graph":[{"@type":"Article","@id":"https:\/\/experienciadevida.com.ar\/portalurbano\/el-municipio-autorizo-la-asamblea-general-de-coopelectric\/#article","isPartOf":{"@id":"https:\/\/experienciadevida.com.ar\/portalurbano\/el-municipio-autorizo-la-asamblea-general-de-coopelectric\/"},"author":{"name":"admpu17wp","@id":"https:\/\/experienciadevida.com.ar\/portalurbano\/#\/schema\/person\/02dd326b1c4b056e9cc972486934a3a7"},"headline":"El Municipio autoriz\u00f3 la Asamblea General de Coopelectric","datePublished":"2021-02-02T20:42:27+00:00","dateModified":"2021-02-02T20:44:45+00:00","mainEntityOfPage":{"@id":"https:\/\/experienciadevida.com.ar\/portalurbano\/el-municipio-autorizo-la-asamblea-general-de-coopelectric\/"},"wordCount":390,"publisher":{"@id":"https:\/\/experienciadevida.com.ar\/portalurbano\/#organization"},"articleSection":["Ciudad","Destacadas"],"inLanguage":"es"},{"@type":"WebPage","@id":"https:\/\/experienciadevida.com.ar\/portalurbano\/el-municipio-autorizo-la-asamblea-general-de-coopelectric\/","url":"https:\/\/experienciadevida.com.ar\/portalurbano\/el-municipio-autorizo-la-asamblea-general-de-coopelectric\/","name":"El Municipio autoriz\u00f3 la asamblea general de Coopelectric","isPartOf":{"@id":"https:\/\/experienciadevida.com.ar\/portalurbano\/#website"},"datePublished":"2021-02-02T20:42:27+00:00","dateModified":"2021-02-02T20:44:45+00:00","description":"El Municipio autoriz\u00f3 la Asamblea General de Coopelectric. A trav\u00e9s del Decreto N\u00b0 3488\/20, no se podr\u00e1n hacer elecciones pero s\u00ed asamblea.","breadcrumb":{"@id":"https:\/\/experienciadevida.com.ar\/portalurbano\/el-municipio-autorizo-la-asamblea-general-de-coopelectric\/#breadcrumb"},"inLanguage":"es","potentialAction":[{"@type":"ReadAction","target":["https:\/\/experienciadevida.com.ar\/portalurbano\/el-municipio-autorizo-la-asamblea-general-de-coopelectric\/"]}]},{"@type":"BreadcrumbList","@id":"https:\/\/experienciadevida.com.ar\/portalurbano\/el-municipio-autorizo-la-asamblea-general-de-coopelectric\/#breadcrumb","itemListElement":[{"@type":"ListItem","position":1,"name":"Portada","item":"https:\/\/experienciadevida.com.ar\/portalurbano\/"},{"@type":"ListItem","position":2,"name":"El Municipio autoriz\u00f3 la Asamblea General de Coopelectric"}]},{"@type":"WebSite","@id":"https:\/\/experienciadevida.com.ar\/portalurbano\/#website","url":"https:\/\/experienciadevida.com.ar\/portalurbano\/","name":"","description":"","publisher":{"@id":"https:\/\/experienciadevida.com.ar\/portalurbano\/#organization"},"potentialAction":[{"@type":"SearchAction","target":{"@type":"EntryPoint","urlTemplate":"https:\/\/experienciadevida.com.ar\/portalurbano\/?s={search_term_string}"},"query-input":"required name=search_term_string"}],"inLanguage":"es"},{"@type":"Organization","@id":"https:\/\/experienciadevida.com.ar\/portalurbano\/#organization","name":"Portal Urbano","url":"https:\/\/experienciadevida.com.ar\/portalurbano\/","logo":{"@type":"ImageObject","inLanguage":"es","@id":"https:\/\/experienciadevida.com.ar\/portalurbano\/#\/schema\/logo\/image\/","url":"https:\/\/experienciadevida.com.ar\/portalurbano\/wp-content\/uploads\/2019\/09\/Logo-Original.png","contentUrl":"https:\/\/experienciadevida.com.ar\/portalurbano\/wp-content\/uploads\/2019\/09\/Logo-Original.png","width":2236,"height":1216,"caption":"Portal Urbano"},"image":{"@id":"https:\/\/experienciadevida.com.ar\/portalurbano\/#\/schema\/logo\/image\/"},"sameAs":["https:\/\/www.facebook.com\/Portal-Urbano-171542830093757\/","https:\/\/twitter.com\/portalurbanook","https:\/\/www.instagram.com\/_portalurbano\/","https:\/\/www.youtube.com\/channel\/UCXhagIfszH8KxFiOok79zbA?view_as=subscriber"]},{"@type":"Person","@id":"https:\/\/experienciadevida.com.ar\/portalurbano\/#\/schema\/person\/02dd326b1c4b056e9cc972486934a3a7","name":"admpu17wp","image":{"@type":"ImageObject","inLanguage":"es","@id":"https:\/\/experienciadevida.com.ar\/portalurbano\/#\/schema\/person\/image\/","url":"https:\/\/secure.gravatar.com\/avatar\/830d4c57adaae6630765e449a6908047?s=96&d=mm&r=g","contentUrl":"https:\/\/secure.gravatar.com\/avatar\/830d4c57adaae6630765e449a6908047?s=96&d=mm&r=g","caption":"admpu17wp"}}]}},"featured_image_urls":{"full":"","thumbnail":"","medium":"","medium_large":"","large":"","ug_big":"","1536x1536":"","2048x2048":"","newsever-slider-full":"","newsever-featured":"","newsever-medium":"","web-stories-poster-portrait":"","web-stories-publisher-logo":"","web-stories-thumbnail":""},"author_info":{"display_name":"admpu17wp","author_link":"https:\/\/experienciadevida.com.ar\/portalurbano\/author\/admpu17wp\/"},"category_info":"<a href=\"https:\/\/experienciadevida.com.ar\/portalurbano\/category\/ciudad\/\" rel=\"category tag\">Ciudad<\/a> <a href=\"https:\/\/experienciadevida.com.ar\/portalurbano\/category\/destacadas\/\" rel=\"category tag\">Destacadas<\/a>","tag_info":"Destacadas","comment_count":"0","amp_enabled":true,"_links":{"self":[{"href":"https:\/\/experienciadevida.com.ar\/portalurbano\/wp-json\/wp\/v2\/posts\/134114"}],"collection":[{"href":"https:\/\/experienciadevida.com.ar\/portalurbano\/wp-json\/wp\/v2\/posts"}],"about":[{"href":"https:\/\/experienciadevida.com.ar\/portalurbano\/wp-json\/wp\/v2\/types\/post"}],"author":[{"embeddable":true,"href":"https:\/\/experienciadevida.com.ar\/portalurbano\/wp-json\/wp\/v2\/users\/1"}],"replies":[{"embeddable":true,"href":"https:\/\/experienciadevida.com.ar\/portalurbano\/wp-json\/wp\/v2\/comments?post=134114"}],"version-history":[{"count":4,"href":"https:\/\/experienciadevida.com.ar\/portalurbano\/wp-json\/wp\/v2\/posts\/134114\/revisions"}],"predecessor-version":[{"id":134118,"href":"https:\/\/experienciadevida.com.ar\/portalurbano\/wp-json\/wp\/v2\/posts\/134114\/revisions\/134118"}],"wp:attachment":[{"href":"https:\/\/experienciadevida.com.ar\/portalurbano\/wp-json\/wp\/v2\/media?parent=134114"}],"wp:term":[{"taxonomy":"category","embeddable":true,"href":"https:\/\/experienciadevida.com.ar\/portalurbano\/wp-json\/wp\/v2\/categories?post=134114"},{"taxonomy":"post_tag","embeddable":true,"href":"https:\/\/experienciadevida.com.ar\/portalurbano\/wp-json\/wp\/v2\/tags?post=134114"}],"curies":[{"name":"wp","href":"https:\/\/api.w.org\/{rel}","templated":true}]}}